{"id":170272,"date":"2022-06-27T20:26:46","date_gmt":"2022-06-27T23:26:46","guid":{"rendered":"https:\/\/experienciadevida.com.ar\/portalurbano\/?p=170272"},"modified":"2022-06-27T20:28:54","modified_gmt":"2022-06-27T23:28:54","slug":"sergio-feoli-destaco-el-rol-de-cnrt-olavarria-en-el-aniversario-del-organismo","status":"publish","type":"post","link":"https:\/\/experienciadevida.com.ar\/portalurbano\/sergio-feoli-destaco-el-rol-de-cnrt-olavarria-en-el-aniversario-del-organismo\/","title":{"rendered":"Sergio Feoli destac\u00f3 el rol de CNRT Olavarr\u00eda en el aniversario del organismo"},"content":{"rendered":"<p>Sergio Feoli, el Subdelegado de la Comisi\u00f3n Nacional de Regulaci\u00f3n del Transporte (CNRT) en Olavarr\u00eda destac\u00f3 el rol del organismo a 26 a\u00f1os de su creaci\u00f3n. A su vez, puso en valor el trabajo de otros organismos nacionales en el marco del D\u00eda del Empleado Estatal.<\/p>\n<p>El pasado 24 de junio la Comisi\u00f3n Nacional de Regulaci\u00f3n del Transporte (CNRT) celebr\u00f3 26 a\u00f1os de vida, desde su creaci\u00f3n en 1996. Sergio Feoli, subdelegado de CNRT en Olavarr\u00eda, puso en valor el rol del organismo y realiz\u00f3 un positivo balance del trabajo que vienen realizando en la zona.<\/p>\n<p>Feoli destac\u00f3 el rol de CNRT, que en nuestra ciudad lleva m\u00e1s de un a\u00f1o y medio en funcionamiento, realizando controles en Olavarr\u00eda y la regi\u00f3n.<\/p>\n<p>\u201cNuestro rol es controlar para que los pasajeros y pasajeras viajen de forma segura y que cada servicio cumpla con los requisitos exigidos. Tambi\u00e9n, venimos realizando una fuerte concientizaci\u00f3n antes de la partida de cada viaje respecto al uso obligatorio del cintur\u00f3n de seguridad durante todo el trayecto\u201d, asegur\u00f3.<\/p>\n<p>Seg\u00fan explic\u00f3 el Subdelegado de CNRT Olavarr\u00eda \u201cen los operativos se controla que el transporte de pasajeros y de cargas circule con los permisos correspondientes, que cuenten con la RTO (Revisi\u00f3n T\u00e9cnica Obligatoria), que los conductores tengan su Licencia Nacional de Transporte Interjurisdiccional (LiNTI) y el descanso correspondiente entre cada viaje\u201d.<\/p>\n<p>Adem\u00e1s, indic\u00f3 la importancia de trabajar en los operativos de manera conjunta con otros entes gubernamentales como la Agencia Nacional de Seguridad Vial y fuerzas de seguridad como Gendarmer\u00eda y Polic\u00eda, entre<br \/>\notras. De esta manera, en cada operativo se aborda de manera integral a veh\u00edculos particulares y micros.<\/p>\n<p>Por el D\u00eda del Empleado Estatal, el cual se celebra cada 27 de junio, Sergio Feoli hizo \u00e9nfasis y agradeci\u00f3 \u201cel trabajo que cada empleado de cada organismo del Estado lleva adelante, en especial aquellos que abogan por la seguridad vial en nuestras ciudades y rutas\u201d.<\/p>\n","protected":false},"excerpt":{"rendered":"<p>Sergio Feoli, el Subdelegado de la Comisi\u00f3n Nacional de Regulaci\u00f3n del Transporte (CNRT) en Olavarr\u00eda&#8230;<\/p>\n","protected":false},"author":1,"featured_media":170273,"comment_status":"closed","ping_status":"closed","sticky":false,"template":"","format":"standard","meta":{"content-type":""},"categories":[27,51],"tags":[],"nelio_content":{"isAutoShareEnabled":false,"autoShareEndMode":"default","automationSources":{"useContentSentences":true,"useSocialTemplates":true,"useCustomSentences":false,"customSentences":[]},"followers":[1],"suggestedReferences":[],"includedReferences":[],"efiUrl":"","efiAlt":"","highlights":[]},"yoast_head":"<!-- This site is optimized with the Yoast SEO plugin v20.7 - https:\/\/yoast.com\/wordpress\/plugins\/seo\/ -->\n<title>Sergio Feoli destac\u00f3 el rol de CNRTen el aniversario del organismo<\/title>\n<meta name=\"description\" content=\"Sergio Feoli, el Subdelegado de la Comisi\u00f3n Nacional de Regulaci\u00f3n del Transporte (CNRT) en Olavarr\u00eda destac\u00f3 el rol del organismo a 26 a\u00f1os de su creaci\u00f3n.\" \/>\n<meta name=\"robots\" content=\"index, follow, max-snippet:-1, max-image-preview:large, max-video-preview:-1\" \/>\n<link rel=\"canonical\" href=\"https:\/\/experienciadevida.com.ar\/portalurbano\/sergio-feoli-destaco-el-rol-de-cnrt-olavarria-en-el-aniversario-del-organismo\/\" \/>\n<meta property=\"og:locale\" content=\"es_ES\" \/>\n<meta property=\"og:type\" content=\"article\" \/>\n<meta property=\"og:title\" content=\"Sergio Feoli destac\u00f3 el rol de CNRTen el aniversario del organismo\" \/>\n<meta property=\"og:description\" content=\"Sergio Feoli, el Subdelegado de la Comisi\u00f3n Nacional de Regulaci\u00f3n del Transporte (CNRT) en Olavarr\u00eda destac\u00f3 el rol del organismo a 26 a\u00f1os de su creaci\u00f3n.\" \/>\n<meta property=\"og:url\" content=\"https:\/\/experienciadevida.com.ar\/portalurbano\/sergio-feoli-destaco-el-rol-de-cnrt-olavarria-en-el-aniversario-del-organismo\/\" \/>\n<meta property=\"article:publisher\" content=\"https:\/\/www.facebook.com\/Portal-Urbano-171542830093757\/\" \/>\n<meta property=\"article:published_time\" content=\"2022-06-27T23:26:46+00:00\" \/>\n<meta property=\"article:modified_time\" content=\"2022-06-27T23:28:54+00:00\" \/>\n<meta property=\"og:image\" content=\"https:\/\/experienciadevida.com.ar\/portalurbano\/wp-content\/uploads\/2022\/06\/Sergio-Feoli.jpg\" \/>\n\t<meta property=\"og:image:width\" content=\"800\" \/>\n\t<meta property=\"og:image:height\" content=\"500\" \/>\n\t<meta property=\"og:image:type\" content=\"image\/jpeg\" \/>\n<meta name=\"author\" content=\"admpu17wp\" \/>\n<meta name=\"twitter:card\" content=\"summary_large_image\" \/>\n<meta name=\"twitter:creator\" content=\"@portalurbanook\" \/>\n<meta name=\"twitter:site\" content=\"@portalurbanook\" \/>\n<meta name=\"twitter:label1\" content=\"Escrito por\" \/>\n\t<meta name=\"twitter:data1\" content=\"admpu17wp\" \/>\n\t<meta name=\"twitter:label2\" content=\"Tiempo de lectura\" \/>\n\t<meta name=\"twitter:data2\" content=\"2 minutos\" \/>\n<script type=\"application\/ld+json\" class=\"yoast-schema-graph\">{\"@context\":\"https:\/\/schema.org\",\"@graph\":[{\"@type\":\"Article\",\"@id\":\"https:\/\/experienciadevida.com.ar\/portalurbano\/sergio-feoli-destaco-el-rol-de-cnrt-olavarria-en-el-aniversario-del-organismo\/#article\",\"isPartOf\":{\"@id\":\"https:\/\/experienciadevida.com.ar\/portalurbano\/sergio-feoli-destaco-el-rol-de-cnrt-olavarria-en-el-aniversario-del-organismo\/\"},\"author\":{\"name\":\"admpu17wp\",\"@id\":\"https:\/\/experienciadevida.com.ar\/portalurbano\/#\/schema\/person\/02dd326b1c4b056e9cc972486934a3a7\"},\"headline\":\"Sergio Feoli destac\u00f3 el rol de CNRT Olavarr\u00eda en el aniversario del organismo\",\"datePublished\":\"2022-06-27T23:26:46+00:00\",\"dateModified\":\"2022-06-27T23:28:54+00:00\",\"mainEntityOfPage\":{\"@id\":\"https:\/\/experienciadevida.com.ar\/portalurbano\/sergio-feoli-destaco-el-rol-de-cnrt-olavarria-en-el-aniversario-del-organismo\/\"},\"wordCount\":353,\"publisher\":{\"@id\":\"https:\/\/experienciadevida.com.ar\/portalurbano\/#organization\"},\"articleSection\":[\"Ciudad\",\"Destacadas\"],\"inLanguage\":\"es\"},{\"@type\":\"WebPage\",\"@id\":\"https:\/\/experienciadevida.com.ar\/portalurbano\/sergio-feoli-destaco-el-rol-de-cnrt-olavarria-en-el-aniversario-del-organismo\/\",\"url\":\"https:\/\/experienciadevida.com.ar\/portalurbano\/sergio-feoli-destaco-el-rol-de-cnrt-olavarria-en-el-aniversario-del-organismo\/\",\"name\":\"Sergio Feoli destac\u00f3 el rol de CNRTen el aniversario del organismo\",\"isPartOf\":{\"@id\":\"https:\/\/experienciadevida.com.ar\/portalurbano\/#website\"},\"datePublished\":\"2022-06-27T23:26:46+00:00\",\"dateModified\":\"2022-06-27T23:28:54+00:00\",\"description\":\"Sergio Feoli, el Subdelegado de la Comisi\u00f3n Nacional de Regulaci\u00f3n del Transporte (CNRT) en Olavarr\u00eda destac\u00f3 el rol del organismo a 26 a\u00f1os de su creaci\u00f3n.\",\"breadcrumb\":{\"@id\":\"https:\/\/experienciadevida.com.ar\/portalurbano\/sergio-feoli-destaco-el-rol-de-cnrt-olavarria-en-el-aniversario-del-organismo\/#breadcrumb\"},\"inLanguage\":\"es\",\"potentialAction\":[{\"@type\":\"ReadAction\",\"target\":[\"https:\/\/experienciadevida.com.ar\/portalurbano\/sergio-feoli-destaco-el-rol-de-cnrt-olavarria-en-el-aniversario-del-organismo\/\"]}]},{\"@type\":\"BreadcrumbList\",\"@id\":\"https:\/\/experienciadevida.com.ar\/portalurbano\/sergio-feoli-destaco-el-rol-de-cnrt-olavarria-en-el-aniversario-del-organismo\/#breadcrumb\",\"itemListElement\":[{\"@type\":\"ListItem\",\"position\":1,\"name\":\"Portada\",\"item\":\"https:\/\/experienciadevida.com.ar\/portalurbano\/\"},{\"@type\":\"ListItem\",\"position\":2,\"name\":\"Sergio Feoli destac\u00f3 el rol de CNRT Olavarr\u00eda en el aniversario del organismo\"}]},{\"@type\":\"WebSite\",\"@id\":\"https:\/\/experienciadevida.com.ar\/portalurbano\/#website\",\"url\":\"https:\/\/experienciadevida.com.ar\/portalurbano\/\",\"name\":\"\",\"description\":\"\",\"publisher\":{\"@id\":\"https:\/\/experienciadevida.com.ar\/portalurbano\/#organization\"},\"potentialAction\":[{\"@type\":\"SearchAction\",\"target\":{\"@type\":\"EntryPoint\",\"urlTemplate\":\"https:\/\/experienciadevida.com.ar\/portalurbano\/?s={search_term_string}\"},\"query-input\":\"required name=search_term_string\"}],\"inLanguage\":\"es\"},{\"@type\":\"Organization\",\"@id\":\"https:\/\/experienciadevida.com.ar\/portalurbano\/#organization\",\"name\":\"Portal Urbano\",\"url\":\"https:\/\/experienciadevida.com.ar\/portalurbano\/\",\"logo\":{\"@type\":\"ImageObject\",\"inLanguage\":\"es\",\"@id\":\"https:\/\/experienciadevida.com.ar\/portalurbano\/#\/schema\/logo\/image\/\",\"url\":\"https:\/\/experienciadevida.com.ar\/portalurbano\/wp-content\/uploads\/2019\/09\/Logo-Original.png\",\"contentUrl\":\"https:\/\/experienciadevida.com.ar\/portalurbano\/wp-content\/uploads\/2019\/09\/Logo-Original.png\",\"width\":2236,\"height\":1216,\"caption\":\"Portal Urbano\"},\"image\":{\"@id\":\"https:\/\/experienciadevida.com.ar\/portalurbano\/#\/schema\/logo\/image\/\"},\"sameAs\":[\"https:\/\/www.facebook.com\/Portal-Urbano-171542830093757\/\",\"https:\/\/twitter.com\/portalurbanook\",\"https:\/\/www.instagram.com\/_portalurbano\/\",\"https:\/\/www.youtube.com\/channel\/UCXhagIfszH8KxFiOok79zbA?view_as=subscriber\"]},{\"@type\":\"Person\",\"@id\":\"https:\/\/experienciadevida.com.ar\/portalurbano\/#\/schema\/person\/02dd326b1c4b056e9cc972486934a3a7\",\"name\":\"admpu17wp\",\"image\":{\"@type\":\"ImageObject\",\"inLanguage\":\"es\",\"@id\":\"https:\/\/experienciadevida.com.ar\/portalurbano\/#\/schema\/person\/image\/\",\"url\":\"https:\/\/secure.gravatar.com\/avatar\/830d4c57adaae6630765e449a6908047?s=96&d=mm&r=g\",\"contentUrl\":\"https:\/\/secure.gravatar.com\/avatar\/830d4c57adaae6630765e449a6908047?s=96&d=mm&r=g\",\"caption\":\"admpu17wp\"}}]}<\/script>\n<!-- \/ Yoast SEO plugin. -->","yoast_head_json":{"title":"Sergio Feoli destac\u00f3 el rol de CNRTen el aniversario del organismo","description":"Sergio Feoli, el Subdelegado de la Comisi\u00f3n Nacional de Regulaci\u00f3n del Transporte (CNRT) en Olavarr\u00eda destac\u00f3 el rol del organismo a 26 a\u00f1os de su creaci\u00f3n.","robots":{"index":"index","follow":"follow","max-snippet":"max-snippet:-1","max-image-preview":"max-image-preview:large","max-video-preview":"max-video-preview:-1"},"canonical":"https:\/\/experienciadevida.com.ar\/portalurbano\/sergio-feoli-destaco-el-rol-de-cnrt-olavarria-en-el-aniversario-del-organismo\/","og_locale":"es_ES","og_type":"article","og_title":"Sergio Feoli destac\u00f3 el rol de CNRTen el aniversario del organismo","og_description":"Sergio Feoli, el Subdelegado de la Comisi\u00f3n Nacional de Regulaci\u00f3n del Transporte (CNRT) en Olavarr\u00eda destac\u00f3 el rol del organismo a 26 a\u00f1os de su creaci\u00f3n.","og_url":"https:\/\/experienciadevida.com.ar\/portalurbano\/sergio-feoli-destaco-el-rol-de-cnrt-olavarria-en-el-aniversario-del-organismo\/","article_publisher":"https:\/\/www.facebook.com\/Portal-Urbano-171542830093757\/","article_published_time":"2022-06-27T23:26:46+00:00","article_modified_time":"2022-06-27T23:28:54+00:00","og_image":[{"width":800,"height":500,"url":"https:\/\/experienciadevida.com.ar\/portalurbano\/wp-content\/uploads\/2022\/06\/Sergio-Feoli.jpg","type":"image\/jpeg"}],"author":"admpu17wp","twitter_card":"summary_large_image","twitter_creator":"@portalurbanook","twitter_site":"@portalurbanook","twitter_misc":{"Escrito por":"admpu17wp","Tiempo de lectura":"2 minutos"},"schema":{"@context":"https:\/\/schema.org","@graph":[{"@type":"Article","@id":"https:\/\/experienciadevida.com.ar\/portalurbano\/sergio-feoli-destaco-el-rol-de-cnrt-olavarria-en-el-aniversario-del-organismo\/#article","isPartOf":{"@id":"https:\/\/experienciadevida.com.ar\/portalurbano\/sergio-feoli-destaco-el-rol-de-cnrt-olavarria-en-el-aniversario-del-organismo\/"},"author":{"name":"admpu17wp","@id":"https:\/\/experienciadevida.com.ar\/portalurbano\/#\/schema\/person\/02dd326b1c4b056e9cc972486934a3a7"},"headline":"Sergio Feoli destac\u00f3 el rol de CNRT Olavarr\u00eda en el aniversario del organismo","datePublished":"2022-06-27T23:26:46+00:00","dateModified":"2022-06-27T23:28:54+00:00","mainEntityOfPage":{"@id":"https:\/\/experienciadevida.com.ar\/portalurbano\/sergio-feoli-destaco-el-rol-de-cnrt-olavarria-en-el-aniversario-del-organismo\/"},"wordCount":353,"publisher":{"@id":"https:\/\/experienciadevida.com.ar\/portalurbano\/#organization"},"articleSection":["Ciudad","Destacadas"],"inLanguage":"es"},{"@type":"WebPage","@id":"https:\/\/experienciadevida.com.ar\/portalurbano\/sergio-feoli-destaco-el-rol-de-cnrt-olavarria-en-el-aniversario-del-organismo\/","url":"https:\/\/experienciadevida.com.ar\/portalurbano\/sergio-feoli-destaco-el-rol-de-cnrt-olavarria-en-el-aniversario-del-organismo\/","name":"Sergio Feoli destac\u00f3 el rol de CNRTen el aniversario del organismo","isPartOf":{"@id":"https:\/\/experienciadevida.com.ar\/portalurbano\/#website"},"datePublished":"2022-06-27T23:26:46+00:00","dateModified":"2022-06-27T23:28:54+00:00","description":"Sergio Feoli, el Subdelegado de la Comisi\u00f3n Nacional de Regulaci\u00f3n del Transporte (CNRT) en Olavarr\u00eda destac\u00f3 el rol del organismo a 26 a\u00f1os de su creaci\u00f3n.","breadcrumb":{"@id":"https:\/\/experienciadevida.com.ar\/portalurbano\/sergio-feoli-destaco-el-rol-de-cnrt-olavarria-en-el-aniversario-del-organismo\/#breadcrumb"},"inLanguage":"es","potentialAction":[{"@type":"ReadAction","target":["https:\/\/experienciadevida.com.ar\/portalurbano\/sergio-feoli-destaco-el-rol-de-cnrt-olavarria-en-el-aniversario-del-organismo\/"]}]},{"@type":"BreadcrumbList","@id":"https:\/\/experienciadevida.com.ar\/portalurbano\/sergio-feoli-destaco-el-rol-de-cnrt-olavarria-en-el-aniversario-del-organismo\/#breadcrumb","itemListElement":[{"@type":"ListItem","position":1,"name":"Portada","item":"https:\/\/experienciadevida.com.ar\/portalurbano\/"},{"@type":"ListItem","position":2,"name":"Sergio Feoli destac\u00f3 el rol de CNRT Olavarr\u00eda en el aniversario del organismo"}]},{"@type":"WebSite","@id":"https:\/\/experienciadevida.com.ar\/portalurbano\/#website","url":"https:\/\/experienciadevida.com.ar\/portalurbano\/","name":"","description":"","publisher":{"@id":"https:\/\/experienciadevida.com.ar\/portalurbano\/#organization"},"potentialAction":[{"@type":"SearchAction","target":{"@type":"EntryPoint","urlTemplate":"https:\/\/experienciadevida.com.ar\/portalurbano\/?s={search_term_string}"},"query-input":"required name=search_term_string"}],"inLanguage":"es"},{"@type":"Organization","@id":"https:\/\/experienciadevida.com.ar\/portalurbano\/#organization","name":"Portal Urbano","url":"https:\/\/experienciadevida.com.ar\/portalurbano\/","logo":{"@type":"ImageObject","inLanguage":"es","@id":"https:\/\/experienciadevida.com.ar\/portalurbano\/#\/schema\/logo\/image\/","url":"https:\/\/experienciadevida.com.ar\/portalurbano\/wp-content\/uploads\/2019\/09\/Logo-Original.png","contentUrl":"https:\/\/experienciadevida.com.ar\/portalurbano\/wp-content\/uploads\/2019\/09\/Logo-Original.png","width":2236,"height":1216,"caption":"Portal Urbano"},"image":{"@id":"https:\/\/experienciadevida.com.ar\/portalurbano\/#\/schema\/logo\/image\/"},"sameAs":["https:\/\/www.facebook.com\/Portal-Urbano-171542830093757\/","https:\/\/twitter.com\/portalurbanook","https:\/\/www.instagram.com\/_portalurbano\/","https:\/\/www.youtube.com\/channel\/UCXhagIfszH8KxFiOok79zbA?view_as=subscriber"]},{"@type":"Person","@id":"https:\/\/experienciadevida.com.ar\/portalurbano\/#\/schema\/person\/02dd326b1c4b056e9cc972486934a3a7","name":"admpu17wp","image":{"@type":"ImageObject","inLanguage":"es","@id":"https:\/\/experienciadevida.com.ar\/portalurbano\/#\/schema\/person\/image\/","url":"https:\/\/secure.gravatar.com\/avatar\/830d4c57adaae6630765e449a6908047?s=96&d=mm&r=g","contentUrl":"https:\/\/secure.gravatar.com\/avatar\/830d4c57adaae6630765e449a6908047?s=96&d=mm&r=g","caption":"admpu17wp"}}]}},"featured_image_urls":{"full":["https:\/\/experienciadevida.com.ar\/portalurbano\/wp-content\/uploads\/2022\/06\/Sergio-Feoli.jpg",800,500,false],"thumbnail":["https:\/\/experienciadevida.com.ar\/portalurbano\/wp-content\/uploads\/2022\/06\/Sergio-Feoli-150x150.jpg",150,150,true],"medium":["https:\/\/experienciadevida.com.ar\/portalurbano\/wp-content\/uploads\/2022\/06\/Sergio-Feoli-300x188.jpg",300,188,true],"medium_large":["https:\/\/experienciadevida.com.ar\/portalurbano\/wp-content\/uploads\/2022\/06\/Sergio-Feoli-768x480.jpg",640,400,true],"large":["https:\/\/experienciadevida.com.ar\/portalurbano\/wp-content\/uploads\/2022\/06\/Sergio-Feoli.jpg",640,400,false],"ug_big":["https:\/\/experienciadevida.com.ar\/portalurbano\/wp-content\/uploads\/2022\/06\/Sergio-Feoli-768x480.jpg",768,480,true],"1536x1536":["https:\/\/experienciadevida.com.ar\/portalurbano\/wp-content\/uploads\/2022\/06\/Sergio-Feoli.jpg",800,500,false],"2048x2048":["https:\/\/experienciadevida.com.ar\/portalurbano\/wp-content\/uploads\/2022\/06\/Sergio-Feoli.jpg",800,500,false],"newsever-slider-full":["https:\/\/experienciadevida.com.ar\/portalurbano\/wp-content\/uploads\/2022\/06\/Sergio-Feoli.jpg",800,500,false],"newsever-featured":["https:\/\/experienciadevida.com.ar\/portalurbano\/wp-content\/uploads\/2022\/06\/Sergio-Feoli.jpg",800,500,false],"newsever-medium":["https:\/\/experienciadevida.com.ar\/portalurbano\/wp-content\/uploads\/2022\/06\/Sergio-Feoli.jpg",720,450,false],"web-stories-poster-portrait":["https:\/\/experienciadevida.com.ar\/portalurbano\/wp-content\/uploads\/2022\/06\/Sergio-Feoli.jpg",640,400,false],"web-stories-publisher-logo":["https:\/\/experienciadevida.com.ar\/portalurbano\/wp-content\/uploads\/2022\/06\/Sergio-Feoli.jpg",96,60,false],"web-stories-thumbnail":["https:\/\/experienciadevida.com.ar\/portalurbano\/wp-content\/uploads\/2022\/06\/Sergio-Feoli.jpg",150,94,false]},"author_info":{"display_name":"admpu17wp","author_link":"https:\/\/experienciadevida.com.ar\/portalurbano\/author\/admpu17wp\/"},"category_info":"<a href=\"https:\/\/experienciadevida.com.ar\/portalurbano\/category\/ciudad\/\" rel=\"category tag\">Ciudad<\/a> <a href=\"https:\/\/experienciadevida.com.ar\/portalurbano\/category\/destacadas\/\" rel=\"category tag\">Destacadas<\/a>","tag_info":"Destacadas","comment_count":"0","amp_enabled":true,"_links":{"self":[{"href":"https:\/\/experienciadevida.com.ar\/portalurbano\/wp-json\/wp\/v2\/posts\/170272"}],"collection":[{"href":"https:\/\/experienciadevida.com.ar\/portalurbano\/wp-json\/wp\/v2\/posts"}],"about":[{"href":"https:\/\/experienciadevida.com.ar\/portalurbano\/wp-json\/wp\/v2\/types\/post"}],"author":[{"embeddable":true,"href":"https:\/\/experienciadevida.com.ar\/portalurbano\/wp-json\/wp\/v2\/users\/1"}],"replies":[{"embeddable":true,"href":"https:\/\/experienciadevida.com.ar\/portalurbano\/wp-json\/wp\/v2\/comments?post=170272"}],"version-history":[{"count":3,"href":"https:\/\/experienciadevida.com.ar\/portalurbano\/wp-json\/wp\/v2\/posts\/170272\/revisions"}],"predecessor-version":[{"id":170276,"href":"https:\/\/experienciadevida.com.ar\/portalurbano\/wp-json\/wp\/v2\/posts\/170272\/revisions\/170276"}],"wp:featuredmedia":[{"embeddable":true,"href":"https:\/\/experienciadevida.com.ar\/portalurbano\/wp-json\/wp\/v2\/media\/170273"}],"wp:attachment":[{"href":"https:\/\/experienciadevida.com.ar\/portalurbano\/wp-json\/wp\/v2\/media?parent=170272"}],"wp:term":[{"taxonomy":"category","embeddable":true,"href":"https:\/\/experienciadevida.com.ar\/portalurbano\/wp-json\/wp\/v2\/categories?post=170272"},{"taxonomy":"post_tag","embeddable":true,"href":"https:\/\/experienciadevida.com.ar\/portalurbano\/wp-json\/wp\/v2\/tags?post=170272"}],"curies":[{"name":"wp","href":"https:\/\/api.w.org\/{rel}","templated":true}]}}