{"id":170209,"date":"2022-06-25T11:19:56","date_gmt":"2022-06-25T14:19:56","guid":{"rendered":"https:\/\/experienciadevida.com.ar\/portalurbano\/?p=170209"},"modified":"2022-06-25T11:21:38","modified_gmt":"2022-06-25T14:21:38","slug":"cronograma-de-julio-de-casa-de-tierras-y-regularizacion-dominial-por-los-barrios","status":"publish","type":"post","link":"https:\/\/experienciadevida.com.ar\/portalurbano\/cronograma-de-julio-de-casa-de-tierras-y-regularizacion-dominial-por-los-barrios\/","title":{"rendered":"Cronograma de julio de Casa de Tierras y Regularizaci\u00f3n Dominial por los barrios"},"content":{"rendered":"<p>Cronograma de julio de Casa de Tierras y Regularizaci\u00f3n Dominial por los barrios, desde la Direcci\u00f3n de Casa de Tierras y Regularizaci\u00f3n Dominial se informa c\u00f3mo ser\u00e1 el cronograma de julio en cuanto al Programa de Atenci\u00f3n Descentralizada y Asesoramiento Personalizado, en el que funcionarios y funcionarias de esa \u00e1rea recorren distintos puntos de la ciudad y el Partido. A la par, tambi\u00e9n se detall\u00f3 el saldo de las labores realizas durante junio, m\u00e1s precisamente en la recorrida realizada entre 6 y 10 del corriente mes.<\/p>\n<p>Sobre esto \u00faltimo se precis\u00f3 que en total fueron 17 las personas que fueron asesoradas tanto acerca de c\u00f3mo realizar el tr\u00e1mite de escrituraci\u00f3n social -Ley 10830- como de afectaci\u00f3n a la vivienda -Ley 26994-. Se a\u00f1adi\u00f3 que se incorporaron 30 familias al Registro de Demanda Habitacional.<\/p>\n<p>En cuanto al cronograma de julio se expres\u00f3 que la recorrida se iniciar\u00e1 el lunes 4 del mes venidero en la sede del Servicio Territorial Municipal N\u00b0 2, ubicado sobre avenida Alberdi y Coronel Su\u00e1rez.<\/p>\n<p>El martes 5 de julio las tareas se trasladar\u00e1n al NIDO del barrio Villa Magdalena, situado sobre Necochea y C\u00f3rdoba.<\/p>\n<p>El mi\u00e9rcoles 6 de julio se atender\u00e1 en el Servicio Territorial Municipal N\u00b0 1, de avenida Alberdi y Fassina.<\/p>\n<p>El jueves 7 de julio el Programa de Atenci\u00f3n Descentralizada arribar\u00e1 a la Unidad Sanitaria N\u00b0 23, ubicada en Emiliozzi 5936.<\/p>\n<p>El viernes 8 de julio, por \u00faltimo, se retornar\u00e1 a la Servicio Territorial Municipal N\u00b0 1. En todas las jornadas el horario de atenci\u00f3n ser\u00e1 de 9 a 12 horas.<\/p>\n<p>Entre los tr\u00e1mites a realizar se podr\u00e1 llevar a cabo la inscripci\u00f3n al Registro de Demanda Habitacional, para lo cual se deber\u00e1 concurrir con DNI del grupo familiar. Tambi\u00e9n se brindar\u00e1 asesoramiento sobre Afectaci\u00f3n Bien de Familia (Ley N\u00ba 24.374), Escrituraci\u00f3n Social (Ley N\u00ba 10.830) y consultas administrativas en general.<\/p>\n<p>Por \u00faltimo, se recuerda a la comunidad que aquellas personas con tr\u00e1mites iniciados ante esta dependencia deber\u00e1n contar con datos actualizados de contacto (domicilio\/ mail\/ tel\u00e9fono), por lo que ante cualquier modificaci\u00f3n se requiere comunicarla a trav\u00e9s de los canales habituales.<\/p>\n","protected":false},"excerpt":{"rendered":"<p>Cronograma de julio de Casa de Tierras y Regularizaci\u00f3n Dominial por los barrios, desde la&#8230;<\/p>\n","protected":false},"author":1,"featured_media":165023,"comment_status":"closed","ping_status":"closed","sticky":false,"template":"","format":"standard","meta":{"content-type":""},"categories":[27,64],"tags":[],"nelio_content":{"isAutoShareEnabled":false,"autoShareEndMode":"default","automationSources":{"useContentSentences":true,"useSocialTemplates":true,"useCustomSentences":false,"customSentences":[]},"followers":[1],"suggestedReferences":[],"includedReferences":[],"efiUrl":"","efiAlt":"","highlights":[]},"yoast_head":"<!-- This site is optimized with the Yoast SEO plugin v20.7 - https:\/\/yoast.com\/wordpress\/plugins\/seo\/ -->\n<title>Cronograma de julio de casa de tierras y regularizaci\u00f3n dominial<\/title>\n<meta name=\"description\" content=\"Cronograma de julio de Casa de Tierras y Regularizaci\u00f3n Dominial por los barrios, desde la Direcci\u00f3n de Casa de Tierras y Regularizaci\u00f3n\" \/>\n<meta name=\"robots\" content=\"index, follow, max-snippet:-1, max-image-preview:large, max-video-preview:-1\" \/>\n<link rel=\"canonical\" href=\"https:\/\/experienciadevida.com.ar\/portalurbano\/cronograma-de-julio-de-casa-de-tierras-y-regularizacion-dominial-por-los-barrios\/\" \/>\n<meta property=\"og:locale\" content=\"es_ES\" \/>\n<meta property=\"og:type\" content=\"article\" \/>\n<meta property=\"og:title\" content=\"Cronograma de julio de casa de tierras y regularizaci\u00f3n dominial\" \/>\n<meta property=\"og:description\" content=\"Cronograma de julio de Casa de Tierras y Regularizaci\u00f3n Dominial por los barrios, desde la Direcci\u00f3n de Casa de Tierras y Regularizaci\u00f3n\" \/>\n<meta property=\"og:url\" content=\"https:\/\/experienciadevida.com.ar\/portalurbano\/cronograma-de-julio-de-casa-de-tierras-y-regularizacion-dominial-por-los-barrios\/\" \/>\n<meta property=\"article:publisher\" content=\"https:\/\/www.facebook.com\/Portal-Urbano-171542830093757\/\" \/>\n<meta property=\"article:published_time\" content=\"2022-06-25T14:19:56+00:00\" \/>\n<meta property=\"article:modified_time\" content=\"2022-06-25T14:21:38+00:00\" \/>\n<meta property=\"og:image\" content=\"https:\/\/experienciadevida.com.ar\/portalurbano\/wp-content\/uploads\/2022\/04\/Regularizacion-Dominial.jpeg\" \/>\n\t<meta property=\"og:image:width\" content=\"1024\" \/>\n\t<meta property=\"og:image:height\" content=\"682\" \/>\n\t<meta property=\"og:image:type\" content=\"image\/jpeg\" \/>\n<meta name=\"author\" content=\"admpu17wp\" \/>\n<meta name=\"twitter:card\" content=\"summary_large_image\" \/>\n<meta name=\"twitter:creator\" content=\"@portalurbanook\" \/>\n<meta name=\"twitter:site\" content=\"@portalurbanook\" \/>\n<meta name=\"twitter:label1\" content=\"Escrito por\" \/>\n\t<meta name=\"twitter:data1\" content=\"admpu17wp\" \/>\n\t<meta name=\"twitter:label2\" content=\"Tiempo de lectura\" \/>\n\t<meta name=\"twitter:data2\" content=\"2 minutos\" \/>\n<script type=\"application\/ld+json\" class=\"yoast-schema-graph\">{\"@context\":\"https:\/\/schema.org\",\"@graph\":[{\"@type\":\"Article\",\"@id\":\"https:\/\/experienciadevida.com.ar\/portalurbano\/cronograma-de-julio-de-casa-de-tierras-y-regularizacion-dominial-por-los-barrios\/#article\",\"isPartOf\":{\"@id\":\"https:\/\/experienciadevida.com.ar\/portalurbano\/cronograma-de-julio-de-casa-de-tierras-y-regularizacion-dominial-por-los-barrios\/\"},\"author\":{\"name\":\"admpu17wp\",\"@id\":\"https:\/\/experienciadevida.com.ar\/portalurbano\/#\/schema\/person\/02dd326b1c4b056e9cc972486934a3a7\"},\"headline\":\"Cronograma de julio de Casa de Tierras y Regularizaci\u00f3n Dominial por los barrios\",\"datePublished\":\"2022-06-25T14:19:56+00:00\",\"dateModified\":\"2022-06-25T14:21:38+00:00\",\"mainEntityOfPage\":{\"@id\":\"https:\/\/experienciadevida.com.ar\/portalurbano\/cronograma-de-julio-de-casa-de-tierras-y-regularizacion-dominial-por-los-barrios\/\"},\"wordCount\":373,\"publisher\":{\"@id\":\"https:\/\/experienciadevida.com.ar\/portalurbano\/#organization\"},\"articleSection\":[\"Ciudad\",\"Destacadas 2\"],\"inLanguage\":\"es\"},{\"@type\":\"WebPage\",\"@id\":\"https:\/\/experienciadevida.com.ar\/portalurbano\/cronograma-de-julio-de-casa-de-tierras-y-regularizacion-dominial-por-los-barrios\/\",\"url\":\"https:\/\/experienciadevida.com.ar\/portalurbano\/cronograma-de-julio-de-casa-de-tierras-y-regularizacion-dominial-por-los-barrios\/\",\"name\":\"Cronograma de julio de casa de tierras y regularizaci\u00f3n dominial\",\"isPartOf\":{\"@id\":\"https:\/\/experienciadevida.com.ar\/portalurbano\/#website\"},\"datePublished\":\"2022-06-25T14:19:56+00:00\",\"dateModified\":\"2022-06-25T14:21:38+00:00\",\"description\":\"Cronograma de julio de Casa de Tierras y Regularizaci\u00f3n Dominial por los barrios, desde la Direcci\u00f3n de Casa de Tierras y Regularizaci\u00f3n\",\"breadcrumb\":{\"@id\":\"https:\/\/experienciadevida.com.ar\/portalurbano\/cronograma-de-julio-de-casa-de-tierras-y-regularizacion-dominial-por-los-barrios\/#breadcrumb\"},\"inLanguage\":\"es\",\"potentialAction\":[{\"@type\":\"ReadAction\",\"target\":[\"https:\/\/experienciadevida.com.ar\/portalurbano\/cronograma-de-julio-de-casa-de-tierras-y-regularizacion-dominial-por-los-barrios\/\"]}]},{\"@type\":\"BreadcrumbList\",\"@id\":\"https:\/\/experienciadevida.com.ar\/portalurbano\/cronograma-de-julio-de-casa-de-tierras-y-regularizacion-dominial-por-los-barrios\/#breadcrumb\",\"itemListElement\":[{\"@type\":\"ListItem\",\"position\":1,\"name\":\"Portada\",\"item\":\"https:\/\/experienciadevida.com.ar\/portalurbano\/\"},{\"@type\":\"ListItem\",\"position\":2,\"name\":\"Cronograma de julio de Casa de Tierras y Regularizaci\u00f3n Dominial por los barrios\"}]},{\"@type\":\"WebSite\",\"@id\":\"https:\/\/experienciadevida.com.ar\/portalurbano\/#website\",\"url\":\"https:\/\/experienciadevida.com.ar\/portalurbano\/\",\"name\":\"\",\"description\":\"\",\"publisher\":{\"@id\":\"https:\/\/experienciadevida.com.ar\/portalurbano\/#organization\"},\"potentialAction\":[{\"@type\":\"SearchAction\",\"target\":{\"@type\":\"EntryPoint\",\"urlTemplate\":\"https:\/\/experienciadevida.com.ar\/portalurbano\/?s={search_term_string}\"},\"query-input\":\"required name=search_term_string\"}],\"inLanguage\":\"es\"},{\"@type\":\"Organization\",\"@id\":\"https:\/\/experienciadevida.com.ar\/portalurbano\/#organization\",\"name\":\"Portal Urbano\",\"url\":\"https:\/\/experienciadevida.com.ar\/portalurbano\/\",\"logo\":{\"@type\":\"ImageObject\",\"inLanguage\":\"es\",\"@id\":\"https:\/\/experienciadevida.com.ar\/portalurbano\/#\/schema\/logo\/image\/\",\"url\":\"https:\/\/experienciadevida.com.ar\/portalurbano\/wp-content\/uploads\/2019\/09\/Logo-Original.png\",\"contentUrl\":\"https:\/\/experienciadevida.com.ar\/portalurbano\/wp-content\/uploads\/2019\/09\/Logo-Original.png\",\"width\":2236,\"height\":1216,\"caption\":\"Portal Urbano\"},\"image\":{\"@id\":\"https:\/\/experienciadevida.com.ar\/portalurbano\/#\/schema\/logo\/image\/\"},\"sameAs\":[\"https:\/\/www.facebook.com\/Portal-Urbano-171542830093757\/\",\"https:\/\/twitter.com\/portalurbanook\",\"https:\/\/www.instagram.com\/_portalurbano\/\",\"https:\/\/www.youtube.com\/channel\/UCXhagIfszH8KxFiOok79zbA?view_as=subscriber\"]},{\"@type\":\"Person\",\"@id\":\"https:\/\/experienciadevida.com.ar\/portalurbano\/#\/schema\/person\/02dd326b1c4b056e9cc972486934a3a7\",\"name\":\"admpu17wp\",\"image\":{\"@type\":\"ImageObject\",\"inLanguage\":\"es\",\"@id\":\"https:\/\/experienciadevida.com.ar\/portalurbano\/#\/schema\/person\/image\/\",\"url\":\"https:\/\/secure.gravatar.com\/avatar\/830d4c57adaae6630765e449a6908047?s=96&d=mm&r=g\",\"contentUrl\":\"https:\/\/secure.gravatar.com\/avatar\/830d4c57adaae6630765e449a6908047?s=96&d=mm&r=g\",\"caption\":\"admpu17wp\"}}]}<\/script>\n<!-- \/ Yoast SEO plugin. -->","yoast_head_json":{"title":"Cronograma de julio de casa de tierras y regularizaci\u00f3n dominial","description":"Cronograma de julio de Casa de Tierras y Regularizaci\u00f3n Dominial por los barrios, desde la Direcci\u00f3n de Casa de Tierras y Regularizaci\u00f3n","robots":{"index":"index","follow":"follow","max-snippet":"max-snippet:-1","max-image-preview":"max-image-preview:large","max-video-preview":"max-video-preview:-1"},"canonical":"https:\/\/experienciadevida.com.ar\/portalurbano\/cronograma-de-julio-de-casa-de-tierras-y-regularizacion-dominial-por-los-barrios\/","og_locale":"es_ES","og_type":"article","og_title":"Cronograma de julio de casa de tierras y regularizaci\u00f3n dominial","og_description":"Cronograma de julio de Casa de Tierras y Regularizaci\u00f3n Dominial por los barrios, desde la Direcci\u00f3n de Casa de Tierras y Regularizaci\u00f3n","og_url":"https:\/\/experienciadevida.com.ar\/portalurbano\/cronograma-de-julio-de-casa-de-tierras-y-regularizacion-dominial-por-los-barrios\/","article_publisher":"https:\/\/www.facebook.com\/Portal-Urbano-171542830093757\/","article_published_time":"2022-06-25T14:19:56+00:00","article_modified_time":"2022-06-25T14:21:38+00:00","og_image":[{"width":1024,"height":682,"url":"https:\/\/experienciadevida.com.ar\/portalurbano\/wp-content\/uploads\/2022\/04\/Regularizacion-Dominial.jpeg","type":"image\/jpeg"}],"author":"admpu17wp","twitter_card":"summary_large_image","twitter_creator":"@portalurbanook","twitter_site":"@portalurbanook","twitter_misc":{"Escrito por":"admpu17wp","Tiempo de lectura":"2 minutos"},"schema":{"@context":"https:\/\/schema.org","@graph":[{"@type":"Article","@id":"https:\/\/experienciadevida.com.ar\/portalurbano\/cronograma-de-julio-de-casa-de-tierras-y-regularizacion-dominial-por-los-barrios\/#article","isPartOf":{"@id":"https:\/\/experienciadevida.com.ar\/portalurbano\/cronograma-de-julio-de-casa-de-tierras-y-regularizacion-dominial-por-los-barrios\/"},"author":{"name":"admpu17wp","@id":"https:\/\/experienciadevida.com.ar\/portalurbano\/#\/schema\/person\/02dd326b1c4b056e9cc972486934a3a7"},"headline":"Cronograma de julio de Casa de Tierras y Regularizaci\u00f3n Dominial por los barrios","datePublished":"2022-06-25T14:19:56+00:00","dateModified":"2022-06-25T14:21:38+00:00","mainEntityOfPage":{"@id":"https:\/\/experienciadevida.com.ar\/portalurbano\/cronograma-de-julio-de-casa-de-tierras-y-regularizacion-dominial-por-los-barrios\/"},"wordCount":373,"publisher":{"@id":"https:\/\/experienciadevida.com.ar\/portalurbano\/#organization"},"articleSection":["Ciudad","Destacadas 2"],"inLanguage":"es"},{"@type":"WebPage","@id":"https:\/\/experienciadevida.com.ar\/portalurbano\/cronograma-de-julio-de-casa-de-tierras-y-regularizacion-dominial-por-los-barrios\/","url":"https:\/\/experienciadevida.com.ar\/portalurbano\/cronograma-de-julio-de-casa-de-tierras-y-regularizacion-dominial-por-los-barrios\/","name":"Cronograma de julio de casa de tierras y regularizaci\u00f3n dominial","isPartOf":{"@id":"https:\/\/experienciadevida.com.ar\/portalurbano\/#website"},"datePublished":"2022-06-25T14:19:56+00:00","dateModified":"2022-06-25T14:21:38+00:00","description":"Cronograma de julio de Casa de Tierras y Regularizaci\u00f3n Dominial por los barrios, desde la Direcci\u00f3n de Casa de Tierras y Regularizaci\u00f3n","breadcrumb":{"@id":"https:\/\/experienciadevida.com.ar\/portalurbano\/cronograma-de-julio-de-casa-de-tierras-y-regularizacion-dominial-por-los-barrios\/#breadcrumb"},"inLanguage":"es","potentialAction":[{"@type":"ReadAction","target":["https:\/\/experienciadevida.com.ar\/portalurbano\/cronograma-de-julio-de-casa-de-tierras-y-regularizacion-dominial-por-los-barrios\/"]}]},{"@type":"BreadcrumbList","@id":"https:\/\/experienciadevida.com.ar\/portalurbano\/cronograma-de-julio-de-casa-de-tierras-y-regularizacion-dominial-por-los-barrios\/#breadcrumb","itemListElement":[{"@type":"ListItem","position":1,"name":"Portada","item":"https:\/\/experienciadevida.com.ar\/portalurbano\/"},{"@type":"ListItem","position":2,"name":"Cronograma de julio de Casa de Tierras y Regularizaci\u00f3n Dominial por los barrios"}]},{"@type":"WebSite","@id":"https:\/\/experienciadevida.com.ar\/portalurbano\/#website","url":"https:\/\/experienciadevida.com.ar\/portalurbano\/","name":"","description":"","publisher":{"@id":"https:\/\/experienciadevida.com.ar\/portalurbano\/#organization"},"potentialAction":[{"@type":"SearchAction","target":{"@type":"EntryPoint","urlTemplate":"https:\/\/experienciadevida.com.ar\/portalurbano\/?s={search_term_string}"},"query-input":"required name=search_term_string"}],"inLanguage":"es"},{"@type":"Organization","@id":"https:\/\/experienciadevida.com.ar\/portalurbano\/#organization","name":"Portal Urbano","url":"https:\/\/experienciadevida.com.ar\/portalurbano\/","logo":{"@type":"ImageObject","inLanguage":"es","@id":"https:\/\/experienciadevida.com.ar\/portalurbano\/#\/schema\/logo\/image\/","url":"https:\/\/experienciadevida.com.ar\/portalurbano\/wp-content\/uploads\/2019\/09\/Logo-Original.png","contentUrl":"https:\/\/experienciadevida.com.ar\/portalurbano\/wp-content\/uploads\/2019\/09\/Logo-Original.png","width":2236,"height":1216,"caption":"Portal Urbano"},"image":{"@id":"https:\/\/experienciadevida.com.ar\/portalurbano\/#\/schema\/logo\/image\/"},"sameAs":["https:\/\/www.facebook.com\/Portal-Urbano-171542830093757\/","https:\/\/twitter.com\/portalurbanook","https:\/\/www.instagram.com\/_portalurbano\/","https:\/\/www.youtube.com\/channel\/UCXhagIfszH8KxFiOok79zbA?view_as=subscriber"]},{"@type":"Person","@id":"https:\/\/experienciadevida.com.ar\/portalurbano\/#\/schema\/person\/02dd326b1c4b056e9cc972486934a3a7","name":"admpu17wp","image":{"@type":"ImageObject","inLanguage":"es","@id":"https:\/\/experienciadevida.com.ar\/portalurbano\/#\/schema\/person\/image\/","url":"https:\/\/secure.gravatar.com\/avatar\/830d4c57adaae6630765e449a6908047?s=96&d=mm&r=g","contentUrl":"https:\/\/secure.gravatar.com\/avatar\/830d4c57adaae6630765e449a6908047?s=96&d=mm&r=g","caption":"admpu17wp"}}]}},"featured_image_urls":{"full":["https:\/\/experienciadevida.com.ar\/portalurbano\/wp-content\/uploads\/2022\/04\/Regularizacion-Dominial.jpeg",1024,682,false],"thumbnail":["https:\/\/experienciadevida.com.ar\/portalurbano\/wp-content\/uploads\/2022\/04\/Regularizacion-Dominial-150x150.jpeg",150,150,true],"medium":["https:\/\/experienciadevida.com.ar\/portalurbano\/wp-content\/uploads\/2022\/04\/Regularizacion-Dominial-300x200.jpeg",300,200,true],"medium_large":["https:\/\/experienciadevida.com.ar\/portalurbano\/wp-content\/uploads\/2022\/04\/Regularizacion-Dominial-768x512.jpeg",640,427,true],"large":["https:\/\/experienciadevida.com.ar\/portalurbano\/wp-content\/uploads\/2022\/04\/Regularizacion-Dominial.jpeg",640,426,false],"ug_big":["https:\/\/experienciadevida.com.ar\/portalurbano\/wp-content\/uploads\/2022\/04\/Regularizacion-Dominial-768x512.jpeg",768,512,true],"1536x1536":["https:\/\/experienciadevida.com.ar\/portalurbano\/wp-content\/uploads\/2022\/04\/Regularizacion-Dominial.jpeg",1024,682,false],"2048x2048":["https:\/\/experienciadevida.com.ar\/portalurbano\/wp-content\/uploads\/2022\/04\/Regularizacion-Dominial.jpeg",1024,682,false],"newsever-slider-full":["https:\/\/experienciadevida.com.ar\/portalurbano\/wp-content\/uploads\/2022\/04\/Regularizacion-Dominial.jpeg",1024,682,false],"newsever-featured":["https:\/\/experienciadevida.com.ar\/portalurbano\/wp-content\/uploads\/2022\/04\/Regularizacion-Dominial.jpeg",1024,682,false],"newsever-medium":["https:\/\/experienciadevida.com.ar\/portalurbano\/wp-content\/uploads\/2022\/04\/Regularizacion-Dominial.jpeg",713,475,false],"web-stories-poster-portrait":["https:\/\/experienciadevida.com.ar\/portalurbano\/wp-content\/uploads\/2022\/04\/Regularizacion-Dominial.jpeg",640,426,false],"web-stories-publisher-logo":["https:\/\/experienciadevida.com.ar\/portalurbano\/wp-content\/uploads\/2022\/04\/Regularizacion-Dominial.jpeg",96,64,false],"web-stories-thumbnail":["https:\/\/experienciadevida.com.ar\/portalurbano\/wp-content\/uploads\/2022\/04\/Regularizacion-Dominial.jpeg",150,100,false]},"author_info":{"display_name":"admpu17wp","author_link":"https:\/\/experienciadevida.com.ar\/portalurbano\/author\/admpu17wp\/"},"category_info":"<a href=\"https:\/\/experienciadevida.com.ar\/portalurbano\/category\/ciudad\/\" rel=\"category tag\">Ciudad<\/a> <a href=\"https:\/\/experienciadevida.com.ar\/portalurbano\/category\/destacadas-2\/\" rel=\"category tag\">Destacadas 2<\/a>","tag_info":"Destacadas 2","comment_count":"0","amp_enabled":true,"_links":{"self":[{"href":"https:\/\/experienciadevida.com.ar\/portalurbano\/wp-json\/wp\/v2\/posts\/170209"}],"collection":[{"href":"https:\/\/experienciadevida.com.ar\/portalurbano\/wp-json\/wp\/v2\/posts"}],"about":[{"href":"https:\/\/experienciadevida.com.ar\/portalurbano\/wp-json\/wp\/v2\/types\/post"}],"author":[{"embeddable":true,"href":"https:\/\/experienciadevida.com.ar\/portalurbano\/wp-json\/wp\/v2\/users\/1"}],"replies":[{"embeddable":true,"href":"https:\/\/experienciadevida.com.ar\/portalurbano\/wp-json\/wp\/v2\/comments?post=170209"}],"version-history":[{"count":2,"href":"https:\/\/experienciadevida.com.ar\/portalurbano\/wp-json\/wp\/v2\/posts\/170209\/revisions"}],"predecessor-version":[{"id":170211,"href":"https:\/\/experienciadevida.com.ar\/portalurbano\/wp-json\/wp\/v2\/posts\/170209\/revisions\/170211"}],"wp:featuredmedia":[{"embeddable":true,"href":"https:\/\/experienciadevida.com.ar\/portalurbano\/wp-json\/wp\/v2\/media\/165023"}],"wp:attachment":[{"href":"https:\/\/experienciadevida.com.ar\/portalurbano\/wp-json\/wp\/v2\/media?parent=170209"}],"wp:term":[{"taxonomy":"category","embeddable":true,"href":"https:\/\/experienciadevida.com.ar\/portalurbano\/wp-json\/wp\/v2\/categories?post=170209"},{"taxonomy":"post_tag","embeddable":true,"href":"https:\/\/experienciadevida.com.ar\/portalurbano\/wp-json\/wp\/v2\/tags?post=170209"}],"curies":[{"name":"wp","href":"https:\/\/api.w.org\/{rel}","templated":true}]}}