{"id":170194,"date":"2022-06-25T10:42:32","date_gmt":"2022-06-25T13:42:32","guid":{"rendered":"https:\/\/experienciadevida.com.ar\/portalurbano\/?p=170194"},"modified":"2022-06-25T10:43:57","modified_gmt":"2022-06-25T13:43:57","slug":"30o-aniversario-del-jardin-botanico-de-la-facultad-de-agronomia-unicen","status":"publish","type":"post","link":"https:\/\/experienciadevida.com.ar\/portalurbano\/30o-aniversario-del-jardin-botanico-de-la-facultad-de-agronomia-unicen\/","title":{"rendered":"30\u00ba Aniversario del Jard\u00edn Bot\u00e1nico de la Facultad de Agronom\u00eda UNICEN"},"content":{"rendered":"<p>30\u00ba Aniversario del Jard\u00edn Bot\u00e1nico de la Facultad de Agronom\u00eda UNICEN, en el marco del 30\u00ba Aniversario del Jard\u00edn Bot\u00e1nico \u201cEdgardo N. Orfila\u201d de la Facultad de Agronom\u00eda UNICEN, el d\u00eda 8 de julio se llevar\u00e1 a cabo una<br \/>\njornada interdisciplinaria, que comprender\u00e1 un acto institucional, conferencias con reconocidos docentes\/investigadores y extensionistas, presentaci\u00f3n de un mural, recorridas educativas y exposici\u00f3n de fotos y<br \/>\nposters. La misma dar\u00e1 comienzo a las 9 hs, en el Sal\u00f3n Auditorio de la mencionada Facultad.<\/p>\n<p>Esta jornada tiene como objetivo generar un espacio de intercambio y reflexi\u00f3n en torno al conocimiento, importancia y funcionamiento de los Jardines Bot\u00e1nicos.<\/p>\n<p>La misma est\u00e1 destinada a instituciones educativas, entidades p\u00fablicas y privadas relacionadas con la identificaci\u00f3n, estudio, manejo, control, reproducci\u00f3n y conservaci\u00f3n de especies vegetales y a la comunidad en general.<\/p>\n<p><strong>Programa:<\/strong><\/p>\n<p>9 hs- Acto institucional<\/p>\n<p>9:45- Charla: \u201cFlora Medicinal de las sierras de Azul (sistema tandilia): cat\u00e1logo, importancia y su relaci\u00f3n con actividades humanas\u201d. A cargo del Ing. Agr. Carlos D\u2019 Alfonso y el Sr. Genaro Piazza.<\/p>\n<p>10:45- Charla: \u201cEspecies vegetales emblem\u00e1ticas del centro de la Provincia de Buenos Aires\u201d. A cargo del Dr. Carlos Villamil (UNS).<\/p>\n<p>11:20- Presentaci\u00f3n e inauguraci\u00f3n del mural realizado por la Lic. Melina Oiz en conmemoraci\u00f3n del 30 Aniversario del Jard\u00edn Bot\u00e1nico.<\/p>\n<p>13:00- Charla \u201cLos pastizales naturales del centro bonaerense: particularidades del Sistema de Tandilia y la Pampa Deprimida\u201d. A cargo de: Dra.Natalia Vercelli, Dra. Ilda Entraigas e Ing. Agr. Roberto Valicenti.<\/p>\n<p>13:30- Taller: \u201cPlantas nativas herb\u00e1ceas, \u00e1rboles y arom\u00e1ticas: \u00bfcu\u00e1les son, qu\u00e9 beneficios tienen y c\u00f3mo se reproducen?\u201d. A cargo de: Sr. Marcos Pav\u00f3n, Prof. Laura Ottonello, Dr. Germ\u00e1n Milione, Dra. Luciana Alcaraz y<br \/>\nMg. Cecilia Acosta, en el marco del Proyecto de Extensi\u00f3n Aulas Verdes Nativas.<\/p>\n<p>15:30 &#8211; Visita guiada por Jard\u00edn Bot\u00e1nico.<\/p>\n<p>16:30- Cierre de la Jornada.<\/p>\n<p>9 a 17 hs: Muestra fotogr\u00e1fica de flora de la zona y del Jard\u00edn Bot\u00e1nico y exposici\u00f3n de p\u00f3sters de investigaci\u00f3n y\/o extensi\u00f3n.<\/p>\n","protected":false},"excerpt":{"rendered":"<p>30\u00ba Aniversario del Jard\u00edn Bot\u00e1nico de la Facultad de Agronom\u00eda UNICEN, en el marco del&#8230;<\/p>\n","protected":false},"author":1,"featured_media":170195,"comment_status":"closed","ping_status":"closed","sticky":false,"template":"","format":"standard","meta":{"content-type":""},"categories":[27],"tags":[],"nelio_content":{"isAutoShareEnabled":false,"autoShareEndMode":"default","automationSources":{"useContentSentences":true,"useSocialTemplates":true,"useCustomSentences":false,"customSentences":[]},"followers":[1],"suggestedReferences":[],"includedReferences":[],"efiUrl":"","efiAlt":"","highlights":[]},"yoast_head":"<!-- This site is optimized with the Yoast SEO plugin v20.7 - https:\/\/yoast.com\/wordpress\/plugins\/seo\/ -->\n<title>30\u00b0 Aniversario del jard\u00edn bot\u00e1nico de la facultad de agronom\u00eda<\/title>\n<meta name=\"description\" content=\"30\u00ba Aniversario del Jard\u00edn Bot\u00e1nico de la Facultad de Agronom\u00eda UNICEN, en el marco del 30\u00ba Aniversario del Jard\u00edn Bot\u00e1nico\" \/>\n<meta name=\"robots\" content=\"index, follow, max-snippet:-1, max-image-preview:large, max-video-preview:-1\" \/>\n<link rel=\"canonical\" href=\"https:\/\/experienciadevida.com.ar\/portalurbano\/30o-aniversario-del-jardin-botanico-de-la-facultad-de-agronomia-unicen\/\" \/>\n<meta property=\"og:locale\" content=\"es_ES\" \/>\n<meta property=\"og:type\" content=\"article\" \/>\n<meta property=\"og:title\" content=\"30\u00b0 Aniversario del jard\u00edn bot\u00e1nico de la facultad de agronom\u00eda\" \/>\n<meta property=\"og:description\" content=\"30\u00ba Aniversario del Jard\u00edn Bot\u00e1nico de la Facultad de Agronom\u00eda UNICEN, en el marco del 30\u00ba Aniversario del Jard\u00edn Bot\u00e1nico\" \/>\n<meta property=\"og:url\" content=\"https:\/\/experienciadevida.com.ar\/portalurbano\/30o-aniversario-del-jardin-botanico-de-la-facultad-de-agronomia-unicen\/\" \/>\n<meta property=\"article:publisher\" content=\"https:\/\/www.facebook.com\/Portal-Urbano-171542830093757\/\" \/>\n<meta property=\"article:published_time\" content=\"2022-06-25T13:42:32+00:00\" \/>\n<meta property=\"article:modified_time\" content=\"2022-06-25T13:43:57+00:00\" \/>\n<meta property=\"og:image\" content=\"https:\/\/experienciadevida.com.ar\/portalurbano\/wp-content\/uploads\/2022\/06\/8fa8cbc9-dfbe-4522-962c-280c05bc728e.jpg\" \/>\n\t<meta property=\"og:image:width\" content=\"1080\" \/>\n\t<meta property=\"og:image:height\" content=\"1080\" \/>\n\t<meta property=\"og:image:type\" content=\"image\/jpeg\" \/>\n<meta name=\"author\" content=\"admpu17wp\" \/>\n<meta name=\"twitter:card\" content=\"summary_large_image\" \/>\n<meta name=\"twitter:creator\" content=\"@portalurbanook\" \/>\n<meta name=\"twitter:site\" content=\"@portalurbanook\" \/>\n<meta name=\"twitter:label1\" content=\"Escrito por\" \/>\n\t<meta name=\"twitter:data1\" content=\"admpu17wp\" \/>\n\t<meta name=\"twitter:label2\" content=\"Tiempo de lectura\" \/>\n\t<meta name=\"twitter:data2\" content=\"2 minutos\" \/>\n<script type=\"application\/ld+json\" class=\"yoast-schema-graph\">{\"@context\":\"https:\/\/schema.org\",\"@graph\":[{\"@type\":\"Article\",\"@id\":\"https:\/\/experienciadevida.com.ar\/portalurbano\/30o-aniversario-del-jardin-botanico-de-la-facultad-de-agronomia-unicen\/#article\",\"isPartOf\":{\"@id\":\"https:\/\/experienciadevida.com.ar\/portalurbano\/30o-aniversario-del-jardin-botanico-de-la-facultad-de-agronomia-unicen\/\"},\"author\":{\"name\":\"admpu17wp\",\"@id\":\"https:\/\/experienciadevida.com.ar\/portalurbano\/#\/schema\/person\/02dd326b1c4b056e9cc972486934a3a7\"},\"headline\":\"30\u00ba Aniversario del Jard\u00edn Bot\u00e1nico de la Facultad de Agronom\u00eda UNICEN\",\"datePublished\":\"2022-06-25T13:42:32+00:00\",\"dateModified\":\"2022-06-25T13:43:57+00:00\",\"mainEntityOfPage\":{\"@id\":\"https:\/\/experienciadevida.com.ar\/portalurbano\/30o-aniversario-del-jardin-botanico-de-la-facultad-de-agronomia-unicen\/\"},\"wordCount\":368,\"publisher\":{\"@id\":\"https:\/\/experienciadevida.com.ar\/portalurbano\/#organization\"},\"articleSection\":[\"Ciudad\"],\"inLanguage\":\"es\"},{\"@type\":\"WebPage\",\"@id\":\"https:\/\/experienciadevida.com.ar\/portalurbano\/30o-aniversario-del-jardin-botanico-de-la-facultad-de-agronomia-unicen\/\",\"url\":\"https:\/\/experienciadevida.com.ar\/portalurbano\/30o-aniversario-del-jardin-botanico-de-la-facultad-de-agronomia-unicen\/\",\"name\":\"30\u00b0 Aniversario del jard\u00edn bot\u00e1nico de la facultad de agronom\u00eda\",\"isPartOf\":{\"@id\":\"https:\/\/experienciadevida.com.ar\/portalurbano\/#website\"},\"datePublished\":\"2022-06-25T13:42:32+00:00\",\"dateModified\":\"2022-06-25T13:43:57+00:00\",\"description\":\"30\u00ba Aniversario del Jard\u00edn Bot\u00e1nico de la Facultad de Agronom\u00eda UNICEN, en el marco del 30\u00ba Aniversario del Jard\u00edn Bot\u00e1nico\",\"breadcrumb\":{\"@id\":\"https:\/\/experienciadevida.com.ar\/portalurbano\/30o-aniversario-del-jardin-botanico-de-la-facultad-de-agronomia-unicen\/#breadcrumb\"},\"inLanguage\":\"es\",\"potentialAction\":[{\"@type\":\"ReadAction\",\"target\":[\"https:\/\/experienciadevida.com.ar\/portalurbano\/30o-aniversario-del-jardin-botanico-de-la-facultad-de-agronomia-unicen\/\"]}]},{\"@type\":\"BreadcrumbList\",\"@id\":\"https:\/\/experienciadevida.com.ar\/portalurbano\/30o-aniversario-del-jardin-botanico-de-la-facultad-de-agronomia-unicen\/#breadcrumb\",\"itemListElement\":[{\"@type\":\"ListItem\",\"position\":1,\"name\":\"Portada\",\"item\":\"https:\/\/experienciadevida.com.ar\/portalurbano\/\"},{\"@type\":\"ListItem\",\"position\":2,\"name\":\"30\u00ba Aniversario del Jard\u00edn Bot\u00e1nico de la Facultad de Agronom\u00eda UNICEN\"}]},{\"@type\":\"WebSite\",\"@id\":\"https:\/\/experienciadevida.com.ar\/portalurbano\/#website\",\"url\":\"https:\/\/experienciadevida.com.ar\/portalurbano\/\",\"name\":\"\",\"description\":\"\",\"publisher\":{\"@id\":\"https:\/\/experienciadevida.com.ar\/portalurbano\/#organization\"},\"potentialAction\":[{\"@type\":\"SearchAction\",\"target\":{\"@type\":\"EntryPoint\",\"urlTemplate\":\"https:\/\/experienciadevida.com.ar\/portalurbano\/?s={search_term_string}\"},\"query-input\":\"required name=search_term_string\"}],\"inLanguage\":\"es\"},{\"@type\":\"Organization\",\"@id\":\"https:\/\/experienciadevida.com.ar\/portalurbano\/#organization\",\"name\":\"Portal Urbano\",\"url\":\"https:\/\/experienciadevida.com.ar\/portalurbano\/\",\"logo\":{\"@type\":\"ImageObject\",\"inLanguage\":\"es\",\"@id\":\"https:\/\/experienciadevida.com.ar\/portalurbano\/#\/schema\/logo\/image\/\",\"url\":\"https:\/\/experienciadevida.com.ar\/portalurbano\/wp-content\/uploads\/2019\/09\/Logo-Original.png\",\"contentUrl\":\"https:\/\/experienciadevida.com.ar\/portalurbano\/wp-content\/uploads\/2019\/09\/Logo-Original.png\",\"width\":2236,\"height\":1216,\"caption\":\"Portal Urbano\"},\"image\":{\"@id\":\"https:\/\/experienciadevida.com.ar\/portalurbano\/#\/schema\/logo\/image\/\"},\"sameAs\":[\"https:\/\/www.facebook.com\/Portal-Urbano-171542830093757\/\",\"https:\/\/twitter.com\/portalurbanook\",\"https:\/\/www.instagram.com\/_portalurbano\/\",\"https:\/\/www.youtube.com\/channel\/UCXhagIfszH8KxFiOok79zbA?view_as=subscriber\"]},{\"@type\":\"Person\",\"@id\":\"https:\/\/experienciadevida.com.ar\/portalurbano\/#\/schema\/person\/02dd326b1c4b056e9cc972486934a3a7\",\"name\":\"admpu17wp\",\"image\":{\"@type\":\"ImageObject\",\"inLanguage\":\"es\",\"@id\":\"https:\/\/experienciadevida.com.ar\/portalurbano\/#\/schema\/person\/image\/\",\"url\":\"https:\/\/secure.gravatar.com\/avatar\/830d4c57adaae6630765e449a6908047?s=96&d=mm&r=g\",\"contentUrl\":\"https:\/\/secure.gravatar.com\/avatar\/830d4c57adaae6630765e449a6908047?s=96&d=mm&r=g\",\"caption\":\"admpu17wp\"}}]}<\/script>\n<!-- \/ Yoast SEO plugin. -->","yoast_head_json":{"title":"30\u00b0 Aniversario del jard\u00edn bot\u00e1nico de la facultad de agronom\u00eda","description":"30\u00ba Aniversario del Jard\u00edn Bot\u00e1nico de la Facultad de Agronom\u00eda UNICEN, en el marco del 30\u00ba Aniversario del Jard\u00edn Bot\u00e1nico","robots":{"index":"index","follow":"follow","max-snippet":"max-snippet:-1","max-image-preview":"max-image-preview:large","max-video-preview":"max-video-preview:-1"},"canonical":"https:\/\/experienciadevida.com.ar\/portalurbano\/30o-aniversario-del-jardin-botanico-de-la-facultad-de-agronomia-unicen\/","og_locale":"es_ES","og_type":"article","og_title":"30\u00b0 Aniversario del jard\u00edn bot\u00e1nico de la facultad de agronom\u00eda","og_description":"30\u00ba Aniversario del Jard\u00edn Bot\u00e1nico de la Facultad de Agronom\u00eda UNICEN, en el marco del 30\u00ba Aniversario del Jard\u00edn Bot\u00e1nico","og_url":"https:\/\/experienciadevida.com.ar\/portalurbano\/30o-aniversario-del-jardin-botanico-de-la-facultad-de-agronomia-unicen\/","article_publisher":"https:\/\/www.facebook.com\/Portal-Urbano-171542830093757\/","article_published_time":"2022-06-25T13:42:32+00:00","article_modified_time":"2022-06-25T13:43:57+00:00","og_image":[{"width":1080,"height":1080,"url":"https:\/\/experienciadevida.com.ar\/portalurbano\/wp-content\/uploads\/2022\/06\/8fa8cbc9-dfbe-4522-962c-280c05bc728e.jpg","type":"image\/jpeg"}],"author":"admpu17wp","twitter_card":"summary_large_image","twitter_creator":"@portalurbanook","twitter_site":"@portalurbanook","twitter_misc":{"Escrito por":"admpu17wp","Tiempo de lectura":"2 minutos"},"schema":{"@context":"https:\/\/schema.org","@graph":[{"@type":"Article","@id":"https:\/\/experienciadevida.com.ar\/portalurbano\/30o-aniversario-del-jardin-botanico-de-la-facultad-de-agronomia-unicen\/#article","isPartOf":{"@id":"https:\/\/experienciadevida.com.ar\/portalurbano\/30o-aniversario-del-jardin-botanico-de-la-facultad-de-agronomia-unicen\/"},"author":{"name":"admpu17wp","@id":"https:\/\/experienciadevida.com.ar\/portalurbano\/#\/schema\/person\/02dd326b1c4b056e9cc972486934a3a7"},"headline":"30\u00ba Aniversario del Jard\u00edn Bot\u00e1nico de la Facultad de Agronom\u00eda UNICEN","datePublished":"2022-06-25T13:42:32+00:00","dateModified":"2022-06-25T13:43:57+00:00","mainEntityOfPage":{"@id":"https:\/\/experienciadevida.com.ar\/portalurbano\/30o-aniversario-del-jardin-botanico-de-la-facultad-de-agronomia-unicen\/"},"wordCount":368,"publisher":{"@id":"https:\/\/experienciadevida.com.ar\/portalurbano\/#organization"},"articleSection":["Ciudad"],"inLanguage":"es"},{"@type":"WebPage","@id":"https:\/\/experienciadevida.com.ar\/portalurbano\/30o-aniversario-del-jardin-botanico-de-la-facultad-de-agronomia-unicen\/","url":"https:\/\/experienciadevida.com.ar\/portalurbano\/30o-aniversario-del-jardin-botanico-de-la-facultad-de-agronomia-unicen\/","name":"30\u00b0 Aniversario del jard\u00edn bot\u00e1nico de la facultad de agronom\u00eda","isPartOf":{"@id":"https:\/\/experienciadevida.com.ar\/portalurbano\/#website"},"datePublished":"2022-06-25T13:42:32+00:00","dateModified":"2022-06-25T13:43:57+00:00","description":"30\u00ba Aniversario del Jard\u00edn Bot\u00e1nico de la Facultad de Agronom\u00eda UNICEN, en el marco del 30\u00ba Aniversario del Jard\u00edn Bot\u00e1nico","breadcrumb":{"@id":"https:\/\/experienciadevida.com.ar\/portalurbano\/30o-aniversario-del-jardin-botanico-de-la-facultad-de-agronomia-unicen\/#breadcrumb"},"inLanguage":"es","potentialAction":[{"@type":"ReadAction","target":["https:\/\/experienciadevida.com.ar\/portalurbano\/30o-aniversario-del-jardin-botanico-de-la-facultad-de-agronomia-unicen\/"]}]},{"@type":"BreadcrumbList","@id":"https:\/\/experienciadevida.com.ar\/portalurbano\/30o-aniversario-del-jardin-botanico-de-la-facultad-de-agronomia-unicen\/#breadcrumb","itemListElement":[{"@type":"ListItem","position":1,"name":"Portada","item":"https:\/\/experienciadevida.com.ar\/portalurbano\/"},{"@type":"ListItem","position":2,"name":"30\u00ba Aniversario del Jard\u00edn Bot\u00e1nico de la Facultad de Agronom\u00eda UNICEN"}]},{"@type":"WebSite","@id":"https:\/\/experienciadevida.com.ar\/portalurbano\/#website","url":"https:\/\/experienciadevida.com.ar\/portalurbano\/","name":"","description":"","publisher":{"@id":"https:\/\/experienciadevida.com.ar\/portalurbano\/#organization"},"potentialAction":[{"@type":"SearchAction","target":{"@type":"EntryPoint","urlTemplate":"https:\/\/experienciadevida.com.ar\/portalurbano\/?s={search_term_string}"},"query-input":"required name=search_term_string"}],"inLanguage":"es"},{"@type":"Organization","@id":"https:\/\/experienciadevida.com.ar\/portalurbano\/#organization","name":"Portal Urbano","url":"https:\/\/experienciadevida.com.ar\/portalurbano\/","logo":{"@type":"ImageObject","inLanguage":"es","@id":"https:\/\/experienciadevida.com.ar\/portalurbano\/#\/schema\/logo\/image\/","url":"https:\/\/experienciadevida.com.ar\/portalurbano\/wp-content\/uploads\/2019\/09\/Logo-Original.png","contentUrl":"https:\/\/experienciadevida.com.ar\/portalurbano\/wp-content\/uploads\/2019\/09\/Logo-Original.png","width":2236,"height":1216,"caption":"Portal Urbano"},"image":{"@id":"https:\/\/experienciadevida.com.ar\/portalurbano\/#\/schema\/logo\/image\/"},"sameAs":["https:\/\/www.facebook.com\/Portal-Urbano-171542830093757\/","https:\/\/twitter.com\/portalurbanook","https:\/\/www.instagram.com\/_portalurbano\/","https:\/\/www.youtube.com\/channel\/UCXhagIfszH8KxFiOok79zbA?view_as=subscriber"]},{"@type":"Person","@id":"https:\/\/experienciadevida.com.ar\/portalurbano\/#\/schema\/person\/02dd326b1c4b056e9cc972486934a3a7","name":"admpu17wp","image":{"@type":"ImageObject","inLanguage":"es","@id":"https:\/\/experienciadevida.com.ar\/portalurbano\/#\/schema\/person\/image\/","url":"https:\/\/secure.gravatar.com\/avatar\/830d4c57adaae6630765e449a6908047?s=96&d=mm&r=g","contentUrl":"https:\/\/secure.gravatar.com\/avatar\/830d4c57adaae6630765e449a6908047?s=96&d=mm&r=g","caption":"admpu17wp"}}]}},"featured_image_urls":{"full":["https:\/\/experienciadevida.com.ar\/portalurbano\/wp-content\/uploads\/2022\/06\/8fa8cbc9-dfbe-4522-962c-280c05bc728e.jpg",1080,1080,false],"thumbnail":["https:\/\/experienciadevida.com.ar\/portalurbano\/wp-content\/uploads\/2022\/06\/8fa8cbc9-dfbe-4522-962c-280c05bc728e-150x150.jpg",150,150,true],"medium":["https:\/\/experienciadevida.com.ar\/portalurbano\/wp-content\/uploads\/2022\/06\/8fa8cbc9-dfbe-4522-962c-280c05bc728e-300x300.jpg",300,300,true],"medium_large":["https:\/\/experienciadevida.com.ar\/portalurbano\/wp-content\/uploads\/2022\/06\/8fa8cbc9-dfbe-4522-962c-280c05bc728e-768x768.jpg",640,640,true],"large":["https:\/\/experienciadevida.com.ar\/portalurbano\/wp-content\/uploads\/2022\/06\/8fa8cbc9-dfbe-4522-962c-280c05bc728e-1024x1024.jpg",640,640,true],"ug_big":["https:\/\/experienciadevida.com.ar\/portalurbano\/wp-content\/uploads\/2022\/06\/8fa8cbc9-dfbe-4522-962c-280c05bc728e-768x768.jpg",768,768,true],"1536x1536":["https:\/\/experienciadevida.com.ar\/portalurbano\/wp-content\/uploads\/2022\/06\/8fa8cbc9-dfbe-4522-962c-280c05bc728e.jpg",1080,1080,false],"2048x2048":["https:\/\/experienciadevida.com.ar\/portalurbano\/wp-content\/uploads\/2022\/06\/8fa8cbc9-dfbe-4522-962c-280c05bc728e.jpg",1080,1080,false],"newsever-slider-full":["https:\/\/experienciadevida.com.ar\/portalurbano\/wp-content\/uploads\/2022\/06\/8fa8cbc9-dfbe-4522-962c-280c05bc728e.jpg",845,845,false],"newsever-featured":["https:\/\/experienciadevida.com.ar\/portalurbano\/wp-content\/uploads\/2022\/06\/8fa8cbc9-dfbe-4522-962c-280c05bc728e.jpg",1024,1024,false],"newsever-medium":["https:\/\/experienciadevida.com.ar\/portalurbano\/wp-content\/uploads\/2022\/06\/8fa8cbc9-dfbe-4522-962c-280c05bc728e.jpg",475,475,false],"web-stories-poster-portrait":["https:\/\/experienciadevida.com.ar\/portalurbano\/wp-content\/uploads\/2022\/06\/8fa8cbc9-dfbe-4522-962c-280c05bc728e.jpg",640,640,false],"web-stories-publisher-logo":["https:\/\/experienciadevida.com.ar\/portalurbano\/wp-content\/uploads\/2022\/06\/8fa8cbc9-dfbe-4522-962c-280c05bc728e.jpg",96,96,false],"web-stories-thumbnail":["https:\/\/experienciadevida.com.ar\/portalurbano\/wp-content\/uploads\/2022\/06\/8fa8cbc9-dfbe-4522-962c-280c05bc728e.jpg",150,150,false]},"author_info":{"display_name":"admpu17wp","author_link":"https:\/\/experienciadevida.com.ar\/portalurbano\/author\/admpu17wp\/"},"category_info":"<a href=\"https:\/\/experienciadevida.com.ar\/portalurbano\/category\/ciudad\/\" rel=\"category tag\">Ciudad<\/a>","tag_info":"Ciudad","comment_count":"0","amp_enabled":true,"_links":{"self":[{"href":"https:\/\/experienciadevida.com.ar\/portalurbano\/wp-json\/wp\/v2\/posts\/170194"}],"collection":[{"href":"https:\/\/experienciadevida.com.ar\/portalurbano\/wp-json\/wp\/v2\/posts"}],"about":[{"href":"https:\/\/experienciadevida.com.ar\/portalurbano\/wp-json\/wp\/v2\/types\/post"}],"author":[{"embeddable":true,"href":"https:\/\/experienciadevida.com.ar\/portalurbano\/wp-json\/wp\/v2\/users\/1"}],"replies":[{"embeddable":true,"href":"https:\/\/experienciadevida.com.ar\/portalurbano\/wp-json\/wp\/v2\/comments?post=170194"}],"version-history":[{"count":2,"href":"https:\/\/experienciadevida.com.ar\/portalurbano\/wp-json\/wp\/v2\/posts\/170194\/revisions"}],"predecessor-version":[{"id":170197,"href":"https:\/\/experienciadevida.com.ar\/portalurbano\/wp-json\/wp\/v2\/posts\/170194\/revisions\/170197"}],"wp:featuredmedia":[{"embeddable":true,"href":"https:\/\/experienciadevida.com.ar\/portalurbano\/wp-json\/wp\/v2\/media\/170195"}],"wp:attachment":[{"href":"https:\/\/experienciadevida.com.ar\/portalurbano\/wp-json\/wp\/v2\/media?parent=170194"}],"wp:term":[{"taxonomy":"category","embeddable":true,"href":"https:\/\/experienciadevida.com.ar\/portalurbano\/wp-json\/wp\/v2\/categories?post=170194"},{"taxonomy":"post_tag","embeddable":true,"href":"https:\/\/experienciadevida.com.ar\/portalurbano\/wp-json\/wp\/v2\/tags?post=170194"}],"curies":[{"name":"wp","href":"https:\/\/api.w.org\/{rel}","templated":true}]}}