{"id":170172,"date":"2022-06-24T19:48:15","date_gmt":"2022-06-24T22:48:15","guid":{"rendered":"https:\/\/experienciadevida.com.ar\/portalurbano\/?p=170172"},"modified":"2022-06-24T20:02:21","modified_gmt":"2022-06-24T23:02:21","slug":"aguilera-recorrio-el-inicio-de-obra-de-las-21-viviendas-del-barrio-educadores","status":"publish","type":"post","link":"https:\/\/experienciadevida.com.ar\/portalurbano\/aguilera-recorrio-el-inicio-de-obra-de-las-21-viviendas-del-barrio-educadores\/","title":{"rendered":"Aguilera recorri\u00f3 el inicio de obra de las 21 viviendas del barrio Educadores"},"content":{"rendered":"<p>Aguilera recorri\u00f3 el inicio de obra de las 21 viviendas del barrio Educadores, lo hizo durante la ma\u00f1ana de este viernes y confirm\u00f3 que la Asociaci\u00f3n Civil del barrio ya recibi\u00f3 el primer anticipo de 39 millones proveniente de Provincia.<\/p>\n<p>El funcionario provincial estuvo en el predio donde se construir\u00e1n las 21 viviendas que son parte de la \u00faltima etapa del complejo. Una obra muy esperada por los vecinos y vecinas luego de 21 a\u00f1os de espera, que fue confirmada por Aguilera en marzo de este mismo a\u00f1o luego de las gestiones realizadas ante el Ministerio de H\u00e1bitat y Desarrollo Urbano de la provincia de Buenos Aires.<\/p>\n<p>Aguilera estuvo acompa\u00f1ado por los arquitectos a cargo de la obra, Rub\u00e9n Placenti y N\u00e9stor Martorano, con quienes dialog\u00f3 sobre los plazos de ejecuci\u00f3n y detalles t\u00e9cnicos de la construcci\u00f3n. Durante la primera etapa se est\u00e1n haciendo las plateas de las diferentes viviendas.<\/p>\n<p>Al respecto, el Subsecretario de Miner\u00eda destac\u00f3: \u201cNos llena de alegr\u00eda ver que ya est\u00e1n trabajando, los adjudicatarios tambi\u00e9n est\u00e1n muy ilusionados, pudimos cumplir con los plazos estipulados as\u00ed que nos acercamos para hablar con los trabajadores, arquitectos y vecinos. Despu\u00e9s de 21 a\u00f1os las familias concretar\u00e1n el sue\u00f1o de la casa propia\u201d.<\/p>\n<p>Las casas tendr\u00e1n 68 m2 en planta baja, distribuidos en cocina-comedor, ba\u00f1o y dos dormitorios. Estar\u00e1n ubicadas en Avenida La Rioja, Avenida Pueyrred\u00f3n, Ram\u00f3n Rend\u00f3n y R\u00edo Negro.<\/p>\n","protected":false},"excerpt":{"rendered":"<p>Aguilera recorri\u00f3 el inicio de obra de las 21 viviendas del barrio Educadores, lo hizo&#8230;<\/p>\n","protected":false},"author":1,"featured_media":170173,"comment_status":"closed","ping_status":"closed","sticky":false,"template":"","format":"standard","meta":{"content-type":""},"categories":[27,64],"tags":[],"nelio_content":{"isAutoShareEnabled":false,"autoShareEndMode":"default","automationSources":{"useContentSentences":true,"useSocialTemplates":true,"useCustomSentences":false,"customSentences":[]},"followers":[1],"suggestedReferences":[],"includedReferences":[],"efiUrl":"","efiAlt":"","highlights":[]},"yoast_head":"<!-- This site is optimized with the Yoast SEO plugin v20.7 - https:\/\/yoast.com\/wordpress\/plugins\/seo\/ -->\n<title>Aguilera recorri\u00f3 el inicio de obra de las 21 viviendas del B Eduadores<\/title>\n<meta name=\"description\" content=\"Aguilera recorri\u00f3 el inicio de obra de las 21 viviendas del barrio Educadores, lo hizo durante la ma\u00f1ana de este viernes\" \/>\n<meta name=\"robots\" content=\"index, follow, max-snippet:-1, max-image-preview:large, max-video-preview:-1\" \/>\n<link rel=\"canonical\" href=\"https:\/\/experienciadevida.com.ar\/portalurbano\/aguilera-recorrio-el-inicio-de-obra-de-las-21-viviendas-del-barrio-educadores\/\" \/>\n<meta property=\"og:locale\" content=\"es_ES\" \/>\n<meta property=\"og:type\" content=\"article\" \/>\n<meta property=\"og:title\" content=\"Aguilera recorri\u00f3 el inicio de obra de las 21 viviendas del B Eduadores\" \/>\n<meta property=\"og:description\" content=\"Aguilera recorri\u00f3 el inicio de obra de las 21 viviendas del barrio Educadores, lo hizo durante la ma\u00f1ana de este viernes\" \/>\n<meta property=\"og:url\" content=\"https:\/\/experienciadevida.com.ar\/portalurbano\/aguilera-recorrio-el-inicio-de-obra-de-las-21-viviendas-del-barrio-educadores\/\" \/>\n<meta property=\"article:publisher\" content=\"https:\/\/www.facebook.com\/Portal-Urbano-171542830093757\/\" \/>\n<meta property=\"article:published_time\" content=\"2022-06-24T22:48:15+00:00\" \/>\n<meta property=\"article:modified_time\" content=\"2022-06-24T23:02:21+00:00\" \/>\n<meta property=\"og:image\" content=\"https:\/\/experienciadevida.com.ar\/portalurbano\/wp-content\/uploads\/2022\/06\/Aguilera-recorrio-el-inicio.jpg\" \/>\n\t<meta property=\"og:image:width\" content=\"1600\" \/>\n\t<meta property=\"og:image:height\" content=\"994\" \/>\n\t<meta property=\"og:image:type\" content=\"image\/jpeg\" \/>\n<meta name=\"author\" content=\"admpu17wp\" \/>\n<meta name=\"twitter:card\" content=\"summary_large_image\" \/>\n<meta name=\"twitter:creator\" content=\"@portalurbanook\" \/>\n<meta name=\"twitter:site\" content=\"@portalurbanook\" \/>\n<meta name=\"twitter:label1\" content=\"Escrito por\" \/>\n\t<meta name=\"twitter:data1\" content=\"admpu17wp\" \/>\n\t<meta name=\"twitter:label2\" content=\"Tiempo de lectura\" \/>\n\t<meta name=\"twitter:data2\" content=\"2 minutos\" \/>\n<script type=\"application\/ld+json\" class=\"yoast-schema-graph\">{\"@context\":\"https:\/\/schema.org\",\"@graph\":[{\"@type\":\"Article\",\"@id\":\"https:\/\/experienciadevida.com.ar\/portalurbano\/aguilera-recorrio-el-inicio-de-obra-de-las-21-viviendas-del-barrio-educadores\/#article\",\"isPartOf\":{\"@id\":\"https:\/\/experienciadevida.com.ar\/portalurbano\/aguilera-recorrio-el-inicio-de-obra-de-las-21-viviendas-del-barrio-educadores\/\"},\"author\":{\"name\":\"admpu17wp\",\"@id\":\"https:\/\/experienciadevida.com.ar\/portalurbano\/#\/schema\/person\/02dd326b1c4b056e9cc972486934a3a7\"},\"headline\":\"Aguilera recorri\u00f3 el inicio de obra de las 21 viviendas del barrio Educadores\",\"datePublished\":\"2022-06-24T22:48:15+00:00\",\"dateModified\":\"2022-06-24T23:02:21+00:00\",\"mainEntityOfPage\":{\"@id\":\"https:\/\/experienciadevida.com.ar\/portalurbano\/aguilera-recorrio-el-inicio-de-obra-de-las-21-viviendas-del-barrio-educadores\/\"},\"wordCount\":266,\"publisher\":{\"@id\":\"https:\/\/experienciadevida.com.ar\/portalurbano\/#organization\"},\"articleSection\":[\"Ciudad\",\"Destacadas 2\"],\"inLanguage\":\"es\"},{\"@type\":\"WebPage\",\"@id\":\"https:\/\/experienciadevida.com.ar\/portalurbano\/aguilera-recorrio-el-inicio-de-obra-de-las-21-viviendas-del-barrio-educadores\/\",\"url\":\"https:\/\/experienciadevida.com.ar\/portalurbano\/aguilera-recorrio-el-inicio-de-obra-de-las-21-viviendas-del-barrio-educadores\/\",\"name\":\"Aguilera recorri\u00f3 el inicio de obra de las 21 viviendas del B Eduadores\",\"isPartOf\":{\"@id\":\"https:\/\/experienciadevida.com.ar\/portalurbano\/#website\"},\"datePublished\":\"2022-06-24T22:48:15+00:00\",\"dateModified\":\"2022-06-24T23:02:21+00:00\",\"description\":\"Aguilera recorri\u00f3 el inicio de obra de las 21 viviendas del barrio Educadores, lo hizo durante la ma\u00f1ana de este viernes\",\"breadcrumb\":{\"@id\":\"https:\/\/experienciadevida.com.ar\/portalurbano\/aguilera-recorrio-el-inicio-de-obra-de-las-21-viviendas-del-barrio-educadores\/#breadcrumb\"},\"inLanguage\":\"es\",\"potentialAction\":[{\"@type\":\"ReadAction\",\"target\":[\"https:\/\/experienciadevida.com.ar\/portalurbano\/aguilera-recorrio-el-inicio-de-obra-de-las-21-viviendas-del-barrio-educadores\/\"]}]},{\"@type\":\"BreadcrumbList\",\"@id\":\"https:\/\/experienciadevida.com.ar\/portalurbano\/aguilera-recorrio-el-inicio-de-obra-de-las-21-viviendas-del-barrio-educadores\/#breadcrumb\",\"itemListElement\":[{\"@type\":\"ListItem\",\"position\":1,\"name\":\"Portada\",\"item\":\"https:\/\/experienciadevida.com.ar\/portalurbano\/\"},{\"@type\":\"ListItem\",\"position\":2,\"name\":\"Aguilera recorri\u00f3 el inicio de obra de las 21 viviendas del barrio Educadores\"}]},{\"@type\":\"WebSite\",\"@id\":\"https:\/\/experienciadevida.com.ar\/portalurbano\/#website\",\"url\":\"https:\/\/experienciadevida.com.ar\/portalurbano\/\",\"name\":\"\",\"description\":\"\",\"publisher\":{\"@id\":\"https:\/\/experienciadevida.com.ar\/portalurbano\/#organization\"},\"potentialAction\":[{\"@type\":\"SearchAction\",\"target\":{\"@type\":\"EntryPoint\",\"urlTemplate\":\"https:\/\/experienciadevida.com.ar\/portalurbano\/?s={search_term_string}\"},\"query-input\":\"required name=search_term_string\"}],\"inLanguage\":\"es\"},{\"@type\":\"Organization\",\"@id\":\"https:\/\/experienciadevida.com.ar\/portalurbano\/#organization\",\"name\":\"Portal Urbano\",\"url\":\"https:\/\/experienciadevida.com.ar\/portalurbano\/\",\"logo\":{\"@type\":\"ImageObject\",\"inLanguage\":\"es\",\"@id\":\"https:\/\/experienciadevida.com.ar\/portalurbano\/#\/schema\/logo\/image\/\",\"url\":\"https:\/\/experienciadevida.com.ar\/portalurbano\/wp-content\/uploads\/2019\/09\/Logo-Original.png\",\"contentUrl\":\"https:\/\/experienciadevida.com.ar\/portalurbano\/wp-content\/uploads\/2019\/09\/Logo-Original.png\",\"width\":2236,\"height\":1216,\"caption\":\"Portal Urbano\"},\"image\":{\"@id\":\"https:\/\/experienciadevida.com.ar\/portalurbano\/#\/schema\/logo\/image\/\"},\"sameAs\":[\"https:\/\/www.facebook.com\/Portal-Urbano-171542830093757\/\",\"https:\/\/twitter.com\/portalurbanook\",\"https:\/\/www.instagram.com\/_portalurbano\/\",\"https:\/\/www.youtube.com\/channel\/UCXhagIfszH8KxFiOok79zbA?view_as=subscriber\"]},{\"@type\":\"Person\",\"@id\":\"https:\/\/experienciadevida.com.ar\/portalurbano\/#\/schema\/person\/02dd326b1c4b056e9cc972486934a3a7\",\"name\":\"admpu17wp\",\"image\":{\"@type\":\"ImageObject\",\"inLanguage\":\"es\",\"@id\":\"https:\/\/experienciadevida.com.ar\/portalurbano\/#\/schema\/person\/image\/\",\"url\":\"https:\/\/secure.gravatar.com\/avatar\/830d4c57adaae6630765e449a6908047?s=96&d=mm&r=g\",\"contentUrl\":\"https:\/\/secure.gravatar.com\/avatar\/830d4c57adaae6630765e449a6908047?s=96&d=mm&r=g\",\"caption\":\"admpu17wp\"}}]}<\/script>\n<!-- \/ Yoast SEO plugin. -->","yoast_head_json":{"title":"Aguilera recorri\u00f3 el inicio de obra de las 21 viviendas del B Eduadores","description":"Aguilera recorri\u00f3 el inicio de obra de las 21 viviendas del barrio Educadores, lo hizo durante la ma\u00f1ana de este viernes","robots":{"index":"index","follow":"follow","max-snippet":"max-snippet:-1","max-image-preview":"max-image-preview:large","max-video-preview":"max-video-preview:-1"},"canonical":"https:\/\/experienciadevida.com.ar\/portalurbano\/aguilera-recorrio-el-inicio-de-obra-de-las-21-viviendas-del-barrio-educadores\/","og_locale":"es_ES","og_type":"article","og_title":"Aguilera recorri\u00f3 el inicio de obra de las 21 viviendas del B Eduadores","og_description":"Aguilera recorri\u00f3 el inicio de obra de las 21 viviendas del barrio Educadores, lo hizo durante la ma\u00f1ana de este viernes","og_url":"https:\/\/experienciadevida.com.ar\/portalurbano\/aguilera-recorrio-el-inicio-de-obra-de-las-21-viviendas-del-barrio-educadores\/","article_publisher":"https:\/\/www.facebook.com\/Portal-Urbano-171542830093757\/","article_published_time":"2022-06-24T22:48:15+00:00","article_modified_time":"2022-06-24T23:02:21+00:00","og_image":[{"width":1600,"height":994,"url":"https:\/\/experienciadevida.com.ar\/portalurbano\/wp-content\/uploads\/2022\/06\/Aguilera-recorrio-el-inicio.jpg","type":"image\/jpeg"}],"author":"admpu17wp","twitter_card":"summary_large_image","twitter_creator":"@portalurbanook","twitter_site":"@portalurbanook","twitter_misc":{"Escrito por":"admpu17wp","Tiempo de lectura":"2 minutos"},"schema":{"@context":"https:\/\/schema.org","@graph":[{"@type":"Article","@id":"https:\/\/experienciadevida.com.ar\/portalurbano\/aguilera-recorrio-el-inicio-de-obra-de-las-21-viviendas-del-barrio-educadores\/#article","isPartOf":{"@id":"https:\/\/experienciadevida.com.ar\/portalurbano\/aguilera-recorrio-el-inicio-de-obra-de-las-21-viviendas-del-barrio-educadores\/"},"author":{"name":"admpu17wp","@id":"https:\/\/experienciadevida.com.ar\/portalurbano\/#\/schema\/person\/02dd326b1c4b056e9cc972486934a3a7"},"headline":"Aguilera recorri\u00f3 el inicio de obra de las 21 viviendas del barrio Educadores","datePublished":"2022-06-24T22:48:15+00:00","dateModified":"2022-06-24T23:02:21+00:00","mainEntityOfPage":{"@id":"https:\/\/experienciadevida.com.ar\/portalurbano\/aguilera-recorrio-el-inicio-de-obra-de-las-21-viviendas-del-barrio-educadores\/"},"wordCount":266,"publisher":{"@id":"https:\/\/experienciadevida.com.ar\/portalurbano\/#organization"},"articleSection":["Ciudad","Destacadas 2"],"inLanguage":"es"},{"@type":"WebPage","@id":"https:\/\/experienciadevida.com.ar\/portalurbano\/aguilera-recorrio-el-inicio-de-obra-de-las-21-viviendas-del-barrio-educadores\/","url":"https:\/\/experienciadevida.com.ar\/portalurbano\/aguilera-recorrio-el-inicio-de-obra-de-las-21-viviendas-del-barrio-educadores\/","name":"Aguilera recorri\u00f3 el inicio de obra de las 21 viviendas del B Eduadores","isPartOf":{"@id":"https:\/\/experienciadevida.com.ar\/portalurbano\/#website"},"datePublished":"2022-06-24T22:48:15+00:00","dateModified":"2022-06-24T23:02:21+00:00","description":"Aguilera recorri\u00f3 el inicio de obra de las 21 viviendas del barrio Educadores, lo hizo durante la ma\u00f1ana de este viernes","breadcrumb":{"@id":"https:\/\/experienciadevida.com.ar\/portalurbano\/aguilera-recorrio-el-inicio-de-obra-de-las-21-viviendas-del-barrio-educadores\/#breadcrumb"},"inLanguage":"es","potentialAction":[{"@type":"ReadAction","target":["https:\/\/experienciadevida.com.ar\/portalurbano\/aguilera-recorrio-el-inicio-de-obra-de-las-21-viviendas-del-barrio-educadores\/"]}]},{"@type":"BreadcrumbList","@id":"https:\/\/experienciadevida.com.ar\/portalurbano\/aguilera-recorrio-el-inicio-de-obra-de-las-21-viviendas-del-barrio-educadores\/#breadcrumb","itemListElement":[{"@type":"ListItem","position":1,"name":"Portada","item":"https:\/\/experienciadevida.com.ar\/portalurbano\/"},{"@type":"ListItem","position":2,"name":"Aguilera recorri\u00f3 el inicio de obra de las 21 viviendas del barrio Educadores"}]},{"@type":"WebSite","@id":"https:\/\/experienciadevida.com.ar\/portalurbano\/#website","url":"https:\/\/experienciadevida.com.ar\/portalurbano\/","name":"","description":"","publisher":{"@id":"https:\/\/experienciadevida.com.ar\/portalurbano\/#organization"},"potentialAction":[{"@type":"SearchAction","target":{"@type":"EntryPoint","urlTemplate":"https:\/\/experienciadevida.com.ar\/portalurbano\/?s={search_term_string}"},"query-input":"required name=search_term_string"}],"inLanguage":"es"},{"@type":"Organization","@id":"https:\/\/experienciadevida.com.ar\/portalurbano\/#organization","name":"Portal Urbano","url":"https:\/\/experienciadevida.com.ar\/portalurbano\/","logo":{"@type":"ImageObject","inLanguage":"es","@id":"https:\/\/experienciadevida.com.ar\/portalurbano\/#\/schema\/logo\/image\/","url":"https:\/\/experienciadevida.com.ar\/portalurbano\/wp-content\/uploads\/2019\/09\/Logo-Original.png","contentUrl":"https:\/\/experienciadevida.com.ar\/portalurbano\/wp-content\/uploads\/2019\/09\/Logo-Original.png","width":2236,"height":1216,"caption":"Portal Urbano"},"image":{"@id":"https:\/\/experienciadevida.com.ar\/portalurbano\/#\/schema\/logo\/image\/"},"sameAs":["https:\/\/www.facebook.com\/Portal-Urbano-171542830093757\/","https:\/\/twitter.com\/portalurbanook","https:\/\/www.instagram.com\/_portalurbano\/","https:\/\/www.youtube.com\/channel\/UCXhagIfszH8KxFiOok79zbA?view_as=subscriber"]},{"@type":"Person","@id":"https:\/\/experienciadevida.com.ar\/portalurbano\/#\/schema\/person\/02dd326b1c4b056e9cc972486934a3a7","name":"admpu17wp","image":{"@type":"ImageObject","inLanguage":"es","@id":"https:\/\/experienciadevida.com.ar\/portalurbano\/#\/schema\/person\/image\/","url":"https:\/\/secure.gravatar.com\/avatar\/830d4c57adaae6630765e449a6908047?s=96&d=mm&r=g","contentUrl":"https:\/\/secure.gravatar.com\/avatar\/830d4c57adaae6630765e449a6908047?s=96&d=mm&r=g","caption":"admpu17wp"}}]}},"featured_image_urls":{"full":["https:\/\/experienciadevida.com.ar\/portalurbano\/wp-content\/uploads\/2022\/06\/Aguilera-recorrio-el-inicio.jpg",1600,994,false],"thumbnail":["https:\/\/experienciadevida.com.ar\/portalurbano\/wp-content\/uploads\/2022\/06\/Aguilera-recorrio-el-inicio-150x150.jpg",150,150,true],"medium":["https:\/\/experienciadevida.com.ar\/portalurbano\/wp-content\/uploads\/2022\/06\/Aguilera-recorrio-el-inicio-300x186.jpg",300,186,true],"medium_large":["https:\/\/experienciadevida.com.ar\/portalurbano\/wp-content\/uploads\/2022\/06\/Aguilera-recorrio-el-inicio-768x477.jpg",640,398,true],"large":["https:\/\/experienciadevida.com.ar\/portalurbano\/wp-content\/uploads\/2022\/06\/Aguilera-recorrio-el-inicio-1024x636.jpg",640,398,true],"ug_big":["https:\/\/experienciadevida.com.ar\/portalurbano\/wp-content\/uploads\/2022\/06\/Aguilera-recorrio-el-inicio-768x477.jpg",768,477,true],"1536x1536":["https:\/\/experienciadevida.com.ar\/portalurbano\/wp-content\/uploads\/2022\/06\/Aguilera-recorrio-el-inicio-1536x954.jpg",1536,954,true],"2048x2048":["https:\/\/experienciadevida.com.ar\/portalurbano\/wp-content\/uploads\/2022\/06\/Aguilera-recorrio-el-inicio.jpg",1600,994,false],"newsever-slider-full":["https:\/\/experienciadevida.com.ar\/portalurbano\/wp-content\/uploads\/2022\/06\/Aguilera-recorrio-el-inicio.jpg",1280,795,false],"newsever-featured":["https:\/\/experienciadevida.com.ar\/portalurbano\/wp-content\/uploads\/2022\/06\/Aguilera-recorrio-el-inicio.jpg",1024,636,false],"newsever-medium":["https:\/\/experienciadevida.com.ar\/portalurbano\/wp-content\/uploads\/2022\/06\/Aguilera-recorrio-el-inicio.jpg",720,447,false],"web-stories-poster-portrait":["https:\/\/experienciadevida.com.ar\/portalurbano\/wp-content\/uploads\/2022\/06\/Aguilera-recorrio-el-inicio.jpg",640,398,false],"web-stories-publisher-logo":["https:\/\/experienciadevida.com.ar\/portalurbano\/wp-content\/uploads\/2022\/06\/Aguilera-recorrio-el-inicio.jpg",96,60,false],"web-stories-thumbnail":["https:\/\/experienciadevida.com.ar\/portalurbano\/wp-content\/uploads\/2022\/06\/Aguilera-recorrio-el-inicio.jpg",150,93,false]},"author_info":{"display_name":"admpu17wp","author_link":"https:\/\/experienciadevida.com.ar\/portalurbano\/author\/admpu17wp\/"},"category_info":"<a href=\"https:\/\/experienciadevida.com.ar\/portalurbano\/category\/ciudad\/\" rel=\"category tag\">Ciudad<\/a> <a href=\"https:\/\/experienciadevida.com.ar\/portalurbano\/category\/destacadas-2\/\" rel=\"category tag\">Destacadas 2<\/a>","tag_info":"Destacadas 2","comment_count":"0","amp_enabled":true,"_links":{"self":[{"href":"https:\/\/experienciadevida.com.ar\/portalurbano\/wp-json\/wp\/v2\/posts\/170172"}],"collection":[{"href":"https:\/\/experienciadevida.com.ar\/portalurbano\/wp-json\/wp\/v2\/posts"}],"about":[{"href":"https:\/\/experienciadevida.com.ar\/portalurbano\/wp-json\/wp\/v2\/types\/post"}],"author":[{"embeddable":true,"href":"https:\/\/experienciadevida.com.ar\/portalurbano\/wp-json\/wp\/v2\/users\/1"}],"replies":[{"embeddable":true,"href":"https:\/\/experienciadevida.com.ar\/portalurbano\/wp-json\/wp\/v2\/comments?post=170172"}],"version-history":[{"count":1,"href":"https:\/\/experienciadevida.com.ar\/portalurbano\/wp-json\/wp\/v2\/posts\/170172\/revisions"}],"predecessor-version":[{"id":170174,"href":"https:\/\/experienciadevida.com.ar\/portalurbano\/wp-json\/wp\/v2\/posts\/170172\/revisions\/170174"}],"wp:featuredmedia":[{"embeddable":true,"href":"https:\/\/experienciadevida.com.ar\/portalurbano\/wp-json\/wp\/v2\/media\/170173"}],"wp:attachment":[{"href":"https:\/\/experienciadevida.com.ar\/portalurbano\/wp-json\/wp\/v2\/media?parent=170172"}],"wp:term":[{"taxonomy":"category","embeddable":true,"href":"https:\/\/experienciadevida.com.ar\/portalurbano\/wp-json\/wp\/v2\/categories?post=170172"},{"taxonomy":"post_tag","embeddable":true,"href":"https:\/\/experienciadevida.com.ar\/portalurbano\/wp-json\/wp\/v2\/tags?post=170172"}],"curies":[{"name":"wp","href":"https:\/\/api.w.org\/{rel}","templated":true}]}}