{"id":170141,"date":"2022-06-24T15:58:46","date_gmt":"2022-06-24T18:58:46","guid":{"rendered":"https:\/\/experienciadevida.com.ar\/portalurbano\/?p=170141"},"modified":"2022-06-24T16:03:17","modified_gmt":"2022-06-24T19:03:17","slug":"acompanamiento-a-proyectos-integrales-de-la-industria-grafica","status":"publish","type":"post","link":"https:\/\/experienciadevida.com.ar\/portalurbano\/acompanamiento-a-proyectos-integrales-de-la-industria-grafica\/","title":{"rendered":"Acompa\u00f1amiento a proyectos integrales de la industria gr\u00e1fica"},"content":{"rendered":"<p>Acompa\u00f1amiento a proyectos integrales de la industria gr\u00e1fica, d\u00edas atr\u00e1s el Secretario de Desarrollo Econ\u00f3mico, Julio Valetutto, junto a la Subsecretaria de Empresas e Inversiones, Emilia D\u00edaz, visitaron Concept, un comercio dedicado a la asesor\u00eda y desarrollo de proyectos integrales de la industria gr\u00e1fica.<\/p>\n<p>El local, que est\u00e1 ubicado en Av. Col\u00f3n 1825, con m\u00e1s de once a\u00f1os de experiencia en la comunicaci\u00f3n visual, es una de las empresas l\u00edderes en la ciudad. Maia Reano, due\u00f1a del comercio, explic\u00f3 que cuenta tambi\u00e9n con una sede m\u00e1s, destinada a trabajos de herrer\u00eda y madera, para realizar estructuras o equipamiento necesario para los servicios que ofrecen de este tipo.<\/p>\n<p>Se apuesta desde Concept a tecnolog\u00eda de \u00faltima generaci\u00f3n y estructuras necesarias para la realizaci\u00f3n de proyectos integrales, carteles comerciales y todo tipo de servicios de gran formato gr\u00e1fico. Destaca la importancia de ofrecer asesor\u00eda gr\u00e1fica y mobiliaria personalizada, adapt\u00e1ndose a cada necesidad.<\/p>\n<p>Cabe destacar que, desde las distintas \u00e1reas que integran la Secretar\u00eda de Desarrollo Econ\u00f3mico del Municipio, se acompa\u00f1a a cada peque\u00f1o, mediano y gran empresario mediante diferentes servicios, tales como l\u00edneas de empleo, cr\u00e9ditos y gestiones y asesoramiento en general.<\/p>\n<p>El acompa\u00f1amiento se efect\u00faa de forma personalizada e incluye visitas peri\u00f3dicas a referentes de comercios, emprendimientos e industrias locales, a los fines de dialogar, responder inquietudes y brindar informaci\u00f3n acerca de las distintas l\u00edneas de servicio.<\/p>\n","protected":false},"excerpt":{"rendered":"<p>Acompa\u00f1amiento a proyectos integrales de la industria gr\u00e1fica, d\u00edas atr\u00e1s el Secretario de Desarrollo Econ\u00f3mico,&#8230;<\/p>\n","protected":false},"author":1,"featured_media":170142,"comment_status":"closed","ping_status":"closed","sticky":false,"template":"","format":"standard","meta":{"content-type":""},"categories":[27,51],"tags":[],"nelio_content":{"isAutoShareEnabled":false,"autoShareEndMode":"default","automationSources":{"useContentSentences":true,"useSocialTemplates":true,"useCustomSentences":false,"customSentences":[]},"followers":[1],"suggestedReferences":[],"includedReferences":[],"efiUrl":"","efiAlt":"","highlights":[]},"yoast_head":"<!-- This site is optimized with the Yoast SEO plugin v20.7 - https:\/\/yoast.com\/wordpress\/plugins\/seo\/ -->\n<title>Acompa\u00f1amiento a proyectos integrales de la industria gr\u00e1fica<\/title>\n<meta name=\"description\" content=\"Acompa\u00f1amiento a proyectos integrales de la industria gr\u00e1fica, d\u00edas atr\u00e1s el Secretario de Desarrollo Econ\u00f3mico, Julio Valetutto\" \/>\n<meta name=\"robots\" content=\"index, follow, max-snippet:-1, max-image-preview:large, max-video-preview:-1\" \/>\n<link rel=\"canonical\" href=\"https:\/\/experienciadevida.com.ar\/portalurbano\/acompanamiento-a-proyectos-integrales-de-la-industria-grafica\/\" \/>\n<meta property=\"og:locale\" content=\"es_ES\" \/>\n<meta property=\"og:type\" content=\"article\" \/>\n<meta property=\"og:title\" content=\"Acompa\u00f1amiento a proyectos integrales de la industria gr\u00e1fica\" \/>\n<meta property=\"og:description\" content=\"Acompa\u00f1amiento a proyectos integrales de la industria gr\u00e1fica, d\u00edas atr\u00e1s el Secretario de Desarrollo Econ\u00f3mico, Julio Valetutto\" \/>\n<meta property=\"og:url\" content=\"https:\/\/experienciadevida.com.ar\/portalurbano\/acompanamiento-a-proyectos-integrales-de-la-industria-grafica\/\" \/>\n<meta property=\"article:publisher\" content=\"https:\/\/www.facebook.com\/Portal-Urbano-171542830093757\/\" \/>\n<meta property=\"article:published_time\" content=\"2022-06-24T18:58:46+00:00\" \/>\n<meta property=\"article:modified_time\" content=\"2022-06-24T19:03:17+00:00\" \/>\n<meta property=\"og:image\" content=\"https:\/\/experienciadevida.com.ar\/portalurbano\/wp-content\/uploads\/2022\/06\/Acompanamiento-a-proyectos-integrales.jpg\" \/>\n\t<meta property=\"og:image:width\" content=\"1024\" \/>\n\t<meta property=\"og:image:height\" content=\"608\" \/>\n\t<meta property=\"og:image:type\" content=\"image\/jpeg\" \/>\n<meta name=\"author\" content=\"admpu17wp\" \/>\n<meta name=\"twitter:card\" content=\"summary_large_image\" \/>\n<meta name=\"twitter:creator\" content=\"@portalurbanook\" \/>\n<meta name=\"twitter:site\" content=\"@portalurbanook\" \/>\n<meta name=\"twitter:label1\" content=\"Escrito por\" \/>\n\t<meta name=\"twitter:data1\" content=\"admpu17wp\" \/>\n\t<meta name=\"twitter:label2\" content=\"Tiempo de lectura\" \/>\n\t<meta name=\"twitter:data2\" content=\"2 minutos\" \/>\n<script type=\"application\/ld+json\" class=\"yoast-schema-graph\">{\"@context\":\"https:\/\/schema.org\",\"@graph\":[{\"@type\":\"Article\",\"@id\":\"https:\/\/experienciadevida.com.ar\/portalurbano\/acompanamiento-a-proyectos-integrales-de-la-industria-grafica\/#article\",\"isPartOf\":{\"@id\":\"https:\/\/experienciadevida.com.ar\/portalurbano\/acompanamiento-a-proyectos-integrales-de-la-industria-grafica\/\"},\"author\":{\"name\":\"admpu17wp\",\"@id\":\"https:\/\/experienciadevida.com.ar\/portalurbano\/#\/schema\/person\/02dd326b1c4b056e9cc972486934a3a7\"},\"headline\":\"Acompa\u00f1amiento a proyectos integrales de la industria gr\u00e1fica\",\"datePublished\":\"2022-06-24T18:58:46+00:00\",\"dateModified\":\"2022-06-24T19:03:17+00:00\",\"mainEntityOfPage\":{\"@id\":\"https:\/\/experienciadevida.com.ar\/portalurbano\/acompanamiento-a-proyectos-integrales-de-la-industria-grafica\/\"},\"wordCount\":270,\"publisher\":{\"@id\":\"https:\/\/experienciadevida.com.ar\/portalurbano\/#organization\"},\"articleSection\":[\"Ciudad\",\"Destacadas\"],\"inLanguage\":\"es\"},{\"@type\":\"WebPage\",\"@id\":\"https:\/\/experienciadevida.com.ar\/portalurbano\/acompanamiento-a-proyectos-integrales-de-la-industria-grafica\/\",\"url\":\"https:\/\/experienciadevida.com.ar\/portalurbano\/acompanamiento-a-proyectos-integrales-de-la-industria-grafica\/\",\"name\":\"Acompa\u00f1amiento a proyectos integrales de la industria gr\u00e1fica\",\"isPartOf\":{\"@id\":\"https:\/\/experienciadevida.com.ar\/portalurbano\/#website\"},\"datePublished\":\"2022-06-24T18:58:46+00:00\",\"dateModified\":\"2022-06-24T19:03:17+00:00\",\"description\":\"Acompa\u00f1amiento a proyectos integrales de la industria gr\u00e1fica, d\u00edas atr\u00e1s el Secretario de Desarrollo Econ\u00f3mico, Julio Valetutto\",\"breadcrumb\":{\"@id\":\"https:\/\/experienciadevida.com.ar\/portalurbano\/acompanamiento-a-proyectos-integrales-de-la-industria-grafica\/#breadcrumb\"},\"inLanguage\":\"es\",\"potentialAction\":[{\"@type\":\"ReadAction\",\"target\":[\"https:\/\/experienciadevida.com.ar\/portalurbano\/acompanamiento-a-proyectos-integrales-de-la-industria-grafica\/\"]}]},{\"@type\":\"BreadcrumbList\",\"@id\":\"https:\/\/experienciadevida.com.ar\/portalurbano\/acompanamiento-a-proyectos-integrales-de-la-industria-grafica\/#breadcrumb\",\"itemListElement\":[{\"@type\":\"ListItem\",\"position\":1,\"name\":\"Portada\",\"item\":\"https:\/\/experienciadevida.com.ar\/portalurbano\/\"},{\"@type\":\"ListItem\",\"position\":2,\"name\":\"Acompa\u00f1amiento a proyectos integrales de la industria gr\u00e1fica\"}]},{\"@type\":\"WebSite\",\"@id\":\"https:\/\/experienciadevida.com.ar\/portalurbano\/#website\",\"url\":\"https:\/\/experienciadevida.com.ar\/portalurbano\/\",\"name\":\"\",\"description\":\"\",\"publisher\":{\"@id\":\"https:\/\/experienciadevida.com.ar\/portalurbano\/#organization\"},\"potentialAction\":[{\"@type\":\"SearchAction\",\"target\":{\"@type\":\"EntryPoint\",\"urlTemplate\":\"https:\/\/experienciadevida.com.ar\/portalurbano\/?s={search_term_string}\"},\"query-input\":\"required name=search_term_string\"}],\"inLanguage\":\"es\"},{\"@type\":\"Organization\",\"@id\":\"https:\/\/experienciadevida.com.ar\/portalurbano\/#organization\",\"name\":\"Portal Urbano\",\"url\":\"https:\/\/experienciadevida.com.ar\/portalurbano\/\",\"logo\":{\"@type\":\"ImageObject\",\"inLanguage\":\"es\",\"@id\":\"https:\/\/experienciadevida.com.ar\/portalurbano\/#\/schema\/logo\/image\/\",\"url\":\"https:\/\/experienciadevida.com.ar\/portalurbano\/wp-content\/uploads\/2019\/09\/Logo-Original.png\",\"contentUrl\":\"https:\/\/experienciadevida.com.ar\/portalurbano\/wp-content\/uploads\/2019\/09\/Logo-Original.png\",\"width\":2236,\"height\":1216,\"caption\":\"Portal Urbano\"},\"image\":{\"@id\":\"https:\/\/experienciadevida.com.ar\/portalurbano\/#\/schema\/logo\/image\/\"},\"sameAs\":[\"https:\/\/www.facebook.com\/Portal-Urbano-171542830093757\/\",\"https:\/\/twitter.com\/portalurbanook\",\"https:\/\/www.instagram.com\/_portalurbano\/\",\"https:\/\/www.youtube.com\/channel\/UCXhagIfszH8KxFiOok79zbA?view_as=subscriber\"]},{\"@type\":\"Person\",\"@id\":\"https:\/\/experienciadevida.com.ar\/portalurbano\/#\/schema\/person\/02dd326b1c4b056e9cc972486934a3a7\",\"name\":\"admpu17wp\",\"image\":{\"@type\":\"ImageObject\",\"inLanguage\":\"es\",\"@id\":\"https:\/\/experienciadevida.com.ar\/portalurbano\/#\/schema\/person\/image\/\",\"url\":\"https:\/\/secure.gravatar.com\/avatar\/830d4c57adaae6630765e449a6908047?s=96&d=mm&r=g\",\"contentUrl\":\"https:\/\/secure.gravatar.com\/avatar\/830d4c57adaae6630765e449a6908047?s=96&d=mm&r=g\",\"caption\":\"admpu17wp\"}}]}<\/script>\n<!-- \/ Yoast SEO plugin. -->","yoast_head_json":{"title":"Acompa\u00f1amiento a proyectos integrales de la industria gr\u00e1fica","description":"Acompa\u00f1amiento a proyectos integrales de la industria gr\u00e1fica, d\u00edas atr\u00e1s el Secretario de Desarrollo Econ\u00f3mico, Julio Valetutto","robots":{"index":"index","follow":"follow","max-snippet":"max-snippet:-1","max-image-preview":"max-image-preview:large","max-video-preview":"max-video-preview:-1"},"canonical":"https:\/\/experienciadevida.com.ar\/portalurbano\/acompanamiento-a-proyectos-integrales-de-la-industria-grafica\/","og_locale":"es_ES","og_type":"article","og_title":"Acompa\u00f1amiento a proyectos integrales de la industria gr\u00e1fica","og_description":"Acompa\u00f1amiento a proyectos integrales de la industria gr\u00e1fica, d\u00edas atr\u00e1s el Secretario de Desarrollo Econ\u00f3mico, Julio Valetutto","og_url":"https:\/\/experienciadevida.com.ar\/portalurbano\/acompanamiento-a-proyectos-integrales-de-la-industria-grafica\/","article_publisher":"https:\/\/www.facebook.com\/Portal-Urbano-171542830093757\/","article_published_time":"2022-06-24T18:58:46+00:00","article_modified_time":"2022-06-24T19:03:17+00:00","og_image":[{"width":1024,"height":608,"url":"https:\/\/experienciadevida.com.ar\/portalurbano\/wp-content\/uploads\/2022\/06\/Acompanamiento-a-proyectos-integrales.jpg","type":"image\/jpeg"}],"author":"admpu17wp","twitter_card":"summary_large_image","twitter_creator":"@portalurbanook","twitter_site":"@portalurbanook","twitter_misc":{"Escrito por":"admpu17wp","Tiempo de lectura":"2 minutos"},"schema":{"@context":"https:\/\/schema.org","@graph":[{"@type":"Article","@id":"https:\/\/experienciadevida.com.ar\/portalurbano\/acompanamiento-a-proyectos-integrales-de-la-industria-grafica\/#article","isPartOf":{"@id":"https:\/\/experienciadevida.com.ar\/portalurbano\/acompanamiento-a-proyectos-integrales-de-la-industria-grafica\/"},"author":{"name":"admpu17wp","@id":"https:\/\/experienciadevida.com.ar\/portalurbano\/#\/schema\/person\/02dd326b1c4b056e9cc972486934a3a7"},"headline":"Acompa\u00f1amiento a proyectos integrales de la industria gr\u00e1fica","datePublished":"2022-06-24T18:58:46+00:00","dateModified":"2022-06-24T19:03:17+00:00","mainEntityOfPage":{"@id":"https:\/\/experienciadevida.com.ar\/portalurbano\/acompanamiento-a-proyectos-integrales-de-la-industria-grafica\/"},"wordCount":270,"publisher":{"@id":"https:\/\/experienciadevida.com.ar\/portalurbano\/#organization"},"articleSection":["Ciudad","Destacadas"],"inLanguage":"es"},{"@type":"WebPage","@id":"https:\/\/experienciadevida.com.ar\/portalurbano\/acompanamiento-a-proyectos-integrales-de-la-industria-grafica\/","url":"https:\/\/experienciadevida.com.ar\/portalurbano\/acompanamiento-a-proyectos-integrales-de-la-industria-grafica\/","name":"Acompa\u00f1amiento a proyectos integrales de la industria gr\u00e1fica","isPartOf":{"@id":"https:\/\/experienciadevida.com.ar\/portalurbano\/#website"},"datePublished":"2022-06-24T18:58:46+00:00","dateModified":"2022-06-24T19:03:17+00:00","description":"Acompa\u00f1amiento a proyectos integrales de la industria gr\u00e1fica, d\u00edas atr\u00e1s el Secretario de Desarrollo Econ\u00f3mico, Julio Valetutto","breadcrumb":{"@id":"https:\/\/experienciadevida.com.ar\/portalurbano\/acompanamiento-a-proyectos-integrales-de-la-industria-grafica\/#breadcrumb"},"inLanguage":"es","potentialAction":[{"@type":"ReadAction","target":["https:\/\/experienciadevida.com.ar\/portalurbano\/acompanamiento-a-proyectos-integrales-de-la-industria-grafica\/"]}]},{"@type":"BreadcrumbList","@id":"https:\/\/experienciadevida.com.ar\/portalurbano\/acompanamiento-a-proyectos-integrales-de-la-industria-grafica\/#breadcrumb","itemListElement":[{"@type":"ListItem","position":1,"name":"Portada","item":"https:\/\/experienciadevida.com.ar\/portalurbano\/"},{"@type":"ListItem","position":2,"name":"Acompa\u00f1amiento a proyectos integrales de la industria gr\u00e1fica"}]},{"@type":"WebSite","@id":"https:\/\/experienciadevida.com.ar\/portalurbano\/#website","url":"https:\/\/experienciadevida.com.ar\/portalurbano\/","name":"","description":"","publisher":{"@id":"https:\/\/experienciadevida.com.ar\/portalurbano\/#organization"},"potentialAction":[{"@type":"SearchAction","target":{"@type":"EntryPoint","urlTemplate":"https:\/\/experienciadevida.com.ar\/portalurbano\/?s={search_term_string}"},"query-input":"required name=search_term_string"}],"inLanguage":"es"},{"@type":"Organization","@id":"https:\/\/experienciadevida.com.ar\/portalurbano\/#organization","name":"Portal Urbano","url":"https:\/\/experienciadevida.com.ar\/portalurbano\/","logo":{"@type":"ImageObject","inLanguage":"es","@id":"https:\/\/experienciadevida.com.ar\/portalurbano\/#\/schema\/logo\/image\/","url":"https:\/\/experienciadevida.com.ar\/portalurbano\/wp-content\/uploads\/2019\/09\/Logo-Original.png","contentUrl":"https:\/\/experienciadevida.com.ar\/portalurbano\/wp-content\/uploads\/2019\/09\/Logo-Original.png","width":2236,"height":1216,"caption":"Portal Urbano"},"image":{"@id":"https:\/\/experienciadevida.com.ar\/portalurbano\/#\/schema\/logo\/image\/"},"sameAs":["https:\/\/www.facebook.com\/Portal-Urbano-171542830093757\/","https:\/\/twitter.com\/portalurbanook","https:\/\/www.instagram.com\/_portalurbano\/","https:\/\/www.youtube.com\/channel\/UCXhagIfszH8KxFiOok79zbA?view_as=subscriber"]},{"@type":"Person","@id":"https:\/\/experienciadevida.com.ar\/portalurbano\/#\/schema\/person\/02dd326b1c4b056e9cc972486934a3a7","name":"admpu17wp","image":{"@type":"ImageObject","inLanguage":"es","@id":"https:\/\/experienciadevida.com.ar\/portalurbano\/#\/schema\/person\/image\/","url":"https:\/\/secure.gravatar.com\/avatar\/830d4c57adaae6630765e449a6908047?s=96&d=mm&r=g","contentUrl":"https:\/\/secure.gravatar.com\/avatar\/830d4c57adaae6630765e449a6908047?s=96&d=mm&r=g","caption":"admpu17wp"}}]}},"featured_image_urls":{"full":["https:\/\/experienciadevida.com.ar\/portalurbano\/wp-content\/uploads\/2022\/06\/Acompanamiento-a-proyectos-integrales.jpg",1024,608,false],"thumbnail":["https:\/\/experienciadevida.com.ar\/portalurbano\/wp-content\/uploads\/2022\/06\/Acompanamiento-a-proyectos-integrales-150x150.jpg",150,150,true],"medium":["https:\/\/experienciadevida.com.ar\/portalurbano\/wp-content\/uploads\/2022\/06\/Acompanamiento-a-proyectos-integrales-300x178.jpg",300,178,true],"medium_large":["https:\/\/experienciadevida.com.ar\/portalurbano\/wp-content\/uploads\/2022\/06\/Acompanamiento-a-proyectos-integrales-768x456.jpg",640,380,true],"large":["https:\/\/experienciadevida.com.ar\/portalurbano\/wp-content\/uploads\/2022\/06\/Acompanamiento-a-proyectos-integrales.jpg",640,380,false],"ug_big":["https:\/\/experienciadevida.com.ar\/portalurbano\/wp-content\/uploads\/2022\/06\/Acompanamiento-a-proyectos-integrales-768x456.jpg",768,456,true],"1536x1536":["https:\/\/experienciadevida.com.ar\/portalurbano\/wp-content\/uploads\/2022\/06\/Acompanamiento-a-proyectos-integrales.jpg",1024,608,false],"2048x2048":["https:\/\/experienciadevida.com.ar\/portalurbano\/wp-content\/uploads\/2022\/06\/Acompanamiento-a-proyectos-integrales.jpg",1024,608,false],"newsever-slider-full":["https:\/\/experienciadevida.com.ar\/portalurbano\/wp-content\/uploads\/2022\/06\/Acompanamiento-a-proyectos-integrales.jpg",1024,608,false],"newsever-featured":["https:\/\/experienciadevida.com.ar\/portalurbano\/wp-content\/uploads\/2022\/06\/Acompanamiento-a-proyectos-integrales.jpg",1024,608,false],"newsever-medium":["https:\/\/experienciadevida.com.ar\/portalurbano\/wp-content\/uploads\/2022\/06\/Acompanamiento-a-proyectos-integrales.jpg",720,428,false],"web-stories-poster-portrait":["https:\/\/experienciadevida.com.ar\/portalurbano\/wp-content\/uploads\/2022\/06\/Acompanamiento-a-proyectos-integrales.jpg",640,380,false],"web-stories-publisher-logo":["https:\/\/experienciadevida.com.ar\/portalurbano\/wp-content\/uploads\/2022\/06\/Acompanamiento-a-proyectos-integrales.jpg",96,57,false],"web-stories-thumbnail":["https:\/\/experienciadevida.com.ar\/portalurbano\/wp-content\/uploads\/2022\/06\/Acompanamiento-a-proyectos-integrales.jpg",150,89,false]},"author_info":{"display_name":"admpu17wp","author_link":"https:\/\/experienciadevida.com.ar\/portalurbano\/author\/admpu17wp\/"},"category_info":"<a href=\"https:\/\/experienciadevida.com.ar\/portalurbano\/category\/ciudad\/\" rel=\"category tag\">Ciudad<\/a> <a href=\"https:\/\/experienciadevida.com.ar\/portalurbano\/category\/destacadas\/\" rel=\"category tag\">Destacadas<\/a>","tag_info":"Destacadas","comment_count":"0","amp_enabled":true,"_links":{"self":[{"href":"https:\/\/experienciadevida.com.ar\/portalurbano\/wp-json\/wp\/v2\/posts\/170141"}],"collection":[{"href":"https:\/\/experienciadevida.com.ar\/portalurbano\/wp-json\/wp\/v2\/posts"}],"about":[{"href":"https:\/\/experienciadevida.com.ar\/portalurbano\/wp-json\/wp\/v2\/types\/post"}],"author":[{"embeddable":true,"href":"https:\/\/experienciadevida.com.ar\/portalurbano\/wp-json\/wp\/v2\/users\/1"}],"replies":[{"embeddable":true,"href":"https:\/\/experienciadevida.com.ar\/portalurbano\/wp-json\/wp\/v2\/comments?post=170141"}],"version-history":[{"count":1,"href":"https:\/\/experienciadevida.com.ar\/portalurbano\/wp-json\/wp\/v2\/posts\/170141\/revisions"}],"predecessor-version":[{"id":170143,"href":"https:\/\/experienciadevida.com.ar\/portalurbano\/wp-json\/wp\/v2\/posts\/170141\/revisions\/170143"}],"wp:featuredmedia":[{"embeddable":true,"href":"https:\/\/experienciadevida.com.ar\/portalurbano\/wp-json\/wp\/v2\/media\/170142"}],"wp:attachment":[{"href":"https:\/\/experienciadevida.com.ar\/portalurbano\/wp-json\/wp\/v2\/media?parent=170141"}],"wp:term":[{"taxonomy":"category","embeddable":true,"href":"https:\/\/experienciadevida.com.ar\/portalurbano\/wp-json\/wp\/v2\/categories?post=170141"},{"taxonomy":"post_tag","embeddable":true,"href":"https:\/\/experienciadevida.com.ar\/portalurbano\/wp-json\/wp\/v2\/tags?post=170141"}],"curies":[{"name":"wp","href":"https:\/\/api.w.org\/{rel}","templated":true}]}}