{"id":170136,"date":"2022-06-24T12:04:19","date_gmt":"2022-06-24T15:04:19","guid":{"rendered":"https:\/\/experienciadevida.com.ar\/portalurbano\/?p=170136"},"modified":"2022-06-24T12:04:47","modified_gmt":"2022-06-24T15:04:47","slug":"se-declaro-de-interes-legislativo-la-jornada-de-lucha-y-marcha-del-orgullo-de-olavarria","status":"publish","type":"post","link":"https:\/\/experienciadevida.com.ar\/portalurbano\/se-declaro-de-interes-legislativo-la-jornada-de-lucha-y-marcha-del-orgullo-de-olavarria\/","title":{"rendered":"Se declar\u00f3 de inter\u00e9s legislativo la jornada de lucha y marcha del orgullo de Olavarr\u00eda"},"content":{"rendered":"<p>Se declar\u00f3 de inter\u00e9s legislativo la jornada de lucha y marcha del orgullo de Olavarr\u00eda, en la sesi\u00f3n del HCD del d\u00eda de ayer, por iniciativa del Frente de Todos un proyecto\u00a0\u00a0de resoluci\u00f3n declarando de inter\u00e9s legislativo la jornada de lucha y visibilizaci\u00f3n organizada por la comisi\u00f3n de la marcha del orgullo Olavarr\u00eda.<\/p>\n<p>La que tom\u00f3 la palabra fue Mercedes <a href=\"https:\/\/www.instagram.com\/landivar_mercedes\/?hl=es-la\">Landivar<\/a> quien realiz\u00f3 un recorrido hist\u00f3rico de la lucha &#8220;esta jornada se lleva a cabo en nuestra ciudad a trav\u00e9s de la comisi\u00f3n organizadora de la marcha del orgullo en el marco del d\u00eda internacional\u00a0 del orgullo LGBTIQ, es importante hacer un poquito de historia, el 28 de de junio de 1969 personas trans, gay y lesvianas enfrentaron una racia policial que se convirti\u00f3 en una revuelta que se extendi\u00f3 por varios d\u00edas y que marc\u00f3 el inicio del movimiento por los derechos del colectivo. Actualmente se realizan marchas en todo el mundo no\u00a0 s\u00f3lo para recordar estos hechos sino tambi\u00e9n para celebrar las identidades del colectivo y visibilizar la lucha. En Argentina la primera marcha se hizo el 28 de junio de 1992 en la ciudad de Buenos Aires, en su mayor\u00eda quienes marchaban llevaban pa\u00f1uelos con m\u00e1scaras que cubr\u00edan su rostro por temor a ser reconocidos en sus \u00e1mbitos laborales, barrio o por sus familias, estas conquistas que s\u00ed las tenemos muchas en nuestro pa\u00eds, sin embargo hoy en el mundo hay m\u00e1s de 60 pa\u00edses que discriminan las diferencias sexo gen\u00e9ricas, y tambi\u00e9n debemos recordar que hace s\u00f3lo 30 a\u00f1os la OMS deja de considerar a la homosexualidad como una enfermedad&#8221;.<\/p>\n<p>Por otro lado dijo &#8220;Nuestro pa\u00eds es un pa\u00eds de vanguardia en legislaci\u00f3n que reconoce derechos al colectivo no quiero dejar de mencionar el matrimonio igualitario, ley de identidad de g\u00e9nero, ESI, el DNI no binario de este a\u00f1o, cupo laboral trans, toda esta legislaci\u00f3n es producto no solo de la lucha pero tambi\u00e9n de la voluntad pol\u00edtica de gobiernos peronistas. Esta marcha representa una respuesta tambi\u00e9n al estigma social a la discriminaci\u00f3n a las violencias hacia el colectivo, y se busca visibilizar se busca promover la auto afirmaci\u00f3n, dignidad, aumentar la visibilidad como grupo social\u00a0 y celebrar tambi\u00e9n la diversidad sexual en todas sus dimensiones&#8221;.<\/p>\n<p>&#8220;En Olavarr\u00eda la primera marcha se hizo en el a\u00f1o 2009 y desde el 2018 la organizaci\u00f3n de esta jornada\u00a0 que estamos reconociendo se planifica a trav\u00e9s de la comisi\u00f3n organizadora de la marcha del orgullo en Olavarr\u00eda que est\u00e1 conformada por activistas, organizaciones sociales, pol\u00edticas, centros de estudiantes, grupos art\u00edsticos, e independientes. Debemos decir tambi\u00e9n que la jornada reafirma el sentimiento del orgullo\u00a0 y sobre las identidades y orientaciones sexuales y de g\u00e9nero siempre\u00a0 y tradicionalmente marginada y reprimidas y visibiliza su presencia y sus reclamos&#8221;.<\/p>\n<p>Se declar\u00f3 de inter\u00e9s legislativo la jornada de lucha y marcha del orgullo de Olavarr\u00eda, &#8220;nosotros tenemos una ordenanza del cupo laboral trans que fue trabajada por mucho tiempo sancionada en el 2020 y que a la fecha hay una sola persona incorporada, en consecuencia no se est\u00e1 dando cumplimiento a la ordenanza del cupo laboral, como tambi\u00e9n mencionar lo que est\u00e1 ocurriendo con el consultorio inclusivo desde el comienzo de la pandemia, se ha retirado personal hay solo 3 personas atendiendo\u00a0 y no se est\u00e1 cumpliendo con el abordaje integral que requiere este consultorio inclusivo y que creo que son dos de las cuestiones como el acceso laboral y la salud que tanto cuesta en el colectivo y que van a hacer visibilizadas en la jornada, que se cumpla y se integre el consultorio inclusivo&#8221;.<\/p>\n<p>&#8220;Tambi\u00e9n reconocer el trabajo que todos los a\u00f1os se pone al hombro con compromiso la comisi\u00f3n organizadora de la marcha del orgullo, quiero destacar a Alex Herrera que pone la militancia por encima como forma de vida m\u00e1s all\u00e1 de las adversidades, elige la militancia como forma de vida es la manera de transformar las realidades injustas&#8221;.<\/p>\n<p>Para finalizar tom\u00f3 la palabra <a href=\"https:\/\/www.instagram.com\/sebastianmatrella\/?hl=es-la\">Matrella<\/a> quien dijo\u00a0 &#8220;vamos a acompa\u00f1ar desde nuestro bloque, consideramos que Argentina es vanguardista en este tipo de defensa de los derechos, todos somos iguales ante la ley&#8221;.<\/p>\n<p><strong>El proyecto fue aprobado por unanimidad\u00a0<\/strong><\/p>\n","protected":false},"excerpt":{"rendered":"<p>Se declar\u00f3 de inter\u00e9s legislativo la jornada de lucha y marcha del orgullo de Olavarr\u00eda,&#8230;<\/p>\n","protected":false},"author":1,"featured_media":170138,"comment_status":"closed","ping_status":"closed","sticky":false,"template":"","format":"standard","meta":{"content-type":""},"categories":[27],"tags":[],"nelio_content":{"isAutoShareEnabled":false,"autoShareEndMode":"default","automationSources":{"useContentSentences":true,"useSocialTemplates":true,"useCustomSentences":false,"customSentences":[]},"followers":[1],"suggestedReferences":[],"includedReferences":["https:\/\/www.instagram.com\/landivar_mercedes\/?hl=es-la","https:\/\/www.instagram.com\/sebastianmatrella\/?hl=es-la"],"efiUrl":"","efiAlt":"","highlights":[]},"yoast_head":"<!-- This site is optimized with the Yoast SEO plugin v20.7 - https:\/\/yoast.com\/wordpress\/plugins\/seo\/ -->\n<title>Se declar\u00f3 de inter\u00e9s legislativo la jornada de lucha y marcha del orgullo<\/title>\n<meta name=\"description\" content=\"Se declar\u00f3 de inter\u00e9s legislativo la jornada de lucha y marcha del orgullo de Olavarr\u00eda, en la sesi\u00f3n del HCD del d\u00eda de ayer\" \/>\n<meta name=\"robots\" content=\"index, follow, max-snippet:-1, max-image-preview:large, max-video-preview:-1\" \/>\n<link rel=\"canonical\" href=\"https:\/\/experienciadevida.com.ar\/portalurbano\/se-declaro-de-interes-legislativo-la-jornada-de-lucha-y-marcha-del-orgullo-de-olavarria\/\" \/>\n<meta property=\"og:locale\" content=\"es_ES\" \/>\n<meta property=\"og:type\" content=\"article\" \/>\n<meta property=\"og:title\" content=\"Se declar\u00f3 de inter\u00e9s legislativo la jornada de lucha y marcha del orgullo\" \/>\n<meta property=\"og:description\" content=\"Se declar\u00f3 de inter\u00e9s legislativo la jornada de lucha y marcha del orgullo de Olavarr\u00eda, en la sesi\u00f3n del HCD del d\u00eda de ayer\" \/>\n<meta property=\"og:url\" content=\"https:\/\/experienciadevida.com.ar\/portalurbano\/se-declaro-de-interes-legislativo-la-jornada-de-lucha-y-marcha-del-orgullo-de-olavarria\/\" \/>\n<meta property=\"article:publisher\" content=\"https:\/\/www.facebook.com\/Portal-Urbano-171542830093757\/\" \/>\n<meta property=\"article:published_time\" content=\"2022-06-24T15:04:19+00:00\" \/>\n<meta property=\"article:modified_time\" content=\"2022-06-24T15:04:47+00:00\" \/>\n<meta property=\"og:image\" content=\"https:\/\/experienciadevida.com.ar\/portalurbano\/wp-content\/uploads\/2022\/06\/Se-declaro-de-interes.png\" \/>\n\t<meta property=\"og:image:width\" content=\"765\" \/>\n\t<meta property=\"og:image:height\" content=\"393\" \/>\n\t<meta property=\"og:image:type\" content=\"image\/png\" \/>\n<meta name=\"author\" content=\"admpu17wp\" \/>\n<meta name=\"twitter:card\" content=\"summary_large_image\" \/>\n<meta name=\"twitter:creator\" content=\"@portalurbanook\" \/>\n<meta name=\"twitter:site\" content=\"@portalurbanook\" \/>\n<meta name=\"twitter:label1\" content=\"Escrito por\" \/>\n\t<meta name=\"twitter:data1\" content=\"admpu17wp\" \/>\n\t<meta name=\"twitter:label2\" content=\"Tiempo de lectura\" \/>\n\t<meta name=\"twitter:data2\" content=\"4 minutos\" \/>\n<script type=\"application\/ld+json\" class=\"yoast-schema-graph\">{\"@context\":\"https:\/\/schema.org\",\"@graph\":[{\"@type\":\"Article\",\"@id\":\"https:\/\/experienciadevida.com.ar\/portalurbano\/se-declaro-de-interes-legislativo-la-jornada-de-lucha-y-marcha-del-orgullo-de-olavarria\/#article\",\"isPartOf\":{\"@id\":\"https:\/\/experienciadevida.com.ar\/portalurbano\/se-declaro-de-interes-legislativo-la-jornada-de-lucha-y-marcha-del-orgullo-de-olavarria\/\"},\"author\":{\"name\":\"admpu17wp\",\"@id\":\"https:\/\/experienciadevida.com.ar\/portalurbano\/#\/schema\/person\/02dd326b1c4b056e9cc972486934a3a7\"},\"headline\":\"Se declar\u00f3 de inter\u00e9s legislativo la jornada de lucha y marcha del orgullo de Olavarr\u00eda\",\"datePublished\":\"2022-06-24T15:04:19+00:00\",\"dateModified\":\"2022-06-24T15:04:47+00:00\",\"mainEntityOfPage\":{\"@id\":\"https:\/\/experienciadevida.com.ar\/portalurbano\/se-declaro-de-interes-legislativo-la-jornada-de-lucha-y-marcha-del-orgullo-de-olavarria\/\"},\"wordCount\":754,\"publisher\":{\"@id\":\"https:\/\/experienciadevida.com.ar\/portalurbano\/#organization\"},\"articleSection\":[\"Ciudad\"],\"inLanguage\":\"es\"},{\"@type\":\"WebPage\",\"@id\":\"https:\/\/experienciadevida.com.ar\/portalurbano\/se-declaro-de-interes-legislativo-la-jornada-de-lucha-y-marcha-del-orgullo-de-olavarria\/\",\"url\":\"https:\/\/experienciadevida.com.ar\/portalurbano\/se-declaro-de-interes-legislativo-la-jornada-de-lucha-y-marcha-del-orgullo-de-olavarria\/\",\"name\":\"Se declar\u00f3 de inter\u00e9s legislativo la jornada de lucha y marcha del orgullo\",\"isPartOf\":{\"@id\":\"https:\/\/experienciadevida.com.ar\/portalurbano\/#website\"},\"datePublished\":\"2022-06-24T15:04:19+00:00\",\"dateModified\":\"2022-06-24T15:04:47+00:00\",\"description\":\"Se declar\u00f3 de inter\u00e9s legislativo la jornada de lucha y marcha del orgullo de Olavarr\u00eda, en la sesi\u00f3n del HCD del d\u00eda de ayer\",\"breadcrumb\":{\"@id\":\"https:\/\/experienciadevida.com.ar\/portalurbano\/se-declaro-de-interes-legislativo-la-jornada-de-lucha-y-marcha-del-orgullo-de-olavarria\/#breadcrumb\"},\"inLanguage\":\"es\",\"potentialAction\":[{\"@type\":\"ReadAction\",\"target\":[\"https:\/\/experienciadevida.com.ar\/portalurbano\/se-declaro-de-interes-legislativo-la-jornada-de-lucha-y-marcha-del-orgullo-de-olavarria\/\"]}]},{\"@type\":\"BreadcrumbList\",\"@id\":\"https:\/\/experienciadevida.com.ar\/portalurbano\/se-declaro-de-interes-legislativo-la-jornada-de-lucha-y-marcha-del-orgullo-de-olavarria\/#breadcrumb\",\"itemListElement\":[{\"@type\":\"ListItem\",\"position\":1,\"name\":\"Portada\",\"item\":\"https:\/\/experienciadevida.com.ar\/portalurbano\/\"},{\"@type\":\"ListItem\",\"position\":2,\"name\":\"Se declar\u00f3 de inter\u00e9s legislativo la jornada de lucha y marcha del orgullo de Olavarr\u00eda\"}]},{\"@type\":\"WebSite\",\"@id\":\"https:\/\/experienciadevida.com.ar\/portalurbano\/#website\",\"url\":\"https:\/\/experienciadevida.com.ar\/portalurbano\/\",\"name\":\"\",\"description\":\"\",\"publisher\":{\"@id\":\"https:\/\/experienciadevida.com.ar\/portalurbano\/#organization\"},\"potentialAction\":[{\"@type\":\"SearchAction\",\"target\":{\"@type\":\"EntryPoint\",\"urlTemplate\":\"https:\/\/experienciadevida.com.ar\/portalurbano\/?s={search_term_string}\"},\"query-input\":\"required name=search_term_string\"}],\"inLanguage\":\"es\"},{\"@type\":\"Organization\",\"@id\":\"https:\/\/experienciadevida.com.ar\/portalurbano\/#organization\",\"name\":\"Portal Urbano\",\"url\":\"https:\/\/experienciadevida.com.ar\/portalurbano\/\",\"logo\":{\"@type\":\"ImageObject\",\"inLanguage\":\"es\",\"@id\":\"https:\/\/experienciadevida.com.ar\/portalurbano\/#\/schema\/logo\/image\/\",\"url\":\"https:\/\/experienciadevida.com.ar\/portalurbano\/wp-content\/uploads\/2019\/09\/Logo-Original.png\",\"contentUrl\":\"https:\/\/experienciadevida.com.ar\/portalurbano\/wp-content\/uploads\/2019\/09\/Logo-Original.png\",\"width\":2236,\"height\":1216,\"caption\":\"Portal Urbano\"},\"image\":{\"@id\":\"https:\/\/experienciadevida.com.ar\/portalurbano\/#\/schema\/logo\/image\/\"},\"sameAs\":[\"https:\/\/www.facebook.com\/Portal-Urbano-171542830093757\/\",\"https:\/\/twitter.com\/portalurbanook\",\"https:\/\/www.instagram.com\/_portalurbano\/\",\"https:\/\/www.youtube.com\/channel\/UCXhagIfszH8KxFiOok79zbA?view_as=subscriber\"]},{\"@type\":\"Person\",\"@id\":\"https:\/\/experienciadevida.com.ar\/portalurbano\/#\/schema\/person\/02dd326b1c4b056e9cc972486934a3a7\",\"name\":\"admpu17wp\",\"image\":{\"@type\":\"ImageObject\",\"inLanguage\":\"es\",\"@id\":\"https:\/\/experienciadevida.com.ar\/portalurbano\/#\/schema\/person\/image\/\",\"url\":\"https:\/\/secure.gravatar.com\/avatar\/830d4c57adaae6630765e449a6908047?s=96&d=mm&r=g\",\"contentUrl\":\"https:\/\/secure.gravatar.com\/avatar\/830d4c57adaae6630765e449a6908047?s=96&d=mm&r=g\",\"caption\":\"admpu17wp\"}}]}<\/script>\n<!-- \/ Yoast SEO plugin. -->","yoast_head_json":{"title":"Se declar\u00f3 de inter\u00e9s legislativo la jornada de lucha y marcha del orgullo","description":"Se declar\u00f3 de inter\u00e9s legislativo la jornada de lucha y marcha del orgullo de Olavarr\u00eda, en la sesi\u00f3n del HCD del d\u00eda de ayer","robots":{"index":"index","follow":"follow","max-snippet":"max-snippet:-1","max-image-preview":"max-image-preview:large","max-video-preview":"max-video-preview:-1"},"canonical":"https:\/\/experienciadevida.com.ar\/portalurbano\/se-declaro-de-interes-legislativo-la-jornada-de-lucha-y-marcha-del-orgullo-de-olavarria\/","og_locale":"es_ES","og_type":"article","og_title":"Se declar\u00f3 de inter\u00e9s legislativo la jornada de lucha y marcha del orgullo","og_description":"Se declar\u00f3 de inter\u00e9s legislativo la jornada de lucha y marcha del orgullo de Olavarr\u00eda, en la sesi\u00f3n del HCD del d\u00eda de ayer","og_url":"https:\/\/experienciadevida.com.ar\/portalurbano\/se-declaro-de-interes-legislativo-la-jornada-de-lucha-y-marcha-del-orgullo-de-olavarria\/","article_publisher":"https:\/\/www.facebook.com\/Portal-Urbano-171542830093757\/","article_published_time":"2022-06-24T15:04:19+00:00","article_modified_time":"2022-06-24T15:04:47+00:00","og_image":[{"width":765,"height":393,"url":"https:\/\/experienciadevida.com.ar\/portalurbano\/wp-content\/uploads\/2022\/06\/Se-declaro-de-interes.png","type":"image\/png"}],"author":"admpu17wp","twitter_card":"summary_large_image","twitter_creator":"@portalurbanook","twitter_site":"@portalurbanook","twitter_misc":{"Escrito por":"admpu17wp","Tiempo de lectura":"4 minutos"},"schema":{"@context":"https:\/\/schema.org","@graph":[{"@type":"Article","@id":"https:\/\/experienciadevida.com.ar\/portalurbano\/se-declaro-de-interes-legislativo-la-jornada-de-lucha-y-marcha-del-orgullo-de-olavarria\/#article","isPartOf":{"@id":"https:\/\/experienciadevida.com.ar\/portalurbano\/se-declaro-de-interes-legislativo-la-jornada-de-lucha-y-marcha-del-orgullo-de-olavarria\/"},"author":{"name":"admpu17wp","@id":"https:\/\/experienciadevida.com.ar\/portalurbano\/#\/schema\/person\/02dd326b1c4b056e9cc972486934a3a7"},"headline":"Se declar\u00f3 de inter\u00e9s legislativo la jornada de lucha y marcha del orgullo de Olavarr\u00eda","datePublished":"2022-06-24T15:04:19+00:00","dateModified":"2022-06-24T15:04:47+00:00","mainEntityOfPage":{"@id":"https:\/\/experienciadevida.com.ar\/portalurbano\/se-declaro-de-interes-legislativo-la-jornada-de-lucha-y-marcha-del-orgullo-de-olavarria\/"},"wordCount":754,"publisher":{"@id":"https:\/\/experienciadevida.com.ar\/portalurbano\/#organization"},"articleSection":["Ciudad"],"inLanguage":"es"},{"@type":"WebPage","@id":"https:\/\/experienciadevida.com.ar\/portalurbano\/se-declaro-de-interes-legislativo-la-jornada-de-lucha-y-marcha-del-orgullo-de-olavarria\/","url":"https:\/\/experienciadevida.com.ar\/portalurbano\/se-declaro-de-interes-legislativo-la-jornada-de-lucha-y-marcha-del-orgullo-de-olavarria\/","name":"Se declar\u00f3 de inter\u00e9s legislativo la jornada de lucha y marcha del orgullo","isPartOf":{"@id":"https:\/\/experienciadevida.com.ar\/portalurbano\/#website"},"datePublished":"2022-06-24T15:04:19+00:00","dateModified":"2022-06-24T15:04:47+00:00","description":"Se declar\u00f3 de inter\u00e9s legislativo la jornada de lucha y marcha del orgullo de Olavarr\u00eda, en la sesi\u00f3n del HCD del d\u00eda de ayer","breadcrumb":{"@id":"https:\/\/experienciadevida.com.ar\/portalurbano\/se-declaro-de-interes-legislativo-la-jornada-de-lucha-y-marcha-del-orgullo-de-olavarria\/#breadcrumb"},"inLanguage":"es","potentialAction":[{"@type":"ReadAction","target":["https:\/\/experienciadevida.com.ar\/portalurbano\/se-declaro-de-interes-legislativo-la-jornada-de-lucha-y-marcha-del-orgullo-de-olavarria\/"]}]},{"@type":"BreadcrumbList","@id":"https:\/\/experienciadevida.com.ar\/portalurbano\/se-declaro-de-interes-legislativo-la-jornada-de-lucha-y-marcha-del-orgullo-de-olavarria\/#breadcrumb","itemListElement":[{"@type":"ListItem","position":1,"name":"Portada","item":"https:\/\/experienciadevida.com.ar\/portalurbano\/"},{"@type":"ListItem","position":2,"name":"Se declar\u00f3 de inter\u00e9s legislativo la jornada de lucha y marcha del orgullo de Olavarr\u00eda"}]},{"@type":"WebSite","@id":"https:\/\/experienciadevida.com.ar\/portalurbano\/#website","url":"https:\/\/experienciadevida.com.ar\/portalurbano\/","name":"","description":"","publisher":{"@id":"https:\/\/experienciadevida.com.ar\/portalurbano\/#organization"},"potentialAction":[{"@type":"SearchAction","target":{"@type":"EntryPoint","urlTemplate":"https:\/\/experienciadevida.com.ar\/portalurbano\/?s={search_term_string}"},"query-input":"required name=search_term_string"}],"inLanguage":"es"},{"@type":"Organization","@id":"https:\/\/experienciadevida.com.ar\/portalurbano\/#organization","name":"Portal Urbano","url":"https:\/\/experienciadevida.com.ar\/portalurbano\/","logo":{"@type":"ImageObject","inLanguage":"es","@id":"https:\/\/experienciadevida.com.ar\/portalurbano\/#\/schema\/logo\/image\/","url":"https:\/\/experienciadevida.com.ar\/portalurbano\/wp-content\/uploads\/2019\/09\/Logo-Original.png","contentUrl":"https:\/\/experienciadevida.com.ar\/portalurbano\/wp-content\/uploads\/2019\/09\/Logo-Original.png","width":2236,"height":1216,"caption":"Portal Urbano"},"image":{"@id":"https:\/\/experienciadevida.com.ar\/portalurbano\/#\/schema\/logo\/image\/"},"sameAs":["https:\/\/www.facebook.com\/Portal-Urbano-171542830093757\/","https:\/\/twitter.com\/portalurbanook","https:\/\/www.instagram.com\/_portalurbano\/","https:\/\/www.youtube.com\/channel\/UCXhagIfszH8KxFiOok79zbA?view_as=subscriber"]},{"@type":"Person","@id":"https:\/\/experienciadevida.com.ar\/portalurbano\/#\/schema\/person\/02dd326b1c4b056e9cc972486934a3a7","name":"admpu17wp","image":{"@type":"ImageObject","inLanguage":"es","@id":"https:\/\/experienciadevida.com.ar\/portalurbano\/#\/schema\/person\/image\/","url":"https:\/\/secure.gravatar.com\/avatar\/830d4c57adaae6630765e449a6908047?s=96&d=mm&r=g","contentUrl":"https:\/\/secure.gravatar.com\/avatar\/830d4c57adaae6630765e449a6908047?s=96&d=mm&r=g","caption":"admpu17wp"}}]}},"featured_image_urls":{"full":["https:\/\/experienciadevida.com.ar\/portalurbano\/wp-content\/uploads\/2022\/06\/Se-declaro-de-interes.png",765,393,false],"thumbnail":["https:\/\/experienciadevida.com.ar\/portalurbano\/wp-content\/uploads\/2022\/06\/Se-declaro-de-interes-150x150.png",150,150,true],"medium":["https:\/\/experienciadevida.com.ar\/portalurbano\/wp-content\/uploads\/2022\/06\/Se-declaro-de-interes-300x154.png",300,154,true],"medium_large":["https:\/\/experienciadevida.com.ar\/portalurbano\/wp-content\/uploads\/2022\/06\/Se-declaro-de-interes.png",640,329,false],"large":["https:\/\/experienciadevida.com.ar\/portalurbano\/wp-content\/uploads\/2022\/06\/Se-declaro-de-interes.png",640,329,false],"ug_big":["https:\/\/experienciadevida.com.ar\/portalurbano\/wp-content\/uploads\/2022\/06\/Se-declaro-de-interes.png",765,393,false],"1536x1536":["https:\/\/experienciadevida.com.ar\/portalurbano\/wp-content\/uploads\/2022\/06\/Se-declaro-de-interes.png",765,393,false],"2048x2048":["https:\/\/experienciadevida.com.ar\/portalurbano\/wp-content\/uploads\/2022\/06\/Se-declaro-de-interes.png",765,393,false],"newsever-slider-full":["https:\/\/experienciadevida.com.ar\/portalurbano\/wp-content\/uploads\/2022\/06\/Se-declaro-de-interes.png",765,393,false],"newsever-featured":["https:\/\/experienciadevida.com.ar\/portalurbano\/wp-content\/uploads\/2022\/06\/Se-declaro-de-interes.png",765,393,false],"newsever-medium":["https:\/\/experienciadevida.com.ar\/portalurbano\/wp-content\/uploads\/2022\/06\/Se-declaro-de-interes.png",720,370,false],"web-stories-poster-portrait":["https:\/\/experienciadevida.com.ar\/portalurbano\/wp-content\/uploads\/2022\/06\/Se-declaro-de-interes.png",640,329,false],"web-stories-publisher-logo":["https:\/\/experienciadevida.com.ar\/portalurbano\/wp-content\/uploads\/2022\/06\/Se-declaro-de-interes.png",96,49,false],"web-stories-thumbnail":["https:\/\/experienciadevida.com.ar\/portalurbano\/wp-content\/uploads\/2022\/06\/Se-declaro-de-interes.png",150,77,false]},"author_info":{"display_name":"admpu17wp","author_link":"https:\/\/experienciadevida.com.ar\/portalurbano\/author\/admpu17wp\/"},"category_info":"<a href=\"https:\/\/experienciadevida.com.ar\/portalurbano\/category\/ciudad\/\" rel=\"category tag\">Ciudad<\/a>","tag_info":"Ciudad","comment_count":"0","amp_enabled":true,"_links":{"self":[{"href":"https:\/\/experienciadevida.com.ar\/portalurbano\/wp-json\/wp\/v2\/posts\/170136"}],"collection":[{"href":"https:\/\/experienciadevida.com.ar\/portalurbano\/wp-json\/wp\/v2\/posts"}],"about":[{"href":"https:\/\/experienciadevida.com.ar\/portalurbano\/wp-json\/wp\/v2\/types\/post"}],"author":[{"embeddable":true,"href":"https:\/\/experienciadevida.com.ar\/portalurbano\/wp-json\/wp\/v2\/users\/1"}],"replies":[{"embeddable":true,"href":"https:\/\/experienciadevida.com.ar\/portalurbano\/wp-json\/wp\/v2\/comments?post=170136"}],"version-history":[{"count":3,"href":"https:\/\/experienciadevida.com.ar\/portalurbano\/wp-json\/wp\/v2\/posts\/170136\/revisions"}],"predecessor-version":[{"id":170140,"href":"https:\/\/experienciadevida.com.ar\/portalurbano\/wp-json\/wp\/v2\/posts\/170136\/revisions\/170140"}],"wp:featuredmedia":[{"embeddable":true,"href":"https:\/\/experienciadevida.com.ar\/portalurbano\/wp-json\/wp\/v2\/media\/170138"}],"wp:attachment":[{"href":"https:\/\/experienciadevida.com.ar\/portalurbano\/wp-json\/wp\/v2\/media?parent=170136"}],"wp:term":[{"taxonomy":"category","embeddable":true,"href":"https:\/\/experienciadevida.com.ar\/portalurbano\/wp-json\/wp\/v2\/categories?post=170136"},{"taxonomy":"post_tag","embeddable":true,"href":"https:\/\/experienciadevida.com.ar\/portalurbano\/wp-json\/wp\/v2\/tags?post=170136"}],"curies":[{"name":"wp","href":"https:\/\/api.w.org\/{rel}","templated":true}]}}