{"id":170131,"date":"2022-06-24T11:14:41","date_gmt":"2022-06-24T14:14:41","guid":{"rendered":"https:\/\/experienciadevida.com.ar\/portalurbano\/?p=170131"},"modified":"2022-06-24T11:15:11","modified_gmt":"2022-06-24T14:15:11","slug":"adelante-radicales-visito-los-barrios-lourdes-y-alberdi","status":"publish","type":"post","link":"https:\/\/experienciadevida.com.ar\/portalurbano\/adelante-radicales-visito-los-barrios-lourdes-y-alberdi\/","title":{"rendered":"&#8220;Adelante radicales&#8221; visit\u00f3 los barrios Lourdes y Alberdi"},"content":{"rendered":"<p>&#8220;Adelante radicales&#8221; visit\u00f3 los barrios Lourdes y Alberdi, integrantes de la l\u00ednea interna Adelante Radicales Olavarr\u00eda visitaron diferentes barrios de la ciudad.<\/p>\n<p>Encabezados por sus dirigentes Gaspar Verna y Antonella D\u00edaz, en el Barrio Lourdes dialogaron con vecinos, donaron ropa de abrigo y \u00fatiles escolares a C\u00e1ritas del Barrio Lourdes.<\/p>\n<p>En el Barrio Alberdi, se hicieron presentes en la Iglesia \u201cLa Visitaci\u00f3n de Dios\u201d, donde los recibi\u00f3 el Pastor Claudio e hicieron entrega de alimentos para lo que ser\u00e1 una olla popular organizada por la instituci\u00f3n y dialogaron acerca de las problem\u00e1ticas del barrio.<\/p>\n<p>Al respecto, Gaspar Verna indic\u00f3 que \u201csiempre estamos acompa\u00f1ando a vecinos y trabajando con instituciones intermedias. En un momento de fragilidad como vive nuestro pa\u00eds, son muy importantes por la funci\u00f3n contenedora que cumplen. El radicalismo est\u00e1 construyendo una nueva mayor\u00eda que incluya a todos los sectores y estratos, y para eso estamos trabajando\u201d.<\/p>\n<p>Para cerrar, agreg\u00f3 que \u201cparafraseando a Alfons\u00edn, \u00e9l dec\u00eda que la pobreza cuando llega a un hogar no pregunta si viven radicales o peronistas, hoy tenemos que tener la empat\u00eda suficiente para saltar la grieta y estar al lado de la totalidad de nuestra sociedad. Un olavarriense que la pasa mal tiene que ser nuestro hermano, madre o abuelo\u201d.<\/p>\n<p>Por su parte, Antonella D\u00edaz cont\u00f3 que \u201ces muy gratificante estar al lado de instituciones y vecinos donde nuestro granito de arena significa y aporta mucho. Los radicales tenemos sensibilidad social y vocaci\u00f3n de servicio, y en momentos como este esos valores tienen que estar a\u00fan m\u00e1s a flor de piel\u201d.<\/p>\n<p>Adem\u00e1s, la dirigente agreg\u00f3 que \u201cestamos armando un proyecto colectivo superador. Invitamos a quienes quieran ser parte que se involucren, porque nada cambia de nuestra vida cotidiana y el futuro si no nos involucramos.<br \/>\nFacundo Manes es el ejemplo de que a\u00fan con prestigio y todo lo que conocemos de \u00e9l, es necesario dar el paso a la pol\u00edtica para mejorarla\u201d.<\/p>\n","protected":false},"excerpt":{"rendered":"<p>&#8220;Adelante radicales&#8221; visit\u00f3 los barrios Lourdes y Alberdi, integrantes de la l\u00ednea interna Adelante Radicales&#8230;<\/p>\n","protected":false},"author":1,"featured_media":170132,"comment_status":"closed","ping_status":"closed","sticky":false,"template":"","format":"standard","meta":{"content-type":""},"categories":[27],"tags":[],"nelio_content":{"isAutoShareEnabled":false,"autoShareEndMode":"default","automationSources":{"useContentSentences":true,"useSocialTemplates":true,"useCustomSentences":false,"customSentences":[]},"followers":[1],"suggestedReferences":[],"includedReferences":[],"efiUrl":"","efiAlt":"","highlights":[]},"yoast_head":"<!-- This site is optimized with the Yoast SEO plugin v20.7 - https:\/\/yoast.com\/wordpress\/plugins\/seo\/ -->\n<title>&quot;Adelante radicales&quot; visit\u00f3 los barrios Lourdes y Alberdi<\/title>\n<meta name=\"description\" content=\"&quot;Adelante radicales&quot; visit\u00f3 los barrios Lourdes y Alberdi, integrantes de la l\u00ednea interna Adelante Radicales Olavarr\u00eda visitaron barrios\" \/>\n<meta name=\"robots\" content=\"index, follow, max-snippet:-1, max-image-preview:large, max-video-preview:-1\" \/>\n<link rel=\"canonical\" href=\"https:\/\/experienciadevida.com.ar\/portalurbano\/adelante-radicales-visito-los-barrios-lourdes-y-alberdi\/\" \/>\n<meta property=\"og:locale\" content=\"es_ES\" \/>\n<meta property=\"og:type\" content=\"article\" \/>\n<meta property=\"og:title\" content=\"&quot;Adelante radicales&quot; visit\u00f3 los barrios Lourdes y Alberdi\" \/>\n<meta property=\"og:description\" content=\"&quot;Adelante radicales&quot; visit\u00f3 los barrios Lourdes y Alberdi, integrantes de la l\u00ednea interna Adelante Radicales Olavarr\u00eda visitaron barrios\" \/>\n<meta property=\"og:url\" content=\"https:\/\/experienciadevida.com.ar\/portalurbano\/adelante-radicales-visito-los-barrios-lourdes-y-alberdi\/\" \/>\n<meta property=\"article:publisher\" content=\"https:\/\/www.facebook.com\/Portal-Urbano-171542830093757\/\" \/>\n<meta property=\"article:published_time\" content=\"2022-06-24T14:14:41+00:00\" \/>\n<meta property=\"article:modified_time\" content=\"2022-06-24T14:15:11+00:00\" \/>\n<meta property=\"og:image\" content=\"https:\/\/experienciadevida.com.ar\/portalurbano\/wp-content\/uploads\/2022\/06\/Adelante-radicales--scaled.jpg\" \/>\n\t<meta property=\"og:image:width\" content=\"2560\" \/>\n\t<meta property=\"og:image:height\" content=\"1920\" \/>\n\t<meta property=\"og:image:type\" content=\"image\/jpeg\" \/>\n<meta name=\"author\" content=\"admpu17wp\" \/>\n<meta name=\"twitter:card\" content=\"summary_large_image\" \/>\n<meta name=\"twitter:creator\" content=\"@portalurbanook\" \/>\n<meta name=\"twitter:site\" content=\"@portalurbanook\" \/>\n<meta name=\"twitter:label1\" content=\"Escrito por\" \/>\n\t<meta name=\"twitter:data1\" content=\"admpu17wp\" \/>\n\t<meta name=\"twitter:label2\" content=\"Tiempo de lectura\" \/>\n\t<meta name=\"twitter:data2\" content=\"2 minutos\" \/>\n<script type=\"application\/ld+json\" class=\"yoast-schema-graph\">{\"@context\":\"https:\/\/schema.org\",\"@graph\":[{\"@type\":\"Article\",\"@id\":\"https:\/\/experienciadevida.com.ar\/portalurbano\/adelante-radicales-visito-los-barrios-lourdes-y-alberdi\/#article\",\"isPartOf\":{\"@id\":\"https:\/\/experienciadevida.com.ar\/portalurbano\/adelante-radicales-visito-los-barrios-lourdes-y-alberdi\/\"},\"author\":{\"name\":\"admpu17wp\",\"@id\":\"https:\/\/experienciadevida.com.ar\/portalurbano\/#\/schema\/person\/02dd326b1c4b056e9cc972486934a3a7\"},\"headline\":\"&#8220;Adelante radicales&#8221; visit\u00f3 los barrios Lourdes y Alberdi\",\"datePublished\":\"2022-06-24T14:14:41+00:00\",\"dateModified\":\"2022-06-24T14:15:11+00:00\",\"mainEntityOfPage\":{\"@id\":\"https:\/\/experienciadevida.com.ar\/portalurbano\/adelante-radicales-visito-los-barrios-lourdes-y-alberdi\/\"},\"wordCount\":348,\"publisher\":{\"@id\":\"https:\/\/experienciadevida.com.ar\/portalurbano\/#organization\"},\"articleSection\":[\"Ciudad\"],\"inLanguage\":\"es\"},{\"@type\":\"WebPage\",\"@id\":\"https:\/\/experienciadevida.com.ar\/portalurbano\/adelante-radicales-visito-los-barrios-lourdes-y-alberdi\/\",\"url\":\"https:\/\/experienciadevida.com.ar\/portalurbano\/adelante-radicales-visito-los-barrios-lourdes-y-alberdi\/\",\"name\":\"\\\"Adelante radicales\\\" visit\u00f3 los barrios Lourdes y Alberdi\",\"isPartOf\":{\"@id\":\"https:\/\/experienciadevida.com.ar\/portalurbano\/#website\"},\"datePublished\":\"2022-06-24T14:14:41+00:00\",\"dateModified\":\"2022-06-24T14:15:11+00:00\",\"description\":\"\\\"Adelante radicales\\\" visit\u00f3 los barrios Lourdes y Alberdi, integrantes de la l\u00ednea interna Adelante Radicales Olavarr\u00eda visitaron barrios\",\"breadcrumb\":{\"@id\":\"https:\/\/experienciadevida.com.ar\/portalurbano\/adelante-radicales-visito-los-barrios-lourdes-y-alberdi\/#breadcrumb\"},\"inLanguage\":\"es\",\"potentialAction\":[{\"@type\":\"ReadAction\",\"target\":[\"https:\/\/experienciadevida.com.ar\/portalurbano\/adelante-radicales-visito-los-barrios-lourdes-y-alberdi\/\"]}]},{\"@type\":\"BreadcrumbList\",\"@id\":\"https:\/\/experienciadevida.com.ar\/portalurbano\/adelante-radicales-visito-los-barrios-lourdes-y-alberdi\/#breadcrumb\",\"itemListElement\":[{\"@type\":\"ListItem\",\"position\":1,\"name\":\"Portada\",\"item\":\"https:\/\/experienciadevida.com.ar\/portalurbano\/\"},{\"@type\":\"ListItem\",\"position\":2,\"name\":\"\u00abAdelante radicales\u00bb visit\u00f3 los barrios Lourdes y Alberdi\"}]},{\"@type\":\"WebSite\",\"@id\":\"https:\/\/experienciadevida.com.ar\/portalurbano\/#website\",\"url\":\"https:\/\/experienciadevida.com.ar\/portalurbano\/\",\"name\":\"\",\"description\":\"\",\"publisher\":{\"@id\":\"https:\/\/experienciadevida.com.ar\/portalurbano\/#organization\"},\"potentialAction\":[{\"@type\":\"SearchAction\",\"target\":{\"@type\":\"EntryPoint\",\"urlTemplate\":\"https:\/\/experienciadevida.com.ar\/portalurbano\/?s={search_term_string}\"},\"query-input\":\"required name=search_term_string\"}],\"inLanguage\":\"es\"},{\"@type\":\"Organization\",\"@id\":\"https:\/\/experienciadevida.com.ar\/portalurbano\/#organization\",\"name\":\"Portal Urbano\",\"url\":\"https:\/\/experienciadevida.com.ar\/portalurbano\/\",\"logo\":{\"@type\":\"ImageObject\",\"inLanguage\":\"es\",\"@id\":\"https:\/\/experienciadevida.com.ar\/portalurbano\/#\/schema\/logo\/image\/\",\"url\":\"https:\/\/experienciadevida.com.ar\/portalurbano\/wp-content\/uploads\/2019\/09\/Logo-Original.png\",\"contentUrl\":\"https:\/\/experienciadevida.com.ar\/portalurbano\/wp-content\/uploads\/2019\/09\/Logo-Original.png\",\"width\":2236,\"height\":1216,\"caption\":\"Portal Urbano\"},\"image\":{\"@id\":\"https:\/\/experienciadevida.com.ar\/portalurbano\/#\/schema\/logo\/image\/\"},\"sameAs\":[\"https:\/\/www.facebook.com\/Portal-Urbano-171542830093757\/\",\"https:\/\/twitter.com\/portalurbanook\",\"https:\/\/www.instagram.com\/_portalurbano\/\",\"https:\/\/www.youtube.com\/channel\/UCXhagIfszH8KxFiOok79zbA?view_as=subscriber\"]},{\"@type\":\"Person\",\"@id\":\"https:\/\/experienciadevida.com.ar\/portalurbano\/#\/schema\/person\/02dd326b1c4b056e9cc972486934a3a7\",\"name\":\"admpu17wp\",\"image\":{\"@type\":\"ImageObject\",\"inLanguage\":\"es\",\"@id\":\"https:\/\/experienciadevida.com.ar\/portalurbano\/#\/schema\/person\/image\/\",\"url\":\"https:\/\/secure.gravatar.com\/avatar\/830d4c57adaae6630765e449a6908047?s=96&d=mm&r=g\",\"contentUrl\":\"https:\/\/secure.gravatar.com\/avatar\/830d4c57adaae6630765e449a6908047?s=96&d=mm&r=g\",\"caption\":\"admpu17wp\"}}]}<\/script>\n<!-- \/ Yoast SEO plugin. -->","yoast_head_json":{"title":"\"Adelante radicales\" visit\u00f3 los barrios Lourdes y Alberdi","description":"\"Adelante radicales\" visit\u00f3 los barrios Lourdes y Alberdi, integrantes de la l\u00ednea interna Adelante Radicales Olavarr\u00eda visitaron barrios","robots":{"index":"index","follow":"follow","max-snippet":"max-snippet:-1","max-image-preview":"max-image-preview:large","max-video-preview":"max-video-preview:-1"},"canonical":"https:\/\/experienciadevida.com.ar\/portalurbano\/adelante-radicales-visito-los-barrios-lourdes-y-alberdi\/","og_locale":"es_ES","og_type":"article","og_title":"\"Adelante radicales\" visit\u00f3 los barrios Lourdes y Alberdi","og_description":"\"Adelante radicales\" visit\u00f3 los barrios Lourdes y Alberdi, integrantes de la l\u00ednea interna Adelante Radicales Olavarr\u00eda visitaron barrios","og_url":"https:\/\/experienciadevida.com.ar\/portalurbano\/adelante-radicales-visito-los-barrios-lourdes-y-alberdi\/","article_publisher":"https:\/\/www.facebook.com\/Portal-Urbano-171542830093757\/","article_published_time":"2022-06-24T14:14:41+00:00","article_modified_time":"2022-06-24T14:15:11+00:00","og_image":[{"width":2560,"height":1920,"url":"https:\/\/experienciadevida.com.ar\/portalurbano\/wp-content\/uploads\/2022\/06\/Adelante-radicales--scaled.jpg","type":"image\/jpeg"}],"author":"admpu17wp","twitter_card":"summary_large_image","twitter_creator":"@portalurbanook","twitter_site":"@portalurbanook","twitter_misc":{"Escrito por":"admpu17wp","Tiempo de lectura":"2 minutos"},"schema":{"@context":"https:\/\/schema.org","@graph":[{"@type":"Article","@id":"https:\/\/experienciadevida.com.ar\/portalurbano\/adelante-radicales-visito-los-barrios-lourdes-y-alberdi\/#article","isPartOf":{"@id":"https:\/\/experienciadevida.com.ar\/portalurbano\/adelante-radicales-visito-los-barrios-lourdes-y-alberdi\/"},"author":{"name":"admpu17wp","@id":"https:\/\/experienciadevida.com.ar\/portalurbano\/#\/schema\/person\/02dd326b1c4b056e9cc972486934a3a7"},"headline":"&#8220;Adelante radicales&#8221; visit\u00f3 los barrios Lourdes y Alberdi","datePublished":"2022-06-24T14:14:41+00:00","dateModified":"2022-06-24T14:15:11+00:00","mainEntityOfPage":{"@id":"https:\/\/experienciadevida.com.ar\/portalurbano\/adelante-radicales-visito-los-barrios-lourdes-y-alberdi\/"},"wordCount":348,"publisher":{"@id":"https:\/\/experienciadevida.com.ar\/portalurbano\/#organization"},"articleSection":["Ciudad"],"inLanguage":"es"},{"@type":"WebPage","@id":"https:\/\/experienciadevida.com.ar\/portalurbano\/adelante-radicales-visito-los-barrios-lourdes-y-alberdi\/","url":"https:\/\/experienciadevida.com.ar\/portalurbano\/adelante-radicales-visito-los-barrios-lourdes-y-alberdi\/","name":"\"Adelante radicales\" visit\u00f3 los barrios Lourdes y Alberdi","isPartOf":{"@id":"https:\/\/experienciadevida.com.ar\/portalurbano\/#website"},"datePublished":"2022-06-24T14:14:41+00:00","dateModified":"2022-06-24T14:15:11+00:00","description":"\"Adelante radicales\" visit\u00f3 los barrios Lourdes y Alberdi, integrantes de la l\u00ednea interna Adelante Radicales Olavarr\u00eda visitaron barrios","breadcrumb":{"@id":"https:\/\/experienciadevida.com.ar\/portalurbano\/adelante-radicales-visito-los-barrios-lourdes-y-alberdi\/#breadcrumb"},"inLanguage":"es","potentialAction":[{"@type":"ReadAction","target":["https:\/\/experienciadevida.com.ar\/portalurbano\/adelante-radicales-visito-los-barrios-lourdes-y-alberdi\/"]}]},{"@type":"BreadcrumbList","@id":"https:\/\/experienciadevida.com.ar\/portalurbano\/adelante-radicales-visito-los-barrios-lourdes-y-alberdi\/#breadcrumb","itemListElement":[{"@type":"ListItem","position":1,"name":"Portada","item":"https:\/\/experienciadevida.com.ar\/portalurbano\/"},{"@type":"ListItem","position":2,"name":"\u00abAdelante radicales\u00bb visit\u00f3 los barrios Lourdes y Alberdi"}]},{"@type":"WebSite","@id":"https:\/\/experienciadevida.com.ar\/portalurbano\/#website","url":"https:\/\/experienciadevida.com.ar\/portalurbano\/","name":"","description":"","publisher":{"@id":"https:\/\/experienciadevida.com.ar\/portalurbano\/#organization"},"potentialAction":[{"@type":"SearchAction","target":{"@type":"EntryPoint","urlTemplate":"https:\/\/experienciadevida.com.ar\/portalurbano\/?s={search_term_string}"},"query-input":"required name=search_term_string"}],"inLanguage":"es"},{"@type":"Organization","@id":"https:\/\/experienciadevida.com.ar\/portalurbano\/#organization","name":"Portal Urbano","url":"https:\/\/experienciadevida.com.ar\/portalurbano\/","logo":{"@type":"ImageObject","inLanguage":"es","@id":"https:\/\/experienciadevida.com.ar\/portalurbano\/#\/schema\/logo\/image\/","url":"https:\/\/experienciadevida.com.ar\/portalurbano\/wp-content\/uploads\/2019\/09\/Logo-Original.png","contentUrl":"https:\/\/experienciadevida.com.ar\/portalurbano\/wp-content\/uploads\/2019\/09\/Logo-Original.png","width":2236,"height":1216,"caption":"Portal Urbano"},"image":{"@id":"https:\/\/experienciadevida.com.ar\/portalurbano\/#\/schema\/logo\/image\/"},"sameAs":["https:\/\/www.facebook.com\/Portal-Urbano-171542830093757\/","https:\/\/twitter.com\/portalurbanook","https:\/\/www.instagram.com\/_portalurbano\/","https:\/\/www.youtube.com\/channel\/UCXhagIfszH8KxFiOok79zbA?view_as=subscriber"]},{"@type":"Person","@id":"https:\/\/experienciadevida.com.ar\/portalurbano\/#\/schema\/person\/02dd326b1c4b056e9cc972486934a3a7","name":"admpu17wp","image":{"@type":"ImageObject","inLanguage":"es","@id":"https:\/\/experienciadevida.com.ar\/portalurbano\/#\/schema\/person\/image\/","url":"https:\/\/secure.gravatar.com\/avatar\/830d4c57adaae6630765e449a6908047?s=96&d=mm&r=g","contentUrl":"https:\/\/secure.gravatar.com\/avatar\/830d4c57adaae6630765e449a6908047?s=96&d=mm&r=g","caption":"admpu17wp"}}]}},"featured_image_urls":{"full":["https:\/\/experienciadevida.com.ar\/portalurbano\/wp-content\/uploads\/2022\/06\/Adelante-radicales--scaled.jpg",2560,1920,false],"thumbnail":["https:\/\/experienciadevida.com.ar\/portalurbano\/wp-content\/uploads\/2022\/06\/Adelante-radicales--150x150.jpg",150,150,true],"medium":["https:\/\/experienciadevida.com.ar\/portalurbano\/wp-content\/uploads\/2022\/06\/Adelante-radicales--300x225.jpg",300,225,true],"medium_large":["https:\/\/experienciadevida.com.ar\/portalurbano\/wp-content\/uploads\/2022\/06\/Adelante-radicales--768x576.jpg",640,480,true],"large":["https:\/\/experienciadevida.com.ar\/portalurbano\/wp-content\/uploads\/2022\/06\/Adelante-radicales--1024x768.jpg",640,480,true],"ug_big":["https:\/\/experienciadevida.com.ar\/portalurbano\/wp-content\/uploads\/2022\/06\/Adelante-radicales--768x576.jpg",768,576,true],"1536x1536":["https:\/\/experienciadevida.com.ar\/portalurbano\/wp-content\/uploads\/2022\/06\/Adelante-radicales--1536x1152.jpg",1536,1152,true],"2048x2048":["https:\/\/experienciadevida.com.ar\/portalurbano\/wp-content\/uploads\/2022\/06\/Adelante-radicales--2048x1536.jpg",2048,1536,true],"newsever-slider-full":["https:\/\/experienciadevida.com.ar\/portalurbano\/wp-content\/uploads\/2022\/06\/Adelante-radicales--scaled.jpg",1127,845,false],"newsever-featured":["https:\/\/experienciadevida.com.ar\/portalurbano\/wp-content\/uploads\/2022\/06\/Adelante-radicales--scaled.jpg",1024,768,false],"newsever-medium":["https:\/\/experienciadevida.com.ar\/portalurbano\/wp-content\/uploads\/2022\/06\/Adelante-radicales--scaled.jpg",633,475,false],"web-stories-poster-portrait":["https:\/\/experienciadevida.com.ar\/portalurbano\/wp-content\/uploads\/2022\/06\/Adelante-radicales--scaled.jpg",640,480,false],"web-stories-publisher-logo":["https:\/\/experienciadevida.com.ar\/portalurbano\/wp-content\/uploads\/2022\/06\/Adelante-radicales--scaled.jpg",96,72,false],"web-stories-thumbnail":["https:\/\/experienciadevida.com.ar\/portalurbano\/wp-content\/uploads\/2022\/06\/Adelante-radicales--scaled.jpg",150,113,false]},"author_info":{"display_name":"admpu17wp","author_link":"https:\/\/experienciadevida.com.ar\/portalurbano\/author\/admpu17wp\/"},"category_info":"<a href=\"https:\/\/experienciadevida.com.ar\/portalurbano\/category\/ciudad\/\" rel=\"category tag\">Ciudad<\/a>","tag_info":"Ciudad","comment_count":"0","amp_enabled":true,"_links":{"self":[{"href":"https:\/\/experienciadevida.com.ar\/portalurbano\/wp-json\/wp\/v2\/posts\/170131"}],"collection":[{"href":"https:\/\/experienciadevida.com.ar\/portalurbano\/wp-json\/wp\/v2\/posts"}],"about":[{"href":"https:\/\/experienciadevida.com.ar\/portalurbano\/wp-json\/wp\/v2\/types\/post"}],"author":[{"embeddable":true,"href":"https:\/\/experienciadevida.com.ar\/portalurbano\/wp-json\/wp\/v2\/users\/1"}],"replies":[{"embeddable":true,"href":"https:\/\/experienciadevida.com.ar\/portalurbano\/wp-json\/wp\/v2\/comments?post=170131"}],"version-history":[{"count":1,"href":"https:\/\/experienciadevida.com.ar\/portalurbano\/wp-json\/wp\/v2\/posts\/170131\/revisions"}],"predecessor-version":[{"id":170133,"href":"https:\/\/experienciadevida.com.ar\/portalurbano\/wp-json\/wp\/v2\/posts\/170131\/revisions\/170133"}],"wp:featuredmedia":[{"embeddable":true,"href":"https:\/\/experienciadevida.com.ar\/portalurbano\/wp-json\/wp\/v2\/media\/170132"}],"wp:attachment":[{"href":"https:\/\/experienciadevida.com.ar\/portalurbano\/wp-json\/wp\/v2\/media?parent=170131"}],"wp:term":[{"taxonomy":"category","embeddable":true,"href":"https:\/\/experienciadevida.com.ar\/portalurbano\/wp-json\/wp\/v2\/categories?post=170131"},{"taxonomy":"post_tag","embeddable":true,"href":"https:\/\/experienciadevida.com.ar\/portalurbano\/wp-json\/wp\/v2\/tags?post=170131"}],"curies":[{"name":"wp","href":"https:\/\/api.w.org\/{rel}","templated":true}]}}