{"id":170124,"date":"2022-06-24T10:35:08","date_gmt":"2022-06-24T13:35:08","guid":{"rendered":"https:\/\/experienciadevida.com.ar\/portalurbano\/?p=170124"},"modified":"2022-06-24T10:35:39","modified_gmt":"2022-06-24T13:35:39","slug":"presencial-y-con-cambio-de-formato-vuelven-las-24-horas-de-innovacion-fio","status":"publish","type":"post","link":"https:\/\/experienciadevida.com.ar\/portalurbano\/presencial-y-con-cambio-de-formato-vuelven-las-24-horas-de-innovacion-fio\/","title":{"rendered":"Presencial y con cambio de formato: vuelven las \u201c24 horas de innovaci\u00f3n FIO\u201d"},"content":{"rendered":"<p>Presencial y con cambio de formato: vuelven las \u201c24 horas de innovaci\u00f3n <a href=\"https:\/\/www.facebook.com\/FIO.UNICEN\">FIO<\/a>\u201d, las tradicionales \u201c24 horas de innovaci\u00f3n FIO\u201d ya tienen fecha: el 6 y 7 de julio ser\u00e1 el momento de llevar la primera edici\u00f3n 2022, que llega con algunas novedades importantes.<\/p>\n<p>En principio, se trata de una versi\u00f3n completamente presencial que se desarrollar\u00e1 como siempre en instalaciones de la Facultad de Ingenier\u00eda, algo que hab\u00eda mutado a la virtualidad en tiempos de pandemia. Y otra novedad trascendente es que por primera vez el evento se desarrollar\u00e1 de manera desdoblada en dos jornadas de 12 horas cada una.<\/p>\n<p>Como en ediciones anteriores, \u201clas 24\u201d est\u00e1 organizada por el Centro de Desarrollo Emprendedor e Innovaci\u00f3n (CDEI) de la FIO, junto con el Municipio de Olavarr\u00eda y la Fundaci\u00f3n Loma Negra. La din\u00e1mica general es conocida: estudiantes del ante\u00faltimo a\u00f1o de nivel medio se suman al evento, en el que se les asignan equipos; deben elegir entre una serie de problem\u00e1ticas propuestas por entidades, instituciones y empresas olavarrienses, para entregar al d\u00eda siguiente una propuesta creativa y posible.<\/p>\n<p>Aunque un jurado determina los equipos ganadores, el evento pretende que quienes participan tomen contacto con las realidades sociales, comunitarias, productivas y ambientales, y que busquen soluciones de manera colaborativa. Esta metodolog\u00eda conjuga muchos beneficios para su formaci\u00f3n como futuros trabajadores, a la vez que intensifica las relaciones con protagonistas del desarrollo local. Durante la competencia, se realizan jornadas recreativas y talleres de capacitaci\u00f3n donde se brindan herramientas para la generaci\u00f3n de ideas y el desarrollo de modelos de negocio.<\/p>\n<p><strong>Premio est\u00edmulo:<\/strong><\/p>\n<p>Presencial y con cambio de formato: vuelven las \u201c24 horas de innovaci\u00f3n FIO\u201d, finalizadas \u201clas 24\u201d, los y las j\u00f3venes deber\u00e1n seguir trabajando en las propuestas de soluci\u00f3n, ampliando o mejorando el proyecto presentado. El CDEI apoyar\u00e1 esa instancia, de manera de poder dar continuidad a las iniciativas y convertirse en el punto de partida hacia una posible implementaci\u00f3n. Esto agrega un est\u00edmulo adicional al esfuerzo, ya que la factibilidad de concreci\u00f3n de las ideas no se agota en el evento.<\/p>\n<p>La competencia, cuya primera edici\u00f3n fue en 2015, se ha instalado como un evento tradicional que cuenta con enorme aceptaci\u00f3n entre estudiantes de la zona. Es acompa\u00f1ada durante su desarrollo por docentes y estudiantes de la FIO, coordinados por el CDEI. Se dictan talleres de capacitaci\u00f3n buscando fortalecer las competencias de quienes participan.<\/p>\n<p>Para 2022 est\u00e1 prevista una segunda edici\u00f3n en octubre.<\/p>\n","protected":false},"excerpt":{"rendered":"<p>Presencial y con cambio de formato: vuelven las \u201c24 horas de innovaci\u00f3n FIO\u201d, las tradicionales&#8230;<\/p>\n","protected":false},"author":1,"featured_media":170125,"comment_status":"closed","ping_status":"closed","sticky":false,"template":"","format":"standard","meta":{"content-type":""},"categories":[31],"tags":[],"nelio_content":{"isAutoShareEnabled":false,"autoShareEndMode":"default","automationSources":{"useContentSentences":true,"useSocialTemplates":true,"useCustomSentences":false,"customSentences":[]},"followers":[1],"suggestedReferences":[],"includedReferences":[],"efiUrl":"","efiAlt":"","highlights":[]},"yoast_head":"<!-- This site is optimized with the Yoast SEO plugin v20.7 - https:\/\/yoast.com\/wordpress\/plugins\/seo\/ -->\n<title>Prens<\/title>\n<meta name=\"description\" content=\"Presencial y con cambio de formato: vuelven las \u201c24 horas de innovaci\u00f3n FIO\u201d, las tradicionales \u201c24 horas de innovaci\u00f3n FIO\u201d\" \/>\n<meta name=\"robots\" content=\"index, follow, max-snippet:-1, max-image-preview:large, max-video-preview:-1\" \/>\n<link rel=\"canonical\" href=\"https:\/\/experienciadevida.com.ar\/portalurbano\/presencial-y-con-cambio-de-formato-vuelven-las-24-horas-de-innovacion-fio\/\" \/>\n<meta property=\"og:locale\" content=\"es_ES\" \/>\n<meta property=\"og:type\" content=\"article\" \/>\n<meta property=\"og:title\" content=\"Prens\" \/>\n<meta property=\"og:description\" content=\"Presencial y con cambio de formato: vuelven las \u201c24 horas de innovaci\u00f3n FIO\u201d, las tradicionales \u201c24 horas de innovaci\u00f3n FIO\u201d\" \/>\n<meta property=\"og:url\" content=\"https:\/\/experienciadevida.com.ar\/portalurbano\/presencial-y-con-cambio-de-formato-vuelven-las-24-horas-de-innovacion-fio\/\" \/>\n<meta property=\"article:publisher\" content=\"https:\/\/www.facebook.com\/Portal-Urbano-171542830093757\/\" \/>\n<meta property=\"article:published_time\" content=\"2022-06-24T13:35:08+00:00\" \/>\n<meta property=\"article:modified_time\" content=\"2022-06-24T13:35:39+00:00\" \/>\n<meta property=\"og:image\" content=\"https:\/\/experienciadevida.com.ar\/portalurbano\/wp-content\/uploads\/2022\/06\/Presencial-y-con-cambio.jpeg\" \/>\n\t<meta property=\"og:image:width\" content=\"1280\" \/>\n\t<meta property=\"og:image:height\" content=\"1280\" \/>\n\t<meta property=\"og:image:type\" content=\"image\/jpeg\" \/>\n<meta name=\"author\" content=\"admpu17wp\" \/>\n<meta name=\"twitter:card\" content=\"summary_large_image\" \/>\n<meta name=\"twitter:creator\" content=\"@portalurbanook\" \/>\n<meta name=\"twitter:site\" content=\"@portalurbanook\" \/>\n<meta name=\"twitter:label1\" content=\"Escrito por\" \/>\n\t<meta name=\"twitter:data1\" content=\"admpu17wp\" \/>\n\t<meta name=\"twitter:label2\" content=\"Tiempo de lectura\" \/>\n\t<meta name=\"twitter:data2\" content=\"2 minutos\" \/>\n<script type=\"application\/ld+json\" class=\"yoast-schema-graph\">{\"@context\":\"https:\/\/schema.org\",\"@graph\":[{\"@type\":\"Article\",\"@id\":\"https:\/\/experienciadevida.com.ar\/portalurbano\/presencial-y-con-cambio-de-formato-vuelven-las-24-horas-de-innovacion-fio\/#article\",\"isPartOf\":{\"@id\":\"https:\/\/experienciadevida.com.ar\/portalurbano\/presencial-y-con-cambio-de-formato-vuelven-las-24-horas-de-innovacion-fio\/\"},\"author\":{\"name\":\"admpu17wp\",\"@id\":\"https:\/\/experienciadevida.com.ar\/portalurbano\/#\/schema\/person\/02dd326b1c4b056e9cc972486934a3a7\"},\"headline\":\"Presencial y con cambio de formato: vuelven las \u201c24 horas de innovaci\u00f3n FIO\u201d\",\"datePublished\":\"2022-06-24T13:35:08+00:00\",\"dateModified\":\"2022-06-24T13:35:39+00:00\",\"mainEntityOfPage\":{\"@id\":\"https:\/\/experienciadevida.com.ar\/portalurbano\/presencial-y-con-cambio-de-formato-vuelven-las-24-horas-de-innovacion-fio\/\"},\"wordCount\":436,\"publisher\":{\"@id\":\"https:\/\/experienciadevida.com.ar\/portalurbano\/#organization\"},\"articleSection\":[\"Educaci\u00f3n\"],\"inLanguage\":\"es\"},{\"@type\":\"WebPage\",\"@id\":\"https:\/\/experienciadevida.com.ar\/portalurbano\/presencial-y-con-cambio-de-formato-vuelven-las-24-horas-de-innovacion-fio\/\",\"url\":\"https:\/\/experienciadevida.com.ar\/portalurbano\/presencial-y-con-cambio-de-formato-vuelven-las-24-horas-de-innovacion-fio\/\",\"name\":\"Prens\",\"isPartOf\":{\"@id\":\"https:\/\/experienciadevida.com.ar\/portalurbano\/#website\"},\"datePublished\":\"2022-06-24T13:35:08+00:00\",\"dateModified\":\"2022-06-24T13:35:39+00:00\",\"description\":\"Presencial y con cambio de formato: vuelven las \u201c24 horas de innovaci\u00f3n FIO\u201d, las tradicionales \u201c24 horas de innovaci\u00f3n FIO\u201d\",\"breadcrumb\":{\"@id\":\"https:\/\/experienciadevida.com.ar\/portalurbano\/presencial-y-con-cambio-de-formato-vuelven-las-24-horas-de-innovacion-fio\/#breadcrumb\"},\"inLanguage\":\"es\",\"potentialAction\":[{\"@type\":\"ReadAction\",\"target\":[\"https:\/\/experienciadevida.com.ar\/portalurbano\/presencial-y-con-cambio-de-formato-vuelven-las-24-horas-de-innovacion-fio\/\"]}]},{\"@type\":\"BreadcrumbList\",\"@id\":\"https:\/\/experienciadevida.com.ar\/portalurbano\/presencial-y-con-cambio-de-formato-vuelven-las-24-horas-de-innovacion-fio\/#breadcrumb\",\"itemListElement\":[{\"@type\":\"ListItem\",\"position\":1,\"name\":\"Portada\",\"item\":\"https:\/\/experienciadevida.com.ar\/portalurbano\/\"},{\"@type\":\"ListItem\",\"position\":2,\"name\":\"Presencial y con cambio de formato: vuelven las \u201c24 horas de innovaci\u00f3n FIO\u201d\"}]},{\"@type\":\"WebSite\",\"@id\":\"https:\/\/experienciadevida.com.ar\/portalurbano\/#website\",\"url\":\"https:\/\/experienciadevida.com.ar\/portalurbano\/\",\"name\":\"\",\"description\":\"\",\"publisher\":{\"@id\":\"https:\/\/experienciadevida.com.ar\/portalurbano\/#organization\"},\"potentialAction\":[{\"@type\":\"SearchAction\",\"target\":{\"@type\":\"EntryPoint\",\"urlTemplate\":\"https:\/\/experienciadevida.com.ar\/portalurbano\/?s={search_term_string}\"},\"query-input\":\"required name=search_term_string\"}],\"inLanguage\":\"es\"},{\"@type\":\"Organization\",\"@id\":\"https:\/\/experienciadevida.com.ar\/portalurbano\/#organization\",\"name\":\"Portal Urbano\",\"url\":\"https:\/\/experienciadevida.com.ar\/portalurbano\/\",\"logo\":{\"@type\":\"ImageObject\",\"inLanguage\":\"es\",\"@id\":\"https:\/\/experienciadevida.com.ar\/portalurbano\/#\/schema\/logo\/image\/\",\"url\":\"https:\/\/experienciadevida.com.ar\/portalurbano\/wp-content\/uploads\/2019\/09\/Logo-Original.png\",\"contentUrl\":\"https:\/\/experienciadevida.com.ar\/portalurbano\/wp-content\/uploads\/2019\/09\/Logo-Original.png\",\"width\":2236,\"height\":1216,\"caption\":\"Portal Urbano\"},\"image\":{\"@id\":\"https:\/\/experienciadevida.com.ar\/portalurbano\/#\/schema\/logo\/image\/\"},\"sameAs\":[\"https:\/\/www.facebook.com\/Portal-Urbano-171542830093757\/\",\"https:\/\/twitter.com\/portalurbanook\",\"https:\/\/www.instagram.com\/_portalurbano\/\",\"https:\/\/www.youtube.com\/channel\/UCXhagIfszH8KxFiOok79zbA?view_as=subscriber\"]},{\"@type\":\"Person\",\"@id\":\"https:\/\/experienciadevida.com.ar\/portalurbano\/#\/schema\/person\/02dd326b1c4b056e9cc972486934a3a7\",\"name\":\"admpu17wp\",\"image\":{\"@type\":\"ImageObject\",\"inLanguage\":\"es\",\"@id\":\"https:\/\/experienciadevida.com.ar\/portalurbano\/#\/schema\/person\/image\/\",\"url\":\"https:\/\/secure.gravatar.com\/avatar\/830d4c57adaae6630765e449a6908047?s=96&d=mm&r=g\",\"contentUrl\":\"https:\/\/secure.gravatar.com\/avatar\/830d4c57adaae6630765e449a6908047?s=96&d=mm&r=g\",\"caption\":\"admpu17wp\"}}]}<\/script>\n<!-- \/ Yoast SEO plugin. -->","yoast_head_json":{"title":"Prens","description":"Presencial y con cambio de formato: vuelven las \u201c24 horas de innovaci\u00f3n FIO\u201d, las tradicionales \u201c24 horas de innovaci\u00f3n FIO\u201d","robots":{"index":"index","follow":"follow","max-snippet":"max-snippet:-1","max-image-preview":"max-image-preview:large","max-video-preview":"max-video-preview:-1"},"canonical":"https:\/\/experienciadevida.com.ar\/portalurbano\/presencial-y-con-cambio-de-formato-vuelven-las-24-horas-de-innovacion-fio\/","og_locale":"es_ES","og_type":"article","og_title":"Prens","og_description":"Presencial y con cambio de formato: vuelven las \u201c24 horas de innovaci\u00f3n FIO\u201d, las tradicionales \u201c24 horas de innovaci\u00f3n FIO\u201d","og_url":"https:\/\/experienciadevida.com.ar\/portalurbano\/presencial-y-con-cambio-de-formato-vuelven-las-24-horas-de-innovacion-fio\/","article_publisher":"https:\/\/www.facebook.com\/Portal-Urbano-171542830093757\/","article_published_time":"2022-06-24T13:35:08+00:00","article_modified_time":"2022-06-24T13:35:39+00:00","og_image":[{"width":1280,"height":1280,"url":"https:\/\/experienciadevida.com.ar\/portalurbano\/wp-content\/uploads\/2022\/06\/Presencial-y-con-cambio.jpeg","type":"image\/jpeg"}],"author":"admpu17wp","twitter_card":"summary_large_image","twitter_creator":"@portalurbanook","twitter_site":"@portalurbanook","twitter_misc":{"Escrito por":"admpu17wp","Tiempo de lectura":"2 minutos"},"schema":{"@context":"https:\/\/schema.org","@graph":[{"@type":"Article","@id":"https:\/\/experienciadevida.com.ar\/portalurbano\/presencial-y-con-cambio-de-formato-vuelven-las-24-horas-de-innovacion-fio\/#article","isPartOf":{"@id":"https:\/\/experienciadevida.com.ar\/portalurbano\/presencial-y-con-cambio-de-formato-vuelven-las-24-horas-de-innovacion-fio\/"},"author":{"name":"admpu17wp","@id":"https:\/\/experienciadevida.com.ar\/portalurbano\/#\/schema\/person\/02dd326b1c4b056e9cc972486934a3a7"},"headline":"Presencial y con cambio de formato: vuelven las \u201c24 horas de innovaci\u00f3n FIO\u201d","datePublished":"2022-06-24T13:35:08+00:00","dateModified":"2022-06-24T13:35:39+00:00","mainEntityOfPage":{"@id":"https:\/\/experienciadevida.com.ar\/portalurbano\/presencial-y-con-cambio-de-formato-vuelven-las-24-horas-de-innovacion-fio\/"},"wordCount":436,"publisher":{"@id":"https:\/\/experienciadevida.com.ar\/portalurbano\/#organization"},"articleSection":["Educaci\u00f3n"],"inLanguage":"es"},{"@type":"WebPage","@id":"https:\/\/experienciadevida.com.ar\/portalurbano\/presencial-y-con-cambio-de-formato-vuelven-las-24-horas-de-innovacion-fio\/","url":"https:\/\/experienciadevida.com.ar\/portalurbano\/presencial-y-con-cambio-de-formato-vuelven-las-24-horas-de-innovacion-fio\/","name":"Prens","isPartOf":{"@id":"https:\/\/experienciadevida.com.ar\/portalurbano\/#website"},"datePublished":"2022-06-24T13:35:08+00:00","dateModified":"2022-06-24T13:35:39+00:00","description":"Presencial y con cambio de formato: vuelven las \u201c24 horas de innovaci\u00f3n FIO\u201d, las tradicionales \u201c24 horas de innovaci\u00f3n FIO\u201d","breadcrumb":{"@id":"https:\/\/experienciadevida.com.ar\/portalurbano\/presencial-y-con-cambio-de-formato-vuelven-las-24-horas-de-innovacion-fio\/#breadcrumb"},"inLanguage":"es","potentialAction":[{"@type":"ReadAction","target":["https:\/\/experienciadevida.com.ar\/portalurbano\/presencial-y-con-cambio-de-formato-vuelven-las-24-horas-de-innovacion-fio\/"]}]},{"@type":"BreadcrumbList","@id":"https:\/\/experienciadevida.com.ar\/portalurbano\/presencial-y-con-cambio-de-formato-vuelven-las-24-horas-de-innovacion-fio\/#breadcrumb","itemListElement":[{"@type":"ListItem","position":1,"name":"Portada","item":"https:\/\/experienciadevida.com.ar\/portalurbano\/"},{"@type":"ListItem","position":2,"name":"Presencial y con cambio de formato: vuelven las \u201c24 horas de innovaci\u00f3n FIO\u201d"}]},{"@type":"WebSite","@id":"https:\/\/experienciadevida.com.ar\/portalurbano\/#website","url":"https:\/\/experienciadevida.com.ar\/portalurbano\/","name":"","description":"","publisher":{"@id":"https:\/\/experienciadevida.com.ar\/portalurbano\/#organization"},"potentialAction":[{"@type":"SearchAction","target":{"@type":"EntryPoint","urlTemplate":"https:\/\/experienciadevida.com.ar\/portalurbano\/?s={search_term_string}"},"query-input":"required name=search_term_string"}],"inLanguage":"es"},{"@type":"Organization","@id":"https:\/\/experienciadevida.com.ar\/portalurbano\/#organization","name":"Portal Urbano","url":"https:\/\/experienciadevida.com.ar\/portalurbano\/","logo":{"@type":"ImageObject","inLanguage":"es","@id":"https:\/\/experienciadevida.com.ar\/portalurbano\/#\/schema\/logo\/image\/","url":"https:\/\/experienciadevida.com.ar\/portalurbano\/wp-content\/uploads\/2019\/09\/Logo-Original.png","contentUrl":"https:\/\/experienciadevida.com.ar\/portalurbano\/wp-content\/uploads\/2019\/09\/Logo-Original.png","width":2236,"height":1216,"caption":"Portal Urbano"},"image":{"@id":"https:\/\/experienciadevida.com.ar\/portalurbano\/#\/schema\/logo\/image\/"},"sameAs":["https:\/\/www.facebook.com\/Portal-Urbano-171542830093757\/","https:\/\/twitter.com\/portalurbanook","https:\/\/www.instagram.com\/_portalurbano\/","https:\/\/www.youtube.com\/channel\/UCXhagIfszH8KxFiOok79zbA?view_as=subscriber"]},{"@type":"Person","@id":"https:\/\/experienciadevida.com.ar\/portalurbano\/#\/schema\/person\/02dd326b1c4b056e9cc972486934a3a7","name":"admpu17wp","image":{"@type":"ImageObject","inLanguage":"es","@id":"https:\/\/experienciadevida.com.ar\/portalurbano\/#\/schema\/person\/image\/","url":"https:\/\/secure.gravatar.com\/avatar\/830d4c57adaae6630765e449a6908047?s=96&d=mm&r=g","contentUrl":"https:\/\/secure.gravatar.com\/avatar\/830d4c57adaae6630765e449a6908047?s=96&d=mm&r=g","caption":"admpu17wp"}}]}},"featured_image_urls":{"full":["https:\/\/experienciadevida.com.ar\/portalurbano\/wp-content\/uploads\/2022\/06\/Presencial-y-con-cambio.jpeg",1280,1280,false],"thumbnail":["https:\/\/experienciadevida.com.ar\/portalurbano\/wp-content\/uploads\/2022\/06\/Presencial-y-con-cambio-150x150.jpeg",150,150,true],"medium":["https:\/\/experienciadevida.com.ar\/portalurbano\/wp-content\/uploads\/2022\/06\/Presencial-y-con-cambio-300x300.jpeg",300,300,true],"medium_large":["https:\/\/experienciadevida.com.ar\/portalurbano\/wp-content\/uploads\/2022\/06\/Presencial-y-con-cambio-768x768.jpeg",640,640,true],"large":["https:\/\/experienciadevida.com.ar\/portalurbano\/wp-content\/uploads\/2022\/06\/Presencial-y-con-cambio-1024x1024.jpeg",640,640,true],"ug_big":["https:\/\/experienciadevida.com.ar\/portalurbano\/wp-content\/uploads\/2022\/06\/Presencial-y-con-cambio-768x768.jpeg",768,768,true],"1536x1536":["https:\/\/experienciadevida.com.ar\/portalurbano\/wp-content\/uploads\/2022\/06\/Presencial-y-con-cambio.jpeg",1280,1280,false],"2048x2048":["https:\/\/experienciadevida.com.ar\/portalurbano\/wp-content\/uploads\/2022\/06\/Presencial-y-con-cambio.jpeg",1280,1280,false],"newsever-slider-full":["https:\/\/experienciadevida.com.ar\/portalurbano\/wp-content\/uploads\/2022\/06\/Presencial-y-con-cambio.jpeg",845,845,false],"newsever-featured":["https:\/\/experienciadevida.com.ar\/portalurbano\/wp-content\/uploads\/2022\/06\/Presencial-y-con-cambio.jpeg",1024,1024,false],"newsever-medium":["https:\/\/experienciadevida.com.ar\/portalurbano\/wp-content\/uploads\/2022\/06\/Presencial-y-con-cambio.jpeg",475,475,false],"web-stories-poster-portrait":["https:\/\/experienciadevida.com.ar\/portalurbano\/wp-content\/uploads\/2022\/06\/Presencial-y-con-cambio.jpeg",640,640,false],"web-stories-publisher-logo":["https:\/\/experienciadevida.com.ar\/portalurbano\/wp-content\/uploads\/2022\/06\/Presencial-y-con-cambio.jpeg",96,96,false],"web-stories-thumbnail":["https:\/\/experienciadevida.com.ar\/portalurbano\/wp-content\/uploads\/2022\/06\/Presencial-y-con-cambio.jpeg",150,150,false]},"author_info":{"display_name":"admpu17wp","author_link":"https:\/\/experienciadevida.com.ar\/portalurbano\/author\/admpu17wp\/"},"category_info":"<a href=\"https:\/\/experienciadevida.com.ar\/portalurbano\/category\/ciudad\/educacion\/\" rel=\"category tag\">Educaci\u00f3n<\/a>","tag_info":"Educaci\u00f3n","comment_count":"0","amp_enabled":true,"_links":{"self":[{"href":"https:\/\/experienciadevida.com.ar\/portalurbano\/wp-json\/wp\/v2\/posts\/170124"}],"collection":[{"href":"https:\/\/experienciadevida.com.ar\/portalurbano\/wp-json\/wp\/v2\/posts"}],"about":[{"href":"https:\/\/experienciadevida.com.ar\/portalurbano\/wp-json\/wp\/v2\/types\/post"}],"author":[{"embeddable":true,"href":"https:\/\/experienciadevida.com.ar\/portalurbano\/wp-json\/wp\/v2\/users\/1"}],"replies":[{"embeddable":true,"href":"https:\/\/experienciadevida.com.ar\/portalurbano\/wp-json\/wp\/v2\/comments?post=170124"}],"version-history":[{"count":2,"href":"https:\/\/experienciadevida.com.ar\/portalurbano\/wp-json\/wp\/v2\/posts\/170124\/revisions"}],"predecessor-version":[{"id":170127,"href":"https:\/\/experienciadevida.com.ar\/portalurbano\/wp-json\/wp\/v2\/posts\/170124\/revisions\/170127"}],"wp:featuredmedia":[{"embeddable":true,"href":"https:\/\/experienciadevida.com.ar\/portalurbano\/wp-json\/wp\/v2\/media\/170125"}],"wp:attachment":[{"href":"https:\/\/experienciadevida.com.ar\/portalurbano\/wp-json\/wp\/v2\/media?parent=170124"}],"wp:term":[{"taxonomy":"category","embeddable":true,"href":"https:\/\/experienciadevida.com.ar\/portalurbano\/wp-json\/wp\/v2\/categories?post=170124"},{"taxonomy":"post_tag","embeddable":true,"href":"https:\/\/experienciadevida.com.ar\/portalurbano\/wp-json\/wp\/v2\/tags?post=170124"}],"curies":[{"name":"wp","href":"https:\/\/api.w.org\/{rel}","templated":true}]}}