{"id":170111,"date":"2022-06-24T10:19:00","date_gmt":"2022-06-24T13:19:00","guid":{"rendered":"https:\/\/experienciadevida.com.ar\/portalurbano\/?p=170111"},"modified":"2022-06-24T10:21:25","modified_gmt":"2022-06-24T13:21:25","slug":"se-entrego-la-moto-de-la-sexta-edicion-del-premio-al-buen-contribuyente","status":"publish","type":"post","link":"https:\/\/experienciadevida.com.ar\/portalurbano\/se-entrego-la-moto-de-la-sexta-edicion-del-premio-al-buen-contribuyente\/","title":{"rendered":"Se entreg\u00f3 la moto de la sexta edici\u00f3n del Premio al Buen Contribuyente"},"content":{"rendered":"<p>Se entreg\u00f3 la moto de la sexta edici\u00f3n del Premio al Buen Contribuyente, este viernes por la ma\u00f1ana -en el hall del Palacio San Mart\u00edn- se llev\u00f3 a cabo la entrega de la moto de la sexta edici\u00f3n Premio al Buen Contribuyente Electr\u00f3nico, que impulsa la <a href=\"https:\/\/www.facebook.com\/municipiodeolavarria\">Municipalidad<\/a> de Olavarr\u00eda.<\/p>\n<p>En esta oportunidad result\u00f3 favorecido Juan Carlos Saint Lary con el n\u00famero 0166 de una moto 0km 150 CC, en el marco del sorteo efectuado el d\u00eda 29 de abril.<\/p>\n<p>La entrega fue encabezada por la secretaria de Econom\u00eda y Hacienda Mar\u00eda Eugenia Bezzoni y la directora de Rentas Manuela Oliv\u00e1n.<\/p>\n<p>Dicho premio es una forma de incentivar el buen cumplimiento y reconocer el m\u00e9rito fiscal de los contribuyentes, que cumplen en tiempo y forma con el pago de sus obligaciones tributarias.<\/p>\n<p>A trav\u00e9s de la implementaci\u00f3n de la boleta electr\u00f3nica se busca mejorar la eficiencia y modernizar el Estado, adem\u00e1s de brindar facilidades a los contribuyentes ya que es c\u00f3modo, \u00e1gil y accesible desde cualquier lugar y\/o dispositivo electr\u00f3nico.<\/p>\n<p>La adhesi\u00f3n a la boleta electr\u00f3nica implica adem\u00e1s un notable cambio en relaci\u00f3n a la sustentabilidad y el cuidado del ambiente. Si se estima que con un \u00e1rbol se realizan 16 resmas de papel, al trasladar la ecuaci\u00f3n a los n\u00fameros locales, representa aproximadamente la p\u00e9rdida de unos 103 \u00e1rboles por a\u00f1o. En este sentido, en diciembre se dejar\u00e1n de imprimir definitivamente las boletas en formato papel.<\/p>\n<p>Es importante considerar que los costos en los que incurre la Municipalidad de Olavarr\u00eda en la generaci\u00f3n, emisi\u00f3n y reparto de los tributos ascienden a m\u00e1s de ocho millones de pesos anuales.<\/p>\n<p>El sorteo comprende a todo contribuyente que se encuentre adherido y\/o se adhiera a la boleta electr\u00f3nica y no registre deuda en ning\u00fan tributo y\/o tasa municipal.<\/p>\n<p>Como atractivo principal, este mes se realizar\u00e1 el gran sorteo de un auto 0 Km, un VW Gol Trendline, que fue adquirido por concurso en el mes de octubre de 2021.<\/p>\n<p>Cada contribuyente tiene un \u00fanico n\u00famero de sorteo independientemente de la cantidad de cuentas que tenga por los tributos y\/o tasas municipales existentes. Todo contribuyente que se encuentre adherido adem\u00e1s de la boleta electr\u00f3nica, al d\u00e9bito autom\u00e1tico tendr\u00e1 un n\u00famero extra para el sorteo.<\/p>\n<p>Cabe recordar, que d\u00edas atr\u00e1s se public\u00f3 el listado provisorio de contribuyentes en condiciones de participar, que se puede consultar en la p\u00e1gina web del Municipio www.olavarria.gov.ar, a trav\u00e9s del siguiente link.<\/p>\n<p>Desde la Direcci\u00f3n de Rentas se aclar\u00f3 que actualmente se encuentran en la etapa de revisi\u00f3n del listado definitivo de contribuyentes, que entrar\u00e1n en el sorteo del auto 0 Km, moto 150 CC y televisor de 50\u201d.<\/p>\n<p>Aquellos que quieran efectuar observaciones o reclamos al respecto, podr\u00e1n comunicarse a rentas@olavarria.gov.ar o telef\u00f3nicamente al 440442 interno 1804.<\/p>\n","protected":false},"excerpt":{"rendered":"<p>Se entreg\u00f3 la moto de la sexta edici\u00f3n del Premio al Buen Contribuyente, este viernes&#8230;<\/p>\n","protected":false},"author":1,"featured_media":170112,"comment_status":"closed","ping_status":"closed","sticky":false,"template":"","format":"standard","meta":{"content-type":""},"categories":[27,64],"tags":[],"nelio_content":{"isAutoShareEnabled":false,"autoShareEndMode":"default","automationSources":{"useContentSentences":true,"useSocialTemplates":true,"useCustomSentences":false,"customSentences":[]},"followers":[1],"suggestedReferences":[],"includedReferences":[],"efiUrl":"","efiAlt":"","highlights":[]},"yoast_head":"<!-- This site is optimized with the Yoast SEO plugin v20.7 - https:\/\/yoast.com\/wordpress\/plugins\/seo\/ -->\n<title>Se entreg\u00f3 la moto de la sexta edici\u00f3n del premio al buen contribuyente<\/title>\n<meta name=\"description\" content=\"Se entreg\u00f3 la moto de la sexta edici\u00f3n del Premio al Buen Contribuyente, este viernes por la ma\u00f1ana -en el hall del Palacio San Mart\u00edn\" \/>\n<meta name=\"robots\" content=\"index, follow, max-snippet:-1, max-image-preview:large, max-video-preview:-1\" \/>\n<link rel=\"canonical\" href=\"https:\/\/experienciadevida.com.ar\/portalurbano\/se-entrego-la-moto-de-la-sexta-edicion-del-premio-al-buen-contribuyente\/\" \/>\n<meta property=\"og:locale\" content=\"es_ES\" \/>\n<meta property=\"og:type\" content=\"article\" \/>\n<meta property=\"og:title\" content=\"Se entreg\u00f3 la moto de la sexta edici\u00f3n del premio al buen contribuyente\" \/>\n<meta property=\"og:description\" content=\"Se entreg\u00f3 la moto de la sexta edici\u00f3n del Premio al Buen Contribuyente, este viernes por la ma\u00f1ana -en el hall del Palacio San Mart\u00edn\" \/>\n<meta property=\"og:url\" content=\"https:\/\/experienciadevida.com.ar\/portalurbano\/se-entrego-la-moto-de-la-sexta-edicion-del-premio-al-buen-contribuyente\/\" \/>\n<meta property=\"article:publisher\" content=\"https:\/\/www.facebook.com\/Portal-Urbano-171542830093757\/\" \/>\n<meta property=\"article:published_time\" content=\"2022-06-24T13:19:00+00:00\" \/>\n<meta property=\"article:modified_time\" content=\"2022-06-24T13:21:25+00:00\" \/>\n<meta property=\"og:image\" content=\"https:\/\/experienciadevida.com.ar\/portalurbano\/wp-content\/uploads\/2022\/06\/Se-entrego-la-moto.jpg\" \/>\n\t<meta property=\"og:image:width\" content=\"1024\" \/>\n\t<meta property=\"og:image:height\" content=\"682\" \/>\n\t<meta property=\"og:image:type\" content=\"image\/jpeg\" \/>\n<meta name=\"author\" content=\"admpu17wp\" \/>\n<meta name=\"twitter:card\" content=\"summary_large_image\" \/>\n<meta name=\"twitter:creator\" content=\"@portalurbanook\" \/>\n<meta name=\"twitter:site\" content=\"@portalurbanook\" \/>\n<meta name=\"twitter:label1\" content=\"Escrito por\" \/>\n\t<meta name=\"twitter:data1\" content=\"admpu17wp\" \/>\n\t<meta name=\"twitter:label2\" content=\"Tiempo de lectura\" \/>\n\t<meta name=\"twitter:data2\" content=\"3 minutos\" \/>\n<script type=\"application\/ld+json\" class=\"yoast-schema-graph\">{\"@context\":\"https:\/\/schema.org\",\"@graph\":[{\"@type\":\"Article\",\"@id\":\"https:\/\/experienciadevida.com.ar\/portalurbano\/se-entrego-la-moto-de-la-sexta-edicion-del-premio-al-buen-contribuyente\/#article\",\"isPartOf\":{\"@id\":\"https:\/\/experienciadevida.com.ar\/portalurbano\/se-entrego-la-moto-de-la-sexta-edicion-del-premio-al-buen-contribuyente\/\"},\"author\":{\"name\":\"admpu17wp\",\"@id\":\"https:\/\/experienciadevida.com.ar\/portalurbano\/#\/schema\/person\/02dd326b1c4b056e9cc972486934a3a7\"},\"headline\":\"Se entreg\u00f3 la moto de la sexta edici\u00f3n del Premio al Buen Contribuyente\",\"datePublished\":\"2022-06-24T13:19:00+00:00\",\"dateModified\":\"2022-06-24T13:21:25+00:00\",\"mainEntityOfPage\":{\"@id\":\"https:\/\/experienciadevida.com.ar\/portalurbano\/se-entrego-la-moto-de-la-sexta-edicion-del-premio-al-buen-contribuyente\/\"},\"wordCount\":518,\"publisher\":{\"@id\":\"https:\/\/experienciadevida.com.ar\/portalurbano\/#organization\"},\"articleSection\":[\"Ciudad\",\"Destacadas 2\"],\"inLanguage\":\"es\"},{\"@type\":\"WebPage\",\"@id\":\"https:\/\/experienciadevida.com.ar\/portalurbano\/se-entrego-la-moto-de-la-sexta-edicion-del-premio-al-buen-contribuyente\/\",\"url\":\"https:\/\/experienciadevida.com.ar\/portalurbano\/se-entrego-la-moto-de-la-sexta-edicion-del-premio-al-buen-contribuyente\/\",\"name\":\"Se entreg\u00f3 la moto de la sexta edici\u00f3n del premio al buen contribuyente\",\"isPartOf\":{\"@id\":\"https:\/\/experienciadevida.com.ar\/portalurbano\/#website\"},\"datePublished\":\"2022-06-24T13:19:00+00:00\",\"dateModified\":\"2022-06-24T13:21:25+00:00\",\"description\":\"Se entreg\u00f3 la moto de la sexta edici\u00f3n del Premio al Buen Contribuyente, este viernes por la ma\u00f1ana -en el hall del Palacio San Mart\u00edn\",\"breadcrumb\":{\"@id\":\"https:\/\/experienciadevida.com.ar\/portalurbano\/se-entrego-la-moto-de-la-sexta-edicion-del-premio-al-buen-contribuyente\/#breadcrumb\"},\"inLanguage\":\"es\",\"potentialAction\":[{\"@type\":\"ReadAction\",\"target\":[\"https:\/\/experienciadevida.com.ar\/portalurbano\/se-entrego-la-moto-de-la-sexta-edicion-del-premio-al-buen-contribuyente\/\"]}]},{\"@type\":\"BreadcrumbList\",\"@id\":\"https:\/\/experienciadevida.com.ar\/portalurbano\/se-entrego-la-moto-de-la-sexta-edicion-del-premio-al-buen-contribuyente\/#breadcrumb\",\"itemListElement\":[{\"@type\":\"ListItem\",\"position\":1,\"name\":\"Portada\",\"item\":\"https:\/\/experienciadevida.com.ar\/portalurbano\/\"},{\"@type\":\"ListItem\",\"position\":2,\"name\":\"Se entreg\u00f3 la moto de la sexta edici\u00f3n del Premio al Buen Contribuyente\"}]},{\"@type\":\"WebSite\",\"@id\":\"https:\/\/experienciadevida.com.ar\/portalurbano\/#website\",\"url\":\"https:\/\/experienciadevida.com.ar\/portalurbano\/\",\"name\":\"\",\"description\":\"\",\"publisher\":{\"@id\":\"https:\/\/experienciadevida.com.ar\/portalurbano\/#organization\"},\"potentialAction\":[{\"@type\":\"SearchAction\",\"target\":{\"@type\":\"EntryPoint\",\"urlTemplate\":\"https:\/\/experienciadevida.com.ar\/portalurbano\/?s={search_term_string}\"},\"query-input\":\"required name=search_term_string\"}],\"inLanguage\":\"es\"},{\"@type\":\"Organization\",\"@id\":\"https:\/\/experienciadevida.com.ar\/portalurbano\/#organization\",\"name\":\"Portal Urbano\",\"url\":\"https:\/\/experienciadevida.com.ar\/portalurbano\/\",\"logo\":{\"@type\":\"ImageObject\",\"inLanguage\":\"es\",\"@id\":\"https:\/\/experienciadevida.com.ar\/portalurbano\/#\/schema\/logo\/image\/\",\"url\":\"https:\/\/experienciadevida.com.ar\/portalurbano\/wp-content\/uploads\/2019\/09\/Logo-Original.png\",\"contentUrl\":\"https:\/\/experienciadevida.com.ar\/portalurbano\/wp-content\/uploads\/2019\/09\/Logo-Original.png\",\"width\":2236,\"height\":1216,\"caption\":\"Portal Urbano\"},\"image\":{\"@id\":\"https:\/\/experienciadevida.com.ar\/portalurbano\/#\/schema\/logo\/image\/\"},\"sameAs\":[\"https:\/\/www.facebook.com\/Portal-Urbano-171542830093757\/\",\"https:\/\/twitter.com\/portalurbanook\",\"https:\/\/www.instagram.com\/_portalurbano\/\",\"https:\/\/www.youtube.com\/channel\/UCXhagIfszH8KxFiOok79zbA?view_as=subscriber\"]},{\"@type\":\"Person\",\"@id\":\"https:\/\/experienciadevida.com.ar\/portalurbano\/#\/schema\/person\/02dd326b1c4b056e9cc972486934a3a7\",\"name\":\"admpu17wp\",\"image\":{\"@type\":\"ImageObject\",\"inLanguage\":\"es\",\"@id\":\"https:\/\/experienciadevida.com.ar\/portalurbano\/#\/schema\/person\/image\/\",\"url\":\"https:\/\/secure.gravatar.com\/avatar\/830d4c57adaae6630765e449a6908047?s=96&d=mm&r=g\",\"contentUrl\":\"https:\/\/secure.gravatar.com\/avatar\/830d4c57adaae6630765e449a6908047?s=96&d=mm&r=g\",\"caption\":\"admpu17wp\"}}]}<\/script>\n<!-- \/ Yoast SEO plugin. -->","yoast_head_json":{"title":"Se entreg\u00f3 la moto de la sexta edici\u00f3n del premio al buen contribuyente","description":"Se entreg\u00f3 la moto de la sexta edici\u00f3n del Premio al Buen Contribuyente, este viernes por la ma\u00f1ana -en el hall del Palacio San Mart\u00edn","robots":{"index":"index","follow":"follow","max-snippet":"max-snippet:-1","max-image-preview":"max-image-preview:large","max-video-preview":"max-video-preview:-1"},"canonical":"https:\/\/experienciadevida.com.ar\/portalurbano\/se-entrego-la-moto-de-la-sexta-edicion-del-premio-al-buen-contribuyente\/","og_locale":"es_ES","og_type":"article","og_title":"Se entreg\u00f3 la moto de la sexta edici\u00f3n del premio al buen contribuyente","og_description":"Se entreg\u00f3 la moto de la sexta edici\u00f3n del Premio al Buen Contribuyente, este viernes por la ma\u00f1ana -en el hall del Palacio San Mart\u00edn","og_url":"https:\/\/experienciadevida.com.ar\/portalurbano\/se-entrego-la-moto-de-la-sexta-edicion-del-premio-al-buen-contribuyente\/","article_publisher":"https:\/\/www.facebook.com\/Portal-Urbano-171542830093757\/","article_published_time":"2022-06-24T13:19:00+00:00","article_modified_time":"2022-06-24T13:21:25+00:00","og_image":[{"width":1024,"height":682,"url":"https:\/\/experienciadevida.com.ar\/portalurbano\/wp-content\/uploads\/2022\/06\/Se-entrego-la-moto.jpg","type":"image\/jpeg"}],"author":"admpu17wp","twitter_card":"summary_large_image","twitter_creator":"@portalurbanook","twitter_site":"@portalurbanook","twitter_misc":{"Escrito por":"admpu17wp","Tiempo de lectura":"3 minutos"},"schema":{"@context":"https:\/\/schema.org","@graph":[{"@type":"Article","@id":"https:\/\/experienciadevida.com.ar\/portalurbano\/se-entrego-la-moto-de-la-sexta-edicion-del-premio-al-buen-contribuyente\/#article","isPartOf":{"@id":"https:\/\/experienciadevida.com.ar\/portalurbano\/se-entrego-la-moto-de-la-sexta-edicion-del-premio-al-buen-contribuyente\/"},"author":{"name":"admpu17wp","@id":"https:\/\/experienciadevida.com.ar\/portalurbano\/#\/schema\/person\/02dd326b1c4b056e9cc972486934a3a7"},"headline":"Se entreg\u00f3 la moto de la sexta edici\u00f3n del Premio al Buen Contribuyente","datePublished":"2022-06-24T13:19:00+00:00","dateModified":"2022-06-24T13:21:25+00:00","mainEntityOfPage":{"@id":"https:\/\/experienciadevida.com.ar\/portalurbano\/se-entrego-la-moto-de-la-sexta-edicion-del-premio-al-buen-contribuyente\/"},"wordCount":518,"publisher":{"@id":"https:\/\/experienciadevida.com.ar\/portalurbano\/#organization"},"articleSection":["Ciudad","Destacadas 2"],"inLanguage":"es"},{"@type":"WebPage","@id":"https:\/\/experienciadevida.com.ar\/portalurbano\/se-entrego-la-moto-de-la-sexta-edicion-del-premio-al-buen-contribuyente\/","url":"https:\/\/experienciadevida.com.ar\/portalurbano\/se-entrego-la-moto-de-la-sexta-edicion-del-premio-al-buen-contribuyente\/","name":"Se entreg\u00f3 la moto de la sexta edici\u00f3n del premio al buen contribuyente","isPartOf":{"@id":"https:\/\/experienciadevida.com.ar\/portalurbano\/#website"},"datePublished":"2022-06-24T13:19:00+00:00","dateModified":"2022-06-24T13:21:25+00:00","description":"Se entreg\u00f3 la moto de la sexta edici\u00f3n del Premio al Buen Contribuyente, este viernes por la ma\u00f1ana -en el hall del Palacio San Mart\u00edn","breadcrumb":{"@id":"https:\/\/experienciadevida.com.ar\/portalurbano\/se-entrego-la-moto-de-la-sexta-edicion-del-premio-al-buen-contribuyente\/#breadcrumb"},"inLanguage":"es","potentialAction":[{"@type":"ReadAction","target":["https:\/\/experienciadevida.com.ar\/portalurbano\/se-entrego-la-moto-de-la-sexta-edicion-del-premio-al-buen-contribuyente\/"]}]},{"@type":"BreadcrumbList","@id":"https:\/\/experienciadevida.com.ar\/portalurbano\/se-entrego-la-moto-de-la-sexta-edicion-del-premio-al-buen-contribuyente\/#breadcrumb","itemListElement":[{"@type":"ListItem","position":1,"name":"Portada","item":"https:\/\/experienciadevida.com.ar\/portalurbano\/"},{"@type":"ListItem","position":2,"name":"Se entreg\u00f3 la moto de la sexta edici\u00f3n del Premio al Buen Contribuyente"}]},{"@type":"WebSite","@id":"https:\/\/experienciadevida.com.ar\/portalurbano\/#website","url":"https:\/\/experienciadevida.com.ar\/portalurbano\/","name":"","description":"","publisher":{"@id":"https:\/\/experienciadevida.com.ar\/portalurbano\/#organization"},"potentialAction":[{"@type":"SearchAction","target":{"@type":"EntryPoint","urlTemplate":"https:\/\/experienciadevida.com.ar\/portalurbano\/?s={search_term_string}"},"query-input":"required name=search_term_string"}],"inLanguage":"es"},{"@type":"Organization","@id":"https:\/\/experienciadevida.com.ar\/portalurbano\/#organization","name":"Portal Urbano","url":"https:\/\/experienciadevida.com.ar\/portalurbano\/","logo":{"@type":"ImageObject","inLanguage":"es","@id":"https:\/\/experienciadevida.com.ar\/portalurbano\/#\/schema\/logo\/image\/","url":"https:\/\/experienciadevida.com.ar\/portalurbano\/wp-content\/uploads\/2019\/09\/Logo-Original.png","contentUrl":"https:\/\/experienciadevida.com.ar\/portalurbano\/wp-content\/uploads\/2019\/09\/Logo-Original.png","width":2236,"height":1216,"caption":"Portal Urbano"},"image":{"@id":"https:\/\/experienciadevida.com.ar\/portalurbano\/#\/schema\/logo\/image\/"},"sameAs":["https:\/\/www.facebook.com\/Portal-Urbano-171542830093757\/","https:\/\/twitter.com\/portalurbanook","https:\/\/www.instagram.com\/_portalurbano\/","https:\/\/www.youtube.com\/channel\/UCXhagIfszH8KxFiOok79zbA?view_as=subscriber"]},{"@type":"Person","@id":"https:\/\/experienciadevida.com.ar\/portalurbano\/#\/schema\/person\/02dd326b1c4b056e9cc972486934a3a7","name":"admpu17wp","image":{"@type":"ImageObject","inLanguage":"es","@id":"https:\/\/experienciadevida.com.ar\/portalurbano\/#\/schema\/person\/image\/","url":"https:\/\/secure.gravatar.com\/avatar\/830d4c57adaae6630765e449a6908047?s=96&d=mm&r=g","contentUrl":"https:\/\/secure.gravatar.com\/avatar\/830d4c57adaae6630765e449a6908047?s=96&d=mm&r=g","caption":"admpu17wp"}}]}},"featured_image_urls":{"full":["https:\/\/experienciadevida.com.ar\/portalurbano\/wp-content\/uploads\/2022\/06\/Se-entrego-la-moto.jpg",1024,682,false],"thumbnail":["https:\/\/experienciadevida.com.ar\/portalurbano\/wp-content\/uploads\/2022\/06\/Se-entrego-la-moto-150x150.jpg",150,150,true],"medium":["https:\/\/experienciadevida.com.ar\/portalurbano\/wp-content\/uploads\/2022\/06\/Se-entrego-la-moto-300x200.jpg",300,200,true],"medium_large":["https:\/\/experienciadevida.com.ar\/portalurbano\/wp-content\/uploads\/2022\/06\/Se-entrego-la-moto-768x512.jpg",640,427,true],"large":["https:\/\/experienciadevida.com.ar\/portalurbano\/wp-content\/uploads\/2022\/06\/Se-entrego-la-moto.jpg",640,426,false],"ug_big":["https:\/\/experienciadevida.com.ar\/portalurbano\/wp-content\/uploads\/2022\/06\/Se-entrego-la-moto-768x512.jpg",768,512,true],"1536x1536":["https:\/\/experienciadevida.com.ar\/portalurbano\/wp-content\/uploads\/2022\/06\/Se-entrego-la-moto.jpg",1024,682,false],"2048x2048":["https:\/\/experienciadevida.com.ar\/portalurbano\/wp-content\/uploads\/2022\/06\/Se-entrego-la-moto.jpg",1024,682,false],"newsever-slider-full":["https:\/\/experienciadevida.com.ar\/portalurbano\/wp-content\/uploads\/2022\/06\/Se-entrego-la-moto.jpg",1024,682,false],"newsever-featured":["https:\/\/experienciadevida.com.ar\/portalurbano\/wp-content\/uploads\/2022\/06\/Se-entrego-la-moto.jpg",1024,682,false],"newsever-medium":["https:\/\/experienciadevida.com.ar\/portalurbano\/wp-content\/uploads\/2022\/06\/Se-entrego-la-moto.jpg",713,475,false],"web-stories-poster-portrait":["https:\/\/experienciadevida.com.ar\/portalurbano\/wp-content\/uploads\/2022\/06\/Se-entrego-la-moto.jpg",640,426,false],"web-stories-publisher-logo":["https:\/\/experienciadevida.com.ar\/portalurbano\/wp-content\/uploads\/2022\/06\/Se-entrego-la-moto.jpg",96,64,false],"web-stories-thumbnail":["https:\/\/experienciadevida.com.ar\/portalurbano\/wp-content\/uploads\/2022\/06\/Se-entrego-la-moto.jpg",150,100,false]},"author_info":{"display_name":"admpu17wp","author_link":"https:\/\/experienciadevida.com.ar\/portalurbano\/author\/admpu17wp\/"},"category_info":"<a href=\"https:\/\/experienciadevida.com.ar\/portalurbano\/category\/ciudad\/\" rel=\"category tag\">Ciudad<\/a> <a href=\"https:\/\/experienciadevida.com.ar\/portalurbano\/category\/destacadas-2\/\" rel=\"category tag\">Destacadas 2<\/a>","tag_info":"Destacadas 2","comment_count":"0","amp_enabled":true,"_links":{"self":[{"href":"https:\/\/experienciadevida.com.ar\/portalurbano\/wp-json\/wp\/v2\/posts\/170111"}],"collection":[{"href":"https:\/\/experienciadevida.com.ar\/portalurbano\/wp-json\/wp\/v2\/posts"}],"about":[{"href":"https:\/\/experienciadevida.com.ar\/portalurbano\/wp-json\/wp\/v2\/types\/post"}],"author":[{"embeddable":true,"href":"https:\/\/experienciadevida.com.ar\/portalurbano\/wp-json\/wp\/v2\/users\/1"}],"replies":[{"embeddable":true,"href":"https:\/\/experienciadevida.com.ar\/portalurbano\/wp-json\/wp\/v2\/comments?post=170111"}],"version-history":[{"count":2,"href":"https:\/\/experienciadevida.com.ar\/portalurbano\/wp-json\/wp\/v2\/posts\/170111\/revisions"}],"predecessor-version":[{"id":170114,"href":"https:\/\/experienciadevida.com.ar\/portalurbano\/wp-json\/wp\/v2\/posts\/170111\/revisions\/170114"}],"wp:featuredmedia":[{"embeddable":true,"href":"https:\/\/experienciadevida.com.ar\/portalurbano\/wp-json\/wp\/v2\/media\/170112"}],"wp:attachment":[{"href":"https:\/\/experienciadevida.com.ar\/portalurbano\/wp-json\/wp\/v2\/media?parent=170111"}],"wp:term":[{"taxonomy":"category","embeddable":true,"href":"https:\/\/experienciadevida.com.ar\/portalurbano\/wp-json\/wp\/v2\/categories?post=170111"},{"taxonomy":"post_tag","embeddable":true,"href":"https:\/\/experienciadevida.com.ar\/portalurbano\/wp-json\/wp\/v2\/tags?post=170111"}],"curies":[{"name":"wp","href":"https:\/\/api.w.org\/{rel}","templated":true}]}}