{"id":170082,"date":"2022-06-23T15:06:22","date_gmt":"2022-06-23T18:06:22","guid":{"rendered":"https:\/\/experienciadevida.com.ar\/portalurbano\/?p=170082"},"modified":"2022-06-23T15:07:49","modified_gmt":"2022-06-23T18:07:49","slug":"trabajadores-de-comercio-el-aguinaldo-debera-pagarse-antes-del-30-de-junio","status":"publish","type":"post","link":"https:\/\/experienciadevida.com.ar\/portalurbano\/trabajadores-de-comercio-el-aguinaldo-debera-pagarse-antes-del-30-de-junio\/","title":{"rendered":"Trabajadores de comercio: el aguinaldo deber\u00e1 pagarse antes del 30 de junio"},"content":{"rendered":"<p>Trabajadores de comercio: el aguinaldo deber\u00e1 pagarse antes del 30 de junio, as\u00ed lo inform\u00f3 en un comunicado el CECO.<\/p>\n<p>Tendr\u00e1 lugar el pago de la primera cuota del \u201cSueldo Anual Complementario\u201d. Desde el CECO se inform\u00f3 que los empleadores tienen la obligaci\u00f3n de abonar dicha suma de dinero extra antes del jueves 30 de junio.<\/p>\n<p>Desde el Centro Empleados de Comercio de Olavarr\u00eda (CECO) se informa a los trabajadores y trabajadoras mercantiles que el pago de la primera cuota del \u201cSueldo Anual Complementario\u201d (SAC) debe realizarse antes del pr\u00f3ximo jueves 30 de junio. Esta medida se encuentra establecida en la ley de contrato de trabajo y abarca a todos los trabajadores de la Rep\u00fablica Argentina.<\/p>\n<p>Esta ley establece que el sueldo anual complementario ser\u00e1 abonado en dos (2) cuotas: la primera de ellas con vencimiento el 30 de junio y la segunda con vencimiento el 18 de diciembre de cada a\u00f1o.<\/p>\n<p>Es importante destacar que para el c\u00e1lculo del aguinaldo deben tomarse las remuneraciones principales (sueldo b\u00e1sico, presentismo y antig\u00fcedad) y si hubiera horas extras, vi\u00e1ticos y comisiones. Tambi\u00e9n, hay que tener en<br \/>\ncuenta que el mismo est\u00e1 sujeto a descuentos de aportes y contribuciones.<\/p>\n<p>Ante cualquier duda sobre la liquidaci\u00f3n y el pago del aguinaldo, los trabajadores y empleadores podr\u00e1n comunicarse a la Secretaria Gremial del CECO al 439300 interno 423 en el horario de 8:00 a 16:00 horas o<br \/>\npersonalmente en la sede central del Centro Empleados de Comercio de calle Coronel Su\u00e1rez 2752 primer piso.<\/p>\n<p><strong>\u00bf Cuando debe cobrarse el aguinaldo?<\/strong><\/p>\n<p>Deber\u00e1 pagarse antes del 30 de junio de acuerdo a la ley de contrato de trabajo.<\/p>\n<p><strong>\u00bfC\u00f3mo se calcula el aguinaldo?<\/strong><\/p>\n<p>Se toman en las remuneraciones principales y si hubiera horas extras, vi\u00e1ticos y comisiones. Est\u00e1 sujeto a descuentos de aportes y contribuciones.<\/p>\n<p><b>\u00bfC\u00f3mo<\/b><strong>\u00a0puedo reclamar si no me lo pagaron?<\/strong><\/p>\n<p>Comunic\u00e1ndose a la Secretaria gremial del CECO al 439300 interno 423<\/p>\n","protected":false},"excerpt":{"rendered":"<p>Trabajadores de comercio: el aguinaldo deber\u00e1 pagarse antes del 30 de junio, as\u00ed lo inform\u00f3&#8230;<\/p>\n","protected":false},"author":1,"featured_media":170083,"comment_status":"closed","ping_status":"closed","sticky":false,"template":"","format":"standard","meta":{"content-type":""},"categories":[27,64],"tags":[],"nelio_content":{"isAutoShareEnabled":false,"autoShareEndMode":"default","automationSources":{"useContentSentences":true,"useSocialTemplates":true,"useCustomSentences":false,"customSentences":[]},"followers":[1],"suggestedReferences":[],"includedReferences":[],"efiUrl":"","efiAlt":"","highlights":[]},"yoast_head":"<!-- This site is optimized with the Yoast SEO plugin v20.7 - https:\/\/yoast.com\/wordpress\/plugins\/seo\/ -->\n<title>Trabajadores de comercio: el aguinaldo deber\u00e1 pagarse antes del 30<\/title>\n<meta name=\"description\" content=\"Trabajadores de comercio: el aguinaldo deber\u00e1 pagarse antes del 30 de junio, as\u00ed lo inform\u00f3 en un comunicado el CECO.\" \/>\n<meta name=\"robots\" content=\"index, follow, max-snippet:-1, max-image-preview:large, max-video-preview:-1\" \/>\n<link rel=\"canonical\" href=\"https:\/\/experienciadevida.com.ar\/portalurbano\/trabajadores-de-comercio-el-aguinaldo-debera-pagarse-antes-del-30-de-junio\/\" \/>\n<meta property=\"og:locale\" content=\"es_ES\" \/>\n<meta property=\"og:type\" content=\"article\" \/>\n<meta property=\"og:title\" content=\"Trabajadores de comercio: el aguinaldo deber\u00e1 pagarse antes del 30\" \/>\n<meta property=\"og:description\" content=\"Trabajadores de comercio: el aguinaldo deber\u00e1 pagarse antes del 30 de junio, as\u00ed lo inform\u00f3 en un comunicado el CECO.\" \/>\n<meta property=\"og:url\" content=\"https:\/\/experienciadevida.com.ar\/portalurbano\/trabajadores-de-comercio-el-aguinaldo-debera-pagarse-antes-del-30-de-junio\/\" \/>\n<meta property=\"article:publisher\" content=\"https:\/\/www.facebook.com\/Portal-Urbano-171542830093757\/\" \/>\n<meta property=\"article:published_time\" content=\"2022-06-23T18:06:22+00:00\" \/>\n<meta property=\"article:modified_time\" content=\"2022-06-23T18:07:49+00:00\" \/>\n<meta property=\"og:image\" content=\"https:\/\/experienciadevida.com.ar\/portalurbano\/wp-content\/uploads\/2022\/06\/Trabajadores-de-comercio.png\" \/>\n\t<meta property=\"og:image:width\" content=\"765\" \/>\n\t<meta property=\"og:image:height\" content=\"891\" \/>\n\t<meta property=\"og:image:type\" content=\"image\/png\" \/>\n<meta name=\"author\" content=\"admpu17wp\" \/>\n<meta name=\"twitter:card\" content=\"summary_large_image\" \/>\n<meta name=\"twitter:creator\" content=\"@portalurbanook\" \/>\n<meta name=\"twitter:site\" content=\"@portalurbanook\" \/>\n<meta name=\"twitter:label1\" content=\"Escrito por\" \/>\n\t<meta name=\"twitter:data1\" content=\"admpu17wp\" \/>\n\t<meta name=\"twitter:label2\" content=\"Tiempo de lectura\" \/>\n\t<meta name=\"twitter:data2\" content=\"2 minutos\" \/>\n<script type=\"application\/ld+json\" class=\"yoast-schema-graph\">{\"@context\":\"https:\/\/schema.org\",\"@graph\":[{\"@type\":\"Article\",\"@id\":\"https:\/\/experienciadevida.com.ar\/portalurbano\/trabajadores-de-comercio-el-aguinaldo-debera-pagarse-antes-del-30-de-junio\/#article\",\"isPartOf\":{\"@id\":\"https:\/\/experienciadevida.com.ar\/portalurbano\/trabajadores-de-comercio-el-aguinaldo-debera-pagarse-antes-del-30-de-junio\/\"},\"author\":{\"name\":\"admpu17wp\",\"@id\":\"https:\/\/experienciadevida.com.ar\/portalurbano\/#\/schema\/person\/02dd326b1c4b056e9cc972486934a3a7\"},\"headline\":\"Trabajadores de comercio: el aguinaldo deber\u00e1 pagarse antes del 30 de junio\",\"datePublished\":\"2022-06-23T18:06:22+00:00\",\"dateModified\":\"2022-06-23T18:07:49+00:00\",\"mainEntityOfPage\":{\"@id\":\"https:\/\/experienciadevida.com.ar\/portalurbano\/trabajadores-de-comercio-el-aguinaldo-debera-pagarse-antes-del-30-de-junio\/\"},\"wordCount\":330,\"publisher\":{\"@id\":\"https:\/\/experienciadevida.com.ar\/portalurbano\/#organization\"},\"articleSection\":[\"Ciudad\",\"Destacadas 2\"],\"inLanguage\":\"es\"},{\"@type\":\"WebPage\",\"@id\":\"https:\/\/experienciadevida.com.ar\/portalurbano\/trabajadores-de-comercio-el-aguinaldo-debera-pagarse-antes-del-30-de-junio\/\",\"url\":\"https:\/\/experienciadevida.com.ar\/portalurbano\/trabajadores-de-comercio-el-aguinaldo-debera-pagarse-antes-del-30-de-junio\/\",\"name\":\"Trabajadores de comercio: el aguinaldo deber\u00e1 pagarse antes del 30\",\"isPartOf\":{\"@id\":\"https:\/\/experienciadevida.com.ar\/portalurbano\/#website\"},\"datePublished\":\"2022-06-23T18:06:22+00:00\",\"dateModified\":\"2022-06-23T18:07:49+00:00\",\"description\":\"Trabajadores de comercio: el aguinaldo deber\u00e1 pagarse antes del 30 de junio, as\u00ed lo inform\u00f3 en un comunicado el CECO.\",\"breadcrumb\":{\"@id\":\"https:\/\/experienciadevida.com.ar\/portalurbano\/trabajadores-de-comercio-el-aguinaldo-debera-pagarse-antes-del-30-de-junio\/#breadcrumb\"},\"inLanguage\":\"es\",\"potentialAction\":[{\"@type\":\"ReadAction\",\"target\":[\"https:\/\/experienciadevida.com.ar\/portalurbano\/trabajadores-de-comercio-el-aguinaldo-debera-pagarse-antes-del-30-de-junio\/\"]}]},{\"@type\":\"BreadcrumbList\",\"@id\":\"https:\/\/experienciadevida.com.ar\/portalurbano\/trabajadores-de-comercio-el-aguinaldo-debera-pagarse-antes-del-30-de-junio\/#breadcrumb\",\"itemListElement\":[{\"@type\":\"ListItem\",\"position\":1,\"name\":\"Portada\",\"item\":\"https:\/\/experienciadevida.com.ar\/portalurbano\/\"},{\"@type\":\"ListItem\",\"position\":2,\"name\":\"Trabajadores de comercio: el aguinaldo deber\u00e1 pagarse antes del 30 de junio\"}]},{\"@type\":\"WebSite\",\"@id\":\"https:\/\/experienciadevida.com.ar\/portalurbano\/#website\",\"url\":\"https:\/\/experienciadevida.com.ar\/portalurbano\/\",\"name\":\"\",\"description\":\"\",\"publisher\":{\"@id\":\"https:\/\/experienciadevida.com.ar\/portalurbano\/#organization\"},\"potentialAction\":[{\"@type\":\"SearchAction\",\"target\":{\"@type\":\"EntryPoint\",\"urlTemplate\":\"https:\/\/experienciadevida.com.ar\/portalurbano\/?s={search_term_string}\"},\"query-input\":\"required name=search_term_string\"}],\"inLanguage\":\"es\"},{\"@type\":\"Organization\",\"@id\":\"https:\/\/experienciadevida.com.ar\/portalurbano\/#organization\",\"name\":\"Portal Urbano\",\"url\":\"https:\/\/experienciadevida.com.ar\/portalurbano\/\",\"logo\":{\"@type\":\"ImageObject\",\"inLanguage\":\"es\",\"@id\":\"https:\/\/experienciadevida.com.ar\/portalurbano\/#\/schema\/logo\/image\/\",\"url\":\"https:\/\/experienciadevida.com.ar\/portalurbano\/wp-content\/uploads\/2019\/09\/Logo-Original.png\",\"contentUrl\":\"https:\/\/experienciadevida.com.ar\/portalurbano\/wp-content\/uploads\/2019\/09\/Logo-Original.png\",\"width\":2236,\"height\":1216,\"caption\":\"Portal Urbano\"},\"image\":{\"@id\":\"https:\/\/experienciadevida.com.ar\/portalurbano\/#\/schema\/logo\/image\/\"},\"sameAs\":[\"https:\/\/www.facebook.com\/Portal-Urbano-171542830093757\/\",\"https:\/\/twitter.com\/portalurbanook\",\"https:\/\/www.instagram.com\/_portalurbano\/\",\"https:\/\/www.youtube.com\/channel\/UCXhagIfszH8KxFiOok79zbA?view_as=subscriber\"]},{\"@type\":\"Person\",\"@id\":\"https:\/\/experienciadevida.com.ar\/portalurbano\/#\/schema\/person\/02dd326b1c4b056e9cc972486934a3a7\",\"name\":\"admpu17wp\",\"image\":{\"@type\":\"ImageObject\",\"inLanguage\":\"es\",\"@id\":\"https:\/\/experienciadevida.com.ar\/portalurbano\/#\/schema\/person\/image\/\",\"url\":\"https:\/\/secure.gravatar.com\/avatar\/830d4c57adaae6630765e449a6908047?s=96&d=mm&r=g\",\"contentUrl\":\"https:\/\/secure.gravatar.com\/avatar\/830d4c57adaae6630765e449a6908047?s=96&d=mm&r=g\",\"caption\":\"admpu17wp\"}}]}<\/script>\n<!-- \/ Yoast SEO plugin. -->","yoast_head_json":{"title":"Trabajadores de comercio: el aguinaldo deber\u00e1 pagarse antes del 30","description":"Trabajadores de comercio: el aguinaldo deber\u00e1 pagarse antes del 30 de junio, as\u00ed lo inform\u00f3 en un comunicado el CECO.","robots":{"index":"index","follow":"follow","max-snippet":"max-snippet:-1","max-image-preview":"max-image-preview:large","max-video-preview":"max-video-preview:-1"},"canonical":"https:\/\/experienciadevida.com.ar\/portalurbano\/trabajadores-de-comercio-el-aguinaldo-debera-pagarse-antes-del-30-de-junio\/","og_locale":"es_ES","og_type":"article","og_title":"Trabajadores de comercio: el aguinaldo deber\u00e1 pagarse antes del 30","og_description":"Trabajadores de comercio: el aguinaldo deber\u00e1 pagarse antes del 30 de junio, as\u00ed lo inform\u00f3 en un comunicado el CECO.","og_url":"https:\/\/experienciadevida.com.ar\/portalurbano\/trabajadores-de-comercio-el-aguinaldo-debera-pagarse-antes-del-30-de-junio\/","article_publisher":"https:\/\/www.facebook.com\/Portal-Urbano-171542830093757\/","article_published_time":"2022-06-23T18:06:22+00:00","article_modified_time":"2022-06-23T18:07:49+00:00","og_image":[{"width":765,"height":891,"url":"https:\/\/experienciadevida.com.ar\/portalurbano\/wp-content\/uploads\/2022\/06\/Trabajadores-de-comercio.png","type":"image\/png"}],"author":"admpu17wp","twitter_card":"summary_large_image","twitter_creator":"@portalurbanook","twitter_site":"@portalurbanook","twitter_misc":{"Escrito por":"admpu17wp","Tiempo de lectura":"2 minutos"},"schema":{"@context":"https:\/\/schema.org","@graph":[{"@type":"Article","@id":"https:\/\/experienciadevida.com.ar\/portalurbano\/trabajadores-de-comercio-el-aguinaldo-debera-pagarse-antes-del-30-de-junio\/#article","isPartOf":{"@id":"https:\/\/experienciadevida.com.ar\/portalurbano\/trabajadores-de-comercio-el-aguinaldo-debera-pagarse-antes-del-30-de-junio\/"},"author":{"name":"admpu17wp","@id":"https:\/\/experienciadevida.com.ar\/portalurbano\/#\/schema\/person\/02dd326b1c4b056e9cc972486934a3a7"},"headline":"Trabajadores de comercio: el aguinaldo deber\u00e1 pagarse antes del 30 de junio","datePublished":"2022-06-23T18:06:22+00:00","dateModified":"2022-06-23T18:07:49+00:00","mainEntityOfPage":{"@id":"https:\/\/experienciadevida.com.ar\/portalurbano\/trabajadores-de-comercio-el-aguinaldo-debera-pagarse-antes-del-30-de-junio\/"},"wordCount":330,"publisher":{"@id":"https:\/\/experienciadevida.com.ar\/portalurbano\/#organization"},"articleSection":["Ciudad","Destacadas 2"],"inLanguage":"es"},{"@type":"WebPage","@id":"https:\/\/experienciadevida.com.ar\/portalurbano\/trabajadores-de-comercio-el-aguinaldo-debera-pagarse-antes-del-30-de-junio\/","url":"https:\/\/experienciadevida.com.ar\/portalurbano\/trabajadores-de-comercio-el-aguinaldo-debera-pagarse-antes-del-30-de-junio\/","name":"Trabajadores de comercio: el aguinaldo deber\u00e1 pagarse antes del 30","isPartOf":{"@id":"https:\/\/experienciadevida.com.ar\/portalurbano\/#website"},"datePublished":"2022-06-23T18:06:22+00:00","dateModified":"2022-06-23T18:07:49+00:00","description":"Trabajadores de comercio: el aguinaldo deber\u00e1 pagarse antes del 30 de junio, as\u00ed lo inform\u00f3 en un comunicado el CECO.","breadcrumb":{"@id":"https:\/\/experienciadevida.com.ar\/portalurbano\/trabajadores-de-comercio-el-aguinaldo-debera-pagarse-antes-del-30-de-junio\/#breadcrumb"},"inLanguage":"es","potentialAction":[{"@type":"ReadAction","target":["https:\/\/experienciadevida.com.ar\/portalurbano\/trabajadores-de-comercio-el-aguinaldo-debera-pagarse-antes-del-30-de-junio\/"]}]},{"@type":"BreadcrumbList","@id":"https:\/\/experienciadevida.com.ar\/portalurbano\/trabajadores-de-comercio-el-aguinaldo-debera-pagarse-antes-del-30-de-junio\/#breadcrumb","itemListElement":[{"@type":"ListItem","position":1,"name":"Portada","item":"https:\/\/experienciadevida.com.ar\/portalurbano\/"},{"@type":"ListItem","position":2,"name":"Trabajadores de comercio: el aguinaldo deber\u00e1 pagarse antes del 30 de junio"}]},{"@type":"WebSite","@id":"https:\/\/experienciadevida.com.ar\/portalurbano\/#website","url":"https:\/\/experienciadevida.com.ar\/portalurbano\/","name":"","description":"","publisher":{"@id":"https:\/\/experienciadevida.com.ar\/portalurbano\/#organization"},"potentialAction":[{"@type":"SearchAction","target":{"@type":"EntryPoint","urlTemplate":"https:\/\/experienciadevida.com.ar\/portalurbano\/?s={search_term_string}"},"query-input":"required name=search_term_string"}],"inLanguage":"es"},{"@type":"Organization","@id":"https:\/\/experienciadevida.com.ar\/portalurbano\/#organization","name":"Portal Urbano","url":"https:\/\/experienciadevida.com.ar\/portalurbano\/","logo":{"@type":"ImageObject","inLanguage":"es","@id":"https:\/\/experienciadevida.com.ar\/portalurbano\/#\/schema\/logo\/image\/","url":"https:\/\/experienciadevida.com.ar\/portalurbano\/wp-content\/uploads\/2019\/09\/Logo-Original.png","contentUrl":"https:\/\/experienciadevida.com.ar\/portalurbano\/wp-content\/uploads\/2019\/09\/Logo-Original.png","width":2236,"height":1216,"caption":"Portal Urbano"},"image":{"@id":"https:\/\/experienciadevida.com.ar\/portalurbano\/#\/schema\/logo\/image\/"},"sameAs":["https:\/\/www.facebook.com\/Portal-Urbano-171542830093757\/","https:\/\/twitter.com\/portalurbanook","https:\/\/www.instagram.com\/_portalurbano\/","https:\/\/www.youtube.com\/channel\/UCXhagIfszH8KxFiOok79zbA?view_as=subscriber"]},{"@type":"Person","@id":"https:\/\/experienciadevida.com.ar\/portalurbano\/#\/schema\/person\/02dd326b1c4b056e9cc972486934a3a7","name":"admpu17wp","image":{"@type":"ImageObject","inLanguage":"es","@id":"https:\/\/experienciadevida.com.ar\/portalurbano\/#\/schema\/person\/image\/","url":"https:\/\/secure.gravatar.com\/avatar\/830d4c57adaae6630765e449a6908047?s=96&d=mm&r=g","contentUrl":"https:\/\/secure.gravatar.com\/avatar\/830d4c57adaae6630765e449a6908047?s=96&d=mm&r=g","caption":"admpu17wp"}}]}},"featured_image_urls":{"full":["https:\/\/experienciadevida.com.ar\/portalurbano\/wp-content\/uploads\/2022\/06\/Trabajadores-de-comercio.png",765,891,false],"thumbnail":["https:\/\/experienciadevida.com.ar\/portalurbano\/wp-content\/uploads\/2022\/06\/Trabajadores-de-comercio-150x150.png",150,150,true],"medium":["https:\/\/experienciadevida.com.ar\/portalurbano\/wp-content\/uploads\/2022\/06\/Trabajadores-de-comercio-258x300.png",258,300,true],"medium_large":["https:\/\/experienciadevida.com.ar\/portalurbano\/wp-content\/uploads\/2022\/06\/Trabajadores-de-comercio.png",640,745,false],"large":["https:\/\/experienciadevida.com.ar\/portalurbano\/wp-content\/uploads\/2022\/06\/Trabajadores-de-comercio.png",640,745,false],"ug_big":["https:\/\/experienciadevida.com.ar\/portalurbano\/wp-content\/uploads\/2022\/06\/Trabajadores-de-comercio-659x768.png",659,768,true],"1536x1536":["https:\/\/experienciadevida.com.ar\/portalurbano\/wp-content\/uploads\/2022\/06\/Trabajadores-de-comercio.png",765,891,false],"2048x2048":["https:\/\/experienciadevida.com.ar\/portalurbano\/wp-content\/uploads\/2022\/06\/Trabajadores-de-comercio.png",765,891,false],"newsever-slider-full":["https:\/\/experienciadevida.com.ar\/portalurbano\/wp-content\/uploads\/2022\/06\/Trabajadores-de-comercio.png",726,845,false],"newsever-featured":["https:\/\/experienciadevida.com.ar\/portalurbano\/wp-content\/uploads\/2022\/06\/Trabajadores-de-comercio.png",765,891,false],"newsever-medium":["https:\/\/experienciadevida.com.ar\/portalurbano\/wp-content\/uploads\/2022\/06\/Trabajadores-de-comercio.png",408,475,false],"web-stories-poster-portrait":["https:\/\/experienciadevida.com.ar\/portalurbano\/wp-content\/uploads\/2022\/06\/Trabajadores-de-comercio.png",640,745,false],"web-stories-publisher-logo":["https:\/\/experienciadevida.com.ar\/portalurbano\/wp-content\/uploads\/2022\/06\/Trabajadores-de-comercio.png",82,96,false],"web-stories-thumbnail":["https:\/\/experienciadevida.com.ar\/portalurbano\/wp-content\/uploads\/2022\/06\/Trabajadores-de-comercio.png",150,175,false]},"author_info":{"display_name":"admpu17wp","author_link":"https:\/\/experienciadevida.com.ar\/portalurbano\/author\/admpu17wp\/"},"category_info":"<a href=\"https:\/\/experienciadevida.com.ar\/portalurbano\/category\/ciudad\/\" rel=\"category tag\">Ciudad<\/a> <a href=\"https:\/\/experienciadevida.com.ar\/portalurbano\/category\/destacadas-2\/\" rel=\"category tag\">Destacadas 2<\/a>","tag_info":"Destacadas 2","comment_count":"0","amp_enabled":true,"_links":{"self":[{"href":"https:\/\/experienciadevida.com.ar\/portalurbano\/wp-json\/wp\/v2\/posts\/170082"}],"collection":[{"href":"https:\/\/experienciadevida.com.ar\/portalurbano\/wp-json\/wp\/v2\/posts"}],"about":[{"href":"https:\/\/experienciadevida.com.ar\/portalurbano\/wp-json\/wp\/v2\/types\/post"}],"author":[{"embeddable":true,"href":"https:\/\/experienciadevida.com.ar\/portalurbano\/wp-json\/wp\/v2\/users\/1"}],"replies":[{"embeddable":true,"href":"https:\/\/experienciadevida.com.ar\/portalurbano\/wp-json\/wp\/v2\/comments?post=170082"}],"version-history":[{"count":1,"href":"https:\/\/experienciadevida.com.ar\/portalurbano\/wp-json\/wp\/v2\/posts\/170082\/revisions"}],"predecessor-version":[{"id":170084,"href":"https:\/\/experienciadevida.com.ar\/portalurbano\/wp-json\/wp\/v2\/posts\/170082\/revisions\/170084"}],"wp:featuredmedia":[{"embeddable":true,"href":"https:\/\/experienciadevida.com.ar\/portalurbano\/wp-json\/wp\/v2\/media\/170083"}],"wp:attachment":[{"href":"https:\/\/experienciadevida.com.ar\/portalurbano\/wp-json\/wp\/v2\/media?parent=170082"}],"wp:term":[{"taxonomy":"category","embeddable":true,"href":"https:\/\/experienciadevida.com.ar\/portalurbano\/wp-json\/wp\/v2\/categories?post=170082"},{"taxonomy":"post_tag","embeddable":true,"href":"https:\/\/experienciadevida.com.ar\/portalurbano\/wp-json\/wp\/v2\/tags?post=170082"}],"curies":[{"name":"wp","href":"https:\/\/api.w.org\/{rel}","templated":true}]}}