{"id":170069,"date":"2022-06-23T11:10:13","date_gmt":"2022-06-23T14:10:13","guid":{"rendered":"https:\/\/experienciadevida.com.ar\/portalurbano\/?p=170069"},"modified":"2022-06-23T14:56:38","modified_gmt":"2022-06-23T17:56:38","slug":"con-31-expedientes-y-15-sobre-tablas-se-desarrolla-la-octava-sesion","status":"publish","type":"post","link":"https:\/\/experienciadevida.com.ar\/portalurbano\/con-31-expedientes-y-15-sobre-tablas-se-desarrolla-la-octava-sesion\/","title":{"rendered":"Con 31 expedientes y 15 sobre tablas se desarrolla la octava sesi\u00f3n"},"content":{"rendered":"<p>Con 31 expedientes y 15 sobre tablas se desarrolla la octava sesi\u00f3n, en el recinto de la Sociedad Espa\u00f1ola, la misma comenz\u00f3 a las 9 hs y se transmite en vivo por su canal oficial de <a href=\"https:\/\/www.youtube.com\/watch?v=TXsIyydgKV4\">Youtube<\/a>. La concejal Vergel fue quien iz\u00f3 la bandera.<\/p>\n<p>El primer proyecto en tratarse fue del bloque UCR proyecto de comunicaci\u00f3n solicitando a vialidad nacional considere una d\u00e1rsena en el cruce de ruta nacional 226 y calle Independencia, aprobado por unanimidad.<\/p>\n<p>Posteriormente se llev\u00f3 a cabo el tratamiento de siete donaciones al DEM, todas aprobadas por unanimidad.<\/p>\n<p>Luego comenzaron a tratarse los expedientes sobre tablas, el primero de ellos fue un proyecto de resoluci\u00f3n creando de inter\u00e9s legislativo municipal a la semana mundial de la lactancia materna. Proyecto aprobado por unanimidad.<\/p>\n<p>Tambi\u00e9n se trat\u00f3 el proyecto del bloque UCR-Juntos un proyecto de resoluci\u00f3n declarando de inter\u00e9s legislativo municipal a la calesita do\u00f1a Alicia,\u00a0 ubicada en la plaza de la concordia Vergel dijo &#8220;este proyecto fue presentado luego de que hace unos d\u00edas se reinaugurara y se ponga nuevamente en funcionamiento un lugar donde han pasado varias generaciones, encuentro, ilusi\u00f3n, donde no solamente los padres conmemoran aquellos momentos donde estuvieron sino los ni\u00f1os pueden disfrutar de un lugar m\u00e1s de nuestra ciudad con la importancia que tiene el juego l\u00fadico, la participaci\u00f3n\u00a0 en los distintos juegos que se permiten\u00a0 y tambi\u00e9n poner en valor el trabajo que ha hecho\u00a0 toda la familia en que vuelva a funcionar, tomando tambi\u00e9n como importancia lo que han agregado a este lugar y espacio como construir el nuevo piso, ba\u00f1os, modificaci\u00f3n en la boleter\u00eda, puntos ecol\u00f3gicos para preservar el medio ambiente, acceso internet, seguro de responsabilidad civil y todas las medidas de seguridad&#8221;.<\/p>\n<p><a href=\"https:\/\/experienciadevida.com.ar\/portalurbano\/con-31-expedientes-y-15-sobre-tablas-se-desarrolla-la-octava-sesion\/vergel-7\/\" rel=\"attachment wp-att-170075\"><img decoding=\"async\" class=\"alignnone size-full wp-image-170075\" src=\"https:\/\/experienciadevida.com.ar\/portalurbano\/wp-content\/uploads\/2022\/06\/Vergel.png\" alt=\"\" width=\"684\" height=\"309\" srcset=\"https:\/\/experienciadevida.com.ar\/portalurbano\/wp-content\/uploads\/2022\/06\/Vergel.png 684w, https:\/\/experienciadevida.com.ar\/portalurbano\/wp-content\/uploads\/2022\/06\/Vergel-300x136.png 300w\" sizes=\"(max-width: 684px) 100vw, 684px\" \/><\/a><\/p>\n<p>Por su parte el concejal Coscia adelant\u00f3 el acompa\u00f1amiento y dijo &#8220;celebramos esta distinci\u00f3n propuesta del bloque en declarar de inter\u00e9s legislativo municipal la calesita de do\u00f1a Alicia, destacamos el trabajo de la familia de esta antigua esquina de Col\u00f3n y Rivadavia hoy plaza de la concordia, que tiene una historia porque esta calesita en sus inicios antes de que venga la familia fue de la cooperadora del jard\u00edn de infantes 901, y luego la adquiri\u00f3 Do\u00f1a Alicia, trabajaron arduamente y hoy nuevamente la pusieron en marcha siguiendo los conceptos de sus padres, la calesita es noble une a las familias, es un punto de encuentro. Es un entretenimiento espectacular y que no se pierda nunca, hoy la calesita est\u00e1 totalmente restaurada, con un espacio inclusivo donde tambi\u00e9n pueden participar ni\u00f1os con capacidades diferentes&#8221;.<\/p>\n<p>Tambi\u00e9n Creimer dio su palabra &#8220;quiero sumar las palabras de mis compa\u00f1eros, pero quiero reconocer el valor de conservar los espacios p\u00fablicos para el juego de los ni\u00f1os, el derecho al juego, celebramos que la calesita siga existiendo ojal\u00e1 siempre haya una familia que la sostenga y se puso en valor la plaza y el lugar&#8221;.<\/p>\n<p><strong>El proyecto fue aprobado por unanimidad.\u00a0<\/strong><\/p>\n","protected":false},"excerpt":{"rendered":"<p>Con 31 expedientes y 15 sobre tablas se desarrolla la octava sesi\u00f3n, en el recinto&#8230;<\/p>\n","protected":false},"author":1,"featured_media":170070,"comment_status":"closed","ping_status":"closed","sticky":false,"template":"","format":"standard","meta":{"content-type":""},"categories":[27,64],"tags":[],"nelio_content":{"isAutoShareEnabled":false,"autoShareEndMode":"default","automationSources":{"useContentSentences":true,"useSocialTemplates":true,"useCustomSentences":false,"customSentences":[]},"followers":[1],"suggestedReferences":[],"includedReferences":["https:\/\/www.youtube.com\/watch?v=TXsIyydgKV4"],"efiUrl":"","efiAlt":"","highlights":[]},"yoast_head":"<!-- This site is optimized with the Yoast SEO plugin v20.7 - https:\/\/yoast.com\/wordpress\/plugins\/seo\/ -->\n<title>Con 31 expedientes y 15 sobre tablas se desarrolla la Octava Sesi\u00f3n<\/title>\n<meta name=\"description\" content=\"Con 31 expedientes y 15 sobre tablas se desarrolla la octava sesi\u00f3n, en el recinto de la Sociedad Espa\u00f1ola, la misma comenz\u00f3 a las 9\" \/>\n<meta name=\"robots\" content=\"index, follow, max-snippet:-1, max-image-preview:large, max-video-preview:-1\" \/>\n<link rel=\"canonical\" href=\"https:\/\/experienciadevida.com.ar\/portalurbano\/con-31-expedientes-y-15-sobre-tablas-se-desarrolla-la-octava-sesion\/\" \/>\n<meta property=\"og:locale\" content=\"es_ES\" \/>\n<meta property=\"og:type\" content=\"article\" \/>\n<meta property=\"og:title\" content=\"Con 31 expedientes y 15 sobre tablas se desarrolla la Octava Sesi\u00f3n\" \/>\n<meta property=\"og:description\" content=\"Con 31 expedientes y 15 sobre tablas se desarrolla la octava sesi\u00f3n, en el recinto de la Sociedad Espa\u00f1ola, la misma comenz\u00f3 a las 9\" \/>\n<meta property=\"og:url\" content=\"https:\/\/experienciadevida.com.ar\/portalurbano\/con-31-expedientes-y-15-sobre-tablas-se-desarrolla-la-octava-sesion\/\" \/>\n<meta property=\"article:publisher\" content=\"https:\/\/www.facebook.com\/Portal-Urbano-171542830093757\/\" \/>\n<meta property=\"article:published_time\" content=\"2022-06-23T14:10:13+00:00\" \/>\n<meta property=\"article:modified_time\" content=\"2022-06-23T17:56:38+00:00\" \/>\n<meta property=\"og:image\" content=\"https:\/\/experienciadevida.com.ar\/portalurbano\/wp-content\/uploads\/2022\/06\/Con-31-expedientes.png\" \/>\n\t<meta property=\"og:image:width\" content=\"682\" \/>\n\t<meta property=\"og:image:height\" content=\"318\" \/>\n\t<meta property=\"og:image:type\" content=\"image\/png\" \/>\n<meta name=\"author\" content=\"admpu17wp\" \/>\n<meta name=\"twitter:card\" content=\"summary_large_image\" \/>\n<meta name=\"twitter:creator\" content=\"@portalurbanook\" \/>\n<meta name=\"twitter:site\" content=\"@portalurbanook\" \/>\n<meta name=\"twitter:label1\" content=\"Escrito por\" \/>\n\t<meta name=\"twitter:data1\" content=\"admpu17wp\" \/>\n\t<meta name=\"twitter:label2\" content=\"Tiempo de lectura\" \/>\n\t<meta name=\"twitter:data2\" content=\"3 minutos\" \/>\n<script type=\"application\/ld+json\" class=\"yoast-schema-graph\">{\"@context\":\"https:\/\/schema.org\",\"@graph\":[{\"@type\":\"Article\",\"@id\":\"https:\/\/experienciadevida.com.ar\/portalurbano\/con-31-expedientes-y-15-sobre-tablas-se-desarrolla-la-octava-sesion\/#article\",\"isPartOf\":{\"@id\":\"https:\/\/experienciadevida.com.ar\/portalurbano\/con-31-expedientes-y-15-sobre-tablas-se-desarrolla-la-octava-sesion\/\"},\"author\":{\"name\":\"admpu17wp\",\"@id\":\"https:\/\/experienciadevida.com.ar\/portalurbano\/#\/schema\/person\/02dd326b1c4b056e9cc972486934a3a7\"},\"headline\":\"Con 31 expedientes y 15 sobre tablas se desarrolla la octava sesi\u00f3n\",\"datePublished\":\"2022-06-23T14:10:13+00:00\",\"dateModified\":\"2022-06-23T17:56:38+00:00\",\"mainEntityOfPage\":{\"@id\":\"https:\/\/experienciadevida.com.ar\/portalurbano\/con-31-expedientes-y-15-sobre-tablas-se-desarrolla-la-octava-sesion\/\"},\"wordCount\":521,\"publisher\":{\"@id\":\"https:\/\/experienciadevida.com.ar\/portalurbano\/#organization\"},\"articleSection\":[\"Ciudad\",\"Destacadas 2\"],\"inLanguage\":\"es\"},{\"@type\":\"WebPage\",\"@id\":\"https:\/\/experienciadevida.com.ar\/portalurbano\/con-31-expedientes-y-15-sobre-tablas-se-desarrolla-la-octava-sesion\/\",\"url\":\"https:\/\/experienciadevida.com.ar\/portalurbano\/con-31-expedientes-y-15-sobre-tablas-se-desarrolla-la-octava-sesion\/\",\"name\":\"Con 31 expedientes y 15 sobre tablas se desarrolla la Octava Sesi\u00f3n\",\"isPartOf\":{\"@id\":\"https:\/\/experienciadevida.com.ar\/portalurbano\/#website\"},\"datePublished\":\"2022-06-23T14:10:13+00:00\",\"dateModified\":\"2022-06-23T17:56:38+00:00\",\"description\":\"Con 31 expedientes y 15 sobre tablas se desarrolla la octava sesi\u00f3n, en el recinto de la Sociedad Espa\u00f1ola, la misma comenz\u00f3 a las 9\",\"breadcrumb\":{\"@id\":\"https:\/\/experienciadevida.com.ar\/portalurbano\/con-31-expedientes-y-15-sobre-tablas-se-desarrolla-la-octava-sesion\/#breadcrumb\"},\"inLanguage\":\"es\",\"potentialAction\":[{\"@type\":\"ReadAction\",\"target\":[\"https:\/\/experienciadevida.com.ar\/portalurbano\/con-31-expedientes-y-15-sobre-tablas-se-desarrolla-la-octava-sesion\/\"]}]},{\"@type\":\"BreadcrumbList\",\"@id\":\"https:\/\/experienciadevida.com.ar\/portalurbano\/con-31-expedientes-y-15-sobre-tablas-se-desarrolla-la-octava-sesion\/#breadcrumb\",\"itemListElement\":[{\"@type\":\"ListItem\",\"position\":1,\"name\":\"Portada\",\"item\":\"https:\/\/experienciadevida.com.ar\/portalurbano\/\"},{\"@type\":\"ListItem\",\"position\":2,\"name\":\"Con 31 expedientes y 15 sobre tablas se desarrolla la octava sesi\u00f3n\"}]},{\"@type\":\"WebSite\",\"@id\":\"https:\/\/experienciadevida.com.ar\/portalurbano\/#website\",\"url\":\"https:\/\/experienciadevida.com.ar\/portalurbano\/\",\"name\":\"\",\"description\":\"\",\"publisher\":{\"@id\":\"https:\/\/experienciadevida.com.ar\/portalurbano\/#organization\"},\"potentialAction\":[{\"@type\":\"SearchAction\",\"target\":{\"@type\":\"EntryPoint\",\"urlTemplate\":\"https:\/\/experienciadevida.com.ar\/portalurbano\/?s={search_term_string}\"},\"query-input\":\"required name=search_term_string\"}],\"inLanguage\":\"es\"},{\"@type\":\"Organization\",\"@id\":\"https:\/\/experienciadevida.com.ar\/portalurbano\/#organization\",\"name\":\"Portal Urbano\",\"url\":\"https:\/\/experienciadevida.com.ar\/portalurbano\/\",\"logo\":{\"@type\":\"ImageObject\",\"inLanguage\":\"es\",\"@id\":\"https:\/\/experienciadevida.com.ar\/portalurbano\/#\/schema\/logo\/image\/\",\"url\":\"https:\/\/experienciadevida.com.ar\/portalurbano\/wp-content\/uploads\/2019\/09\/Logo-Original.png\",\"contentUrl\":\"https:\/\/experienciadevida.com.ar\/portalurbano\/wp-content\/uploads\/2019\/09\/Logo-Original.png\",\"width\":2236,\"height\":1216,\"caption\":\"Portal Urbano\"},\"image\":{\"@id\":\"https:\/\/experienciadevida.com.ar\/portalurbano\/#\/schema\/logo\/image\/\"},\"sameAs\":[\"https:\/\/www.facebook.com\/Portal-Urbano-171542830093757\/\",\"https:\/\/twitter.com\/portalurbanook\",\"https:\/\/www.instagram.com\/_portalurbano\/\",\"https:\/\/www.youtube.com\/channel\/UCXhagIfszH8KxFiOok79zbA?view_as=subscriber\"]},{\"@type\":\"Person\",\"@id\":\"https:\/\/experienciadevida.com.ar\/portalurbano\/#\/schema\/person\/02dd326b1c4b056e9cc972486934a3a7\",\"name\":\"admpu17wp\",\"image\":{\"@type\":\"ImageObject\",\"inLanguage\":\"es\",\"@id\":\"https:\/\/experienciadevida.com.ar\/portalurbano\/#\/schema\/person\/image\/\",\"url\":\"https:\/\/secure.gravatar.com\/avatar\/830d4c57adaae6630765e449a6908047?s=96&d=mm&r=g\",\"contentUrl\":\"https:\/\/secure.gravatar.com\/avatar\/830d4c57adaae6630765e449a6908047?s=96&d=mm&r=g\",\"caption\":\"admpu17wp\"}}]}<\/script>\n<!-- \/ Yoast SEO plugin. -->","yoast_head_json":{"title":"Con 31 expedientes y 15 sobre tablas se desarrolla la Octava Sesi\u00f3n","description":"Con 31 expedientes y 15 sobre tablas se desarrolla la octava sesi\u00f3n, en el recinto de la Sociedad Espa\u00f1ola, la misma comenz\u00f3 a las 9","robots":{"index":"index","follow":"follow","max-snippet":"max-snippet:-1","max-image-preview":"max-image-preview:large","max-video-preview":"max-video-preview:-1"},"canonical":"https:\/\/experienciadevida.com.ar\/portalurbano\/con-31-expedientes-y-15-sobre-tablas-se-desarrolla-la-octava-sesion\/","og_locale":"es_ES","og_type":"article","og_title":"Con 31 expedientes y 15 sobre tablas se desarrolla la Octava Sesi\u00f3n","og_description":"Con 31 expedientes y 15 sobre tablas se desarrolla la octava sesi\u00f3n, en el recinto de la Sociedad Espa\u00f1ola, la misma comenz\u00f3 a las 9","og_url":"https:\/\/experienciadevida.com.ar\/portalurbano\/con-31-expedientes-y-15-sobre-tablas-se-desarrolla-la-octava-sesion\/","article_publisher":"https:\/\/www.facebook.com\/Portal-Urbano-171542830093757\/","article_published_time":"2022-06-23T14:10:13+00:00","article_modified_time":"2022-06-23T17:56:38+00:00","og_image":[{"width":682,"height":318,"url":"https:\/\/experienciadevida.com.ar\/portalurbano\/wp-content\/uploads\/2022\/06\/Con-31-expedientes.png","type":"image\/png"}],"author":"admpu17wp","twitter_card":"summary_large_image","twitter_creator":"@portalurbanook","twitter_site":"@portalurbanook","twitter_misc":{"Escrito por":"admpu17wp","Tiempo de lectura":"3 minutos"},"schema":{"@context":"https:\/\/schema.org","@graph":[{"@type":"Article","@id":"https:\/\/experienciadevida.com.ar\/portalurbano\/con-31-expedientes-y-15-sobre-tablas-se-desarrolla-la-octava-sesion\/#article","isPartOf":{"@id":"https:\/\/experienciadevida.com.ar\/portalurbano\/con-31-expedientes-y-15-sobre-tablas-se-desarrolla-la-octava-sesion\/"},"author":{"name":"admpu17wp","@id":"https:\/\/experienciadevida.com.ar\/portalurbano\/#\/schema\/person\/02dd326b1c4b056e9cc972486934a3a7"},"headline":"Con 31 expedientes y 15 sobre tablas se desarrolla la octava sesi\u00f3n","datePublished":"2022-06-23T14:10:13+00:00","dateModified":"2022-06-23T17:56:38+00:00","mainEntityOfPage":{"@id":"https:\/\/experienciadevida.com.ar\/portalurbano\/con-31-expedientes-y-15-sobre-tablas-se-desarrolla-la-octava-sesion\/"},"wordCount":521,"publisher":{"@id":"https:\/\/experienciadevida.com.ar\/portalurbano\/#organization"},"articleSection":["Ciudad","Destacadas 2"],"inLanguage":"es"},{"@type":"WebPage","@id":"https:\/\/experienciadevida.com.ar\/portalurbano\/con-31-expedientes-y-15-sobre-tablas-se-desarrolla-la-octava-sesion\/","url":"https:\/\/experienciadevida.com.ar\/portalurbano\/con-31-expedientes-y-15-sobre-tablas-se-desarrolla-la-octava-sesion\/","name":"Con 31 expedientes y 15 sobre tablas se desarrolla la Octava Sesi\u00f3n","isPartOf":{"@id":"https:\/\/experienciadevida.com.ar\/portalurbano\/#website"},"datePublished":"2022-06-23T14:10:13+00:00","dateModified":"2022-06-23T17:56:38+00:00","description":"Con 31 expedientes y 15 sobre tablas se desarrolla la octava sesi\u00f3n, en el recinto de la Sociedad Espa\u00f1ola, la misma comenz\u00f3 a las 9","breadcrumb":{"@id":"https:\/\/experienciadevida.com.ar\/portalurbano\/con-31-expedientes-y-15-sobre-tablas-se-desarrolla-la-octava-sesion\/#breadcrumb"},"inLanguage":"es","potentialAction":[{"@type":"ReadAction","target":["https:\/\/experienciadevida.com.ar\/portalurbano\/con-31-expedientes-y-15-sobre-tablas-se-desarrolla-la-octava-sesion\/"]}]},{"@type":"BreadcrumbList","@id":"https:\/\/experienciadevida.com.ar\/portalurbano\/con-31-expedientes-y-15-sobre-tablas-se-desarrolla-la-octava-sesion\/#breadcrumb","itemListElement":[{"@type":"ListItem","position":1,"name":"Portada","item":"https:\/\/experienciadevida.com.ar\/portalurbano\/"},{"@type":"ListItem","position":2,"name":"Con 31 expedientes y 15 sobre tablas se desarrolla la octava sesi\u00f3n"}]},{"@type":"WebSite","@id":"https:\/\/experienciadevida.com.ar\/portalurbano\/#website","url":"https:\/\/experienciadevida.com.ar\/portalurbano\/","name":"","description":"","publisher":{"@id":"https:\/\/experienciadevida.com.ar\/portalurbano\/#organization"},"potentialAction":[{"@type":"SearchAction","target":{"@type":"EntryPoint","urlTemplate":"https:\/\/experienciadevida.com.ar\/portalurbano\/?s={search_term_string}"},"query-input":"required name=search_term_string"}],"inLanguage":"es"},{"@type":"Organization","@id":"https:\/\/experienciadevida.com.ar\/portalurbano\/#organization","name":"Portal Urbano","url":"https:\/\/experienciadevida.com.ar\/portalurbano\/","logo":{"@type":"ImageObject","inLanguage":"es","@id":"https:\/\/experienciadevida.com.ar\/portalurbano\/#\/schema\/logo\/image\/","url":"https:\/\/experienciadevida.com.ar\/portalurbano\/wp-content\/uploads\/2019\/09\/Logo-Original.png","contentUrl":"https:\/\/experienciadevida.com.ar\/portalurbano\/wp-content\/uploads\/2019\/09\/Logo-Original.png","width":2236,"height":1216,"caption":"Portal Urbano"},"image":{"@id":"https:\/\/experienciadevida.com.ar\/portalurbano\/#\/schema\/logo\/image\/"},"sameAs":["https:\/\/www.facebook.com\/Portal-Urbano-171542830093757\/","https:\/\/twitter.com\/portalurbanook","https:\/\/www.instagram.com\/_portalurbano\/","https:\/\/www.youtube.com\/channel\/UCXhagIfszH8KxFiOok79zbA?view_as=subscriber"]},{"@type":"Person","@id":"https:\/\/experienciadevida.com.ar\/portalurbano\/#\/schema\/person\/02dd326b1c4b056e9cc972486934a3a7","name":"admpu17wp","image":{"@type":"ImageObject","inLanguage":"es","@id":"https:\/\/experienciadevida.com.ar\/portalurbano\/#\/schema\/person\/image\/","url":"https:\/\/secure.gravatar.com\/avatar\/830d4c57adaae6630765e449a6908047?s=96&d=mm&r=g","contentUrl":"https:\/\/secure.gravatar.com\/avatar\/830d4c57adaae6630765e449a6908047?s=96&d=mm&r=g","caption":"admpu17wp"}}]}},"featured_image_urls":{"full":["https:\/\/experienciadevida.com.ar\/portalurbano\/wp-content\/uploads\/2022\/06\/Con-31-expedientes.png",682,318,false],"thumbnail":["https:\/\/experienciadevida.com.ar\/portalurbano\/wp-content\/uploads\/2022\/06\/Con-31-expedientes-150x150.png",150,150,true],"medium":["https:\/\/experienciadevida.com.ar\/portalurbano\/wp-content\/uploads\/2022\/06\/Con-31-expedientes-300x140.png",300,140,true],"medium_large":["https:\/\/experienciadevida.com.ar\/portalurbano\/wp-content\/uploads\/2022\/06\/Con-31-expedientes.png",640,298,false],"large":["https:\/\/experienciadevida.com.ar\/portalurbano\/wp-content\/uploads\/2022\/06\/Con-31-expedientes.png",640,298,false],"ug_big":["https:\/\/experienciadevida.com.ar\/portalurbano\/wp-content\/uploads\/2022\/06\/Con-31-expedientes.png",682,318,false],"1536x1536":["https:\/\/experienciadevida.com.ar\/portalurbano\/wp-content\/uploads\/2022\/06\/Con-31-expedientes.png",682,318,false],"2048x2048":["https:\/\/experienciadevida.com.ar\/portalurbano\/wp-content\/uploads\/2022\/06\/Con-31-expedientes.png",682,318,false],"newsever-slider-full":["https:\/\/experienciadevida.com.ar\/portalurbano\/wp-content\/uploads\/2022\/06\/Con-31-expedientes.png",682,318,false],"newsever-featured":["https:\/\/experienciadevida.com.ar\/portalurbano\/wp-content\/uploads\/2022\/06\/Con-31-expedientes.png",682,318,false],"newsever-medium":["https:\/\/experienciadevida.com.ar\/portalurbano\/wp-content\/uploads\/2022\/06\/Con-31-expedientes.png",682,318,false],"web-stories-poster-portrait":["https:\/\/experienciadevida.com.ar\/portalurbano\/wp-content\/uploads\/2022\/06\/Con-31-expedientes.png",640,298,false],"web-stories-publisher-logo":["https:\/\/experienciadevida.com.ar\/portalurbano\/wp-content\/uploads\/2022\/06\/Con-31-expedientes.png",96,45,false],"web-stories-thumbnail":["https:\/\/experienciadevida.com.ar\/portalurbano\/wp-content\/uploads\/2022\/06\/Con-31-expedientes.png",150,70,false]},"author_info":{"display_name":"admpu17wp","author_link":"https:\/\/experienciadevida.com.ar\/portalurbano\/author\/admpu17wp\/"},"category_info":"<a href=\"https:\/\/experienciadevida.com.ar\/portalurbano\/category\/ciudad\/\" rel=\"category tag\">Ciudad<\/a> <a href=\"https:\/\/experienciadevida.com.ar\/portalurbano\/category\/destacadas-2\/\" rel=\"category tag\">Destacadas 2<\/a>","tag_info":"Destacadas 2","comment_count":"0","amp_enabled":true,"_links":{"self":[{"href":"https:\/\/experienciadevida.com.ar\/portalurbano\/wp-json\/wp\/v2\/posts\/170069"}],"collection":[{"href":"https:\/\/experienciadevida.com.ar\/portalurbano\/wp-json\/wp\/v2\/posts"}],"about":[{"href":"https:\/\/experienciadevida.com.ar\/portalurbano\/wp-json\/wp\/v2\/types\/post"}],"author":[{"embeddable":true,"href":"https:\/\/experienciadevida.com.ar\/portalurbano\/wp-json\/wp\/v2\/users\/1"}],"replies":[{"embeddable":true,"href":"https:\/\/experienciadevida.com.ar\/portalurbano\/wp-json\/wp\/v2\/comments?post=170069"}],"version-history":[{"count":4,"href":"https:\/\/experienciadevida.com.ar\/portalurbano\/wp-json\/wp\/v2\/posts\/170069\/revisions"}],"predecessor-version":[{"id":170073,"href":"https:\/\/experienciadevida.com.ar\/portalurbano\/wp-json\/wp\/v2\/posts\/170069\/revisions\/170073"}],"wp:featuredmedia":[{"embeddable":true,"href":"https:\/\/experienciadevida.com.ar\/portalurbano\/wp-json\/wp\/v2\/media\/170070"}],"wp:attachment":[{"href":"https:\/\/experienciadevida.com.ar\/portalurbano\/wp-json\/wp\/v2\/media?parent=170069"}],"wp:term":[{"taxonomy":"category","embeddable":true,"href":"https:\/\/experienciadevida.com.ar\/portalurbano\/wp-json\/wp\/v2\/categories?post=170069"},{"taxonomy":"post_tag","embeddable":true,"href":"https:\/\/experienciadevida.com.ar\/portalurbano\/wp-json\/wp\/v2\/tags?post=170069"}],"curies":[{"name":"wp","href":"https:\/\/api.w.org\/{rel}","templated":true}]}}