{"id":170059,"date":"2022-06-23T10:15:35","date_gmt":"2022-06-23T13:15:35","guid":{"rendered":"https:\/\/experienciadevida.com.ar\/portalurbano\/?p=170059"},"modified":"2022-06-23T14:38:08","modified_gmt":"2022-06-23T17:38:08","slug":"las-partes-tienen-que-actuar-de-buena-fe-y-la-verdad-aca-es-lo-que-falto","status":"publish","type":"post","link":"https:\/\/experienciadevida.com.ar\/portalurbano\/las-partes-tienen-que-actuar-de-buena-fe-y-la-verdad-aca-es-lo-que-falto\/","title":{"rendered":"&#8220;Las partes tienen que actuar de buena fe y la verdad ac\u00e1 es lo que falt\u00f3&#8221;"},"content":{"rendered":"<p>&#8220;Las partes tienen que actuar de buena fe y la verdad ac\u00e1 es lo que falt\u00f3&#8221;,\u00a0 as\u00ed lo dijo el Secretario del Sindicato de Trabajadores Municipales en una conferencia de prensa con respecto a la paritaria Municipal, adem\u00e1s desminti\u00f3 que pidieron el 70% del presupuesto.<\/p>\n<p>El primero\u00a0 en tomar la palabra fue Stuppia quien mencion\u00f3 &#8220;es un proceso de negociaci\u00f3n colectiva, las partes tienen que actuar de buena fe y la verdad ac\u00e1 es lo que falt\u00f3,\u00a0 estamos discutiendo un presupuesto que no es real, ellos comenzaron las negociaciones con un presupuesto de 8 mil millones cuando el real era de 11, los trabajadores tambi\u00e9n tenemos asesores econ\u00f3micos y negociamos con los n\u00fameros correctos. Cuando nosotros empezamos a ver la ampliaci\u00f3n del presupuesto pedimos el 59,6% un aumento que lo acompa\u00f1ar\u00edamos con el proceso inflacionario&#8221;.<\/p>\n<p>&#8220;La propuesta es\u00a0es 30% en mayo, 10 en agosto, 5 en octubre\u00a0 y 15 en diciembre eso acumulado da un 62% de aumento para los trabajadores pero no tiene nada que ver con el 70% del presupuesto, estamos dentro de los presupuestos\u00a0 del personal m\u00e1s bajo de la provincia, como trabajadores lo que queremos es que no se vean afectadas las arcas del Municipio con lo que nosotros pedimos no se ve afectado, esto hay que tenerlo en cuenta, no es que el Municipio tiene que afectar una partida para darnos el aumento a nosotros, lo puede hacer. El aumento que propone el ejecutivo da un 54,1% del presupuesto de mayo\u00a0 a diciembre, en el 2021 con una inflaci\u00f3n del 50% la masa tuvo un ingreso del 35% esto es importante porque nosotros decimos que con la inflaci\u00f3n la masa va a crecer un 49% de esto el Municipio nos quiere dar el 23% pero nosotros solicitamos el 36%&#8221;.<\/p>\n<p>Luego mencion\u00f3 &#8220;seguimos siendo serios en cuanto a la propuesta pretendemos mejorar el poder adquisitivo y no perder significaci\u00f3n y no poner en riesgo las arcas del Municipio que es muy importante, nuestro reclamo nunca fue del 70%, queremos preservar la dignidad de nuestros trabajadores los cuales para mantener su hogar tienen que hacer horas extra ya que el sueldo neto est\u00e1 por debajo de la l\u00ednea de pobreza. Queremos desmentir todos los puntos que ellos expusieron en una conferencia hace unos d\u00edas&#8221;.<\/p>\n<p>&#8220;No estamos de paro ni tampoco pedimos el 70% del presupuesto&#8221;, finaliz\u00f3 Stuppia.<\/p>\n<p>Ante las preguntas de los medios una de las referentes que participa en la mesa de negociaci\u00f3n dijo &#8220;la conciliaci\u00f3n obligatoria lo que nos dijeron desde la delegaci\u00f3n del Ministerio de trabajo es que no la van a enviar en principio, porque los compa\u00f1eros trabajan con problemas y sin estar garantizados la seguridad e higiene en los sectores laborales, hicimos una denuncia por estas condiciones, hasta que no se hagan inspecciones correspondientes y se verifique que las condiciones de seguridad est\u00e1n garantizadas no nos pueden dictar ninguna conciliaci\u00f3n. Si nos invitaron a continuar el di\u00e1logo que est\u00e1,\u00a0 y nos volvieron a citar para el lunes a una nueva reuni\u00f3n con el delegado del Ministerio&#8221;.<\/p>\n<p>Luego tom\u00f3 la palabra Silvia de La Torre m\u00e9dica de guardia &#8220;es la primera vez que tengo la oportunidad de participar en paritarias, es una experiencia hist\u00f3rica, el canal de di\u00e1logo est\u00e1 deber\u00edamos profundizar los n\u00fameros que se plantean, el objetivo es mejorar el salario de los trabajadores que se encuentran por debajo de la l\u00ednea de pobreza, es lograr una paritaria con un mayor porcentaje para tratar de tener una mejor calidad de vida. No es verdad que pedimos el 70%\u00a0 del presupuesto ni tampoco es que nos van a aumentar el 100% de las guardias pero ese aumento no es para todos los que est\u00e1 en el \u00e1rea de salud no todos hacen guardia&#8221;.<\/p>\n<p><a href=\"https:\/\/experienciadevida.com.ar\/portalurbano\/las-partes-tienen-que-actuar-de-buena-fe-y-la-verdad-aca-es-lo-que-falto\/las-partes\/\" rel=\"attachment wp-att-170067\"><img decoding=\"async\" class=\"alignnone size-full wp-image-170067\" src=\"https:\/\/experienciadevida.com.ar\/portalurbano\/wp-content\/uploads\/2022\/06\/Las-partes.png\" alt=\"Las partes \" width=\"899\" height=\"496\" srcset=\"https:\/\/experienciadevida.com.ar\/portalurbano\/wp-content\/uploads\/2022\/06\/Las-partes.png 899w, https:\/\/experienciadevida.com.ar\/portalurbano\/wp-content\/uploads\/2022\/06\/Las-partes-300x166.png 300w, https:\/\/experienciadevida.com.ar\/portalurbano\/wp-content\/uploads\/2022\/06\/Las-partes-768x424.png 768w\" sizes=\"(max-width: 899px) 100vw, 899px\" \/><\/a><\/p>\n<p>&#8220;Hay gente que tiene un salario m\u00ednimo y la idea es mejorar la calidad de vida es construir de abajo hacia arriba, estando el di\u00e1logo abierto podemos acercar posiciones, desde el ejecutivo se reflexione\u00a0 sobre esto porque somos muy pocos los privilegiados en cuanto a lo econ\u00f3mico, no todas las personas tienen la posibilidad de hacer horas extra y tienen un b\u00e1sico que no alcanza, nosotros no tenemos categorizaci\u00f3n. Hay que empezar desde abajo hacia arriba, hay que tener di\u00e1logo y seamos escuchados, tenemos que acercar posiciones&#8221;.<\/p>\n<p>Por otro lado dijo, &#8220;la atenci\u00f3n est\u00e1 garantizada, estamos en asamblea no estamos de paro, somos un equipo de trabajo&#8221;.<\/p>\n","protected":false},"excerpt":{"rendered":"<p>&#8220;Las partes tienen que actuar de buena fe y la verdad ac\u00e1 es lo que&#8230;<\/p>\n","protected":false},"author":1,"featured_media":170061,"comment_status":"closed","ping_status":"closed","sticky":false,"template":"","format":"standard","meta":{"content-type":""},"categories":[27,51],"tags":[],"nelio_content":{"isAutoShareEnabled":false,"autoShareEndMode":"default","automationSources":{"useContentSentences":true,"useSocialTemplates":true,"useCustomSentences":false,"customSentences":[]},"followers":[1],"suggestedReferences":[],"includedReferences":[],"efiUrl":"","efiAlt":"","highlights":[]},"yoast_head":"<!-- This site is optimized with the Yoast SEO plugin v20.7 - https:\/\/yoast.com\/wordpress\/plugins\/seo\/ -->\n<title>&quot;Las partes tienen que actuar de buena fe y la verdad ac\u00e1 es lo que falt\u00f3&quot;<\/title>\n<meta name=\"description\" content=\"&quot;Las partes tienen que actuar de buena fe y la verdad ac\u00e1 es lo que falt\u00f3&quot;,\u00a0 as\u00ed lo dijo el Secretario del Sindicato de Trabajadores\" \/>\n<meta name=\"robots\" content=\"index, follow, max-snippet:-1, max-image-preview:large, max-video-preview:-1\" \/>\n<link rel=\"canonical\" href=\"https:\/\/experienciadevida.com.ar\/portalurbano\/las-partes-tienen-que-actuar-de-buena-fe-y-la-verdad-aca-es-lo-que-falto\/\" \/>\n<meta property=\"og:locale\" content=\"es_ES\" \/>\n<meta property=\"og:type\" content=\"article\" \/>\n<meta property=\"og:title\" content=\"&quot;Las partes tienen que actuar de buena fe y la verdad ac\u00e1 es lo que falt\u00f3&quot;\" \/>\n<meta property=\"og:description\" content=\"&quot;Las partes tienen que actuar de buena fe y la verdad ac\u00e1 es lo que falt\u00f3&quot;,\u00a0 as\u00ed lo dijo el Secretario del Sindicato de Trabajadores\" \/>\n<meta property=\"og:url\" content=\"https:\/\/experienciadevida.com.ar\/portalurbano\/las-partes-tienen-que-actuar-de-buena-fe-y-la-verdad-aca-es-lo-que-falto\/\" \/>\n<meta property=\"article:publisher\" content=\"https:\/\/www.facebook.com\/Portal-Urbano-171542830093757\/\" \/>\n<meta property=\"article:published_time\" content=\"2022-06-23T13:15:35+00:00\" \/>\n<meta property=\"article:modified_time\" content=\"2022-06-23T17:38:08+00:00\" \/>\n<meta property=\"og:image\" content=\"https:\/\/experienciadevida.com.ar\/portalurbano\/wp-content\/uploads\/2022\/06\/STMO.png\" \/>\n\t<meta property=\"og:image:width\" content=\"919\" \/>\n\t<meta property=\"og:image:height\" content=\"453\" \/>\n\t<meta property=\"og:image:type\" content=\"image\/png\" \/>\n<meta name=\"author\" content=\"admpu17wp\" \/>\n<meta name=\"twitter:card\" content=\"summary_large_image\" \/>\n<meta name=\"twitter:creator\" content=\"@portalurbanook\" \/>\n<meta name=\"twitter:site\" content=\"@portalurbanook\" \/>\n<meta name=\"twitter:label1\" content=\"Escrito por\" \/>\n\t<meta name=\"twitter:data1\" content=\"admpu17wp\" \/>\n\t<meta name=\"twitter:label2\" content=\"Tiempo de lectura\" \/>\n\t<meta name=\"twitter:data2\" content=\"4 minutos\" \/>\n<script type=\"application\/ld+json\" class=\"yoast-schema-graph\">{\"@context\":\"https:\/\/schema.org\",\"@graph\":[{\"@type\":\"Article\",\"@id\":\"https:\/\/experienciadevida.com.ar\/portalurbano\/las-partes-tienen-que-actuar-de-buena-fe-y-la-verdad-aca-es-lo-que-falto\/#article\",\"isPartOf\":{\"@id\":\"https:\/\/experienciadevida.com.ar\/portalurbano\/las-partes-tienen-que-actuar-de-buena-fe-y-la-verdad-aca-es-lo-que-falto\/\"},\"author\":{\"name\":\"admpu17wp\",\"@id\":\"https:\/\/experienciadevida.com.ar\/portalurbano\/#\/schema\/person\/02dd326b1c4b056e9cc972486934a3a7\"},\"headline\":\"&#8220;Las partes tienen que actuar de buena fe y la verdad ac\u00e1 es lo que falt\u00f3&#8221;\",\"datePublished\":\"2022-06-23T13:15:35+00:00\",\"dateModified\":\"2022-06-23T17:38:08+00:00\",\"mainEntityOfPage\":{\"@id\":\"https:\/\/experienciadevida.com.ar\/portalurbano\/las-partes-tienen-que-actuar-de-buena-fe-y-la-verdad-aca-es-lo-que-falto\/\"},\"wordCount\":758,\"publisher\":{\"@id\":\"https:\/\/experienciadevida.com.ar\/portalurbano\/#organization\"},\"articleSection\":[\"Ciudad\",\"Destacadas\"],\"inLanguage\":\"es\"},{\"@type\":\"WebPage\",\"@id\":\"https:\/\/experienciadevida.com.ar\/portalurbano\/las-partes-tienen-que-actuar-de-buena-fe-y-la-verdad-aca-es-lo-que-falto\/\",\"url\":\"https:\/\/experienciadevida.com.ar\/portalurbano\/las-partes-tienen-que-actuar-de-buena-fe-y-la-verdad-aca-es-lo-que-falto\/\",\"name\":\"\\\"Las partes tienen que actuar de buena fe y la verdad ac\u00e1 es lo que falt\u00f3\\\"\",\"isPartOf\":{\"@id\":\"https:\/\/experienciadevida.com.ar\/portalurbano\/#website\"},\"datePublished\":\"2022-06-23T13:15:35+00:00\",\"dateModified\":\"2022-06-23T17:38:08+00:00\",\"description\":\"\\\"Las partes tienen que actuar de buena fe y la verdad ac\u00e1 es lo que falt\u00f3\\\",\u00a0 as\u00ed lo dijo el Secretario del Sindicato de Trabajadores\",\"breadcrumb\":{\"@id\":\"https:\/\/experienciadevida.com.ar\/portalurbano\/las-partes-tienen-que-actuar-de-buena-fe-y-la-verdad-aca-es-lo-que-falto\/#breadcrumb\"},\"inLanguage\":\"es\",\"potentialAction\":[{\"@type\":\"ReadAction\",\"target\":[\"https:\/\/experienciadevida.com.ar\/portalurbano\/las-partes-tienen-que-actuar-de-buena-fe-y-la-verdad-aca-es-lo-que-falto\/\"]}]},{\"@type\":\"BreadcrumbList\",\"@id\":\"https:\/\/experienciadevida.com.ar\/portalurbano\/las-partes-tienen-que-actuar-de-buena-fe-y-la-verdad-aca-es-lo-que-falto\/#breadcrumb\",\"itemListElement\":[{\"@type\":\"ListItem\",\"position\":1,\"name\":\"Portada\",\"item\":\"https:\/\/experienciadevida.com.ar\/portalurbano\/\"},{\"@type\":\"ListItem\",\"position\":2,\"name\":\"\u00abLas partes tienen que actuar de buena fe y la verdad ac\u00e1 es lo que falt\u00f3\u00bb\"}]},{\"@type\":\"WebSite\",\"@id\":\"https:\/\/experienciadevida.com.ar\/portalurbano\/#website\",\"url\":\"https:\/\/experienciadevida.com.ar\/portalurbano\/\",\"name\":\"\",\"description\":\"\",\"publisher\":{\"@id\":\"https:\/\/experienciadevida.com.ar\/portalurbano\/#organization\"},\"potentialAction\":[{\"@type\":\"SearchAction\",\"target\":{\"@type\":\"EntryPoint\",\"urlTemplate\":\"https:\/\/experienciadevida.com.ar\/portalurbano\/?s={search_term_string}\"},\"query-input\":\"required name=search_term_string\"}],\"inLanguage\":\"es\"},{\"@type\":\"Organization\",\"@id\":\"https:\/\/experienciadevida.com.ar\/portalurbano\/#organization\",\"name\":\"Portal Urbano\",\"url\":\"https:\/\/experienciadevida.com.ar\/portalurbano\/\",\"logo\":{\"@type\":\"ImageObject\",\"inLanguage\":\"es\",\"@id\":\"https:\/\/experienciadevida.com.ar\/portalurbano\/#\/schema\/logo\/image\/\",\"url\":\"https:\/\/experienciadevida.com.ar\/portalurbano\/wp-content\/uploads\/2019\/09\/Logo-Original.png\",\"contentUrl\":\"https:\/\/experienciadevida.com.ar\/portalurbano\/wp-content\/uploads\/2019\/09\/Logo-Original.png\",\"width\":2236,\"height\":1216,\"caption\":\"Portal Urbano\"},\"image\":{\"@id\":\"https:\/\/experienciadevida.com.ar\/portalurbano\/#\/schema\/logo\/image\/\"},\"sameAs\":[\"https:\/\/www.facebook.com\/Portal-Urbano-171542830093757\/\",\"https:\/\/twitter.com\/portalurbanook\",\"https:\/\/www.instagram.com\/_portalurbano\/\",\"https:\/\/www.youtube.com\/channel\/UCXhagIfszH8KxFiOok79zbA?view_as=subscriber\"]},{\"@type\":\"Person\",\"@id\":\"https:\/\/experienciadevida.com.ar\/portalurbano\/#\/schema\/person\/02dd326b1c4b056e9cc972486934a3a7\",\"name\":\"admpu17wp\",\"image\":{\"@type\":\"ImageObject\",\"inLanguage\":\"es\",\"@id\":\"https:\/\/experienciadevida.com.ar\/portalurbano\/#\/schema\/person\/image\/\",\"url\":\"https:\/\/secure.gravatar.com\/avatar\/830d4c57adaae6630765e449a6908047?s=96&d=mm&r=g\",\"contentUrl\":\"https:\/\/secure.gravatar.com\/avatar\/830d4c57adaae6630765e449a6908047?s=96&d=mm&r=g\",\"caption\":\"admpu17wp\"}}]}<\/script>\n<!-- \/ Yoast SEO plugin. -->","yoast_head_json":{"title":"\"Las partes tienen que actuar de buena fe y la verdad ac\u00e1 es lo que falt\u00f3\"","description":"\"Las partes tienen que actuar de buena fe y la verdad ac\u00e1 es lo que falt\u00f3\",\u00a0 as\u00ed lo dijo el Secretario del Sindicato de Trabajadores","robots":{"index":"index","follow":"follow","max-snippet":"max-snippet:-1","max-image-preview":"max-image-preview:large","max-video-preview":"max-video-preview:-1"},"canonical":"https:\/\/experienciadevida.com.ar\/portalurbano\/las-partes-tienen-que-actuar-de-buena-fe-y-la-verdad-aca-es-lo-que-falto\/","og_locale":"es_ES","og_type":"article","og_title":"\"Las partes tienen que actuar de buena fe y la verdad ac\u00e1 es lo que falt\u00f3\"","og_description":"\"Las partes tienen que actuar de buena fe y la verdad ac\u00e1 es lo que falt\u00f3\",\u00a0 as\u00ed lo dijo el Secretario del Sindicato de Trabajadores","og_url":"https:\/\/experienciadevida.com.ar\/portalurbano\/las-partes-tienen-que-actuar-de-buena-fe-y-la-verdad-aca-es-lo-que-falto\/","article_publisher":"https:\/\/www.facebook.com\/Portal-Urbano-171542830093757\/","article_published_time":"2022-06-23T13:15:35+00:00","article_modified_time":"2022-06-23T17:38:08+00:00","og_image":[{"width":919,"height":453,"url":"https:\/\/experienciadevida.com.ar\/portalurbano\/wp-content\/uploads\/2022\/06\/STMO.png","type":"image\/png"}],"author":"admpu17wp","twitter_card":"summary_large_image","twitter_creator":"@portalurbanook","twitter_site":"@portalurbanook","twitter_misc":{"Escrito por":"admpu17wp","Tiempo de lectura":"4 minutos"},"schema":{"@context":"https:\/\/schema.org","@graph":[{"@type":"Article","@id":"https:\/\/experienciadevida.com.ar\/portalurbano\/las-partes-tienen-que-actuar-de-buena-fe-y-la-verdad-aca-es-lo-que-falto\/#article","isPartOf":{"@id":"https:\/\/experienciadevida.com.ar\/portalurbano\/las-partes-tienen-que-actuar-de-buena-fe-y-la-verdad-aca-es-lo-que-falto\/"},"author":{"name":"admpu17wp","@id":"https:\/\/experienciadevida.com.ar\/portalurbano\/#\/schema\/person\/02dd326b1c4b056e9cc972486934a3a7"},"headline":"&#8220;Las partes tienen que actuar de buena fe y la verdad ac\u00e1 es lo que falt\u00f3&#8221;","datePublished":"2022-06-23T13:15:35+00:00","dateModified":"2022-06-23T17:38:08+00:00","mainEntityOfPage":{"@id":"https:\/\/experienciadevida.com.ar\/portalurbano\/las-partes-tienen-que-actuar-de-buena-fe-y-la-verdad-aca-es-lo-que-falto\/"},"wordCount":758,"publisher":{"@id":"https:\/\/experienciadevida.com.ar\/portalurbano\/#organization"},"articleSection":["Ciudad","Destacadas"],"inLanguage":"es"},{"@type":"WebPage","@id":"https:\/\/experienciadevida.com.ar\/portalurbano\/las-partes-tienen-que-actuar-de-buena-fe-y-la-verdad-aca-es-lo-que-falto\/","url":"https:\/\/experienciadevida.com.ar\/portalurbano\/las-partes-tienen-que-actuar-de-buena-fe-y-la-verdad-aca-es-lo-que-falto\/","name":"\"Las partes tienen que actuar de buena fe y la verdad ac\u00e1 es lo que falt\u00f3\"","isPartOf":{"@id":"https:\/\/experienciadevida.com.ar\/portalurbano\/#website"},"datePublished":"2022-06-23T13:15:35+00:00","dateModified":"2022-06-23T17:38:08+00:00","description":"\"Las partes tienen que actuar de buena fe y la verdad ac\u00e1 es lo que falt\u00f3\",\u00a0 as\u00ed lo dijo el Secretario del Sindicato de Trabajadores","breadcrumb":{"@id":"https:\/\/experienciadevida.com.ar\/portalurbano\/las-partes-tienen-que-actuar-de-buena-fe-y-la-verdad-aca-es-lo-que-falto\/#breadcrumb"},"inLanguage":"es","potentialAction":[{"@type":"ReadAction","target":["https:\/\/experienciadevida.com.ar\/portalurbano\/las-partes-tienen-que-actuar-de-buena-fe-y-la-verdad-aca-es-lo-que-falto\/"]}]},{"@type":"BreadcrumbList","@id":"https:\/\/experienciadevida.com.ar\/portalurbano\/las-partes-tienen-que-actuar-de-buena-fe-y-la-verdad-aca-es-lo-que-falto\/#breadcrumb","itemListElement":[{"@type":"ListItem","position":1,"name":"Portada","item":"https:\/\/experienciadevida.com.ar\/portalurbano\/"},{"@type":"ListItem","position":2,"name":"\u00abLas partes tienen que actuar de buena fe y la verdad ac\u00e1 es lo que falt\u00f3\u00bb"}]},{"@type":"WebSite","@id":"https:\/\/experienciadevida.com.ar\/portalurbano\/#website","url":"https:\/\/experienciadevida.com.ar\/portalurbano\/","name":"","description":"","publisher":{"@id":"https:\/\/experienciadevida.com.ar\/portalurbano\/#organization"},"potentialAction":[{"@type":"SearchAction","target":{"@type":"EntryPoint","urlTemplate":"https:\/\/experienciadevida.com.ar\/portalurbano\/?s={search_term_string}"},"query-input":"required name=search_term_string"}],"inLanguage":"es"},{"@type":"Organization","@id":"https:\/\/experienciadevida.com.ar\/portalurbano\/#organization","name":"Portal Urbano","url":"https:\/\/experienciadevida.com.ar\/portalurbano\/","logo":{"@type":"ImageObject","inLanguage":"es","@id":"https:\/\/experienciadevida.com.ar\/portalurbano\/#\/schema\/logo\/image\/","url":"https:\/\/experienciadevida.com.ar\/portalurbano\/wp-content\/uploads\/2019\/09\/Logo-Original.png","contentUrl":"https:\/\/experienciadevida.com.ar\/portalurbano\/wp-content\/uploads\/2019\/09\/Logo-Original.png","width":2236,"height":1216,"caption":"Portal Urbano"},"image":{"@id":"https:\/\/experienciadevida.com.ar\/portalurbano\/#\/schema\/logo\/image\/"},"sameAs":["https:\/\/www.facebook.com\/Portal-Urbano-171542830093757\/","https:\/\/twitter.com\/portalurbanook","https:\/\/www.instagram.com\/_portalurbano\/","https:\/\/www.youtube.com\/channel\/UCXhagIfszH8KxFiOok79zbA?view_as=subscriber"]},{"@type":"Person","@id":"https:\/\/experienciadevida.com.ar\/portalurbano\/#\/schema\/person\/02dd326b1c4b056e9cc972486934a3a7","name":"admpu17wp","image":{"@type":"ImageObject","inLanguage":"es","@id":"https:\/\/experienciadevida.com.ar\/portalurbano\/#\/schema\/person\/image\/","url":"https:\/\/secure.gravatar.com\/avatar\/830d4c57adaae6630765e449a6908047?s=96&d=mm&r=g","contentUrl":"https:\/\/secure.gravatar.com\/avatar\/830d4c57adaae6630765e449a6908047?s=96&d=mm&r=g","caption":"admpu17wp"}}]}},"featured_image_urls":{"full":["https:\/\/experienciadevida.com.ar\/portalurbano\/wp-content\/uploads\/2022\/06\/STMO.png",919,453,false],"thumbnail":["https:\/\/experienciadevida.com.ar\/portalurbano\/wp-content\/uploads\/2022\/06\/STMO-150x150.png",150,150,true],"medium":["https:\/\/experienciadevida.com.ar\/portalurbano\/wp-content\/uploads\/2022\/06\/STMO-300x148.png",300,148,true],"medium_large":["https:\/\/experienciadevida.com.ar\/portalurbano\/wp-content\/uploads\/2022\/06\/STMO-768x379.png",640,316,true],"large":["https:\/\/experienciadevida.com.ar\/portalurbano\/wp-content\/uploads\/2022\/06\/STMO.png",640,315,false],"ug_big":["https:\/\/experienciadevida.com.ar\/portalurbano\/wp-content\/uploads\/2022\/06\/STMO-768x379.png",768,379,true],"1536x1536":["https:\/\/experienciadevida.com.ar\/portalurbano\/wp-content\/uploads\/2022\/06\/STMO.png",919,453,false],"2048x2048":["https:\/\/experienciadevida.com.ar\/portalurbano\/wp-content\/uploads\/2022\/06\/STMO.png",919,453,false],"newsever-slider-full":["https:\/\/experienciadevida.com.ar\/portalurbano\/wp-content\/uploads\/2022\/06\/STMO.png",919,453,false],"newsever-featured":["https:\/\/experienciadevida.com.ar\/portalurbano\/wp-content\/uploads\/2022\/06\/STMO.png",919,453,false],"newsever-medium":["https:\/\/experienciadevida.com.ar\/portalurbano\/wp-content\/uploads\/2022\/06\/STMO.png",720,355,false],"web-stories-poster-portrait":["https:\/\/experienciadevida.com.ar\/portalurbano\/wp-content\/uploads\/2022\/06\/STMO.png",640,315,false],"web-stories-publisher-logo":["https:\/\/experienciadevida.com.ar\/portalurbano\/wp-content\/uploads\/2022\/06\/STMO.png",96,47,false],"web-stories-thumbnail":["https:\/\/experienciadevida.com.ar\/portalurbano\/wp-content\/uploads\/2022\/06\/STMO.png",150,74,false]},"author_info":{"display_name":"admpu17wp","author_link":"https:\/\/experienciadevida.com.ar\/portalurbano\/author\/admpu17wp\/"},"category_info":"<a href=\"https:\/\/experienciadevida.com.ar\/portalurbano\/category\/ciudad\/\" rel=\"category tag\">Ciudad<\/a> <a href=\"https:\/\/experienciadevida.com.ar\/portalurbano\/category\/destacadas\/\" rel=\"category tag\">Destacadas<\/a>","tag_info":"Destacadas","comment_count":"0","amp_enabled":true,"_links":{"self":[{"href":"https:\/\/experienciadevida.com.ar\/portalurbano\/wp-json\/wp\/v2\/posts\/170059"}],"collection":[{"href":"https:\/\/experienciadevida.com.ar\/portalurbano\/wp-json\/wp\/v2\/posts"}],"about":[{"href":"https:\/\/experienciadevida.com.ar\/portalurbano\/wp-json\/wp\/v2\/types\/post"}],"author":[{"embeddable":true,"href":"https:\/\/experienciadevida.com.ar\/portalurbano\/wp-json\/wp\/v2\/users\/1"}],"replies":[{"embeddable":true,"href":"https:\/\/experienciadevida.com.ar\/portalurbano\/wp-json\/wp\/v2\/comments?post=170059"}],"version-history":[{"count":6,"href":"https:\/\/experienciadevida.com.ar\/portalurbano\/wp-json\/wp\/v2\/posts\/170059\/revisions"}],"predecessor-version":[{"id":170068,"href":"https:\/\/experienciadevida.com.ar\/portalurbano\/wp-json\/wp\/v2\/posts\/170059\/revisions\/170068"}],"wp:featuredmedia":[{"embeddable":true,"href":"https:\/\/experienciadevida.com.ar\/portalurbano\/wp-json\/wp\/v2\/media\/170061"}],"wp:attachment":[{"href":"https:\/\/experienciadevida.com.ar\/portalurbano\/wp-json\/wp\/v2\/media?parent=170059"}],"wp:term":[{"taxonomy":"category","embeddable":true,"href":"https:\/\/experienciadevida.com.ar\/portalurbano\/wp-json\/wp\/v2\/categories?post=170059"},{"taxonomy":"post_tag","embeddable":true,"href":"https:\/\/experienciadevida.com.ar\/portalurbano\/wp-json\/wp\/v2\/tags?post=170059"}],"curies":[{"name":"wp","href":"https:\/\/api.w.org\/{rel}","templated":true}]}}