{"id":170053,"date":"2022-06-22T19:35:45","date_gmt":"2022-06-22T22:35:45","guid":{"rendered":"https:\/\/experienciadevida.com.ar\/portalurbano\/?p=170053"},"modified":"2022-06-22T20:52:05","modified_gmt":"2022-06-22T23:52:05","slug":"docentes-de-la-facso-dictaron-una-capacitacion-forense-en-el-instituto-superior-de-policia-de-santiago-del-estero","status":"publish","type":"post","link":"https:\/\/experienciadevida.com.ar\/portalurbano\/docentes-de-la-facso-dictaron-una-capacitacion-forense-en-el-instituto-superior-de-policia-de-santiago-del-estero\/","title":{"rendered":"Docentes de la FACSO dictaron una capacitaci\u00f3n forense en el Instituto Superior de Polic\u00eda de Santiago del Estero"},"content":{"rendered":"<p>Docentes de la FACSO dictaron una capacitaci\u00f3n forense en el Instituto Superior de Polic\u00eda de Santiago del Estero, un equipo integrado por docentes-investigadores de la<a href=\"https:\/\/www.facebook.com\/facultadcienciassociales.unicen\"> Facultad de Ciencias Sociales<\/a> (UNICEN) y del INCUAPA-CONICET, dictaron un curso de capacitaci\u00f3n en el Instituto Superior de Polic\u00eda de la provincia de Santiago del Estero; en el marco del Programa Nacional de Ciencia y Justicia.<\/p>\n<p>De las actividades participaron, por FACSO e INCUAPA-CONICET, las Dras. Mar\u00eda A. Guti\u00e9rrez y Mariela E. Gonz\u00e1lez y el Dr. Cristian A. Kaufmann, junto con el investigador de la Universidad Nacional de La Plata y el CONICET, el Dr. Marcos Plischuk.<\/p>\n<p>Las capacitaciones tuvieron lugar entre el 7 y 10 de junio y estuvieron enmarcadas en las acciones que lleva a cabo el CONICET a trav\u00e9s del Programa Nacional de Ciencia y Justicia, en articulaci\u00f3n con el instituto santiague\u00f1o de formaci\u00f3n. Este programa, coordinado por el Mag. Germ\u00e1n Stalker, tiene como objetivo fortalecer los lazos entre la comunidad cient\u00edfica y los poderes judiciales para acercar las ciencias a la administraci\u00f3n de justicia.<\/p>\n<p>En esta oportunidad, los\/as docentes-investigadores brindaron el curso de capacitaci\u00f3n denominado \u201cModificaciones pre y post-mortem en huesos: alteraciones tafon\u00f3micas, su importancia en el \u00e1mbito forense\u201d. Participaron de estas actividades integrantes del \u00e1rea de la Direcci\u00f3n General de Polic\u00eda Cient\u00edfica, Direcci\u00f3n General de Investigaciones, Departamento de Reconocimiento M\u00e9dico y alumnos de la Diplomatura en Investigaci\u00f3n Criminal: Detective Policial del Instituto Superior de Polic\u00eda de Santiago del Estero.<\/p>\n<p>Durante los encuentros se trabaj\u00f3 en el acercamiento e incorporaci\u00f3n de conceptos te\u00f3ricos y pr\u00e1cticos para la identificaci\u00f3n de modificaciones naturales y antr\u00f3picas en el esqueleto humano y en la recopilaci\u00f3n de toda informaci\u00f3n pertinente en el levantamiento de las escenas del crimen. Asimismo, se hizo \u00e9nfasis en el reconocimiento de las transformaciones de los huesos provocadas por los diferentes animales, la combusti\u00f3n, la acci\u00f3n de los factores ambientales. El reconocimiento de estas modificaciones pre y post-mortem pueden brindar informaci\u00f3n valiosa sobre la actuaci\u00f3n de procesos naturales y antr\u00f3picos en los lugares donde los cuerpos son encontrados, y por tanto aportan datos relevantes al momento de la reconstrucci\u00f3n del contexto de muerte.<\/p>\n<p>Los\/as docentes refirieron que esta actividad result\u00f3 muy interesante dado que existi\u00f3 una enriquecedora interacci\u00f3n entre la experiencia de casos criminal\u00edsticos en los cuales los\/as investigadores\/as policiales han trabajado y la informaci\u00f3n cient\u00edfica surgida a partir de varios a\u00f1os de investigaci\u00f3n y experimentaci\u00f3n en el \u00e1mbito de la tafonom\u00eda.<\/p>\n","protected":false},"excerpt":{"rendered":"<p>Docentes de la FACSO dictaron una capacitaci\u00f3n forense en el Instituto Superior de Polic\u00eda de&#8230;<\/p>\n","protected":false},"author":1,"featured_media":170054,"comment_status":"closed","ping_status":"closed","sticky":false,"template":"","format":"standard","meta":{"content-type":""},"categories":[31],"tags":[],"nelio_content":{"isAutoShareEnabled":false,"autoShareEndMode":"default","automationSources":{"useContentSentences":true,"useSocialTemplates":true,"useCustomSentences":false,"customSentences":[]},"followers":[1],"suggestedReferences":[],"includedReferences":[],"efiUrl":"","efiAlt":"","highlights":[]},"yoast_head":"<!-- This site is optimized with the Yoast SEO plugin v20.7 - https:\/\/yoast.com\/wordpress\/plugins\/seo\/ -->\n<title>Docente de la FACO dictaron una capacitaci\u00f3n forense en Santiago<\/title>\n<meta name=\"description\" content=\"Docentes de la FACSO dictaron una capacitaci\u00f3n forense en el Instituto Superior de Polic\u00eda de Santiago del Estero, un equipo integrado\" \/>\n<meta name=\"robots\" content=\"index, follow, max-snippet:-1, max-image-preview:large, max-video-preview:-1\" \/>\n<link rel=\"canonical\" href=\"https:\/\/experienciadevida.com.ar\/portalurbano\/docentes-de-la-facso-dictaron-una-capacitacion-forense-en-el-instituto-superior-de-policia-de-santiago-del-estero\/\" \/>\n<meta property=\"og:locale\" content=\"es_ES\" \/>\n<meta property=\"og:type\" content=\"article\" \/>\n<meta property=\"og:title\" content=\"Docente de la FACO dictaron una capacitaci\u00f3n forense en Santiago\" \/>\n<meta property=\"og:description\" content=\"Docentes de la FACSO dictaron una capacitaci\u00f3n forense en el Instituto Superior de Polic\u00eda de Santiago del Estero, un equipo integrado\" \/>\n<meta property=\"og:url\" content=\"https:\/\/experienciadevida.com.ar\/portalurbano\/docentes-de-la-facso-dictaron-una-capacitacion-forense-en-el-instituto-superior-de-policia-de-santiago-del-estero\/\" \/>\n<meta property=\"article:publisher\" content=\"https:\/\/www.facebook.com\/Portal-Urbano-171542830093757\/\" \/>\n<meta property=\"article:published_time\" content=\"2022-06-22T22:35:45+00:00\" \/>\n<meta property=\"article:modified_time\" content=\"2022-06-22T23:52:05+00:00\" \/>\n<meta property=\"og:image\" content=\"https:\/\/experienciadevida.com.ar\/portalurbano\/wp-content\/uploads\/2022\/06\/Docentes-de-la-FACSO.jpg\" \/>\n\t<meta property=\"og:image:width\" content=\"1024\" \/>\n\t<meta property=\"og:image:height\" content=\"768\" \/>\n\t<meta property=\"og:image:type\" content=\"image\/jpeg\" \/>\n<meta name=\"author\" content=\"admpu17wp\" \/>\n<meta name=\"twitter:card\" content=\"summary_large_image\" \/>\n<meta name=\"twitter:creator\" content=\"@portalurbanook\" \/>\n<meta name=\"twitter:site\" content=\"@portalurbanook\" \/>\n<meta name=\"twitter:label1\" content=\"Escrito por\" \/>\n\t<meta name=\"twitter:data1\" content=\"admpu17wp\" \/>\n\t<meta name=\"twitter:label2\" content=\"Tiempo de lectura\" \/>\n\t<meta name=\"twitter:data2\" content=\"2 minutos\" \/>\n<script type=\"application\/ld+json\" class=\"yoast-schema-graph\">{\"@context\":\"https:\/\/schema.org\",\"@graph\":[{\"@type\":\"Article\",\"@id\":\"https:\/\/experienciadevida.com.ar\/portalurbano\/docentes-de-la-facso-dictaron-una-capacitacion-forense-en-el-instituto-superior-de-policia-de-santiago-del-estero\/#article\",\"isPartOf\":{\"@id\":\"https:\/\/experienciadevida.com.ar\/portalurbano\/docentes-de-la-facso-dictaron-una-capacitacion-forense-en-el-instituto-superior-de-policia-de-santiago-del-estero\/\"},\"author\":{\"name\":\"admpu17wp\",\"@id\":\"https:\/\/experienciadevida.com.ar\/portalurbano\/#\/schema\/person\/02dd326b1c4b056e9cc972486934a3a7\"},\"headline\":\"Docentes de la FACSO dictaron una capacitaci\u00f3n forense en el Instituto Superior de Polic\u00eda de Santiago del Estero\",\"datePublished\":\"2022-06-22T22:35:45+00:00\",\"dateModified\":\"2022-06-22T23:52:05+00:00\",\"mainEntityOfPage\":{\"@id\":\"https:\/\/experienciadevida.com.ar\/portalurbano\/docentes-de-la-facso-dictaron-una-capacitacion-forense-en-el-instituto-superior-de-policia-de-santiago-del-estero\/\"},\"wordCount\":466,\"publisher\":{\"@id\":\"https:\/\/experienciadevida.com.ar\/portalurbano\/#organization\"},\"articleSection\":[\"Educaci\u00f3n\"],\"inLanguage\":\"es\"},{\"@type\":\"WebPage\",\"@id\":\"https:\/\/experienciadevida.com.ar\/portalurbano\/docentes-de-la-facso-dictaron-una-capacitacion-forense-en-el-instituto-superior-de-policia-de-santiago-del-estero\/\",\"url\":\"https:\/\/experienciadevida.com.ar\/portalurbano\/docentes-de-la-facso-dictaron-una-capacitacion-forense-en-el-instituto-superior-de-policia-de-santiago-del-estero\/\",\"name\":\"Docente de la FACO dictaron una capacitaci\u00f3n forense en Santiago\",\"isPartOf\":{\"@id\":\"https:\/\/experienciadevida.com.ar\/portalurbano\/#website\"},\"datePublished\":\"2022-06-22T22:35:45+00:00\",\"dateModified\":\"2022-06-22T23:52:05+00:00\",\"description\":\"Docentes de la FACSO dictaron una capacitaci\u00f3n forense en el Instituto Superior de Polic\u00eda de Santiago del Estero, un equipo integrado\",\"breadcrumb\":{\"@id\":\"https:\/\/experienciadevida.com.ar\/portalurbano\/docentes-de-la-facso-dictaron-una-capacitacion-forense-en-el-instituto-superior-de-policia-de-santiago-del-estero\/#breadcrumb\"},\"inLanguage\":\"es\",\"potentialAction\":[{\"@type\":\"ReadAction\",\"target\":[\"https:\/\/experienciadevida.com.ar\/portalurbano\/docentes-de-la-facso-dictaron-una-capacitacion-forense-en-el-instituto-superior-de-policia-de-santiago-del-estero\/\"]}]},{\"@type\":\"BreadcrumbList\",\"@id\":\"https:\/\/experienciadevida.com.ar\/portalurbano\/docentes-de-la-facso-dictaron-una-capacitacion-forense-en-el-instituto-superior-de-policia-de-santiago-del-estero\/#breadcrumb\",\"itemListElement\":[{\"@type\":\"ListItem\",\"position\":1,\"name\":\"Portada\",\"item\":\"https:\/\/experienciadevida.com.ar\/portalurbano\/\"},{\"@type\":\"ListItem\",\"position\":2,\"name\":\"Docentes de la FACSO dictaron una capacitaci\u00f3n forense en el Instituto Superior de Polic\u00eda de Santiago del Estero\"}]},{\"@type\":\"WebSite\",\"@id\":\"https:\/\/experienciadevida.com.ar\/portalurbano\/#website\",\"url\":\"https:\/\/experienciadevida.com.ar\/portalurbano\/\",\"name\":\"\",\"description\":\"\",\"publisher\":{\"@id\":\"https:\/\/experienciadevida.com.ar\/portalurbano\/#organization\"},\"potentialAction\":[{\"@type\":\"SearchAction\",\"target\":{\"@type\":\"EntryPoint\",\"urlTemplate\":\"https:\/\/experienciadevida.com.ar\/portalurbano\/?s={search_term_string}\"},\"query-input\":\"required name=search_term_string\"}],\"inLanguage\":\"es\"},{\"@type\":\"Organization\",\"@id\":\"https:\/\/experienciadevida.com.ar\/portalurbano\/#organization\",\"name\":\"Portal Urbano\",\"url\":\"https:\/\/experienciadevida.com.ar\/portalurbano\/\",\"logo\":{\"@type\":\"ImageObject\",\"inLanguage\":\"es\",\"@id\":\"https:\/\/experienciadevida.com.ar\/portalurbano\/#\/schema\/logo\/image\/\",\"url\":\"https:\/\/experienciadevida.com.ar\/portalurbano\/wp-content\/uploads\/2019\/09\/Logo-Original.png\",\"contentUrl\":\"https:\/\/experienciadevida.com.ar\/portalurbano\/wp-content\/uploads\/2019\/09\/Logo-Original.png\",\"width\":2236,\"height\":1216,\"caption\":\"Portal Urbano\"},\"image\":{\"@id\":\"https:\/\/experienciadevida.com.ar\/portalurbano\/#\/schema\/logo\/image\/\"},\"sameAs\":[\"https:\/\/www.facebook.com\/Portal-Urbano-171542830093757\/\",\"https:\/\/twitter.com\/portalurbanook\",\"https:\/\/www.instagram.com\/_portalurbano\/\",\"https:\/\/www.youtube.com\/channel\/UCXhagIfszH8KxFiOok79zbA?view_as=subscriber\"]},{\"@type\":\"Person\",\"@id\":\"https:\/\/experienciadevida.com.ar\/portalurbano\/#\/schema\/person\/02dd326b1c4b056e9cc972486934a3a7\",\"name\":\"admpu17wp\",\"image\":{\"@type\":\"ImageObject\",\"inLanguage\":\"es\",\"@id\":\"https:\/\/experienciadevida.com.ar\/portalurbano\/#\/schema\/person\/image\/\",\"url\":\"https:\/\/secure.gravatar.com\/avatar\/830d4c57adaae6630765e449a6908047?s=96&d=mm&r=g\",\"contentUrl\":\"https:\/\/secure.gravatar.com\/avatar\/830d4c57adaae6630765e449a6908047?s=96&d=mm&r=g\",\"caption\":\"admpu17wp\"}}]}<\/script>\n<!-- \/ Yoast SEO plugin. -->","yoast_head_json":{"title":"Docente de la FACO dictaron una capacitaci\u00f3n forense en Santiago","description":"Docentes de la FACSO dictaron una capacitaci\u00f3n forense en el Instituto Superior de Polic\u00eda de Santiago del Estero, un equipo integrado","robots":{"index":"index","follow":"follow","max-snippet":"max-snippet:-1","max-image-preview":"max-image-preview:large","max-video-preview":"max-video-preview:-1"},"canonical":"https:\/\/experienciadevida.com.ar\/portalurbano\/docentes-de-la-facso-dictaron-una-capacitacion-forense-en-el-instituto-superior-de-policia-de-santiago-del-estero\/","og_locale":"es_ES","og_type":"article","og_title":"Docente de la FACO dictaron una capacitaci\u00f3n forense en Santiago","og_description":"Docentes de la FACSO dictaron una capacitaci\u00f3n forense en el Instituto Superior de Polic\u00eda de Santiago del Estero, un equipo integrado","og_url":"https:\/\/experienciadevida.com.ar\/portalurbano\/docentes-de-la-facso-dictaron-una-capacitacion-forense-en-el-instituto-superior-de-policia-de-santiago-del-estero\/","article_publisher":"https:\/\/www.facebook.com\/Portal-Urbano-171542830093757\/","article_published_time":"2022-06-22T22:35:45+00:00","article_modified_time":"2022-06-22T23:52:05+00:00","og_image":[{"width":1024,"height":768,"url":"https:\/\/experienciadevida.com.ar\/portalurbano\/wp-content\/uploads\/2022\/06\/Docentes-de-la-FACSO.jpg","type":"image\/jpeg"}],"author":"admpu17wp","twitter_card":"summary_large_image","twitter_creator":"@portalurbanook","twitter_site":"@portalurbanook","twitter_misc":{"Escrito por":"admpu17wp","Tiempo de lectura":"2 minutos"},"schema":{"@context":"https:\/\/schema.org","@graph":[{"@type":"Article","@id":"https:\/\/experienciadevida.com.ar\/portalurbano\/docentes-de-la-facso-dictaron-una-capacitacion-forense-en-el-instituto-superior-de-policia-de-santiago-del-estero\/#article","isPartOf":{"@id":"https:\/\/experienciadevida.com.ar\/portalurbano\/docentes-de-la-facso-dictaron-una-capacitacion-forense-en-el-instituto-superior-de-policia-de-santiago-del-estero\/"},"author":{"name":"admpu17wp","@id":"https:\/\/experienciadevida.com.ar\/portalurbano\/#\/schema\/person\/02dd326b1c4b056e9cc972486934a3a7"},"headline":"Docentes de la FACSO dictaron una capacitaci\u00f3n forense en el Instituto Superior de Polic\u00eda de Santiago del Estero","datePublished":"2022-06-22T22:35:45+00:00","dateModified":"2022-06-22T23:52:05+00:00","mainEntityOfPage":{"@id":"https:\/\/experienciadevida.com.ar\/portalurbano\/docentes-de-la-facso-dictaron-una-capacitacion-forense-en-el-instituto-superior-de-policia-de-santiago-del-estero\/"},"wordCount":466,"publisher":{"@id":"https:\/\/experienciadevida.com.ar\/portalurbano\/#organization"},"articleSection":["Educaci\u00f3n"],"inLanguage":"es"},{"@type":"WebPage","@id":"https:\/\/experienciadevida.com.ar\/portalurbano\/docentes-de-la-facso-dictaron-una-capacitacion-forense-en-el-instituto-superior-de-policia-de-santiago-del-estero\/","url":"https:\/\/experienciadevida.com.ar\/portalurbano\/docentes-de-la-facso-dictaron-una-capacitacion-forense-en-el-instituto-superior-de-policia-de-santiago-del-estero\/","name":"Docente de la FACO dictaron una capacitaci\u00f3n forense en Santiago","isPartOf":{"@id":"https:\/\/experienciadevida.com.ar\/portalurbano\/#website"},"datePublished":"2022-06-22T22:35:45+00:00","dateModified":"2022-06-22T23:52:05+00:00","description":"Docentes de la FACSO dictaron una capacitaci\u00f3n forense en el Instituto Superior de Polic\u00eda de Santiago del Estero, un equipo integrado","breadcrumb":{"@id":"https:\/\/experienciadevida.com.ar\/portalurbano\/docentes-de-la-facso-dictaron-una-capacitacion-forense-en-el-instituto-superior-de-policia-de-santiago-del-estero\/#breadcrumb"},"inLanguage":"es","potentialAction":[{"@type":"ReadAction","target":["https:\/\/experienciadevida.com.ar\/portalurbano\/docentes-de-la-facso-dictaron-una-capacitacion-forense-en-el-instituto-superior-de-policia-de-santiago-del-estero\/"]}]},{"@type":"BreadcrumbList","@id":"https:\/\/experienciadevida.com.ar\/portalurbano\/docentes-de-la-facso-dictaron-una-capacitacion-forense-en-el-instituto-superior-de-policia-de-santiago-del-estero\/#breadcrumb","itemListElement":[{"@type":"ListItem","position":1,"name":"Portada","item":"https:\/\/experienciadevida.com.ar\/portalurbano\/"},{"@type":"ListItem","position":2,"name":"Docentes de la FACSO dictaron una capacitaci\u00f3n forense en el Instituto Superior de Polic\u00eda de Santiago del Estero"}]},{"@type":"WebSite","@id":"https:\/\/experienciadevida.com.ar\/portalurbano\/#website","url":"https:\/\/experienciadevida.com.ar\/portalurbano\/","name":"","description":"","publisher":{"@id":"https:\/\/experienciadevida.com.ar\/portalurbano\/#organization"},"potentialAction":[{"@type":"SearchAction","target":{"@type":"EntryPoint","urlTemplate":"https:\/\/experienciadevida.com.ar\/portalurbano\/?s={search_term_string}"},"query-input":"required name=search_term_string"}],"inLanguage":"es"},{"@type":"Organization","@id":"https:\/\/experienciadevida.com.ar\/portalurbano\/#organization","name":"Portal Urbano","url":"https:\/\/experienciadevida.com.ar\/portalurbano\/","logo":{"@type":"ImageObject","inLanguage":"es","@id":"https:\/\/experienciadevida.com.ar\/portalurbano\/#\/schema\/logo\/image\/","url":"https:\/\/experienciadevida.com.ar\/portalurbano\/wp-content\/uploads\/2019\/09\/Logo-Original.png","contentUrl":"https:\/\/experienciadevida.com.ar\/portalurbano\/wp-content\/uploads\/2019\/09\/Logo-Original.png","width":2236,"height":1216,"caption":"Portal Urbano"},"image":{"@id":"https:\/\/experienciadevida.com.ar\/portalurbano\/#\/schema\/logo\/image\/"},"sameAs":["https:\/\/www.facebook.com\/Portal-Urbano-171542830093757\/","https:\/\/twitter.com\/portalurbanook","https:\/\/www.instagram.com\/_portalurbano\/","https:\/\/www.youtube.com\/channel\/UCXhagIfszH8KxFiOok79zbA?view_as=subscriber"]},{"@type":"Person","@id":"https:\/\/experienciadevida.com.ar\/portalurbano\/#\/schema\/person\/02dd326b1c4b056e9cc972486934a3a7","name":"admpu17wp","image":{"@type":"ImageObject","inLanguage":"es","@id":"https:\/\/experienciadevida.com.ar\/portalurbano\/#\/schema\/person\/image\/","url":"https:\/\/secure.gravatar.com\/avatar\/830d4c57adaae6630765e449a6908047?s=96&d=mm&r=g","contentUrl":"https:\/\/secure.gravatar.com\/avatar\/830d4c57adaae6630765e449a6908047?s=96&d=mm&r=g","caption":"admpu17wp"}}]}},"featured_image_urls":{"full":["https:\/\/experienciadevida.com.ar\/portalurbano\/wp-content\/uploads\/2022\/06\/Docentes-de-la-FACSO.jpg",1024,768,false],"thumbnail":["https:\/\/experienciadevida.com.ar\/portalurbano\/wp-content\/uploads\/2022\/06\/Docentes-de-la-FACSO-150x150.jpg",150,150,true],"medium":["https:\/\/experienciadevida.com.ar\/portalurbano\/wp-content\/uploads\/2022\/06\/Docentes-de-la-FACSO-300x225.jpg",300,225,true],"medium_large":["https:\/\/experienciadevida.com.ar\/portalurbano\/wp-content\/uploads\/2022\/06\/Docentes-de-la-FACSO-768x576.jpg",640,480,true],"large":["https:\/\/experienciadevida.com.ar\/portalurbano\/wp-content\/uploads\/2022\/06\/Docentes-de-la-FACSO.jpg",640,480,false],"ug_big":["https:\/\/experienciadevida.com.ar\/portalurbano\/wp-content\/uploads\/2022\/06\/Docentes-de-la-FACSO-768x576.jpg",768,576,true],"1536x1536":["https:\/\/experienciadevida.com.ar\/portalurbano\/wp-content\/uploads\/2022\/06\/Docentes-de-la-FACSO.jpg",1024,768,false],"2048x2048":["https:\/\/experienciadevida.com.ar\/portalurbano\/wp-content\/uploads\/2022\/06\/Docentes-de-la-FACSO.jpg",1024,768,false],"newsever-slider-full":["https:\/\/experienciadevida.com.ar\/portalurbano\/wp-content\/uploads\/2022\/06\/Docentes-de-la-FACSO.jpg",1024,768,false],"newsever-featured":["https:\/\/experienciadevida.com.ar\/portalurbano\/wp-content\/uploads\/2022\/06\/Docentes-de-la-FACSO.jpg",1024,768,false],"newsever-medium":["https:\/\/experienciadevida.com.ar\/portalurbano\/wp-content\/uploads\/2022\/06\/Docentes-de-la-FACSO.jpg",633,475,false],"web-stories-poster-portrait":["https:\/\/experienciadevida.com.ar\/portalurbano\/wp-content\/uploads\/2022\/06\/Docentes-de-la-FACSO.jpg",640,480,false],"web-stories-publisher-logo":["https:\/\/experienciadevida.com.ar\/portalurbano\/wp-content\/uploads\/2022\/06\/Docentes-de-la-FACSO.jpg",96,72,false],"web-stories-thumbnail":["https:\/\/experienciadevida.com.ar\/portalurbano\/wp-content\/uploads\/2022\/06\/Docentes-de-la-FACSO.jpg",150,113,false]},"author_info":{"display_name":"admpu17wp","author_link":"https:\/\/experienciadevida.com.ar\/portalurbano\/author\/admpu17wp\/"},"category_info":"<a href=\"https:\/\/experienciadevida.com.ar\/portalurbano\/category\/ciudad\/educacion\/\" rel=\"category tag\">Educaci\u00f3n<\/a>","tag_info":"Educaci\u00f3n","comment_count":"0","amp_enabled":true,"_links":{"self":[{"href":"https:\/\/experienciadevida.com.ar\/portalurbano\/wp-json\/wp\/v2\/posts\/170053"}],"collection":[{"href":"https:\/\/experienciadevida.com.ar\/portalurbano\/wp-json\/wp\/v2\/posts"}],"about":[{"href":"https:\/\/experienciadevida.com.ar\/portalurbano\/wp-json\/wp\/v2\/types\/post"}],"author":[{"embeddable":true,"href":"https:\/\/experienciadevida.com.ar\/portalurbano\/wp-json\/wp\/v2\/users\/1"}],"replies":[{"embeddable":true,"href":"https:\/\/experienciadevida.com.ar\/portalurbano\/wp-json\/wp\/v2\/comments?post=170053"}],"version-history":[{"count":2,"href":"https:\/\/experienciadevida.com.ar\/portalurbano\/wp-json\/wp\/v2\/posts\/170053\/revisions"}],"predecessor-version":[{"id":170056,"href":"https:\/\/experienciadevida.com.ar\/portalurbano\/wp-json\/wp\/v2\/posts\/170053\/revisions\/170056"}],"wp:featuredmedia":[{"embeddable":true,"href":"https:\/\/experienciadevida.com.ar\/portalurbano\/wp-json\/wp\/v2\/media\/170054"}],"wp:attachment":[{"href":"https:\/\/experienciadevida.com.ar\/portalurbano\/wp-json\/wp\/v2\/media?parent=170053"}],"wp:term":[{"taxonomy":"category","embeddable":true,"href":"https:\/\/experienciadevida.com.ar\/portalurbano\/wp-json\/wp\/v2\/categories?post=170053"},{"taxonomy":"post_tag","embeddable":true,"href":"https:\/\/experienciadevida.com.ar\/portalurbano\/wp-json\/wp\/v2\/tags?post=170053"}],"curies":[{"name":"wp","href":"https:\/\/api.w.org\/{rel}","templated":true}]}}