{"id":170047,"date":"2022-06-22T18:44:49","date_gmt":"2022-06-22T21:44:49","guid":{"rendered":"https:\/\/experienciadevida.com.ar\/portalurbano\/?p=170047"},"modified":"2022-06-22T18:45:23","modified_gmt":"2022-06-22T21:45:23","slug":"inauguracion-de-la-primera-compostera-comunitaria-en-colonia-hinojo","status":"publish","type":"post","link":"https:\/\/experienciadevida.com.ar\/portalurbano\/inauguracion-de-la-primera-compostera-comunitaria-en-colonia-hinojo\/","title":{"rendered":"Inauguraci\u00f3n de la primera compostera comunitaria en Colonia Hinojo"},"content":{"rendered":"<p>Inauguraci\u00f3n de la primera compostera comunitaria en Colonia Hinojo, es una iniciativa del grupo Guardianes ecol\u00f3gicos de la localidad, con el apoyo de los vecinos, entidades y empresas de la localidad y del Ministerio de Ambiente y Desarrollo Sostenible de la Naci\u00f3n.<\/p>\n<p>En el marco del mes del medioambiente, y con recursos del Ministerio de Ambiente y Desarrollo Sostenible de la Naci\u00f3n, a trav\u00e9s del plan integral Casa Com\u00fan, el pr\u00f3ximo 23 de Junio a las 14,30 hs. se llevar\u00e1 a cabo en Colonia Hinojo la inauguraci\u00f3n de la primera compostera comunitaria en el espacio ecol\u00f3gico KinderPlatz.<\/p>\n<p>Este espacio verde administrado por el grupo Guardianes ecol\u00f3gicos tiene como finalidad promover pr\u00e1cticas sostenibles y amigables con el medio ambiente en la comunidad, centrando las actividades en el reciclado y el compostaje.<\/p>\n<p>En este sentido, con recursos econ\u00f3micos obtenidos a trav\u00e9s del plan integral Casa Com\u00fan del Ministerio de Ambiente y Desarrollo Sostenible, se adquirieron una compostera comunitaria y contenedores para la separaci\u00f3n de residuos, ubicados en el espacio p\u00fablico KinderPlatz para que puedan ser utilizados por toda la comunidad.<\/p>\n<p>El d\u00eda de la inauguraci\u00f3n est\u00e1 prevista adem\u00e1s, la realizaci\u00f3n de una charla sobre compostaje a cargo de Julia Bintana. Esta actividad es gratuita y abierta a la comunidad y tiene como objetivo brindar herramientas te\u00f3ricas y pr\u00e1cticas para que cada vez m\u00e1s vecinos se sumen a las tareas de reciclado y compostaje.<\/p>\n<p>El presente requiere de nuestro compromiso en la construcci\u00f3n de un futuro que garantice el derecho a un ambiente sano y con justicia ambiental para nuestro pueblo manifest\u00f3 Daiana Waiman integrante de los Guardianes Ecologicos, al tiempo que afirm\u00f3 que este proyecto nace de la inquietud de un grupo de vecinos, entidades y empresas de Colonia Hinojo y que actualmente cuentan con el apoyo del Ministerio de Ambiente y Desarrollo Sostenible.<\/p>\n","protected":false},"excerpt":{"rendered":"<p>Inauguraci\u00f3n de la primera compostera comunitaria en Colonia Hinojo, es una iniciativa del grupo Guardianes&#8230;<\/p>\n","protected":false},"author":1,"featured_media":170048,"comment_status":"closed","ping_status":"closed","sticky":false,"template":"","format":"standard","meta":{"content-type":""},"categories":[27],"tags":[],"nelio_content":{"isAutoShareEnabled":false,"autoShareEndMode":"default","automationSources":{"useContentSentences":true,"useSocialTemplates":true,"useCustomSentences":false,"customSentences":[]},"followers":[1],"suggestedReferences":[],"includedReferences":[],"efiUrl":"","efiAlt":"","highlights":[]},"yoast_head":"<!-- This site is optimized with the Yoast SEO plugin v20.7 - https:\/\/yoast.com\/wordpress\/plugins\/seo\/ -->\n<title>Inauguraci\u00f3n de la primera compostera comunitaria en Colonia Hinojo<\/title>\n<meta name=\"description\" content=\"Inauguraci\u00f3n de la primera compostera comunitaria en Colonia Hinojo, es una iniciativa del grupo Guardianes ecol\u00f3gicos de la localidad\" \/>\n<meta name=\"robots\" content=\"index, follow, max-snippet:-1, max-image-preview:large, max-video-preview:-1\" \/>\n<link rel=\"canonical\" href=\"https:\/\/experienciadevida.com.ar\/portalurbano\/inauguracion-de-la-primera-compostera-comunitaria-en-colonia-hinojo\/\" \/>\n<meta property=\"og:locale\" content=\"es_ES\" \/>\n<meta property=\"og:type\" content=\"article\" \/>\n<meta property=\"og:title\" content=\"Inauguraci\u00f3n de la primera compostera comunitaria en Colonia Hinojo\" \/>\n<meta property=\"og:description\" content=\"Inauguraci\u00f3n de la primera compostera comunitaria en Colonia Hinojo, es una iniciativa del grupo Guardianes ecol\u00f3gicos de la localidad\" \/>\n<meta property=\"og:url\" content=\"https:\/\/experienciadevida.com.ar\/portalurbano\/inauguracion-de-la-primera-compostera-comunitaria-en-colonia-hinojo\/\" \/>\n<meta property=\"article:publisher\" content=\"https:\/\/www.facebook.com\/Portal-Urbano-171542830093757\/\" \/>\n<meta property=\"article:published_time\" content=\"2022-06-22T21:44:49+00:00\" \/>\n<meta property=\"article:modified_time\" content=\"2022-06-22T21:45:23+00:00\" \/>\n<meta property=\"og:image\" content=\"https:\/\/experienciadevida.com.ar\/portalurbano\/wp-content\/uploads\/2022\/06\/Inauguracion-de-la-primera.jpeg\" \/>\n\t<meta property=\"og:image:width\" content=\"720\" \/>\n\t<meta property=\"og:image:height\" content=\"720\" \/>\n\t<meta property=\"og:image:type\" content=\"image\/jpeg\" \/>\n<meta name=\"author\" content=\"admpu17wp\" \/>\n<meta name=\"twitter:card\" content=\"summary_large_image\" \/>\n<meta name=\"twitter:creator\" content=\"@portalurbanook\" \/>\n<meta name=\"twitter:site\" content=\"@portalurbanook\" \/>\n<meta name=\"twitter:label1\" content=\"Escrito por\" \/>\n\t<meta name=\"twitter:data1\" content=\"admpu17wp\" \/>\n\t<meta name=\"twitter:label2\" content=\"Tiempo de lectura\" \/>\n\t<meta name=\"twitter:data2\" content=\"2 minutos\" \/>\n<script type=\"application\/ld+json\" class=\"yoast-schema-graph\">{\"@context\":\"https:\/\/schema.org\",\"@graph\":[{\"@type\":\"Article\",\"@id\":\"https:\/\/experienciadevida.com.ar\/portalurbano\/inauguracion-de-la-primera-compostera-comunitaria-en-colonia-hinojo\/#article\",\"isPartOf\":{\"@id\":\"https:\/\/experienciadevida.com.ar\/portalurbano\/inauguracion-de-la-primera-compostera-comunitaria-en-colonia-hinojo\/\"},\"author\":{\"name\":\"admpu17wp\",\"@id\":\"https:\/\/experienciadevida.com.ar\/portalurbano\/#\/schema\/person\/02dd326b1c4b056e9cc972486934a3a7\"},\"headline\":\"Inauguraci\u00f3n de la primera compostera comunitaria en Colonia Hinojo\",\"datePublished\":\"2022-06-22T21:44:49+00:00\",\"dateModified\":\"2022-06-22T21:45:23+00:00\",\"mainEntityOfPage\":{\"@id\":\"https:\/\/experienciadevida.com.ar\/portalurbano\/inauguracion-de-la-primera-compostera-comunitaria-en-colonia-hinojo\/\"},\"wordCount\":334,\"publisher\":{\"@id\":\"https:\/\/experienciadevida.com.ar\/portalurbano\/#organization\"},\"articleSection\":[\"Ciudad\"],\"inLanguage\":\"es\"},{\"@type\":\"WebPage\",\"@id\":\"https:\/\/experienciadevida.com.ar\/portalurbano\/inauguracion-de-la-primera-compostera-comunitaria-en-colonia-hinojo\/\",\"url\":\"https:\/\/experienciadevida.com.ar\/portalurbano\/inauguracion-de-la-primera-compostera-comunitaria-en-colonia-hinojo\/\",\"name\":\"Inauguraci\u00f3n de la primera compostera comunitaria en Colonia Hinojo\",\"isPartOf\":{\"@id\":\"https:\/\/experienciadevida.com.ar\/portalurbano\/#website\"},\"datePublished\":\"2022-06-22T21:44:49+00:00\",\"dateModified\":\"2022-06-22T21:45:23+00:00\",\"description\":\"Inauguraci\u00f3n de la primera compostera comunitaria en Colonia Hinojo, es una iniciativa del grupo Guardianes ecol\u00f3gicos de la localidad\",\"breadcrumb\":{\"@id\":\"https:\/\/experienciadevida.com.ar\/portalurbano\/inauguracion-de-la-primera-compostera-comunitaria-en-colonia-hinojo\/#breadcrumb\"},\"inLanguage\":\"es\",\"potentialAction\":[{\"@type\":\"ReadAction\",\"target\":[\"https:\/\/experienciadevida.com.ar\/portalurbano\/inauguracion-de-la-primera-compostera-comunitaria-en-colonia-hinojo\/\"]}]},{\"@type\":\"BreadcrumbList\",\"@id\":\"https:\/\/experienciadevida.com.ar\/portalurbano\/inauguracion-de-la-primera-compostera-comunitaria-en-colonia-hinojo\/#breadcrumb\",\"itemListElement\":[{\"@type\":\"ListItem\",\"position\":1,\"name\":\"Portada\",\"item\":\"https:\/\/experienciadevida.com.ar\/portalurbano\/\"},{\"@type\":\"ListItem\",\"position\":2,\"name\":\"Inauguraci\u00f3n de la primera compostera comunitaria en Colonia Hinojo\"}]},{\"@type\":\"WebSite\",\"@id\":\"https:\/\/experienciadevida.com.ar\/portalurbano\/#website\",\"url\":\"https:\/\/experienciadevida.com.ar\/portalurbano\/\",\"name\":\"\",\"description\":\"\",\"publisher\":{\"@id\":\"https:\/\/experienciadevida.com.ar\/portalurbano\/#organization\"},\"potentialAction\":[{\"@type\":\"SearchAction\",\"target\":{\"@type\":\"EntryPoint\",\"urlTemplate\":\"https:\/\/experienciadevida.com.ar\/portalurbano\/?s={search_term_string}\"},\"query-input\":\"required name=search_term_string\"}],\"inLanguage\":\"es\"},{\"@type\":\"Organization\",\"@id\":\"https:\/\/experienciadevida.com.ar\/portalurbano\/#organization\",\"name\":\"Portal Urbano\",\"url\":\"https:\/\/experienciadevida.com.ar\/portalurbano\/\",\"logo\":{\"@type\":\"ImageObject\",\"inLanguage\":\"es\",\"@id\":\"https:\/\/experienciadevida.com.ar\/portalurbano\/#\/schema\/logo\/image\/\",\"url\":\"https:\/\/experienciadevida.com.ar\/portalurbano\/wp-content\/uploads\/2019\/09\/Logo-Original.png\",\"contentUrl\":\"https:\/\/experienciadevida.com.ar\/portalurbano\/wp-content\/uploads\/2019\/09\/Logo-Original.png\",\"width\":2236,\"height\":1216,\"caption\":\"Portal Urbano\"},\"image\":{\"@id\":\"https:\/\/experienciadevida.com.ar\/portalurbano\/#\/schema\/logo\/image\/\"},\"sameAs\":[\"https:\/\/www.facebook.com\/Portal-Urbano-171542830093757\/\",\"https:\/\/twitter.com\/portalurbanook\",\"https:\/\/www.instagram.com\/_portalurbano\/\",\"https:\/\/www.youtube.com\/channel\/UCXhagIfszH8KxFiOok79zbA?view_as=subscriber\"]},{\"@type\":\"Person\",\"@id\":\"https:\/\/experienciadevida.com.ar\/portalurbano\/#\/schema\/person\/02dd326b1c4b056e9cc972486934a3a7\",\"name\":\"admpu17wp\",\"image\":{\"@type\":\"ImageObject\",\"inLanguage\":\"es\",\"@id\":\"https:\/\/experienciadevida.com.ar\/portalurbano\/#\/schema\/person\/image\/\",\"url\":\"https:\/\/secure.gravatar.com\/avatar\/830d4c57adaae6630765e449a6908047?s=96&d=mm&r=g\",\"contentUrl\":\"https:\/\/secure.gravatar.com\/avatar\/830d4c57adaae6630765e449a6908047?s=96&d=mm&r=g\",\"caption\":\"admpu17wp\"}}]}<\/script>\n<!-- \/ Yoast SEO plugin. -->","yoast_head_json":{"title":"Inauguraci\u00f3n de la primera compostera comunitaria en Colonia Hinojo","description":"Inauguraci\u00f3n de la primera compostera comunitaria en Colonia Hinojo, es una iniciativa del grupo Guardianes ecol\u00f3gicos de la localidad","robots":{"index":"index","follow":"follow","max-snippet":"max-snippet:-1","max-image-preview":"max-image-preview:large","max-video-preview":"max-video-preview:-1"},"canonical":"https:\/\/experienciadevida.com.ar\/portalurbano\/inauguracion-de-la-primera-compostera-comunitaria-en-colonia-hinojo\/","og_locale":"es_ES","og_type":"article","og_title":"Inauguraci\u00f3n de la primera compostera comunitaria en Colonia Hinojo","og_description":"Inauguraci\u00f3n de la primera compostera comunitaria en Colonia Hinojo, es una iniciativa del grupo Guardianes ecol\u00f3gicos de la localidad","og_url":"https:\/\/experienciadevida.com.ar\/portalurbano\/inauguracion-de-la-primera-compostera-comunitaria-en-colonia-hinojo\/","article_publisher":"https:\/\/www.facebook.com\/Portal-Urbano-171542830093757\/","article_published_time":"2022-06-22T21:44:49+00:00","article_modified_time":"2022-06-22T21:45:23+00:00","og_image":[{"width":720,"height":720,"url":"https:\/\/experienciadevida.com.ar\/portalurbano\/wp-content\/uploads\/2022\/06\/Inauguracion-de-la-primera.jpeg","type":"image\/jpeg"}],"author":"admpu17wp","twitter_card":"summary_large_image","twitter_creator":"@portalurbanook","twitter_site":"@portalurbanook","twitter_misc":{"Escrito por":"admpu17wp","Tiempo de lectura":"2 minutos"},"schema":{"@context":"https:\/\/schema.org","@graph":[{"@type":"Article","@id":"https:\/\/experienciadevida.com.ar\/portalurbano\/inauguracion-de-la-primera-compostera-comunitaria-en-colonia-hinojo\/#article","isPartOf":{"@id":"https:\/\/experienciadevida.com.ar\/portalurbano\/inauguracion-de-la-primera-compostera-comunitaria-en-colonia-hinojo\/"},"author":{"name":"admpu17wp","@id":"https:\/\/experienciadevida.com.ar\/portalurbano\/#\/schema\/person\/02dd326b1c4b056e9cc972486934a3a7"},"headline":"Inauguraci\u00f3n de la primera compostera comunitaria en Colonia Hinojo","datePublished":"2022-06-22T21:44:49+00:00","dateModified":"2022-06-22T21:45:23+00:00","mainEntityOfPage":{"@id":"https:\/\/experienciadevida.com.ar\/portalurbano\/inauguracion-de-la-primera-compostera-comunitaria-en-colonia-hinojo\/"},"wordCount":334,"publisher":{"@id":"https:\/\/experienciadevida.com.ar\/portalurbano\/#organization"},"articleSection":["Ciudad"],"inLanguage":"es"},{"@type":"WebPage","@id":"https:\/\/experienciadevida.com.ar\/portalurbano\/inauguracion-de-la-primera-compostera-comunitaria-en-colonia-hinojo\/","url":"https:\/\/experienciadevida.com.ar\/portalurbano\/inauguracion-de-la-primera-compostera-comunitaria-en-colonia-hinojo\/","name":"Inauguraci\u00f3n de la primera compostera comunitaria en Colonia Hinojo","isPartOf":{"@id":"https:\/\/experienciadevida.com.ar\/portalurbano\/#website"},"datePublished":"2022-06-22T21:44:49+00:00","dateModified":"2022-06-22T21:45:23+00:00","description":"Inauguraci\u00f3n de la primera compostera comunitaria en Colonia Hinojo, es una iniciativa del grupo Guardianes ecol\u00f3gicos de la localidad","breadcrumb":{"@id":"https:\/\/experienciadevida.com.ar\/portalurbano\/inauguracion-de-la-primera-compostera-comunitaria-en-colonia-hinojo\/#breadcrumb"},"inLanguage":"es","potentialAction":[{"@type":"ReadAction","target":["https:\/\/experienciadevida.com.ar\/portalurbano\/inauguracion-de-la-primera-compostera-comunitaria-en-colonia-hinojo\/"]}]},{"@type":"BreadcrumbList","@id":"https:\/\/experienciadevida.com.ar\/portalurbano\/inauguracion-de-la-primera-compostera-comunitaria-en-colonia-hinojo\/#breadcrumb","itemListElement":[{"@type":"ListItem","position":1,"name":"Portada","item":"https:\/\/experienciadevida.com.ar\/portalurbano\/"},{"@type":"ListItem","position":2,"name":"Inauguraci\u00f3n de la primera compostera comunitaria en Colonia Hinojo"}]},{"@type":"WebSite","@id":"https:\/\/experienciadevida.com.ar\/portalurbano\/#website","url":"https:\/\/experienciadevida.com.ar\/portalurbano\/","name":"","description":"","publisher":{"@id":"https:\/\/experienciadevida.com.ar\/portalurbano\/#organization"},"potentialAction":[{"@type":"SearchAction","target":{"@type":"EntryPoint","urlTemplate":"https:\/\/experienciadevida.com.ar\/portalurbano\/?s={search_term_string}"},"query-input":"required name=search_term_string"}],"inLanguage":"es"},{"@type":"Organization","@id":"https:\/\/experienciadevida.com.ar\/portalurbano\/#organization","name":"Portal Urbano","url":"https:\/\/experienciadevida.com.ar\/portalurbano\/","logo":{"@type":"ImageObject","inLanguage":"es","@id":"https:\/\/experienciadevida.com.ar\/portalurbano\/#\/schema\/logo\/image\/","url":"https:\/\/experienciadevida.com.ar\/portalurbano\/wp-content\/uploads\/2019\/09\/Logo-Original.png","contentUrl":"https:\/\/experienciadevida.com.ar\/portalurbano\/wp-content\/uploads\/2019\/09\/Logo-Original.png","width":2236,"height":1216,"caption":"Portal Urbano"},"image":{"@id":"https:\/\/experienciadevida.com.ar\/portalurbano\/#\/schema\/logo\/image\/"},"sameAs":["https:\/\/www.facebook.com\/Portal-Urbano-171542830093757\/","https:\/\/twitter.com\/portalurbanook","https:\/\/www.instagram.com\/_portalurbano\/","https:\/\/www.youtube.com\/channel\/UCXhagIfszH8KxFiOok79zbA?view_as=subscriber"]},{"@type":"Person","@id":"https:\/\/experienciadevida.com.ar\/portalurbano\/#\/schema\/person\/02dd326b1c4b056e9cc972486934a3a7","name":"admpu17wp","image":{"@type":"ImageObject","inLanguage":"es","@id":"https:\/\/experienciadevida.com.ar\/portalurbano\/#\/schema\/person\/image\/","url":"https:\/\/secure.gravatar.com\/avatar\/830d4c57adaae6630765e449a6908047?s=96&d=mm&r=g","contentUrl":"https:\/\/secure.gravatar.com\/avatar\/830d4c57adaae6630765e449a6908047?s=96&d=mm&r=g","caption":"admpu17wp"}}]}},"featured_image_urls":{"full":["https:\/\/experienciadevida.com.ar\/portalurbano\/wp-content\/uploads\/2022\/06\/Inauguracion-de-la-primera.jpeg",720,720,false],"thumbnail":["https:\/\/experienciadevida.com.ar\/portalurbano\/wp-content\/uploads\/2022\/06\/Inauguracion-de-la-primera-150x150.jpeg",150,150,true],"medium":["https:\/\/experienciadevida.com.ar\/portalurbano\/wp-content\/uploads\/2022\/06\/Inauguracion-de-la-primera-300x300.jpeg",300,300,true],"medium_large":["https:\/\/experienciadevida.com.ar\/portalurbano\/wp-content\/uploads\/2022\/06\/Inauguracion-de-la-primera.jpeg",640,640,false],"large":["https:\/\/experienciadevida.com.ar\/portalurbano\/wp-content\/uploads\/2022\/06\/Inauguracion-de-la-primera.jpeg",640,640,false],"ug_big":["https:\/\/experienciadevida.com.ar\/portalurbano\/wp-content\/uploads\/2022\/06\/Inauguracion-de-la-primera.jpeg",720,720,false],"1536x1536":["https:\/\/experienciadevida.com.ar\/portalurbano\/wp-content\/uploads\/2022\/06\/Inauguracion-de-la-primera.jpeg",720,720,false],"2048x2048":["https:\/\/experienciadevida.com.ar\/portalurbano\/wp-content\/uploads\/2022\/06\/Inauguracion-de-la-primera.jpeg",720,720,false],"newsever-slider-full":["https:\/\/experienciadevida.com.ar\/portalurbano\/wp-content\/uploads\/2022\/06\/Inauguracion-de-la-primera.jpeg",720,720,false],"newsever-featured":["https:\/\/experienciadevida.com.ar\/portalurbano\/wp-content\/uploads\/2022\/06\/Inauguracion-de-la-primera.jpeg",720,720,false],"newsever-medium":["https:\/\/experienciadevida.com.ar\/portalurbano\/wp-content\/uploads\/2022\/06\/Inauguracion-de-la-primera.jpeg",475,475,false],"web-stories-poster-portrait":["https:\/\/experienciadevida.com.ar\/portalurbano\/wp-content\/uploads\/2022\/06\/Inauguracion-de-la-primera.jpeg",640,640,false],"web-stories-publisher-logo":["https:\/\/experienciadevida.com.ar\/portalurbano\/wp-content\/uploads\/2022\/06\/Inauguracion-de-la-primera.jpeg",96,96,false],"web-stories-thumbnail":["https:\/\/experienciadevida.com.ar\/portalurbano\/wp-content\/uploads\/2022\/06\/Inauguracion-de-la-primera.jpeg",150,150,false]},"author_info":{"display_name":"admpu17wp","author_link":"https:\/\/experienciadevida.com.ar\/portalurbano\/author\/admpu17wp\/"},"category_info":"<a href=\"https:\/\/experienciadevida.com.ar\/portalurbano\/category\/ciudad\/\" rel=\"category tag\">Ciudad<\/a>","tag_info":"Ciudad","comment_count":"0","amp_enabled":true,"_links":{"self":[{"href":"https:\/\/experienciadevida.com.ar\/portalurbano\/wp-json\/wp\/v2\/posts\/170047"}],"collection":[{"href":"https:\/\/experienciadevida.com.ar\/portalurbano\/wp-json\/wp\/v2\/posts"}],"about":[{"href":"https:\/\/experienciadevida.com.ar\/portalurbano\/wp-json\/wp\/v2\/types\/post"}],"author":[{"embeddable":true,"href":"https:\/\/experienciadevida.com.ar\/portalurbano\/wp-json\/wp\/v2\/users\/1"}],"replies":[{"embeddable":true,"href":"https:\/\/experienciadevida.com.ar\/portalurbano\/wp-json\/wp\/v2\/comments?post=170047"}],"version-history":[{"count":1,"href":"https:\/\/experienciadevida.com.ar\/portalurbano\/wp-json\/wp\/v2\/posts\/170047\/revisions"}],"predecessor-version":[{"id":170049,"href":"https:\/\/experienciadevida.com.ar\/portalurbano\/wp-json\/wp\/v2\/posts\/170047\/revisions\/170049"}],"wp:featuredmedia":[{"embeddable":true,"href":"https:\/\/experienciadevida.com.ar\/portalurbano\/wp-json\/wp\/v2\/media\/170048"}],"wp:attachment":[{"href":"https:\/\/experienciadevida.com.ar\/portalurbano\/wp-json\/wp\/v2\/media?parent=170047"}],"wp:term":[{"taxonomy":"category","embeddable":true,"href":"https:\/\/experienciadevida.com.ar\/portalurbano\/wp-json\/wp\/v2\/categories?post=170047"},{"taxonomy":"post_tag","embeddable":true,"href":"https:\/\/experienciadevida.com.ar\/portalurbano\/wp-json\/wp\/v2\/tags?post=170047"}],"curies":[{"name":"wp","href":"https:\/\/api.w.org\/{rel}","templated":true}]}}