{"id":170044,"date":"2022-06-22T18:29:07","date_gmt":"2022-06-22T21:29:07","guid":{"rendered":"https:\/\/experienciadevida.com.ar\/portalurbano\/?p=170044"},"modified":"2022-06-22T18:30:50","modified_gmt":"2022-06-22T21:30:50","slug":"ley-micaela-habra-capacitaciones-obligatorias-en-el-concejo-deliberante","status":"publish","type":"post","link":"https:\/\/experienciadevida.com.ar\/portalurbano\/ley-micaela-habra-capacitaciones-obligatorias-en-el-concejo-deliberante\/","title":{"rendered":"Ley Micaela: Habr\u00e1 capacitaciones obligatorias en el Concejo Deliberante"},"content":{"rendered":"<p>Ley Micaela: Habr\u00e1 capacitaciones obligatorias en el Concejo Deliberante, reuni\u00f3n entre Cecilia Krivochen y Florencia Caro.<\/p>\n<p>En el mes de julio, en fecha a definir, habr\u00e1 capacitaciones permanentes por la Ley Micaela en el Honorable Concejo Deliberante de Olavarr\u00eda de acuerdo con lo analizado este mi\u00e9rcoles en una reuni\u00f3n que mantuvieron la Lic. Cecilia Krivochen, presidente del Concejo Deliberante y la Lic. Florencia Caro, Directora de Pol\u00edticas de G\u00e9nero del Gobierno Municipal.<\/p>\n<p>Las capacitaciones abarcan al personal administrativo, funcionarios y concejales.<\/p>\n<p>Si bien restan definir detalles sobre las capacitaciones, Cecilia Krivochen adelant\u00f3 que durante la reuni\u00f3n de este mi\u00e9rcoles quedaron establecidas las principales l\u00edneas de trabajo al tiempo que dijo \u201cse analizaron herramientas para continuar incluyendo perspectiva de g\u00e9nero en la legislaci\u00f3n local\u201d.<\/p>\n<p>Destac\u00f3 por otro lado Cecilia Krivochen: \u201cgracias al di\u00e1logo permanente y sostenido con la Direcci\u00f3n de Pol\u00edticas de G\u00e9nero del Municipio, hemos podido iniciar este trabajo conjunto que significar\u00e1 no solo cumplir con lo que pide la Ley Micaela sino realizar un trabajo diario y en conjunto en materia de pol\u00edticas de g\u00e9nero\u201d.<\/p>\n<p>Sobre las capacitaciones dijo que \u201cpara muchos de los integrantes del HCD, ser\u00e1 una continuidad con el trabajo realizado en a\u00f1os anteriores, aunque para otros significar\u00e1 un primer acercamiento a este tema tan importante<br \/>\ntanto para la vida legislativa como para el desarrollo de una sociedad m\u00e1s igualitaria\u201d.<\/p>\n","protected":false},"excerpt":{"rendered":"<p>Ley Micaela: Habr\u00e1 capacitaciones obligatorias en el Concejo Deliberante, reuni\u00f3n entre Cecilia Krivochen y Florencia&#8230;<\/p>\n","protected":false},"author":1,"featured_media":170045,"comment_status":"closed","ping_status":"closed","sticky":false,"template":"","format":"standard","meta":{"content-type":""},"categories":[27,51],"tags":[],"nelio_content":{"isAutoShareEnabled":false,"autoShareEndMode":"default","automationSources":{"useContentSentences":true,"useSocialTemplates":true,"useCustomSentences":false,"customSentences":[]},"followers":[1],"suggestedReferences":[],"includedReferences":[],"efiUrl":"","efiAlt":"","highlights":[]},"yoast_head":"<!-- This site is optimized with the Yoast SEO plugin v20.7 - https:\/\/yoast.com\/wordpress\/plugins\/seo\/ -->\n<title>Ley Micaela: Habr\u00e1 capacitaciones obligatorias en el Concejo Deliberante<\/title>\n<meta name=\"description\" content=\"Ley Micaela: Habr\u00e1 capacitaciones obligatorias en el Concejo Deliberante, reuni\u00f3n entre Cecilia Krivochen y Florencia Caro.\" \/>\n<meta name=\"robots\" content=\"index, follow, max-snippet:-1, max-image-preview:large, max-video-preview:-1\" \/>\n<link rel=\"canonical\" href=\"https:\/\/experienciadevida.com.ar\/portalurbano\/ley-micaela-habra-capacitaciones-obligatorias-en-el-concejo-deliberante\/\" \/>\n<meta property=\"og:locale\" content=\"es_ES\" \/>\n<meta property=\"og:type\" content=\"article\" \/>\n<meta property=\"og:title\" content=\"Ley Micaela: Habr\u00e1 capacitaciones obligatorias en el Concejo Deliberante\" \/>\n<meta property=\"og:description\" content=\"Ley Micaela: Habr\u00e1 capacitaciones obligatorias en el Concejo Deliberante, reuni\u00f3n entre Cecilia Krivochen y Florencia Caro.\" \/>\n<meta property=\"og:url\" content=\"https:\/\/experienciadevida.com.ar\/portalurbano\/ley-micaela-habra-capacitaciones-obligatorias-en-el-concejo-deliberante\/\" \/>\n<meta property=\"article:publisher\" content=\"https:\/\/www.facebook.com\/Portal-Urbano-171542830093757\/\" \/>\n<meta property=\"article:published_time\" content=\"2022-06-22T21:29:07+00:00\" \/>\n<meta property=\"article:modified_time\" content=\"2022-06-22T21:30:50+00:00\" \/>\n<meta property=\"og:image\" content=\"https:\/\/experienciadevida.com.ar\/portalurbano\/wp-content\/uploads\/2022\/06\/Ley-Micaela.jpg\" \/>\n\t<meta property=\"og:image:width\" content=\"1173\" \/>\n\t<meta property=\"og:image:height\" content=\"771\" \/>\n\t<meta property=\"og:image:type\" content=\"image\/jpeg\" \/>\n<meta name=\"author\" content=\"admpu17wp\" \/>\n<meta name=\"twitter:card\" content=\"summary_large_image\" \/>\n<meta name=\"twitter:creator\" content=\"@portalurbanook\" \/>\n<meta name=\"twitter:site\" content=\"@portalurbanook\" \/>\n<meta name=\"twitter:label1\" content=\"Escrito por\" \/>\n\t<meta name=\"twitter:data1\" content=\"admpu17wp\" \/>\n\t<meta name=\"twitter:label2\" content=\"Tiempo de lectura\" \/>\n\t<meta name=\"twitter:data2\" content=\"2 minutos\" \/>\n<script type=\"application\/ld+json\" class=\"yoast-schema-graph\">{\"@context\":\"https:\/\/schema.org\",\"@graph\":[{\"@type\":\"Article\",\"@id\":\"https:\/\/experienciadevida.com.ar\/portalurbano\/ley-micaela-habra-capacitaciones-obligatorias-en-el-concejo-deliberante\/#article\",\"isPartOf\":{\"@id\":\"https:\/\/experienciadevida.com.ar\/portalurbano\/ley-micaela-habra-capacitaciones-obligatorias-en-el-concejo-deliberante\/\"},\"author\":{\"name\":\"admpu17wp\",\"@id\":\"https:\/\/experienciadevida.com.ar\/portalurbano\/#\/schema\/person\/02dd326b1c4b056e9cc972486934a3a7\"},\"headline\":\"Ley Micaela: Habr\u00e1 capacitaciones obligatorias en el Concejo Deliberante\",\"datePublished\":\"2022-06-22T21:29:07+00:00\",\"dateModified\":\"2022-06-22T21:30:50+00:00\",\"mainEntityOfPage\":{\"@id\":\"https:\/\/experienciadevida.com.ar\/portalurbano\/ley-micaela-habra-capacitaciones-obligatorias-en-el-concejo-deliberante\/\"},\"wordCount\":252,\"publisher\":{\"@id\":\"https:\/\/experienciadevida.com.ar\/portalurbano\/#organization\"},\"articleSection\":[\"Ciudad\",\"Destacadas\"],\"inLanguage\":\"es\"},{\"@type\":\"WebPage\",\"@id\":\"https:\/\/experienciadevida.com.ar\/portalurbano\/ley-micaela-habra-capacitaciones-obligatorias-en-el-concejo-deliberante\/\",\"url\":\"https:\/\/experienciadevida.com.ar\/portalurbano\/ley-micaela-habra-capacitaciones-obligatorias-en-el-concejo-deliberante\/\",\"name\":\"Ley Micaela: Habr\u00e1 capacitaciones obligatorias en el Concejo Deliberante\",\"isPartOf\":{\"@id\":\"https:\/\/experienciadevida.com.ar\/portalurbano\/#website\"},\"datePublished\":\"2022-06-22T21:29:07+00:00\",\"dateModified\":\"2022-06-22T21:30:50+00:00\",\"description\":\"Ley Micaela: Habr\u00e1 capacitaciones obligatorias en el Concejo Deliberante, reuni\u00f3n entre Cecilia Krivochen y Florencia Caro.\",\"breadcrumb\":{\"@id\":\"https:\/\/experienciadevida.com.ar\/portalurbano\/ley-micaela-habra-capacitaciones-obligatorias-en-el-concejo-deliberante\/#breadcrumb\"},\"inLanguage\":\"es\",\"potentialAction\":[{\"@type\":\"ReadAction\",\"target\":[\"https:\/\/experienciadevida.com.ar\/portalurbano\/ley-micaela-habra-capacitaciones-obligatorias-en-el-concejo-deliberante\/\"]}]},{\"@type\":\"BreadcrumbList\",\"@id\":\"https:\/\/experienciadevida.com.ar\/portalurbano\/ley-micaela-habra-capacitaciones-obligatorias-en-el-concejo-deliberante\/#breadcrumb\",\"itemListElement\":[{\"@type\":\"ListItem\",\"position\":1,\"name\":\"Portada\",\"item\":\"https:\/\/experienciadevida.com.ar\/portalurbano\/\"},{\"@type\":\"ListItem\",\"position\":2,\"name\":\"Ley Micaela: Habr\u00e1 capacitaciones obligatorias en el Concejo Deliberante\"}]},{\"@type\":\"WebSite\",\"@id\":\"https:\/\/experienciadevida.com.ar\/portalurbano\/#website\",\"url\":\"https:\/\/experienciadevida.com.ar\/portalurbano\/\",\"name\":\"\",\"description\":\"\",\"publisher\":{\"@id\":\"https:\/\/experienciadevida.com.ar\/portalurbano\/#organization\"},\"potentialAction\":[{\"@type\":\"SearchAction\",\"target\":{\"@type\":\"EntryPoint\",\"urlTemplate\":\"https:\/\/experienciadevida.com.ar\/portalurbano\/?s={search_term_string}\"},\"query-input\":\"required name=search_term_string\"}],\"inLanguage\":\"es\"},{\"@type\":\"Organization\",\"@id\":\"https:\/\/experienciadevida.com.ar\/portalurbano\/#organization\",\"name\":\"Portal Urbano\",\"url\":\"https:\/\/experienciadevida.com.ar\/portalurbano\/\",\"logo\":{\"@type\":\"ImageObject\",\"inLanguage\":\"es\",\"@id\":\"https:\/\/experienciadevida.com.ar\/portalurbano\/#\/schema\/logo\/image\/\",\"url\":\"https:\/\/experienciadevida.com.ar\/portalurbano\/wp-content\/uploads\/2019\/09\/Logo-Original.png\",\"contentUrl\":\"https:\/\/experienciadevida.com.ar\/portalurbano\/wp-content\/uploads\/2019\/09\/Logo-Original.png\",\"width\":2236,\"height\":1216,\"caption\":\"Portal Urbano\"},\"image\":{\"@id\":\"https:\/\/experienciadevida.com.ar\/portalurbano\/#\/schema\/logo\/image\/\"},\"sameAs\":[\"https:\/\/www.facebook.com\/Portal-Urbano-171542830093757\/\",\"https:\/\/twitter.com\/portalurbanook\",\"https:\/\/www.instagram.com\/_portalurbano\/\",\"https:\/\/www.youtube.com\/channel\/UCXhagIfszH8KxFiOok79zbA?view_as=subscriber\"]},{\"@type\":\"Person\",\"@id\":\"https:\/\/experienciadevida.com.ar\/portalurbano\/#\/schema\/person\/02dd326b1c4b056e9cc972486934a3a7\",\"name\":\"admpu17wp\",\"image\":{\"@type\":\"ImageObject\",\"inLanguage\":\"es\",\"@id\":\"https:\/\/experienciadevida.com.ar\/portalurbano\/#\/schema\/person\/image\/\",\"url\":\"https:\/\/secure.gravatar.com\/avatar\/830d4c57adaae6630765e449a6908047?s=96&d=mm&r=g\",\"contentUrl\":\"https:\/\/secure.gravatar.com\/avatar\/830d4c57adaae6630765e449a6908047?s=96&d=mm&r=g\",\"caption\":\"admpu17wp\"}}]}<\/script>\n<!-- \/ Yoast SEO plugin. -->","yoast_head_json":{"title":"Ley Micaela: Habr\u00e1 capacitaciones obligatorias en el Concejo Deliberante","description":"Ley Micaela: Habr\u00e1 capacitaciones obligatorias en el Concejo Deliberante, reuni\u00f3n entre Cecilia Krivochen y Florencia Caro.","robots":{"index":"index","follow":"follow","max-snippet":"max-snippet:-1","max-image-preview":"max-image-preview:large","max-video-preview":"max-video-preview:-1"},"canonical":"https:\/\/experienciadevida.com.ar\/portalurbano\/ley-micaela-habra-capacitaciones-obligatorias-en-el-concejo-deliberante\/","og_locale":"es_ES","og_type":"article","og_title":"Ley Micaela: Habr\u00e1 capacitaciones obligatorias en el Concejo Deliberante","og_description":"Ley Micaela: Habr\u00e1 capacitaciones obligatorias en el Concejo Deliberante, reuni\u00f3n entre Cecilia Krivochen y Florencia Caro.","og_url":"https:\/\/experienciadevida.com.ar\/portalurbano\/ley-micaela-habra-capacitaciones-obligatorias-en-el-concejo-deliberante\/","article_publisher":"https:\/\/www.facebook.com\/Portal-Urbano-171542830093757\/","article_published_time":"2022-06-22T21:29:07+00:00","article_modified_time":"2022-06-22T21:30:50+00:00","og_image":[{"width":1173,"height":771,"url":"https:\/\/experienciadevida.com.ar\/portalurbano\/wp-content\/uploads\/2022\/06\/Ley-Micaela.jpg","type":"image\/jpeg"}],"author":"admpu17wp","twitter_card":"summary_large_image","twitter_creator":"@portalurbanook","twitter_site":"@portalurbanook","twitter_misc":{"Escrito por":"admpu17wp","Tiempo de lectura":"2 minutos"},"schema":{"@context":"https:\/\/schema.org","@graph":[{"@type":"Article","@id":"https:\/\/experienciadevida.com.ar\/portalurbano\/ley-micaela-habra-capacitaciones-obligatorias-en-el-concejo-deliberante\/#article","isPartOf":{"@id":"https:\/\/experienciadevida.com.ar\/portalurbano\/ley-micaela-habra-capacitaciones-obligatorias-en-el-concejo-deliberante\/"},"author":{"name":"admpu17wp","@id":"https:\/\/experienciadevida.com.ar\/portalurbano\/#\/schema\/person\/02dd326b1c4b056e9cc972486934a3a7"},"headline":"Ley Micaela: Habr\u00e1 capacitaciones obligatorias en el Concejo Deliberante","datePublished":"2022-06-22T21:29:07+00:00","dateModified":"2022-06-22T21:30:50+00:00","mainEntityOfPage":{"@id":"https:\/\/experienciadevida.com.ar\/portalurbano\/ley-micaela-habra-capacitaciones-obligatorias-en-el-concejo-deliberante\/"},"wordCount":252,"publisher":{"@id":"https:\/\/experienciadevida.com.ar\/portalurbano\/#organization"},"articleSection":["Ciudad","Destacadas"],"inLanguage":"es"},{"@type":"WebPage","@id":"https:\/\/experienciadevida.com.ar\/portalurbano\/ley-micaela-habra-capacitaciones-obligatorias-en-el-concejo-deliberante\/","url":"https:\/\/experienciadevida.com.ar\/portalurbano\/ley-micaela-habra-capacitaciones-obligatorias-en-el-concejo-deliberante\/","name":"Ley Micaela: Habr\u00e1 capacitaciones obligatorias en el Concejo Deliberante","isPartOf":{"@id":"https:\/\/experienciadevida.com.ar\/portalurbano\/#website"},"datePublished":"2022-06-22T21:29:07+00:00","dateModified":"2022-06-22T21:30:50+00:00","description":"Ley Micaela: Habr\u00e1 capacitaciones obligatorias en el Concejo Deliberante, reuni\u00f3n entre Cecilia Krivochen y Florencia Caro.","breadcrumb":{"@id":"https:\/\/experienciadevida.com.ar\/portalurbano\/ley-micaela-habra-capacitaciones-obligatorias-en-el-concejo-deliberante\/#breadcrumb"},"inLanguage":"es","potentialAction":[{"@type":"ReadAction","target":["https:\/\/experienciadevida.com.ar\/portalurbano\/ley-micaela-habra-capacitaciones-obligatorias-en-el-concejo-deliberante\/"]}]},{"@type":"BreadcrumbList","@id":"https:\/\/experienciadevida.com.ar\/portalurbano\/ley-micaela-habra-capacitaciones-obligatorias-en-el-concejo-deliberante\/#breadcrumb","itemListElement":[{"@type":"ListItem","position":1,"name":"Portada","item":"https:\/\/experienciadevida.com.ar\/portalurbano\/"},{"@type":"ListItem","position":2,"name":"Ley Micaela: Habr\u00e1 capacitaciones obligatorias en el Concejo Deliberante"}]},{"@type":"WebSite","@id":"https:\/\/experienciadevida.com.ar\/portalurbano\/#website","url":"https:\/\/experienciadevida.com.ar\/portalurbano\/","name":"","description":"","publisher":{"@id":"https:\/\/experienciadevida.com.ar\/portalurbano\/#organization"},"potentialAction":[{"@type":"SearchAction","target":{"@type":"EntryPoint","urlTemplate":"https:\/\/experienciadevida.com.ar\/portalurbano\/?s={search_term_string}"},"query-input":"required name=search_term_string"}],"inLanguage":"es"},{"@type":"Organization","@id":"https:\/\/experienciadevida.com.ar\/portalurbano\/#organization","name":"Portal Urbano","url":"https:\/\/experienciadevida.com.ar\/portalurbano\/","logo":{"@type":"ImageObject","inLanguage":"es","@id":"https:\/\/experienciadevida.com.ar\/portalurbano\/#\/schema\/logo\/image\/","url":"https:\/\/experienciadevida.com.ar\/portalurbano\/wp-content\/uploads\/2019\/09\/Logo-Original.png","contentUrl":"https:\/\/experienciadevida.com.ar\/portalurbano\/wp-content\/uploads\/2019\/09\/Logo-Original.png","width":2236,"height":1216,"caption":"Portal Urbano"},"image":{"@id":"https:\/\/experienciadevida.com.ar\/portalurbano\/#\/schema\/logo\/image\/"},"sameAs":["https:\/\/www.facebook.com\/Portal-Urbano-171542830093757\/","https:\/\/twitter.com\/portalurbanook","https:\/\/www.instagram.com\/_portalurbano\/","https:\/\/www.youtube.com\/channel\/UCXhagIfszH8KxFiOok79zbA?view_as=subscriber"]},{"@type":"Person","@id":"https:\/\/experienciadevida.com.ar\/portalurbano\/#\/schema\/person\/02dd326b1c4b056e9cc972486934a3a7","name":"admpu17wp","image":{"@type":"ImageObject","inLanguage":"es","@id":"https:\/\/experienciadevida.com.ar\/portalurbano\/#\/schema\/person\/image\/","url":"https:\/\/secure.gravatar.com\/avatar\/830d4c57adaae6630765e449a6908047?s=96&d=mm&r=g","contentUrl":"https:\/\/secure.gravatar.com\/avatar\/830d4c57adaae6630765e449a6908047?s=96&d=mm&r=g","caption":"admpu17wp"}}]}},"featured_image_urls":{"full":["https:\/\/experienciadevida.com.ar\/portalurbano\/wp-content\/uploads\/2022\/06\/Ley-Micaela.jpg",1173,771,false],"thumbnail":["https:\/\/experienciadevida.com.ar\/portalurbano\/wp-content\/uploads\/2022\/06\/Ley-Micaela-150x150.jpg",150,150,true],"medium":["https:\/\/experienciadevida.com.ar\/portalurbano\/wp-content\/uploads\/2022\/06\/Ley-Micaela-300x197.jpg",300,197,true],"medium_large":["https:\/\/experienciadevida.com.ar\/portalurbano\/wp-content\/uploads\/2022\/06\/Ley-Micaela-768x505.jpg",640,421,true],"large":["https:\/\/experienciadevida.com.ar\/portalurbano\/wp-content\/uploads\/2022\/06\/Ley-Micaela-1024x673.jpg",640,421,true],"ug_big":["https:\/\/experienciadevida.com.ar\/portalurbano\/wp-content\/uploads\/2022\/06\/Ley-Micaela-768x505.jpg",768,505,true],"1536x1536":["https:\/\/experienciadevida.com.ar\/portalurbano\/wp-content\/uploads\/2022\/06\/Ley-Micaela.jpg",1173,771,false],"2048x2048":["https:\/\/experienciadevida.com.ar\/portalurbano\/wp-content\/uploads\/2022\/06\/Ley-Micaela.jpg",1173,771,false],"newsever-slider-full":["https:\/\/experienciadevida.com.ar\/portalurbano\/wp-content\/uploads\/2022\/06\/Ley-Micaela.jpg",1173,771,false],"newsever-featured":["https:\/\/experienciadevida.com.ar\/portalurbano\/wp-content\/uploads\/2022\/06\/Ley-Micaela.jpg",1024,673,false],"newsever-medium":["https:\/\/experienciadevida.com.ar\/portalurbano\/wp-content\/uploads\/2022\/06\/Ley-Micaela.jpg",720,473,false],"web-stories-poster-portrait":["https:\/\/experienciadevida.com.ar\/portalurbano\/wp-content\/uploads\/2022\/06\/Ley-Micaela.jpg",640,421,false],"web-stories-publisher-logo":["https:\/\/experienciadevida.com.ar\/portalurbano\/wp-content\/uploads\/2022\/06\/Ley-Micaela.jpg",96,63,false],"web-stories-thumbnail":["https:\/\/experienciadevida.com.ar\/portalurbano\/wp-content\/uploads\/2022\/06\/Ley-Micaela.jpg",150,99,false]},"author_info":{"display_name":"admpu17wp","author_link":"https:\/\/experienciadevida.com.ar\/portalurbano\/author\/admpu17wp\/"},"category_info":"<a href=\"https:\/\/experienciadevida.com.ar\/portalurbano\/category\/ciudad\/\" rel=\"category tag\">Ciudad<\/a> <a href=\"https:\/\/experienciadevida.com.ar\/portalurbano\/category\/destacadas\/\" rel=\"category tag\">Destacadas<\/a>","tag_info":"Destacadas","comment_count":"0","amp_enabled":true,"_links":{"self":[{"href":"https:\/\/experienciadevida.com.ar\/portalurbano\/wp-json\/wp\/v2\/posts\/170044"}],"collection":[{"href":"https:\/\/experienciadevida.com.ar\/portalurbano\/wp-json\/wp\/v2\/posts"}],"about":[{"href":"https:\/\/experienciadevida.com.ar\/portalurbano\/wp-json\/wp\/v2\/types\/post"}],"author":[{"embeddable":true,"href":"https:\/\/experienciadevida.com.ar\/portalurbano\/wp-json\/wp\/v2\/users\/1"}],"replies":[{"embeddable":true,"href":"https:\/\/experienciadevida.com.ar\/portalurbano\/wp-json\/wp\/v2\/comments?post=170044"}],"version-history":[{"count":1,"href":"https:\/\/experienciadevida.com.ar\/portalurbano\/wp-json\/wp\/v2\/posts\/170044\/revisions"}],"predecessor-version":[{"id":170046,"href":"https:\/\/experienciadevida.com.ar\/portalurbano\/wp-json\/wp\/v2\/posts\/170044\/revisions\/170046"}],"wp:featuredmedia":[{"embeddable":true,"href":"https:\/\/experienciadevida.com.ar\/portalurbano\/wp-json\/wp\/v2\/media\/170045"}],"wp:attachment":[{"href":"https:\/\/experienciadevida.com.ar\/portalurbano\/wp-json\/wp\/v2\/media?parent=170044"}],"wp:term":[{"taxonomy":"category","embeddable":true,"href":"https:\/\/experienciadevida.com.ar\/portalurbano\/wp-json\/wp\/v2\/categories?post=170044"},{"taxonomy":"post_tag","embeddable":true,"href":"https:\/\/experienciadevida.com.ar\/portalurbano\/wp-json\/wp\/v2\/tags?post=170044"}],"curies":[{"name":"wp","href":"https:\/\/api.w.org\/{rel}","templated":true}]}}