{"id":170038,"date":"2022-06-22T17:29:19","date_gmt":"2022-06-22T20:29:19","guid":{"rendered":"https:\/\/experienciadevida.com.ar\/portalurbano\/?p=170038"},"modified":"2022-06-22T17:35:13","modified_gmt":"2022-06-22T20:35:13","slug":"se-instalaran-semaforos-en-el-cruce-de-vicente-lopez-y-avenida-colon","status":"publish","type":"post","link":"https:\/\/experienciadevida.com.ar\/portalurbano\/se-instalaran-semaforos-en-el-cruce-de-vicente-lopez-y-avenida-colon\/","title":{"rendered":"Se instalar\u00e1n sem\u00e1foros en el cruce de Vicente L\u00f3pez y avenida Col\u00f3n"},"content":{"rendered":"<p>Se instalar\u00e1n sem\u00e1foros en el cruce de Vicente L\u00f3pez y avenida Col\u00f3n, as\u00ed lo informaron desde la Subsecretar\u00eda de Seguridad <a href=\"https:\/\/www.facebook.com\/municipiodeolavarria\">Municipal<\/a>, a trav\u00e9s de la Direcci\u00f3n de Acci\u00f3n y Control Urbano, se informa que se iniciaron tareas para la instalaci\u00f3n y puesta en funcionamiento de sem\u00e1foros en el cruce de la avenida Col\u00f3n y Vicente L\u00f3pez. Las labores se iniciaron en los \u00faltimos d\u00edas e incluyen la demarcaci\u00f3n de sendas peatonales.<\/p>\n<p>Al respecto el responsable de tr\u00e1nsito y seguridad vial de Control Urbano, el ingeniero Agust\u00edn Falivene, expres\u00f3 que la medida responde a un estudio acerca de la siniestralidad vial, sumado a la apertura de un local de la franquicia de comidas r\u00e1pidas Mostaza sobre la mencionada intersecci\u00f3n. \u201cEl anexar un comercio de estas caracter\u00edsticas cambia la din\u00e1mica de la esquina\u201d, se\u00f1al\u00f3.<\/p>\n<p>\u201cSe hace l\u00f3gica la instalaci\u00f3n de un sem\u00e1foro en el lugar\u201d, a\u00f1adi\u00f3 y puso el \u00e9nfasis en que se va a generar un importante flujo tanto de rodados como de personas por el sector. Falivene se\u00f1al\u00f3 adem\u00e1s que la avenida Col\u00f3n posee la tasa de siniestralidad vial m\u00e1s alta, principalmente en el tramo entre avenida Pringles y Almirante Brown.<\/p>\n<p>Es por ello que el objetivo es dejar esa intersecci\u00f3n \u201clo m\u00e1s segura posible en materia de infraestructura vial\u201d. Se aclar\u00f3, a la par, que el sem\u00e1foro instalado sobre Vicente L\u00f3pez ser\u00e1 sin giro a la izquierda, para permitir la \u201conda verde\u201d en aquellos rodados que circulen por avenida Col\u00f3n.<\/p>\n<p>Inclusive, se sincronizar\u00e1 tambi\u00e9n con egreso de los rodados del mencionado local, donde tambi\u00e9n desde la Municipalidad de Olavarr\u00eda se instalar\u00e1 un sem\u00e1foro para poder garantizar una salida segura. En ese sentido, ya est\u00e1n marcha las gestiones con la franquicia para la realizaci\u00f3n de esta tarea.<\/p>\n","protected":false},"excerpt":{"rendered":"<p>Se instalar\u00e1n sem\u00e1foros en el cruce de Vicente L\u00f3pez y avenida Col\u00f3n, as\u00ed lo informaron&#8230;<\/p>\n","protected":false},"author":1,"featured_media":170039,"comment_status":"closed","ping_status":"closed","sticky":false,"template":"","format":"standard","meta":{"content-type":""},"categories":[27,64],"tags":[],"nelio_content":{"isAutoShareEnabled":false,"autoShareEndMode":"default","automationSources":{"useContentSentences":true,"useSocialTemplates":true,"useCustomSentences":false,"customSentences":[]},"followers":[1],"suggestedReferences":[],"includedReferences":[],"efiUrl":"","efiAlt":"","highlights":[]},"yoast_head":"<!-- This site is optimized with the Yoast SEO plugin v20.7 - https:\/\/yoast.com\/wordpress\/plugins\/seo\/ -->\n<title>Se instalar\u00e1n sem\u00e1foros en el cruce de Vicente L\u00f3pez y avenida Col\u00f3n<\/title>\n<meta name=\"description\" content=\"Se instalar\u00e1n sem\u00e1foros en el cruce de Vicente L\u00f3pez y avenida Col\u00f3n, as\u00ed lo informaron desde la Subsecretar\u00eda de Seguridad Municipal,\" \/>\n<meta name=\"robots\" content=\"index, follow, max-snippet:-1, max-image-preview:large, max-video-preview:-1\" \/>\n<link rel=\"canonical\" href=\"https:\/\/experienciadevida.com.ar\/portalurbano\/se-instalaran-semaforos-en-el-cruce-de-vicente-lopez-y-avenida-colon\/\" \/>\n<meta property=\"og:locale\" content=\"es_ES\" \/>\n<meta property=\"og:type\" content=\"article\" \/>\n<meta property=\"og:title\" content=\"Se instalar\u00e1n sem\u00e1foros en el cruce de Vicente L\u00f3pez y avenida Col\u00f3n\" \/>\n<meta property=\"og:description\" content=\"Se instalar\u00e1n sem\u00e1foros en el cruce de Vicente L\u00f3pez y avenida Col\u00f3n, as\u00ed lo informaron desde la Subsecretar\u00eda de Seguridad Municipal,\" \/>\n<meta property=\"og:url\" content=\"https:\/\/experienciadevida.com.ar\/portalurbano\/se-instalaran-semaforos-en-el-cruce-de-vicente-lopez-y-avenida-colon\/\" \/>\n<meta property=\"article:publisher\" content=\"https:\/\/www.facebook.com\/Portal-Urbano-171542830093757\/\" \/>\n<meta property=\"article:published_time\" content=\"2022-06-22T20:29:19+00:00\" \/>\n<meta property=\"article:modified_time\" content=\"2022-06-22T20:35:13+00:00\" \/>\n<meta property=\"og:image\" content=\"https:\/\/experienciadevida.com.ar\/portalurbano\/wp-content\/uploads\/2022\/06\/Se-instalaran-semaforos-en.jpg\" \/>\n\t<meta property=\"og:image:width\" content=\"1772\" \/>\n\t<meta property=\"og:image:height\" content=\"1181\" \/>\n\t<meta property=\"og:image:type\" content=\"image\/jpeg\" \/>\n<meta name=\"author\" content=\"admpu17wp\" \/>\n<meta name=\"twitter:card\" content=\"summary_large_image\" \/>\n<meta name=\"twitter:creator\" content=\"@portalurbanook\" \/>\n<meta name=\"twitter:site\" content=\"@portalurbanook\" \/>\n<meta name=\"twitter:label1\" content=\"Escrito por\" \/>\n\t<meta name=\"twitter:data1\" content=\"admpu17wp\" \/>\n\t<meta name=\"twitter:label2\" content=\"Tiempo de lectura\" \/>\n\t<meta name=\"twitter:data2\" content=\"2 minutos\" \/>\n<script type=\"application\/ld+json\" class=\"yoast-schema-graph\">{\"@context\":\"https:\/\/schema.org\",\"@graph\":[{\"@type\":\"Article\",\"@id\":\"https:\/\/experienciadevida.com.ar\/portalurbano\/se-instalaran-semaforos-en-el-cruce-de-vicente-lopez-y-avenida-colon\/#article\",\"isPartOf\":{\"@id\":\"https:\/\/experienciadevida.com.ar\/portalurbano\/se-instalaran-semaforos-en-el-cruce-de-vicente-lopez-y-avenida-colon\/\"},\"author\":{\"name\":\"admpu17wp\",\"@id\":\"https:\/\/experienciadevida.com.ar\/portalurbano\/#\/schema\/person\/02dd326b1c4b056e9cc972486934a3a7\"},\"headline\":\"Se instalar\u00e1n sem\u00e1foros en el cruce de Vicente L\u00f3pez y avenida Col\u00f3n\",\"datePublished\":\"2022-06-22T20:29:19+00:00\",\"dateModified\":\"2022-06-22T20:35:13+00:00\",\"mainEntityOfPage\":{\"@id\":\"https:\/\/experienciadevida.com.ar\/portalurbano\/se-instalaran-semaforos-en-el-cruce-de-vicente-lopez-y-avenida-colon\/\"},\"wordCount\":343,\"publisher\":{\"@id\":\"https:\/\/experienciadevida.com.ar\/portalurbano\/#organization\"},\"articleSection\":[\"Ciudad\",\"Destacadas 2\"],\"inLanguage\":\"es\"},{\"@type\":\"WebPage\",\"@id\":\"https:\/\/experienciadevida.com.ar\/portalurbano\/se-instalaran-semaforos-en-el-cruce-de-vicente-lopez-y-avenida-colon\/\",\"url\":\"https:\/\/experienciadevida.com.ar\/portalurbano\/se-instalaran-semaforos-en-el-cruce-de-vicente-lopez-y-avenida-colon\/\",\"name\":\"Se instalar\u00e1n sem\u00e1foros en el cruce de Vicente L\u00f3pez y avenida Col\u00f3n\",\"isPartOf\":{\"@id\":\"https:\/\/experienciadevida.com.ar\/portalurbano\/#website\"},\"datePublished\":\"2022-06-22T20:29:19+00:00\",\"dateModified\":\"2022-06-22T20:35:13+00:00\",\"description\":\"Se instalar\u00e1n sem\u00e1foros en el cruce de Vicente L\u00f3pez y avenida Col\u00f3n, as\u00ed lo informaron desde la Subsecretar\u00eda de Seguridad Municipal,\",\"breadcrumb\":{\"@id\":\"https:\/\/experienciadevida.com.ar\/portalurbano\/se-instalaran-semaforos-en-el-cruce-de-vicente-lopez-y-avenida-colon\/#breadcrumb\"},\"inLanguage\":\"es\",\"potentialAction\":[{\"@type\":\"ReadAction\",\"target\":[\"https:\/\/experienciadevida.com.ar\/portalurbano\/se-instalaran-semaforos-en-el-cruce-de-vicente-lopez-y-avenida-colon\/\"]}]},{\"@type\":\"BreadcrumbList\",\"@id\":\"https:\/\/experienciadevida.com.ar\/portalurbano\/se-instalaran-semaforos-en-el-cruce-de-vicente-lopez-y-avenida-colon\/#breadcrumb\",\"itemListElement\":[{\"@type\":\"ListItem\",\"position\":1,\"name\":\"Portada\",\"item\":\"https:\/\/experienciadevida.com.ar\/portalurbano\/\"},{\"@type\":\"ListItem\",\"position\":2,\"name\":\"Se instalar\u00e1n sem\u00e1foros en el cruce de Vicente L\u00f3pez y avenida Col\u00f3n\"}]},{\"@type\":\"WebSite\",\"@id\":\"https:\/\/experienciadevida.com.ar\/portalurbano\/#website\",\"url\":\"https:\/\/experienciadevida.com.ar\/portalurbano\/\",\"name\":\"\",\"description\":\"\",\"publisher\":{\"@id\":\"https:\/\/experienciadevida.com.ar\/portalurbano\/#organization\"},\"potentialAction\":[{\"@type\":\"SearchAction\",\"target\":{\"@type\":\"EntryPoint\",\"urlTemplate\":\"https:\/\/experienciadevida.com.ar\/portalurbano\/?s={search_term_string}\"},\"query-input\":\"required name=search_term_string\"}],\"inLanguage\":\"es\"},{\"@type\":\"Organization\",\"@id\":\"https:\/\/experienciadevida.com.ar\/portalurbano\/#organization\",\"name\":\"Portal Urbano\",\"url\":\"https:\/\/experienciadevida.com.ar\/portalurbano\/\",\"logo\":{\"@type\":\"ImageObject\",\"inLanguage\":\"es\",\"@id\":\"https:\/\/experienciadevida.com.ar\/portalurbano\/#\/schema\/logo\/image\/\",\"url\":\"https:\/\/experienciadevida.com.ar\/portalurbano\/wp-content\/uploads\/2019\/09\/Logo-Original.png\",\"contentUrl\":\"https:\/\/experienciadevida.com.ar\/portalurbano\/wp-content\/uploads\/2019\/09\/Logo-Original.png\",\"width\":2236,\"height\":1216,\"caption\":\"Portal Urbano\"},\"image\":{\"@id\":\"https:\/\/experienciadevida.com.ar\/portalurbano\/#\/schema\/logo\/image\/\"},\"sameAs\":[\"https:\/\/www.facebook.com\/Portal-Urbano-171542830093757\/\",\"https:\/\/twitter.com\/portalurbanook\",\"https:\/\/www.instagram.com\/_portalurbano\/\",\"https:\/\/www.youtube.com\/channel\/UCXhagIfszH8KxFiOok79zbA?view_as=subscriber\"]},{\"@type\":\"Person\",\"@id\":\"https:\/\/experienciadevida.com.ar\/portalurbano\/#\/schema\/person\/02dd326b1c4b056e9cc972486934a3a7\",\"name\":\"admpu17wp\",\"image\":{\"@type\":\"ImageObject\",\"inLanguage\":\"es\",\"@id\":\"https:\/\/experienciadevida.com.ar\/portalurbano\/#\/schema\/person\/image\/\",\"url\":\"https:\/\/secure.gravatar.com\/avatar\/830d4c57adaae6630765e449a6908047?s=96&d=mm&r=g\",\"contentUrl\":\"https:\/\/secure.gravatar.com\/avatar\/830d4c57adaae6630765e449a6908047?s=96&d=mm&r=g\",\"caption\":\"admpu17wp\"}}]}<\/script>\n<!-- \/ Yoast SEO plugin. -->","yoast_head_json":{"title":"Se instalar\u00e1n sem\u00e1foros en el cruce de Vicente L\u00f3pez y avenida Col\u00f3n","description":"Se instalar\u00e1n sem\u00e1foros en el cruce de Vicente L\u00f3pez y avenida Col\u00f3n, as\u00ed lo informaron desde la Subsecretar\u00eda de Seguridad Municipal,","robots":{"index":"index","follow":"follow","max-snippet":"max-snippet:-1","max-image-preview":"max-image-preview:large","max-video-preview":"max-video-preview:-1"},"canonical":"https:\/\/experienciadevida.com.ar\/portalurbano\/se-instalaran-semaforos-en-el-cruce-de-vicente-lopez-y-avenida-colon\/","og_locale":"es_ES","og_type":"article","og_title":"Se instalar\u00e1n sem\u00e1foros en el cruce de Vicente L\u00f3pez y avenida Col\u00f3n","og_description":"Se instalar\u00e1n sem\u00e1foros en el cruce de Vicente L\u00f3pez y avenida Col\u00f3n, as\u00ed lo informaron desde la Subsecretar\u00eda de Seguridad Municipal,","og_url":"https:\/\/experienciadevida.com.ar\/portalurbano\/se-instalaran-semaforos-en-el-cruce-de-vicente-lopez-y-avenida-colon\/","article_publisher":"https:\/\/www.facebook.com\/Portal-Urbano-171542830093757\/","article_published_time":"2022-06-22T20:29:19+00:00","article_modified_time":"2022-06-22T20:35:13+00:00","og_image":[{"width":1772,"height":1181,"url":"https:\/\/experienciadevida.com.ar\/portalurbano\/wp-content\/uploads\/2022\/06\/Se-instalaran-semaforos-en.jpg","type":"image\/jpeg"}],"author":"admpu17wp","twitter_card":"summary_large_image","twitter_creator":"@portalurbanook","twitter_site":"@portalurbanook","twitter_misc":{"Escrito por":"admpu17wp","Tiempo de lectura":"2 minutos"},"schema":{"@context":"https:\/\/schema.org","@graph":[{"@type":"Article","@id":"https:\/\/experienciadevida.com.ar\/portalurbano\/se-instalaran-semaforos-en-el-cruce-de-vicente-lopez-y-avenida-colon\/#article","isPartOf":{"@id":"https:\/\/experienciadevida.com.ar\/portalurbano\/se-instalaran-semaforos-en-el-cruce-de-vicente-lopez-y-avenida-colon\/"},"author":{"name":"admpu17wp","@id":"https:\/\/experienciadevida.com.ar\/portalurbano\/#\/schema\/person\/02dd326b1c4b056e9cc972486934a3a7"},"headline":"Se instalar\u00e1n sem\u00e1foros en el cruce de Vicente L\u00f3pez y avenida Col\u00f3n","datePublished":"2022-06-22T20:29:19+00:00","dateModified":"2022-06-22T20:35:13+00:00","mainEntityOfPage":{"@id":"https:\/\/experienciadevida.com.ar\/portalurbano\/se-instalaran-semaforos-en-el-cruce-de-vicente-lopez-y-avenida-colon\/"},"wordCount":343,"publisher":{"@id":"https:\/\/experienciadevida.com.ar\/portalurbano\/#organization"},"articleSection":["Ciudad","Destacadas 2"],"inLanguage":"es"},{"@type":"WebPage","@id":"https:\/\/experienciadevida.com.ar\/portalurbano\/se-instalaran-semaforos-en-el-cruce-de-vicente-lopez-y-avenida-colon\/","url":"https:\/\/experienciadevida.com.ar\/portalurbano\/se-instalaran-semaforos-en-el-cruce-de-vicente-lopez-y-avenida-colon\/","name":"Se instalar\u00e1n sem\u00e1foros en el cruce de Vicente L\u00f3pez y avenida Col\u00f3n","isPartOf":{"@id":"https:\/\/experienciadevida.com.ar\/portalurbano\/#website"},"datePublished":"2022-06-22T20:29:19+00:00","dateModified":"2022-06-22T20:35:13+00:00","description":"Se instalar\u00e1n sem\u00e1foros en el cruce de Vicente L\u00f3pez y avenida Col\u00f3n, as\u00ed lo informaron desde la Subsecretar\u00eda de Seguridad Municipal,","breadcrumb":{"@id":"https:\/\/experienciadevida.com.ar\/portalurbano\/se-instalaran-semaforos-en-el-cruce-de-vicente-lopez-y-avenida-colon\/#breadcrumb"},"inLanguage":"es","potentialAction":[{"@type":"ReadAction","target":["https:\/\/experienciadevida.com.ar\/portalurbano\/se-instalaran-semaforos-en-el-cruce-de-vicente-lopez-y-avenida-colon\/"]}]},{"@type":"BreadcrumbList","@id":"https:\/\/experienciadevida.com.ar\/portalurbano\/se-instalaran-semaforos-en-el-cruce-de-vicente-lopez-y-avenida-colon\/#breadcrumb","itemListElement":[{"@type":"ListItem","position":1,"name":"Portada","item":"https:\/\/experienciadevida.com.ar\/portalurbano\/"},{"@type":"ListItem","position":2,"name":"Se instalar\u00e1n sem\u00e1foros en el cruce de Vicente L\u00f3pez y avenida Col\u00f3n"}]},{"@type":"WebSite","@id":"https:\/\/experienciadevida.com.ar\/portalurbano\/#website","url":"https:\/\/experienciadevida.com.ar\/portalurbano\/","name":"","description":"","publisher":{"@id":"https:\/\/experienciadevida.com.ar\/portalurbano\/#organization"},"potentialAction":[{"@type":"SearchAction","target":{"@type":"EntryPoint","urlTemplate":"https:\/\/experienciadevida.com.ar\/portalurbano\/?s={search_term_string}"},"query-input":"required name=search_term_string"}],"inLanguage":"es"},{"@type":"Organization","@id":"https:\/\/experienciadevida.com.ar\/portalurbano\/#organization","name":"Portal Urbano","url":"https:\/\/experienciadevida.com.ar\/portalurbano\/","logo":{"@type":"ImageObject","inLanguage":"es","@id":"https:\/\/experienciadevida.com.ar\/portalurbano\/#\/schema\/logo\/image\/","url":"https:\/\/experienciadevida.com.ar\/portalurbano\/wp-content\/uploads\/2019\/09\/Logo-Original.png","contentUrl":"https:\/\/experienciadevida.com.ar\/portalurbano\/wp-content\/uploads\/2019\/09\/Logo-Original.png","width":2236,"height":1216,"caption":"Portal Urbano"},"image":{"@id":"https:\/\/experienciadevida.com.ar\/portalurbano\/#\/schema\/logo\/image\/"},"sameAs":["https:\/\/www.facebook.com\/Portal-Urbano-171542830093757\/","https:\/\/twitter.com\/portalurbanook","https:\/\/www.instagram.com\/_portalurbano\/","https:\/\/www.youtube.com\/channel\/UCXhagIfszH8KxFiOok79zbA?view_as=subscriber"]},{"@type":"Person","@id":"https:\/\/experienciadevida.com.ar\/portalurbano\/#\/schema\/person\/02dd326b1c4b056e9cc972486934a3a7","name":"admpu17wp","image":{"@type":"ImageObject","inLanguage":"es","@id":"https:\/\/experienciadevida.com.ar\/portalurbano\/#\/schema\/person\/image\/","url":"https:\/\/secure.gravatar.com\/avatar\/830d4c57adaae6630765e449a6908047?s=96&d=mm&r=g","contentUrl":"https:\/\/secure.gravatar.com\/avatar\/830d4c57adaae6630765e449a6908047?s=96&d=mm&r=g","caption":"admpu17wp"}}]}},"featured_image_urls":{"full":["https:\/\/experienciadevida.com.ar\/portalurbano\/wp-content\/uploads\/2022\/06\/Se-instalaran-semaforos-en.jpg",1772,1181,false],"thumbnail":["https:\/\/experienciadevida.com.ar\/portalurbano\/wp-content\/uploads\/2022\/06\/Se-instalaran-semaforos-en-150x150.jpg",150,150,true],"medium":["https:\/\/experienciadevida.com.ar\/portalurbano\/wp-content\/uploads\/2022\/06\/Se-instalaran-semaforos-en-300x200.jpg",300,200,true],"medium_large":["https:\/\/experienciadevida.com.ar\/portalurbano\/wp-content\/uploads\/2022\/06\/Se-instalaran-semaforos-en-768x512.jpg",640,427,true],"large":["https:\/\/experienciadevida.com.ar\/portalurbano\/wp-content\/uploads\/2022\/06\/Se-instalaran-semaforos-en-1024x682.jpg",640,426,true],"ug_big":["https:\/\/experienciadevida.com.ar\/portalurbano\/wp-content\/uploads\/2022\/06\/Se-instalaran-semaforos-en-768x512.jpg",768,512,true],"1536x1536":["https:\/\/experienciadevida.com.ar\/portalurbano\/wp-content\/uploads\/2022\/06\/Se-instalaran-semaforos-en-1536x1024.jpg",1536,1024,true],"2048x2048":["https:\/\/experienciadevida.com.ar\/portalurbano\/wp-content\/uploads\/2022\/06\/Se-instalaran-semaforos-en.jpg",1772,1181,false],"newsever-slider-full":["https:\/\/experienciadevida.com.ar\/portalurbano\/wp-content\/uploads\/2022\/06\/Se-instalaran-semaforos-en.jpg",1268,845,false],"newsever-featured":["https:\/\/experienciadevida.com.ar\/portalurbano\/wp-content\/uploads\/2022\/06\/Se-instalaran-semaforos-en.jpg",1024,682,false],"newsever-medium":["https:\/\/experienciadevida.com.ar\/portalurbano\/wp-content\/uploads\/2022\/06\/Se-instalaran-semaforos-en.jpg",713,475,false],"web-stories-poster-portrait":["https:\/\/experienciadevida.com.ar\/portalurbano\/wp-content\/uploads\/2022\/06\/Se-instalaran-semaforos-en.jpg",640,427,false],"web-stories-publisher-logo":["https:\/\/experienciadevida.com.ar\/portalurbano\/wp-content\/uploads\/2022\/06\/Se-instalaran-semaforos-en.jpg",96,64,false],"web-stories-thumbnail":["https:\/\/experienciadevida.com.ar\/portalurbano\/wp-content\/uploads\/2022\/06\/Se-instalaran-semaforos-en.jpg",150,100,false]},"author_info":{"display_name":"admpu17wp","author_link":"https:\/\/experienciadevida.com.ar\/portalurbano\/author\/admpu17wp\/"},"category_info":"<a href=\"https:\/\/experienciadevida.com.ar\/portalurbano\/category\/ciudad\/\" rel=\"category tag\">Ciudad<\/a> <a href=\"https:\/\/experienciadevida.com.ar\/portalurbano\/category\/destacadas-2\/\" rel=\"category tag\">Destacadas 2<\/a>","tag_info":"Destacadas 2","comment_count":"0","amp_enabled":true,"_links":{"self":[{"href":"https:\/\/experienciadevida.com.ar\/portalurbano\/wp-json\/wp\/v2\/posts\/170038"}],"collection":[{"href":"https:\/\/experienciadevida.com.ar\/portalurbano\/wp-json\/wp\/v2\/posts"}],"about":[{"href":"https:\/\/experienciadevida.com.ar\/portalurbano\/wp-json\/wp\/v2\/types\/post"}],"author":[{"embeddable":true,"href":"https:\/\/experienciadevida.com.ar\/portalurbano\/wp-json\/wp\/v2\/users\/1"}],"replies":[{"embeddable":true,"href":"https:\/\/experienciadevida.com.ar\/portalurbano\/wp-json\/wp\/v2\/comments?post=170038"}],"version-history":[{"count":3,"href":"https:\/\/experienciadevida.com.ar\/portalurbano\/wp-json\/wp\/v2\/posts\/170038\/revisions"}],"predecessor-version":[{"id":170043,"href":"https:\/\/experienciadevida.com.ar\/portalurbano\/wp-json\/wp\/v2\/posts\/170038\/revisions\/170043"}],"wp:featuredmedia":[{"embeddable":true,"href":"https:\/\/experienciadevida.com.ar\/portalurbano\/wp-json\/wp\/v2\/media\/170039"}],"wp:attachment":[{"href":"https:\/\/experienciadevida.com.ar\/portalurbano\/wp-json\/wp\/v2\/media?parent=170038"}],"wp:term":[{"taxonomy":"category","embeddable":true,"href":"https:\/\/experienciadevida.com.ar\/portalurbano\/wp-json\/wp\/v2\/categories?post=170038"},{"taxonomy":"post_tag","embeddable":true,"href":"https:\/\/experienciadevida.com.ar\/portalurbano\/wp-json\/wp\/v2\/tags?post=170038"}],"curies":[{"name":"wp","href":"https:\/\/api.w.org\/{rel}","templated":true}]}}