{"id":170033,"date":"2022-06-22T13:28:26","date_gmt":"2022-06-22T16:28:26","guid":{"rendered":"https:\/\/experienciadevida.com.ar\/portalurbano\/?p=170033"},"modified":"2022-06-22T17:20:07","modified_gmt":"2022-06-22T20:20:07","slug":"el-municipio-solicito-ante-el-ministerio-de-trabajo-la-conciliacion-obligatoria-con-el-stmo","status":"publish","type":"post","link":"https:\/\/experienciadevida.com.ar\/portalurbano\/el-municipio-solicito-ante-el-ministerio-de-trabajo-la-conciliacion-obligatoria-con-el-stmo\/","title":{"rendered":"El Municipio solicit\u00f3 ante el Ministerio de Trabajo la conciliaci\u00f3n obligatoria con el STMO"},"content":{"rendered":"<p>El Municipio solicit\u00f3 ante el Ministerio de Trabajo la conciliaci\u00f3n obligatoria con el STMO, el Gobierno <a href=\"https:\/\/www.facebook.com\/municipiodeolavarria\">Municipal<\/a>, a trav\u00e9s de la Subsecretar\u00eda de Legal y T\u00e9cnica, informa que en la ma\u00f1ana de este mi\u00e9rcoles present\u00f3 ante la Delegaci\u00f3n Olavarr\u00eda del Ministerio de Trabajo de la provincia de Buenos Aires una solicitud de conciliaci\u00f3n obligatoria con el Sindicato de Trabajadores Municipales Olavarr\u00eda (STMO) por incumplimiento al art\u00edculo 24 de la Ley 25.877.<\/p>\n<p>En este sentido, se indic\u00f3 que el mencionado art\u00edculo determina a los Hospitales como servicios esenciales para acotar el accionar de medidas gremiales o sindicales.<\/p>\n<p>Se realiz\u00f3 un informe pormenorizado de cada uno de los servicios afectados por el desmedido accionar del Sindicato de Trabajadores Municipales de Olavarr\u00eda, poniendo en riesgo la salud y el bienestar de la comunidad toda sin permitir que se brinden un adecuado servicio de salud.<\/p>\n<p>Asimismo, el Gobierno Municipal inform\u00f3 que desde los primeros d\u00edas del mes de junio se ha suspendido la atenci\u00f3n en el sector de turnos del Hospital Municipal \u201cH\u00e9ctor Cura\u201d; en el sector lavadero y limpieza s\u00f3lo se provee la ropa de cama para aquellos pacientes que ingresen por una urgencia, neg\u00e1ndose el servicio de recambio de sabanas para los internados que deben traer su propia ropa de cama.<\/p>\n<p>Respecto del \u00e1rea de limpieza se est\u00e1 cubriendo el servicio m\u00ednimo para cumplir con las normas de bioseguridad e higiene, dej\u00e1ndose sin limpieza a los sectores comunes, pasillos y aquellos transitados por el p\u00fablico en general, con el agravante de que no se est\u00e1 cumpliendo con el servicio en el \u00e1rea de hemoterapia.<\/p>\n<p>El desarrollo normal del \u00e1rea de atenci\u00f3n primaria tambi\u00e9n se ha visto afectado puesto que se ha interrumpido la atenci\u00f3n de consultas para evaluaci\u00f3n y\/o control, permiti\u00e9ndose s\u00f3lo la atenci\u00f3n de urgencias y consultas por anticoncepci\u00f3n.<\/p>\n<p>El Ministerio de Trabajo fij\u00f3 una audiencia entre las partes para este mi\u00e9rcoles 22 de junio a las 17 horas en la sede del organismo provincial, ubicado en la calle Coronel Su\u00e1rez N\u00ba 3064.<\/p>\n","protected":false},"excerpt":{"rendered":"<p>El Municipio solicit\u00f3 ante el Ministerio de Trabajo la conciliaci\u00f3n obligatoria con el STMO, el&#8230;<\/p>\n","protected":false},"author":1,"featured_media":71980,"comment_status":"closed","ping_status":"closed","sticky":false,"template":"","format":"standard","meta":{"content-type":""},"categories":[27,64],"tags":[],"nelio_content":{"isAutoShareEnabled":false,"autoShareEndMode":"default","automationSources":{"useContentSentences":true,"useSocialTemplates":true,"useCustomSentences":false,"customSentences":[]},"followers":[1],"suggestedReferences":[],"includedReferences":[],"efiUrl":"","efiAlt":"","highlights":[]},"yoast_head":"<!-- This site is optimized with the Yoast SEO plugin v20.7 - https:\/\/yoast.com\/wordpress\/plugins\/seo\/ -->\n<title>El Municipio solicit\u00f3 ante el Ministerio de Trabajo la conciliaci\u00f3n<\/title>\n<meta name=\"description\" content=\"El Municipio solicit\u00f3 ante el Ministerio de Trabajo la conciliaci\u00f3n obligatoria con el STMO, present\u00f3 en Delegaci\u00f3n del Ministerio de Trabajo\" \/>\n<meta name=\"robots\" content=\"index, follow, max-snippet:-1, max-image-preview:large, max-video-preview:-1\" \/>\n<link rel=\"canonical\" href=\"https:\/\/experienciadevida.com.ar\/portalurbano\/el-municipio-solicito-ante-el-ministerio-de-trabajo-la-conciliacion-obligatoria-con-el-stmo\/\" \/>\n<meta property=\"og:locale\" content=\"es_ES\" \/>\n<meta property=\"og:type\" content=\"article\" \/>\n<meta property=\"og:title\" content=\"El Municipio solicit\u00f3 ante el Ministerio de Trabajo la conciliaci\u00f3n\" \/>\n<meta property=\"og:description\" content=\"El Municipio solicit\u00f3 ante el Ministerio de Trabajo la conciliaci\u00f3n obligatoria con el STMO, present\u00f3 en Delegaci\u00f3n del Ministerio de Trabajo\" \/>\n<meta property=\"og:url\" content=\"https:\/\/experienciadevida.com.ar\/portalurbano\/el-municipio-solicito-ante-el-ministerio-de-trabajo-la-conciliacion-obligatoria-con-el-stmo\/\" \/>\n<meta property=\"article:publisher\" content=\"https:\/\/www.facebook.com\/Portal-Urbano-171542830093757\/\" \/>\n<meta property=\"article:published_time\" content=\"2022-06-22T16:28:26+00:00\" \/>\n<meta property=\"article:modified_time\" content=\"2022-06-22T20:20:07+00:00\" \/>\n<meta property=\"og:image\" content=\"https:\/\/experienciadevida.com.ar\/portalurbano\/wp-content\/uploads\/2019\/06\/municipio-e1564323007515.jpg\" \/>\n\t<meta property=\"og:image:width\" content=\"750\" \/>\n\t<meta property=\"og:image:height\" content=\"500\" \/>\n\t<meta property=\"og:image:type\" content=\"image\/jpeg\" \/>\n<meta name=\"author\" content=\"admpu17wp\" \/>\n<meta name=\"twitter:card\" content=\"summary_large_image\" \/>\n<meta name=\"twitter:creator\" content=\"@portalurbanook\" \/>\n<meta name=\"twitter:site\" content=\"@portalurbanook\" \/>\n<meta name=\"twitter:label1\" content=\"Escrito por\" \/>\n\t<meta name=\"twitter:data1\" content=\"admpu17wp\" \/>\n\t<meta name=\"twitter:label2\" content=\"Tiempo de lectura\" \/>\n\t<meta name=\"twitter:data2\" content=\"2 minutos\" \/>\n<script type=\"application\/ld+json\" class=\"yoast-schema-graph\">{\"@context\":\"https:\/\/schema.org\",\"@graph\":[{\"@type\":\"Article\",\"@id\":\"https:\/\/experienciadevida.com.ar\/portalurbano\/el-municipio-solicito-ante-el-ministerio-de-trabajo-la-conciliacion-obligatoria-con-el-stmo\/#article\",\"isPartOf\":{\"@id\":\"https:\/\/experienciadevida.com.ar\/portalurbano\/el-municipio-solicito-ante-el-ministerio-de-trabajo-la-conciliacion-obligatoria-con-el-stmo\/\"},\"author\":{\"name\":\"admpu17wp\",\"@id\":\"https:\/\/experienciadevida.com.ar\/portalurbano\/#\/schema\/person\/02dd326b1c4b056e9cc972486934a3a7\"},\"headline\":\"El Municipio solicit\u00f3 ante el Ministerio de Trabajo la conciliaci\u00f3n obligatoria con el STMO\",\"datePublished\":\"2022-06-22T16:28:26+00:00\",\"dateModified\":\"2022-06-22T20:20:07+00:00\",\"mainEntityOfPage\":{\"@id\":\"https:\/\/experienciadevida.com.ar\/portalurbano\/el-municipio-solicito-ante-el-ministerio-de-trabajo-la-conciliacion-obligatoria-con-el-stmo\/\"},\"wordCount\":374,\"publisher\":{\"@id\":\"https:\/\/experienciadevida.com.ar\/portalurbano\/#organization\"},\"articleSection\":[\"Ciudad\",\"Destacadas 2\"],\"inLanguage\":\"es\"},{\"@type\":\"WebPage\",\"@id\":\"https:\/\/experienciadevida.com.ar\/portalurbano\/el-municipio-solicito-ante-el-ministerio-de-trabajo-la-conciliacion-obligatoria-con-el-stmo\/\",\"url\":\"https:\/\/experienciadevida.com.ar\/portalurbano\/el-municipio-solicito-ante-el-ministerio-de-trabajo-la-conciliacion-obligatoria-con-el-stmo\/\",\"name\":\"El Municipio solicit\u00f3 ante el Ministerio de Trabajo la conciliaci\u00f3n\",\"isPartOf\":{\"@id\":\"https:\/\/experienciadevida.com.ar\/portalurbano\/#website\"},\"datePublished\":\"2022-06-22T16:28:26+00:00\",\"dateModified\":\"2022-06-22T20:20:07+00:00\",\"description\":\"El Municipio solicit\u00f3 ante el Ministerio de Trabajo la conciliaci\u00f3n obligatoria con el STMO, present\u00f3 en Delegaci\u00f3n del Ministerio de Trabajo\",\"breadcrumb\":{\"@id\":\"https:\/\/experienciadevida.com.ar\/portalurbano\/el-municipio-solicito-ante-el-ministerio-de-trabajo-la-conciliacion-obligatoria-con-el-stmo\/#breadcrumb\"},\"inLanguage\":\"es\",\"potentialAction\":[{\"@type\":\"ReadAction\",\"target\":[\"https:\/\/experienciadevida.com.ar\/portalurbano\/el-municipio-solicito-ante-el-ministerio-de-trabajo-la-conciliacion-obligatoria-con-el-stmo\/\"]}]},{\"@type\":\"BreadcrumbList\",\"@id\":\"https:\/\/experienciadevida.com.ar\/portalurbano\/el-municipio-solicito-ante-el-ministerio-de-trabajo-la-conciliacion-obligatoria-con-el-stmo\/#breadcrumb\",\"itemListElement\":[{\"@type\":\"ListItem\",\"position\":1,\"name\":\"Portada\",\"item\":\"https:\/\/experienciadevida.com.ar\/portalurbano\/\"},{\"@type\":\"ListItem\",\"position\":2,\"name\":\"El Municipio solicit\u00f3 ante el Ministerio de Trabajo la conciliaci\u00f3n obligatoria con el STMO\"}]},{\"@type\":\"WebSite\",\"@id\":\"https:\/\/experienciadevida.com.ar\/portalurbano\/#website\",\"url\":\"https:\/\/experienciadevida.com.ar\/portalurbano\/\",\"name\":\"\",\"description\":\"\",\"publisher\":{\"@id\":\"https:\/\/experienciadevida.com.ar\/portalurbano\/#organization\"},\"potentialAction\":[{\"@type\":\"SearchAction\",\"target\":{\"@type\":\"EntryPoint\",\"urlTemplate\":\"https:\/\/experienciadevida.com.ar\/portalurbano\/?s={search_term_string}\"},\"query-input\":\"required name=search_term_string\"}],\"inLanguage\":\"es\"},{\"@type\":\"Organization\",\"@id\":\"https:\/\/experienciadevida.com.ar\/portalurbano\/#organization\",\"name\":\"Portal Urbano\",\"url\":\"https:\/\/experienciadevida.com.ar\/portalurbano\/\",\"logo\":{\"@type\":\"ImageObject\",\"inLanguage\":\"es\",\"@id\":\"https:\/\/experienciadevida.com.ar\/portalurbano\/#\/schema\/logo\/image\/\",\"url\":\"https:\/\/experienciadevida.com.ar\/portalurbano\/wp-content\/uploads\/2019\/09\/Logo-Original.png\",\"contentUrl\":\"https:\/\/experienciadevida.com.ar\/portalurbano\/wp-content\/uploads\/2019\/09\/Logo-Original.png\",\"width\":2236,\"height\":1216,\"caption\":\"Portal Urbano\"},\"image\":{\"@id\":\"https:\/\/experienciadevida.com.ar\/portalurbano\/#\/schema\/logo\/image\/\"},\"sameAs\":[\"https:\/\/www.facebook.com\/Portal-Urbano-171542830093757\/\",\"https:\/\/twitter.com\/portalurbanook\",\"https:\/\/www.instagram.com\/_portalurbano\/\",\"https:\/\/www.youtube.com\/channel\/UCXhagIfszH8KxFiOok79zbA?view_as=subscriber\"]},{\"@type\":\"Person\",\"@id\":\"https:\/\/experienciadevida.com.ar\/portalurbano\/#\/schema\/person\/02dd326b1c4b056e9cc972486934a3a7\",\"name\":\"admpu17wp\",\"image\":{\"@type\":\"ImageObject\",\"inLanguage\":\"es\",\"@id\":\"https:\/\/experienciadevida.com.ar\/portalurbano\/#\/schema\/person\/image\/\",\"url\":\"https:\/\/secure.gravatar.com\/avatar\/830d4c57adaae6630765e449a6908047?s=96&d=mm&r=g\",\"contentUrl\":\"https:\/\/secure.gravatar.com\/avatar\/830d4c57adaae6630765e449a6908047?s=96&d=mm&r=g\",\"caption\":\"admpu17wp\"}}]}<\/script>\n<!-- \/ Yoast SEO plugin. -->","yoast_head_json":{"title":"El Municipio solicit\u00f3 ante el Ministerio de Trabajo la conciliaci\u00f3n","description":"El Municipio solicit\u00f3 ante el Ministerio de Trabajo la conciliaci\u00f3n obligatoria con el STMO, present\u00f3 en Delegaci\u00f3n del Ministerio de Trabajo","robots":{"index":"index","follow":"follow","max-snippet":"max-snippet:-1","max-image-preview":"max-image-preview:large","max-video-preview":"max-video-preview:-1"},"canonical":"https:\/\/experienciadevida.com.ar\/portalurbano\/el-municipio-solicito-ante-el-ministerio-de-trabajo-la-conciliacion-obligatoria-con-el-stmo\/","og_locale":"es_ES","og_type":"article","og_title":"El Municipio solicit\u00f3 ante el Ministerio de Trabajo la conciliaci\u00f3n","og_description":"El Municipio solicit\u00f3 ante el Ministerio de Trabajo la conciliaci\u00f3n obligatoria con el STMO, present\u00f3 en Delegaci\u00f3n del Ministerio de Trabajo","og_url":"https:\/\/experienciadevida.com.ar\/portalurbano\/el-municipio-solicito-ante-el-ministerio-de-trabajo-la-conciliacion-obligatoria-con-el-stmo\/","article_publisher":"https:\/\/www.facebook.com\/Portal-Urbano-171542830093757\/","article_published_time":"2022-06-22T16:28:26+00:00","article_modified_time":"2022-06-22T20:20:07+00:00","og_image":[{"width":750,"height":500,"url":"https:\/\/experienciadevida.com.ar\/portalurbano\/wp-content\/uploads\/2019\/06\/municipio-e1564323007515.jpg","type":"image\/jpeg"}],"author":"admpu17wp","twitter_card":"summary_large_image","twitter_creator":"@portalurbanook","twitter_site":"@portalurbanook","twitter_misc":{"Escrito por":"admpu17wp","Tiempo de lectura":"2 minutos"},"schema":{"@context":"https:\/\/schema.org","@graph":[{"@type":"Article","@id":"https:\/\/experienciadevida.com.ar\/portalurbano\/el-municipio-solicito-ante-el-ministerio-de-trabajo-la-conciliacion-obligatoria-con-el-stmo\/#article","isPartOf":{"@id":"https:\/\/experienciadevida.com.ar\/portalurbano\/el-municipio-solicito-ante-el-ministerio-de-trabajo-la-conciliacion-obligatoria-con-el-stmo\/"},"author":{"name":"admpu17wp","@id":"https:\/\/experienciadevida.com.ar\/portalurbano\/#\/schema\/person\/02dd326b1c4b056e9cc972486934a3a7"},"headline":"El Municipio solicit\u00f3 ante el Ministerio de Trabajo la conciliaci\u00f3n obligatoria con el STMO","datePublished":"2022-06-22T16:28:26+00:00","dateModified":"2022-06-22T20:20:07+00:00","mainEntityOfPage":{"@id":"https:\/\/experienciadevida.com.ar\/portalurbano\/el-municipio-solicito-ante-el-ministerio-de-trabajo-la-conciliacion-obligatoria-con-el-stmo\/"},"wordCount":374,"publisher":{"@id":"https:\/\/experienciadevida.com.ar\/portalurbano\/#organization"},"articleSection":["Ciudad","Destacadas 2"],"inLanguage":"es"},{"@type":"WebPage","@id":"https:\/\/experienciadevida.com.ar\/portalurbano\/el-municipio-solicito-ante-el-ministerio-de-trabajo-la-conciliacion-obligatoria-con-el-stmo\/","url":"https:\/\/experienciadevida.com.ar\/portalurbano\/el-municipio-solicito-ante-el-ministerio-de-trabajo-la-conciliacion-obligatoria-con-el-stmo\/","name":"El Municipio solicit\u00f3 ante el Ministerio de Trabajo la conciliaci\u00f3n","isPartOf":{"@id":"https:\/\/experienciadevida.com.ar\/portalurbano\/#website"},"datePublished":"2022-06-22T16:28:26+00:00","dateModified":"2022-06-22T20:20:07+00:00","description":"El Municipio solicit\u00f3 ante el Ministerio de Trabajo la conciliaci\u00f3n obligatoria con el STMO, present\u00f3 en Delegaci\u00f3n del Ministerio de Trabajo","breadcrumb":{"@id":"https:\/\/experienciadevida.com.ar\/portalurbano\/el-municipio-solicito-ante-el-ministerio-de-trabajo-la-conciliacion-obligatoria-con-el-stmo\/#breadcrumb"},"inLanguage":"es","potentialAction":[{"@type":"ReadAction","target":["https:\/\/experienciadevida.com.ar\/portalurbano\/el-municipio-solicito-ante-el-ministerio-de-trabajo-la-conciliacion-obligatoria-con-el-stmo\/"]}]},{"@type":"BreadcrumbList","@id":"https:\/\/experienciadevida.com.ar\/portalurbano\/el-municipio-solicito-ante-el-ministerio-de-trabajo-la-conciliacion-obligatoria-con-el-stmo\/#breadcrumb","itemListElement":[{"@type":"ListItem","position":1,"name":"Portada","item":"https:\/\/experienciadevida.com.ar\/portalurbano\/"},{"@type":"ListItem","position":2,"name":"El Municipio solicit\u00f3 ante el Ministerio de Trabajo la conciliaci\u00f3n obligatoria con el STMO"}]},{"@type":"WebSite","@id":"https:\/\/experienciadevida.com.ar\/portalurbano\/#website","url":"https:\/\/experienciadevida.com.ar\/portalurbano\/","name":"","description":"","publisher":{"@id":"https:\/\/experienciadevida.com.ar\/portalurbano\/#organization"},"potentialAction":[{"@type":"SearchAction","target":{"@type":"EntryPoint","urlTemplate":"https:\/\/experienciadevida.com.ar\/portalurbano\/?s={search_term_string}"},"query-input":"required name=search_term_string"}],"inLanguage":"es"},{"@type":"Organization","@id":"https:\/\/experienciadevida.com.ar\/portalurbano\/#organization","name":"Portal Urbano","url":"https:\/\/experienciadevida.com.ar\/portalurbano\/","logo":{"@type":"ImageObject","inLanguage":"es","@id":"https:\/\/experienciadevida.com.ar\/portalurbano\/#\/schema\/logo\/image\/","url":"https:\/\/experienciadevida.com.ar\/portalurbano\/wp-content\/uploads\/2019\/09\/Logo-Original.png","contentUrl":"https:\/\/experienciadevida.com.ar\/portalurbano\/wp-content\/uploads\/2019\/09\/Logo-Original.png","width":2236,"height":1216,"caption":"Portal Urbano"},"image":{"@id":"https:\/\/experienciadevida.com.ar\/portalurbano\/#\/schema\/logo\/image\/"},"sameAs":["https:\/\/www.facebook.com\/Portal-Urbano-171542830093757\/","https:\/\/twitter.com\/portalurbanook","https:\/\/www.instagram.com\/_portalurbano\/","https:\/\/www.youtube.com\/channel\/UCXhagIfszH8KxFiOok79zbA?view_as=subscriber"]},{"@type":"Person","@id":"https:\/\/experienciadevida.com.ar\/portalurbano\/#\/schema\/person\/02dd326b1c4b056e9cc972486934a3a7","name":"admpu17wp","image":{"@type":"ImageObject","inLanguage":"es","@id":"https:\/\/experienciadevida.com.ar\/portalurbano\/#\/schema\/person\/image\/","url":"https:\/\/secure.gravatar.com\/avatar\/830d4c57adaae6630765e449a6908047?s=96&d=mm&r=g","contentUrl":"https:\/\/secure.gravatar.com\/avatar\/830d4c57adaae6630765e449a6908047?s=96&d=mm&r=g","caption":"admpu17wp"}}]}},"featured_image_urls":{"full":["https:\/\/experienciadevida.com.ar\/portalurbano\/wp-content\/uploads\/2019\/06\/municipio-e1564323007515.jpg",750,500,false],"thumbnail":["https:\/\/experienciadevida.com.ar\/portalurbano\/wp-content\/uploads\/2019\/06\/municipio-150x150.jpg",150,150,true],"medium":["https:\/\/experienciadevida.com.ar\/portalurbano\/wp-content\/uploads\/2019\/06\/municipio-300x200.jpg",300,200,true],"medium_large":["https:\/\/experienciadevida.com.ar\/portalurbano\/wp-content\/uploads\/2019\/06\/municipio-768x512.jpg",640,427,true],"large":["https:\/\/experienciadevida.com.ar\/portalurbano\/wp-content\/uploads\/2019\/06\/municipio-1024x682.jpg",640,426,true],"ug_big":["https:\/\/experienciadevida.com.ar\/portalurbano\/wp-content\/uploads\/2019\/06\/municipio-768x512.jpg",768,512,true],"1536x1536":["https:\/\/experienciadevida.com.ar\/portalurbano\/wp-content\/uploads\/2019\/06\/municipio-e1564323007515.jpg",750,500,false],"2048x2048":["https:\/\/experienciadevida.com.ar\/portalurbano\/wp-content\/uploads\/2019\/06\/municipio-e1564323007515.jpg",750,500,false],"newsever-slider-full":["https:\/\/experienciadevida.com.ar\/portalurbano\/wp-content\/uploads\/2019\/06\/municipio-e1564323007515.jpg",750,500,false],"newsever-featured":["https:\/\/experienciadevida.com.ar\/portalurbano\/wp-content\/uploads\/2019\/06\/municipio-e1564323007515.jpg",750,500,false],"newsever-medium":["https:\/\/experienciadevida.com.ar\/portalurbano\/wp-content\/uploads\/2019\/06\/municipio-e1564323007515.jpg",713,475,false],"web-stories-poster-portrait":["https:\/\/experienciadevida.com.ar\/portalurbano\/wp-content\/uploads\/2019\/06\/municipio-e1564323007515.jpg",640,427,false],"web-stories-publisher-logo":["https:\/\/experienciadevida.com.ar\/portalurbano\/wp-content\/uploads\/2019\/06\/municipio-e1564323007515.jpg",96,64,false],"web-stories-thumbnail":["https:\/\/experienciadevida.com.ar\/portalurbano\/wp-content\/uploads\/2019\/06\/municipio-e1564323007515.jpg",150,100,false]},"author_info":{"display_name":"admpu17wp","author_link":"https:\/\/experienciadevida.com.ar\/portalurbano\/author\/admpu17wp\/"},"category_info":"<a href=\"https:\/\/experienciadevida.com.ar\/portalurbano\/category\/ciudad\/\" rel=\"category tag\">Ciudad<\/a> <a href=\"https:\/\/experienciadevida.com.ar\/portalurbano\/category\/destacadas-2\/\" rel=\"category tag\">Destacadas 2<\/a>","tag_info":"Destacadas 2","comment_count":"0","amp_enabled":true,"_links":{"self":[{"href":"https:\/\/experienciadevida.com.ar\/portalurbano\/wp-json\/wp\/v2\/posts\/170033"}],"collection":[{"href":"https:\/\/experienciadevida.com.ar\/portalurbano\/wp-json\/wp\/v2\/posts"}],"about":[{"href":"https:\/\/experienciadevida.com.ar\/portalurbano\/wp-json\/wp\/v2\/types\/post"}],"author":[{"embeddable":true,"href":"https:\/\/experienciadevida.com.ar\/portalurbano\/wp-json\/wp\/v2\/users\/1"}],"replies":[{"embeddable":true,"href":"https:\/\/experienciadevida.com.ar\/portalurbano\/wp-json\/wp\/v2\/comments?post=170033"}],"version-history":[{"count":3,"href":"https:\/\/experienciadevida.com.ar\/portalurbano\/wp-json\/wp\/v2\/posts\/170033\/revisions"}],"predecessor-version":[{"id":170036,"href":"https:\/\/experienciadevida.com.ar\/portalurbano\/wp-json\/wp\/v2\/posts\/170033\/revisions\/170036"}],"wp:featuredmedia":[{"embeddable":true,"href":"https:\/\/experienciadevida.com.ar\/portalurbano\/wp-json\/wp\/v2\/media\/71980"}],"wp:attachment":[{"href":"https:\/\/experienciadevida.com.ar\/portalurbano\/wp-json\/wp\/v2\/media?parent=170033"}],"wp:term":[{"taxonomy":"category","embeddable":true,"href":"https:\/\/experienciadevida.com.ar\/portalurbano\/wp-json\/wp\/v2\/categories?post=170033"},{"taxonomy":"post_tag","embeddable":true,"href":"https:\/\/experienciadevida.com.ar\/portalurbano\/wp-json\/wp\/v2\/tags?post=170033"}],"curies":[{"name":"wp","href":"https:\/\/api.w.org\/{rel}","templated":true}]}}