{"id":170018,"date":"2022-06-22T11:38:17","date_gmt":"2022-06-22T14:38:17","guid":{"rendered":"https:\/\/experienciadevida.com.ar\/portalurbano\/?p=170018"},"modified":"2022-06-22T11:40:25","modified_gmt":"2022-06-22T14:40:25","slug":"sindicato-de-trabajadores-municipales-no-estamos-de-paro","status":"publish","type":"post","link":"https:\/\/experienciadevida.com.ar\/portalurbano\/sindicato-de-trabajadores-municipales-no-estamos-de-paro\/","title":{"rendered":"Sindicato de trabajadores Municipales: &#8220;No estamos de paro&#8221;"},"content":{"rendered":"<p><a href=\"https:\/\/www.facebook.com\/stmolavarria\">Sindicato de trabajadores Municipales<\/a>: &#8220;No estamos de paro&#8221;, as\u00ed lo emitieron en un comunicado en el d\u00eda de ayer a trav\u00e9s de las redes sociales.<\/p>\n<p>El comunicado comienza desmintiendo &#8220;es falso que pedimos el 70% del presupuesto, solicitamos el 59,6% de los ingresos corrientes (que se encuentra entre las participaciones m\u00e1s bajas del Municipio de Buenos Aires), por otro lado, el presupuesto ajustado por inflaci\u00f3n terminar\u00e1 alcanzando la cifra de 11.650 millones como m\u00ednimo esto implica que sin esfuerzo extra el ejecutivo puede afrontar el aumento solicitado por el STMO (sin poner en riesgo ninguna partida presupuestaria)&#8221;.<\/p>\n<p>&#8220;El aumento del 100% de las guardias de reemplazo afecta s\u00f3lo al 1,8% de los trabajadores municipales (50 m\u00e9dicos de los 300 que son en total), existen compa\u00f1eros que cobran entre 35 y 42 mil pesos de bolsillo, lo cual significa que un hogar se encuentra no s\u00f3lo bajo la l\u00ednea de pobreza, sino bajo la l\u00ednea de indigencia. Desde el 2018, los trabajadores venimos perdiendo frente a la inflaci\u00f3n, en especial frente a la inflaci\u00f3n de los trabajadores (alimentaci\u00f3n, vivienda, vestimenta) la cual ha sido mucho mayor que la inflaci\u00f3n a nivel general&#8221;.<\/p>\n<p>A su vez mencionaron que &#8220;no estamos de paro, nunca se dejaron de atender las urgencias y las emergencias, la medida adoptada es un estado de asamblea permanente, alerta y que guarda razonabilidad y responsabilidad para con las arcas municipales&#8221;.<\/p>\n<p><strong>Los profesionales de la salud aclaran:<\/strong><\/p>\n<ul>\n<li>Respecto a las medidas adoptadas, fue el secretario de salud frente a los profesionales quien propuso suspender los turnos y las cirug\u00edas programadas.<\/li>\n<li>En Olavarr\u00eda hace 40 a\u00f1os que existe la residencia en medicina general, m\u00e9dicos hay, pero mal remunerados y con sobrecarga de trabajo, generando que emigren al privado o a otras localidades.<\/li>\n<li>A los profesionales de la salud, durante la pandemia y por razones econ\u00f3micas se le quitaron seis meses los aportes previsionales, es decir en plena pandemia m\u00e9dicos, enfermeros\u00a0 trabajaban sin obra social.<\/li>\n<li>Actualmente se trabaja en las guardias de emergencia con uno o dos m\u00e9dicos, cuando deber\u00edan existir 4.<\/li>\n<li>El escalaf\u00f3n profesional no se aplica por decisi\u00f3n unilateral del Ejecutivo, perjudicando a profesionales en medicina, contadur\u00eda, ingenier\u00eda, abogac\u00eda, veterinaria, arquitectura, bioqu\u00edmica.<\/li>\n<\/ul>\n<p>&#8220;Por estas razones y muchas m\u00e1s decimos no se cuida, no se valora al recurso humano, el Municipio es responsable de escuchar a los trabajadores y revertir esta situaci\u00f3n&#8221;.<\/p>\n","protected":false},"excerpt":{"rendered":"<p>Sindicato de trabajadores Municipales: &#8220;No estamos de paro&#8221;, as\u00ed lo emitieron en un comunicado en&#8230;<\/p>\n","protected":false},"author":1,"featured_media":169646,"comment_status":"closed","ping_status":"closed","sticky":false,"template":"","format":"standard","meta":{"content-type":""},"categories":[64,45],"tags":[],"nelio_content":{"isAutoShareEnabled":false,"autoShareEndMode":"default","automationSources":{"useContentSentences":true,"useSocialTemplates":true,"useCustomSentences":false,"customSentences":[]},"followers":[1],"suggestedReferences":[],"includedReferences":[],"efiUrl":"","efiAlt":"","highlights":[]},"yoast_head":"<!-- This site is optimized with the Yoast SEO plugin v20.7 - https:\/\/yoast.com\/wordpress\/plugins\/seo\/ -->\n<title>Sindicato de trabajadores Municipales: &quot;No estamos de paro&quot;<\/title>\n<meta name=\"description\" content=\"Sindicato de trabajadores Municipales: &quot;No estamos de paro&quot;, as\u00ed lo emitieron en un comunicado en el d\u00eda de ayer a trav\u00e9s de las redes\" \/>\n<meta name=\"robots\" content=\"index, follow, max-snippet:-1, max-image-preview:large, max-video-preview:-1\" \/>\n<link rel=\"canonical\" href=\"https:\/\/experienciadevida.com.ar\/portalurbano\/sindicato-de-trabajadores-municipales-no-estamos-de-paro\/\" \/>\n<meta property=\"og:locale\" content=\"es_ES\" \/>\n<meta property=\"og:type\" content=\"article\" \/>\n<meta property=\"og:title\" content=\"Sindicato de trabajadores Municipales: &quot;No estamos de paro&quot;\" \/>\n<meta property=\"og:description\" content=\"Sindicato de trabajadores Municipales: &quot;No estamos de paro&quot;, as\u00ed lo emitieron en un comunicado en el d\u00eda de ayer a trav\u00e9s de las redes\" \/>\n<meta property=\"og:url\" content=\"https:\/\/experienciadevida.com.ar\/portalurbano\/sindicato-de-trabajadores-municipales-no-estamos-de-paro\/\" \/>\n<meta property=\"article:publisher\" content=\"https:\/\/www.facebook.com\/Portal-Urbano-171542830093757\/\" \/>\n<meta property=\"article:published_time\" content=\"2022-06-22T14:38:17+00:00\" \/>\n<meta property=\"article:modified_time\" content=\"2022-06-22T14:40:25+00:00\" \/>\n<meta property=\"og:image\" content=\"https:\/\/experienciadevida.com.ar\/portalurbano\/wp-content\/uploads\/2022\/06\/DSC_0022.jpg\" \/>\n\t<meta property=\"og:image:width\" content=\"765\" \/>\n\t<meta property=\"og:image:height\" content=\"510\" \/>\n\t<meta property=\"og:image:type\" content=\"image\/jpeg\" \/>\n<meta name=\"author\" content=\"admpu17wp\" \/>\n<meta name=\"twitter:card\" content=\"summary_large_image\" \/>\n<meta name=\"twitter:creator\" content=\"@portalurbanook\" \/>\n<meta name=\"twitter:site\" content=\"@portalurbanook\" \/>\n<meta name=\"twitter:label1\" content=\"Escrito por\" \/>\n\t<meta name=\"twitter:data1\" content=\"admpu17wp\" \/>\n\t<meta name=\"twitter:label2\" content=\"Tiempo de lectura\" \/>\n\t<meta name=\"twitter:data2\" content=\"2 minutos\" \/>\n<script type=\"application\/ld+json\" class=\"yoast-schema-graph\">{\"@context\":\"https:\/\/schema.org\",\"@graph\":[{\"@type\":\"Article\",\"@id\":\"https:\/\/experienciadevida.com.ar\/portalurbano\/sindicato-de-trabajadores-municipales-no-estamos-de-paro\/#article\",\"isPartOf\":{\"@id\":\"https:\/\/experienciadevida.com.ar\/portalurbano\/sindicato-de-trabajadores-municipales-no-estamos-de-paro\/\"},\"author\":{\"name\":\"admpu17wp\",\"@id\":\"https:\/\/experienciadevida.com.ar\/portalurbano\/#\/schema\/person\/02dd326b1c4b056e9cc972486934a3a7\"},\"headline\":\"Sindicato de trabajadores Municipales: &#8220;No estamos de paro&#8221;\",\"datePublished\":\"2022-06-22T14:38:17+00:00\",\"dateModified\":\"2022-06-22T14:40:25+00:00\",\"mainEntityOfPage\":{\"@id\":\"https:\/\/experienciadevida.com.ar\/portalurbano\/sindicato-de-trabajadores-municipales-no-estamos-de-paro\/\"},\"wordCount\":418,\"publisher\":{\"@id\":\"https:\/\/experienciadevida.com.ar\/portalurbano\/#organization\"},\"articleSection\":[\"Destacadas 2\",\"Salud\"],\"inLanguage\":\"es\"},{\"@type\":\"WebPage\",\"@id\":\"https:\/\/experienciadevida.com.ar\/portalurbano\/sindicato-de-trabajadores-municipales-no-estamos-de-paro\/\",\"url\":\"https:\/\/experienciadevida.com.ar\/portalurbano\/sindicato-de-trabajadores-municipales-no-estamos-de-paro\/\",\"name\":\"Sindicato de trabajadores Municipales: \\\"No estamos de paro\\\"\",\"isPartOf\":{\"@id\":\"https:\/\/experienciadevida.com.ar\/portalurbano\/#website\"},\"datePublished\":\"2022-06-22T14:38:17+00:00\",\"dateModified\":\"2022-06-22T14:40:25+00:00\",\"description\":\"Sindicato de trabajadores Municipales: \\\"No estamos de paro\\\", as\u00ed lo emitieron en un comunicado en el d\u00eda de ayer a trav\u00e9s de las redes\",\"breadcrumb\":{\"@id\":\"https:\/\/experienciadevida.com.ar\/portalurbano\/sindicato-de-trabajadores-municipales-no-estamos-de-paro\/#breadcrumb\"},\"inLanguage\":\"es\",\"potentialAction\":[{\"@type\":\"ReadAction\",\"target\":[\"https:\/\/experienciadevida.com.ar\/portalurbano\/sindicato-de-trabajadores-municipales-no-estamos-de-paro\/\"]}]},{\"@type\":\"BreadcrumbList\",\"@id\":\"https:\/\/experienciadevida.com.ar\/portalurbano\/sindicato-de-trabajadores-municipales-no-estamos-de-paro\/#breadcrumb\",\"itemListElement\":[{\"@type\":\"ListItem\",\"position\":1,\"name\":\"Portada\",\"item\":\"https:\/\/experienciadevida.com.ar\/portalurbano\/\"},{\"@type\":\"ListItem\",\"position\":2,\"name\":\"Sindicato de trabajadores Municipales: \u00abNo estamos de paro\u00bb\"}]},{\"@type\":\"WebSite\",\"@id\":\"https:\/\/experienciadevida.com.ar\/portalurbano\/#website\",\"url\":\"https:\/\/experienciadevida.com.ar\/portalurbano\/\",\"name\":\"\",\"description\":\"\",\"publisher\":{\"@id\":\"https:\/\/experienciadevida.com.ar\/portalurbano\/#organization\"},\"potentialAction\":[{\"@type\":\"SearchAction\",\"target\":{\"@type\":\"EntryPoint\",\"urlTemplate\":\"https:\/\/experienciadevida.com.ar\/portalurbano\/?s={search_term_string}\"},\"query-input\":\"required name=search_term_string\"}],\"inLanguage\":\"es\"},{\"@type\":\"Organization\",\"@id\":\"https:\/\/experienciadevida.com.ar\/portalurbano\/#organization\",\"name\":\"Portal Urbano\",\"url\":\"https:\/\/experienciadevida.com.ar\/portalurbano\/\",\"logo\":{\"@type\":\"ImageObject\",\"inLanguage\":\"es\",\"@id\":\"https:\/\/experienciadevida.com.ar\/portalurbano\/#\/schema\/logo\/image\/\",\"url\":\"https:\/\/experienciadevida.com.ar\/portalurbano\/wp-content\/uploads\/2019\/09\/Logo-Original.png\",\"contentUrl\":\"https:\/\/experienciadevida.com.ar\/portalurbano\/wp-content\/uploads\/2019\/09\/Logo-Original.png\",\"width\":2236,\"height\":1216,\"caption\":\"Portal Urbano\"},\"image\":{\"@id\":\"https:\/\/experienciadevida.com.ar\/portalurbano\/#\/schema\/logo\/image\/\"},\"sameAs\":[\"https:\/\/www.facebook.com\/Portal-Urbano-171542830093757\/\",\"https:\/\/twitter.com\/portalurbanook\",\"https:\/\/www.instagram.com\/_portalurbano\/\",\"https:\/\/www.youtube.com\/channel\/UCXhagIfszH8KxFiOok79zbA?view_as=subscriber\"]},{\"@type\":\"Person\",\"@id\":\"https:\/\/experienciadevida.com.ar\/portalurbano\/#\/schema\/person\/02dd326b1c4b056e9cc972486934a3a7\",\"name\":\"admpu17wp\",\"image\":{\"@type\":\"ImageObject\",\"inLanguage\":\"es\",\"@id\":\"https:\/\/experienciadevida.com.ar\/portalurbano\/#\/schema\/person\/image\/\",\"url\":\"https:\/\/secure.gravatar.com\/avatar\/830d4c57adaae6630765e449a6908047?s=96&d=mm&r=g\",\"contentUrl\":\"https:\/\/secure.gravatar.com\/avatar\/830d4c57adaae6630765e449a6908047?s=96&d=mm&r=g\",\"caption\":\"admpu17wp\"}}]}<\/script>\n<!-- \/ Yoast SEO plugin. -->","yoast_head_json":{"title":"Sindicato de trabajadores Municipales: \"No estamos de paro\"","description":"Sindicato de trabajadores Municipales: \"No estamos de paro\", as\u00ed lo emitieron en un comunicado en el d\u00eda de ayer a trav\u00e9s de las redes","robots":{"index":"index","follow":"follow","max-snippet":"max-snippet:-1","max-image-preview":"max-image-preview:large","max-video-preview":"max-video-preview:-1"},"canonical":"https:\/\/experienciadevida.com.ar\/portalurbano\/sindicato-de-trabajadores-municipales-no-estamos-de-paro\/","og_locale":"es_ES","og_type":"article","og_title":"Sindicato de trabajadores Municipales: \"No estamos de paro\"","og_description":"Sindicato de trabajadores Municipales: \"No estamos de paro\", as\u00ed lo emitieron en un comunicado en el d\u00eda de ayer a trav\u00e9s de las redes","og_url":"https:\/\/experienciadevida.com.ar\/portalurbano\/sindicato-de-trabajadores-municipales-no-estamos-de-paro\/","article_publisher":"https:\/\/www.facebook.com\/Portal-Urbano-171542830093757\/","article_published_time":"2022-06-22T14:38:17+00:00","article_modified_time":"2022-06-22T14:40:25+00:00","og_image":[{"width":765,"height":510,"url":"https:\/\/experienciadevida.com.ar\/portalurbano\/wp-content\/uploads\/2022\/06\/DSC_0022.jpg","type":"image\/jpeg"}],"author":"admpu17wp","twitter_card":"summary_large_image","twitter_creator":"@portalurbanook","twitter_site":"@portalurbanook","twitter_misc":{"Escrito por":"admpu17wp","Tiempo de lectura":"2 minutos"},"schema":{"@context":"https:\/\/schema.org","@graph":[{"@type":"Article","@id":"https:\/\/experienciadevida.com.ar\/portalurbano\/sindicato-de-trabajadores-municipales-no-estamos-de-paro\/#article","isPartOf":{"@id":"https:\/\/experienciadevida.com.ar\/portalurbano\/sindicato-de-trabajadores-municipales-no-estamos-de-paro\/"},"author":{"name":"admpu17wp","@id":"https:\/\/experienciadevida.com.ar\/portalurbano\/#\/schema\/person\/02dd326b1c4b056e9cc972486934a3a7"},"headline":"Sindicato de trabajadores Municipales: &#8220;No estamos de paro&#8221;","datePublished":"2022-06-22T14:38:17+00:00","dateModified":"2022-06-22T14:40:25+00:00","mainEntityOfPage":{"@id":"https:\/\/experienciadevida.com.ar\/portalurbano\/sindicato-de-trabajadores-municipales-no-estamos-de-paro\/"},"wordCount":418,"publisher":{"@id":"https:\/\/experienciadevida.com.ar\/portalurbano\/#organization"},"articleSection":["Destacadas 2","Salud"],"inLanguage":"es"},{"@type":"WebPage","@id":"https:\/\/experienciadevida.com.ar\/portalurbano\/sindicato-de-trabajadores-municipales-no-estamos-de-paro\/","url":"https:\/\/experienciadevida.com.ar\/portalurbano\/sindicato-de-trabajadores-municipales-no-estamos-de-paro\/","name":"Sindicato de trabajadores Municipales: \"No estamos de paro\"","isPartOf":{"@id":"https:\/\/experienciadevida.com.ar\/portalurbano\/#website"},"datePublished":"2022-06-22T14:38:17+00:00","dateModified":"2022-06-22T14:40:25+00:00","description":"Sindicato de trabajadores Municipales: \"No estamos de paro\", as\u00ed lo emitieron en un comunicado en el d\u00eda de ayer a trav\u00e9s de las redes","breadcrumb":{"@id":"https:\/\/experienciadevida.com.ar\/portalurbano\/sindicato-de-trabajadores-municipales-no-estamos-de-paro\/#breadcrumb"},"inLanguage":"es","potentialAction":[{"@type":"ReadAction","target":["https:\/\/experienciadevida.com.ar\/portalurbano\/sindicato-de-trabajadores-municipales-no-estamos-de-paro\/"]}]},{"@type":"BreadcrumbList","@id":"https:\/\/experienciadevida.com.ar\/portalurbano\/sindicato-de-trabajadores-municipales-no-estamos-de-paro\/#breadcrumb","itemListElement":[{"@type":"ListItem","position":1,"name":"Portada","item":"https:\/\/experienciadevida.com.ar\/portalurbano\/"},{"@type":"ListItem","position":2,"name":"Sindicato de trabajadores Municipales: \u00abNo estamos de paro\u00bb"}]},{"@type":"WebSite","@id":"https:\/\/experienciadevida.com.ar\/portalurbano\/#website","url":"https:\/\/experienciadevida.com.ar\/portalurbano\/","name":"","description":"","publisher":{"@id":"https:\/\/experienciadevida.com.ar\/portalurbano\/#organization"},"potentialAction":[{"@type":"SearchAction","target":{"@type":"EntryPoint","urlTemplate":"https:\/\/experienciadevida.com.ar\/portalurbano\/?s={search_term_string}"},"query-input":"required name=search_term_string"}],"inLanguage":"es"},{"@type":"Organization","@id":"https:\/\/experienciadevida.com.ar\/portalurbano\/#organization","name":"Portal Urbano","url":"https:\/\/experienciadevida.com.ar\/portalurbano\/","logo":{"@type":"ImageObject","inLanguage":"es","@id":"https:\/\/experienciadevida.com.ar\/portalurbano\/#\/schema\/logo\/image\/","url":"https:\/\/experienciadevida.com.ar\/portalurbano\/wp-content\/uploads\/2019\/09\/Logo-Original.png","contentUrl":"https:\/\/experienciadevida.com.ar\/portalurbano\/wp-content\/uploads\/2019\/09\/Logo-Original.png","width":2236,"height":1216,"caption":"Portal Urbano"},"image":{"@id":"https:\/\/experienciadevida.com.ar\/portalurbano\/#\/schema\/logo\/image\/"},"sameAs":["https:\/\/www.facebook.com\/Portal-Urbano-171542830093757\/","https:\/\/twitter.com\/portalurbanook","https:\/\/www.instagram.com\/_portalurbano\/","https:\/\/www.youtube.com\/channel\/UCXhagIfszH8KxFiOok79zbA?view_as=subscriber"]},{"@type":"Person","@id":"https:\/\/experienciadevida.com.ar\/portalurbano\/#\/schema\/person\/02dd326b1c4b056e9cc972486934a3a7","name":"admpu17wp","image":{"@type":"ImageObject","inLanguage":"es","@id":"https:\/\/experienciadevida.com.ar\/portalurbano\/#\/schema\/person\/image\/","url":"https:\/\/secure.gravatar.com\/avatar\/830d4c57adaae6630765e449a6908047?s=96&d=mm&r=g","contentUrl":"https:\/\/secure.gravatar.com\/avatar\/830d4c57adaae6630765e449a6908047?s=96&d=mm&r=g","caption":"admpu17wp"}}]}},"featured_image_urls":{"full":["https:\/\/experienciadevida.com.ar\/portalurbano\/wp-content\/uploads\/2022\/06\/DSC_0022.jpg",765,510,false],"thumbnail":["https:\/\/experienciadevida.com.ar\/portalurbano\/wp-content\/uploads\/2022\/06\/DSC_0022-150x150.jpg",150,150,true],"medium":["https:\/\/experienciadevida.com.ar\/portalurbano\/wp-content\/uploads\/2022\/06\/DSC_0022-300x200.jpg",300,200,true],"medium_large":["https:\/\/experienciadevida.com.ar\/portalurbano\/wp-content\/uploads\/2022\/06\/DSC_0022.jpg",640,427,false],"large":["https:\/\/experienciadevida.com.ar\/portalurbano\/wp-content\/uploads\/2022\/06\/DSC_0022.jpg",640,427,false],"ug_big":["https:\/\/experienciadevida.com.ar\/portalurbano\/wp-content\/uploads\/2022\/06\/DSC_0022.jpg",765,510,false],"1536x1536":["https:\/\/experienciadevida.com.ar\/portalurbano\/wp-content\/uploads\/2022\/06\/DSC_0022.jpg",765,510,false],"2048x2048":["https:\/\/experienciadevida.com.ar\/portalurbano\/wp-content\/uploads\/2022\/06\/DSC_0022.jpg",765,510,false],"newsever-slider-full":["https:\/\/experienciadevida.com.ar\/portalurbano\/wp-content\/uploads\/2022\/06\/DSC_0022.jpg",765,510,false],"newsever-featured":["https:\/\/experienciadevida.com.ar\/portalurbano\/wp-content\/uploads\/2022\/06\/DSC_0022.jpg",765,510,false],"newsever-medium":["https:\/\/experienciadevida.com.ar\/portalurbano\/wp-content\/uploads\/2022\/06\/DSC_0022.jpg",713,475,false],"web-stories-poster-portrait":["https:\/\/experienciadevida.com.ar\/portalurbano\/wp-content\/uploads\/2022\/06\/DSC_0022.jpg",640,427,false],"web-stories-publisher-logo":["https:\/\/experienciadevida.com.ar\/portalurbano\/wp-content\/uploads\/2022\/06\/DSC_0022.jpg",96,64,false],"web-stories-thumbnail":["https:\/\/experienciadevida.com.ar\/portalurbano\/wp-content\/uploads\/2022\/06\/DSC_0022.jpg",150,100,false]},"author_info":{"display_name":"admpu17wp","author_link":"https:\/\/experienciadevida.com.ar\/portalurbano\/author\/admpu17wp\/"},"category_info":"<a href=\"https:\/\/experienciadevida.com.ar\/portalurbano\/category\/destacadas-2\/\" rel=\"category tag\">Destacadas 2<\/a> <a href=\"https:\/\/experienciadevida.com.ar\/portalurbano\/category\/ciudad\/salud\/\" rel=\"category tag\">Salud<\/a>","tag_info":"Salud","comment_count":"0","amp_enabled":true,"_links":{"self":[{"href":"https:\/\/experienciadevida.com.ar\/portalurbano\/wp-json\/wp\/v2\/posts\/170018"}],"collection":[{"href":"https:\/\/experienciadevida.com.ar\/portalurbano\/wp-json\/wp\/v2\/posts"}],"about":[{"href":"https:\/\/experienciadevida.com.ar\/portalurbano\/wp-json\/wp\/v2\/types\/post"}],"author":[{"embeddable":true,"href":"https:\/\/experienciadevida.com.ar\/portalurbano\/wp-json\/wp\/v2\/users\/1"}],"replies":[{"embeddable":true,"href":"https:\/\/experienciadevida.com.ar\/portalurbano\/wp-json\/wp\/v2\/comments?post=170018"}],"version-history":[{"count":4,"href":"https:\/\/experienciadevida.com.ar\/portalurbano\/wp-json\/wp\/v2\/posts\/170018\/revisions"}],"predecessor-version":[{"id":170022,"href":"https:\/\/experienciadevida.com.ar\/portalurbano\/wp-json\/wp\/v2\/posts\/170018\/revisions\/170022"}],"wp:featuredmedia":[{"embeddable":true,"href":"https:\/\/experienciadevida.com.ar\/portalurbano\/wp-json\/wp\/v2\/media\/169646"}],"wp:attachment":[{"href":"https:\/\/experienciadevida.com.ar\/portalurbano\/wp-json\/wp\/v2\/media?parent=170018"}],"wp:term":[{"taxonomy":"category","embeddable":true,"href":"https:\/\/experienciadevida.com.ar\/portalurbano\/wp-json\/wp\/v2\/categories?post=170018"},{"taxonomy":"post_tag","embeddable":true,"href":"https:\/\/experienciadevida.com.ar\/portalurbano\/wp-json\/wp\/v2\/tags?post=170018"}],"curies":[{"name":"wp","href":"https:\/\/api.w.org\/{rel}","templated":true}]}}