{"id":170008,"date":"2022-06-22T10:01:59","date_gmt":"2022-06-22T13:01:59","guid":{"rendered":"https:\/\/experienciadevida.com.ar\/portalurbano\/?p=170008"},"modified":"2022-06-22T10:07:27","modified_gmt":"2022-06-22T13:07:27","slug":"reunion-con-productores-agropecuarios-de-pigue","status":"publish","type":"post","link":"https:\/\/experienciadevida.com.ar\/portalurbano\/reunion-con-productores-agropecuarios-de-pigue\/","title":{"rendered":"Reuni\u00f3n con productores agropecuarios de Pig\u00fc\u00e9"},"content":{"rendered":"<p>Reuni\u00f3n con productores agropecuarios de Pig\u00fc\u00e9, d\u00edas atr\u00e1s, desde la Secretar\u00eda de <a href=\"https:\/\/www.facebook.com\/municipiodeolavarria\">Desarrollo<\/a> Econ\u00f3mico Municipal y como viene concretando desde sus inicios, se acompa\u00f1\u00f3 al Grupo Cambio Rural Agroecol\u00f3gico Olavarriense (CRAO) a una reuni\u00f3n de trabajo en la ciudad de Pigu\u00e9, de la que tomaron parte productores agropecuarios que desarrollan un interesante proyecto productivo y comercial en esa ciudad.<\/p>\n<p>Se detall\u00f3 que concurrieron la subsecretaria de Empresas e Inversiones ingeniera Emilia D\u00edaz y su equipo de trabajo, junto a productores que integran CRAO, encabezados por su coordinador ingeniero Horacio Gallardo. Todos mantuvieron una interesante reuni\u00f3n de trabajo a lo largo de la jornada, la cual involucr\u00f3 adem\u00e1s un encuentro en uno de los establecimientos rurales, visita a campo evidenciando metodolog\u00edas y el producto en particular.<\/p>\n<p>El proyecto Piguense involucra a productores de una importante regi\u00f3n del sudoeste bonaerense y cuenta con su marca registrada \u201cFenhue\u201d. El objetivo es la producci\u00f3n de carne vacuna \u201ca pasto\u201d, agregado de valor con el envasado al vac\u00edo y comercializado en distintos puntos del pa\u00eds.<\/p>\n<p>Es importante aclarar que la carne producida a pasto tiene sus diferencias respecto a la carne agroecol\u00f3gica, es por ello que en esta jornada de trabajo el transvaso de experiencias en lo que respecta a la explicaci\u00f3n de alcances, beneficios y oportunidades en sendos proyectos enriqueci\u00f3 el intercambio.<\/p>\n<p>Por \u00faltimo, se expres\u00f3 que qued\u00f3 el compromiso de programar una visita de los productores piguenses en nuestra ciudad, adem\u00e1s de una relaci\u00f3n personal, profesional muy interesante que permite enriquecer a sendos proyectos.<\/p>\n","protected":false},"excerpt":{"rendered":"<p>Reuni\u00f3n con productores agropecuarios de Pig\u00fc\u00e9, d\u00edas atr\u00e1s, desde la Secretar\u00eda de Desarrollo Econ\u00f3mico Municipal&#8230;<\/p>\n","protected":false},"author":1,"featured_media":170009,"comment_status":"closed","ping_status":"closed","sticky":false,"template":"","format":"standard","meta":{"content-type":""},"categories":[27,64],"tags":[],"nelio_content":{"isAutoShareEnabled":false,"autoShareEndMode":"default","automationSources":{"useContentSentences":true,"useSocialTemplates":true,"useCustomSentences":false,"customSentences":[]},"followers":[1],"suggestedReferences":[],"includedReferences":[],"efiUrl":"","efiAlt":"","highlights":[]},"yoast_head":"<!-- This site is optimized with the Yoast SEO plugin v20.7 - https:\/\/yoast.com\/wordpress\/plugins\/seo\/ -->\n<title>Reuni\u00f3n con productores agropecuario de Pig\u00fce<\/title>\n<meta name=\"description\" content=\"Reuni\u00f3n con productores agropecuarios de Pig\u00fc\u00e9, d\u00edas atr\u00e1s, desde la Secretar\u00eda de Desarrollo Econ\u00f3mico Municipal y como viene\" \/>\n<meta name=\"robots\" content=\"index, follow, max-snippet:-1, max-image-preview:large, max-video-preview:-1\" \/>\n<link rel=\"canonical\" href=\"https:\/\/experienciadevida.com.ar\/portalurbano\/reunion-con-productores-agropecuarios-de-pigue\/\" \/>\n<meta property=\"og:locale\" content=\"es_ES\" \/>\n<meta property=\"og:type\" content=\"article\" \/>\n<meta property=\"og:title\" content=\"Reuni\u00f3n con productores agropecuario de Pig\u00fce\" \/>\n<meta property=\"og:description\" content=\"Reuni\u00f3n con productores agropecuarios de Pig\u00fc\u00e9, d\u00edas atr\u00e1s, desde la Secretar\u00eda de Desarrollo Econ\u00f3mico Municipal y como viene\" \/>\n<meta property=\"og:url\" content=\"https:\/\/experienciadevida.com.ar\/portalurbano\/reunion-con-productores-agropecuarios-de-pigue\/\" \/>\n<meta property=\"article:publisher\" content=\"https:\/\/www.facebook.com\/Portal-Urbano-171542830093757\/\" \/>\n<meta property=\"article:published_time\" content=\"2022-06-22T13:01:59+00:00\" \/>\n<meta property=\"article:modified_time\" content=\"2022-06-22T13:07:27+00:00\" \/>\n<meta property=\"og:image\" content=\"https:\/\/experienciadevida.com.ar\/portalurbano\/wp-content\/uploads\/2022\/06\/Reunion-con-productores-agropecuarios.jpg\" \/>\n\t<meta property=\"og:image:width\" content=\"1024\" \/>\n\t<meta property=\"og:image:height\" content=\"577\" \/>\n\t<meta property=\"og:image:type\" content=\"image\/jpeg\" \/>\n<meta name=\"author\" content=\"admpu17wp\" \/>\n<meta name=\"twitter:card\" content=\"summary_large_image\" \/>\n<meta name=\"twitter:creator\" content=\"@portalurbanook\" \/>\n<meta name=\"twitter:site\" content=\"@portalurbanook\" \/>\n<meta name=\"twitter:label1\" content=\"Escrito por\" \/>\n\t<meta name=\"twitter:data1\" content=\"admpu17wp\" \/>\n\t<meta name=\"twitter:label2\" content=\"Tiempo de lectura\" \/>\n\t<meta name=\"twitter:data2\" content=\"2 minutos\" \/>\n<script type=\"application\/ld+json\" class=\"yoast-schema-graph\">{\"@context\":\"https:\/\/schema.org\",\"@graph\":[{\"@type\":\"Article\",\"@id\":\"https:\/\/experienciadevida.com.ar\/portalurbano\/reunion-con-productores-agropecuarios-de-pigue\/#article\",\"isPartOf\":{\"@id\":\"https:\/\/experienciadevida.com.ar\/portalurbano\/reunion-con-productores-agropecuarios-de-pigue\/\"},\"author\":{\"name\":\"admpu17wp\",\"@id\":\"https:\/\/experienciadevida.com.ar\/portalurbano\/#\/schema\/person\/02dd326b1c4b056e9cc972486934a3a7\"},\"headline\":\"Reuni\u00f3n con productores agropecuarios de Pig\u00fc\u00e9\",\"datePublished\":\"2022-06-22T13:01:59+00:00\",\"dateModified\":\"2022-06-22T13:07:27+00:00\",\"mainEntityOfPage\":{\"@id\":\"https:\/\/experienciadevida.com.ar\/portalurbano\/reunion-con-productores-agropecuarios-de-pigue\/\"},\"wordCount\":277,\"publisher\":{\"@id\":\"https:\/\/experienciadevida.com.ar\/portalurbano\/#organization\"},\"articleSection\":[\"Ciudad\",\"Destacadas 2\"],\"inLanguage\":\"es\"},{\"@type\":\"WebPage\",\"@id\":\"https:\/\/experienciadevida.com.ar\/portalurbano\/reunion-con-productores-agropecuarios-de-pigue\/\",\"url\":\"https:\/\/experienciadevida.com.ar\/portalurbano\/reunion-con-productores-agropecuarios-de-pigue\/\",\"name\":\"Reuni\u00f3n con productores agropecuario de Pig\u00fce\",\"isPartOf\":{\"@id\":\"https:\/\/experienciadevida.com.ar\/portalurbano\/#website\"},\"datePublished\":\"2022-06-22T13:01:59+00:00\",\"dateModified\":\"2022-06-22T13:07:27+00:00\",\"description\":\"Reuni\u00f3n con productores agropecuarios de Pig\u00fc\u00e9, d\u00edas atr\u00e1s, desde la Secretar\u00eda de Desarrollo Econ\u00f3mico Municipal y como viene\",\"breadcrumb\":{\"@id\":\"https:\/\/experienciadevida.com.ar\/portalurbano\/reunion-con-productores-agropecuarios-de-pigue\/#breadcrumb\"},\"inLanguage\":\"es\",\"potentialAction\":[{\"@type\":\"ReadAction\",\"target\":[\"https:\/\/experienciadevida.com.ar\/portalurbano\/reunion-con-productores-agropecuarios-de-pigue\/\"]}]},{\"@type\":\"BreadcrumbList\",\"@id\":\"https:\/\/experienciadevida.com.ar\/portalurbano\/reunion-con-productores-agropecuarios-de-pigue\/#breadcrumb\",\"itemListElement\":[{\"@type\":\"ListItem\",\"position\":1,\"name\":\"Portada\",\"item\":\"https:\/\/experienciadevida.com.ar\/portalurbano\/\"},{\"@type\":\"ListItem\",\"position\":2,\"name\":\"Reuni\u00f3n con productores agropecuarios de Pig\u00fc\u00e9\"}]},{\"@type\":\"WebSite\",\"@id\":\"https:\/\/experienciadevida.com.ar\/portalurbano\/#website\",\"url\":\"https:\/\/experienciadevida.com.ar\/portalurbano\/\",\"name\":\"\",\"description\":\"\",\"publisher\":{\"@id\":\"https:\/\/experienciadevida.com.ar\/portalurbano\/#organization\"},\"potentialAction\":[{\"@type\":\"SearchAction\",\"target\":{\"@type\":\"EntryPoint\",\"urlTemplate\":\"https:\/\/experienciadevida.com.ar\/portalurbano\/?s={search_term_string}\"},\"query-input\":\"required name=search_term_string\"}],\"inLanguage\":\"es\"},{\"@type\":\"Organization\",\"@id\":\"https:\/\/experienciadevida.com.ar\/portalurbano\/#organization\",\"name\":\"Portal Urbano\",\"url\":\"https:\/\/experienciadevida.com.ar\/portalurbano\/\",\"logo\":{\"@type\":\"ImageObject\",\"inLanguage\":\"es\",\"@id\":\"https:\/\/experienciadevida.com.ar\/portalurbano\/#\/schema\/logo\/image\/\",\"url\":\"https:\/\/experienciadevida.com.ar\/portalurbano\/wp-content\/uploads\/2019\/09\/Logo-Original.png\",\"contentUrl\":\"https:\/\/experienciadevida.com.ar\/portalurbano\/wp-content\/uploads\/2019\/09\/Logo-Original.png\",\"width\":2236,\"height\":1216,\"caption\":\"Portal Urbano\"},\"image\":{\"@id\":\"https:\/\/experienciadevida.com.ar\/portalurbano\/#\/schema\/logo\/image\/\"},\"sameAs\":[\"https:\/\/www.facebook.com\/Portal-Urbano-171542830093757\/\",\"https:\/\/twitter.com\/portalurbanook\",\"https:\/\/www.instagram.com\/_portalurbano\/\",\"https:\/\/www.youtube.com\/channel\/UCXhagIfszH8KxFiOok79zbA?view_as=subscriber\"]},{\"@type\":\"Person\",\"@id\":\"https:\/\/experienciadevida.com.ar\/portalurbano\/#\/schema\/person\/02dd326b1c4b056e9cc972486934a3a7\",\"name\":\"admpu17wp\",\"image\":{\"@type\":\"ImageObject\",\"inLanguage\":\"es\",\"@id\":\"https:\/\/experienciadevida.com.ar\/portalurbano\/#\/schema\/person\/image\/\",\"url\":\"https:\/\/secure.gravatar.com\/avatar\/830d4c57adaae6630765e449a6908047?s=96&d=mm&r=g\",\"contentUrl\":\"https:\/\/secure.gravatar.com\/avatar\/830d4c57adaae6630765e449a6908047?s=96&d=mm&r=g\",\"caption\":\"admpu17wp\"}}]}<\/script>\n<!-- \/ Yoast SEO plugin. -->","yoast_head_json":{"title":"Reuni\u00f3n con productores agropecuario de Pig\u00fce","description":"Reuni\u00f3n con productores agropecuarios de Pig\u00fc\u00e9, d\u00edas atr\u00e1s, desde la Secretar\u00eda de Desarrollo Econ\u00f3mico Municipal y como viene","robots":{"index":"index","follow":"follow","max-snippet":"max-snippet:-1","max-image-preview":"max-image-preview:large","max-video-preview":"max-video-preview:-1"},"canonical":"https:\/\/experienciadevida.com.ar\/portalurbano\/reunion-con-productores-agropecuarios-de-pigue\/","og_locale":"es_ES","og_type":"article","og_title":"Reuni\u00f3n con productores agropecuario de Pig\u00fce","og_description":"Reuni\u00f3n con productores agropecuarios de Pig\u00fc\u00e9, d\u00edas atr\u00e1s, desde la Secretar\u00eda de Desarrollo Econ\u00f3mico Municipal y como viene","og_url":"https:\/\/experienciadevida.com.ar\/portalurbano\/reunion-con-productores-agropecuarios-de-pigue\/","article_publisher":"https:\/\/www.facebook.com\/Portal-Urbano-171542830093757\/","article_published_time":"2022-06-22T13:01:59+00:00","article_modified_time":"2022-06-22T13:07:27+00:00","og_image":[{"width":1024,"height":577,"url":"https:\/\/experienciadevida.com.ar\/portalurbano\/wp-content\/uploads\/2022\/06\/Reunion-con-productores-agropecuarios.jpg","type":"image\/jpeg"}],"author":"admpu17wp","twitter_card":"summary_large_image","twitter_creator":"@portalurbanook","twitter_site":"@portalurbanook","twitter_misc":{"Escrito por":"admpu17wp","Tiempo de lectura":"2 minutos"},"schema":{"@context":"https:\/\/schema.org","@graph":[{"@type":"Article","@id":"https:\/\/experienciadevida.com.ar\/portalurbano\/reunion-con-productores-agropecuarios-de-pigue\/#article","isPartOf":{"@id":"https:\/\/experienciadevida.com.ar\/portalurbano\/reunion-con-productores-agropecuarios-de-pigue\/"},"author":{"name":"admpu17wp","@id":"https:\/\/experienciadevida.com.ar\/portalurbano\/#\/schema\/person\/02dd326b1c4b056e9cc972486934a3a7"},"headline":"Reuni\u00f3n con productores agropecuarios de Pig\u00fc\u00e9","datePublished":"2022-06-22T13:01:59+00:00","dateModified":"2022-06-22T13:07:27+00:00","mainEntityOfPage":{"@id":"https:\/\/experienciadevida.com.ar\/portalurbano\/reunion-con-productores-agropecuarios-de-pigue\/"},"wordCount":277,"publisher":{"@id":"https:\/\/experienciadevida.com.ar\/portalurbano\/#organization"},"articleSection":["Ciudad","Destacadas 2"],"inLanguage":"es"},{"@type":"WebPage","@id":"https:\/\/experienciadevida.com.ar\/portalurbano\/reunion-con-productores-agropecuarios-de-pigue\/","url":"https:\/\/experienciadevida.com.ar\/portalurbano\/reunion-con-productores-agropecuarios-de-pigue\/","name":"Reuni\u00f3n con productores agropecuario de Pig\u00fce","isPartOf":{"@id":"https:\/\/experienciadevida.com.ar\/portalurbano\/#website"},"datePublished":"2022-06-22T13:01:59+00:00","dateModified":"2022-06-22T13:07:27+00:00","description":"Reuni\u00f3n con productores agropecuarios de Pig\u00fc\u00e9, d\u00edas atr\u00e1s, desde la Secretar\u00eda de Desarrollo Econ\u00f3mico Municipal y como viene","breadcrumb":{"@id":"https:\/\/experienciadevida.com.ar\/portalurbano\/reunion-con-productores-agropecuarios-de-pigue\/#breadcrumb"},"inLanguage":"es","potentialAction":[{"@type":"ReadAction","target":["https:\/\/experienciadevida.com.ar\/portalurbano\/reunion-con-productores-agropecuarios-de-pigue\/"]}]},{"@type":"BreadcrumbList","@id":"https:\/\/experienciadevida.com.ar\/portalurbano\/reunion-con-productores-agropecuarios-de-pigue\/#breadcrumb","itemListElement":[{"@type":"ListItem","position":1,"name":"Portada","item":"https:\/\/experienciadevida.com.ar\/portalurbano\/"},{"@type":"ListItem","position":2,"name":"Reuni\u00f3n con productores agropecuarios de Pig\u00fc\u00e9"}]},{"@type":"WebSite","@id":"https:\/\/experienciadevida.com.ar\/portalurbano\/#website","url":"https:\/\/experienciadevida.com.ar\/portalurbano\/","name":"","description":"","publisher":{"@id":"https:\/\/experienciadevida.com.ar\/portalurbano\/#organization"},"potentialAction":[{"@type":"SearchAction","target":{"@type":"EntryPoint","urlTemplate":"https:\/\/experienciadevida.com.ar\/portalurbano\/?s={search_term_string}"},"query-input":"required name=search_term_string"}],"inLanguage":"es"},{"@type":"Organization","@id":"https:\/\/experienciadevida.com.ar\/portalurbano\/#organization","name":"Portal Urbano","url":"https:\/\/experienciadevida.com.ar\/portalurbano\/","logo":{"@type":"ImageObject","inLanguage":"es","@id":"https:\/\/experienciadevida.com.ar\/portalurbano\/#\/schema\/logo\/image\/","url":"https:\/\/experienciadevida.com.ar\/portalurbano\/wp-content\/uploads\/2019\/09\/Logo-Original.png","contentUrl":"https:\/\/experienciadevida.com.ar\/portalurbano\/wp-content\/uploads\/2019\/09\/Logo-Original.png","width":2236,"height":1216,"caption":"Portal Urbano"},"image":{"@id":"https:\/\/experienciadevida.com.ar\/portalurbano\/#\/schema\/logo\/image\/"},"sameAs":["https:\/\/www.facebook.com\/Portal-Urbano-171542830093757\/","https:\/\/twitter.com\/portalurbanook","https:\/\/www.instagram.com\/_portalurbano\/","https:\/\/www.youtube.com\/channel\/UCXhagIfszH8KxFiOok79zbA?view_as=subscriber"]},{"@type":"Person","@id":"https:\/\/experienciadevida.com.ar\/portalurbano\/#\/schema\/person\/02dd326b1c4b056e9cc972486934a3a7","name":"admpu17wp","image":{"@type":"ImageObject","inLanguage":"es","@id":"https:\/\/experienciadevida.com.ar\/portalurbano\/#\/schema\/person\/image\/","url":"https:\/\/secure.gravatar.com\/avatar\/830d4c57adaae6630765e449a6908047?s=96&d=mm&r=g","contentUrl":"https:\/\/secure.gravatar.com\/avatar\/830d4c57adaae6630765e449a6908047?s=96&d=mm&r=g","caption":"admpu17wp"}}]}},"featured_image_urls":{"full":["https:\/\/experienciadevida.com.ar\/portalurbano\/wp-content\/uploads\/2022\/06\/Reunion-con-productores-agropecuarios.jpg",1024,577,false],"thumbnail":["https:\/\/experienciadevida.com.ar\/portalurbano\/wp-content\/uploads\/2022\/06\/Reunion-con-productores-agropecuarios-150x150.jpg",150,150,true],"medium":["https:\/\/experienciadevida.com.ar\/portalurbano\/wp-content\/uploads\/2022\/06\/Reunion-con-productores-agropecuarios-300x169.jpg",300,169,true],"medium_large":["https:\/\/experienciadevida.com.ar\/portalurbano\/wp-content\/uploads\/2022\/06\/Reunion-con-productores-agropecuarios-768x433.jpg",640,361,true],"large":["https:\/\/experienciadevida.com.ar\/portalurbano\/wp-content\/uploads\/2022\/06\/Reunion-con-productores-agropecuarios.jpg",640,361,false],"ug_big":["https:\/\/experienciadevida.com.ar\/portalurbano\/wp-content\/uploads\/2022\/06\/Reunion-con-productores-agropecuarios-768x433.jpg",768,433,true],"1536x1536":["https:\/\/experienciadevida.com.ar\/portalurbano\/wp-content\/uploads\/2022\/06\/Reunion-con-productores-agropecuarios.jpg",1024,577,false],"2048x2048":["https:\/\/experienciadevida.com.ar\/portalurbano\/wp-content\/uploads\/2022\/06\/Reunion-con-productores-agropecuarios.jpg",1024,577,false],"newsever-slider-full":["https:\/\/experienciadevida.com.ar\/portalurbano\/wp-content\/uploads\/2022\/06\/Reunion-con-productores-agropecuarios.jpg",1024,577,false],"newsever-featured":["https:\/\/experienciadevida.com.ar\/portalurbano\/wp-content\/uploads\/2022\/06\/Reunion-con-productores-agropecuarios.jpg",1024,577,false],"newsever-medium":["https:\/\/experienciadevida.com.ar\/portalurbano\/wp-content\/uploads\/2022\/06\/Reunion-con-productores-agropecuarios.jpg",720,406,false],"web-stories-poster-portrait":["https:\/\/experienciadevida.com.ar\/portalurbano\/wp-content\/uploads\/2022\/06\/Reunion-con-productores-agropecuarios.jpg",640,361,false],"web-stories-publisher-logo":["https:\/\/experienciadevida.com.ar\/portalurbano\/wp-content\/uploads\/2022\/06\/Reunion-con-productores-agropecuarios.jpg",96,54,false],"web-stories-thumbnail":["https:\/\/experienciadevida.com.ar\/portalurbano\/wp-content\/uploads\/2022\/06\/Reunion-con-productores-agropecuarios.jpg",150,85,false]},"author_info":{"display_name":"admpu17wp","author_link":"https:\/\/experienciadevida.com.ar\/portalurbano\/author\/admpu17wp\/"},"category_info":"<a href=\"https:\/\/experienciadevida.com.ar\/portalurbano\/category\/ciudad\/\" rel=\"category tag\">Ciudad<\/a> <a href=\"https:\/\/experienciadevida.com.ar\/portalurbano\/category\/destacadas-2\/\" rel=\"category tag\">Destacadas 2<\/a>","tag_info":"Destacadas 2","comment_count":"0","amp_enabled":true,"_links":{"self":[{"href":"https:\/\/experienciadevida.com.ar\/portalurbano\/wp-json\/wp\/v2\/posts\/170008"}],"collection":[{"href":"https:\/\/experienciadevida.com.ar\/portalurbano\/wp-json\/wp\/v2\/posts"}],"about":[{"href":"https:\/\/experienciadevida.com.ar\/portalurbano\/wp-json\/wp\/v2\/types\/post"}],"author":[{"embeddable":true,"href":"https:\/\/experienciadevida.com.ar\/portalurbano\/wp-json\/wp\/v2\/users\/1"}],"replies":[{"embeddable":true,"href":"https:\/\/experienciadevida.com.ar\/portalurbano\/wp-json\/wp\/v2\/comments?post=170008"}],"version-history":[{"count":2,"href":"https:\/\/experienciadevida.com.ar\/portalurbano\/wp-json\/wp\/v2\/posts\/170008\/revisions"}],"predecessor-version":[{"id":170011,"href":"https:\/\/experienciadevida.com.ar\/portalurbano\/wp-json\/wp\/v2\/posts\/170008\/revisions\/170011"}],"wp:featuredmedia":[{"embeddable":true,"href":"https:\/\/experienciadevida.com.ar\/portalurbano\/wp-json\/wp\/v2\/media\/170009"}],"wp:attachment":[{"href":"https:\/\/experienciadevida.com.ar\/portalurbano\/wp-json\/wp\/v2\/media?parent=170008"}],"wp:term":[{"taxonomy":"category","embeddable":true,"href":"https:\/\/experienciadevida.com.ar\/portalurbano\/wp-json\/wp\/v2\/categories?post=170008"},{"taxonomy":"post_tag","embeddable":true,"href":"https:\/\/experienciadevida.com.ar\/portalurbano\/wp-json\/wp\/v2\/tags?post=170008"}],"curies":[{"name":"wp","href":"https:\/\/api.w.org\/{rel}","templated":true}]}}