{"id":169997,"date":"2022-06-21T21:10:28","date_gmt":"2022-06-22T00:10:28","guid":{"rendered":"https:\/\/experienciadevida.com.ar\/portalurbano\/?p=169997"},"modified":"2022-06-21T21:24:54","modified_gmt":"2022-06-22T00:24:54","slug":"que-el-iteco-siga-creciendo-en-calidad-educativa-es-lo-mas-importante","status":"publish","type":"post","link":"https:\/\/experienciadevida.com.ar\/portalurbano\/que-el-iteco-siga-creciendo-en-calidad-educativa-es-lo-mas-importante\/","title":{"rendered":"&#8220;Que el Iteco siga creciendo en calidad educativa es lo m\u00e1s importante&#8221;"},"content":{"rendered":"<p>&#8220;Que el Iteco siga creciendo en calidad educativa es lo m\u00e1s importante&#8221;, el intendente Ezequiel <a href=\"https:\/\/www.facebook.com\/galliezequiel\">Galli<\/a>, junto al director acad\u00e9mico del ITeCO Carlos Garc\u00eda, encabez\u00f3 en la tarde de este martes el acto de entrega y recepci\u00f3n de equipamiento, que fue donado por Cementos Avellaneda, para la instituci\u00f3n educativa.<\/p>\n<p><a href=\"https:\/\/experienciadevida.com.ar\/portalurbano\/que-el-iteco-siga-creciendo-en-calidad-educativa-es-lo-mas-importante\/que-2\/\" rel=\"attachment wp-att-170002\"><img decoding=\"async\" class=\"alignnone size-large wp-image-170002\" src=\"https:\/\/experienciadevida.com.ar\/portalurbano\/wp-content\/uploads\/2022\/06\/Que-1024x684.jpg\" alt=\"Que \" width=\"900\" height=\"601\" srcset=\"https:\/\/experienciadevida.com.ar\/portalurbano\/wp-content\/uploads\/2022\/06\/Que-1024x684.jpg 1024w, https:\/\/experienciadevida.com.ar\/portalurbano\/wp-content\/uploads\/2022\/06\/Que-300x201.jpg 300w, https:\/\/experienciadevida.com.ar\/portalurbano\/wp-content\/uploads\/2022\/06\/Que-768x513.jpg 768w, https:\/\/experienciadevida.com.ar\/portalurbano\/wp-content\/uploads\/2022\/06\/Que-1536x1027.jpg 1536w, https:\/\/experienciadevida.com.ar\/portalurbano\/wp-content\/uploads\/2022\/06\/Que-2048x1369.jpg 2048w\" sizes=\"(max-width: 900px) 100vw, 900px\" \/><\/a><\/p>\n<p>Se encontraban presentes en representaci\u00f3n de Cementos Avellaneda: director de Asuntos Corporativos y Legales Sebasti\u00e1n Heller, director de Finanzas y Administraci\u00f3n, Rodrigo Men\u00e9ndez, director de RRHH Jorge Barraza, gerente de Planta de Cemento Olavarr\u00eda Ricardo Grasselli, gerente Corporativa de Talento Eugenia Colucci, gerente de Relaciones Laborales Luciano La Spina.<\/p>\n<p>Participaron adem\u00e1s el secretario de Desarrollo Econ\u00f3mico Julio Valetutto, el asesor Alberto Miotti, el presidente de la Asociaci\u00f3n Propietarios PIO Jorge Sobarzo, representante de Cerro Negro Marcelo Santangelo, vicepresidenta s\u00e9ptima de UIPBA Marcela Lagleyze, el Vicepresidente de UIO Sergio Corso, integrantes de Cooperativa Agropecuaria E Industrial de Olavarr\u00eda, Sociedad Rural De Olavarr\u00eda, C\u00e1mara de la Piedra, docentes y alumnos del ITecO.<\/p>\n<p><a href=\"https:\/\/experienciadevida.com.ar\/portalurbano\/que-el-iteco-siga-creciendo-en-calidad-educativa-es-lo-mas-importante\/el-iteco\/\" rel=\"attachment wp-att-170004\"><img decoding=\"async\" class=\"alignnone size-large wp-image-170004\" src=\"https:\/\/experienciadevida.com.ar\/portalurbano\/wp-content\/uploads\/2022\/06\/el-Iteco-1024x684.jpg\" alt=\"el Iteco\" width=\"900\" height=\"601\" srcset=\"https:\/\/experienciadevida.com.ar\/portalurbano\/wp-content\/uploads\/2022\/06\/el-Iteco-1024x684.jpg 1024w, https:\/\/experienciadevida.com.ar\/portalurbano\/wp-content\/uploads\/2022\/06\/el-Iteco-300x201.jpg 300w, https:\/\/experienciadevida.com.ar\/portalurbano\/wp-content\/uploads\/2022\/06\/el-Iteco-768x513.jpg 768w, https:\/\/experienciadevida.com.ar\/portalurbano\/wp-content\/uploads\/2022\/06\/el-Iteco-1536x1027.jpg 1536w, https:\/\/experienciadevida.com.ar\/portalurbano\/wp-content\/uploads\/2022\/06\/el-Iteco-2048x1369.jpg 2048w\" sizes=\"(max-width: 900px) 100vw, 900px\" \/><\/a><\/p>\n","protected":false},"excerpt":{"rendered":"<p>&#8220;Que el Iteco siga creciendo en calidad educativa es lo m\u00e1s importante&#8221;, el intendente Ezequiel&#8230;<\/p>\n","protected":false},"author":1,"featured_media":169998,"comment_status":"closed","ping_status":"closed","sticky":false,"template":"","format":"standard","meta":{"content-type":""},"categories":[27,51],"tags":[],"nelio_content":{"isAutoShareEnabled":false,"autoShareEndMode":"default","automationSources":{"useContentSentences":true,"useSocialTemplates":true,"useCustomSentences":false,"customSentences":[]},"followers":[1],"suggestedReferences":[],"includedReferences":[],"efiUrl":"","efiAlt":"","highlights":[]},"yoast_head":"<!-- This site is optimized with the Yoast SEO plugin v20.7 - https:\/\/yoast.com\/wordpress\/plugins\/seo\/ -->\n<title>&quot;Que el Iteco siga creciendo en calidad educativa e lo m\u00e1s importante&quot;<\/title>\n<meta name=\"description\" content=\"&quot;Que el Iteco siga creciendo en calidad educativa es lo m\u00e1s importante&quot;, el intendente Ezequiel Galli, el acto de entrega de equipamiento\" \/>\n<meta name=\"robots\" content=\"index, follow, max-snippet:-1, max-image-preview:large, max-video-preview:-1\" \/>\n<link rel=\"canonical\" href=\"https:\/\/experienciadevida.com.ar\/portalurbano\/que-el-iteco-siga-creciendo-en-calidad-educativa-es-lo-mas-importante\/\" \/>\n<meta property=\"og:locale\" content=\"es_ES\" \/>\n<meta property=\"og:type\" content=\"article\" \/>\n<meta property=\"og:title\" content=\"&quot;Que el Iteco siga creciendo en calidad educativa e lo m\u00e1s importante&quot;\" \/>\n<meta property=\"og:description\" content=\"&quot;Que el Iteco siga creciendo en calidad educativa es lo m\u00e1s importante&quot;, el intendente Ezequiel Galli, el acto de entrega de equipamiento\" \/>\n<meta property=\"og:url\" content=\"https:\/\/experienciadevida.com.ar\/portalurbano\/que-el-iteco-siga-creciendo-en-calidad-educativa-es-lo-mas-importante\/\" \/>\n<meta property=\"article:publisher\" content=\"https:\/\/www.facebook.com\/Portal-Urbano-171542830093757\/\" \/>\n<meta property=\"article:published_time\" content=\"2022-06-22T00:10:28+00:00\" \/>\n<meta property=\"article:modified_time\" content=\"2022-06-22T00:24:54+00:00\" \/>\n<meta property=\"og:image\" content=\"https:\/\/experienciadevida.com.ar\/portalurbano\/wp-content\/uploads\/2022\/06\/Que-el-Iteco-siga.jpg\" \/>\n\t<meta property=\"og:image:width\" content=\"2560\" \/>\n\t<meta property=\"og:image:height\" content=\"1711\" \/>\n\t<meta property=\"og:image:type\" content=\"image\/jpeg\" \/>\n<meta name=\"author\" content=\"admpu17wp\" \/>\n<meta name=\"twitter:card\" content=\"summary_large_image\" \/>\n<meta name=\"twitter:creator\" content=\"@portalurbanook\" \/>\n<meta name=\"twitter:site\" content=\"@portalurbanook\" \/>\n<meta name=\"twitter:label1\" content=\"Escrito por\" \/>\n\t<meta name=\"twitter:data1\" content=\"admpu17wp\" \/>\n\t<meta name=\"twitter:label2\" content=\"Tiempo de lectura\" \/>\n\t<meta name=\"twitter:data2\" content=\"1 minuto\" \/>\n<script type=\"application\/ld+json\" class=\"yoast-schema-graph\">{\"@context\":\"https:\/\/schema.org\",\"@graph\":[{\"@type\":\"Article\",\"@id\":\"https:\/\/experienciadevida.com.ar\/portalurbano\/que-el-iteco-siga-creciendo-en-calidad-educativa-es-lo-mas-importante\/#article\",\"isPartOf\":{\"@id\":\"https:\/\/experienciadevida.com.ar\/portalurbano\/que-el-iteco-siga-creciendo-en-calidad-educativa-es-lo-mas-importante\/\"},\"author\":{\"name\":\"admpu17wp\",\"@id\":\"https:\/\/experienciadevida.com.ar\/portalurbano\/#\/schema\/person\/02dd326b1c4b056e9cc972486934a3a7\"},\"headline\":\"&#8220;Que el Iteco siga creciendo en calidad educativa es lo m\u00e1s importante&#8221;\",\"datePublished\":\"2022-06-22T00:10:28+00:00\",\"dateModified\":\"2022-06-22T00:24:54+00:00\",\"mainEntityOfPage\":{\"@id\":\"https:\/\/experienciadevida.com.ar\/portalurbano\/que-el-iteco-siga-creciendo-en-calidad-educativa-es-lo-mas-importante\/\"},\"wordCount\":189,\"publisher\":{\"@id\":\"https:\/\/experienciadevida.com.ar\/portalurbano\/#organization\"},\"articleSection\":[\"Ciudad\",\"Destacadas\"],\"inLanguage\":\"es\"},{\"@type\":\"WebPage\",\"@id\":\"https:\/\/experienciadevida.com.ar\/portalurbano\/que-el-iteco-siga-creciendo-en-calidad-educativa-es-lo-mas-importante\/\",\"url\":\"https:\/\/experienciadevida.com.ar\/portalurbano\/que-el-iteco-siga-creciendo-en-calidad-educativa-es-lo-mas-importante\/\",\"name\":\"\\\"Que el Iteco siga creciendo en calidad educativa e lo m\u00e1s importante\\\"\",\"isPartOf\":{\"@id\":\"https:\/\/experienciadevida.com.ar\/portalurbano\/#website\"},\"datePublished\":\"2022-06-22T00:10:28+00:00\",\"dateModified\":\"2022-06-22T00:24:54+00:00\",\"description\":\"\\\"Que el Iteco siga creciendo en calidad educativa es lo m\u00e1s importante\\\", el intendente Ezequiel Galli, el acto de entrega de equipamiento\",\"breadcrumb\":{\"@id\":\"https:\/\/experienciadevida.com.ar\/portalurbano\/que-el-iteco-siga-creciendo-en-calidad-educativa-es-lo-mas-importante\/#breadcrumb\"},\"inLanguage\":\"es\",\"potentialAction\":[{\"@type\":\"ReadAction\",\"target\":[\"https:\/\/experienciadevida.com.ar\/portalurbano\/que-el-iteco-siga-creciendo-en-calidad-educativa-es-lo-mas-importante\/\"]}]},{\"@type\":\"BreadcrumbList\",\"@id\":\"https:\/\/experienciadevida.com.ar\/portalurbano\/que-el-iteco-siga-creciendo-en-calidad-educativa-es-lo-mas-importante\/#breadcrumb\",\"itemListElement\":[{\"@type\":\"ListItem\",\"position\":1,\"name\":\"Portada\",\"item\":\"https:\/\/experienciadevida.com.ar\/portalurbano\/\"},{\"@type\":\"ListItem\",\"position\":2,\"name\":\"\u00abQue el Iteco siga creciendo en calidad educativa es lo m\u00e1s importante\u00bb\"}]},{\"@type\":\"WebSite\",\"@id\":\"https:\/\/experienciadevida.com.ar\/portalurbano\/#website\",\"url\":\"https:\/\/experienciadevida.com.ar\/portalurbano\/\",\"name\":\"\",\"description\":\"\",\"publisher\":{\"@id\":\"https:\/\/experienciadevida.com.ar\/portalurbano\/#organization\"},\"potentialAction\":[{\"@type\":\"SearchAction\",\"target\":{\"@type\":\"EntryPoint\",\"urlTemplate\":\"https:\/\/experienciadevida.com.ar\/portalurbano\/?s={search_term_string}\"},\"query-input\":\"required name=search_term_string\"}],\"inLanguage\":\"es\"},{\"@type\":\"Organization\",\"@id\":\"https:\/\/experienciadevida.com.ar\/portalurbano\/#organization\",\"name\":\"Portal Urbano\",\"url\":\"https:\/\/experienciadevida.com.ar\/portalurbano\/\",\"logo\":{\"@type\":\"ImageObject\",\"inLanguage\":\"es\",\"@id\":\"https:\/\/experienciadevida.com.ar\/portalurbano\/#\/schema\/logo\/image\/\",\"url\":\"https:\/\/experienciadevida.com.ar\/portalurbano\/wp-content\/uploads\/2019\/09\/Logo-Original.png\",\"contentUrl\":\"https:\/\/experienciadevida.com.ar\/portalurbano\/wp-content\/uploads\/2019\/09\/Logo-Original.png\",\"width\":2236,\"height\":1216,\"caption\":\"Portal Urbano\"},\"image\":{\"@id\":\"https:\/\/experienciadevida.com.ar\/portalurbano\/#\/schema\/logo\/image\/\"},\"sameAs\":[\"https:\/\/www.facebook.com\/Portal-Urbano-171542830093757\/\",\"https:\/\/twitter.com\/portalurbanook\",\"https:\/\/www.instagram.com\/_portalurbano\/\",\"https:\/\/www.youtube.com\/channel\/UCXhagIfszH8KxFiOok79zbA?view_as=subscriber\"]},{\"@type\":\"Person\",\"@id\":\"https:\/\/experienciadevida.com.ar\/portalurbano\/#\/schema\/person\/02dd326b1c4b056e9cc972486934a3a7\",\"name\":\"admpu17wp\",\"image\":{\"@type\":\"ImageObject\",\"inLanguage\":\"es\",\"@id\":\"https:\/\/experienciadevida.com.ar\/portalurbano\/#\/schema\/person\/image\/\",\"url\":\"https:\/\/secure.gravatar.com\/avatar\/830d4c57adaae6630765e449a6908047?s=96&d=mm&r=g\",\"contentUrl\":\"https:\/\/secure.gravatar.com\/avatar\/830d4c57adaae6630765e449a6908047?s=96&d=mm&r=g\",\"caption\":\"admpu17wp\"}}]}<\/script>\n<!-- \/ Yoast SEO plugin. -->","yoast_head_json":{"title":"\"Que el Iteco siga creciendo en calidad educativa e lo m\u00e1s importante\"","description":"\"Que el Iteco siga creciendo en calidad educativa es lo m\u00e1s importante\", el intendente Ezequiel Galli, el acto de entrega de equipamiento","robots":{"index":"index","follow":"follow","max-snippet":"max-snippet:-1","max-image-preview":"max-image-preview:large","max-video-preview":"max-video-preview:-1"},"canonical":"https:\/\/experienciadevida.com.ar\/portalurbano\/que-el-iteco-siga-creciendo-en-calidad-educativa-es-lo-mas-importante\/","og_locale":"es_ES","og_type":"article","og_title":"\"Que el Iteco siga creciendo en calidad educativa e lo m\u00e1s importante\"","og_description":"\"Que el Iteco siga creciendo en calidad educativa es lo m\u00e1s importante\", el intendente Ezequiel Galli, el acto de entrega de equipamiento","og_url":"https:\/\/experienciadevida.com.ar\/portalurbano\/que-el-iteco-siga-creciendo-en-calidad-educativa-es-lo-mas-importante\/","article_publisher":"https:\/\/www.facebook.com\/Portal-Urbano-171542830093757\/","article_published_time":"2022-06-22T00:10:28+00:00","article_modified_time":"2022-06-22T00:24:54+00:00","og_image":[{"width":2560,"height":1711,"url":"https:\/\/experienciadevida.com.ar\/portalurbano\/wp-content\/uploads\/2022\/06\/Que-el-Iteco-siga.jpg","type":"image\/jpeg"}],"author":"admpu17wp","twitter_card":"summary_large_image","twitter_creator":"@portalurbanook","twitter_site":"@portalurbanook","twitter_misc":{"Escrito por":"admpu17wp","Tiempo de lectura":"1 minuto"},"schema":{"@context":"https:\/\/schema.org","@graph":[{"@type":"Article","@id":"https:\/\/experienciadevida.com.ar\/portalurbano\/que-el-iteco-siga-creciendo-en-calidad-educativa-es-lo-mas-importante\/#article","isPartOf":{"@id":"https:\/\/experienciadevida.com.ar\/portalurbano\/que-el-iteco-siga-creciendo-en-calidad-educativa-es-lo-mas-importante\/"},"author":{"name":"admpu17wp","@id":"https:\/\/experienciadevida.com.ar\/portalurbano\/#\/schema\/person\/02dd326b1c4b056e9cc972486934a3a7"},"headline":"&#8220;Que el Iteco siga creciendo en calidad educativa es lo m\u00e1s importante&#8221;","datePublished":"2022-06-22T00:10:28+00:00","dateModified":"2022-06-22T00:24:54+00:00","mainEntityOfPage":{"@id":"https:\/\/experienciadevida.com.ar\/portalurbano\/que-el-iteco-siga-creciendo-en-calidad-educativa-es-lo-mas-importante\/"},"wordCount":189,"publisher":{"@id":"https:\/\/experienciadevida.com.ar\/portalurbano\/#organization"},"articleSection":["Ciudad","Destacadas"],"inLanguage":"es"},{"@type":"WebPage","@id":"https:\/\/experienciadevida.com.ar\/portalurbano\/que-el-iteco-siga-creciendo-en-calidad-educativa-es-lo-mas-importante\/","url":"https:\/\/experienciadevida.com.ar\/portalurbano\/que-el-iteco-siga-creciendo-en-calidad-educativa-es-lo-mas-importante\/","name":"\"Que el Iteco siga creciendo en calidad educativa e lo m\u00e1s importante\"","isPartOf":{"@id":"https:\/\/experienciadevida.com.ar\/portalurbano\/#website"},"datePublished":"2022-06-22T00:10:28+00:00","dateModified":"2022-06-22T00:24:54+00:00","description":"\"Que el Iteco siga creciendo en calidad educativa es lo m\u00e1s importante\", el intendente Ezequiel Galli, el acto de entrega de equipamiento","breadcrumb":{"@id":"https:\/\/experienciadevida.com.ar\/portalurbano\/que-el-iteco-siga-creciendo-en-calidad-educativa-es-lo-mas-importante\/#breadcrumb"},"inLanguage":"es","potentialAction":[{"@type":"ReadAction","target":["https:\/\/experienciadevida.com.ar\/portalurbano\/que-el-iteco-siga-creciendo-en-calidad-educativa-es-lo-mas-importante\/"]}]},{"@type":"BreadcrumbList","@id":"https:\/\/experienciadevida.com.ar\/portalurbano\/que-el-iteco-siga-creciendo-en-calidad-educativa-es-lo-mas-importante\/#breadcrumb","itemListElement":[{"@type":"ListItem","position":1,"name":"Portada","item":"https:\/\/experienciadevida.com.ar\/portalurbano\/"},{"@type":"ListItem","position":2,"name":"\u00abQue el Iteco siga creciendo en calidad educativa es lo m\u00e1s importante\u00bb"}]},{"@type":"WebSite","@id":"https:\/\/experienciadevida.com.ar\/portalurbano\/#website","url":"https:\/\/experienciadevida.com.ar\/portalurbano\/","name":"","description":"","publisher":{"@id":"https:\/\/experienciadevida.com.ar\/portalurbano\/#organization"},"potentialAction":[{"@type":"SearchAction","target":{"@type":"EntryPoint","urlTemplate":"https:\/\/experienciadevida.com.ar\/portalurbano\/?s={search_term_string}"},"query-input":"required name=search_term_string"}],"inLanguage":"es"},{"@type":"Organization","@id":"https:\/\/experienciadevida.com.ar\/portalurbano\/#organization","name":"Portal Urbano","url":"https:\/\/experienciadevida.com.ar\/portalurbano\/","logo":{"@type":"ImageObject","inLanguage":"es","@id":"https:\/\/experienciadevida.com.ar\/portalurbano\/#\/schema\/logo\/image\/","url":"https:\/\/experienciadevida.com.ar\/portalurbano\/wp-content\/uploads\/2019\/09\/Logo-Original.png","contentUrl":"https:\/\/experienciadevida.com.ar\/portalurbano\/wp-content\/uploads\/2019\/09\/Logo-Original.png","width":2236,"height":1216,"caption":"Portal Urbano"},"image":{"@id":"https:\/\/experienciadevida.com.ar\/portalurbano\/#\/schema\/logo\/image\/"},"sameAs":["https:\/\/www.facebook.com\/Portal-Urbano-171542830093757\/","https:\/\/twitter.com\/portalurbanook","https:\/\/www.instagram.com\/_portalurbano\/","https:\/\/www.youtube.com\/channel\/UCXhagIfszH8KxFiOok79zbA?view_as=subscriber"]},{"@type":"Person","@id":"https:\/\/experienciadevida.com.ar\/portalurbano\/#\/schema\/person\/02dd326b1c4b056e9cc972486934a3a7","name":"admpu17wp","image":{"@type":"ImageObject","inLanguage":"es","@id":"https:\/\/experienciadevida.com.ar\/portalurbano\/#\/schema\/person\/image\/","url":"https:\/\/secure.gravatar.com\/avatar\/830d4c57adaae6630765e449a6908047?s=96&d=mm&r=g","contentUrl":"https:\/\/secure.gravatar.com\/avatar\/830d4c57adaae6630765e449a6908047?s=96&d=mm&r=g","caption":"admpu17wp"}}]}},"featured_image_urls":{"full":["https:\/\/experienciadevida.com.ar\/portalurbano\/wp-content\/uploads\/2022\/06\/Que-el-Iteco-siga.jpg",2560,1711,false],"thumbnail":["https:\/\/experienciadevida.com.ar\/portalurbano\/wp-content\/uploads\/2022\/06\/Que-el-Iteco-siga-150x150.jpg",150,150,true],"medium":["https:\/\/experienciadevida.com.ar\/portalurbano\/wp-content\/uploads\/2022\/06\/Que-el-Iteco-siga-300x201.jpg",300,201,true],"medium_large":["https:\/\/experienciadevida.com.ar\/portalurbano\/wp-content\/uploads\/2022\/06\/Que-el-Iteco-siga-768x513.jpg",640,428,true],"large":["https:\/\/experienciadevida.com.ar\/portalurbano\/wp-content\/uploads\/2022\/06\/Que-el-Iteco-siga-1024x684.jpg",640,428,true],"ug_big":["https:\/\/experienciadevida.com.ar\/portalurbano\/wp-content\/uploads\/2022\/06\/Que-el-Iteco-siga-768x513.jpg",768,513,true],"1536x1536":["https:\/\/experienciadevida.com.ar\/portalurbano\/wp-content\/uploads\/2022\/06\/Que-el-Iteco-siga-1536x1027.jpg",1536,1027,true],"2048x2048":["https:\/\/experienciadevida.com.ar\/portalurbano\/wp-content\/uploads\/2022\/06\/Que-el-Iteco-siga-2048x1369.jpg",2048,1369,true],"newsever-slider-full":["https:\/\/experienciadevida.com.ar\/portalurbano\/wp-content\/uploads\/2022\/06\/Que-el-Iteco-siga.jpg",1264,845,false],"newsever-featured":["https:\/\/experienciadevida.com.ar\/portalurbano\/wp-content\/uploads\/2022\/06\/Que-el-Iteco-siga.jpg",1024,684,false],"newsever-medium":["https:\/\/experienciadevida.com.ar\/portalurbano\/wp-content\/uploads\/2022\/06\/Que-el-Iteco-siga.jpg",711,475,false],"web-stories-poster-portrait":["https:\/\/experienciadevida.com.ar\/portalurbano\/wp-content\/uploads\/2022\/06\/Que-el-Iteco-siga.jpg",640,428,false],"web-stories-publisher-logo":["https:\/\/experienciadevida.com.ar\/portalurbano\/wp-content\/uploads\/2022\/06\/Que-el-Iteco-siga.jpg",96,64,false],"web-stories-thumbnail":["https:\/\/experienciadevida.com.ar\/portalurbano\/wp-content\/uploads\/2022\/06\/Que-el-Iteco-siga.jpg",150,100,false]},"author_info":{"display_name":"admpu17wp","author_link":"https:\/\/experienciadevida.com.ar\/portalurbano\/author\/admpu17wp\/"},"category_info":"<a href=\"https:\/\/experienciadevida.com.ar\/portalurbano\/category\/ciudad\/\" rel=\"category tag\">Ciudad<\/a> <a href=\"https:\/\/experienciadevida.com.ar\/portalurbano\/category\/destacadas\/\" rel=\"category tag\">Destacadas<\/a>","tag_info":"Destacadas","comment_count":"0","amp_enabled":true,"_links":{"self":[{"href":"https:\/\/experienciadevida.com.ar\/portalurbano\/wp-json\/wp\/v2\/posts\/169997"}],"collection":[{"href":"https:\/\/experienciadevida.com.ar\/portalurbano\/wp-json\/wp\/v2\/posts"}],"about":[{"href":"https:\/\/experienciadevida.com.ar\/portalurbano\/wp-json\/wp\/v2\/types\/post"}],"author":[{"embeddable":true,"href":"https:\/\/experienciadevida.com.ar\/portalurbano\/wp-json\/wp\/v2\/users\/1"}],"replies":[{"embeddable":true,"href":"https:\/\/experienciadevida.com.ar\/portalurbano\/wp-json\/wp\/v2\/comments?post=169997"}],"version-history":[{"count":4,"href":"https:\/\/experienciadevida.com.ar\/portalurbano\/wp-json\/wp\/v2\/posts\/169997\/revisions"}],"predecessor-version":[{"id":170005,"href":"https:\/\/experienciadevida.com.ar\/portalurbano\/wp-json\/wp\/v2\/posts\/169997\/revisions\/170005"}],"wp:featuredmedia":[{"embeddable":true,"href":"https:\/\/experienciadevida.com.ar\/portalurbano\/wp-json\/wp\/v2\/media\/169998"}],"wp:attachment":[{"href":"https:\/\/experienciadevida.com.ar\/portalurbano\/wp-json\/wp\/v2\/media?parent=169997"}],"wp:term":[{"taxonomy":"category","embeddable":true,"href":"https:\/\/experienciadevida.com.ar\/portalurbano\/wp-json\/wp\/v2\/categories?post=169997"},{"taxonomy":"post_tag","embeddable":true,"href":"https:\/\/experienciadevida.com.ar\/portalurbano\/wp-json\/wp\/v2\/tags?post=169997"}],"curies":[{"name":"wp","href":"https:\/\/api.w.org\/{rel}","templated":true}]}}