{"id":169991,"date":"2022-06-21T19:25:51","date_gmt":"2022-06-21T22:25:51","guid":{"rendered":"https:\/\/experienciadevida.com.ar\/portalurbano\/?p=169991"},"modified":"2022-06-21T19:27:11","modified_gmt":"2022-06-21T22:27:11","slug":"se-presento-el-punto-de-extension-territorial-olavarria","status":"publish","type":"post","link":"https:\/\/experienciadevida.com.ar\/portalurbano\/se-presento-el-punto-de-extension-territorial-olavarria\/","title":{"rendered":"Se present\u00f3 el Punto de Extensi\u00f3n Territorial Olavarr\u00eda"},"content":{"rendered":"<div class=\"page-header\">\n<p>Se present\u00f3 el Punto de Extensi\u00f3n Territorial Olavarr\u00eda, referentes barriales y de instituciones sociales, educativas y universitarias participaron del lanzamiento que se realiz\u00f3 en la Sociedad de Fomento Villa Mail\u00edn. En el encuentro se discutieron y pusieron en com\u00fan las problem\u00e1ticas que atraviesan a las comunidades y las organizaciones.<\/p>\n<p>En el marco de un din\u00e1mico y amigable encuentro en la sede de la entidad barrial, integrantes de diversas organizaciones e instituciones de la comunidad participaron de la presentaci\u00f3n del Punto de Extensi\u00f3n Territorial Olavarr\u00eda, una propuesta de la Universidad Nacional del Centro de la Provincia de Buenos Aires. Los Puntos de Extensi\u00f3n Territorial son estrategias para trabajar en conjunto con las comunidades que implementa la Universidad en conjunto con diversos actores territoriales a trav\u00e9s de programas, proyectos o actividades de las que participen integrantes de todas las unidades acad\u00e9micas.<\/p>\n<p>La presentaci\u00f3n inicial estuvo a cargo del Secretario de Extensi\u00f3n de la UNICEN, Mag. Daniel Herrero, junto al Lic. Sebasti\u00e1n \u00c1lvarez, integrante del \u00e1rea; adem\u00e1s de Roberto Massaro, articulador del PET Olavarr\u00eda; y autoridades de la Facultad de <a href=\"https:\/\/www.facebook.com\/facultadcienciassociales.unicen\">Ciencias Sociales,<\/a> Ciencias de la Salud e Ingenier\u00eda, entre quienes se encontraban la vicedecana de la FACSO, Dra. Mar\u00eda Luz Endere, el vicedecano de FIO, Ing. Oscar Cabrera, y su par de Salud, Lic. Bettina Bernardelli.<\/p>\n<p>En la oportunidad, Herrero agradeci\u00f3 la presencia de todos los referentes convocados, e invit\u00f3 a generar instancias de encuentros permanentes en los que se trabaje sobre el desarrollo de las pr\u00e1cticas de extensi\u00f3n en el territorio. Por su parte, \u00c1lvarez present\u00f3 la experiencia del PET en la ciudad de Tandil, que se lanz\u00f3 en el a\u00f1o 2017 luego de que evaluaran que exist\u00edan innumerables proyectos universitarios en los territorios, pero que no exist\u00eda un espacio de coordinaci\u00f3n e integraci\u00f3n entre las propuestas de extensi\u00f3n.<\/p>\n<p>Participaron referentes de distintas disciplinas de instituciones educativas, dependencias de salud, comunitarias, barriales, de la Municipalidad y universitarias, con sede e injerencia en los barrios que comprenden el Corredor Sur: Villa Mail\u00edn, Provincias Unidas, Villa Magdalena, Villa Aurora y Sector 125 viviendas.<\/p>\n<p>Luego de la presentaci\u00f3n, se marc\u00f3 en un mapa el lugar en el que se ubica cada organizaci\u00f3n, y finalmente se abri\u00f3 una mesa de debate en la que se abordaron las problem\u00e1ticas que cada una de las instituciones reconoce en sus tareas diarias en los barrios.<\/p>\n<p>Algunos de los temas que se expusieron estuvieron vinculados al acceso a servicios b\u00e1sicos, demandas referidas al alumbrado p\u00fablico y basurales clandestinos; tambi\u00e9n se abordaron situaciones vinculadas al acceso de ni\u00f1os, ni\u00f1as y adolescentes a la educaci\u00f3n y al derecho al juego, entre otras situaciones. Al cierre del encuentro se propuso realizar una nueva reuni\u00f3n, y mientras tanto trabajar en propuestas intermedias para realizar acciones en el territorio.<\/p>\n<\/div>\n","protected":false},"excerpt":{"rendered":"<p>Se present\u00f3 el Punto de Extensi\u00f3n Territorial Olavarr\u00eda, referentes barriales y de instituciones sociales, educativas&#8230;<\/p>\n","protected":false},"author":1,"featured_media":169992,"comment_status":"closed","ping_status":"closed","sticky":false,"template":"","format":"standard","meta":{"content-type":""},"categories":[31],"tags":[],"nelio_content":{"isAutoShareEnabled":false,"autoShareEndMode":"default","automationSources":{"useContentSentences":true,"useSocialTemplates":true,"useCustomSentences":false,"customSentences":[]},"followers":[1],"suggestedReferences":[],"includedReferences":[],"efiUrl":"","efiAlt":"","highlights":[]},"yoast_head":"<!-- This site is optimized with the Yoast SEO plugin v20.7 - https:\/\/yoast.com\/wordpress\/plugins\/seo\/ -->\n<title>Se present\u00f3 el punto de extensi\u00f3n territorial Olavarr\u00eda<\/title>\n<meta name=\"description\" content=\"Se present\u00f3 el Punto de Extensi\u00f3n Territorial Olavarr\u00eda, referentes barriales y de instituciones sociales, educativas y universitarias\" \/>\n<meta name=\"robots\" content=\"index, follow, max-snippet:-1, max-image-preview:large, max-video-preview:-1\" \/>\n<link rel=\"canonical\" href=\"https:\/\/experienciadevida.com.ar\/portalurbano\/se-presento-el-punto-de-extension-territorial-olavarria\/\" \/>\n<meta property=\"og:locale\" content=\"es_ES\" \/>\n<meta property=\"og:type\" content=\"article\" \/>\n<meta property=\"og:title\" content=\"Se present\u00f3 el punto de extensi\u00f3n territorial Olavarr\u00eda\" \/>\n<meta property=\"og:description\" content=\"Se present\u00f3 el Punto de Extensi\u00f3n Territorial Olavarr\u00eda, referentes barriales y de instituciones sociales, educativas y universitarias\" \/>\n<meta property=\"og:url\" content=\"https:\/\/experienciadevida.com.ar\/portalurbano\/se-presento-el-punto-de-extension-territorial-olavarria\/\" \/>\n<meta property=\"article:publisher\" content=\"https:\/\/www.facebook.com\/Portal-Urbano-171542830093757\/\" \/>\n<meta property=\"article:published_time\" content=\"2022-06-21T22:25:51+00:00\" \/>\n<meta property=\"article:modified_time\" content=\"2022-06-21T22:27:11+00:00\" \/>\n<meta property=\"og:image\" content=\"https:\/\/experienciadevida.com.ar\/portalurbano\/wp-content\/uploads\/2022\/06\/Se-presento-el-Punto.jpg\" \/>\n\t<meta property=\"og:image:width\" content=\"1280\" \/>\n\t<meta property=\"og:image:height\" content=\"853\" \/>\n\t<meta property=\"og:image:type\" content=\"image\/jpeg\" \/>\n<meta name=\"author\" content=\"admpu17wp\" \/>\n<meta name=\"twitter:card\" content=\"summary_large_image\" \/>\n<meta name=\"twitter:creator\" content=\"@portalurbanook\" \/>\n<meta name=\"twitter:site\" content=\"@portalurbanook\" \/>\n<meta name=\"twitter:label1\" content=\"Escrito por\" \/>\n\t<meta name=\"twitter:data1\" content=\"admpu17wp\" \/>\n\t<meta name=\"twitter:label2\" content=\"Tiempo de lectura\" \/>\n\t<meta name=\"twitter:data2\" content=\"3 minutos\" \/>\n<script type=\"application\/ld+json\" class=\"yoast-schema-graph\">{\"@context\":\"https:\/\/schema.org\",\"@graph\":[{\"@type\":\"Article\",\"@id\":\"https:\/\/experienciadevida.com.ar\/portalurbano\/se-presento-el-punto-de-extension-territorial-olavarria\/#article\",\"isPartOf\":{\"@id\":\"https:\/\/experienciadevida.com.ar\/portalurbano\/se-presento-el-punto-de-extension-territorial-olavarria\/\"},\"author\":{\"name\":\"admpu17wp\",\"@id\":\"https:\/\/experienciadevida.com.ar\/portalurbano\/#\/schema\/person\/02dd326b1c4b056e9cc972486934a3a7\"},\"headline\":\"Se present\u00f3 el Punto de Extensi\u00f3n Territorial Olavarr\u00eda\",\"datePublished\":\"2022-06-21T22:25:51+00:00\",\"dateModified\":\"2022-06-21T22:27:11+00:00\",\"mainEntityOfPage\":{\"@id\":\"https:\/\/experienciadevida.com.ar\/portalurbano\/se-presento-el-punto-de-extension-territorial-olavarria\/\"},\"wordCount\":500,\"publisher\":{\"@id\":\"https:\/\/experienciadevida.com.ar\/portalurbano\/#organization\"},\"articleSection\":[\"Educaci\u00f3n\"],\"inLanguage\":\"es\"},{\"@type\":\"WebPage\",\"@id\":\"https:\/\/experienciadevida.com.ar\/portalurbano\/se-presento-el-punto-de-extension-territorial-olavarria\/\",\"url\":\"https:\/\/experienciadevida.com.ar\/portalurbano\/se-presento-el-punto-de-extension-territorial-olavarria\/\",\"name\":\"Se present\u00f3 el punto de extensi\u00f3n territorial Olavarr\u00eda\",\"isPartOf\":{\"@id\":\"https:\/\/experienciadevida.com.ar\/portalurbano\/#website\"},\"datePublished\":\"2022-06-21T22:25:51+00:00\",\"dateModified\":\"2022-06-21T22:27:11+00:00\",\"description\":\"Se present\u00f3 el Punto de Extensi\u00f3n Territorial Olavarr\u00eda, referentes barriales y de instituciones sociales, educativas y universitarias\",\"breadcrumb\":{\"@id\":\"https:\/\/experienciadevida.com.ar\/portalurbano\/se-presento-el-punto-de-extension-territorial-olavarria\/#breadcrumb\"},\"inLanguage\":\"es\",\"potentialAction\":[{\"@type\":\"ReadAction\",\"target\":[\"https:\/\/experienciadevida.com.ar\/portalurbano\/se-presento-el-punto-de-extension-territorial-olavarria\/\"]}]},{\"@type\":\"BreadcrumbList\",\"@id\":\"https:\/\/experienciadevida.com.ar\/portalurbano\/se-presento-el-punto-de-extension-territorial-olavarria\/#breadcrumb\",\"itemListElement\":[{\"@type\":\"ListItem\",\"position\":1,\"name\":\"Portada\",\"item\":\"https:\/\/experienciadevida.com.ar\/portalurbano\/\"},{\"@type\":\"ListItem\",\"position\":2,\"name\":\"Se present\u00f3 el Punto de Extensi\u00f3n Territorial Olavarr\u00eda\"}]},{\"@type\":\"WebSite\",\"@id\":\"https:\/\/experienciadevida.com.ar\/portalurbano\/#website\",\"url\":\"https:\/\/experienciadevida.com.ar\/portalurbano\/\",\"name\":\"\",\"description\":\"\",\"publisher\":{\"@id\":\"https:\/\/experienciadevida.com.ar\/portalurbano\/#organization\"},\"potentialAction\":[{\"@type\":\"SearchAction\",\"target\":{\"@type\":\"EntryPoint\",\"urlTemplate\":\"https:\/\/experienciadevida.com.ar\/portalurbano\/?s={search_term_string}\"},\"query-input\":\"required name=search_term_string\"}],\"inLanguage\":\"es\"},{\"@type\":\"Organization\",\"@id\":\"https:\/\/experienciadevida.com.ar\/portalurbano\/#organization\",\"name\":\"Portal Urbano\",\"url\":\"https:\/\/experienciadevida.com.ar\/portalurbano\/\",\"logo\":{\"@type\":\"ImageObject\",\"inLanguage\":\"es\",\"@id\":\"https:\/\/experienciadevida.com.ar\/portalurbano\/#\/schema\/logo\/image\/\",\"url\":\"https:\/\/experienciadevida.com.ar\/portalurbano\/wp-content\/uploads\/2019\/09\/Logo-Original.png\",\"contentUrl\":\"https:\/\/experienciadevida.com.ar\/portalurbano\/wp-content\/uploads\/2019\/09\/Logo-Original.png\",\"width\":2236,\"height\":1216,\"caption\":\"Portal Urbano\"},\"image\":{\"@id\":\"https:\/\/experienciadevida.com.ar\/portalurbano\/#\/schema\/logo\/image\/\"},\"sameAs\":[\"https:\/\/www.facebook.com\/Portal-Urbano-171542830093757\/\",\"https:\/\/twitter.com\/portalurbanook\",\"https:\/\/www.instagram.com\/_portalurbano\/\",\"https:\/\/www.youtube.com\/channel\/UCXhagIfszH8KxFiOok79zbA?view_as=subscriber\"]},{\"@type\":\"Person\",\"@id\":\"https:\/\/experienciadevida.com.ar\/portalurbano\/#\/schema\/person\/02dd326b1c4b056e9cc972486934a3a7\",\"name\":\"admpu17wp\",\"image\":{\"@type\":\"ImageObject\",\"inLanguage\":\"es\",\"@id\":\"https:\/\/experienciadevida.com.ar\/portalurbano\/#\/schema\/person\/image\/\",\"url\":\"https:\/\/secure.gravatar.com\/avatar\/830d4c57adaae6630765e449a6908047?s=96&d=mm&r=g\",\"contentUrl\":\"https:\/\/secure.gravatar.com\/avatar\/830d4c57adaae6630765e449a6908047?s=96&d=mm&r=g\",\"caption\":\"admpu17wp\"}}]}<\/script>\n<!-- \/ Yoast SEO plugin. -->","yoast_head_json":{"title":"Se present\u00f3 el punto de extensi\u00f3n territorial Olavarr\u00eda","description":"Se present\u00f3 el Punto de Extensi\u00f3n Territorial Olavarr\u00eda, referentes barriales y de instituciones sociales, educativas y universitarias","robots":{"index":"index","follow":"follow","max-snippet":"max-snippet:-1","max-image-preview":"max-image-preview:large","max-video-preview":"max-video-preview:-1"},"canonical":"https:\/\/experienciadevida.com.ar\/portalurbano\/se-presento-el-punto-de-extension-territorial-olavarria\/","og_locale":"es_ES","og_type":"article","og_title":"Se present\u00f3 el punto de extensi\u00f3n territorial Olavarr\u00eda","og_description":"Se present\u00f3 el Punto de Extensi\u00f3n Territorial Olavarr\u00eda, referentes barriales y de instituciones sociales, educativas y universitarias","og_url":"https:\/\/experienciadevida.com.ar\/portalurbano\/se-presento-el-punto-de-extension-territorial-olavarria\/","article_publisher":"https:\/\/www.facebook.com\/Portal-Urbano-171542830093757\/","article_published_time":"2022-06-21T22:25:51+00:00","article_modified_time":"2022-06-21T22:27:11+00:00","og_image":[{"width":1280,"height":853,"url":"https:\/\/experienciadevida.com.ar\/portalurbano\/wp-content\/uploads\/2022\/06\/Se-presento-el-Punto.jpg","type":"image\/jpeg"}],"author":"admpu17wp","twitter_card":"summary_large_image","twitter_creator":"@portalurbanook","twitter_site":"@portalurbanook","twitter_misc":{"Escrito por":"admpu17wp","Tiempo de lectura":"3 minutos"},"schema":{"@context":"https:\/\/schema.org","@graph":[{"@type":"Article","@id":"https:\/\/experienciadevida.com.ar\/portalurbano\/se-presento-el-punto-de-extension-territorial-olavarria\/#article","isPartOf":{"@id":"https:\/\/experienciadevida.com.ar\/portalurbano\/se-presento-el-punto-de-extension-territorial-olavarria\/"},"author":{"name":"admpu17wp","@id":"https:\/\/experienciadevida.com.ar\/portalurbano\/#\/schema\/person\/02dd326b1c4b056e9cc972486934a3a7"},"headline":"Se present\u00f3 el Punto de Extensi\u00f3n Territorial Olavarr\u00eda","datePublished":"2022-06-21T22:25:51+00:00","dateModified":"2022-06-21T22:27:11+00:00","mainEntityOfPage":{"@id":"https:\/\/experienciadevida.com.ar\/portalurbano\/se-presento-el-punto-de-extension-territorial-olavarria\/"},"wordCount":500,"publisher":{"@id":"https:\/\/experienciadevida.com.ar\/portalurbano\/#organization"},"articleSection":["Educaci\u00f3n"],"inLanguage":"es"},{"@type":"WebPage","@id":"https:\/\/experienciadevida.com.ar\/portalurbano\/se-presento-el-punto-de-extension-territorial-olavarria\/","url":"https:\/\/experienciadevida.com.ar\/portalurbano\/se-presento-el-punto-de-extension-territorial-olavarria\/","name":"Se present\u00f3 el punto de extensi\u00f3n territorial Olavarr\u00eda","isPartOf":{"@id":"https:\/\/experienciadevida.com.ar\/portalurbano\/#website"},"datePublished":"2022-06-21T22:25:51+00:00","dateModified":"2022-06-21T22:27:11+00:00","description":"Se present\u00f3 el Punto de Extensi\u00f3n Territorial Olavarr\u00eda, referentes barriales y de instituciones sociales, educativas y universitarias","breadcrumb":{"@id":"https:\/\/experienciadevida.com.ar\/portalurbano\/se-presento-el-punto-de-extension-territorial-olavarria\/#breadcrumb"},"inLanguage":"es","potentialAction":[{"@type":"ReadAction","target":["https:\/\/experienciadevida.com.ar\/portalurbano\/se-presento-el-punto-de-extension-territorial-olavarria\/"]}]},{"@type":"BreadcrumbList","@id":"https:\/\/experienciadevida.com.ar\/portalurbano\/se-presento-el-punto-de-extension-territorial-olavarria\/#breadcrumb","itemListElement":[{"@type":"ListItem","position":1,"name":"Portada","item":"https:\/\/experienciadevida.com.ar\/portalurbano\/"},{"@type":"ListItem","position":2,"name":"Se present\u00f3 el Punto de Extensi\u00f3n Territorial Olavarr\u00eda"}]},{"@type":"WebSite","@id":"https:\/\/experienciadevida.com.ar\/portalurbano\/#website","url":"https:\/\/experienciadevida.com.ar\/portalurbano\/","name":"","description":"","publisher":{"@id":"https:\/\/experienciadevida.com.ar\/portalurbano\/#organization"},"potentialAction":[{"@type":"SearchAction","target":{"@type":"EntryPoint","urlTemplate":"https:\/\/experienciadevida.com.ar\/portalurbano\/?s={search_term_string}"},"query-input":"required name=search_term_string"}],"inLanguage":"es"},{"@type":"Organization","@id":"https:\/\/experienciadevida.com.ar\/portalurbano\/#organization","name":"Portal Urbano","url":"https:\/\/experienciadevida.com.ar\/portalurbano\/","logo":{"@type":"ImageObject","inLanguage":"es","@id":"https:\/\/experienciadevida.com.ar\/portalurbano\/#\/schema\/logo\/image\/","url":"https:\/\/experienciadevida.com.ar\/portalurbano\/wp-content\/uploads\/2019\/09\/Logo-Original.png","contentUrl":"https:\/\/experienciadevida.com.ar\/portalurbano\/wp-content\/uploads\/2019\/09\/Logo-Original.png","width":2236,"height":1216,"caption":"Portal Urbano"},"image":{"@id":"https:\/\/experienciadevida.com.ar\/portalurbano\/#\/schema\/logo\/image\/"},"sameAs":["https:\/\/www.facebook.com\/Portal-Urbano-171542830093757\/","https:\/\/twitter.com\/portalurbanook","https:\/\/www.instagram.com\/_portalurbano\/","https:\/\/www.youtube.com\/channel\/UCXhagIfszH8KxFiOok79zbA?view_as=subscriber"]},{"@type":"Person","@id":"https:\/\/experienciadevida.com.ar\/portalurbano\/#\/schema\/person\/02dd326b1c4b056e9cc972486934a3a7","name":"admpu17wp","image":{"@type":"ImageObject","inLanguage":"es","@id":"https:\/\/experienciadevida.com.ar\/portalurbano\/#\/schema\/person\/image\/","url":"https:\/\/secure.gravatar.com\/avatar\/830d4c57adaae6630765e449a6908047?s=96&d=mm&r=g","contentUrl":"https:\/\/secure.gravatar.com\/avatar\/830d4c57adaae6630765e449a6908047?s=96&d=mm&r=g","caption":"admpu17wp"}}]}},"featured_image_urls":{"full":["https:\/\/experienciadevida.com.ar\/portalurbano\/wp-content\/uploads\/2022\/06\/Se-presento-el-Punto.jpg",1280,853,false],"thumbnail":["https:\/\/experienciadevida.com.ar\/portalurbano\/wp-content\/uploads\/2022\/06\/Se-presento-el-Punto-150x150.jpg",150,150,true],"medium":["https:\/\/experienciadevida.com.ar\/portalurbano\/wp-content\/uploads\/2022\/06\/Se-presento-el-Punto-300x200.jpg",300,200,true],"medium_large":["https:\/\/experienciadevida.com.ar\/portalurbano\/wp-content\/uploads\/2022\/06\/Se-presento-el-Punto-768x512.jpg",640,427,true],"large":["https:\/\/experienciadevida.com.ar\/portalurbano\/wp-content\/uploads\/2022\/06\/Se-presento-el-Punto-1024x682.jpg",640,426,true],"ug_big":["https:\/\/experienciadevida.com.ar\/portalurbano\/wp-content\/uploads\/2022\/06\/Se-presento-el-Punto-768x512.jpg",768,512,true],"1536x1536":["https:\/\/experienciadevida.com.ar\/portalurbano\/wp-content\/uploads\/2022\/06\/Se-presento-el-Punto.jpg",1280,853,false],"2048x2048":["https:\/\/experienciadevida.com.ar\/portalurbano\/wp-content\/uploads\/2022\/06\/Se-presento-el-Punto.jpg",1280,853,false],"newsever-slider-full":["https:\/\/experienciadevida.com.ar\/portalurbano\/wp-content\/uploads\/2022\/06\/Se-presento-el-Punto.jpg",1268,845,false],"newsever-featured":["https:\/\/experienciadevida.com.ar\/portalurbano\/wp-content\/uploads\/2022\/06\/Se-presento-el-Punto.jpg",1024,682,false],"newsever-medium":["https:\/\/experienciadevida.com.ar\/portalurbano\/wp-content\/uploads\/2022\/06\/Se-presento-el-Punto.jpg",713,475,false],"web-stories-poster-portrait":["https:\/\/experienciadevida.com.ar\/portalurbano\/wp-content\/uploads\/2022\/06\/Se-presento-el-Punto.jpg",640,427,false],"web-stories-publisher-logo":["https:\/\/experienciadevida.com.ar\/portalurbano\/wp-content\/uploads\/2022\/06\/Se-presento-el-Punto.jpg",96,64,false],"web-stories-thumbnail":["https:\/\/experienciadevida.com.ar\/portalurbano\/wp-content\/uploads\/2022\/06\/Se-presento-el-Punto.jpg",150,100,false]},"author_info":{"display_name":"admpu17wp","author_link":"https:\/\/experienciadevida.com.ar\/portalurbano\/author\/admpu17wp\/"},"category_info":"<a href=\"https:\/\/experienciadevida.com.ar\/portalurbano\/category\/ciudad\/educacion\/\" rel=\"category tag\">Educaci\u00f3n<\/a>","tag_info":"Educaci\u00f3n","comment_count":"0","amp_enabled":true,"_links":{"self":[{"href":"https:\/\/experienciadevida.com.ar\/portalurbano\/wp-json\/wp\/v2\/posts\/169991"}],"collection":[{"href":"https:\/\/experienciadevida.com.ar\/portalurbano\/wp-json\/wp\/v2\/posts"}],"about":[{"href":"https:\/\/experienciadevida.com.ar\/portalurbano\/wp-json\/wp\/v2\/types\/post"}],"author":[{"embeddable":true,"href":"https:\/\/experienciadevida.com.ar\/portalurbano\/wp-json\/wp\/v2\/users\/1"}],"replies":[{"embeddable":true,"href":"https:\/\/experienciadevida.com.ar\/portalurbano\/wp-json\/wp\/v2\/comments?post=169991"}],"version-history":[{"count":1,"href":"https:\/\/experienciadevida.com.ar\/portalurbano\/wp-json\/wp\/v2\/posts\/169991\/revisions"}],"predecessor-version":[{"id":169993,"href":"https:\/\/experienciadevida.com.ar\/portalurbano\/wp-json\/wp\/v2\/posts\/169991\/revisions\/169993"}],"wp:featuredmedia":[{"embeddable":true,"href":"https:\/\/experienciadevida.com.ar\/portalurbano\/wp-json\/wp\/v2\/media\/169992"}],"wp:attachment":[{"href":"https:\/\/experienciadevida.com.ar\/portalurbano\/wp-json\/wp\/v2\/media?parent=169991"}],"wp:term":[{"taxonomy":"category","embeddable":true,"href":"https:\/\/experienciadevida.com.ar\/portalurbano\/wp-json\/wp\/v2\/categories?post=169991"},{"taxonomy":"post_tag","embeddable":true,"href":"https:\/\/experienciadevida.com.ar\/portalurbano\/wp-json\/wp\/v2\/tags?post=169991"}],"curies":[{"name":"wp","href":"https:\/\/api.w.org\/{rel}","templated":true}]}}