{"id":169988,"date":"2022-06-21T19:21:10","date_gmt":"2022-06-21T22:21:10","guid":{"rendered":"https:\/\/experienciadevida.com.ar\/portalurbano\/?p=169988"},"modified":"2022-06-21T19:23:14","modified_gmt":"2022-06-21T22:23:14","slug":"calascibetta-la-gestion-de-kicillof-tiene-una-deuda-de-mas-de-130-millones-con-el-gobierno-municipal","status":"publish","type":"post","link":"https:\/\/experienciadevida.com.ar\/portalurbano\/calascibetta-la-gestion-de-kicillof-tiene-una-deuda-de-mas-de-130-millones-con-el-gobierno-municipal\/","title":{"rendered":"Calascibetta: \u201cLa gesti\u00f3n de Kicillof tiene una deuda de m\u00e1s de 130 millones con el Gobierno Municipal\u201d"},"content":{"rendered":"<p>Calascibetta: \u201cLa gesti\u00f3n de Kicillof tiene una deuda de m\u00e1s de 130 millones con el Gobierno Municipal\u201d, el Subsecretario de Administraci\u00f3n Municipal Federico Calascibetta inform\u00f3 este martes que los gobiernos de Provincia y Naci\u00f3n mantienen una deuda superior a los 139 millones de pesos con el Gobierno Municipal.<\/p>\n<p>En este sentido, el funcionario municipal indic\u00f3 que \u201cel gobierno de Axel Kicillof tiene una enorme deuda con el Municipio que supera los 130 millones de pesos\u201d.<\/p>\n<p>\u201cDe IOMA, del Programa PACES y de anticipos jubilatorios del Instituto de Previsi\u00f3n Social (IPS), el gobierno provincial le adeuda al Municipio m\u00e1s de 110 millones de pesos. Esta deuda es absorbida y solventada por una<br \/>\ngesti\u00f3n municipal ordenada\u201d, agreg\u00f3.<\/p>\n<p>Adem\u00e1s, Calascibetta explic\u00f3 que \u201cla gesti\u00f3n de Kicillof tambi\u00e9n adeuda m\u00e1s de 20 millones de pesos en concepto de obras que ya fueron ejecutadas y abonadas por el Municipio para no perjudicar a los proveedores que son lo<br \/>\nque llevan adelante los trabajos para los vecinos de Olavarr\u00eda\u201d.<\/p>\n<p>\u201cSi no tuvi\u00e9semos una gesti\u00f3n ordenada y responsable, tendr\u00edamos que parar las obras por falta de pago de la Provincia y la Naci\u00f3n. El ejemplo m\u00e1s claro es el de la obra de cloacas de Loma Negra, una obra ya inaugurada y<br \/>\nfinalizada con dinero del Municipio\u201d, a\u00f1adi\u00f3.<\/p>\n","protected":false},"excerpt":{"rendered":"<p>Calascibetta: \u201cLa gesti\u00f3n de Kicillof tiene una deuda de m\u00e1s de 130 millones con el&#8230;<\/p>\n","protected":false},"author":1,"featured_media":169989,"comment_status":"closed","ping_status":"closed","sticky":false,"template":"","format":"standard","meta":{"content-type":""},"categories":[27,51],"tags":[],"nelio_content":{"isAutoShareEnabled":false,"autoShareEndMode":"default","automationSources":{"useContentSentences":true,"useSocialTemplates":true,"useCustomSentences":false,"customSentences":[]},"followers":[1],"suggestedReferences":[],"includedReferences":[],"efiUrl":"","efiAlt":"","highlights":[]},"yoast_head":"<!-- This site is optimized with the Yoast SEO plugin v20.7 - https:\/\/yoast.com\/wordpress\/plugins\/seo\/ -->\n<title>Calascibetta: &quot;La gesti\u00f3n de Kicillof tiene una deuda de m\u00e1s de 130&quot;<\/title>\n<meta name=\"description\" content=\"Calascibetta: \u201cLa gesti\u00f3n de Kicillof tiene una deuda de m\u00e1s de 130 millones con el Gobierno Municipal\u201d, el Subsecretario de Administraci\u00f3n\" \/>\n<meta name=\"robots\" content=\"index, follow, max-snippet:-1, max-image-preview:large, max-video-preview:-1\" \/>\n<link rel=\"canonical\" href=\"https:\/\/experienciadevida.com.ar\/portalurbano\/calascibetta-la-gestion-de-kicillof-tiene-una-deuda-de-mas-de-130-millones-con-el-gobierno-municipal\/\" \/>\n<meta property=\"og:locale\" content=\"es_ES\" \/>\n<meta property=\"og:type\" content=\"article\" \/>\n<meta property=\"og:title\" content=\"Calascibetta: &quot;La gesti\u00f3n de Kicillof tiene una deuda de m\u00e1s de 130&quot;\" \/>\n<meta property=\"og:description\" content=\"Calascibetta: \u201cLa gesti\u00f3n de Kicillof tiene una deuda de m\u00e1s de 130 millones con el Gobierno Municipal\u201d, el Subsecretario de Administraci\u00f3n\" \/>\n<meta property=\"og:url\" content=\"https:\/\/experienciadevida.com.ar\/portalurbano\/calascibetta-la-gestion-de-kicillof-tiene-una-deuda-de-mas-de-130-millones-con-el-gobierno-municipal\/\" \/>\n<meta property=\"article:publisher\" content=\"https:\/\/www.facebook.com\/Portal-Urbano-171542830093757\/\" \/>\n<meta property=\"article:published_time\" content=\"2022-06-21T22:21:10+00:00\" \/>\n<meta property=\"article:modified_time\" content=\"2022-06-21T22:23:14+00:00\" \/>\n<meta property=\"og:image\" content=\"https:\/\/experienciadevida.com.ar\/portalurbano\/wp-content\/uploads\/2022\/06\/Calascibetta-scaled.jpg\" \/>\n\t<meta property=\"og:image:width\" content=\"2560\" \/>\n\t<meta property=\"og:image:height\" content=\"1711\" \/>\n\t<meta property=\"og:image:type\" content=\"image\/jpeg\" \/>\n<meta name=\"author\" content=\"admpu17wp\" \/>\n<meta name=\"twitter:card\" content=\"summary_large_image\" \/>\n<meta name=\"twitter:creator\" content=\"@portalurbanook\" \/>\n<meta name=\"twitter:site\" content=\"@portalurbanook\" \/>\n<meta name=\"twitter:label1\" content=\"Escrito por\" \/>\n\t<meta name=\"twitter:data1\" content=\"admpu17wp\" \/>\n\t<meta name=\"twitter:label2\" content=\"Tiempo de lectura\" \/>\n\t<meta name=\"twitter:data2\" content=\"1 minuto\" \/>\n<script type=\"application\/ld+json\" class=\"yoast-schema-graph\">{\"@context\":\"https:\/\/schema.org\",\"@graph\":[{\"@type\":\"Article\",\"@id\":\"https:\/\/experienciadevida.com.ar\/portalurbano\/calascibetta-la-gestion-de-kicillof-tiene-una-deuda-de-mas-de-130-millones-con-el-gobierno-municipal\/#article\",\"isPartOf\":{\"@id\":\"https:\/\/experienciadevida.com.ar\/portalurbano\/calascibetta-la-gestion-de-kicillof-tiene-una-deuda-de-mas-de-130-millones-con-el-gobierno-municipal\/\"},\"author\":{\"name\":\"admpu17wp\",\"@id\":\"https:\/\/experienciadevida.com.ar\/portalurbano\/#\/schema\/person\/02dd326b1c4b056e9cc972486934a3a7\"},\"headline\":\"Calascibetta: \u201cLa gesti\u00f3n de Kicillof tiene una deuda de m\u00e1s de 130 millones con el Gobierno Municipal\u201d\",\"datePublished\":\"2022-06-21T22:21:10+00:00\",\"dateModified\":\"2022-06-21T22:23:14+00:00\",\"mainEntityOfPage\":{\"@id\":\"https:\/\/experienciadevida.com.ar\/portalurbano\/calascibetta-la-gestion-de-kicillof-tiene-una-deuda-de-mas-de-130-millones-con-el-gobierno-municipal\/\"},\"wordCount\":242,\"publisher\":{\"@id\":\"https:\/\/experienciadevida.com.ar\/portalurbano\/#organization\"},\"articleSection\":[\"Ciudad\",\"Destacadas\"],\"inLanguage\":\"es\"},{\"@type\":\"WebPage\",\"@id\":\"https:\/\/experienciadevida.com.ar\/portalurbano\/calascibetta-la-gestion-de-kicillof-tiene-una-deuda-de-mas-de-130-millones-con-el-gobierno-municipal\/\",\"url\":\"https:\/\/experienciadevida.com.ar\/portalurbano\/calascibetta-la-gestion-de-kicillof-tiene-una-deuda-de-mas-de-130-millones-con-el-gobierno-municipal\/\",\"name\":\"Calascibetta: \\\"La gesti\u00f3n de Kicillof tiene una deuda de m\u00e1s de 130\\\"\",\"isPartOf\":{\"@id\":\"https:\/\/experienciadevida.com.ar\/portalurbano\/#website\"},\"datePublished\":\"2022-06-21T22:21:10+00:00\",\"dateModified\":\"2022-06-21T22:23:14+00:00\",\"description\":\"Calascibetta: \u201cLa gesti\u00f3n de Kicillof tiene una deuda de m\u00e1s de 130 millones con el Gobierno Municipal\u201d, el Subsecretario de Administraci\u00f3n\",\"breadcrumb\":{\"@id\":\"https:\/\/experienciadevida.com.ar\/portalurbano\/calascibetta-la-gestion-de-kicillof-tiene-una-deuda-de-mas-de-130-millones-con-el-gobierno-municipal\/#breadcrumb\"},\"inLanguage\":\"es\",\"potentialAction\":[{\"@type\":\"ReadAction\",\"target\":[\"https:\/\/experienciadevida.com.ar\/portalurbano\/calascibetta-la-gestion-de-kicillof-tiene-una-deuda-de-mas-de-130-millones-con-el-gobierno-municipal\/\"]}]},{\"@type\":\"BreadcrumbList\",\"@id\":\"https:\/\/experienciadevida.com.ar\/portalurbano\/calascibetta-la-gestion-de-kicillof-tiene-una-deuda-de-mas-de-130-millones-con-el-gobierno-municipal\/#breadcrumb\",\"itemListElement\":[{\"@type\":\"ListItem\",\"position\":1,\"name\":\"Portada\",\"item\":\"https:\/\/experienciadevida.com.ar\/portalurbano\/\"},{\"@type\":\"ListItem\",\"position\":2,\"name\":\"Calascibetta: \u201cLa gesti\u00f3n de Kicillof tiene una deuda de m\u00e1s de 130 millones con el Gobierno Municipal\u201d\"}]},{\"@type\":\"WebSite\",\"@id\":\"https:\/\/experienciadevida.com.ar\/portalurbano\/#website\",\"url\":\"https:\/\/experienciadevida.com.ar\/portalurbano\/\",\"name\":\"\",\"description\":\"\",\"publisher\":{\"@id\":\"https:\/\/experienciadevida.com.ar\/portalurbano\/#organization\"},\"potentialAction\":[{\"@type\":\"SearchAction\",\"target\":{\"@type\":\"EntryPoint\",\"urlTemplate\":\"https:\/\/experienciadevida.com.ar\/portalurbano\/?s={search_term_string}\"},\"query-input\":\"required name=search_term_string\"}],\"inLanguage\":\"es\"},{\"@type\":\"Organization\",\"@id\":\"https:\/\/experienciadevida.com.ar\/portalurbano\/#organization\",\"name\":\"Portal Urbano\",\"url\":\"https:\/\/experienciadevida.com.ar\/portalurbano\/\",\"logo\":{\"@type\":\"ImageObject\",\"inLanguage\":\"es\",\"@id\":\"https:\/\/experienciadevida.com.ar\/portalurbano\/#\/schema\/logo\/image\/\",\"url\":\"https:\/\/experienciadevida.com.ar\/portalurbano\/wp-content\/uploads\/2019\/09\/Logo-Original.png\",\"contentUrl\":\"https:\/\/experienciadevida.com.ar\/portalurbano\/wp-content\/uploads\/2019\/09\/Logo-Original.png\",\"width\":2236,\"height\":1216,\"caption\":\"Portal Urbano\"},\"image\":{\"@id\":\"https:\/\/experienciadevida.com.ar\/portalurbano\/#\/schema\/logo\/image\/\"},\"sameAs\":[\"https:\/\/www.facebook.com\/Portal-Urbano-171542830093757\/\",\"https:\/\/twitter.com\/portalurbanook\",\"https:\/\/www.instagram.com\/_portalurbano\/\",\"https:\/\/www.youtube.com\/channel\/UCXhagIfszH8KxFiOok79zbA?view_as=subscriber\"]},{\"@type\":\"Person\",\"@id\":\"https:\/\/experienciadevida.com.ar\/portalurbano\/#\/schema\/person\/02dd326b1c4b056e9cc972486934a3a7\",\"name\":\"admpu17wp\",\"image\":{\"@type\":\"ImageObject\",\"inLanguage\":\"es\",\"@id\":\"https:\/\/experienciadevida.com.ar\/portalurbano\/#\/schema\/person\/image\/\",\"url\":\"https:\/\/secure.gravatar.com\/avatar\/830d4c57adaae6630765e449a6908047?s=96&d=mm&r=g\",\"contentUrl\":\"https:\/\/secure.gravatar.com\/avatar\/830d4c57adaae6630765e449a6908047?s=96&d=mm&r=g\",\"caption\":\"admpu17wp\"}}]}<\/script>\n<!-- \/ Yoast SEO plugin. -->","yoast_head_json":{"title":"Calascibetta: \"La gesti\u00f3n de Kicillof tiene una deuda de m\u00e1s de 130\"","description":"Calascibetta: \u201cLa gesti\u00f3n de Kicillof tiene una deuda de m\u00e1s de 130 millones con el Gobierno Municipal\u201d, el Subsecretario de Administraci\u00f3n","robots":{"index":"index","follow":"follow","max-snippet":"max-snippet:-1","max-image-preview":"max-image-preview:large","max-video-preview":"max-video-preview:-1"},"canonical":"https:\/\/experienciadevida.com.ar\/portalurbano\/calascibetta-la-gestion-de-kicillof-tiene-una-deuda-de-mas-de-130-millones-con-el-gobierno-municipal\/","og_locale":"es_ES","og_type":"article","og_title":"Calascibetta: \"La gesti\u00f3n de Kicillof tiene una deuda de m\u00e1s de 130\"","og_description":"Calascibetta: \u201cLa gesti\u00f3n de Kicillof tiene una deuda de m\u00e1s de 130 millones con el Gobierno Municipal\u201d, el Subsecretario de Administraci\u00f3n","og_url":"https:\/\/experienciadevida.com.ar\/portalurbano\/calascibetta-la-gestion-de-kicillof-tiene-una-deuda-de-mas-de-130-millones-con-el-gobierno-municipal\/","article_publisher":"https:\/\/www.facebook.com\/Portal-Urbano-171542830093757\/","article_published_time":"2022-06-21T22:21:10+00:00","article_modified_time":"2022-06-21T22:23:14+00:00","og_image":[{"width":2560,"height":1711,"url":"https:\/\/experienciadevida.com.ar\/portalurbano\/wp-content\/uploads\/2022\/06\/Calascibetta-scaled.jpg","type":"image\/jpeg"}],"author":"admpu17wp","twitter_card":"summary_large_image","twitter_creator":"@portalurbanook","twitter_site":"@portalurbanook","twitter_misc":{"Escrito por":"admpu17wp","Tiempo de lectura":"1 minuto"},"schema":{"@context":"https:\/\/schema.org","@graph":[{"@type":"Article","@id":"https:\/\/experienciadevida.com.ar\/portalurbano\/calascibetta-la-gestion-de-kicillof-tiene-una-deuda-de-mas-de-130-millones-con-el-gobierno-municipal\/#article","isPartOf":{"@id":"https:\/\/experienciadevida.com.ar\/portalurbano\/calascibetta-la-gestion-de-kicillof-tiene-una-deuda-de-mas-de-130-millones-con-el-gobierno-municipal\/"},"author":{"name":"admpu17wp","@id":"https:\/\/experienciadevida.com.ar\/portalurbano\/#\/schema\/person\/02dd326b1c4b056e9cc972486934a3a7"},"headline":"Calascibetta: \u201cLa gesti\u00f3n de Kicillof tiene una deuda de m\u00e1s de 130 millones con el Gobierno Municipal\u201d","datePublished":"2022-06-21T22:21:10+00:00","dateModified":"2022-06-21T22:23:14+00:00","mainEntityOfPage":{"@id":"https:\/\/experienciadevida.com.ar\/portalurbano\/calascibetta-la-gestion-de-kicillof-tiene-una-deuda-de-mas-de-130-millones-con-el-gobierno-municipal\/"},"wordCount":242,"publisher":{"@id":"https:\/\/experienciadevida.com.ar\/portalurbano\/#organization"},"articleSection":["Ciudad","Destacadas"],"inLanguage":"es"},{"@type":"WebPage","@id":"https:\/\/experienciadevida.com.ar\/portalurbano\/calascibetta-la-gestion-de-kicillof-tiene-una-deuda-de-mas-de-130-millones-con-el-gobierno-municipal\/","url":"https:\/\/experienciadevida.com.ar\/portalurbano\/calascibetta-la-gestion-de-kicillof-tiene-una-deuda-de-mas-de-130-millones-con-el-gobierno-municipal\/","name":"Calascibetta: \"La gesti\u00f3n de Kicillof tiene una deuda de m\u00e1s de 130\"","isPartOf":{"@id":"https:\/\/experienciadevida.com.ar\/portalurbano\/#website"},"datePublished":"2022-06-21T22:21:10+00:00","dateModified":"2022-06-21T22:23:14+00:00","description":"Calascibetta: \u201cLa gesti\u00f3n de Kicillof tiene una deuda de m\u00e1s de 130 millones con el Gobierno Municipal\u201d, el Subsecretario de Administraci\u00f3n","breadcrumb":{"@id":"https:\/\/experienciadevida.com.ar\/portalurbano\/calascibetta-la-gestion-de-kicillof-tiene-una-deuda-de-mas-de-130-millones-con-el-gobierno-municipal\/#breadcrumb"},"inLanguage":"es","potentialAction":[{"@type":"ReadAction","target":["https:\/\/experienciadevida.com.ar\/portalurbano\/calascibetta-la-gestion-de-kicillof-tiene-una-deuda-de-mas-de-130-millones-con-el-gobierno-municipal\/"]}]},{"@type":"BreadcrumbList","@id":"https:\/\/experienciadevida.com.ar\/portalurbano\/calascibetta-la-gestion-de-kicillof-tiene-una-deuda-de-mas-de-130-millones-con-el-gobierno-municipal\/#breadcrumb","itemListElement":[{"@type":"ListItem","position":1,"name":"Portada","item":"https:\/\/experienciadevida.com.ar\/portalurbano\/"},{"@type":"ListItem","position":2,"name":"Calascibetta: \u201cLa gesti\u00f3n de Kicillof tiene una deuda de m\u00e1s de 130 millones con el Gobierno Municipal\u201d"}]},{"@type":"WebSite","@id":"https:\/\/experienciadevida.com.ar\/portalurbano\/#website","url":"https:\/\/experienciadevida.com.ar\/portalurbano\/","name":"","description":"","publisher":{"@id":"https:\/\/experienciadevida.com.ar\/portalurbano\/#organization"},"potentialAction":[{"@type":"SearchAction","target":{"@type":"EntryPoint","urlTemplate":"https:\/\/experienciadevida.com.ar\/portalurbano\/?s={search_term_string}"},"query-input":"required name=search_term_string"}],"inLanguage":"es"},{"@type":"Organization","@id":"https:\/\/experienciadevida.com.ar\/portalurbano\/#organization","name":"Portal Urbano","url":"https:\/\/experienciadevida.com.ar\/portalurbano\/","logo":{"@type":"ImageObject","inLanguage":"es","@id":"https:\/\/experienciadevida.com.ar\/portalurbano\/#\/schema\/logo\/image\/","url":"https:\/\/experienciadevida.com.ar\/portalurbano\/wp-content\/uploads\/2019\/09\/Logo-Original.png","contentUrl":"https:\/\/experienciadevida.com.ar\/portalurbano\/wp-content\/uploads\/2019\/09\/Logo-Original.png","width":2236,"height":1216,"caption":"Portal Urbano"},"image":{"@id":"https:\/\/experienciadevida.com.ar\/portalurbano\/#\/schema\/logo\/image\/"},"sameAs":["https:\/\/www.facebook.com\/Portal-Urbano-171542830093757\/","https:\/\/twitter.com\/portalurbanook","https:\/\/www.instagram.com\/_portalurbano\/","https:\/\/www.youtube.com\/channel\/UCXhagIfszH8KxFiOok79zbA?view_as=subscriber"]},{"@type":"Person","@id":"https:\/\/experienciadevida.com.ar\/portalurbano\/#\/schema\/person\/02dd326b1c4b056e9cc972486934a3a7","name":"admpu17wp","image":{"@type":"ImageObject","inLanguage":"es","@id":"https:\/\/experienciadevida.com.ar\/portalurbano\/#\/schema\/person\/image\/","url":"https:\/\/secure.gravatar.com\/avatar\/830d4c57adaae6630765e449a6908047?s=96&d=mm&r=g","contentUrl":"https:\/\/secure.gravatar.com\/avatar\/830d4c57adaae6630765e449a6908047?s=96&d=mm&r=g","caption":"admpu17wp"}}]}},"featured_image_urls":{"full":["https:\/\/experienciadevida.com.ar\/portalurbano\/wp-content\/uploads\/2022\/06\/Calascibetta-scaled.jpg",2560,1711,false],"thumbnail":["https:\/\/experienciadevida.com.ar\/portalurbano\/wp-content\/uploads\/2022\/06\/Calascibetta-150x150.jpg",150,150,true],"medium":["https:\/\/experienciadevida.com.ar\/portalurbano\/wp-content\/uploads\/2022\/06\/Calascibetta-300x201.jpg",300,201,true],"medium_large":["https:\/\/experienciadevida.com.ar\/portalurbano\/wp-content\/uploads\/2022\/06\/Calascibetta-768x513.jpg",640,428,true],"large":["https:\/\/experienciadevida.com.ar\/portalurbano\/wp-content\/uploads\/2022\/06\/Calascibetta-1024x685.jpg",640,428,true],"ug_big":["https:\/\/experienciadevida.com.ar\/portalurbano\/wp-content\/uploads\/2022\/06\/Calascibetta-768x513.jpg",768,513,true],"1536x1536":["https:\/\/experienciadevida.com.ar\/portalurbano\/wp-content\/uploads\/2022\/06\/Calascibetta-1536x1027.jpg",1536,1027,true],"2048x2048":["https:\/\/experienciadevida.com.ar\/portalurbano\/wp-content\/uploads\/2022\/06\/Calascibetta-2048x1369.jpg",2048,1369,true],"newsever-slider-full":["https:\/\/experienciadevida.com.ar\/portalurbano\/wp-content\/uploads\/2022\/06\/Calascibetta-scaled.jpg",1264,845,false],"newsever-featured":["https:\/\/experienciadevida.com.ar\/portalurbano\/wp-content\/uploads\/2022\/06\/Calascibetta-scaled.jpg",1024,684,false],"newsever-medium":["https:\/\/experienciadevida.com.ar\/portalurbano\/wp-content\/uploads\/2022\/06\/Calascibetta-scaled.jpg",711,475,false],"web-stories-poster-portrait":["https:\/\/experienciadevida.com.ar\/portalurbano\/wp-content\/uploads\/2022\/06\/Calascibetta-scaled.jpg",640,428,false],"web-stories-publisher-logo":["https:\/\/experienciadevida.com.ar\/portalurbano\/wp-content\/uploads\/2022\/06\/Calascibetta-scaled.jpg",96,64,false],"web-stories-thumbnail":["https:\/\/experienciadevida.com.ar\/portalurbano\/wp-content\/uploads\/2022\/06\/Calascibetta-scaled.jpg",150,100,false]},"author_info":{"display_name":"admpu17wp","author_link":"https:\/\/experienciadevida.com.ar\/portalurbano\/author\/admpu17wp\/"},"category_info":"<a href=\"https:\/\/experienciadevida.com.ar\/portalurbano\/category\/ciudad\/\" rel=\"category tag\">Ciudad<\/a> <a href=\"https:\/\/experienciadevida.com.ar\/portalurbano\/category\/destacadas\/\" rel=\"category tag\">Destacadas<\/a>","tag_info":"Destacadas","comment_count":"0","amp_enabled":true,"_links":{"self":[{"href":"https:\/\/experienciadevida.com.ar\/portalurbano\/wp-json\/wp\/v2\/posts\/169988"}],"collection":[{"href":"https:\/\/experienciadevida.com.ar\/portalurbano\/wp-json\/wp\/v2\/posts"}],"about":[{"href":"https:\/\/experienciadevida.com.ar\/portalurbano\/wp-json\/wp\/v2\/types\/post"}],"author":[{"embeddable":true,"href":"https:\/\/experienciadevida.com.ar\/portalurbano\/wp-json\/wp\/v2\/users\/1"}],"replies":[{"embeddable":true,"href":"https:\/\/experienciadevida.com.ar\/portalurbano\/wp-json\/wp\/v2\/comments?post=169988"}],"version-history":[{"count":1,"href":"https:\/\/experienciadevida.com.ar\/portalurbano\/wp-json\/wp\/v2\/posts\/169988\/revisions"}],"predecessor-version":[{"id":169990,"href":"https:\/\/experienciadevida.com.ar\/portalurbano\/wp-json\/wp\/v2\/posts\/169988\/revisions\/169990"}],"wp:featuredmedia":[{"embeddable":true,"href":"https:\/\/experienciadevida.com.ar\/portalurbano\/wp-json\/wp\/v2\/media\/169989"}],"wp:attachment":[{"href":"https:\/\/experienciadevida.com.ar\/portalurbano\/wp-json\/wp\/v2\/media?parent=169988"}],"wp:term":[{"taxonomy":"category","embeddable":true,"href":"https:\/\/experienciadevida.com.ar\/portalurbano\/wp-json\/wp\/v2\/categories?post=169988"},{"taxonomy":"post_tag","embeddable":true,"href":"https:\/\/experienciadevida.com.ar\/portalurbano\/wp-json\/wp\/v2\/tags?post=169988"}],"curies":[{"name":"wp","href":"https:\/\/api.w.org\/{rel}","templated":true}]}}