{"id":169956,"date":"2022-06-21T13:02:13","date_gmt":"2022-06-21T16:02:13","guid":{"rendered":"https:\/\/experienciadevida.com.ar\/portalurbano\/?p=169956"},"modified":"2022-06-21T13:05:55","modified_gmt":"2022-06-21T16:05:55","slug":"numerosas-infracciones-viales-durante-el-fin-de-semana-largo","status":"publish","type":"post","link":"https:\/\/experienciadevida.com.ar\/portalurbano\/numerosas-infracciones-viales-durante-el-fin-de-semana-largo\/","title":{"rendered":"Numerosas infracciones viales durante el fin de semana largo"},"content":{"rendered":"<p>Numerosas infracciones viales durante el fin de semana largo, as\u00ed lo informaron desde la Subsecretar\u00eda de Seguridad de la <a href=\"https:\/\/www.facebook.com\/municipiodeolavarria\">Municipalidad<\/a> de Olavarr\u00eda se inform\u00f3 que durante el \u00faltimo fin de semana largo continuaron las labores preventivas y de control en materia de seguridad vial, las cuales se plasmaron en operativos est\u00e1ticos en puntos estrat\u00e9gicos de la ciudad e interceptaciones vehiculares.<\/p>\n<p><a href=\"https:\/\/experienciadevida.com.ar\/portalurbano\/numerosas-infracciones-viales-durante-el-fin-de-semana-largo\/numerosas-3\/\" rel=\"attachment wp-att-169959\"><img decoding=\"async\" class=\"alignnone size-large wp-image-169959\" src=\"https:\/\/experienciadevida.com.ar\/portalurbano\/wp-content\/uploads\/2022\/06\/Numerosas-1024x682.jpg\" alt=\"Numerosas \" width=\"900\" height=\"599\" srcset=\"https:\/\/experienciadevida.com.ar\/portalurbano\/wp-content\/uploads\/2022\/06\/Numerosas-1024x682.jpg 1024w, https:\/\/experienciadevida.com.ar\/portalurbano\/wp-content\/uploads\/2022\/06\/Numerosas-300x200.jpg 300w, https:\/\/experienciadevida.com.ar\/portalurbano\/wp-content\/uploads\/2022\/06\/Numerosas-768x512.jpg 768w, https:\/\/experienciadevida.com.ar\/portalurbano\/wp-content\/uploads\/2022\/06\/Numerosas-1536x1024.jpg 1536w, https:\/\/experienciadevida.com.ar\/portalurbano\/wp-content\/uploads\/2022\/06\/Numerosas.jpg 1772w\" sizes=\"(max-width: 900px) 100vw, 900px\" \/><\/a><\/p>\n<p>Las tareas la llevaron a cabo personal del \u00e1rea de Tr\u00e1nsito y la Direcci\u00f3n de Acci\u00f3n y Control Urbano, junto a moto polic\u00edas de la polic\u00eda Local. En ese marco fueron interceptados e identificados 109 rodados, entre autom\u00f3viles y ciclomotores. Se detall\u00f3 que se labraron un total de 66 actas, en las que se asentaron 82 infracciones a la Ley Nacional de Tr\u00e1nsito.<\/p>\n<p>Entre las faltas detectadas se enumer\u00f3 la falta de documentaci\u00f3n, el estacionamiento en lugares no permitidos y el cruce de sem\u00e1foros en rojo, entre otras irregularidades. Lo actuado se tradujo adem\u00e1s en la retenci\u00f3n de 6 licencias de conducir, 4 autom\u00f3viles y cuatro ciclomotores.<\/p>\n<p>Se narr\u00f3 adem\u00e1s que se detectaron dos alcoholemias positivas. Uno de los casos correspondi\u00f3 a un conductor que impact\u00f3 contra un poste de alumbrado p\u00fablico en el cruce de avenida Col\u00f3n y Celestino Mu\u00f1oz. El test arroj\u00f3 un dosaje de alcohol en sangre de 1,60 g\/l.<\/p>\n<p>El caso restante correspondi\u00f3 a una persona que cruz\u00f3 en rojo sem\u00e1foros de la avenida Del Valle, siendo interceptado instantes despu\u00e9s a la altura del cruce con Espa\u00f1a. El test de alcoholemia arroj\u00f3 2,30 g\/l.<\/p>\n<p>Por \u00faltimo, se inform\u00f3 que los rodados retenidos fueron trasladados al Corral\u00f3n Municipal, mientras que las actas labradas fueron elevadas al Juzgado de Faltas Municipal.<\/p>\n<p><a href=\"https:\/\/experienciadevida.com.ar\/portalurbano\/numerosas-infracciones-viales-durante-el-fin-de-semana-largo\/infracciones-4\/\" rel=\"attachment wp-att-169962\"><img decoding=\"async\" class=\"alignnone size-large wp-image-169962\" src=\"https:\/\/experienciadevida.com.ar\/portalurbano\/wp-content\/uploads\/2022\/06\/infracciones-1024x682.jpg\" alt=\"infracciones \" width=\"900\" height=\"599\" srcset=\"https:\/\/experienciadevida.com.ar\/portalurbano\/wp-content\/uploads\/2022\/06\/infracciones-1024x682.jpg 1024w, https:\/\/experienciadevida.com.ar\/portalurbano\/wp-content\/uploads\/2022\/06\/infracciones-300x200.jpg 300w, https:\/\/experienciadevida.com.ar\/portalurbano\/wp-content\/uploads\/2022\/06\/infracciones-768x512.jpg 768w, https:\/\/experienciadevida.com.ar\/portalurbano\/wp-content\/uploads\/2022\/06\/infracciones-1536x1024.jpg 1536w, https:\/\/experienciadevida.com.ar\/portalurbano\/wp-content\/uploads\/2022\/06\/infracciones.jpg 1772w\" sizes=\"(max-width: 900px) 100vw, 900px\" \/><\/a><\/p>\n","protected":false},"excerpt":{"rendered":"<p>Numerosas infracciones viales durante el fin de semana largo, as\u00ed lo informaron desde la Subsecretar\u00eda&#8230;<\/p>\n","protected":false},"author":1,"featured_media":169957,"comment_status":"closed","ping_status":"closed","sticky":false,"template":"","format":"standard","meta":{"content-type":""},"categories":[27,64],"tags":[],"nelio_content":{"isAutoShareEnabled":false,"autoShareEndMode":"default","automationSources":{"useContentSentences":true,"useSocialTemplates":true,"useCustomSentences":false,"customSentences":[]},"followers":[1],"suggestedReferences":[],"includedReferences":[],"efiUrl":"","efiAlt":"","highlights":[]},"yoast_head":"<!-- This site is optimized with the Yoast SEO plugin v20.7 - https:\/\/yoast.com\/wordpress\/plugins\/seo\/ -->\n<title>Numerosas infracciones viales durante el fin de semana largo<\/title>\n<meta name=\"description\" content=\"Numerosas infracciones viales durante el fin de semana largo, as\u00ed lo informaron desde la Subsecretar\u00eda de Seguridad de la Municipalidad\" \/>\n<meta name=\"robots\" content=\"index, follow, max-snippet:-1, max-image-preview:large, max-video-preview:-1\" \/>\n<link rel=\"canonical\" href=\"https:\/\/experienciadevida.com.ar\/portalurbano\/numerosas-infracciones-viales-durante-el-fin-de-semana-largo\/\" \/>\n<meta property=\"og:locale\" content=\"es_ES\" \/>\n<meta property=\"og:type\" content=\"article\" \/>\n<meta property=\"og:title\" content=\"Numerosas infracciones viales durante el fin de semana largo\" \/>\n<meta property=\"og:description\" content=\"Numerosas infracciones viales durante el fin de semana largo, as\u00ed lo informaron desde la Subsecretar\u00eda de Seguridad de la Municipalidad\" \/>\n<meta property=\"og:url\" content=\"https:\/\/experienciadevida.com.ar\/portalurbano\/numerosas-infracciones-viales-durante-el-fin-de-semana-largo\/\" \/>\n<meta property=\"article:publisher\" content=\"https:\/\/www.facebook.com\/Portal-Urbano-171542830093757\/\" \/>\n<meta property=\"article:published_time\" content=\"2022-06-21T16:02:13+00:00\" \/>\n<meta property=\"article:modified_time\" content=\"2022-06-21T16:05:55+00:00\" \/>\n<meta property=\"og:image\" content=\"https:\/\/experienciadevida.com.ar\/portalurbano\/wp-content\/uploads\/2022\/06\/Numerosas-infracciones-viales-durante.jpg\" \/>\n\t<meta property=\"og:image:width\" content=\"1772\" \/>\n\t<meta property=\"og:image:height\" content=\"1181\" \/>\n\t<meta property=\"og:image:type\" content=\"image\/jpeg\" \/>\n<meta name=\"author\" content=\"admpu17wp\" \/>\n<meta name=\"twitter:card\" content=\"summary_large_image\" \/>\n<meta name=\"twitter:creator\" content=\"@portalurbanook\" \/>\n<meta name=\"twitter:site\" content=\"@portalurbanook\" \/>\n<meta name=\"twitter:label1\" content=\"Escrito por\" \/>\n\t<meta name=\"twitter:data1\" content=\"admpu17wp\" \/>\n\t<meta name=\"twitter:label2\" content=\"Tiempo de lectura\" \/>\n\t<meta name=\"twitter:data2\" content=\"2 minutos\" \/>\n<script type=\"application\/ld+json\" class=\"yoast-schema-graph\">{\"@context\":\"https:\/\/schema.org\",\"@graph\":[{\"@type\":\"Article\",\"@id\":\"https:\/\/experienciadevida.com.ar\/portalurbano\/numerosas-infracciones-viales-durante-el-fin-de-semana-largo\/#article\",\"isPartOf\":{\"@id\":\"https:\/\/experienciadevida.com.ar\/portalurbano\/numerosas-infracciones-viales-durante-el-fin-de-semana-largo\/\"},\"author\":{\"name\":\"admpu17wp\",\"@id\":\"https:\/\/experienciadevida.com.ar\/portalurbano\/#\/schema\/person\/02dd326b1c4b056e9cc972486934a3a7\"},\"headline\":\"Numerosas infracciones viales durante el fin de semana largo\",\"datePublished\":\"2022-06-21T16:02:13+00:00\",\"dateModified\":\"2022-06-21T16:05:55+00:00\",\"mainEntityOfPage\":{\"@id\":\"https:\/\/experienciadevida.com.ar\/portalurbano\/numerosas-infracciones-viales-durante-el-fin-de-semana-largo\/\"},\"wordCount\":301,\"publisher\":{\"@id\":\"https:\/\/experienciadevida.com.ar\/portalurbano\/#organization\"},\"articleSection\":[\"Ciudad\",\"Destacadas 2\"],\"inLanguage\":\"es\"},{\"@type\":\"WebPage\",\"@id\":\"https:\/\/experienciadevida.com.ar\/portalurbano\/numerosas-infracciones-viales-durante-el-fin-de-semana-largo\/\",\"url\":\"https:\/\/experienciadevida.com.ar\/portalurbano\/numerosas-infracciones-viales-durante-el-fin-de-semana-largo\/\",\"name\":\"Numerosas infracciones viales durante el fin de semana largo\",\"isPartOf\":{\"@id\":\"https:\/\/experienciadevida.com.ar\/portalurbano\/#website\"},\"datePublished\":\"2022-06-21T16:02:13+00:00\",\"dateModified\":\"2022-06-21T16:05:55+00:00\",\"description\":\"Numerosas infracciones viales durante el fin de semana largo, as\u00ed lo informaron desde la Subsecretar\u00eda de Seguridad de la Municipalidad\",\"breadcrumb\":{\"@id\":\"https:\/\/experienciadevida.com.ar\/portalurbano\/numerosas-infracciones-viales-durante-el-fin-de-semana-largo\/#breadcrumb\"},\"inLanguage\":\"es\",\"potentialAction\":[{\"@type\":\"ReadAction\",\"target\":[\"https:\/\/experienciadevida.com.ar\/portalurbano\/numerosas-infracciones-viales-durante-el-fin-de-semana-largo\/\"]}]},{\"@type\":\"BreadcrumbList\",\"@id\":\"https:\/\/experienciadevida.com.ar\/portalurbano\/numerosas-infracciones-viales-durante-el-fin-de-semana-largo\/#breadcrumb\",\"itemListElement\":[{\"@type\":\"ListItem\",\"position\":1,\"name\":\"Portada\",\"item\":\"https:\/\/experienciadevida.com.ar\/portalurbano\/\"},{\"@type\":\"ListItem\",\"position\":2,\"name\":\"Numerosas infracciones viales durante el fin de semana largo\"}]},{\"@type\":\"WebSite\",\"@id\":\"https:\/\/experienciadevida.com.ar\/portalurbano\/#website\",\"url\":\"https:\/\/experienciadevida.com.ar\/portalurbano\/\",\"name\":\"\",\"description\":\"\",\"publisher\":{\"@id\":\"https:\/\/experienciadevida.com.ar\/portalurbano\/#organization\"},\"potentialAction\":[{\"@type\":\"SearchAction\",\"target\":{\"@type\":\"EntryPoint\",\"urlTemplate\":\"https:\/\/experienciadevida.com.ar\/portalurbano\/?s={search_term_string}\"},\"query-input\":\"required name=search_term_string\"}],\"inLanguage\":\"es\"},{\"@type\":\"Organization\",\"@id\":\"https:\/\/experienciadevida.com.ar\/portalurbano\/#organization\",\"name\":\"Portal Urbano\",\"url\":\"https:\/\/experienciadevida.com.ar\/portalurbano\/\",\"logo\":{\"@type\":\"ImageObject\",\"inLanguage\":\"es\",\"@id\":\"https:\/\/experienciadevida.com.ar\/portalurbano\/#\/schema\/logo\/image\/\",\"url\":\"https:\/\/experienciadevida.com.ar\/portalurbano\/wp-content\/uploads\/2019\/09\/Logo-Original.png\",\"contentUrl\":\"https:\/\/experienciadevida.com.ar\/portalurbano\/wp-content\/uploads\/2019\/09\/Logo-Original.png\",\"width\":2236,\"height\":1216,\"caption\":\"Portal Urbano\"},\"image\":{\"@id\":\"https:\/\/experienciadevida.com.ar\/portalurbano\/#\/schema\/logo\/image\/\"},\"sameAs\":[\"https:\/\/www.facebook.com\/Portal-Urbano-171542830093757\/\",\"https:\/\/twitter.com\/portalurbanook\",\"https:\/\/www.instagram.com\/_portalurbano\/\",\"https:\/\/www.youtube.com\/channel\/UCXhagIfszH8KxFiOok79zbA?view_as=subscriber\"]},{\"@type\":\"Person\",\"@id\":\"https:\/\/experienciadevida.com.ar\/portalurbano\/#\/schema\/person\/02dd326b1c4b056e9cc972486934a3a7\",\"name\":\"admpu17wp\",\"image\":{\"@type\":\"ImageObject\",\"inLanguage\":\"es\",\"@id\":\"https:\/\/experienciadevida.com.ar\/portalurbano\/#\/schema\/person\/image\/\",\"url\":\"https:\/\/secure.gravatar.com\/avatar\/830d4c57adaae6630765e449a6908047?s=96&d=mm&r=g\",\"contentUrl\":\"https:\/\/secure.gravatar.com\/avatar\/830d4c57adaae6630765e449a6908047?s=96&d=mm&r=g\",\"caption\":\"admpu17wp\"}}]}<\/script>\n<!-- \/ Yoast SEO plugin. -->","yoast_head_json":{"title":"Numerosas infracciones viales durante el fin de semana largo","description":"Numerosas infracciones viales durante el fin de semana largo, as\u00ed lo informaron desde la Subsecretar\u00eda de Seguridad de la Municipalidad","robots":{"index":"index","follow":"follow","max-snippet":"max-snippet:-1","max-image-preview":"max-image-preview:large","max-video-preview":"max-video-preview:-1"},"canonical":"https:\/\/experienciadevida.com.ar\/portalurbano\/numerosas-infracciones-viales-durante-el-fin-de-semana-largo\/","og_locale":"es_ES","og_type":"article","og_title":"Numerosas infracciones viales durante el fin de semana largo","og_description":"Numerosas infracciones viales durante el fin de semana largo, as\u00ed lo informaron desde la Subsecretar\u00eda de Seguridad de la Municipalidad","og_url":"https:\/\/experienciadevida.com.ar\/portalurbano\/numerosas-infracciones-viales-durante-el-fin-de-semana-largo\/","article_publisher":"https:\/\/www.facebook.com\/Portal-Urbano-171542830093757\/","article_published_time":"2022-06-21T16:02:13+00:00","article_modified_time":"2022-06-21T16:05:55+00:00","og_image":[{"width":1772,"height":1181,"url":"https:\/\/experienciadevida.com.ar\/portalurbano\/wp-content\/uploads\/2022\/06\/Numerosas-infracciones-viales-durante.jpg","type":"image\/jpeg"}],"author":"admpu17wp","twitter_card":"summary_large_image","twitter_creator":"@portalurbanook","twitter_site":"@portalurbanook","twitter_misc":{"Escrito por":"admpu17wp","Tiempo de lectura":"2 minutos"},"schema":{"@context":"https:\/\/schema.org","@graph":[{"@type":"Article","@id":"https:\/\/experienciadevida.com.ar\/portalurbano\/numerosas-infracciones-viales-durante-el-fin-de-semana-largo\/#article","isPartOf":{"@id":"https:\/\/experienciadevida.com.ar\/portalurbano\/numerosas-infracciones-viales-durante-el-fin-de-semana-largo\/"},"author":{"name":"admpu17wp","@id":"https:\/\/experienciadevida.com.ar\/portalurbano\/#\/schema\/person\/02dd326b1c4b056e9cc972486934a3a7"},"headline":"Numerosas infracciones viales durante el fin de semana largo","datePublished":"2022-06-21T16:02:13+00:00","dateModified":"2022-06-21T16:05:55+00:00","mainEntityOfPage":{"@id":"https:\/\/experienciadevida.com.ar\/portalurbano\/numerosas-infracciones-viales-durante-el-fin-de-semana-largo\/"},"wordCount":301,"publisher":{"@id":"https:\/\/experienciadevida.com.ar\/portalurbano\/#organization"},"articleSection":["Ciudad","Destacadas 2"],"inLanguage":"es"},{"@type":"WebPage","@id":"https:\/\/experienciadevida.com.ar\/portalurbano\/numerosas-infracciones-viales-durante-el-fin-de-semana-largo\/","url":"https:\/\/experienciadevida.com.ar\/portalurbano\/numerosas-infracciones-viales-durante-el-fin-de-semana-largo\/","name":"Numerosas infracciones viales durante el fin de semana largo","isPartOf":{"@id":"https:\/\/experienciadevida.com.ar\/portalurbano\/#website"},"datePublished":"2022-06-21T16:02:13+00:00","dateModified":"2022-06-21T16:05:55+00:00","description":"Numerosas infracciones viales durante el fin de semana largo, as\u00ed lo informaron desde la Subsecretar\u00eda de Seguridad de la Municipalidad","breadcrumb":{"@id":"https:\/\/experienciadevida.com.ar\/portalurbano\/numerosas-infracciones-viales-durante-el-fin-de-semana-largo\/#breadcrumb"},"inLanguage":"es","potentialAction":[{"@type":"ReadAction","target":["https:\/\/experienciadevida.com.ar\/portalurbano\/numerosas-infracciones-viales-durante-el-fin-de-semana-largo\/"]}]},{"@type":"BreadcrumbList","@id":"https:\/\/experienciadevida.com.ar\/portalurbano\/numerosas-infracciones-viales-durante-el-fin-de-semana-largo\/#breadcrumb","itemListElement":[{"@type":"ListItem","position":1,"name":"Portada","item":"https:\/\/experienciadevida.com.ar\/portalurbano\/"},{"@type":"ListItem","position":2,"name":"Numerosas infracciones viales durante el fin de semana largo"}]},{"@type":"WebSite","@id":"https:\/\/experienciadevida.com.ar\/portalurbano\/#website","url":"https:\/\/experienciadevida.com.ar\/portalurbano\/","name":"","description":"","publisher":{"@id":"https:\/\/experienciadevida.com.ar\/portalurbano\/#organization"},"potentialAction":[{"@type":"SearchAction","target":{"@type":"EntryPoint","urlTemplate":"https:\/\/experienciadevida.com.ar\/portalurbano\/?s={search_term_string}"},"query-input":"required name=search_term_string"}],"inLanguage":"es"},{"@type":"Organization","@id":"https:\/\/experienciadevida.com.ar\/portalurbano\/#organization","name":"Portal Urbano","url":"https:\/\/experienciadevida.com.ar\/portalurbano\/","logo":{"@type":"ImageObject","inLanguage":"es","@id":"https:\/\/experienciadevida.com.ar\/portalurbano\/#\/schema\/logo\/image\/","url":"https:\/\/experienciadevida.com.ar\/portalurbano\/wp-content\/uploads\/2019\/09\/Logo-Original.png","contentUrl":"https:\/\/experienciadevida.com.ar\/portalurbano\/wp-content\/uploads\/2019\/09\/Logo-Original.png","width":2236,"height":1216,"caption":"Portal Urbano"},"image":{"@id":"https:\/\/experienciadevida.com.ar\/portalurbano\/#\/schema\/logo\/image\/"},"sameAs":["https:\/\/www.facebook.com\/Portal-Urbano-171542830093757\/","https:\/\/twitter.com\/portalurbanook","https:\/\/www.instagram.com\/_portalurbano\/","https:\/\/www.youtube.com\/channel\/UCXhagIfszH8KxFiOok79zbA?view_as=subscriber"]},{"@type":"Person","@id":"https:\/\/experienciadevida.com.ar\/portalurbano\/#\/schema\/person\/02dd326b1c4b056e9cc972486934a3a7","name":"admpu17wp","image":{"@type":"ImageObject","inLanguage":"es","@id":"https:\/\/experienciadevida.com.ar\/portalurbano\/#\/schema\/person\/image\/","url":"https:\/\/secure.gravatar.com\/avatar\/830d4c57adaae6630765e449a6908047?s=96&d=mm&r=g","contentUrl":"https:\/\/secure.gravatar.com\/avatar\/830d4c57adaae6630765e449a6908047?s=96&d=mm&r=g","caption":"admpu17wp"}}]}},"featured_image_urls":{"full":["https:\/\/experienciadevida.com.ar\/portalurbano\/wp-content\/uploads\/2022\/06\/Numerosas-infracciones-viales-durante.jpg",1772,1181,false],"thumbnail":["https:\/\/experienciadevida.com.ar\/portalurbano\/wp-content\/uploads\/2022\/06\/Numerosas-infracciones-viales-durante-150x150.jpg",150,150,true],"medium":["https:\/\/experienciadevida.com.ar\/portalurbano\/wp-content\/uploads\/2022\/06\/Numerosas-infracciones-viales-durante-300x200.jpg",300,200,true],"medium_large":["https:\/\/experienciadevida.com.ar\/portalurbano\/wp-content\/uploads\/2022\/06\/Numerosas-infracciones-viales-durante-768x512.jpg",640,427,true],"large":["https:\/\/experienciadevida.com.ar\/portalurbano\/wp-content\/uploads\/2022\/06\/Numerosas-infracciones-viales-durante-1024x682.jpg",640,426,true],"ug_big":["https:\/\/experienciadevida.com.ar\/portalurbano\/wp-content\/uploads\/2022\/06\/Numerosas-infracciones-viales-durante-768x512.jpg",768,512,true],"1536x1536":["https:\/\/experienciadevida.com.ar\/portalurbano\/wp-content\/uploads\/2022\/06\/Numerosas-infracciones-viales-durante-1536x1024.jpg",1536,1024,true],"2048x2048":["https:\/\/experienciadevida.com.ar\/portalurbano\/wp-content\/uploads\/2022\/06\/Numerosas-infracciones-viales-durante.jpg",1772,1181,false],"newsever-slider-full":["https:\/\/experienciadevida.com.ar\/portalurbano\/wp-content\/uploads\/2022\/06\/Numerosas-infracciones-viales-durante.jpg",1268,845,false],"newsever-featured":["https:\/\/experienciadevida.com.ar\/portalurbano\/wp-content\/uploads\/2022\/06\/Numerosas-infracciones-viales-durante.jpg",1024,682,false],"newsever-medium":["https:\/\/experienciadevida.com.ar\/portalurbano\/wp-content\/uploads\/2022\/06\/Numerosas-infracciones-viales-durante.jpg",713,475,false],"web-stories-poster-portrait":["https:\/\/experienciadevida.com.ar\/portalurbano\/wp-content\/uploads\/2022\/06\/Numerosas-infracciones-viales-durante.jpg",640,427,false],"web-stories-publisher-logo":["https:\/\/experienciadevida.com.ar\/portalurbano\/wp-content\/uploads\/2022\/06\/Numerosas-infracciones-viales-durante.jpg",96,64,false],"web-stories-thumbnail":["https:\/\/experienciadevida.com.ar\/portalurbano\/wp-content\/uploads\/2022\/06\/Numerosas-infracciones-viales-durante.jpg",150,100,false]},"author_info":{"display_name":"admpu17wp","author_link":"https:\/\/experienciadevida.com.ar\/portalurbano\/author\/admpu17wp\/"},"category_info":"<a href=\"https:\/\/experienciadevida.com.ar\/portalurbano\/category\/ciudad\/\" rel=\"category tag\">Ciudad<\/a> <a href=\"https:\/\/experienciadevida.com.ar\/portalurbano\/category\/destacadas-2\/\" rel=\"category tag\">Destacadas 2<\/a>","tag_info":"Destacadas 2","comment_count":"0","amp_enabled":true,"_links":{"self":[{"href":"https:\/\/experienciadevida.com.ar\/portalurbano\/wp-json\/wp\/v2\/posts\/169956"}],"collection":[{"href":"https:\/\/experienciadevida.com.ar\/portalurbano\/wp-json\/wp\/v2\/posts"}],"about":[{"href":"https:\/\/experienciadevida.com.ar\/portalurbano\/wp-json\/wp\/v2\/types\/post"}],"author":[{"embeddable":true,"href":"https:\/\/experienciadevida.com.ar\/portalurbano\/wp-json\/wp\/v2\/users\/1"}],"replies":[{"embeddable":true,"href":"https:\/\/experienciadevida.com.ar\/portalurbano\/wp-json\/wp\/v2\/comments?post=169956"}],"version-history":[{"count":4,"href":"https:\/\/experienciadevida.com.ar\/portalurbano\/wp-json\/wp\/v2\/posts\/169956\/revisions"}],"predecessor-version":[{"id":169964,"href":"https:\/\/experienciadevida.com.ar\/portalurbano\/wp-json\/wp\/v2\/posts\/169956\/revisions\/169964"}],"wp:featuredmedia":[{"embeddable":true,"href":"https:\/\/experienciadevida.com.ar\/portalurbano\/wp-json\/wp\/v2\/media\/169957"}],"wp:attachment":[{"href":"https:\/\/experienciadevida.com.ar\/portalurbano\/wp-json\/wp\/v2\/media?parent=169956"}],"wp:term":[{"taxonomy":"category","embeddable":true,"href":"https:\/\/experienciadevida.com.ar\/portalurbano\/wp-json\/wp\/v2\/categories?post=169956"},{"taxonomy":"post_tag","embeddable":true,"href":"https:\/\/experienciadevida.com.ar\/portalurbano\/wp-json\/wp\/v2\/tags?post=169956"}],"curies":[{"name":"wp","href":"https:\/\/api.w.org\/{rel}","templated":true}]}}