{"id":169949,"date":"2022-06-21T12:43:41","date_gmt":"2022-06-21T15:43:41","guid":{"rendered":"https:\/\/experienciadevida.com.ar\/portalurbano\/?p=169949"},"modified":"2022-06-21T12:50:14","modified_gmt":"2022-06-21T15:50:14","slug":"celebro-el-trabajo-la-articulacion-y-que-estemos-todos-en-la-mesa","status":"publish","type":"post","link":"https:\/\/experienciadevida.com.ar\/portalurbano\/celebro-el-trabajo-la-articulacion-y-que-estemos-todos-en-la-mesa\/","title":{"rendered":"\u201cCelebro el trabajo, la articulaci\u00f3n y que estemos todos en la Mesa\u201d"},"content":{"rendered":"<p>\u201cCelebro el trabajo, la articulaci\u00f3n y que estemos todos en la Mesa\u201d, en la ma\u00f1ana de este martes, se firm\u00f3 la renovaci\u00f3n del Acta Acuerdo que propone formular y\/o actualizar una estrategia comunicacional conjunta para un adecuado tratamiento informativo en los medios de comunicaci\u00f3n locales \u2013sobre la base de est\u00e1ndares regulados por el Estado Nacional\u2013 respecto de situaciones de violencia por razones de g\u00e9nero, especialmente vinculadas con mujeres, y\/o contra ni\u00f1as, ni\u00f1os y adolescentes, y\/o personas de la diversidad.<\/p>\n<p><a href=\"https:\/\/experienciadevida.com.ar\/portalurbano\/celebro-el-trabajo-la-articulacion-y-que-estemos-todos-en-la-mesa\/celebro\/\" rel=\"attachment wp-att-169952\"><img decoding=\"async\" class=\"alignnone size-large wp-image-169952\" src=\"https:\/\/experienciadevida.com.ar\/portalurbano\/wp-content\/uploads\/2022\/06\/Celebro-1024x684.jpg\" alt=\"Celebro \" width=\"900\" height=\"601\" srcset=\"https:\/\/experienciadevida.com.ar\/portalurbano\/wp-content\/uploads\/2022\/06\/Celebro-1024x684.jpg 1024w, https:\/\/experienciadevida.com.ar\/portalurbano\/wp-content\/uploads\/2022\/06\/Celebro-300x201.jpg 300w, https:\/\/experienciadevida.com.ar\/portalurbano\/wp-content\/uploads\/2022\/06\/Celebro-768x513.jpg 768w, https:\/\/experienciadevida.com.ar\/portalurbano\/wp-content\/uploads\/2022\/06\/Celebro-1536x1027.jpg 1536w, https:\/\/experienciadevida.com.ar\/portalurbano\/wp-content\/uploads\/2022\/06\/Celebro-2048x1369.jpg 2048w\" sizes=\"(max-width: 900px) 100vw, 900px\" \/><\/a><\/p>\n<p>El acto fue encabezado por el intendente <a href=\"https:\/\/www.facebook.com\/galliezequiel\">Ezequiel Galli<\/a>, acompa\u00f1ado por el secretario de Desarrollo Humano y Calidad de Vida Diego Robbiani, la directora de Pol\u00edticas de G\u00e9nero Florencia Caro, los jueces de Familia F\u00e9lix Adri\u00e1n Ferr\u00e1n (JF1) y Santiago Arrondo (JF2), el ayudante Fiscal Jos\u00e9 Iturralde y Mar\u00eda Eugenia Iturralde como representante de la Mesa Local contra la Violencia Familiar y de G\u00e9nero.<\/p>\n<p>\u201cEl tratamiento respetuoso de los hechos que afectan la vida y el derecho a la intimidad de las personas, implica comprender tambi\u00e9n que no hay posibilidad de construir algo nuevo sin poder deconstruir lo previo, y es en ese trabajo tan desafiante que estamos desde la perspectiva de g\u00e9nero, desde un enfoque interseccional y no sexista en el centro de la escena. Es por eso que estamos aqu\u00ed reunidos, reunidas, y que celebramos poder renovar este compromiso para este a\u00f1o de trabajo intenso que nos espera\u201d, sostuvo Florencia Caro.<\/p>\n<p>Por su parte Jos\u00e9 Iturralde se\u00f1al\u00f3 que \u201cen representaci\u00f3n del Ministerio P\u00fablico quer\u00eda primero agradecer a la convocatoria y felicitar la iniciativa. Recordar que el a\u00f1o pasado fue algo sumamente fruct\u00edfero, desde el momento de la firma de este Acta Acuerdo a los pasos que le siguieron, e incluso a las comunicaciones que hubo en quienes las hicieron conforme al convenio que se suscribi\u00f3. Creo que fue una experiencia enriquecedora. Agradezco tambi\u00e9n la posibilidad que tuve el a\u00f1o pasado de compartir una de las capacitaciones con quienes firmaron este acuerdo, otra experiencia tambi\u00e9n inolvidable y que netamente es el camino para crecer en esto. Concuerdo en que para deconstruir, hay que hay que poder construir algo, y ese algo se construye con di\u00e1logo; y ese di\u00e1logo es el que el que se propicia cuando uno suscribe o adhiere a iniciativas como estas\u201d.<\/p>\n<p>Por su parte, el Juez de Familia Santiago Arrondo continu\u00f3: \u201cCelebramos estos encuentros y agradecemos la posibilidad de renovar el compromiso vinculado a la comunicaci\u00f3n responsable, en todo lo que tiene que ver con las tem\u00e1ticas tan delicadas como la que nos convocan. Creo que siempre tenemos que pensar que se puede hacer algo m\u00e1s y coincido plenamente con lo que dice Jos\u00e9 (Iturralde), que hemos avanzado much\u00edsimo desde la firma del primer Acta Acuerdo, pero que tenemos todav\u00eda tambi\u00e9n m\u00e1s por hacer desde todos los operadores que nos encontramos vinculados al tratamiento de esta tem\u00e1tica tan sensible. Esto es un excelente punto de partida para seguir renovando el compromiso\u201d.<\/p>\n<p>Por su parte, el Juez F\u00e9lix Ferr\u00e1n indic\u00f3 que \u201cyo hace muy poquito que estoy aqu\u00ed, vengo de Mar de Plata, y cuando me plantearon firmar este acuerdo, la verdad que me parece fant\u00e1stico, muy novedoso, nunca lo hab\u00eda visto. Nosotros trabajamos a puertas abiertas y siempre vamos interactuar con todos los organismos con los que sea posible, a los efectos de poder mejorar\u201d.<\/p>\n<p>El secretario de Desarrollo Humano y Calidad de Vida Diego Robbiani agradeci\u00f3 \u201ca todos los medios que se acercaron, que van a firmar un Acta Acuerdo que no tiene car\u00e1cter obligatorio: lo hacen porque quieren comunicar de otra manera y es algo muy importante para destacar. Y realmente la convocatoria ha sido excelente, quiero felicitar a todo el equipo, venimos en todos estos a\u00f1os -desde la decisi\u00f3n de Ezequiel de crear la Direcci\u00f3n de Pol\u00edticas de G\u00e9nero- y hemos generado una red impresionante\u201d.<\/p>\n<p>Seguidamente, Mar\u00eda Eugenia Iturralde habl\u00f3 \u201cen representaci\u00f3n del equipo que est\u00e1 trabajando con los medios de comunicaci\u00f3n desde la Mesa Local, queremos este a\u00f1o apostar nuevamente este proyecto. El a\u00f1o pasado logramos una gran asistencia en los encuentros que tuvimos para reflexionar sobre las publicaciones y ha sido muy fruct\u00edfero. Tambi\u00e9n quiero decir que han sido protagonistas periodistas, al acercarse y tratar de coordinar esos encuentros, porque tambi\u00e9n es importante tener en cuenta la agenda de quienes trabajan en los medios de comunicaci\u00f3n al momento de organizar este tipo de de iniciativas. Queremos destacar tambi\u00e9n todo lo que se ha avanzado o todas las veces que se han mostrado colaborativos y colaborativas, se ha dado un ida y vuelta en donde se han comunicado con nosotras a veces con alguna pregunta, con alguna inquietud diciendo \u00bfc\u00f3mo publico esto? \u00bfC\u00f3mo abordo este tipo de noticias?, lo enriquecedor ha sido este intercambio\u201d.<\/p>\n<p>El Intendente Ezequiel Galli, celebr\u00f3 que \u201ctenemos los dos Juzgados de Familia con su con su Juez a cargo. Esto es una gran noticia para Olavarr\u00eda y que se haya sumado F\u00e9lix (Ferr\u00e1n) al trabajo desde su Juzgado -con la experiencia que trae- tambi\u00e9n me parece importante para la ciudad para el partido y para la justicia local\u201d.<\/p>\n<p><a href=\"https:\/\/experienciadevida.com.ar\/portalurbano\/celebro-el-trabajo-la-articulacion-y-que-estemos-todos-en-la-mesa\/el-28\/\" rel=\"attachment wp-att-169954\"><img decoding=\"async\" class=\"alignnone size-large wp-image-169954\" src=\"https:\/\/experienciadevida.com.ar\/portalurbano\/wp-content\/uploads\/2022\/06\/El-3-1024x684.jpg\" alt=\"El \" width=\"900\" height=\"601\" srcset=\"https:\/\/experienciadevida.com.ar\/portalurbano\/wp-content\/uploads\/2022\/06\/El-3-1024x684.jpg 1024w, https:\/\/experienciadevida.com.ar\/portalurbano\/wp-content\/uploads\/2022\/06\/El-3-300x201.jpg 300w, https:\/\/experienciadevida.com.ar\/portalurbano\/wp-content\/uploads\/2022\/06\/El-3-768x513.jpg 768w, https:\/\/experienciadevida.com.ar\/portalurbano\/wp-content\/uploads\/2022\/06\/El-3-1536x1027.jpg 1536w, https:\/\/experienciadevida.com.ar\/portalurbano\/wp-content\/uploads\/2022\/06\/El-3-2048x1369.jpg 2048w\" sizes=\"(max-width: 900px) 100vw, 900px\" \/><\/a><\/p>\n<p>\u201cYo simplemente quiero agradecer el trabajo del equipo y pensaba cuando hablaba de la Mesa: qu\u00e9 bueno que la mesa tenga tantas patas. Cuando una mesa tiene pocas patas, es una mesa floja, es una mesa tambaleante, es una mesa que no tiene fuerza. Si seguimos sumando patas a esta mesa, va a ser una mesa cada vez m\u00e1s fuerte, cada vez m\u00e1s robusta y que se puede trabajar tranquilamente\u201d, agreg\u00f3.<\/p>\n<p>Finalmente celebr\u00f3 la \u201cresponsabilidad en una tem\u00e1tica que es tan compleja y tan importante. Destaco el compromiso de los medios de comunicaci\u00f3n, siempre falta m\u00e1s, hay que seguir trabajando. Ese es el trabajo que tenemos desde nuestro lugar de seguir convoc\u00e1ndonos, de seguir sumando en la Mesa. Celebro el trabajo, la articulaci\u00f3n, que estemos todos en la mesa y que podamos seguir pensando en cuestiones que tienen que ver con algo tan sensible como es la no revictimizaci\u00f3n y el tratamiento responsable de de las noticias en el Partido de Olavarr\u00eda, que es algo -como dec\u00eda F\u00e9lix- muy novedoso y que no es algo que se vea todos lados. Qu\u00e9 bueno tambi\u00e9n que seamos punta de lanza para que se pueda seguir replicando en otros distritos y que todos podamos ser un poquito mejor\u201d.<\/p>\n<p>Los medios de comunicaci\u00f3n que firmaron el acta acuerdo fueron: Fm 99.9 y Moebius 107.1, Radio M 103.9, Infoeme, Radio Olavarr\u00eda, Central de Noticias, Planeta Cultural, Portal Urbano, Miradas del Centro, Radio Universidad, Agencia Comunica, FACSO Producciones (Facultad de Ciencias Sociales), Multimedios El Popular, Fm La 90, Radio Sapiens 102.7, En L\u00ednea Noticias, Verte TV, Primera Info y Olavarr\u00eda Noticias.<\/p>\n","protected":false},"excerpt":{"rendered":"<p>\u201cCelebro el trabajo, la articulaci\u00f3n y que estemos todos en la Mesa\u201d, en la ma\u00f1ana&#8230;<\/p>\n","protected":false},"author":1,"featured_media":169950,"comment_status":"closed","ping_status":"closed","sticky":false,"template":"","format":"standard","meta":{"content-type":""},"categories":[27,51],"tags":[],"nelio_content":{"isAutoShareEnabled":false,"autoShareEndMode":"default","automationSources":{"useContentSentences":true,"useSocialTemplates":true,"useCustomSentences":false,"customSentences":[]},"followers":[1],"suggestedReferences":[],"includedReferences":[],"efiUrl":"","efiAlt":"","highlights":[]},"yoast_head":"<!-- This site is optimized with the Yoast SEO plugin v20.7 - https:\/\/yoast.com\/wordpress\/plugins\/seo\/ -->\n<title>&quot;Celebro el trabajo, la articulaci\u00f3n y que estemos todos en la mesa&quot;<\/title>\n<meta name=\"description\" content=\"\u201cCelebro el trabajo, la articulaci\u00f3n y que estemos todos en la Mesa\u201d, en la ma\u00f1ana de este martes, se firm\u00f3 la renovaci\u00f3n del Acta Acuerdo\" \/>\n<meta name=\"robots\" content=\"index, follow, max-snippet:-1, max-image-preview:large, max-video-preview:-1\" \/>\n<link rel=\"canonical\" href=\"https:\/\/experienciadevida.com.ar\/portalurbano\/celebro-el-trabajo-la-articulacion-y-que-estemos-todos-en-la-mesa\/\" \/>\n<meta property=\"og:locale\" content=\"es_ES\" \/>\n<meta property=\"og:type\" content=\"article\" \/>\n<meta property=\"og:title\" content=\"&quot;Celebro el trabajo, la articulaci\u00f3n y que estemos todos en la mesa&quot;\" \/>\n<meta property=\"og:description\" content=\"\u201cCelebro el trabajo, la articulaci\u00f3n y que estemos todos en la Mesa\u201d, en la ma\u00f1ana de este martes, se firm\u00f3 la renovaci\u00f3n del Acta Acuerdo\" \/>\n<meta property=\"og:url\" content=\"https:\/\/experienciadevida.com.ar\/portalurbano\/celebro-el-trabajo-la-articulacion-y-que-estemos-todos-en-la-mesa\/\" \/>\n<meta property=\"article:publisher\" content=\"https:\/\/www.facebook.com\/Portal-Urbano-171542830093757\/\" \/>\n<meta property=\"article:published_time\" content=\"2022-06-21T15:43:41+00:00\" \/>\n<meta property=\"article:modified_time\" content=\"2022-06-21T15:50:14+00:00\" \/>\n<meta property=\"og:image\" content=\"https:\/\/experienciadevida.com.ar\/portalurbano\/wp-content\/uploads\/2022\/06\/Celebro-el-trabajo.jpg\" \/>\n\t<meta property=\"og:image:width\" content=\"2560\" \/>\n\t<meta property=\"og:image:height\" content=\"1711\" \/>\n\t<meta property=\"og:image:type\" content=\"image\/jpeg\" \/>\n<meta name=\"author\" content=\"admpu17wp\" \/>\n<meta name=\"twitter:card\" content=\"summary_large_image\" \/>\n<meta name=\"twitter:creator\" content=\"@portalurbanook\" \/>\n<meta name=\"twitter:site\" content=\"@portalurbanook\" \/>\n<meta name=\"twitter:label1\" content=\"Escrito por\" \/>\n\t<meta name=\"twitter:data1\" content=\"admpu17wp\" \/>\n\t<meta name=\"twitter:label2\" content=\"Tiempo de lectura\" \/>\n\t<meta name=\"twitter:data2\" content=\"6 minutos\" \/>\n<script type=\"application\/ld+json\" class=\"yoast-schema-graph\">{\"@context\":\"https:\/\/schema.org\",\"@graph\":[{\"@type\":\"Article\",\"@id\":\"https:\/\/experienciadevida.com.ar\/portalurbano\/celebro-el-trabajo-la-articulacion-y-que-estemos-todos-en-la-mesa\/#article\",\"isPartOf\":{\"@id\":\"https:\/\/experienciadevida.com.ar\/portalurbano\/celebro-el-trabajo-la-articulacion-y-que-estemos-todos-en-la-mesa\/\"},\"author\":{\"name\":\"admpu17wp\",\"@id\":\"https:\/\/experienciadevida.com.ar\/portalurbano\/#\/schema\/person\/02dd326b1c4b056e9cc972486934a3a7\"},\"headline\":\"\u201cCelebro el trabajo, la articulaci\u00f3n y que estemos todos en la Mesa\u201d\",\"datePublished\":\"2022-06-21T15:43:41+00:00\",\"dateModified\":\"2022-06-21T15:50:14+00:00\",\"mainEntityOfPage\":{\"@id\":\"https:\/\/experienciadevida.com.ar\/portalurbano\/celebro-el-trabajo-la-articulacion-y-que-estemos-todos-en-la-mesa\/\"},\"wordCount\":1195,\"publisher\":{\"@id\":\"https:\/\/experienciadevida.com.ar\/portalurbano\/#organization\"},\"articleSection\":[\"Ciudad\",\"Destacadas\"],\"inLanguage\":\"es\"},{\"@type\":\"WebPage\",\"@id\":\"https:\/\/experienciadevida.com.ar\/portalurbano\/celebro-el-trabajo-la-articulacion-y-que-estemos-todos-en-la-mesa\/\",\"url\":\"https:\/\/experienciadevida.com.ar\/portalurbano\/celebro-el-trabajo-la-articulacion-y-que-estemos-todos-en-la-mesa\/\",\"name\":\"\\\"Celebro el trabajo, la articulaci\u00f3n y que estemos todos en la mesa\\\"\",\"isPartOf\":{\"@id\":\"https:\/\/experienciadevida.com.ar\/portalurbano\/#website\"},\"datePublished\":\"2022-06-21T15:43:41+00:00\",\"dateModified\":\"2022-06-21T15:50:14+00:00\",\"description\":\"\u201cCelebro el trabajo, la articulaci\u00f3n y que estemos todos en la Mesa\u201d, en la ma\u00f1ana de este martes, se firm\u00f3 la renovaci\u00f3n del Acta Acuerdo\",\"breadcrumb\":{\"@id\":\"https:\/\/experienciadevida.com.ar\/portalurbano\/celebro-el-trabajo-la-articulacion-y-que-estemos-todos-en-la-mesa\/#breadcrumb\"},\"inLanguage\":\"es\",\"potentialAction\":[{\"@type\":\"ReadAction\",\"target\":[\"https:\/\/experienciadevida.com.ar\/portalurbano\/celebro-el-trabajo-la-articulacion-y-que-estemos-todos-en-la-mesa\/\"]}]},{\"@type\":\"BreadcrumbList\",\"@id\":\"https:\/\/experienciadevida.com.ar\/portalurbano\/celebro-el-trabajo-la-articulacion-y-que-estemos-todos-en-la-mesa\/#breadcrumb\",\"itemListElement\":[{\"@type\":\"ListItem\",\"position\":1,\"name\":\"Portada\",\"item\":\"https:\/\/experienciadevida.com.ar\/portalurbano\/\"},{\"@type\":\"ListItem\",\"position\":2,\"name\":\"\u201cCelebro el trabajo, la articulaci\u00f3n y que estemos todos en la Mesa\u201d\"}]},{\"@type\":\"WebSite\",\"@id\":\"https:\/\/experienciadevida.com.ar\/portalurbano\/#website\",\"url\":\"https:\/\/experienciadevida.com.ar\/portalurbano\/\",\"name\":\"\",\"description\":\"\",\"publisher\":{\"@id\":\"https:\/\/experienciadevida.com.ar\/portalurbano\/#organization\"},\"potentialAction\":[{\"@type\":\"SearchAction\",\"target\":{\"@type\":\"EntryPoint\",\"urlTemplate\":\"https:\/\/experienciadevida.com.ar\/portalurbano\/?s={search_term_string}\"},\"query-input\":\"required name=search_term_string\"}],\"inLanguage\":\"es\"},{\"@type\":\"Organization\",\"@id\":\"https:\/\/experienciadevida.com.ar\/portalurbano\/#organization\",\"name\":\"Portal Urbano\",\"url\":\"https:\/\/experienciadevida.com.ar\/portalurbano\/\",\"logo\":{\"@type\":\"ImageObject\",\"inLanguage\":\"es\",\"@id\":\"https:\/\/experienciadevida.com.ar\/portalurbano\/#\/schema\/logo\/image\/\",\"url\":\"https:\/\/experienciadevida.com.ar\/portalurbano\/wp-content\/uploads\/2019\/09\/Logo-Original.png\",\"contentUrl\":\"https:\/\/experienciadevida.com.ar\/portalurbano\/wp-content\/uploads\/2019\/09\/Logo-Original.png\",\"width\":2236,\"height\":1216,\"caption\":\"Portal Urbano\"},\"image\":{\"@id\":\"https:\/\/experienciadevida.com.ar\/portalurbano\/#\/schema\/logo\/image\/\"},\"sameAs\":[\"https:\/\/www.facebook.com\/Portal-Urbano-171542830093757\/\",\"https:\/\/twitter.com\/portalurbanook\",\"https:\/\/www.instagram.com\/_portalurbano\/\",\"https:\/\/www.youtube.com\/channel\/UCXhagIfszH8KxFiOok79zbA?view_as=subscriber\"]},{\"@type\":\"Person\",\"@id\":\"https:\/\/experienciadevida.com.ar\/portalurbano\/#\/schema\/person\/02dd326b1c4b056e9cc972486934a3a7\",\"name\":\"admpu17wp\",\"image\":{\"@type\":\"ImageObject\",\"inLanguage\":\"es\",\"@id\":\"https:\/\/experienciadevida.com.ar\/portalurbano\/#\/schema\/person\/image\/\",\"url\":\"https:\/\/secure.gravatar.com\/avatar\/830d4c57adaae6630765e449a6908047?s=96&d=mm&r=g\",\"contentUrl\":\"https:\/\/secure.gravatar.com\/avatar\/830d4c57adaae6630765e449a6908047?s=96&d=mm&r=g\",\"caption\":\"admpu17wp\"}}]}<\/script>\n<!-- \/ Yoast SEO plugin. -->","yoast_head_json":{"title":"\"Celebro el trabajo, la articulaci\u00f3n y que estemos todos en la mesa\"","description":"\u201cCelebro el trabajo, la articulaci\u00f3n y que estemos todos en la Mesa\u201d, en la ma\u00f1ana de este martes, se firm\u00f3 la renovaci\u00f3n del Acta Acuerdo","robots":{"index":"index","follow":"follow","max-snippet":"max-snippet:-1","max-image-preview":"max-image-preview:large","max-video-preview":"max-video-preview:-1"},"canonical":"https:\/\/experienciadevida.com.ar\/portalurbano\/celebro-el-trabajo-la-articulacion-y-que-estemos-todos-en-la-mesa\/","og_locale":"es_ES","og_type":"article","og_title":"\"Celebro el trabajo, la articulaci\u00f3n y que estemos todos en la mesa\"","og_description":"\u201cCelebro el trabajo, la articulaci\u00f3n y que estemos todos en la Mesa\u201d, en la ma\u00f1ana de este martes, se firm\u00f3 la renovaci\u00f3n del Acta Acuerdo","og_url":"https:\/\/experienciadevida.com.ar\/portalurbano\/celebro-el-trabajo-la-articulacion-y-que-estemos-todos-en-la-mesa\/","article_publisher":"https:\/\/www.facebook.com\/Portal-Urbano-171542830093757\/","article_published_time":"2022-06-21T15:43:41+00:00","article_modified_time":"2022-06-21T15:50:14+00:00","og_image":[{"width":2560,"height":1711,"url":"https:\/\/experienciadevida.com.ar\/portalurbano\/wp-content\/uploads\/2022\/06\/Celebro-el-trabajo.jpg","type":"image\/jpeg"}],"author":"admpu17wp","twitter_card":"summary_large_image","twitter_creator":"@portalurbanook","twitter_site":"@portalurbanook","twitter_misc":{"Escrito por":"admpu17wp","Tiempo de lectura":"6 minutos"},"schema":{"@context":"https:\/\/schema.org","@graph":[{"@type":"Article","@id":"https:\/\/experienciadevida.com.ar\/portalurbano\/celebro-el-trabajo-la-articulacion-y-que-estemos-todos-en-la-mesa\/#article","isPartOf":{"@id":"https:\/\/experienciadevida.com.ar\/portalurbano\/celebro-el-trabajo-la-articulacion-y-que-estemos-todos-en-la-mesa\/"},"author":{"name":"admpu17wp","@id":"https:\/\/experienciadevida.com.ar\/portalurbano\/#\/schema\/person\/02dd326b1c4b056e9cc972486934a3a7"},"headline":"\u201cCelebro el trabajo, la articulaci\u00f3n y que estemos todos en la Mesa\u201d","datePublished":"2022-06-21T15:43:41+00:00","dateModified":"2022-06-21T15:50:14+00:00","mainEntityOfPage":{"@id":"https:\/\/experienciadevida.com.ar\/portalurbano\/celebro-el-trabajo-la-articulacion-y-que-estemos-todos-en-la-mesa\/"},"wordCount":1195,"publisher":{"@id":"https:\/\/experienciadevida.com.ar\/portalurbano\/#organization"},"articleSection":["Ciudad","Destacadas"],"inLanguage":"es"},{"@type":"WebPage","@id":"https:\/\/experienciadevida.com.ar\/portalurbano\/celebro-el-trabajo-la-articulacion-y-que-estemos-todos-en-la-mesa\/","url":"https:\/\/experienciadevida.com.ar\/portalurbano\/celebro-el-trabajo-la-articulacion-y-que-estemos-todos-en-la-mesa\/","name":"\"Celebro el trabajo, la articulaci\u00f3n y que estemos todos en la mesa\"","isPartOf":{"@id":"https:\/\/experienciadevida.com.ar\/portalurbano\/#website"},"datePublished":"2022-06-21T15:43:41+00:00","dateModified":"2022-06-21T15:50:14+00:00","description":"\u201cCelebro el trabajo, la articulaci\u00f3n y que estemos todos en la Mesa\u201d, en la ma\u00f1ana de este martes, se firm\u00f3 la renovaci\u00f3n del Acta Acuerdo","breadcrumb":{"@id":"https:\/\/experienciadevida.com.ar\/portalurbano\/celebro-el-trabajo-la-articulacion-y-que-estemos-todos-en-la-mesa\/#breadcrumb"},"inLanguage":"es","potentialAction":[{"@type":"ReadAction","target":["https:\/\/experienciadevida.com.ar\/portalurbano\/celebro-el-trabajo-la-articulacion-y-que-estemos-todos-en-la-mesa\/"]}]},{"@type":"BreadcrumbList","@id":"https:\/\/experienciadevida.com.ar\/portalurbano\/celebro-el-trabajo-la-articulacion-y-que-estemos-todos-en-la-mesa\/#breadcrumb","itemListElement":[{"@type":"ListItem","position":1,"name":"Portada","item":"https:\/\/experienciadevida.com.ar\/portalurbano\/"},{"@type":"ListItem","position":2,"name":"\u201cCelebro el trabajo, la articulaci\u00f3n y que estemos todos en la Mesa\u201d"}]},{"@type":"WebSite","@id":"https:\/\/experienciadevida.com.ar\/portalurbano\/#website","url":"https:\/\/experienciadevida.com.ar\/portalurbano\/","name":"","description":"","publisher":{"@id":"https:\/\/experienciadevida.com.ar\/portalurbano\/#organization"},"potentialAction":[{"@type":"SearchAction","target":{"@type":"EntryPoint","urlTemplate":"https:\/\/experienciadevida.com.ar\/portalurbano\/?s={search_term_string}"},"query-input":"required name=search_term_string"}],"inLanguage":"es"},{"@type":"Organization","@id":"https:\/\/experienciadevida.com.ar\/portalurbano\/#organization","name":"Portal Urbano","url":"https:\/\/experienciadevida.com.ar\/portalurbano\/","logo":{"@type":"ImageObject","inLanguage":"es","@id":"https:\/\/experienciadevida.com.ar\/portalurbano\/#\/schema\/logo\/image\/","url":"https:\/\/experienciadevida.com.ar\/portalurbano\/wp-content\/uploads\/2019\/09\/Logo-Original.png","contentUrl":"https:\/\/experienciadevida.com.ar\/portalurbano\/wp-content\/uploads\/2019\/09\/Logo-Original.png","width":2236,"height":1216,"caption":"Portal Urbano"},"image":{"@id":"https:\/\/experienciadevida.com.ar\/portalurbano\/#\/schema\/logo\/image\/"},"sameAs":["https:\/\/www.facebook.com\/Portal-Urbano-171542830093757\/","https:\/\/twitter.com\/portalurbanook","https:\/\/www.instagram.com\/_portalurbano\/","https:\/\/www.youtube.com\/channel\/UCXhagIfszH8KxFiOok79zbA?view_as=subscriber"]},{"@type":"Person","@id":"https:\/\/experienciadevida.com.ar\/portalurbano\/#\/schema\/person\/02dd326b1c4b056e9cc972486934a3a7","name":"admpu17wp","image":{"@type":"ImageObject","inLanguage":"es","@id":"https:\/\/experienciadevida.com.ar\/portalurbano\/#\/schema\/person\/image\/","url":"https:\/\/secure.gravatar.com\/avatar\/830d4c57adaae6630765e449a6908047?s=96&d=mm&r=g","contentUrl":"https:\/\/secure.gravatar.com\/avatar\/830d4c57adaae6630765e449a6908047?s=96&d=mm&r=g","caption":"admpu17wp"}}]}},"featured_image_urls":{"full":["https:\/\/experienciadevida.com.ar\/portalurbano\/wp-content\/uploads\/2022\/06\/Celebro-el-trabajo.jpg",2560,1711,false],"thumbnail":["https:\/\/experienciadevida.com.ar\/portalurbano\/wp-content\/uploads\/2022\/06\/Celebro-el-trabajo-150x150.jpg",150,150,true],"medium":["https:\/\/experienciadevida.com.ar\/portalurbano\/wp-content\/uploads\/2022\/06\/Celebro-el-trabajo-300x201.jpg",300,201,true],"medium_large":["https:\/\/experienciadevida.com.ar\/portalurbano\/wp-content\/uploads\/2022\/06\/Celebro-el-trabajo-768x513.jpg",640,428,true],"large":["https:\/\/experienciadevida.com.ar\/portalurbano\/wp-content\/uploads\/2022\/06\/Celebro-el-trabajo-1024x684.jpg",640,428,true],"ug_big":["https:\/\/experienciadevida.com.ar\/portalurbano\/wp-content\/uploads\/2022\/06\/Celebro-el-trabajo-768x513.jpg",768,513,true],"1536x1536":["https:\/\/experienciadevida.com.ar\/portalurbano\/wp-content\/uploads\/2022\/06\/Celebro-el-trabajo-1536x1027.jpg",1536,1027,true],"2048x2048":["https:\/\/experienciadevida.com.ar\/portalurbano\/wp-content\/uploads\/2022\/06\/Celebro-el-trabajo-2048x1369.jpg",2048,1369,true],"newsever-slider-full":["https:\/\/experienciadevida.com.ar\/portalurbano\/wp-content\/uploads\/2022\/06\/Celebro-el-trabajo.jpg",1264,845,false],"newsever-featured":["https:\/\/experienciadevida.com.ar\/portalurbano\/wp-content\/uploads\/2022\/06\/Celebro-el-trabajo.jpg",1024,684,false],"newsever-medium":["https:\/\/experienciadevida.com.ar\/portalurbano\/wp-content\/uploads\/2022\/06\/Celebro-el-trabajo.jpg",711,475,false],"web-stories-poster-portrait":["https:\/\/experienciadevida.com.ar\/portalurbano\/wp-content\/uploads\/2022\/06\/Celebro-el-trabajo.jpg",640,428,false],"web-stories-publisher-logo":["https:\/\/experienciadevida.com.ar\/portalurbano\/wp-content\/uploads\/2022\/06\/Celebro-el-trabajo.jpg",96,64,false],"web-stories-thumbnail":["https:\/\/experienciadevida.com.ar\/portalurbano\/wp-content\/uploads\/2022\/06\/Celebro-el-trabajo.jpg",150,100,false]},"author_info":{"display_name":"admpu17wp","author_link":"https:\/\/experienciadevida.com.ar\/portalurbano\/author\/admpu17wp\/"},"category_info":"<a href=\"https:\/\/experienciadevida.com.ar\/portalurbano\/category\/ciudad\/\" rel=\"category tag\">Ciudad<\/a> <a href=\"https:\/\/experienciadevida.com.ar\/portalurbano\/category\/destacadas\/\" rel=\"category tag\">Destacadas<\/a>","tag_info":"Destacadas","comment_count":"0","amp_enabled":true,"_links":{"self":[{"href":"https:\/\/experienciadevida.com.ar\/portalurbano\/wp-json\/wp\/v2\/posts\/169949"}],"collection":[{"href":"https:\/\/experienciadevida.com.ar\/portalurbano\/wp-json\/wp\/v2\/posts"}],"about":[{"href":"https:\/\/experienciadevida.com.ar\/portalurbano\/wp-json\/wp\/v2\/types\/post"}],"author":[{"embeddable":true,"href":"https:\/\/experienciadevida.com.ar\/portalurbano\/wp-json\/wp\/v2\/users\/1"}],"replies":[{"embeddable":true,"href":"https:\/\/experienciadevida.com.ar\/portalurbano\/wp-json\/wp\/v2\/comments?post=169949"}],"version-history":[{"count":3,"href":"https:\/\/experienciadevida.com.ar\/portalurbano\/wp-json\/wp\/v2\/posts\/169949\/revisions"}],"predecessor-version":[{"id":169955,"href":"https:\/\/experienciadevida.com.ar\/portalurbano\/wp-json\/wp\/v2\/posts\/169949\/revisions\/169955"}],"wp:featuredmedia":[{"embeddable":true,"href":"https:\/\/experienciadevida.com.ar\/portalurbano\/wp-json\/wp\/v2\/media\/169950"}],"wp:attachment":[{"href":"https:\/\/experienciadevida.com.ar\/portalurbano\/wp-json\/wp\/v2\/media?parent=169949"}],"wp:term":[{"taxonomy":"category","embeddable":true,"href":"https:\/\/experienciadevida.com.ar\/portalurbano\/wp-json\/wp\/v2\/categories?post=169949"},{"taxonomy":"post_tag","embeddable":true,"href":"https:\/\/experienciadevida.com.ar\/portalurbano\/wp-json\/wp\/v2\/tags?post=169949"}],"curies":[{"name":"wp","href":"https:\/\/api.w.org\/{rel}","templated":true}]}}