{"id":169946,"date":"2022-06-21T11:32:31","date_gmt":"2022-06-21T14:32:31","guid":{"rendered":"https:\/\/experienciadevida.com.ar\/portalurbano\/?p=169946"},"modified":"2022-06-21T11:39:28","modified_gmt":"2022-06-21T14:39:28","slug":"nueva-prorroga-de-vencimiento-de-certificados-unicos","status":"publish","type":"post","link":"https:\/\/experienciadevida.com.ar\/portalurbano\/nueva-prorroga-de-vencimiento-de-certificados-unicos\/","title":{"rendered":"Nueva pr\u00f3rroga de vencimiento de certificados \u00fanicos"},"content":{"rendered":"<p>Nueva pr\u00f3rroga de vencimiento de certificados \u00fanicos, el <a href=\"https:\/\/www.facebook.com\/municipiodeolavarria\">Municipio<\/a> de Olavarr\u00eda, a trav\u00e9s del Programa de Promoci\u00f3n de Derechos para Personas con Discapacidad y Personas Mayores, informa acerca de una nueva pr\u00f3rroga de vencimiento del certificado \u00fanico de discapacidad (CUD) por el t\u00e9rmino de un a\u00f1o.<\/p>\n<p>La misma se enmarca en la resoluci\u00f3n 806\/2022 de la Agencia Nacional de Discapacidad, y contempla aquellos certificados cuyo vencimiento ocurra entre el 1 de julio de 2022 hasta el 31 de diciembre inclusive, que contar\u00e1n con un a\u00f1o de pr\u00f3rroga a partir de la fecha de vencimiento y hasta la misma fecha del 2023.<\/p>\n<p>Por lo tanto, de acuerdo a esta normativa, seguir\u00e1n teniendo validez aquellos documentos que venc\u00edan o vencen durante ese lapso, y las personas beneficiarias podr\u00e1n seguir utilizando el CUD para los tr\u00e1mites que necesiten sin ning\u00fan inconveniente.<\/p>\n<p>Por consultas e inquietudes, comunicarse de lunes a viernes de 7 a 13 horas a los tel\u00e9fonos 428333 o 419561, o dirigirse a la sede de avenida Sarmiento 2458.<\/p>\n","protected":false},"excerpt":{"rendered":"<p>Nueva pr\u00f3rroga de vencimiento de certificados \u00fanicos, el Municipio de Olavarr\u00eda, a trav\u00e9s del Programa&#8230;<\/p>\n","protected":false},"author":1,"featured_media":103195,"comment_status":"closed","ping_status":"closed","sticky":false,"template":"","format":"standard","meta":{"content-type":""},"categories":[27,64],"tags":[],"nelio_content":{"isAutoShareEnabled":false,"autoShareEndMode":"default","automationSources":{"useContentSentences":true,"useSocialTemplates":true,"useCustomSentences":false,"customSentences":[]},"followers":[1],"suggestedReferences":[],"includedReferences":[],"efiUrl":"","efiAlt":"","highlights":[]},"yoast_head":"<!-- This site is optimized with the Yoast SEO plugin v20.7 - https:\/\/yoast.com\/wordpress\/plugins\/seo\/ -->\n<title>Nueva pr\u00f3rroga de vencimiento de certificados \u00fanicos<\/title>\n<meta name=\"description\" content=\"Nueva pr\u00f3rroga de vencimiento de certificados \u00fanicos, el Municipio de Olavarr\u00eda, a trav\u00e9s del Programa de Promoci\u00f3n de Derechos\" \/>\n<meta name=\"robots\" content=\"index, follow, max-snippet:-1, max-image-preview:large, max-video-preview:-1\" \/>\n<link rel=\"canonical\" href=\"https:\/\/experienciadevida.com.ar\/portalurbano\/nueva-prorroga-de-vencimiento-de-certificados-unicos\/\" \/>\n<meta property=\"og:locale\" content=\"es_ES\" \/>\n<meta property=\"og:type\" content=\"article\" \/>\n<meta property=\"og:title\" content=\"Nueva pr\u00f3rroga de vencimiento de certificados \u00fanicos\" \/>\n<meta property=\"og:description\" content=\"Nueva pr\u00f3rroga de vencimiento de certificados \u00fanicos, el Municipio de Olavarr\u00eda, a trav\u00e9s del Programa de Promoci\u00f3n de Derechos\" \/>\n<meta property=\"og:url\" content=\"https:\/\/experienciadevida.com.ar\/portalurbano\/nueva-prorroga-de-vencimiento-de-certificados-unicos\/\" \/>\n<meta property=\"article:publisher\" content=\"https:\/\/www.facebook.com\/Portal-Urbano-171542830093757\/\" \/>\n<meta property=\"article:published_time\" content=\"2022-06-21T14:32:31+00:00\" \/>\n<meta property=\"article:modified_time\" content=\"2022-06-21T14:39:28+00:00\" \/>\n<meta property=\"og:image\" content=\"https:\/\/experienciadevida.com.ar\/portalurbano\/wp-content\/uploads\/2020\/03\/CUD.jpg\" \/>\n\t<meta property=\"og:image:width\" content=\"700\" \/>\n\t<meta property=\"og:image:height\" content=\"531\" \/>\n\t<meta property=\"og:image:type\" content=\"image\/jpeg\" \/>\n<meta name=\"author\" content=\"admpu17wp\" \/>\n<meta name=\"twitter:card\" content=\"summary_large_image\" \/>\n<meta name=\"twitter:creator\" content=\"@portalurbanook\" \/>\n<meta name=\"twitter:site\" content=\"@portalurbanook\" \/>\n<meta name=\"twitter:label1\" content=\"Escrito por\" \/>\n\t<meta name=\"twitter:data1\" content=\"admpu17wp\" \/>\n\t<meta name=\"twitter:label2\" content=\"Tiempo de lectura\" \/>\n\t<meta name=\"twitter:data2\" content=\"1 minuto\" \/>\n<script type=\"application\/ld+json\" class=\"yoast-schema-graph\">{\"@context\":\"https:\/\/schema.org\",\"@graph\":[{\"@type\":\"Article\",\"@id\":\"https:\/\/experienciadevida.com.ar\/portalurbano\/nueva-prorroga-de-vencimiento-de-certificados-unicos\/#article\",\"isPartOf\":{\"@id\":\"https:\/\/experienciadevida.com.ar\/portalurbano\/nueva-prorroga-de-vencimiento-de-certificados-unicos\/\"},\"author\":{\"name\":\"admpu17wp\",\"@id\":\"https:\/\/experienciadevida.com.ar\/portalurbano\/#\/schema\/person\/02dd326b1c4b056e9cc972486934a3a7\"},\"headline\":\"Nueva pr\u00f3rroga de vencimiento de certificados \u00fanicos\",\"datePublished\":\"2022-06-21T14:32:31+00:00\",\"dateModified\":\"2022-06-21T14:39:28+00:00\",\"mainEntityOfPage\":{\"@id\":\"https:\/\/experienciadevida.com.ar\/portalurbano\/nueva-prorroga-de-vencimiento-de-certificados-unicos\/\"},\"wordCount\":182,\"publisher\":{\"@id\":\"https:\/\/experienciadevida.com.ar\/portalurbano\/#organization\"},\"articleSection\":[\"Ciudad\",\"Destacadas 2\"],\"inLanguage\":\"es\"},{\"@type\":\"WebPage\",\"@id\":\"https:\/\/experienciadevida.com.ar\/portalurbano\/nueva-prorroga-de-vencimiento-de-certificados-unicos\/\",\"url\":\"https:\/\/experienciadevida.com.ar\/portalurbano\/nueva-prorroga-de-vencimiento-de-certificados-unicos\/\",\"name\":\"Nueva pr\u00f3rroga de vencimiento de certificados \u00fanicos\",\"isPartOf\":{\"@id\":\"https:\/\/experienciadevida.com.ar\/portalurbano\/#website\"},\"datePublished\":\"2022-06-21T14:32:31+00:00\",\"dateModified\":\"2022-06-21T14:39:28+00:00\",\"description\":\"Nueva pr\u00f3rroga de vencimiento de certificados \u00fanicos, el Municipio de Olavarr\u00eda, a trav\u00e9s del Programa de Promoci\u00f3n de Derechos\",\"breadcrumb\":{\"@id\":\"https:\/\/experienciadevida.com.ar\/portalurbano\/nueva-prorroga-de-vencimiento-de-certificados-unicos\/#breadcrumb\"},\"inLanguage\":\"es\",\"potentialAction\":[{\"@type\":\"ReadAction\",\"target\":[\"https:\/\/experienciadevida.com.ar\/portalurbano\/nueva-prorroga-de-vencimiento-de-certificados-unicos\/\"]}]},{\"@type\":\"BreadcrumbList\",\"@id\":\"https:\/\/experienciadevida.com.ar\/portalurbano\/nueva-prorroga-de-vencimiento-de-certificados-unicos\/#breadcrumb\",\"itemListElement\":[{\"@type\":\"ListItem\",\"position\":1,\"name\":\"Portada\",\"item\":\"https:\/\/experienciadevida.com.ar\/portalurbano\/\"},{\"@type\":\"ListItem\",\"position\":2,\"name\":\"Nueva pr\u00f3rroga de vencimiento de certificados \u00fanicos\"}]},{\"@type\":\"WebSite\",\"@id\":\"https:\/\/experienciadevida.com.ar\/portalurbano\/#website\",\"url\":\"https:\/\/experienciadevida.com.ar\/portalurbano\/\",\"name\":\"\",\"description\":\"\",\"publisher\":{\"@id\":\"https:\/\/experienciadevida.com.ar\/portalurbano\/#organization\"},\"potentialAction\":[{\"@type\":\"SearchAction\",\"target\":{\"@type\":\"EntryPoint\",\"urlTemplate\":\"https:\/\/experienciadevida.com.ar\/portalurbano\/?s={search_term_string}\"},\"query-input\":\"required name=search_term_string\"}],\"inLanguage\":\"es\"},{\"@type\":\"Organization\",\"@id\":\"https:\/\/experienciadevida.com.ar\/portalurbano\/#organization\",\"name\":\"Portal Urbano\",\"url\":\"https:\/\/experienciadevida.com.ar\/portalurbano\/\",\"logo\":{\"@type\":\"ImageObject\",\"inLanguage\":\"es\",\"@id\":\"https:\/\/experienciadevida.com.ar\/portalurbano\/#\/schema\/logo\/image\/\",\"url\":\"https:\/\/experienciadevida.com.ar\/portalurbano\/wp-content\/uploads\/2019\/09\/Logo-Original.png\",\"contentUrl\":\"https:\/\/experienciadevida.com.ar\/portalurbano\/wp-content\/uploads\/2019\/09\/Logo-Original.png\",\"width\":2236,\"height\":1216,\"caption\":\"Portal Urbano\"},\"image\":{\"@id\":\"https:\/\/experienciadevida.com.ar\/portalurbano\/#\/schema\/logo\/image\/\"},\"sameAs\":[\"https:\/\/www.facebook.com\/Portal-Urbano-171542830093757\/\",\"https:\/\/twitter.com\/portalurbanook\",\"https:\/\/www.instagram.com\/_portalurbano\/\",\"https:\/\/www.youtube.com\/channel\/UCXhagIfszH8KxFiOok79zbA?view_as=subscriber\"]},{\"@type\":\"Person\",\"@id\":\"https:\/\/experienciadevida.com.ar\/portalurbano\/#\/schema\/person\/02dd326b1c4b056e9cc972486934a3a7\",\"name\":\"admpu17wp\",\"image\":{\"@type\":\"ImageObject\",\"inLanguage\":\"es\",\"@id\":\"https:\/\/experienciadevida.com.ar\/portalurbano\/#\/schema\/person\/image\/\",\"url\":\"https:\/\/secure.gravatar.com\/avatar\/830d4c57adaae6630765e449a6908047?s=96&d=mm&r=g\",\"contentUrl\":\"https:\/\/secure.gravatar.com\/avatar\/830d4c57adaae6630765e449a6908047?s=96&d=mm&r=g\",\"caption\":\"admpu17wp\"}}]}<\/script>\n<!-- \/ Yoast SEO plugin. -->","yoast_head_json":{"title":"Nueva pr\u00f3rroga de vencimiento de certificados \u00fanicos","description":"Nueva pr\u00f3rroga de vencimiento de certificados \u00fanicos, el Municipio de Olavarr\u00eda, a trav\u00e9s del Programa de Promoci\u00f3n de Derechos","robots":{"index":"index","follow":"follow","max-snippet":"max-snippet:-1","max-image-preview":"max-image-preview:large","max-video-preview":"max-video-preview:-1"},"canonical":"https:\/\/experienciadevida.com.ar\/portalurbano\/nueva-prorroga-de-vencimiento-de-certificados-unicos\/","og_locale":"es_ES","og_type":"article","og_title":"Nueva pr\u00f3rroga de vencimiento de certificados \u00fanicos","og_description":"Nueva pr\u00f3rroga de vencimiento de certificados \u00fanicos, el Municipio de Olavarr\u00eda, a trav\u00e9s del Programa de Promoci\u00f3n de Derechos","og_url":"https:\/\/experienciadevida.com.ar\/portalurbano\/nueva-prorroga-de-vencimiento-de-certificados-unicos\/","article_publisher":"https:\/\/www.facebook.com\/Portal-Urbano-171542830093757\/","article_published_time":"2022-06-21T14:32:31+00:00","article_modified_time":"2022-06-21T14:39:28+00:00","og_image":[{"width":700,"height":531,"url":"https:\/\/experienciadevida.com.ar\/portalurbano\/wp-content\/uploads\/2020\/03\/CUD.jpg","type":"image\/jpeg"}],"author":"admpu17wp","twitter_card":"summary_large_image","twitter_creator":"@portalurbanook","twitter_site":"@portalurbanook","twitter_misc":{"Escrito por":"admpu17wp","Tiempo de lectura":"1 minuto"},"schema":{"@context":"https:\/\/schema.org","@graph":[{"@type":"Article","@id":"https:\/\/experienciadevida.com.ar\/portalurbano\/nueva-prorroga-de-vencimiento-de-certificados-unicos\/#article","isPartOf":{"@id":"https:\/\/experienciadevida.com.ar\/portalurbano\/nueva-prorroga-de-vencimiento-de-certificados-unicos\/"},"author":{"name":"admpu17wp","@id":"https:\/\/experienciadevida.com.ar\/portalurbano\/#\/schema\/person\/02dd326b1c4b056e9cc972486934a3a7"},"headline":"Nueva pr\u00f3rroga de vencimiento de certificados \u00fanicos","datePublished":"2022-06-21T14:32:31+00:00","dateModified":"2022-06-21T14:39:28+00:00","mainEntityOfPage":{"@id":"https:\/\/experienciadevida.com.ar\/portalurbano\/nueva-prorroga-de-vencimiento-de-certificados-unicos\/"},"wordCount":182,"publisher":{"@id":"https:\/\/experienciadevida.com.ar\/portalurbano\/#organization"},"articleSection":["Ciudad","Destacadas 2"],"inLanguage":"es"},{"@type":"WebPage","@id":"https:\/\/experienciadevida.com.ar\/portalurbano\/nueva-prorroga-de-vencimiento-de-certificados-unicos\/","url":"https:\/\/experienciadevida.com.ar\/portalurbano\/nueva-prorroga-de-vencimiento-de-certificados-unicos\/","name":"Nueva pr\u00f3rroga de vencimiento de certificados \u00fanicos","isPartOf":{"@id":"https:\/\/experienciadevida.com.ar\/portalurbano\/#website"},"datePublished":"2022-06-21T14:32:31+00:00","dateModified":"2022-06-21T14:39:28+00:00","description":"Nueva pr\u00f3rroga de vencimiento de certificados \u00fanicos, el Municipio de Olavarr\u00eda, a trav\u00e9s del Programa de Promoci\u00f3n de Derechos","breadcrumb":{"@id":"https:\/\/experienciadevida.com.ar\/portalurbano\/nueva-prorroga-de-vencimiento-de-certificados-unicos\/#breadcrumb"},"inLanguage":"es","potentialAction":[{"@type":"ReadAction","target":["https:\/\/experienciadevida.com.ar\/portalurbano\/nueva-prorroga-de-vencimiento-de-certificados-unicos\/"]}]},{"@type":"BreadcrumbList","@id":"https:\/\/experienciadevida.com.ar\/portalurbano\/nueva-prorroga-de-vencimiento-de-certificados-unicos\/#breadcrumb","itemListElement":[{"@type":"ListItem","position":1,"name":"Portada","item":"https:\/\/experienciadevida.com.ar\/portalurbano\/"},{"@type":"ListItem","position":2,"name":"Nueva pr\u00f3rroga de vencimiento de certificados \u00fanicos"}]},{"@type":"WebSite","@id":"https:\/\/experienciadevida.com.ar\/portalurbano\/#website","url":"https:\/\/experienciadevida.com.ar\/portalurbano\/","name":"","description":"","publisher":{"@id":"https:\/\/experienciadevida.com.ar\/portalurbano\/#organization"},"potentialAction":[{"@type":"SearchAction","target":{"@type":"EntryPoint","urlTemplate":"https:\/\/experienciadevida.com.ar\/portalurbano\/?s={search_term_string}"},"query-input":"required name=search_term_string"}],"inLanguage":"es"},{"@type":"Organization","@id":"https:\/\/experienciadevida.com.ar\/portalurbano\/#organization","name":"Portal Urbano","url":"https:\/\/experienciadevida.com.ar\/portalurbano\/","logo":{"@type":"ImageObject","inLanguage":"es","@id":"https:\/\/experienciadevida.com.ar\/portalurbano\/#\/schema\/logo\/image\/","url":"https:\/\/experienciadevida.com.ar\/portalurbano\/wp-content\/uploads\/2019\/09\/Logo-Original.png","contentUrl":"https:\/\/experienciadevida.com.ar\/portalurbano\/wp-content\/uploads\/2019\/09\/Logo-Original.png","width":2236,"height":1216,"caption":"Portal Urbano"},"image":{"@id":"https:\/\/experienciadevida.com.ar\/portalurbano\/#\/schema\/logo\/image\/"},"sameAs":["https:\/\/www.facebook.com\/Portal-Urbano-171542830093757\/","https:\/\/twitter.com\/portalurbanook","https:\/\/www.instagram.com\/_portalurbano\/","https:\/\/www.youtube.com\/channel\/UCXhagIfszH8KxFiOok79zbA?view_as=subscriber"]},{"@type":"Person","@id":"https:\/\/experienciadevida.com.ar\/portalurbano\/#\/schema\/person\/02dd326b1c4b056e9cc972486934a3a7","name":"admpu17wp","image":{"@type":"ImageObject","inLanguage":"es","@id":"https:\/\/experienciadevida.com.ar\/portalurbano\/#\/schema\/person\/image\/","url":"https:\/\/secure.gravatar.com\/avatar\/830d4c57adaae6630765e449a6908047?s=96&d=mm&r=g","contentUrl":"https:\/\/secure.gravatar.com\/avatar\/830d4c57adaae6630765e449a6908047?s=96&d=mm&r=g","caption":"admpu17wp"}}]}},"featured_image_urls":{"full":["https:\/\/experienciadevida.com.ar\/portalurbano\/wp-content\/uploads\/2020\/03\/CUD.jpg",700,531,false],"thumbnail":["https:\/\/experienciadevida.com.ar\/portalurbano\/wp-content\/uploads\/2020\/03\/CUD-150x150.jpg",150,150,true],"medium":["https:\/\/experienciadevida.com.ar\/portalurbano\/wp-content\/uploads\/2020\/03\/CUD-300x228.jpg",300,228,true],"medium_large":["https:\/\/experienciadevida.com.ar\/portalurbano\/wp-content\/uploads\/2020\/03\/CUD.jpg",640,485,false],"large":["https:\/\/experienciadevida.com.ar\/portalurbano\/wp-content\/uploads\/2020\/03\/CUD.jpg",640,485,false],"ug_big":["https:\/\/experienciadevida.com.ar\/portalurbano\/wp-content\/uploads\/2020\/03\/CUD.jpg",700,531,false],"1536x1536":["https:\/\/experienciadevida.com.ar\/portalurbano\/wp-content\/uploads\/2020\/03\/CUD.jpg",700,531,false],"2048x2048":["https:\/\/experienciadevida.com.ar\/portalurbano\/wp-content\/uploads\/2020\/03\/CUD.jpg",700,531,false],"newsever-slider-full":["https:\/\/experienciadevida.com.ar\/portalurbano\/wp-content\/uploads\/2020\/03\/CUD.jpg",700,531,false],"newsever-featured":["https:\/\/experienciadevida.com.ar\/portalurbano\/wp-content\/uploads\/2020\/03\/CUD.jpg",700,531,false],"newsever-medium":["https:\/\/experienciadevida.com.ar\/portalurbano\/wp-content\/uploads\/2020\/03\/CUD.jpg",626,475,false],"web-stories-poster-portrait":["https:\/\/experienciadevida.com.ar\/portalurbano\/wp-content\/uploads\/2020\/03\/CUD.jpg",640,485,false],"web-stories-publisher-logo":["https:\/\/experienciadevida.com.ar\/portalurbano\/wp-content\/uploads\/2020\/03\/CUD.jpg",96,73,false],"web-stories-thumbnail":["https:\/\/experienciadevida.com.ar\/portalurbano\/wp-content\/uploads\/2020\/03\/CUD.jpg",150,114,false]},"author_info":{"display_name":"admpu17wp","author_link":"https:\/\/experienciadevida.com.ar\/portalurbano\/author\/admpu17wp\/"},"category_info":"<a href=\"https:\/\/experienciadevida.com.ar\/portalurbano\/category\/ciudad\/\" rel=\"category tag\">Ciudad<\/a> <a href=\"https:\/\/experienciadevida.com.ar\/portalurbano\/category\/destacadas-2\/\" rel=\"category tag\">Destacadas 2<\/a>","tag_info":"Destacadas 2","comment_count":"0","amp_enabled":true,"_links":{"self":[{"href":"https:\/\/experienciadevida.com.ar\/portalurbano\/wp-json\/wp\/v2\/posts\/169946"}],"collection":[{"href":"https:\/\/experienciadevida.com.ar\/portalurbano\/wp-json\/wp\/v2\/posts"}],"about":[{"href":"https:\/\/experienciadevida.com.ar\/portalurbano\/wp-json\/wp\/v2\/types\/post"}],"author":[{"embeddable":true,"href":"https:\/\/experienciadevida.com.ar\/portalurbano\/wp-json\/wp\/v2\/users\/1"}],"replies":[{"embeddable":true,"href":"https:\/\/experienciadevida.com.ar\/portalurbano\/wp-json\/wp\/v2\/comments?post=169946"}],"version-history":[{"count":2,"href":"https:\/\/experienciadevida.com.ar\/portalurbano\/wp-json\/wp\/v2\/posts\/169946\/revisions"}],"predecessor-version":[{"id":169948,"href":"https:\/\/experienciadevida.com.ar\/portalurbano\/wp-json\/wp\/v2\/posts\/169946\/revisions\/169948"}],"wp:featuredmedia":[{"embeddable":true,"href":"https:\/\/experienciadevida.com.ar\/portalurbano\/wp-json\/wp\/v2\/media\/103195"}],"wp:attachment":[{"href":"https:\/\/experienciadevida.com.ar\/portalurbano\/wp-json\/wp\/v2\/media?parent=169946"}],"wp:term":[{"taxonomy":"category","embeddable":true,"href":"https:\/\/experienciadevida.com.ar\/portalurbano\/wp-json\/wp\/v2\/categories?post=169946"},{"taxonomy":"post_tag","embeddable":true,"href":"https:\/\/experienciadevida.com.ar\/portalurbano\/wp-json\/wp\/v2\/tags?post=169946"}],"curies":[{"name":"wp","href":"https:\/\/api.w.org\/{rel}","templated":true}]}}