{"id":169934,"date":"2022-06-21T09:36:27","date_gmt":"2022-06-21T12:36:27","guid":{"rendered":"https:\/\/experienciadevida.com.ar\/portalurbano\/?p=169934"},"modified":"2022-06-21T09:40:17","modified_gmt":"2022-06-21T12:40:17","slug":"con-empleados-funcionarios-y-concejales-se-llevo-a-cabo-el-curso-basico-de-rafam","status":"publish","type":"post","link":"https:\/\/experienciadevida.com.ar\/portalurbano\/con-empleados-funcionarios-y-concejales-se-llevo-a-cabo-el-curso-basico-de-rafam\/","title":{"rendered":"Con empleados, funcionarios y concejales se llev\u00f3 a cabo el curso b\u00e1sico de RAFAM"},"content":{"rendered":"<p>Con empleados, funcionarios y concejales se llev\u00f3 a cabo el curso b\u00e1sico de RAFAM, en la ma\u00f1ana de este martes se llev\u00f3 a cabo en el sal\u00f3n blanco del palacio San Mart\u00edn un curso b\u00e1sico de procedimiento de contrataci\u00f3n <a href=\"https:\/\/www.facebook.com\/municipiodeolavarria\">municipal<\/a> y RAFAM que cont\u00f3 con un gran n\u00famero de participantes.<\/p>\n<p>Entre los asistentes se encontraban presentes funcionarios y empleados municipales y los concejales Sebasti\u00e1n Matrella, Ubaldo Garc\u00eda y Gast\u00f3n Sarachu.<\/p>\n<p>La capacitaci\u00f3n, que estuvo a cargo de la contadora Celeste Gallastegui, fue de una sola clase presencial y los temas abordados en la misma fueron: contrataciones, RAFAM y tipos de compras.<\/p>\n<p>Tras la finalizaci\u00f3n del curso b\u00e1sico de RAFAM desde el Ejecutivo indicaron que \u00abes importante contar con la presencia de empleados, funcionarios y concejales porque es una gran herramienta que permite llevar adelante una gesti\u00f3n m\u00e1s \u00e1gil y transparente para los vecinos de Olavarr\u00eda\u00bb.<\/p>\n","protected":false},"excerpt":{"rendered":"<p>Con empleados, funcionarios y concejales se llev\u00f3 a cabo el curso b\u00e1sico de RAFAM, en&#8230;<\/p>\n","protected":false},"author":1,"featured_media":169935,"comment_status":"closed","ping_status":"closed","sticky":false,"template":"","format":"standard","meta":{"content-type":""},"categories":[27,64],"tags":[],"nelio_content":{"isAutoShareEnabled":false,"autoShareEndMode":"default","automationSources":{"useContentSentences":true,"useSocialTemplates":true,"useCustomSentences":false,"customSentences":[]},"followers":[1],"suggestedReferences":[],"includedReferences":[],"efiUrl":"","efiAlt":"","highlights":[]},"yoast_head":"<!-- This site is optimized with the Yoast SEO plugin v20.7 - https:\/\/yoast.com\/wordpress\/plugins\/seo\/ -->\n<title>Con empleados, funcionarios y concejales se llev\u00f3 el curso de RAFAM<\/title>\n<meta name=\"description\" content=\"Con empleados, funcionarios y concejales se llev\u00f3 a cabo el curso b\u00e1sico de RAFAM, en la ma\u00f1ana de este martes se llev\u00f3 a cabo\" \/>\n<meta name=\"robots\" content=\"index, follow, max-snippet:-1, max-image-preview:large, max-video-preview:-1\" \/>\n<link rel=\"canonical\" href=\"https:\/\/experienciadevida.com.ar\/portalurbano\/con-empleados-funcionarios-y-concejales-se-llevo-a-cabo-el-curso-basico-de-rafam\/\" \/>\n<meta property=\"og:locale\" content=\"es_ES\" \/>\n<meta property=\"og:type\" content=\"article\" \/>\n<meta property=\"og:title\" content=\"Con empleados, funcionarios y concejales se llev\u00f3 el curso de RAFAM\" \/>\n<meta property=\"og:description\" content=\"Con empleados, funcionarios y concejales se llev\u00f3 a cabo el curso b\u00e1sico de RAFAM, en la ma\u00f1ana de este martes se llev\u00f3 a cabo\" \/>\n<meta property=\"og:url\" content=\"https:\/\/experienciadevida.com.ar\/portalurbano\/con-empleados-funcionarios-y-concejales-se-llevo-a-cabo-el-curso-basico-de-rafam\/\" \/>\n<meta property=\"article:publisher\" content=\"https:\/\/www.facebook.com\/Portal-Urbano-171542830093757\/\" \/>\n<meta property=\"article:published_time\" content=\"2022-06-21T12:36:27+00:00\" \/>\n<meta property=\"article:modified_time\" content=\"2022-06-21T12:40:17+00:00\" \/>\n<meta property=\"og:image\" content=\"https:\/\/experienciadevida.com.ar\/portalurbano\/wp-content\/uploads\/2022\/06\/Con-empleado.jpg\" \/>\n\t<meta property=\"og:image:width\" content=\"1024\" \/>\n\t<meta property=\"og:image:height\" content=\"685\" \/>\n\t<meta property=\"og:image:type\" content=\"image\/jpeg\" \/>\n<meta name=\"author\" content=\"admpu17wp\" \/>\n<meta name=\"twitter:card\" content=\"summary_large_image\" \/>\n<meta name=\"twitter:creator\" content=\"@portalurbanook\" \/>\n<meta name=\"twitter:site\" content=\"@portalurbanook\" \/>\n<meta name=\"twitter:label1\" content=\"Escrito por\" \/>\n\t<meta name=\"twitter:data1\" content=\"admpu17wp\" \/>\n\t<meta name=\"twitter:label2\" content=\"Tiempo de lectura\" \/>\n\t<meta name=\"twitter:data2\" content=\"1 minuto\" \/>\n<script type=\"application\/ld+json\" class=\"yoast-schema-graph\">{\"@context\":\"https:\/\/schema.org\",\"@graph\":[{\"@type\":\"Article\",\"@id\":\"https:\/\/experienciadevida.com.ar\/portalurbano\/con-empleados-funcionarios-y-concejales-se-llevo-a-cabo-el-curso-basico-de-rafam\/#article\",\"isPartOf\":{\"@id\":\"https:\/\/experienciadevida.com.ar\/portalurbano\/con-empleados-funcionarios-y-concejales-se-llevo-a-cabo-el-curso-basico-de-rafam\/\"},\"author\":{\"name\":\"admpu17wp\",\"@id\":\"https:\/\/experienciadevida.com.ar\/portalurbano\/#\/schema\/person\/02dd326b1c4b056e9cc972486934a3a7\"},\"headline\":\"Con empleados, funcionarios y concejales se llev\u00f3 a cabo el curso b\u00e1sico de RAFAM\",\"datePublished\":\"2022-06-21T12:36:27+00:00\",\"dateModified\":\"2022-06-21T12:40:17+00:00\",\"mainEntityOfPage\":{\"@id\":\"https:\/\/experienciadevida.com.ar\/portalurbano\/con-empleados-funcionarios-y-concejales-se-llevo-a-cabo-el-curso-basico-de-rafam\/\"},\"wordCount\":176,\"publisher\":{\"@id\":\"https:\/\/experienciadevida.com.ar\/portalurbano\/#organization\"},\"articleSection\":[\"Ciudad\",\"Destacadas 2\"],\"inLanguage\":\"es\"},{\"@type\":\"WebPage\",\"@id\":\"https:\/\/experienciadevida.com.ar\/portalurbano\/con-empleados-funcionarios-y-concejales-se-llevo-a-cabo-el-curso-basico-de-rafam\/\",\"url\":\"https:\/\/experienciadevida.com.ar\/portalurbano\/con-empleados-funcionarios-y-concejales-se-llevo-a-cabo-el-curso-basico-de-rafam\/\",\"name\":\"Con empleados, funcionarios y concejales se llev\u00f3 el curso de RAFAM\",\"isPartOf\":{\"@id\":\"https:\/\/experienciadevida.com.ar\/portalurbano\/#website\"},\"datePublished\":\"2022-06-21T12:36:27+00:00\",\"dateModified\":\"2022-06-21T12:40:17+00:00\",\"description\":\"Con empleados, funcionarios y concejales se llev\u00f3 a cabo el curso b\u00e1sico de RAFAM, en la ma\u00f1ana de este martes se llev\u00f3 a cabo\",\"breadcrumb\":{\"@id\":\"https:\/\/experienciadevida.com.ar\/portalurbano\/con-empleados-funcionarios-y-concejales-se-llevo-a-cabo-el-curso-basico-de-rafam\/#breadcrumb\"},\"inLanguage\":\"es\",\"potentialAction\":[{\"@type\":\"ReadAction\",\"target\":[\"https:\/\/experienciadevida.com.ar\/portalurbano\/con-empleados-funcionarios-y-concejales-se-llevo-a-cabo-el-curso-basico-de-rafam\/\"]}]},{\"@type\":\"BreadcrumbList\",\"@id\":\"https:\/\/experienciadevida.com.ar\/portalurbano\/con-empleados-funcionarios-y-concejales-se-llevo-a-cabo-el-curso-basico-de-rafam\/#breadcrumb\",\"itemListElement\":[{\"@type\":\"ListItem\",\"position\":1,\"name\":\"Portada\",\"item\":\"https:\/\/experienciadevida.com.ar\/portalurbano\/\"},{\"@type\":\"ListItem\",\"position\":2,\"name\":\"Con empleados, funcionarios y concejales se llev\u00f3 a cabo el curso b\u00e1sico de RAFAM\"}]},{\"@type\":\"WebSite\",\"@id\":\"https:\/\/experienciadevida.com.ar\/portalurbano\/#website\",\"url\":\"https:\/\/experienciadevida.com.ar\/portalurbano\/\",\"name\":\"\",\"description\":\"\",\"publisher\":{\"@id\":\"https:\/\/experienciadevida.com.ar\/portalurbano\/#organization\"},\"potentialAction\":[{\"@type\":\"SearchAction\",\"target\":{\"@type\":\"EntryPoint\",\"urlTemplate\":\"https:\/\/experienciadevida.com.ar\/portalurbano\/?s={search_term_string}\"},\"query-input\":\"required name=search_term_string\"}],\"inLanguage\":\"es\"},{\"@type\":\"Organization\",\"@id\":\"https:\/\/experienciadevida.com.ar\/portalurbano\/#organization\",\"name\":\"Portal Urbano\",\"url\":\"https:\/\/experienciadevida.com.ar\/portalurbano\/\",\"logo\":{\"@type\":\"ImageObject\",\"inLanguage\":\"es\",\"@id\":\"https:\/\/experienciadevida.com.ar\/portalurbano\/#\/schema\/logo\/image\/\",\"url\":\"https:\/\/experienciadevida.com.ar\/portalurbano\/wp-content\/uploads\/2019\/09\/Logo-Original.png\",\"contentUrl\":\"https:\/\/experienciadevida.com.ar\/portalurbano\/wp-content\/uploads\/2019\/09\/Logo-Original.png\",\"width\":2236,\"height\":1216,\"caption\":\"Portal Urbano\"},\"image\":{\"@id\":\"https:\/\/experienciadevida.com.ar\/portalurbano\/#\/schema\/logo\/image\/\"},\"sameAs\":[\"https:\/\/www.facebook.com\/Portal-Urbano-171542830093757\/\",\"https:\/\/twitter.com\/portalurbanook\",\"https:\/\/www.instagram.com\/_portalurbano\/\",\"https:\/\/www.youtube.com\/channel\/UCXhagIfszH8KxFiOok79zbA?view_as=subscriber\"]},{\"@type\":\"Person\",\"@id\":\"https:\/\/experienciadevida.com.ar\/portalurbano\/#\/schema\/person\/02dd326b1c4b056e9cc972486934a3a7\",\"name\":\"admpu17wp\",\"image\":{\"@type\":\"ImageObject\",\"inLanguage\":\"es\",\"@id\":\"https:\/\/experienciadevida.com.ar\/portalurbano\/#\/schema\/person\/image\/\",\"url\":\"https:\/\/secure.gravatar.com\/avatar\/830d4c57adaae6630765e449a6908047?s=96&d=mm&r=g\",\"contentUrl\":\"https:\/\/secure.gravatar.com\/avatar\/830d4c57adaae6630765e449a6908047?s=96&d=mm&r=g\",\"caption\":\"admpu17wp\"}}]}<\/script>\n<!-- \/ Yoast SEO plugin. -->","yoast_head_json":{"title":"Con empleados, funcionarios y concejales se llev\u00f3 el curso de RAFAM","description":"Con empleados, funcionarios y concejales se llev\u00f3 a cabo el curso b\u00e1sico de RAFAM, en la ma\u00f1ana de este martes se llev\u00f3 a cabo","robots":{"index":"index","follow":"follow","max-snippet":"max-snippet:-1","max-image-preview":"max-image-preview:large","max-video-preview":"max-video-preview:-1"},"canonical":"https:\/\/experienciadevida.com.ar\/portalurbano\/con-empleados-funcionarios-y-concejales-se-llevo-a-cabo-el-curso-basico-de-rafam\/","og_locale":"es_ES","og_type":"article","og_title":"Con empleados, funcionarios y concejales se llev\u00f3 el curso de RAFAM","og_description":"Con empleados, funcionarios y concejales se llev\u00f3 a cabo el curso b\u00e1sico de RAFAM, en la ma\u00f1ana de este martes se llev\u00f3 a cabo","og_url":"https:\/\/experienciadevida.com.ar\/portalurbano\/con-empleados-funcionarios-y-concejales-se-llevo-a-cabo-el-curso-basico-de-rafam\/","article_publisher":"https:\/\/www.facebook.com\/Portal-Urbano-171542830093757\/","article_published_time":"2022-06-21T12:36:27+00:00","article_modified_time":"2022-06-21T12:40:17+00:00","og_image":[{"width":1024,"height":685,"url":"https:\/\/experienciadevida.com.ar\/portalurbano\/wp-content\/uploads\/2022\/06\/Con-empleado.jpg","type":"image\/jpeg"}],"author":"admpu17wp","twitter_card":"summary_large_image","twitter_creator":"@portalurbanook","twitter_site":"@portalurbanook","twitter_misc":{"Escrito por":"admpu17wp","Tiempo de lectura":"1 minuto"},"schema":{"@context":"https:\/\/schema.org","@graph":[{"@type":"Article","@id":"https:\/\/experienciadevida.com.ar\/portalurbano\/con-empleados-funcionarios-y-concejales-se-llevo-a-cabo-el-curso-basico-de-rafam\/#article","isPartOf":{"@id":"https:\/\/experienciadevida.com.ar\/portalurbano\/con-empleados-funcionarios-y-concejales-se-llevo-a-cabo-el-curso-basico-de-rafam\/"},"author":{"name":"admpu17wp","@id":"https:\/\/experienciadevida.com.ar\/portalurbano\/#\/schema\/person\/02dd326b1c4b056e9cc972486934a3a7"},"headline":"Con empleados, funcionarios y concejales se llev\u00f3 a cabo el curso b\u00e1sico de RAFAM","datePublished":"2022-06-21T12:36:27+00:00","dateModified":"2022-06-21T12:40:17+00:00","mainEntityOfPage":{"@id":"https:\/\/experienciadevida.com.ar\/portalurbano\/con-empleados-funcionarios-y-concejales-se-llevo-a-cabo-el-curso-basico-de-rafam\/"},"wordCount":176,"publisher":{"@id":"https:\/\/experienciadevida.com.ar\/portalurbano\/#organization"},"articleSection":["Ciudad","Destacadas 2"],"inLanguage":"es"},{"@type":"WebPage","@id":"https:\/\/experienciadevida.com.ar\/portalurbano\/con-empleados-funcionarios-y-concejales-se-llevo-a-cabo-el-curso-basico-de-rafam\/","url":"https:\/\/experienciadevida.com.ar\/portalurbano\/con-empleados-funcionarios-y-concejales-se-llevo-a-cabo-el-curso-basico-de-rafam\/","name":"Con empleados, funcionarios y concejales se llev\u00f3 el curso de RAFAM","isPartOf":{"@id":"https:\/\/experienciadevida.com.ar\/portalurbano\/#website"},"datePublished":"2022-06-21T12:36:27+00:00","dateModified":"2022-06-21T12:40:17+00:00","description":"Con empleados, funcionarios y concejales se llev\u00f3 a cabo el curso b\u00e1sico de RAFAM, en la ma\u00f1ana de este martes se llev\u00f3 a cabo","breadcrumb":{"@id":"https:\/\/experienciadevida.com.ar\/portalurbano\/con-empleados-funcionarios-y-concejales-se-llevo-a-cabo-el-curso-basico-de-rafam\/#breadcrumb"},"inLanguage":"es","potentialAction":[{"@type":"ReadAction","target":["https:\/\/experienciadevida.com.ar\/portalurbano\/con-empleados-funcionarios-y-concejales-se-llevo-a-cabo-el-curso-basico-de-rafam\/"]}]},{"@type":"BreadcrumbList","@id":"https:\/\/experienciadevida.com.ar\/portalurbano\/con-empleados-funcionarios-y-concejales-se-llevo-a-cabo-el-curso-basico-de-rafam\/#breadcrumb","itemListElement":[{"@type":"ListItem","position":1,"name":"Portada","item":"https:\/\/experienciadevida.com.ar\/portalurbano\/"},{"@type":"ListItem","position":2,"name":"Con empleados, funcionarios y concejales se llev\u00f3 a cabo el curso b\u00e1sico de RAFAM"}]},{"@type":"WebSite","@id":"https:\/\/experienciadevida.com.ar\/portalurbano\/#website","url":"https:\/\/experienciadevida.com.ar\/portalurbano\/","name":"","description":"","publisher":{"@id":"https:\/\/experienciadevida.com.ar\/portalurbano\/#organization"},"potentialAction":[{"@type":"SearchAction","target":{"@type":"EntryPoint","urlTemplate":"https:\/\/experienciadevida.com.ar\/portalurbano\/?s={search_term_string}"},"query-input":"required name=search_term_string"}],"inLanguage":"es"},{"@type":"Organization","@id":"https:\/\/experienciadevida.com.ar\/portalurbano\/#organization","name":"Portal Urbano","url":"https:\/\/experienciadevida.com.ar\/portalurbano\/","logo":{"@type":"ImageObject","inLanguage":"es","@id":"https:\/\/experienciadevida.com.ar\/portalurbano\/#\/schema\/logo\/image\/","url":"https:\/\/experienciadevida.com.ar\/portalurbano\/wp-content\/uploads\/2019\/09\/Logo-Original.png","contentUrl":"https:\/\/experienciadevida.com.ar\/portalurbano\/wp-content\/uploads\/2019\/09\/Logo-Original.png","width":2236,"height":1216,"caption":"Portal Urbano"},"image":{"@id":"https:\/\/experienciadevida.com.ar\/portalurbano\/#\/schema\/logo\/image\/"},"sameAs":["https:\/\/www.facebook.com\/Portal-Urbano-171542830093757\/","https:\/\/twitter.com\/portalurbanook","https:\/\/www.instagram.com\/_portalurbano\/","https:\/\/www.youtube.com\/channel\/UCXhagIfszH8KxFiOok79zbA?view_as=subscriber"]},{"@type":"Person","@id":"https:\/\/experienciadevida.com.ar\/portalurbano\/#\/schema\/person\/02dd326b1c4b056e9cc972486934a3a7","name":"admpu17wp","image":{"@type":"ImageObject","inLanguage":"es","@id":"https:\/\/experienciadevida.com.ar\/portalurbano\/#\/schema\/person\/image\/","url":"https:\/\/secure.gravatar.com\/avatar\/830d4c57adaae6630765e449a6908047?s=96&d=mm&r=g","contentUrl":"https:\/\/secure.gravatar.com\/avatar\/830d4c57adaae6630765e449a6908047?s=96&d=mm&r=g","caption":"admpu17wp"}}]}},"featured_image_urls":{"full":["https:\/\/experienciadevida.com.ar\/portalurbano\/wp-content\/uploads\/2022\/06\/Con-empleado.jpg",1024,685,false],"thumbnail":["https:\/\/experienciadevida.com.ar\/portalurbano\/wp-content\/uploads\/2022\/06\/Con-empleado-150x150.jpg",150,150,true],"medium":["https:\/\/experienciadevida.com.ar\/portalurbano\/wp-content\/uploads\/2022\/06\/Con-empleado-300x201.jpg",300,201,true],"medium_large":["https:\/\/experienciadevida.com.ar\/portalurbano\/wp-content\/uploads\/2022\/06\/Con-empleado-768x514.jpg",640,428,true],"large":["https:\/\/experienciadevida.com.ar\/portalurbano\/wp-content\/uploads\/2022\/06\/Con-empleado.jpg",640,428,false],"ug_big":["https:\/\/experienciadevida.com.ar\/portalurbano\/wp-content\/uploads\/2022\/06\/Con-empleado-768x514.jpg",768,514,true],"1536x1536":["https:\/\/experienciadevida.com.ar\/portalurbano\/wp-content\/uploads\/2022\/06\/Con-empleado.jpg",1024,685,false],"2048x2048":["https:\/\/experienciadevida.com.ar\/portalurbano\/wp-content\/uploads\/2022\/06\/Con-empleado.jpg",1024,685,false],"newsever-slider-full":["https:\/\/experienciadevida.com.ar\/portalurbano\/wp-content\/uploads\/2022\/06\/Con-empleado.jpg",1024,685,false],"newsever-featured":["https:\/\/experienciadevida.com.ar\/portalurbano\/wp-content\/uploads\/2022\/06\/Con-empleado.jpg",1024,685,false],"newsever-medium":["https:\/\/experienciadevida.com.ar\/portalurbano\/wp-content\/uploads\/2022\/06\/Con-empleado.jpg",710,475,false],"web-stories-poster-portrait":["https:\/\/experienciadevida.com.ar\/portalurbano\/wp-content\/uploads\/2022\/06\/Con-empleado.jpg",640,428,false],"web-stories-publisher-logo":["https:\/\/experienciadevida.com.ar\/portalurbano\/wp-content\/uploads\/2022\/06\/Con-empleado.jpg",96,64,false],"web-stories-thumbnail":["https:\/\/experienciadevida.com.ar\/portalurbano\/wp-content\/uploads\/2022\/06\/Con-empleado.jpg",150,100,false]},"author_info":{"display_name":"admpu17wp","author_link":"https:\/\/experienciadevida.com.ar\/portalurbano\/author\/admpu17wp\/"},"category_info":"<a href=\"https:\/\/experienciadevida.com.ar\/portalurbano\/category\/ciudad\/\" rel=\"category tag\">Ciudad<\/a> <a href=\"https:\/\/experienciadevida.com.ar\/portalurbano\/category\/destacadas-2\/\" rel=\"category tag\">Destacadas 2<\/a>","tag_info":"Destacadas 2","comment_count":"0","amp_enabled":true,"_links":{"self":[{"href":"https:\/\/experienciadevida.com.ar\/portalurbano\/wp-json\/wp\/v2\/posts\/169934"}],"collection":[{"href":"https:\/\/experienciadevida.com.ar\/portalurbano\/wp-json\/wp\/v2\/posts"}],"about":[{"href":"https:\/\/experienciadevida.com.ar\/portalurbano\/wp-json\/wp\/v2\/types\/post"}],"author":[{"embeddable":true,"href":"https:\/\/experienciadevida.com.ar\/portalurbano\/wp-json\/wp\/v2\/users\/1"}],"replies":[{"embeddable":true,"href":"https:\/\/experienciadevida.com.ar\/portalurbano\/wp-json\/wp\/v2\/comments?post=169934"}],"version-history":[{"count":3,"href":"https:\/\/experienciadevida.com.ar\/portalurbano\/wp-json\/wp\/v2\/posts\/169934\/revisions"}],"predecessor-version":[{"id":169938,"href":"https:\/\/experienciadevida.com.ar\/portalurbano\/wp-json\/wp\/v2\/posts\/169934\/revisions\/169938"}],"wp:featuredmedia":[{"embeddable":true,"href":"https:\/\/experienciadevida.com.ar\/portalurbano\/wp-json\/wp\/v2\/media\/169935"}],"wp:attachment":[{"href":"https:\/\/experienciadevida.com.ar\/portalurbano\/wp-json\/wp\/v2\/media?parent=169934"}],"wp:term":[{"taxonomy":"category","embeddable":true,"href":"https:\/\/experienciadevida.com.ar\/portalurbano\/wp-json\/wp\/v2\/categories?post=169934"},{"taxonomy":"post_tag","embeddable":true,"href":"https:\/\/experienciadevida.com.ar\/portalurbano\/wp-json\/wp\/v2\/tags?post=169934"}],"curies":[{"name":"wp","href":"https:\/\/api.w.org\/{rel}","templated":true}]}}