{"id":169901,"date":"2022-06-20T11:59:07","date_gmt":"2022-06-20T14:59:07","guid":{"rendered":"https:\/\/experienciadevida.com.ar\/portalurbano\/?p=169901"},"modified":"2022-06-20T12:01:37","modified_gmt":"2022-06-20T15:01:37","slug":"el-miercoles-llega-cafe-cultura-a-olavarria-bajo-una-tematica-teatral","status":"publish","type":"post","link":"https:\/\/experienciadevida.com.ar\/portalurbano\/el-miercoles-llega-cafe-cultura-a-olavarria-bajo-una-tematica-teatral\/","title":{"rendered":"El mi\u00e9rcoles llega \u201cCaf\u00e9 Cultura\u201d a Olavarr\u00eda bajo una tem\u00e1tica teatral"},"content":{"rendered":"<p>El mi\u00e9rcoles llega \u201cCaf\u00e9 Cultura\u201d a Olavarr\u00eda bajo una tem\u00e1tica teatral, con impulso del Instituto Cultural se lanza una nueva edici\u00f3n del ciclo de charlas y debates. El eje del encuentro ser\u00e1 \u201cTerritorios teatrales\u201d, con la exposici\u00f3n de Mauricio Kartun y Julia Lavatelli en el <a href=\"https:\/\/www.facebook.com\/AteneoNKOlavarria\">Ateneo N\u00e9stor Kirchner.<\/a><\/p>\n<p>El Instituto Cultural de la provincia de Buenos Aires impulsa una nueva edici\u00f3n de \u201cCaf\u00e9 Cultura\u201d con la consigna \u201cTerritorios teatrales\u201d. El encuentro ser\u00e1 el mi\u00e9rcoles 22 de junio a las 18:00 en el Ateneo N\u00e9stor Kirchner, (Pringles 3968, Olavarr\u00eda), las personas interesadas deber\u00e1n inscribirse al 2284 523050.<\/p>\n<p>La exposici\u00f3n estar\u00e1 a cargo del dramaturgo, director y maestro de dramaturgia Mauricio Kartun y la actriz, directora y dramaturga Julia Lavatelli. Los disertantes har\u00e1n un recorrido por sus experiencias e ideas para pensar la identidad est\u00e9tica y los territorios teatrales.<\/p>\n<p>Desde el organismo provincial, conducido por Florencia Saintout explicaron que el ciclo \u201cCaf\u00e9 Cultura\u201d tiene como objetivo \u201creconocer la identidad bonaerense desde la diversidad entre artistas y vecinos de los 135 municipios. Se intenta crear puentes entre los exponentes y los invitadxs, a fin de que la tem\u00e1tica no s\u00f3lo sea impuesta por los primeros sino que sean los vecinos y las vecinas los que elijan los ejes\u201d. Asimismo, y con la modalidad propuesta, uno de los objetivos de los encuentros es instalar debates y reflexiones propias de la identidad cultural bonaerense en la agenda p\u00fablica de quienes habitan los diversos distritos.<\/p>\n<p>Mauricio Kartun es dramaturgo, director teatral y maestro de dramaturgia. Durante estos \u00faltimos a\u00f1os estren\u00f3 como autor y director las obras La Madonnita, El ni\u00f1o argentino, Ala de criados, Salom\u00e9 de chacra y Terrenal. Peque\u00f1o misterio \u00e1crata. Sus textos teatrales y te\u00f3ricos han sido publicados en m\u00e1s de un centenar de ediciones nacionales y extranjeras. Recibi\u00f3 gran cantidad de premios y reconocimientos, de los cuales se destacan el Gran Premio de Honor otorgado por Argentores, el ACE de Oro, premio m\u00e1ximo de la cr\u00edtica esc\u00e9nica, y el Premio Nacional de Dramaturgia. En el a\u00f1o 2014 ha recibido el nombramiento de Profesor Honorario de la Universidad de Buenos Aires.<br \/>\nJulia Lavatelli es actriz, directora, dramaturga y profesora de teatro. Doctora en Estudios Teatrales &#8211; Universidad de la Sorbonne Nouvelle. Paris III. Desde 1992 dicta clases de Actuaci\u00f3n en la Facultad de Arte (UNICEN). En la misma instituci\u00f3n es adem\u00e1s desde 1993 Profesora Titular en la C\u00e1tedra de Mauricio Kartun de Creaci\u00f3n Colectiva. En co-direcci\u00f3n con \u00e9l mismo ha presentado all\u00ed entre otros: Muestra obscena (1993), Muestra Candida (1994), Muestra descomunal (1995), Muestra Visceral (1996), Muestra Excusados Blues (1998), Muestra Marmolada (2000), Muestra Particulares 15 (2003), Muestra Falsa (2012), Muestra Contraola (2015), Coreoman\u00eda. Muestra Bailable (2016).<\/p>\n<p><a href=\"https:\/\/experienciadevida.com.ar\/portalurbano\/el-miercoles-llega-cafe-cultura-a-olavarria-bajo-una-tematica-teatral\/el-miercoles-llega\/\" rel=\"attachment wp-att-169902\"><img decoding=\"async\" class=\"alignnone size-large wp-image-169902\" src=\"https:\/\/experienciadevida.com.ar\/portalurbano\/wp-content\/uploads\/2022\/06\/El-miercoles-llega-576x1024.jpg\" alt=\"El mi\u00e9rcoles \" width=\"576\" height=\"1024\" srcset=\"https:\/\/experienciadevida.com.ar\/portalurbano\/wp-content\/uploads\/2022\/06\/El-miercoles-llega-576x1024.jpg 576w, https:\/\/experienciadevida.com.ar\/portalurbano\/wp-content\/uploads\/2022\/06\/El-miercoles-llega-169x300.jpg 169w, https:\/\/experienciadevida.com.ar\/portalurbano\/wp-content\/uploads\/2022\/06\/El-miercoles-llega-768x1366.jpg 768w, https:\/\/experienciadevida.com.ar\/portalurbano\/wp-content\/uploads\/2022\/06\/El-miercoles-llega-432x768.jpg 432w, https:\/\/experienciadevida.com.ar\/portalurbano\/wp-content\/uploads\/2022\/06\/El-miercoles-llega-864x1536.jpg 864w, https:\/\/experienciadevida.com.ar\/portalurbano\/wp-content\/uploads\/2022\/06\/El-miercoles-llega.jpg 899w\" sizes=\"(max-width: 576px) 100vw, 576px\" \/><\/a><\/p>\n<p>Foto: facebook<\/p>\n","protected":false},"excerpt":{"rendered":"<p>El mi\u00e9rcoles llega \u201cCaf\u00e9 Cultura\u201d a Olavarr\u00eda bajo una tem\u00e1tica teatral, con impulso del Instituto&#8230;<\/p>\n","protected":false},"author":1,"featured_media":169903,"comment_status":"closed","ping_status":"closed","sticky":false,"template":"","format":"standard","meta":{"content-type":""},"categories":[27,64],"tags":[],"nelio_content":{"isAutoShareEnabled":false,"autoShareEndMode":"default","automationSources":{"useContentSentences":true,"useSocialTemplates":true,"useCustomSentences":false,"customSentences":[]},"followers":[1],"suggestedReferences":[],"includedReferences":[],"efiUrl":"","efiAlt":"","highlights":[]},"yoast_head":"<!-- This site is optimized with the Yoast SEO plugin v20.7 - https:\/\/yoast.com\/wordpress\/plugins\/seo\/ -->\n<title>El mi\u00e9rcoles llega &quot;Caf\u00e9 Cultura&quot; a Olavarr\u00eda bajo una tem\u00e1tica teatral<\/title>\n<meta name=\"description\" content=\"El mi\u00e9rcoles llega \u201cCaf\u00e9 Cultura\u201d a Olavarr\u00eda bajo una tem\u00e1tica teatral, con impulso del Instituto Cultural se lanza una nueva edici\u00f3n\" \/>\n<meta name=\"robots\" content=\"index, follow, max-snippet:-1, max-image-preview:large, max-video-preview:-1\" \/>\n<link rel=\"canonical\" href=\"https:\/\/experienciadevida.com.ar\/portalurbano\/el-miercoles-llega-cafe-cultura-a-olavarria-bajo-una-tematica-teatral\/\" \/>\n<meta property=\"og:locale\" content=\"es_ES\" \/>\n<meta property=\"og:type\" content=\"article\" \/>\n<meta property=\"og:title\" content=\"El mi\u00e9rcoles llega &quot;Caf\u00e9 Cultura&quot; a Olavarr\u00eda bajo una tem\u00e1tica teatral\" \/>\n<meta property=\"og:description\" content=\"El mi\u00e9rcoles llega \u201cCaf\u00e9 Cultura\u201d a Olavarr\u00eda bajo una tem\u00e1tica teatral, con impulso del Instituto Cultural se lanza una nueva edici\u00f3n\" \/>\n<meta property=\"og:url\" content=\"https:\/\/experienciadevida.com.ar\/portalurbano\/el-miercoles-llega-cafe-cultura-a-olavarria-bajo-una-tematica-teatral\/\" \/>\n<meta property=\"article:publisher\" content=\"https:\/\/www.facebook.com\/Portal-Urbano-171542830093757\/\" \/>\n<meta property=\"article:published_time\" content=\"2022-06-20T14:59:07+00:00\" \/>\n<meta property=\"article:modified_time\" content=\"2022-06-20T15:01:37+00:00\" \/>\n<meta property=\"og:image\" content=\"https:\/\/experienciadevida.com.ar\/portalurbano\/wp-content\/uploads\/2022\/06\/El-miercoles-llega-1.jpg\" \/>\n\t<meta property=\"og:image:width\" content=\"724\" \/>\n\t<meta property=\"og:image:height\" content=\"483\" \/>\n\t<meta property=\"og:image:type\" content=\"image\/jpeg\" \/>\n<meta name=\"author\" content=\"admpu17wp\" \/>\n<meta name=\"twitter:card\" content=\"summary_large_image\" \/>\n<meta name=\"twitter:creator\" content=\"@portalurbanook\" \/>\n<meta name=\"twitter:site\" content=\"@portalurbanook\" \/>\n<meta name=\"twitter:label1\" content=\"Escrito por\" \/>\n\t<meta name=\"twitter:data1\" content=\"admpu17wp\" \/>\n\t<meta name=\"twitter:label2\" content=\"Tiempo de lectura\" \/>\n\t<meta name=\"twitter:data2\" content=\"3 minutos\" \/>\n<script type=\"application\/ld+json\" class=\"yoast-schema-graph\">{\"@context\":\"https:\/\/schema.org\",\"@graph\":[{\"@type\":\"Article\",\"@id\":\"https:\/\/experienciadevida.com.ar\/portalurbano\/el-miercoles-llega-cafe-cultura-a-olavarria-bajo-una-tematica-teatral\/#article\",\"isPartOf\":{\"@id\":\"https:\/\/experienciadevida.com.ar\/portalurbano\/el-miercoles-llega-cafe-cultura-a-olavarria-bajo-una-tematica-teatral\/\"},\"author\":{\"name\":\"admpu17wp\",\"@id\":\"https:\/\/experienciadevida.com.ar\/portalurbano\/#\/schema\/person\/02dd326b1c4b056e9cc972486934a3a7\"},\"headline\":\"El mi\u00e9rcoles llega \u201cCaf\u00e9 Cultura\u201d a Olavarr\u00eda bajo una tem\u00e1tica teatral\",\"datePublished\":\"2022-06-20T14:59:07+00:00\",\"dateModified\":\"2022-06-20T15:01:37+00:00\",\"mainEntityOfPage\":{\"@id\":\"https:\/\/experienciadevida.com.ar\/portalurbano\/el-miercoles-llega-cafe-cultura-a-olavarria-bajo-una-tematica-teatral\/\"},\"wordCount\":472,\"publisher\":{\"@id\":\"https:\/\/experienciadevida.com.ar\/portalurbano\/#organization\"},\"articleSection\":[\"Ciudad\",\"Destacadas 2\"],\"inLanguage\":\"es\"},{\"@type\":\"WebPage\",\"@id\":\"https:\/\/experienciadevida.com.ar\/portalurbano\/el-miercoles-llega-cafe-cultura-a-olavarria-bajo-una-tematica-teatral\/\",\"url\":\"https:\/\/experienciadevida.com.ar\/portalurbano\/el-miercoles-llega-cafe-cultura-a-olavarria-bajo-una-tematica-teatral\/\",\"name\":\"El mi\u00e9rcoles llega \\\"Caf\u00e9 Cultura\\\" a Olavarr\u00eda bajo una tem\u00e1tica teatral\",\"isPartOf\":{\"@id\":\"https:\/\/experienciadevida.com.ar\/portalurbano\/#website\"},\"datePublished\":\"2022-06-20T14:59:07+00:00\",\"dateModified\":\"2022-06-20T15:01:37+00:00\",\"description\":\"El mi\u00e9rcoles llega \u201cCaf\u00e9 Cultura\u201d a Olavarr\u00eda bajo una tem\u00e1tica teatral, con impulso del Instituto Cultural se lanza una nueva edici\u00f3n\",\"breadcrumb\":{\"@id\":\"https:\/\/experienciadevida.com.ar\/portalurbano\/el-miercoles-llega-cafe-cultura-a-olavarria-bajo-una-tematica-teatral\/#breadcrumb\"},\"inLanguage\":\"es\",\"potentialAction\":[{\"@type\":\"ReadAction\",\"target\":[\"https:\/\/experienciadevida.com.ar\/portalurbano\/el-miercoles-llega-cafe-cultura-a-olavarria-bajo-una-tematica-teatral\/\"]}]},{\"@type\":\"BreadcrumbList\",\"@id\":\"https:\/\/experienciadevida.com.ar\/portalurbano\/el-miercoles-llega-cafe-cultura-a-olavarria-bajo-una-tematica-teatral\/#breadcrumb\",\"itemListElement\":[{\"@type\":\"ListItem\",\"position\":1,\"name\":\"Portada\",\"item\":\"https:\/\/experienciadevida.com.ar\/portalurbano\/\"},{\"@type\":\"ListItem\",\"position\":2,\"name\":\"El mi\u00e9rcoles llega \u201cCaf\u00e9 Cultura\u201d a Olavarr\u00eda bajo una tem\u00e1tica teatral\"}]},{\"@type\":\"WebSite\",\"@id\":\"https:\/\/experienciadevida.com.ar\/portalurbano\/#website\",\"url\":\"https:\/\/experienciadevida.com.ar\/portalurbano\/\",\"name\":\"\",\"description\":\"\",\"publisher\":{\"@id\":\"https:\/\/experienciadevida.com.ar\/portalurbano\/#organization\"},\"potentialAction\":[{\"@type\":\"SearchAction\",\"target\":{\"@type\":\"EntryPoint\",\"urlTemplate\":\"https:\/\/experienciadevida.com.ar\/portalurbano\/?s={search_term_string}\"},\"query-input\":\"required name=search_term_string\"}],\"inLanguage\":\"es\"},{\"@type\":\"Organization\",\"@id\":\"https:\/\/experienciadevida.com.ar\/portalurbano\/#organization\",\"name\":\"Portal Urbano\",\"url\":\"https:\/\/experienciadevida.com.ar\/portalurbano\/\",\"logo\":{\"@type\":\"ImageObject\",\"inLanguage\":\"es\",\"@id\":\"https:\/\/experienciadevida.com.ar\/portalurbano\/#\/schema\/logo\/image\/\",\"url\":\"https:\/\/experienciadevida.com.ar\/portalurbano\/wp-content\/uploads\/2019\/09\/Logo-Original.png\",\"contentUrl\":\"https:\/\/experienciadevida.com.ar\/portalurbano\/wp-content\/uploads\/2019\/09\/Logo-Original.png\",\"width\":2236,\"height\":1216,\"caption\":\"Portal Urbano\"},\"image\":{\"@id\":\"https:\/\/experienciadevida.com.ar\/portalurbano\/#\/schema\/logo\/image\/\"},\"sameAs\":[\"https:\/\/www.facebook.com\/Portal-Urbano-171542830093757\/\",\"https:\/\/twitter.com\/portalurbanook\",\"https:\/\/www.instagram.com\/_portalurbano\/\",\"https:\/\/www.youtube.com\/channel\/UCXhagIfszH8KxFiOok79zbA?view_as=subscriber\"]},{\"@type\":\"Person\",\"@id\":\"https:\/\/experienciadevida.com.ar\/portalurbano\/#\/schema\/person\/02dd326b1c4b056e9cc972486934a3a7\",\"name\":\"admpu17wp\",\"image\":{\"@type\":\"ImageObject\",\"inLanguage\":\"es\",\"@id\":\"https:\/\/experienciadevida.com.ar\/portalurbano\/#\/schema\/person\/image\/\",\"url\":\"https:\/\/secure.gravatar.com\/avatar\/830d4c57adaae6630765e449a6908047?s=96&d=mm&r=g\",\"contentUrl\":\"https:\/\/secure.gravatar.com\/avatar\/830d4c57adaae6630765e449a6908047?s=96&d=mm&r=g\",\"caption\":\"admpu17wp\"}}]}<\/script>\n<!-- \/ Yoast SEO plugin. -->","yoast_head_json":{"title":"El mi\u00e9rcoles llega \"Caf\u00e9 Cultura\" a Olavarr\u00eda bajo una tem\u00e1tica teatral","description":"El mi\u00e9rcoles llega \u201cCaf\u00e9 Cultura\u201d a Olavarr\u00eda bajo una tem\u00e1tica teatral, con impulso del Instituto Cultural se lanza una nueva edici\u00f3n","robots":{"index":"index","follow":"follow","max-snippet":"max-snippet:-1","max-image-preview":"max-image-preview:large","max-video-preview":"max-video-preview:-1"},"canonical":"https:\/\/experienciadevida.com.ar\/portalurbano\/el-miercoles-llega-cafe-cultura-a-olavarria-bajo-una-tematica-teatral\/","og_locale":"es_ES","og_type":"article","og_title":"El mi\u00e9rcoles llega \"Caf\u00e9 Cultura\" a Olavarr\u00eda bajo una tem\u00e1tica teatral","og_description":"El mi\u00e9rcoles llega \u201cCaf\u00e9 Cultura\u201d a Olavarr\u00eda bajo una tem\u00e1tica teatral, con impulso del Instituto Cultural se lanza una nueva edici\u00f3n","og_url":"https:\/\/experienciadevida.com.ar\/portalurbano\/el-miercoles-llega-cafe-cultura-a-olavarria-bajo-una-tematica-teatral\/","article_publisher":"https:\/\/www.facebook.com\/Portal-Urbano-171542830093757\/","article_published_time":"2022-06-20T14:59:07+00:00","article_modified_time":"2022-06-20T15:01:37+00:00","og_image":[{"width":724,"height":483,"url":"https:\/\/experienciadevida.com.ar\/portalurbano\/wp-content\/uploads\/2022\/06\/El-miercoles-llega-1.jpg","type":"image\/jpeg"}],"author":"admpu17wp","twitter_card":"summary_large_image","twitter_creator":"@portalurbanook","twitter_site":"@portalurbanook","twitter_misc":{"Escrito por":"admpu17wp","Tiempo de lectura":"3 minutos"},"schema":{"@context":"https:\/\/schema.org","@graph":[{"@type":"Article","@id":"https:\/\/experienciadevida.com.ar\/portalurbano\/el-miercoles-llega-cafe-cultura-a-olavarria-bajo-una-tematica-teatral\/#article","isPartOf":{"@id":"https:\/\/experienciadevida.com.ar\/portalurbano\/el-miercoles-llega-cafe-cultura-a-olavarria-bajo-una-tematica-teatral\/"},"author":{"name":"admpu17wp","@id":"https:\/\/experienciadevida.com.ar\/portalurbano\/#\/schema\/person\/02dd326b1c4b056e9cc972486934a3a7"},"headline":"El mi\u00e9rcoles llega \u201cCaf\u00e9 Cultura\u201d a Olavarr\u00eda bajo una tem\u00e1tica teatral","datePublished":"2022-06-20T14:59:07+00:00","dateModified":"2022-06-20T15:01:37+00:00","mainEntityOfPage":{"@id":"https:\/\/experienciadevida.com.ar\/portalurbano\/el-miercoles-llega-cafe-cultura-a-olavarria-bajo-una-tematica-teatral\/"},"wordCount":472,"publisher":{"@id":"https:\/\/experienciadevida.com.ar\/portalurbano\/#organization"},"articleSection":["Ciudad","Destacadas 2"],"inLanguage":"es"},{"@type":"WebPage","@id":"https:\/\/experienciadevida.com.ar\/portalurbano\/el-miercoles-llega-cafe-cultura-a-olavarria-bajo-una-tematica-teatral\/","url":"https:\/\/experienciadevida.com.ar\/portalurbano\/el-miercoles-llega-cafe-cultura-a-olavarria-bajo-una-tematica-teatral\/","name":"El mi\u00e9rcoles llega \"Caf\u00e9 Cultura\" a Olavarr\u00eda bajo una tem\u00e1tica teatral","isPartOf":{"@id":"https:\/\/experienciadevida.com.ar\/portalurbano\/#website"},"datePublished":"2022-06-20T14:59:07+00:00","dateModified":"2022-06-20T15:01:37+00:00","description":"El mi\u00e9rcoles llega \u201cCaf\u00e9 Cultura\u201d a Olavarr\u00eda bajo una tem\u00e1tica teatral, con impulso del Instituto Cultural se lanza una nueva edici\u00f3n","breadcrumb":{"@id":"https:\/\/experienciadevida.com.ar\/portalurbano\/el-miercoles-llega-cafe-cultura-a-olavarria-bajo-una-tematica-teatral\/#breadcrumb"},"inLanguage":"es","potentialAction":[{"@type":"ReadAction","target":["https:\/\/experienciadevida.com.ar\/portalurbano\/el-miercoles-llega-cafe-cultura-a-olavarria-bajo-una-tematica-teatral\/"]}]},{"@type":"BreadcrumbList","@id":"https:\/\/experienciadevida.com.ar\/portalurbano\/el-miercoles-llega-cafe-cultura-a-olavarria-bajo-una-tematica-teatral\/#breadcrumb","itemListElement":[{"@type":"ListItem","position":1,"name":"Portada","item":"https:\/\/experienciadevida.com.ar\/portalurbano\/"},{"@type":"ListItem","position":2,"name":"El mi\u00e9rcoles llega \u201cCaf\u00e9 Cultura\u201d a Olavarr\u00eda bajo una tem\u00e1tica teatral"}]},{"@type":"WebSite","@id":"https:\/\/experienciadevida.com.ar\/portalurbano\/#website","url":"https:\/\/experienciadevida.com.ar\/portalurbano\/","name":"","description":"","publisher":{"@id":"https:\/\/experienciadevida.com.ar\/portalurbano\/#organization"},"potentialAction":[{"@type":"SearchAction","target":{"@type":"EntryPoint","urlTemplate":"https:\/\/experienciadevida.com.ar\/portalurbano\/?s={search_term_string}"},"query-input":"required name=search_term_string"}],"inLanguage":"es"},{"@type":"Organization","@id":"https:\/\/experienciadevida.com.ar\/portalurbano\/#organization","name":"Portal Urbano","url":"https:\/\/experienciadevida.com.ar\/portalurbano\/","logo":{"@type":"ImageObject","inLanguage":"es","@id":"https:\/\/experienciadevida.com.ar\/portalurbano\/#\/schema\/logo\/image\/","url":"https:\/\/experienciadevida.com.ar\/portalurbano\/wp-content\/uploads\/2019\/09\/Logo-Original.png","contentUrl":"https:\/\/experienciadevida.com.ar\/portalurbano\/wp-content\/uploads\/2019\/09\/Logo-Original.png","width":2236,"height":1216,"caption":"Portal Urbano"},"image":{"@id":"https:\/\/experienciadevida.com.ar\/portalurbano\/#\/schema\/logo\/image\/"},"sameAs":["https:\/\/www.facebook.com\/Portal-Urbano-171542830093757\/","https:\/\/twitter.com\/portalurbanook","https:\/\/www.instagram.com\/_portalurbano\/","https:\/\/www.youtube.com\/channel\/UCXhagIfszH8KxFiOok79zbA?view_as=subscriber"]},{"@type":"Person","@id":"https:\/\/experienciadevida.com.ar\/portalurbano\/#\/schema\/person\/02dd326b1c4b056e9cc972486934a3a7","name":"admpu17wp","image":{"@type":"ImageObject","inLanguage":"es","@id":"https:\/\/experienciadevida.com.ar\/portalurbano\/#\/schema\/person\/image\/","url":"https:\/\/secure.gravatar.com\/avatar\/830d4c57adaae6630765e449a6908047?s=96&d=mm&r=g","contentUrl":"https:\/\/secure.gravatar.com\/avatar\/830d4c57adaae6630765e449a6908047?s=96&d=mm&r=g","caption":"admpu17wp"}}]}},"featured_image_urls":{"full":["https:\/\/experienciadevida.com.ar\/portalurbano\/wp-content\/uploads\/2022\/06\/El-miercoles-llega-1.jpg",724,483,false],"thumbnail":["https:\/\/experienciadevida.com.ar\/portalurbano\/wp-content\/uploads\/2022\/06\/El-miercoles-llega-1-150x150.jpg",150,150,true],"medium":["https:\/\/experienciadevida.com.ar\/portalurbano\/wp-content\/uploads\/2022\/06\/El-miercoles-llega-1-300x200.jpg",300,200,true],"medium_large":["https:\/\/experienciadevida.com.ar\/portalurbano\/wp-content\/uploads\/2022\/06\/El-miercoles-llega-1.jpg",640,427,false],"large":["https:\/\/experienciadevida.com.ar\/portalurbano\/wp-content\/uploads\/2022\/06\/El-miercoles-llega-1.jpg",640,427,false],"ug_big":["https:\/\/experienciadevida.com.ar\/portalurbano\/wp-content\/uploads\/2022\/06\/El-miercoles-llega-1.jpg",724,483,false],"1536x1536":["https:\/\/experienciadevida.com.ar\/portalurbano\/wp-content\/uploads\/2022\/06\/El-miercoles-llega-1.jpg",724,483,false],"2048x2048":["https:\/\/experienciadevida.com.ar\/portalurbano\/wp-content\/uploads\/2022\/06\/El-miercoles-llega-1.jpg",724,483,false],"newsever-slider-full":["https:\/\/experienciadevida.com.ar\/portalurbano\/wp-content\/uploads\/2022\/06\/El-miercoles-llega-1.jpg",724,483,false],"newsever-featured":["https:\/\/experienciadevida.com.ar\/portalurbano\/wp-content\/uploads\/2022\/06\/El-miercoles-llega-1.jpg",724,483,false],"newsever-medium":["https:\/\/experienciadevida.com.ar\/portalurbano\/wp-content\/uploads\/2022\/06\/El-miercoles-llega-1.jpg",712,475,false],"web-stories-poster-portrait":["https:\/\/experienciadevida.com.ar\/portalurbano\/wp-content\/uploads\/2022\/06\/El-miercoles-llega-1.jpg",640,427,false],"web-stories-publisher-logo":["https:\/\/experienciadevida.com.ar\/portalurbano\/wp-content\/uploads\/2022\/06\/El-miercoles-llega-1.jpg",96,64,false],"web-stories-thumbnail":["https:\/\/experienciadevida.com.ar\/portalurbano\/wp-content\/uploads\/2022\/06\/El-miercoles-llega-1.jpg",150,100,false]},"author_info":{"display_name":"admpu17wp","author_link":"https:\/\/experienciadevida.com.ar\/portalurbano\/author\/admpu17wp\/"},"category_info":"<a href=\"https:\/\/experienciadevida.com.ar\/portalurbano\/category\/ciudad\/\" rel=\"category tag\">Ciudad<\/a> <a href=\"https:\/\/experienciadevida.com.ar\/portalurbano\/category\/destacadas-2\/\" rel=\"category tag\">Destacadas 2<\/a>","tag_info":"Destacadas 2","comment_count":"0","amp_enabled":true,"_links":{"self":[{"href":"https:\/\/experienciadevida.com.ar\/portalurbano\/wp-json\/wp\/v2\/posts\/169901"}],"collection":[{"href":"https:\/\/experienciadevida.com.ar\/portalurbano\/wp-json\/wp\/v2\/posts"}],"about":[{"href":"https:\/\/experienciadevida.com.ar\/portalurbano\/wp-json\/wp\/v2\/types\/post"}],"author":[{"embeddable":true,"href":"https:\/\/experienciadevida.com.ar\/portalurbano\/wp-json\/wp\/v2\/users\/1"}],"replies":[{"embeddable":true,"href":"https:\/\/experienciadevida.com.ar\/portalurbano\/wp-json\/wp\/v2\/comments?post=169901"}],"version-history":[{"count":3,"href":"https:\/\/experienciadevida.com.ar\/portalurbano\/wp-json\/wp\/v2\/posts\/169901\/revisions"}],"predecessor-version":[{"id":169906,"href":"https:\/\/experienciadevida.com.ar\/portalurbano\/wp-json\/wp\/v2\/posts\/169901\/revisions\/169906"}],"wp:featuredmedia":[{"embeddable":true,"href":"https:\/\/experienciadevida.com.ar\/portalurbano\/wp-json\/wp\/v2\/media\/169903"}],"wp:attachment":[{"href":"https:\/\/experienciadevida.com.ar\/portalurbano\/wp-json\/wp\/v2\/media?parent=169901"}],"wp:term":[{"taxonomy":"category","embeddable":true,"href":"https:\/\/experienciadevida.com.ar\/portalurbano\/wp-json\/wp\/v2\/categories?post=169901"},{"taxonomy":"post_tag","embeddable":true,"href":"https:\/\/experienciadevida.com.ar\/portalurbano\/wp-json\/wp\/v2\/tags?post=169901"}],"curies":[{"name":"wp","href":"https:\/\/api.w.org\/{rel}","templated":true}]}}