{"id":169835,"date":"2022-06-17T22:25:48","date_gmt":"2022-06-18T01:25:48","guid":{"rendered":"https:\/\/experienciadevida.com.ar\/portalurbano\/?p=169835"},"modified":"2022-06-17T22:26:12","modified_gmt":"2022-06-18T01:26:12","slug":"el-sindicato-de-a-t-e-seccional-centro-dono-una-bandera-nacional-a-la-e-e-pa-n-702-america","status":"publish","type":"post","link":"https:\/\/experienciadevida.com.ar\/portalurbano\/el-sindicato-de-a-t-e-seccional-centro-dono-una-bandera-nacional-a-la-e-e-pa-n-702-america\/","title":{"rendered":"El Sindicato de  A.T.E. Seccional Centro don\u00f3 una Bandera nacional a la E.E.PA. N\u00b0 702 &#8220;Am\u00e9rica&#8221;."},"content":{"rendered":"<p>El Sindicato de A.T.E. Seccional Centro don\u00f3 una Bandera nacional a la E.E.PA. N\u00b0 702 &#8220;Am\u00e9rica&#8221;.<\/p>\n<p>El donativo se llev\u00f3 a cabo en la sede del sindicato &#8220;Asociaci\u00f3n de Trabajadores del Estado&#8221; ubicado en Velez Sarfield 2512.<\/p>\n<p>Hicieron entrega del s\u00edmbolo patrio la Secretar\u00eda General de ATE, Mar\u00eda Luisa Quintana y el Secretario de Organizaci\u00f3n Gremial, Roberto Cueto. Fue recibido por la directora de la Escuela de Educaci\u00f3n para Adultos 702,<br \/>\nCarolina Escriba y la Orientadora Social, Mercedes Patronelli. En representaci\u00f3n de la Direcci\u00f3n de Adultos provincial estuvo presente, Guillermo Perez, qui\u00e9n arbitr\u00f3 los medios para que el proyecto pudiera concretarse.<\/p>\n<p>La donaci\u00f3n se enmarca dentro de un proyecto socio-comunitario que lleva adelanta la E.E.P.A 702, que funciona en la Escuela Primaria N\u00b0 4, San Mart\u00edn y Chacabuco, en conjunto con vecinos de la plaza L\u00f3pez Camelo, emplazada en el Barrio Pueblo Nuevo.<\/p>\n<p>&#8220;Esta iniciativa surgi\u00f3 en el acto de apertura del ciclo lectivo de este a\u00f1o. En esa oportunidad, el se\u00f1or Oscar Orasi Vicente, que participa del taller de memoria de nuestra instituci\u00f3n, se acerc\u00f3 e iz\u00f3 la insignia patria, y nos relat\u00f3 el nacimiento de esta tradici\u00f3n a los vecinos de Pueblo Nuevo. Nos cont\u00f3 que el Sr. Bugliotto tom\u00f3 un d\u00eda la decisi\u00f3n de<br \/>\ncolocar la Bandera Nacional en el m\u00e1stil de la plaza e izarla y arriarla todos los d\u00edas. Cuando Bugliotto falleci\u00f3, un grupo de vecinos se reunieron para seguir con esta tradici\u00f3n, y decidieron pasarle la posta a Oscar&#8221;, relat\u00f3 la directora Carolina Escriba.<\/p>\n<p>Y agreg\u00f3: &#8220;Desde la comunidad educativa escuchamos la historia atentamente, y nos comprometimos, como instituci\u00f3n, a construir un proyecto que nos permitiera revalorizar los s\u00edmbolos patrios, las tradiciones y las<br \/>\nhistorias de vida de la comunidad&#8221;.<\/p>\n<p>&#8220;Por este motivo, nuestra instituci\u00f3n, en conmemoraci\u00f3n al fallecimiento del General Manuel Belgrano, realizar\u00e1 un acto socio-comunitario en la Plaza L\u00f3pez Camelo (San Mart\u00edn entre Maip\u00fa y Chacabuco), en donde se har\u00e1<br \/>\nentrega de la bandera a Oscar Vicente, vecino que se encarga todas las ma\u00f1anas de izarla y, en el ocaso, arriarla&#8221;.<\/p>\n<p>&#8220;Agradecemos de coraz\u00f3n al Sindicato de ATE por sumarse a este proyecto socio-comunitario haciendo posible su concreci\u00f3n con la donaci\u00f3n del s\u00edmbolo patrio&#8221;, concluy\u00f3 la directora.<\/p>\n<p><a href=\"https:\/\/experienciadevida.com.ar\/portalurbano\/el-sindicato-de-a-t-e-seccional-centro-dono-una-bandera-nacional-a-la-e-e-pa-n-702-america\/el-sindicato\/\" rel=\"attachment wp-att-169837\"><img decoding=\"async\" class=\"alignnone size-large wp-image-169837\" src=\"https:\/\/experienciadevida.com.ar\/portalurbano\/wp-content\/uploads\/2022\/06\/El-sindicato-1024x633.webp\" alt=\"El sindicato \" width=\"900\" height=\"556\" srcset=\"https:\/\/experienciadevida.com.ar\/portalurbano\/wp-content\/uploads\/2022\/06\/El-sindicato-1024x633.webp 1024w, https:\/\/experienciadevida.com.ar\/portalurbano\/wp-content\/uploads\/2022\/06\/El-sindicato-300x186.webp 300w, https:\/\/experienciadevida.com.ar\/portalurbano\/wp-content\/uploads\/2022\/06\/El-sindicato-768x475.webp 768w, https:\/\/experienciadevida.com.ar\/portalurbano\/wp-content\/uploads\/2022\/06\/El-sindicato.webp 1080w\" sizes=\"(max-width: 900px) 100vw, 900px\" \/><\/a><\/p>\n","protected":false},"excerpt":{"rendered":"<p>El Sindicato de A.T.E. Seccional Centro don\u00f3 una Bandera nacional a la E.E.PA. N\u00b0 702&#8230;<\/p>\n","protected":false},"author":1,"featured_media":169836,"comment_status":"closed","ping_status":"closed","sticky":false,"template":"","format":"standard","meta":{"content-type":""},"categories":[27],"tags":[],"nelio_content":{"isAutoShareEnabled":false,"autoShareEndMode":"default","automationSources":{"useContentSentences":true,"useSocialTemplates":true,"useCustomSentences":false,"customSentences":[]},"followers":[1],"suggestedReferences":[],"includedReferences":[],"efiUrl":"","efiAlt":"","highlights":[]},"yoast_head":"<!-- This site is optimized with the Yoast SEO plugin v20.7 - https:\/\/yoast.com\/wordpress\/plugins\/seo\/ -->\n<title>El sindicato de A.T.E seccional don\u00f3 una bandera a la E.E.PA. n\u00b0702<\/title>\n<meta name=\"description\" content=\"El Sindicato de A.T.E. Seccional Centro don\u00f3 una Bandera nacional a la E.E.PA. N\u00b0 702 &quot;Am\u00e9rica&quot;, el donativo se llev\u00f3 a cabo en la sede\" \/>\n<meta name=\"robots\" content=\"index, follow, max-snippet:-1, max-image-preview:large, max-video-preview:-1\" \/>\n<link rel=\"canonical\" href=\"https:\/\/experienciadevida.com.ar\/portalurbano\/el-sindicato-de-a-t-e-seccional-centro-dono-una-bandera-nacional-a-la-e-e-pa-n-702-america\/\" \/>\n<meta property=\"og:locale\" content=\"es_ES\" \/>\n<meta property=\"og:type\" content=\"article\" \/>\n<meta property=\"og:title\" content=\"El sindicato de A.T.E seccional don\u00f3 una bandera a la E.E.PA. n\u00b0702\" \/>\n<meta property=\"og:description\" content=\"El Sindicato de A.T.E. Seccional Centro don\u00f3 una Bandera nacional a la E.E.PA. N\u00b0 702 &quot;Am\u00e9rica&quot;, el donativo se llev\u00f3 a cabo en la sede\" \/>\n<meta property=\"og:url\" content=\"https:\/\/experienciadevida.com.ar\/portalurbano\/el-sindicato-de-a-t-e-seccional-centro-dono-una-bandera-nacional-a-la-e-e-pa-n-702-america\/\" \/>\n<meta property=\"article:publisher\" content=\"https:\/\/www.facebook.com\/Portal-Urbano-171542830093757\/\" \/>\n<meta property=\"article:published_time\" content=\"2022-06-18T01:25:48+00:00\" \/>\n<meta property=\"article:modified_time\" content=\"2022-06-18T01:26:12+00:00\" \/>\n<meta property=\"og:image\" content=\"https:\/\/experienciadevida.com.ar\/portalurbano\/wp-content\/uploads\/2022\/06\/El-Sindicato-de.webp\" \/>\n\t<meta property=\"og:image:width\" content=\"1080\" \/>\n\t<meta property=\"og:image:height\" content=\"606\" \/>\n\t<meta property=\"og:image:type\" content=\"image\/webp\" \/>\n<meta name=\"author\" content=\"admpu17wp\" \/>\n<meta name=\"twitter:card\" content=\"summary_large_image\" \/>\n<meta name=\"twitter:creator\" content=\"@portalurbanook\" \/>\n<meta name=\"twitter:site\" content=\"@portalurbanook\" \/>\n<meta name=\"twitter:label1\" content=\"Escrito por\" \/>\n\t<meta name=\"twitter:data1\" content=\"admpu17wp\" \/>\n\t<meta name=\"twitter:label2\" content=\"Tiempo de lectura\" \/>\n\t<meta name=\"twitter:data2\" content=\"2 minutos\" \/>\n<script type=\"application\/ld+json\" class=\"yoast-schema-graph\">{\"@context\":\"https:\/\/schema.org\",\"@graph\":[{\"@type\":\"Article\",\"@id\":\"https:\/\/experienciadevida.com.ar\/portalurbano\/el-sindicato-de-a-t-e-seccional-centro-dono-una-bandera-nacional-a-la-e-e-pa-n-702-america\/#article\",\"isPartOf\":{\"@id\":\"https:\/\/experienciadevida.com.ar\/portalurbano\/el-sindicato-de-a-t-e-seccional-centro-dono-una-bandera-nacional-a-la-e-e-pa-n-702-america\/\"},\"author\":{\"name\":\"admpu17wp\",\"@id\":\"https:\/\/experienciadevida.com.ar\/portalurbano\/#\/schema\/person\/02dd326b1c4b056e9cc972486934a3a7\"},\"headline\":\"El Sindicato de A.T.E. Seccional Centro don\u00f3 una Bandera nacional a la E.E.PA. N\u00b0 702 &#8220;Am\u00e9rica&#8221;.\",\"datePublished\":\"2022-06-18T01:25:48+00:00\",\"dateModified\":\"2022-06-18T01:26:12+00:00\",\"mainEntityOfPage\":{\"@id\":\"https:\/\/experienciadevida.com.ar\/portalurbano\/el-sindicato-de-a-t-e-seccional-centro-dono-una-bandera-nacional-a-la-e-e-pa-n-702-america\/\"},\"wordCount\":420,\"publisher\":{\"@id\":\"https:\/\/experienciadevida.com.ar\/portalurbano\/#organization\"},\"articleSection\":[\"Ciudad\"],\"inLanguage\":\"es\"},{\"@type\":\"WebPage\",\"@id\":\"https:\/\/experienciadevida.com.ar\/portalurbano\/el-sindicato-de-a-t-e-seccional-centro-dono-una-bandera-nacional-a-la-e-e-pa-n-702-america\/\",\"url\":\"https:\/\/experienciadevida.com.ar\/portalurbano\/el-sindicato-de-a-t-e-seccional-centro-dono-una-bandera-nacional-a-la-e-e-pa-n-702-america\/\",\"name\":\"El sindicato de A.T.E seccional don\u00f3 una bandera a la E.E.PA. n\u00b0702\",\"isPartOf\":{\"@id\":\"https:\/\/experienciadevida.com.ar\/portalurbano\/#website\"},\"datePublished\":\"2022-06-18T01:25:48+00:00\",\"dateModified\":\"2022-06-18T01:26:12+00:00\",\"description\":\"El Sindicato de A.T.E. Seccional Centro don\u00f3 una Bandera nacional a la E.E.PA. N\u00b0 702 \\\"Am\u00e9rica\\\", el donativo se llev\u00f3 a cabo en la sede\",\"breadcrumb\":{\"@id\":\"https:\/\/experienciadevida.com.ar\/portalurbano\/el-sindicato-de-a-t-e-seccional-centro-dono-una-bandera-nacional-a-la-e-e-pa-n-702-america\/#breadcrumb\"},\"inLanguage\":\"es\",\"potentialAction\":[{\"@type\":\"ReadAction\",\"target\":[\"https:\/\/experienciadevida.com.ar\/portalurbano\/el-sindicato-de-a-t-e-seccional-centro-dono-una-bandera-nacional-a-la-e-e-pa-n-702-america\/\"]}]},{\"@type\":\"BreadcrumbList\",\"@id\":\"https:\/\/experienciadevida.com.ar\/portalurbano\/el-sindicato-de-a-t-e-seccional-centro-dono-una-bandera-nacional-a-la-e-e-pa-n-702-america\/#breadcrumb\",\"itemListElement\":[{\"@type\":\"ListItem\",\"position\":1,\"name\":\"Portada\",\"item\":\"https:\/\/experienciadevida.com.ar\/portalurbano\/\"},{\"@type\":\"ListItem\",\"position\":2,\"name\":\"El Sindicato de A.T.E. Seccional Centro don\u00f3 una Bandera nacional a la E.E.PA. N\u00b0 702 \u00abAm\u00e9rica\u00bb.\"}]},{\"@type\":\"WebSite\",\"@id\":\"https:\/\/experienciadevida.com.ar\/portalurbano\/#website\",\"url\":\"https:\/\/experienciadevida.com.ar\/portalurbano\/\",\"name\":\"\",\"description\":\"\",\"publisher\":{\"@id\":\"https:\/\/experienciadevida.com.ar\/portalurbano\/#organization\"},\"potentialAction\":[{\"@type\":\"SearchAction\",\"target\":{\"@type\":\"EntryPoint\",\"urlTemplate\":\"https:\/\/experienciadevida.com.ar\/portalurbano\/?s={search_term_string}\"},\"query-input\":\"required name=search_term_string\"}],\"inLanguage\":\"es\"},{\"@type\":\"Organization\",\"@id\":\"https:\/\/experienciadevida.com.ar\/portalurbano\/#organization\",\"name\":\"Portal Urbano\",\"url\":\"https:\/\/experienciadevida.com.ar\/portalurbano\/\",\"logo\":{\"@type\":\"ImageObject\",\"inLanguage\":\"es\",\"@id\":\"https:\/\/experienciadevida.com.ar\/portalurbano\/#\/schema\/logo\/image\/\",\"url\":\"https:\/\/experienciadevida.com.ar\/portalurbano\/wp-content\/uploads\/2019\/09\/Logo-Original.png\",\"contentUrl\":\"https:\/\/experienciadevida.com.ar\/portalurbano\/wp-content\/uploads\/2019\/09\/Logo-Original.png\",\"width\":2236,\"height\":1216,\"caption\":\"Portal Urbano\"},\"image\":{\"@id\":\"https:\/\/experienciadevida.com.ar\/portalurbano\/#\/schema\/logo\/image\/\"},\"sameAs\":[\"https:\/\/www.facebook.com\/Portal-Urbano-171542830093757\/\",\"https:\/\/twitter.com\/portalurbanook\",\"https:\/\/www.instagram.com\/_portalurbano\/\",\"https:\/\/www.youtube.com\/channel\/UCXhagIfszH8KxFiOok79zbA?view_as=subscriber\"]},{\"@type\":\"Person\",\"@id\":\"https:\/\/experienciadevida.com.ar\/portalurbano\/#\/schema\/person\/02dd326b1c4b056e9cc972486934a3a7\",\"name\":\"admpu17wp\",\"image\":{\"@type\":\"ImageObject\",\"inLanguage\":\"es\",\"@id\":\"https:\/\/experienciadevida.com.ar\/portalurbano\/#\/schema\/person\/image\/\",\"url\":\"https:\/\/secure.gravatar.com\/avatar\/830d4c57adaae6630765e449a6908047?s=96&d=mm&r=g\",\"contentUrl\":\"https:\/\/secure.gravatar.com\/avatar\/830d4c57adaae6630765e449a6908047?s=96&d=mm&r=g\",\"caption\":\"admpu17wp\"}}]}<\/script>\n<!-- \/ Yoast SEO plugin. -->","yoast_head_json":{"title":"El sindicato de A.T.E seccional don\u00f3 una bandera a la E.E.PA. n\u00b0702","description":"El Sindicato de A.T.E. Seccional Centro don\u00f3 una Bandera nacional a la E.E.PA. N\u00b0 702 \"Am\u00e9rica\", el donativo se llev\u00f3 a cabo en la sede","robots":{"index":"index","follow":"follow","max-snippet":"max-snippet:-1","max-image-preview":"max-image-preview:large","max-video-preview":"max-video-preview:-1"},"canonical":"https:\/\/experienciadevida.com.ar\/portalurbano\/el-sindicato-de-a-t-e-seccional-centro-dono-una-bandera-nacional-a-la-e-e-pa-n-702-america\/","og_locale":"es_ES","og_type":"article","og_title":"El sindicato de A.T.E seccional don\u00f3 una bandera a la E.E.PA. n\u00b0702","og_description":"El Sindicato de A.T.E. Seccional Centro don\u00f3 una Bandera nacional a la E.E.PA. N\u00b0 702 \"Am\u00e9rica\", el donativo se llev\u00f3 a cabo en la sede","og_url":"https:\/\/experienciadevida.com.ar\/portalurbano\/el-sindicato-de-a-t-e-seccional-centro-dono-una-bandera-nacional-a-la-e-e-pa-n-702-america\/","article_publisher":"https:\/\/www.facebook.com\/Portal-Urbano-171542830093757\/","article_published_time":"2022-06-18T01:25:48+00:00","article_modified_time":"2022-06-18T01:26:12+00:00","og_image":[{"width":1080,"height":606,"url":"https:\/\/experienciadevida.com.ar\/portalurbano\/wp-content\/uploads\/2022\/06\/El-Sindicato-de.webp","type":"image\/webp"}],"author":"admpu17wp","twitter_card":"summary_large_image","twitter_creator":"@portalurbanook","twitter_site":"@portalurbanook","twitter_misc":{"Escrito por":"admpu17wp","Tiempo de lectura":"2 minutos"},"schema":{"@context":"https:\/\/schema.org","@graph":[{"@type":"Article","@id":"https:\/\/experienciadevida.com.ar\/portalurbano\/el-sindicato-de-a-t-e-seccional-centro-dono-una-bandera-nacional-a-la-e-e-pa-n-702-america\/#article","isPartOf":{"@id":"https:\/\/experienciadevida.com.ar\/portalurbano\/el-sindicato-de-a-t-e-seccional-centro-dono-una-bandera-nacional-a-la-e-e-pa-n-702-america\/"},"author":{"name":"admpu17wp","@id":"https:\/\/experienciadevida.com.ar\/portalurbano\/#\/schema\/person\/02dd326b1c4b056e9cc972486934a3a7"},"headline":"El Sindicato de A.T.E. Seccional Centro don\u00f3 una Bandera nacional a la E.E.PA. N\u00b0 702 &#8220;Am\u00e9rica&#8221;.","datePublished":"2022-06-18T01:25:48+00:00","dateModified":"2022-06-18T01:26:12+00:00","mainEntityOfPage":{"@id":"https:\/\/experienciadevida.com.ar\/portalurbano\/el-sindicato-de-a-t-e-seccional-centro-dono-una-bandera-nacional-a-la-e-e-pa-n-702-america\/"},"wordCount":420,"publisher":{"@id":"https:\/\/experienciadevida.com.ar\/portalurbano\/#organization"},"articleSection":["Ciudad"],"inLanguage":"es"},{"@type":"WebPage","@id":"https:\/\/experienciadevida.com.ar\/portalurbano\/el-sindicato-de-a-t-e-seccional-centro-dono-una-bandera-nacional-a-la-e-e-pa-n-702-america\/","url":"https:\/\/experienciadevida.com.ar\/portalurbano\/el-sindicato-de-a-t-e-seccional-centro-dono-una-bandera-nacional-a-la-e-e-pa-n-702-america\/","name":"El sindicato de A.T.E seccional don\u00f3 una bandera a la E.E.PA. n\u00b0702","isPartOf":{"@id":"https:\/\/experienciadevida.com.ar\/portalurbano\/#website"},"datePublished":"2022-06-18T01:25:48+00:00","dateModified":"2022-06-18T01:26:12+00:00","description":"El Sindicato de A.T.E. Seccional Centro don\u00f3 una Bandera nacional a la E.E.PA. N\u00b0 702 \"Am\u00e9rica\", el donativo se llev\u00f3 a cabo en la sede","breadcrumb":{"@id":"https:\/\/experienciadevida.com.ar\/portalurbano\/el-sindicato-de-a-t-e-seccional-centro-dono-una-bandera-nacional-a-la-e-e-pa-n-702-america\/#breadcrumb"},"inLanguage":"es","potentialAction":[{"@type":"ReadAction","target":["https:\/\/experienciadevida.com.ar\/portalurbano\/el-sindicato-de-a-t-e-seccional-centro-dono-una-bandera-nacional-a-la-e-e-pa-n-702-america\/"]}]},{"@type":"BreadcrumbList","@id":"https:\/\/experienciadevida.com.ar\/portalurbano\/el-sindicato-de-a-t-e-seccional-centro-dono-una-bandera-nacional-a-la-e-e-pa-n-702-america\/#breadcrumb","itemListElement":[{"@type":"ListItem","position":1,"name":"Portada","item":"https:\/\/experienciadevida.com.ar\/portalurbano\/"},{"@type":"ListItem","position":2,"name":"El Sindicato de A.T.E. Seccional Centro don\u00f3 una Bandera nacional a la E.E.PA. N\u00b0 702 \u00abAm\u00e9rica\u00bb."}]},{"@type":"WebSite","@id":"https:\/\/experienciadevida.com.ar\/portalurbano\/#website","url":"https:\/\/experienciadevida.com.ar\/portalurbano\/","name":"","description":"","publisher":{"@id":"https:\/\/experienciadevida.com.ar\/portalurbano\/#organization"},"potentialAction":[{"@type":"SearchAction","target":{"@type":"EntryPoint","urlTemplate":"https:\/\/experienciadevida.com.ar\/portalurbano\/?s={search_term_string}"},"query-input":"required name=search_term_string"}],"inLanguage":"es"},{"@type":"Organization","@id":"https:\/\/experienciadevida.com.ar\/portalurbano\/#organization","name":"Portal Urbano","url":"https:\/\/experienciadevida.com.ar\/portalurbano\/","logo":{"@type":"ImageObject","inLanguage":"es","@id":"https:\/\/experienciadevida.com.ar\/portalurbano\/#\/schema\/logo\/image\/","url":"https:\/\/experienciadevida.com.ar\/portalurbano\/wp-content\/uploads\/2019\/09\/Logo-Original.png","contentUrl":"https:\/\/experienciadevida.com.ar\/portalurbano\/wp-content\/uploads\/2019\/09\/Logo-Original.png","width":2236,"height":1216,"caption":"Portal Urbano"},"image":{"@id":"https:\/\/experienciadevida.com.ar\/portalurbano\/#\/schema\/logo\/image\/"},"sameAs":["https:\/\/www.facebook.com\/Portal-Urbano-171542830093757\/","https:\/\/twitter.com\/portalurbanook","https:\/\/www.instagram.com\/_portalurbano\/","https:\/\/www.youtube.com\/channel\/UCXhagIfszH8KxFiOok79zbA?view_as=subscriber"]},{"@type":"Person","@id":"https:\/\/experienciadevida.com.ar\/portalurbano\/#\/schema\/person\/02dd326b1c4b056e9cc972486934a3a7","name":"admpu17wp","image":{"@type":"ImageObject","inLanguage":"es","@id":"https:\/\/experienciadevida.com.ar\/portalurbano\/#\/schema\/person\/image\/","url":"https:\/\/secure.gravatar.com\/avatar\/830d4c57adaae6630765e449a6908047?s=96&d=mm&r=g","contentUrl":"https:\/\/secure.gravatar.com\/avatar\/830d4c57adaae6630765e449a6908047?s=96&d=mm&r=g","caption":"admpu17wp"}}]}},"featured_image_urls":{"full":["https:\/\/experienciadevida.com.ar\/portalurbano\/wp-content\/uploads\/2022\/06\/El-Sindicato-de.webp",1080,606,false],"thumbnail":["https:\/\/experienciadevida.com.ar\/portalurbano\/wp-content\/uploads\/2022\/06\/El-Sindicato-de-150x150.webp",150,150,true],"medium":["https:\/\/experienciadevida.com.ar\/portalurbano\/wp-content\/uploads\/2022\/06\/El-Sindicato-de-300x168.webp",300,168,true],"medium_large":["https:\/\/experienciadevida.com.ar\/portalurbano\/wp-content\/uploads\/2022\/06\/El-Sindicato-de-768x431.webp",640,359,true],"large":["https:\/\/experienciadevida.com.ar\/portalurbano\/wp-content\/uploads\/2022\/06\/El-Sindicato-de-1024x575.webp",640,359,true],"ug_big":["https:\/\/experienciadevida.com.ar\/portalurbano\/wp-content\/uploads\/2022\/06\/El-Sindicato-de-768x431.webp",768,431,true],"1536x1536":["https:\/\/experienciadevida.com.ar\/portalurbano\/wp-content\/uploads\/2022\/06\/El-Sindicato-de.webp",1080,606,false],"2048x2048":["https:\/\/experienciadevida.com.ar\/portalurbano\/wp-content\/uploads\/2022\/06\/El-Sindicato-de.webp",1080,606,false],"newsever-slider-full":["https:\/\/experienciadevida.com.ar\/portalurbano\/wp-content\/uploads\/2022\/06\/El-Sindicato-de.webp",1080,606,false],"newsever-featured":["https:\/\/experienciadevida.com.ar\/portalurbano\/wp-content\/uploads\/2022\/06\/El-Sindicato-de.webp",1024,575,false],"newsever-medium":["https:\/\/experienciadevida.com.ar\/portalurbano\/wp-content\/uploads\/2022\/06\/El-Sindicato-de.webp",720,404,false],"web-stories-poster-portrait":["https:\/\/experienciadevida.com.ar\/portalurbano\/wp-content\/uploads\/2022\/06\/El-Sindicato-de.webp",640,359,false],"web-stories-publisher-logo":["https:\/\/experienciadevida.com.ar\/portalurbano\/wp-content\/uploads\/2022\/06\/El-Sindicato-de.webp",96,54,false],"web-stories-thumbnail":["https:\/\/experienciadevida.com.ar\/portalurbano\/wp-content\/uploads\/2022\/06\/El-Sindicato-de.webp",150,84,false]},"author_info":{"display_name":"admpu17wp","author_link":"https:\/\/experienciadevida.com.ar\/portalurbano\/author\/admpu17wp\/"},"category_info":"<a href=\"https:\/\/experienciadevida.com.ar\/portalurbano\/category\/ciudad\/\" rel=\"category tag\">Ciudad<\/a>","tag_info":"Ciudad","comment_count":"0","amp_enabled":true,"_links":{"self":[{"href":"https:\/\/experienciadevida.com.ar\/portalurbano\/wp-json\/wp\/v2\/posts\/169835"}],"collection":[{"href":"https:\/\/experienciadevida.com.ar\/portalurbano\/wp-json\/wp\/v2\/posts"}],"about":[{"href":"https:\/\/experienciadevida.com.ar\/portalurbano\/wp-json\/wp\/v2\/types\/post"}],"author":[{"embeddable":true,"href":"https:\/\/experienciadevida.com.ar\/portalurbano\/wp-json\/wp\/v2\/users\/1"}],"replies":[{"embeddable":true,"href":"https:\/\/experienciadevida.com.ar\/portalurbano\/wp-json\/wp\/v2\/comments?post=169835"}],"version-history":[{"count":3,"href":"https:\/\/experienciadevida.com.ar\/portalurbano\/wp-json\/wp\/v2\/posts\/169835\/revisions"}],"predecessor-version":[{"id":169840,"href":"https:\/\/experienciadevida.com.ar\/portalurbano\/wp-json\/wp\/v2\/posts\/169835\/revisions\/169840"}],"wp:featuredmedia":[{"embeddable":true,"href":"https:\/\/experienciadevida.com.ar\/portalurbano\/wp-json\/wp\/v2\/media\/169836"}],"wp:attachment":[{"href":"https:\/\/experienciadevida.com.ar\/portalurbano\/wp-json\/wp\/v2\/media?parent=169835"}],"wp:term":[{"taxonomy":"category","embeddable":true,"href":"https:\/\/experienciadevida.com.ar\/portalurbano\/wp-json\/wp\/v2\/categories?post=169835"},{"taxonomy":"post_tag","embeddable":true,"href":"https:\/\/experienciadevida.com.ar\/portalurbano\/wp-json\/wp\/v2\/tags?post=169835"}],"curies":[{"name":"wp","href":"https:\/\/api.w.org\/{rel}","templated":true}]}}