{"id":169814,"date":"2022-06-17T11:06:15","date_gmt":"2022-06-17T14:06:15","guid":{"rendered":"https:\/\/experienciadevida.com.ar\/portalurbano\/?p=169814"},"modified":"2022-06-17T11:06:54","modified_gmt":"2022-06-17T14:06:54","slug":"dia-del-periodista-en-la-unidad-n2","status":"publish","type":"post","link":"https:\/\/experienciadevida.com.ar\/portalurbano\/dia-del-periodista-en-la-unidad-n2\/","title":{"rendered":"D\u00eda del periodista en la Unidad N\u00b02"},"content":{"rendered":"<p>D\u00eda del periodista en la Unidad N\u00b02, a trav\u00e9s de la radio FM 88.1 \u201cLibre\u201d que transmite desde el CENS N\u00b0455 en<br \/>\nContexto de Encierro, los internos alojados en la Unidad Penitenciaria N\u00ba 2 de Sierra Chica celebraron el d\u00eda del periodista. Con el objetivo de reflexionar sobre la funci\u00f3n del periodismo y su rol en la sociedad, retransmitieron la columna de Fernando Borroni, periodista, escritor y docente de radio y periodismo, y columnista del programa \u201cLa Ma\u00f1ana\u201d en la AM750.<\/p>\n<p>FM Libre surgi\u00f3 el 22 de septiembre de 2003 con una programaci\u00f3n dedicada a difundir noticias de inter\u00e9s general y cultural con la participaci\u00f3n de las y los internos estudiantes. La radio est\u00e1 a cargo del director del CENS 455<br \/>\nEzequiel Maitini, el Vice Director Pablo Acosta y la coordinaci\u00f3n de la Lic. Florencia Ju\u00e1rez y Guillermo Rikal. De la operaci\u00f3n t\u00e9cnica, puesta en el aire y musicalizaci\u00f3n se encargan los estudiantes del CENS.<\/p>\n<p>La operaci\u00f3n t\u00e9cnica y locuci\u00f3n del programa radial \u201cImagina\u201d est\u00e1 a cargo de Emanuel que estudia Comunicaci\u00f3n Social en la UNICEN, y la locuci\u00f3n de Marcelo que concurre a la escuela secundaria. Realizaron un programa<br \/>\nespecial por el D\u00eda del Periodista junto a la coordinadora del \u00e1rea de Prensa de la Unidad N\u00b02 Lic. Cecilia Pitaro.<\/p>\n<p>En su columna Borroni expuso que \u201cel periodismo que hoy celebramos nace de la mano de la Gazeta de Buenos Aires, de la mano de Mariano Moreno y de una clara intenci\u00f3n de ser pol\u00edticamente subjetivos, porque la Gazeta nace para difundir la gesti\u00f3n de esa Primera Junta. Expresar a ese campo nacional y popular que quer\u00eda la independencia y soberan\u00eda. Luego nace La Naci\u00f3n con una clara intenci\u00f3n de representar los intereses contrarios\u201d.<\/p>\n<p>\u201cNinguno nace por amor a la primicia y a la noticia. \u2013Y contin\u00faa remarcando que- Desde la modernidad se instala que el periodismo serio es el que juega a la neutralidad, y claro est\u00e1 que presentar noticias sin contextualizarlas, es instalar el pensamiento hegem\u00f3nico. El ejercicio del periodismo es recorrer el camino de la b\u00fasqueda de la verdad y saber que nos quedaremos solo con una porci\u00f3n de ella. Pero no tiene muchas opciones o es un instrumento del poder dominante para someter a los pueblos o un instrumento de lucha de las clases populares para liberarlos de esa<br \/>\nopresi\u00f3n, del poder hegem\u00f3nico.\u201d<\/p>\n<p>D\u00eda del periodista en la Unidad N\u00b02, a trav\u00e9s de la radio FM 88.1 \u201cLibre\u201d que transmite desde el CENS N\u00b0455 en<br \/>\nContexto de Encierro, en medio de un \u201caire radial\u201d comprometido se reflexion\u00f3 sobre la importancia de la existencia de variedad de medios con diferentes editoriales, para lo que es necesario expresar desde qu\u00e9 lugar se construye<br \/>\ny analizan los hechos difundidos. Como esas noticias influyen en la vida de las personas y sus decisiones personales. \u201cDarle la posibilidad a la ciudadan\u00eda de elegir, escuchar, mirar y leer puntos de vistas distintos para generar una opini\u00f3n. La credibilidad del periodismo es ponerle el cuerpo a la palabra y expresar desde qu\u00e9 lugar se habla, se escribe, se construye la noticia.\u201d, destac\u00f3 Cecilia Pitaro.<\/p>\n<p>Mientras tanto, Emanuel record\u00f3 que \u201cpara Rodolfo Walsh la verdad se militaba y esta es la incomodidad del periodismo, saberse siempre en la b\u00fasqueda. La libertad tiene que ver con asumirse en una subjetividad, dependiente de esa subjetividad\u201d.<\/p>\n<p>Para finalizar, el cierre estuvo en manos de Marcelo que cit\u00f3 a Gabriel Garc\u00eda M\u00e1rquez, \u201cser periodista es tener el privilegio de cambiar algo todos los d\u00edas\u201d.<\/p>\n<p>El programa de Emanuel y Marcelo tiene una columna semanal que apunta a difundir las actividades educativas, culturales y deportivas que se realizan en la Unidad Penal N\u00b02 con la finalidad de multiplicar la participaci\u00f3n de las y los internos, adem\u00e1s de exponer vivencias que multiplican valores y fomentan la vinculaci\u00f3n con los espacios para el<br \/>\nbienestar personal de los detenidos.<\/p>\n<p>Fuente y Fotos: Servicio Penitenciario Bonaerense<\/p>\n","protected":false},"excerpt":{"rendered":"<p>D\u00eda del periodista en la Unidad N\u00b02, a trav\u00e9s de la radio FM 88.1 \u201cLibre\u201d&#8230;<\/p>\n","protected":false},"author":1,"featured_media":169815,"comment_status":"closed","ping_status":"closed","sticky":false,"template":"","format":"standard","meta":{"content-type":""},"categories":[27],"tags":[],"nelio_content":{"isAutoShareEnabled":false,"autoShareEndMode":"default","automationSources":{"useContentSentences":true,"useSocialTemplates":true,"useCustomSentences":false,"customSentences":[]},"followers":[1],"suggestedReferences":[],"includedReferences":[],"efiUrl":"","efiAlt":"","highlights":[]},"yoast_head":"<!-- This site is optimized with the Yoast SEO plugin v20.7 - https:\/\/yoast.com\/wordpress\/plugins\/seo\/ -->\n<title>D\u00eda del periodista en la Unidad n\u00b02<\/title>\n<meta name=\"description\" content=\"D\u00eda del periodista en la Unidad N\u00b02, a trav\u00e9s de la radio FM 88.1 \u201cLibre\u201d que transmite desde el CENS N\u00b0455 enContexto de Encierro,\" \/>\n<meta name=\"robots\" content=\"index, follow, max-snippet:-1, max-image-preview:large, max-video-preview:-1\" \/>\n<link rel=\"canonical\" href=\"https:\/\/experienciadevida.com.ar\/portalurbano\/dia-del-periodista-en-la-unidad-n2\/\" \/>\n<meta property=\"og:locale\" content=\"es_ES\" \/>\n<meta property=\"og:type\" content=\"article\" \/>\n<meta property=\"og:title\" content=\"D\u00eda del periodista en la Unidad n\u00b02\" \/>\n<meta property=\"og:description\" content=\"D\u00eda del periodista en la Unidad N\u00b02, a trav\u00e9s de la radio FM 88.1 \u201cLibre\u201d que transmite desde el CENS N\u00b0455 enContexto de Encierro,\" \/>\n<meta property=\"og:url\" content=\"https:\/\/experienciadevida.com.ar\/portalurbano\/dia-del-periodista-en-la-unidad-n2\/\" \/>\n<meta property=\"article:publisher\" content=\"https:\/\/www.facebook.com\/Portal-Urbano-171542830093757\/\" \/>\n<meta property=\"article:published_time\" content=\"2022-06-17T14:06:15+00:00\" \/>\n<meta property=\"article:modified_time\" content=\"2022-06-17T14:06:54+00:00\" \/>\n<meta property=\"og:image\" content=\"https:\/\/experienciadevida.com.ar\/portalurbano\/wp-content\/uploads\/2022\/06\/Dia-del-periodista-en.jpeg\" \/>\n\t<meta property=\"og:image:width\" content=\"765\" \/>\n\t<meta property=\"og:image:height\" content=\"510\" \/>\n\t<meta property=\"og:image:type\" content=\"image\/jpeg\" \/>\n<meta name=\"author\" content=\"admpu17wp\" \/>\n<meta name=\"twitter:card\" content=\"summary_large_image\" \/>\n<meta name=\"twitter:creator\" content=\"@portalurbanook\" \/>\n<meta name=\"twitter:site\" content=\"@portalurbanook\" \/>\n<meta name=\"twitter:label1\" content=\"Escrito por\" \/>\n\t<meta name=\"twitter:data1\" content=\"admpu17wp\" \/>\n\t<meta name=\"twitter:label2\" content=\"Tiempo de lectura\" \/>\n\t<meta name=\"twitter:data2\" content=\"3 minutos\" \/>\n<script type=\"application\/ld+json\" class=\"yoast-schema-graph\">{\"@context\":\"https:\/\/schema.org\",\"@graph\":[{\"@type\":\"Article\",\"@id\":\"https:\/\/experienciadevida.com.ar\/portalurbano\/dia-del-periodista-en-la-unidad-n2\/#article\",\"isPartOf\":{\"@id\":\"https:\/\/experienciadevida.com.ar\/portalurbano\/dia-del-periodista-en-la-unidad-n2\/\"},\"author\":{\"name\":\"admpu17wp\",\"@id\":\"https:\/\/experienciadevida.com.ar\/portalurbano\/#\/schema\/person\/02dd326b1c4b056e9cc972486934a3a7\"},\"headline\":\"D\u00eda del periodista en la Unidad N\u00b02\",\"datePublished\":\"2022-06-17T14:06:15+00:00\",\"dateModified\":\"2022-06-17T14:06:54+00:00\",\"mainEntityOfPage\":{\"@id\":\"https:\/\/experienciadevida.com.ar\/portalurbano\/dia-del-periodista-en-la-unidad-n2\/\"},\"wordCount\":689,\"publisher\":{\"@id\":\"https:\/\/experienciadevida.com.ar\/portalurbano\/#organization\"},\"articleSection\":[\"Ciudad\"],\"inLanguage\":\"es\"},{\"@type\":\"WebPage\",\"@id\":\"https:\/\/experienciadevida.com.ar\/portalurbano\/dia-del-periodista-en-la-unidad-n2\/\",\"url\":\"https:\/\/experienciadevida.com.ar\/portalurbano\/dia-del-periodista-en-la-unidad-n2\/\",\"name\":\"D\u00eda del periodista en la Unidad n\u00b02\",\"isPartOf\":{\"@id\":\"https:\/\/experienciadevida.com.ar\/portalurbano\/#website\"},\"datePublished\":\"2022-06-17T14:06:15+00:00\",\"dateModified\":\"2022-06-17T14:06:54+00:00\",\"description\":\"D\u00eda del periodista en la Unidad N\u00b02, a trav\u00e9s de la radio FM 88.1 \u201cLibre\u201d que transmite desde el CENS N\u00b0455 enContexto de Encierro,\",\"breadcrumb\":{\"@id\":\"https:\/\/experienciadevida.com.ar\/portalurbano\/dia-del-periodista-en-la-unidad-n2\/#breadcrumb\"},\"inLanguage\":\"es\",\"potentialAction\":[{\"@type\":\"ReadAction\",\"target\":[\"https:\/\/experienciadevida.com.ar\/portalurbano\/dia-del-periodista-en-la-unidad-n2\/\"]}]},{\"@type\":\"BreadcrumbList\",\"@id\":\"https:\/\/experienciadevida.com.ar\/portalurbano\/dia-del-periodista-en-la-unidad-n2\/#breadcrumb\",\"itemListElement\":[{\"@type\":\"ListItem\",\"position\":1,\"name\":\"Portada\",\"item\":\"https:\/\/experienciadevida.com.ar\/portalurbano\/\"},{\"@type\":\"ListItem\",\"position\":2,\"name\":\"D\u00eda del periodista en la Unidad N\u00b02\"}]},{\"@type\":\"WebSite\",\"@id\":\"https:\/\/experienciadevida.com.ar\/portalurbano\/#website\",\"url\":\"https:\/\/experienciadevida.com.ar\/portalurbano\/\",\"name\":\"\",\"description\":\"\",\"publisher\":{\"@id\":\"https:\/\/experienciadevida.com.ar\/portalurbano\/#organization\"},\"potentialAction\":[{\"@type\":\"SearchAction\",\"target\":{\"@type\":\"EntryPoint\",\"urlTemplate\":\"https:\/\/experienciadevida.com.ar\/portalurbano\/?s={search_term_string}\"},\"query-input\":\"required name=search_term_string\"}],\"inLanguage\":\"es\"},{\"@type\":\"Organization\",\"@id\":\"https:\/\/experienciadevida.com.ar\/portalurbano\/#organization\",\"name\":\"Portal Urbano\",\"url\":\"https:\/\/experienciadevida.com.ar\/portalurbano\/\",\"logo\":{\"@type\":\"ImageObject\",\"inLanguage\":\"es\",\"@id\":\"https:\/\/experienciadevida.com.ar\/portalurbano\/#\/schema\/logo\/image\/\",\"url\":\"https:\/\/experienciadevida.com.ar\/portalurbano\/wp-content\/uploads\/2019\/09\/Logo-Original.png\",\"contentUrl\":\"https:\/\/experienciadevida.com.ar\/portalurbano\/wp-content\/uploads\/2019\/09\/Logo-Original.png\",\"width\":2236,\"height\":1216,\"caption\":\"Portal Urbano\"},\"image\":{\"@id\":\"https:\/\/experienciadevida.com.ar\/portalurbano\/#\/schema\/logo\/image\/\"},\"sameAs\":[\"https:\/\/www.facebook.com\/Portal-Urbano-171542830093757\/\",\"https:\/\/twitter.com\/portalurbanook\",\"https:\/\/www.instagram.com\/_portalurbano\/\",\"https:\/\/www.youtube.com\/channel\/UCXhagIfszH8KxFiOok79zbA?view_as=subscriber\"]},{\"@type\":\"Person\",\"@id\":\"https:\/\/experienciadevida.com.ar\/portalurbano\/#\/schema\/person\/02dd326b1c4b056e9cc972486934a3a7\",\"name\":\"admpu17wp\",\"image\":{\"@type\":\"ImageObject\",\"inLanguage\":\"es\",\"@id\":\"https:\/\/experienciadevida.com.ar\/portalurbano\/#\/schema\/person\/image\/\",\"url\":\"https:\/\/secure.gravatar.com\/avatar\/830d4c57adaae6630765e449a6908047?s=96&d=mm&r=g\",\"contentUrl\":\"https:\/\/secure.gravatar.com\/avatar\/830d4c57adaae6630765e449a6908047?s=96&d=mm&r=g\",\"caption\":\"admpu17wp\"}}]}<\/script>\n<!-- \/ Yoast SEO plugin. -->","yoast_head_json":{"title":"D\u00eda del periodista en la Unidad n\u00b02","description":"D\u00eda del periodista en la Unidad N\u00b02, a trav\u00e9s de la radio FM 88.1 \u201cLibre\u201d que transmite desde el CENS N\u00b0455 enContexto de Encierro,","robots":{"index":"index","follow":"follow","max-snippet":"max-snippet:-1","max-image-preview":"max-image-preview:large","max-video-preview":"max-video-preview:-1"},"canonical":"https:\/\/experienciadevida.com.ar\/portalurbano\/dia-del-periodista-en-la-unidad-n2\/","og_locale":"es_ES","og_type":"article","og_title":"D\u00eda del periodista en la Unidad n\u00b02","og_description":"D\u00eda del periodista en la Unidad N\u00b02, a trav\u00e9s de la radio FM 88.1 \u201cLibre\u201d que transmite desde el CENS N\u00b0455 enContexto de Encierro,","og_url":"https:\/\/experienciadevida.com.ar\/portalurbano\/dia-del-periodista-en-la-unidad-n2\/","article_publisher":"https:\/\/www.facebook.com\/Portal-Urbano-171542830093757\/","article_published_time":"2022-06-17T14:06:15+00:00","article_modified_time":"2022-06-17T14:06:54+00:00","og_image":[{"width":765,"height":510,"url":"https:\/\/experienciadevida.com.ar\/portalurbano\/wp-content\/uploads\/2022\/06\/Dia-del-periodista-en.jpeg","type":"image\/jpeg"}],"author":"admpu17wp","twitter_card":"summary_large_image","twitter_creator":"@portalurbanook","twitter_site":"@portalurbanook","twitter_misc":{"Escrito por":"admpu17wp","Tiempo de lectura":"3 minutos"},"schema":{"@context":"https:\/\/schema.org","@graph":[{"@type":"Article","@id":"https:\/\/experienciadevida.com.ar\/portalurbano\/dia-del-periodista-en-la-unidad-n2\/#article","isPartOf":{"@id":"https:\/\/experienciadevida.com.ar\/portalurbano\/dia-del-periodista-en-la-unidad-n2\/"},"author":{"name":"admpu17wp","@id":"https:\/\/experienciadevida.com.ar\/portalurbano\/#\/schema\/person\/02dd326b1c4b056e9cc972486934a3a7"},"headline":"D\u00eda del periodista en la Unidad N\u00b02","datePublished":"2022-06-17T14:06:15+00:00","dateModified":"2022-06-17T14:06:54+00:00","mainEntityOfPage":{"@id":"https:\/\/experienciadevida.com.ar\/portalurbano\/dia-del-periodista-en-la-unidad-n2\/"},"wordCount":689,"publisher":{"@id":"https:\/\/experienciadevida.com.ar\/portalurbano\/#organization"},"articleSection":["Ciudad"],"inLanguage":"es"},{"@type":"WebPage","@id":"https:\/\/experienciadevida.com.ar\/portalurbano\/dia-del-periodista-en-la-unidad-n2\/","url":"https:\/\/experienciadevida.com.ar\/portalurbano\/dia-del-periodista-en-la-unidad-n2\/","name":"D\u00eda del periodista en la Unidad n\u00b02","isPartOf":{"@id":"https:\/\/experienciadevida.com.ar\/portalurbano\/#website"},"datePublished":"2022-06-17T14:06:15+00:00","dateModified":"2022-06-17T14:06:54+00:00","description":"D\u00eda del periodista en la Unidad N\u00b02, a trav\u00e9s de la radio FM 88.1 \u201cLibre\u201d que transmite desde el CENS N\u00b0455 enContexto de Encierro,","breadcrumb":{"@id":"https:\/\/experienciadevida.com.ar\/portalurbano\/dia-del-periodista-en-la-unidad-n2\/#breadcrumb"},"inLanguage":"es","potentialAction":[{"@type":"ReadAction","target":["https:\/\/experienciadevida.com.ar\/portalurbano\/dia-del-periodista-en-la-unidad-n2\/"]}]},{"@type":"BreadcrumbList","@id":"https:\/\/experienciadevida.com.ar\/portalurbano\/dia-del-periodista-en-la-unidad-n2\/#breadcrumb","itemListElement":[{"@type":"ListItem","position":1,"name":"Portada","item":"https:\/\/experienciadevida.com.ar\/portalurbano\/"},{"@type":"ListItem","position":2,"name":"D\u00eda del periodista en la Unidad N\u00b02"}]},{"@type":"WebSite","@id":"https:\/\/experienciadevida.com.ar\/portalurbano\/#website","url":"https:\/\/experienciadevida.com.ar\/portalurbano\/","name":"","description":"","publisher":{"@id":"https:\/\/experienciadevida.com.ar\/portalurbano\/#organization"},"potentialAction":[{"@type":"SearchAction","target":{"@type":"EntryPoint","urlTemplate":"https:\/\/experienciadevida.com.ar\/portalurbano\/?s={search_term_string}"},"query-input":"required name=search_term_string"}],"inLanguage":"es"},{"@type":"Organization","@id":"https:\/\/experienciadevida.com.ar\/portalurbano\/#organization","name":"Portal Urbano","url":"https:\/\/experienciadevida.com.ar\/portalurbano\/","logo":{"@type":"ImageObject","inLanguage":"es","@id":"https:\/\/experienciadevida.com.ar\/portalurbano\/#\/schema\/logo\/image\/","url":"https:\/\/experienciadevida.com.ar\/portalurbano\/wp-content\/uploads\/2019\/09\/Logo-Original.png","contentUrl":"https:\/\/experienciadevida.com.ar\/portalurbano\/wp-content\/uploads\/2019\/09\/Logo-Original.png","width":2236,"height":1216,"caption":"Portal Urbano"},"image":{"@id":"https:\/\/experienciadevida.com.ar\/portalurbano\/#\/schema\/logo\/image\/"},"sameAs":["https:\/\/www.facebook.com\/Portal-Urbano-171542830093757\/","https:\/\/twitter.com\/portalurbanook","https:\/\/www.instagram.com\/_portalurbano\/","https:\/\/www.youtube.com\/channel\/UCXhagIfszH8KxFiOok79zbA?view_as=subscriber"]},{"@type":"Person","@id":"https:\/\/experienciadevida.com.ar\/portalurbano\/#\/schema\/person\/02dd326b1c4b056e9cc972486934a3a7","name":"admpu17wp","image":{"@type":"ImageObject","inLanguage":"es","@id":"https:\/\/experienciadevida.com.ar\/portalurbano\/#\/schema\/person\/image\/","url":"https:\/\/secure.gravatar.com\/avatar\/830d4c57adaae6630765e449a6908047?s=96&d=mm&r=g","contentUrl":"https:\/\/secure.gravatar.com\/avatar\/830d4c57adaae6630765e449a6908047?s=96&d=mm&r=g","caption":"admpu17wp"}}]}},"featured_image_urls":{"full":["https:\/\/experienciadevida.com.ar\/portalurbano\/wp-content\/uploads\/2022\/06\/Dia-del-periodista-en.jpeg",765,510,false],"thumbnail":["https:\/\/experienciadevida.com.ar\/portalurbano\/wp-content\/uploads\/2022\/06\/Dia-del-periodista-en-150x150.jpeg",150,150,true],"medium":["https:\/\/experienciadevida.com.ar\/portalurbano\/wp-content\/uploads\/2022\/06\/Dia-del-periodista-en-300x200.jpeg",300,200,true],"medium_large":["https:\/\/experienciadevida.com.ar\/portalurbano\/wp-content\/uploads\/2022\/06\/Dia-del-periodista-en.jpeg",640,427,false],"large":["https:\/\/experienciadevida.com.ar\/portalurbano\/wp-content\/uploads\/2022\/06\/Dia-del-periodista-en.jpeg",640,427,false],"ug_big":["https:\/\/experienciadevida.com.ar\/portalurbano\/wp-content\/uploads\/2022\/06\/Dia-del-periodista-en.jpeg",765,510,false],"1536x1536":["https:\/\/experienciadevida.com.ar\/portalurbano\/wp-content\/uploads\/2022\/06\/Dia-del-periodista-en.jpeg",765,510,false],"2048x2048":["https:\/\/experienciadevida.com.ar\/portalurbano\/wp-content\/uploads\/2022\/06\/Dia-del-periodista-en.jpeg",765,510,false],"newsever-slider-full":["https:\/\/experienciadevida.com.ar\/portalurbano\/wp-content\/uploads\/2022\/06\/Dia-del-periodista-en.jpeg",765,510,false],"newsever-featured":["https:\/\/experienciadevida.com.ar\/portalurbano\/wp-content\/uploads\/2022\/06\/Dia-del-periodista-en.jpeg",765,510,false],"newsever-medium":["https:\/\/experienciadevida.com.ar\/portalurbano\/wp-content\/uploads\/2022\/06\/Dia-del-periodista-en.jpeg",713,475,false],"web-stories-poster-portrait":["https:\/\/experienciadevida.com.ar\/portalurbano\/wp-content\/uploads\/2022\/06\/Dia-del-periodista-en.jpeg",640,427,false],"web-stories-publisher-logo":["https:\/\/experienciadevida.com.ar\/portalurbano\/wp-content\/uploads\/2022\/06\/Dia-del-periodista-en.jpeg",96,64,false],"web-stories-thumbnail":["https:\/\/experienciadevida.com.ar\/portalurbano\/wp-content\/uploads\/2022\/06\/Dia-del-periodista-en.jpeg",150,100,false]},"author_info":{"display_name":"admpu17wp","author_link":"https:\/\/experienciadevida.com.ar\/portalurbano\/author\/admpu17wp\/"},"category_info":"<a href=\"https:\/\/experienciadevida.com.ar\/portalurbano\/category\/ciudad\/\" rel=\"category tag\">Ciudad<\/a>","tag_info":"Ciudad","comment_count":"0","amp_enabled":true,"_links":{"self":[{"href":"https:\/\/experienciadevida.com.ar\/portalurbano\/wp-json\/wp\/v2\/posts\/169814"}],"collection":[{"href":"https:\/\/experienciadevida.com.ar\/portalurbano\/wp-json\/wp\/v2\/posts"}],"about":[{"href":"https:\/\/experienciadevida.com.ar\/portalurbano\/wp-json\/wp\/v2\/types\/post"}],"author":[{"embeddable":true,"href":"https:\/\/experienciadevida.com.ar\/portalurbano\/wp-json\/wp\/v2\/users\/1"}],"replies":[{"embeddable":true,"href":"https:\/\/experienciadevida.com.ar\/portalurbano\/wp-json\/wp\/v2\/comments?post=169814"}],"version-history":[{"count":1,"href":"https:\/\/experienciadevida.com.ar\/portalurbano\/wp-json\/wp\/v2\/posts\/169814\/revisions"}],"predecessor-version":[{"id":169816,"href":"https:\/\/experienciadevida.com.ar\/portalurbano\/wp-json\/wp\/v2\/posts\/169814\/revisions\/169816"}],"wp:featuredmedia":[{"embeddable":true,"href":"https:\/\/experienciadevida.com.ar\/portalurbano\/wp-json\/wp\/v2\/media\/169815"}],"wp:attachment":[{"href":"https:\/\/experienciadevida.com.ar\/portalurbano\/wp-json\/wp\/v2\/media?parent=169814"}],"wp:term":[{"taxonomy":"category","embeddable":true,"href":"https:\/\/experienciadevida.com.ar\/portalurbano\/wp-json\/wp\/v2\/categories?post=169814"},{"taxonomy":"post_tag","embeddable":true,"href":"https:\/\/experienciadevida.com.ar\/portalurbano\/wp-json\/wp\/v2\/tags?post=169814"}],"curies":[{"name":"wp","href":"https:\/\/api.w.org\/{rel}","templated":true}]}}