{"id":169775,"date":"2022-06-16T16:44:34","date_gmt":"2022-06-16T19:44:34","guid":{"rendered":"https:\/\/experienciadevida.com.ar\/portalurbano\/?p=169775"},"modified":"2022-06-16T16:45:08","modified_gmt":"2022-06-16T19:45:08","slug":"se-presentara-el-punto-de-extension-territorial-olavarria","status":"publish","type":"post","link":"https:\/\/experienciadevida.com.ar\/portalurbano\/se-presentara-el-punto-de-extension-territorial-olavarria\/","title":{"rendered":"Se presentar\u00e1 el Punto de Extensi\u00f3n Territorial Olavarr\u00eda"},"content":{"rendered":"<p>Se presentar\u00e1 el Punto de Extensi\u00f3n Territorial Olavarr\u00eda, el pr\u00f3ximo martes 21 de junio desde las 9.30 se realizar\u00e1 el primer encuentro de presentaci\u00f3n y di\u00e1logo del Punto de Extensi\u00f3n Territorial de Olavarr\u00eda en la Sociedad de Fomento Villa Mail\u00edn. Se invita a participar a instituciones, organizaciones y grupos barriales y a vecinos\/as.<\/p>\n<p>La presentaci\u00f3n se realizar\u00e1 en la sede de la entidad <a href=\"https:\/\/www.facebook.com\/municipiodeolavarria\">fomentista<\/a> ubicada en Pelegrino y Corrientes, y el objetivo es que participen distintos actores que se involucren d\u00eda a d\u00eda con las problem\u00e1ticas del barrio, con proyectos comunitarios, actividades solidarias y educativas, entre otras; como son organizaciones, instituciones y grupos barriales y los propios vecinos y vecinas.<\/p>\n<p>Asimismo, se espera la presencia de referentes de proyectos y actores vinculados a la extensi\u00f3n universitaria, en particular de las unidades acad\u00e9micas que integran la sede de Olavarr\u00eda de la Universidad Nacional del Centro de la Provincia de Buenos Aires, que ser\u00e1n claves para pensar en conjunto los modos de vinculaci\u00f3n y trabajo con y desde el territorio.<\/p>\n<p>La propuesta del Punto de Extensi\u00f3n Territorial (PET) es una iniciativa de la UNICEN, que este a\u00f1o comenz\u00f3 a implementarse en Olavarr\u00eda. Se trata de una metodolog\u00eda para organizar el trabajo que la Universidad desarrolla en conjunto con diversos actores territoriales \u2013referentes, instituciones y organizaciones barriales\u2013 a trav\u00e9s de programas, proyectos o actividades de las que participan integrantes de todas las unidades acad\u00e9micas.<\/p>\n<p>El trabajo se desarrolla de acuerdo a la definici\u00f3n de zonas o corredores territoriales a partir de las experiencias y antecedentes de trabajo. Se organiz\u00f3 en \u00e1reas compuestas por barrios que comparten caracter\u00edsticas sociodemogr\u00e1ficas, culturales y\/o hist\u00f3ricas, que muchas veces presentan problem\u00e1ticas y demandas comunes que se van construyendo a partir del di\u00e1logo colectivo.<\/p>\n<p>El abordaje territorial en la ciudad de Olavarr\u00eda comprende el Corredor Sur, que incluye los barrios Villa Mail\u00edn, Provincias Unidas, Villa Magdalena, Villa Aurora y Sector 125 viviendas. Entre las problem\u00e1ticas a abordar se encuentran aquellas vinculadas con aspectos socioecon\u00f3micos, de acceso justo al h\u00e1bitat, de tr\u00e1nsito, acceso a la salud y ambientales, entre otras tem\u00e1ticas que se buscar\u00e1 construir en conjunto con los vecinos\/as de los barrios.<\/p>\n<p>Para llevar adelante esta tarea se lleva adelante una articulaci\u00f3n continua con otros actores sociales como instituciones, organizaciones sociales, distintas instancias del Estado, vecinos\/as de referencia en cada barrio. Como puntos de trabajo se definen las mesas barriales o comisiones vecinales, seg\u00fan cada caso, en los que participan los articuladores\/as territoriales-barriales de la UNICEN, quienes impulsan diagn\u00f3sticos participativos y din\u00e1micos que facilitan el abordaje integral de problem\u00e1ticas comunitarias diversas, en b\u00fasqueda de mejores y m\u00e1s equitativas condiciones de vida.<\/p>\n<p>Conoc\u00e9 m\u00e1s sobre el Punto de Extensi\u00f3n Territorial<\/p>\n","protected":false},"excerpt":{"rendered":"<p>Se presentar\u00e1 el Punto de Extensi\u00f3n Territorial Olavarr\u00eda, el pr\u00f3ximo martes 21 de junio desde&#8230;<\/p>\n","protected":false},"author":1,"featured_media":169776,"comment_status":"closed","ping_status":"closed","sticky":false,"template":"","format":"standard","meta":{"content-type":""},"categories":[31],"tags":[],"nelio_content":{"isAutoShareEnabled":false,"autoShareEndMode":"default","automationSources":{"useContentSentences":true,"useSocialTemplates":true,"useCustomSentences":false,"customSentences":[]},"followers":[1],"suggestedReferences":[],"includedReferences":[],"efiUrl":"","efiAlt":"","highlights":[]},"yoast_head":"<!-- This site is optimized with the Yoast SEO plugin v20.7 - https:\/\/yoast.com\/wordpress\/plugins\/seo\/ -->\n<title>Se presentar\u00e1 el punto de extensi\u00f3n territorial Olavarr\u00eda<\/title>\n<meta name=\"description\" content=\"Se presentar\u00e1 el Punto de Extensi\u00f3n Territorial Olavarr\u00eda, el pr\u00f3ximo martes 21 de junio desde las 9.30 se realizar\u00e1 el primer encuentro\" \/>\n<meta name=\"robots\" content=\"index, follow, max-snippet:-1, max-image-preview:large, max-video-preview:-1\" \/>\n<link rel=\"canonical\" href=\"https:\/\/experienciadevida.com.ar\/portalurbano\/se-presentara-el-punto-de-extension-territorial-olavarria\/\" \/>\n<meta property=\"og:locale\" content=\"es_ES\" \/>\n<meta property=\"og:type\" content=\"article\" \/>\n<meta property=\"og:title\" content=\"Se presentar\u00e1 el punto de extensi\u00f3n territorial Olavarr\u00eda\" \/>\n<meta property=\"og:description\" content=\"Se presentar\u00e1 el Punto de Extensi\u00f3n Territorial Olavarr\u00eda, el pr\u00f3ximo martes 21 de junio desde las 9.30 se realizar\u00e1 el primer encuentro\" \/>\n<meta property=\"og:url\" content=\"https:\/\/experienciadevida.com.ar\/portalurbano\/se-presentara-el-punto-de-extension-territorial-olavarria\/\" \/>\n<meta property=\"article:publisher\" content=\"https:\/\/www.facebook.com\/Portal-Urbano-171542830093757\/\" \/>\n<meta property=\"article:published_time\" content=\"2022-06-16T19:44:34+00:00\" \/>\n<meta property=\"article:modified_time\" content=\"2022-06-16T19:45:08+00:00\" \/>\n<meta property=\"og:image\" content=\"https:\/\/experienciadevida.com.ar\/portalurbano\/wp-content\/uploads\/2022\/06\/Se-presentara-el-Punto.jpg\" \/>\n\t<meta property=\"og:image:width\" content=\"443\" \/>\n\t<meta property=\"og:image:height\" content=\"207\" \/>\n\t<meta property=\"og:image:type\" content=\"image\/jpeg\" \/>\n<meta name=\"author\" content=\"admpu17wp\" \/>\n<meta name=\"twitter:card\" content=\"summary_large_image\" \/>\n<meta name=\"twitter:creator\" content=\"@portalurbanook\" \/>\n<meta name=\"twitter:site\" content=\"@portalurbanook\" \/>\n<meta name=\"twitter:label1\" content=\"Escrito por\" \/>\n\t<meta name=\"twitter:data1\" content=\"admpu17wp\" \/>\n\t<meta name=\"twitter:label2\" content=\"Tiempo de lectura\" \/>\n\t<meta name=\"twitter:data2\" content=\"3 minutos\" \/>\n<script type=\"application\/ld+json\" class=\"yoast-schema-graph\">{\"@context\":\"https:\/\/schema.org\",\"@graph\":[{\"@type\":\"Article\",\"@id\":\"https:\/\/experienciadevida.com.ar\/portalurbano\/se-presentara-el-punto-de-extension-territorial-olavarria\/#article\",\"isPartOf\":{\"@id\":\"https:\/\/experienciadevida.com.ar\/portalurbano\/se-presentara-el-punto-de-extension-territorial-olavarria\/\"},\"author\":{\"name\":\"admpu17wp\",\"@id\":\"https:\/\/experienciadevida.com.ar\/portalurbano\/#\/schema\/person\/02dd326b1c4b056e9cc972486934a3a7\"},\"headline\":\"Se presentar\u00e1 el Punto de Extensi\u00f3n Territorial Olavarr\u00eda\",\"datePublished\":\"2022-06-16T19:44:34+00:00\",\"dateModified\":\"2022-06-16T19:45:08+00:00\",\"mainEntityOfPage\":{\"@id\":\"https:\/\/experienciadevida.com.ar\/portalurbano\/se-presentara-el-punto-de-extension-territorial-olavarria\/\"},\"wordCount\":497,\"publisher\":{\"@id\":\"https:\/\/experienciadevida.com.ar\/portalurbano\/#organization\"},\"articleSection\":[\"Educaci\u00f3n\"],\"inLanguage\":\"es\"},{\"@type\":\"WebPage\",\"@id\":\"https:\/\/experienciadevida.com.ar\/portalurbano\/se-presentara-el-punto-de-extension-territorial-olavarria\/\",\"url\":\"https:\/\/experienciadevida.com.ar\/portalurbano\/se-presentara-el-punto-de-extension-territorial-olavarria\/\",\"name\":\"Se presentar\u00e1 el punto de extensi\u00f3n territorial Olavarr\u00eda\",\"isPartOf\":{\"@id\":\"https:\/\/experienciadevida.com.ar\/portalurbano\/#website\"},\"datePublished\":\"2022-06-16T19:44:34+00:00\",\"dateModified\":\"2022-06-16T19:45:08+00:00\",\"description\":\"Se presentar\u00e1 el Punto de Extensi\u00f3n Territorial Olavarr\u00eda, el pr\u00f3ximo martes 21 de junio desde las 9.30 se realizar\u00e1 el primer encuentro\",\"breadcrumb\":{\"@id\":\"https:\/\/experienciadevida.com.ar\/portalurbano\/se-presentara-el-punto-de-extension-territorial-olavarria\/#breadcrumb\"},\"inLanguage\":\"es\",\"potentialAction\":[{\"@type\":\"ReadAction\",\"target\":[\"https:\/\/experienciadevida.com.ar\/portalurbano\/se-presentara-el-punto-de-extension-territorial-olavarria\/\"]}]},{\"@type\":\"BreadcrumbList\",\"@id\":\"https:\/\/experienciadevida.com.ar\/portalurbano\/se-presentara-el-punto-de-extension-territorial-olavarria\/#breadcrumb\",\"itemListElement\":[{\"@type\":\"ListItem\",\"position\":1,\"name\":\"Portada\",\"item\":\"https:\/\/experienciadevida.com.ar\/portalurbano\/\"},{\"@type\":\"ListItem\",\"position\":2,\"name\":\"Se presentar\u00e1 el Punto de Extensi\u00f3n Territorial Olavarr\u00eda\"}]},{\"@type\":\"WebSite\",\"@id\":\"https:\/\/experienciadevida.com.ar\/portalurbano\/#website\",\"url\":\"https:\/\/experienciadevida.com.ar\/portalurbano\/\",\"name\":\"\",\"description\":\"\",\"publisher\":{\"@id\":\"https:\/\/experienciadevida.com.ar\/portalurbano\/#organization\"},\"potentialAction\":[{\"@type\":\"SearchAction\",\"target\":{\"@type\":\"EntryPoint\",\"urlTemplate\":\"https:\/\/experienciadevida.com.ar\/portalurbano\/?s={search_term_string}\"},\"query-input\":\"required name=search_term_string\"}],\"inLanguage\":\"es\"},{\"@type\":\"Organization\",\"@id\":\"https:\/\/experienciadevida.com.ar\/portalurbano\/#organization\",\"name\":\"Portal Urbano\",\"url\":\"https:\/\/experienciadevida.com.ar\/portalurbano\/\",\"logo\":{\"@type\":\"ImageObject\",\"inLanguage\":\"es\",\"@id\":\"https:\/\/experienciadevida.com.ar\/portalurbano\/#\/schema\/logo\/image\/\",\"url\":\"https:\/\/experienciadevida.com.ar\/portalurbano\/wp-content\/uploads\/2019\/09\/Logo-Original.png\",\"contentUrl\":\"https:\/\/experienciadevida.com.ar\/portalurbano\/wp-content\/uploads\/2019\/09\/Logo-Original.png\",\"width\":2236,\"height\":1216,\"caption\":\"Portal Urbano\"},\"image\":{\"@id\":\"https:\/\/experienciadevida.com.ar\/portalurbano\/#\/schema\/logo\/image\/\"},\"sameAs\":[\"https:\/\/www.facebook.com\/Portal-Urbano-171542830093757\/\",\"https:\/\/twitter.com\/portalurbanook\",\"https:\/\/www.instagram.com\/_portalurbano\/\",\"https:\/\/www.youtube.com\/channel\/UCXhagIfszH8KxFiOok79zbA?view_as=subscriber\"]},{\"@type\":\"Person\",\"@id\":\"https:\/\/experienciadevida.com.ar\/portalurbano\/#\/schema\/person\/02dd326b1c4b056e9cc972486934a3a7\",\"name\":\"admpu17wp\",\"image\":{\"@type\":\"ImageObject\",\"inLanguage\":\"es\",\"@id\":\"https:\/\/experienciadevida.com.ar\/portalurbano\/#\/schema\/person\/image\/\",\"url\":\"https:\/\/secure.gravatar.com\/avatar\/830d4c57adaae6630765e449a6908047?s=96&d=mm&r=g\",\"contentUrl\":\"https:\/\/secure.gravatar.com\/avatar\/830d4c57adaae6630765e449a6908047?s=96&d=mm&r=g\",\"caption\":\"admpu17wp\"}}]}<\/script>\n<!-- \/ Yoast SEO plugin. -->","yoast_head_json":{"title":"Se presentar\u00e1 el punto de extensi\u00f3n territorial Olavarr\u00eda","description":"Se presentar\u00e1 el Punto de Extensi\u00f3n Territorial Olavarr\u00eda, el pr\u00f3ximo martes 21 de junio desde las 9.30 se realizar\u00e1 el primer encuentro","robots":{"index":"index","follow":"follow","max-snippet":"max-snippet:-1","max-image-preview":"max-image-preview:large","max-video-preview":"max-video-preview:-1"},"canonical":"https:\/\/experienciadevida.com.ar\/portalurbano\/se-presentara-el-punto-de-extension-territorial-olavarria\/","og_locale":"es_ES","og_type":"article","og_title":"Se presentar\u00e1 el punto de extensi\u00f3n territorial Olavarr\u00eda","og_description":"Se presentar\u00e1 el Punto de Extensi\u00f3n Territorial Olavarr\u00eda, el pr\u00f3ximo martes 21 de junio desde las 9.30 se realizar\u00e1 el primer encuentro","og_url":"https:\/\/experienciadevida.com.ar\/portalurbano\/se-presentara-el-punto-de-extension-territorial-olavarria\/","article_publisher":"https:\/\/www.facebook.com\/Portal-Urbano-171542830093757\/","article_published_time":"2022-06-16T19:44:34+00:00","article_modified_time":"2022-06-16T19:45:08+00:00","og_image":[{"width":443,"height":207,"url":"https:\/\/experienciadevida.com.ar\/portalurbano\/wp-content\/uploads\/2022\/06\/Se-presentara-el-Punto.jpg","type":"image\/jpeg"}],"author":"admpu17wp","twitter_card":"summary_large_image","twitter_creator":"@portalurbanook","twitter_site":"@portalurbanook","twitter_misc":{"Escrito por":"admpu17wp","Tiempo de lectura":"3 minutos"},"schema":{"@context":"https:\/\/schema.org","@graph":[{"@type":"Article","@id":"https:\/\/experienciadevida.com.ar\/portalurbano\/se-presentara-el-punto-de-extension-territorial-olavarria\/#article","isPartOf":{"@id":"https:\/\/experienciadevida.com.ar\/portalurbano\/se-presentara-el-punto-de-extension-territorial-olavarria\/"},"author":{"name":"admpu17wp","@id":"https:\/\/experienciadevida.com.ar\/portalurbano\/#\/schema\/person\/02dd326b1c4b056e9cc972486934a3a7"},"headline":"Se presentar\u00e1 el Punto de Extensi\u00f3n Territorial Olavarr\u00eda","datePublished":"2022-06-16T19:44:34+00:00","dateModified":"2022-06-16T19:45:08+00:00","mainEntityOfPage":{"@id":"https:\/\/experienciadevida.com.ar\/portalurbano\/se-presentara-el-punto-de-extension-territorial-olavarria\/"},"wordCount":497,"publisher":{"@id":"https:\/\/experienciadevida.com.ar\/portalurbano\/#organization"},"articleSection":["Educaci\u00f3n"],"inLanguage":"es"},{"@type":"WebPage","@id":"https:\/\/experienciadevida.com.ar\/portalurbano\/se-presentara-el-punto-de-extension-territorial-olavarria\/","url":"https:\/\/experienciadevida.com.ar\/portalurbano\/se-presentara-el-punto-de-extension-territorial-olavarria\/","name":"Se presentar\u00e1 el punto de extensi\u00f3n territorial Olavarr\u00eda","isPartOf":{"@id":"https:\/\/experienciadevida.com.ar\/portalurbano\/#website"},"datePublished":"2022-06-16T19:44:34+00:00","dateModified":"2022-06-16T19:45:08+00:00","description":"Se presentar\u00e1 el Punto de Extensi\u00f3n Territorial Olavarr\u00eda, el pr\u00f3ximo martes 21 de junio desde las 9.30 se realizar\u00e1 el primer encuentro","breadcrumb":{"@id":"https:\/\/experienciadevida.com.ar\/portalurbano\/se-presentara-el-punto-de-extension-territorial-olavarria\/#breadcrumb"},"inLanguage":"es","potentialAction":[{"@type":"ReadAction","target":["https:\/\/experienciadevida.com.ar\/portalurbano\/se-presentara-el-punto-de-extension-territorial-olavarria\/"]}]},{"@type":"BreadcrumbList","@id":"https:\/\/experienciadevida.com.ar\/portalurbano\/se-presentara-el-punto-de-extension-territorial-olavarria\/#breadcrumb","itemListElement":[{"@type":"ListItem","position":1,"name":"Portada","item":"https:\/\/experienciadevida.com.ar\/portalurbano\/"},{"@type":"ListItem","position":2,"name":"Se presentar\u00e1 el Punto de Extensi\u00f3n Territorial Olavarr\u00eda"}]},{"@type":"WebSite","@id":"https:\/\/experienciadevida.com.ar\/portalurbano\/#website","url":"https:\/\/experienciadevida.com.ar\/portalurbano\/","name":"","description":"","publisher":{"@id":"https:\/\/experienciadevida.com.ar\/portalurbano\/#organization"},"potentialAction":[{"@type":"SearchAction","target":{"@type":"EntryPoint","urlTemplate":"https:\/\/experienciadevida.com.ar\/portalurbano\/?s={search_term_string}"},"query-input":"required name=search_term_string"}],"inLanguage":"es"},{"@type":"Organization","@id":"https:\/\/experienciadevida.com.ar\/portalurbano\/#organization","name":"Portal Urbano","url":"https:\/\/experienciadevida.com.ar\/portalurbano\/","logo":{"@type":"ImageObject","inLanguage":"es","@id":"https:\/\/experienciadevida.com.ar\/portalurbano\/#\/schema\/logo\/image\/","url":"https:\/\/experienciadevida.com.ar\/portalurbano\/wp-content\/uploads\/2019\/09\/Logo-Original.png","contentUrl":"https:\/\/experienciadevida.com.ar\/portalurbano\/wp-content\/uploads\/2019\/09\/Logo-Original.png","width":2236,"height":1216,"caption":"Portal Urbano"},"image":{"@id":"https:\/\/experienciadevida.com.ar\/portalurbano\/#\/schema\/logo\/image\/"},"sameAs":["https:\/\/www.facebook.com\/Portal-Urbano-171542830093757\/","https:\/\/twitter.com\/portalurbanook","https:\/\/www.instagram.com\/_portalurbano\/","https:\/\/www.youtube.com\/channel\/UCXhagIfszH8KxFiOok79zbA?view_as=subscriber"]},{"@type":"Person","@id":"https:\/\/experienciadevida.com.ar\/portalurbano\/#\/schema\/person\/02dd326b1c4b056e9cc972486934a3a7","name":"admpu17wp","image":{"@type":"ImageObject","inLanguage":"es","@id":"https:\/\/experienciadevida.com.ar\/portalurbano\/#\/schema\/person\/image\/","url":"https:\/\/secure.gravatar.com\/avatar\/830d4c57adaae6630765e449a6908047?s=96&d=mm&r=g","contentUrl":"https:\/\/secure.gravatar.com\/avatar\/830d4c57adaae6630765e449a6908047?s=96&d=mm&r=g","caption":"admpu17wp"}}]}},"featured_image_urls":{"full":["https:\/\/experienciadevida.com.ar\/portalurbano\/wp-content\/uploads\/2022\/06\/Se-presentara-el-Punto.jpg",443,207,false],"thumbnail":["https:\/\/experienciadevida.com.ar\/portalurbano\/wp-content\/uploads\/2022\/06\/Se-presentara-el-Punto-150x150.jpg",150,150,true],"medium":["https:\/\/experienciadevida.com.ar\/portalurbano\/wp-content\/uploads\/2022\/06\/Se-presentara-el-Punto-300x140.jpg",300,140,true],"medium_large":["https:\/\/experienciadevida.com.ar\/portalurbano\/wp-content\/uploads\/2022\/06\/Se-presentara-el-Punto.jpg",443,207,false],"large":["https:\/\/experienciadevida.com.ar\/portalurbano\/wp-content\/uploads\/2022\/06\/Se-presentara-el-Punto.jpg",443,207,false],"ug_big":["https:\/\/experienciadevida.com.ar\/portalurbano\/wp-content\/uploads\/2022\/06\/Se-presentara-el-Punto.jpg",443,207,false],"1536x1536":["https:\/\/experienciadevida.com.ar\/portalurbano\/wp-content\/uploads\/2022\/06\/Se-presentara-el-Punto.jpg",443,207,false],"2048x2048":["https:\/\/experienciadevida.com.ar\/portalurbano\/wp-content\/uploads\/2022\/06\/Se-presentara-el-Punto.jpg",443,207,false],"newsever-slider-full":["https:\/\/experienciadevida.com.ar\/portalurbano\/wp-content\/uploads\/2022\/06\/Se-presentara-el-Punto.jpg",443,207,false],"newsever-featured":["https:\/\/experienciadevida.com.ar\/portalurbano\/wp-content\/uploads\/2022\/06\/Se-presentara-el-Punto.jpg",443,207,false],"newsever-medium":["https:\/\/experienciadevida.com.ar\/portalurbano\/wp-content\/uploads\/2022\/06\/Se-presentara-el-Punto.jpg",443,207,false],"web-stories-poster-portrait":["https:\/\/experienciadevida.com.ar\/portalurbano\/wp-content\/uploads\/2022\/06\/Se-presentara-el-Punto.jpg",443,207,false],"web-stories-publisher-logo":["https:\/\/experienciadevida.com.ar\/portalurbano\/wp-content\/uploads\/2022\/06\/Se-presentara-el-Punto.jpg",96,45,false],"web-stories-thumbnail":["https:\/\/experienciadevida.com.ar\/portalurbano\/wp-content\/uploads\/2022\/06\/Se-presentara-el-Punto.jpg",150,70,false]},"author_info":{"display_name":"admpu17wp","author_link":"https:\/\/experienciadevida.com.ar\/portalurbano\/author\/admpu17wp\/"},"category_info":"<a href=\"https:\/\/experienciadevida.com.ar\/portalurbano\/category\/ciudad\/educacion\/\" rel=\"category tag\">Educaci\u00f3n<\/a>","tag_info":"Educaci\u00f3n","comment_count":"0","amp_enabled":true,"_links":{"self":[{"href":"https:\/\/experienciadevida.com.ar\/portalurbano\/wp-json\/wp\/v2\/posts\/169775"}],"collection":[{"href":"https:\/\/experienciadevida.com.ar\/portalurbano\/wp-json\/wp\/v2\/posts"}],"about":[{"href":"https:\/\/experienciadevida.com.ar\/portalurbano\/wp-json\/wp\/v2\/types\/post"}],"author":[{"embeddable":true,"href":"https:\/\/experienciadevida.com.ar\/portalurbano\/wp-json\/wp\/v2\/users\/1"}],"replies":[{"embeddable":true,"href":"https:\/\/experienciadevida.com.ar\/portalurbano\/wp-json\/wp\/v2\/comments?post=169775"}],"version-history":[{"count":1,"href":"https:\/\/experienciadevida.com.ar\/portalurbano\/wp-json\/wp\/v2\/posts\/169775\/revisions"}],"predecessor-version":[{"id":169777,"href":"https:\/\/experienciadevida.com.ar\/portalurbano\/wp-json\/wp\/v2\/posts\/169775\/revisions\/169777"}],"wp:featuredmedia":[{"embeddable":true,"href":"https:\/\/experienciadevida.com.ar\/portalurbano\/wp-json\/wp\/v2\/media\/169776"}],"wp:attachment":[{"href":"https:\/\/experienciadevida.com.ar\/portalurbano\/wp-json\/wp\/v2\/media?parent=169775"}],"wp:term":[{"taxonomy":"category","embeddable":true,"href":"https:\/\/experienciadevida.com.ar\/portalurbano\/wp-json\/wp\/v2\/categories?post=169775"},{"taxonomy":"post_tag","embeddable":true,"href":"https:\/\/experienciadevida.com.ar\/portalurbano\/wp-json\/wp\/v2\/tags?post=169775"}],"curies":[{"name":"wp","href":"https:\/\/api.w.org\/{rel}","templated":true}]}}