{"id":169744,"date":"2022-06-16T13:18:23","date_gmt":"2022-06-16T16:18:23","guid":{"rendered":"https:\/\/experienciadevida.com.ar\/portalurbano\/?p=169744"},"modified":"2022-06-16T13:19:20","modified_gmt":"2022-06-16T16:19:20","slug":"periodismo-e-inteligencia-artificial-etica-informacion-y-propiedad-de-los-datos","status":"publish","type":"post","link":"https:\/\/experienciadevida.com.ar\/portalurbano\/periodismo-e-inteligencia-artificial-etica-informacion-y-propiedad-de-los-datos\/","title":{"rendered":"Periodismo e inteligencia artificial: \u00e9tica, informaci\u00f3n y propiedad de los datos"},"content":{"rendered":"<p>Periodismo e inteligencia artificial: \u00e9tica, informaci\u00f3n y propiedad de los datos, el Dr. Mart\u00edn Becerra, quien participar\u00e1 de la V Jornada de Periodismo, Investigaci\u00f3n y Democracia a realizarse hoy desde las 14.30 en la <a href=\"https:\/\/www.facebook.com\/facultadcienciassociales.unicen\">FACSO<\/a>, analiz\u00f3 el fen\u00f3meno de las plataformas digitales y la inteligencia artificial. Adem\u00e1s expuso que \u201cla profesi\u00f3n period\u00edstica no est\u00e1 viviendo un buen momento\u201d.<\/p>\n<p>C\u00f3mo, cu\u00e1ndo y desde d\u00f3nde acceden los\/as usuarios\/as a las p\u00e1ginas de noticias, qui\u00e9nes controlan y qui\u00e9nes son propietarios\/as de los datos que dejamos al navegar en computadoras y celulares, son algunos de las interrogantes que surgen en relaci\u00f3n a la inteligencia artificial y el periodismo.<\/p>\n<p>El Dr. Mart\u00edn Becerra, especialista en pol\u00edticas de comunicaci\u00f3n, medios y tecnolog\u00edas de la informaci\u00f3n y la comunicaci\u00f3n, describi\u00f3 que \u201ccada vez m\u00e1s se aplican programas y softwares, tanto sea para detectar cu\u00e1les son las tendencias de las audiencias de los medios, cu\u00e1les son las notas en las que pasan m\u00e1s tiempo cuando navegan por internet o cu\u00e1ndo acceden a trav\u00e9s de sus tel\u00e9fonos. Pero tambi\u00e9n la inteligencia artificial presenta posibilidades para hacer periodismo que son interesantes, como la visualizaci\u00f3n de datos\u201d.<\/p>\n<p>En este marco, especific\u00f3 que estas nuevas herramientas tambi\u00e9n dan cuenta de diversos desaf\u00edos, como lo que sucede con \u201clas empresas que mayormente intervienen como intermediarias de la circulaci\u00f3n de informaci\u00f3n, de notas de opini\u00f3n, que producen los medios, suelen ser plataformas digitales que a su vez tienen sus propios c\u00f3digos, sus propias programaciones de inteligencia artificial. Y en muchos casos los medios se quejan porque dicen que les restan exposici\u00f3n p\u00fablica, le restan visibilidad, o que transforman en pilares cuestiones que son m\u00e1s bien superficiales o banales y a la vez le quitan visibilidad a notas o cuestiones que seg\u00fan los medios o los periodistas deber\u00edan tener mayor visibilidad\u201d.<\/p>\n<p>En contacto con \u201cEl Colectivo\u201d, programa radial que se emite por Radio Universidad 90.1 de lunes a viernes de 9 a 12 horas, el Dr. Becerra resumi\u00f3 que \u201cel cruce entre medios, periodismo e inteligencia artificial es un cruce digno de estudio, digno de debate, hay distintas posiciones, an\u00e1lisis y \u00e1mbitos de aplicaci\u00f3n. Algunos tienen que ver con la \u00e9tica, por ejemplo con el uso de los datos que como usuarios dejamos cada vez que navegamos a trav\u00e9s de dispositivos fijos o m\u00f3viles, qui\u00e9n usa esos datos, qui\u00e9n es el due\u00f1o de esos datos, para qu\u00e9 sirven; porque muchas rutinas de navegaci\u00f3n son privadas, tienen que ver con d\u00f3nde estabas, cu\u00e1ndo accediste a tal informaci\u00f3n. Ah\u00ed hay muchos problemas\u201d.<\/p>\n<p>La entrevista completa<\/p>\n<p>\u201cPeriodismo subjetivo, parcial, faccioso\u201d<\/p>\n<p>Por otra parte, el Dr. Becerra analiz\u00f3 la pr\u00e1ctica period\u00edstica actual en la Argentina, principalmente en los medios hegem\u00f3nicos, y no dudo en referir que \u201cno est\u00e1 viviendo un buen momento y est\u00e1 tomando decisiones que a mi modo de ver no son las adecuadas\u201d.<\/p>\n<p>El Dr. Becerra vincul\u00f3 estrechamente esta situaci\u00f3n con el espacio pol\u00edtico que cumple cada periodista y medio de comunicaci\u00f3n, y expuso que \u201ceste periodismo de guerra, periodismo faccioso, era muy raro en el periodo de siglo XX y los primeros a\u00f1os del siglo XXI. El periodismo actual se parece mucho a los inicios del siglo XIX, un periodismo subjetivo, parcial, faccioso, excesivamente opinativo. Tambi\u00e9n veo que hay condiciones m\u00e1s macro que favorecen esta situaci\u00f3n, porque opinar es m\u00e1s barato que salir a buscar informaci\u00f3n. Si ten\u00e9s que cubrir informaci\u00f3n, verificar fuentes, chequear datos, la situaci\u00f3n es distinta\u201d.<\/p>\n<p>En la misma l\u00ednea expres\u00f3 que el periodismo mainstream \u201cest\u00e1 atrapado en el periodismo de guerra desde hace por lo menos 15 a\u00f1os, un periodismo embanderado y n\u00edtidamente encolumnado con una de las dos veredas en la que se divide la polarizaci\u00f3n pol\u00edtica en nuestro pa\u00eds. Vemos \u2018animadores\u2019, ni me atrever\u00eda a decirle \u2018periodistas\u2019\u201d.<\/p>\n<p>Finalmente, el Dr. Becerra analiz\u00f3 que \u201cla precarizaci\u00f3n general econ\u00f3mica de los medios, que es muy manifiesta, colabora con este clima de atajos editorializantes que vemos en el periodismo actual. En los temas que hacen a la agenda p\u00fablica hay una unificaci\u00f3n de la l\u00ednea editorial que va de la mano con la precarizaci\u00f3n del empleo de esos mismos medios y el empobrecimiento de la calidad de la producci\u00f3n period\u00edstica\u201d.<\/p>\n<p>V Jornada de Periodismo, Investigaci\u00f3n y Democracia<\/p>\n<p>El Dr. Becerra participar\u00e1 el jueves 16 de junio del cierre de la V Jornada de Periodismo, Investigaci\u00f3n y Democracia, en la que disertar\u00e1 sobre \u201cPlataformas digitales e Inteligencia Artificial: desaf\u00edos para pensar la profesi\u00f3n\u201d.<\/p>\n","protected":false},"excerpt":{"rendered":"<p>Periodismo e inteligencia artificial: \u00e9tica, informaci\u00f3n y propiedad de los datos, el Dr. Mart\u00edn Becerra,&#8230;<\/p>\n","protected":false},"author":1,"featured_media":169745,"comment_status":"closed","ping_status":"closed","sticky":false,"template":"","format":"standard","meta":{"content-type":""},"categories":[31],"tags":[],"nelio_content":{"isAutoShareEnabled":false,"autoShareEndMode":"default","automationSources":{"useContentSentences":true,"useSocialTemplates":true,"useCustomSentences":false,"customSentences":[]},"followers":[1],"suggestedReferences":[],"includedReferences":[],"efiUrl":"","efiAlt":"","highlights":[]},"yoast_head":"<!-- This site is optimized with the Yoast SEO plugin v20.7 - https:\/\/yoast.com\/wordpress\/plugins\/seo\/ -->\n<title>Periodismo e inteligencia artificial: \u00e9tica, informaci\u00f3n y propiedad<\/title>\n<meta name=\"description\" content=\"Periodismo e inteligencia artificial: \u00e9tica, informaci\u00f3n y propiedad de los datos, el Dr. Mart\u00edn Becerra, quien participar\u00e1 de la V\" \/>\n<meta name=\"robots\" content=\"index, follow, max-snippet:-1, max-image-preview:large, max-video-preview:-1\" \/>\n<link rel=\"canonical\" href=\"https:\/\/experienciadevida.com.ar\/portalurbano\/periodismo-e-inteligencia-artificial-etica-informacion-y-propiedad-de-los-datos\/\" \/>\n<meta property=\"og:locale\" content=\"es_ES\" \/>\n<meta property=\"og:type\" content=\"article\" \/>\n<meta property=\"og:title\" content=\"Periodismo e inteligencia artificial: \u00e9tica, informaci\u00f3n y propiedad\" \/>\n<meta property=\"og:description\" content=\"Periodismo e inteligencia artificial: \u00e9tica, informaci\u00f3n y propiedad de los datos, el Dr. Mart\u00edn Becerra, quien participar\u00e1 de la V\" \/>\n<meta property=\"og:url\" content=\"https:\/\/experienciadevida.com.ar\/portalurbano\/periodismo-e-inteligencia-artificial-etica-informacion-y-propiedad-de-los-datos\/\" \/>\n<meta property=\"article:publisher\" content=\"https:\/\/www.facebook.com\/Portal-Urbano-171542830093757\/\" \/>\n<meta property=\"article:published_time\" content=\"2022-06-16T16:18:23+00:00\" \/>\n<meta property=\"article:modified_time\" content=\"2022-06-16T16:19:20+00:00\" \/>\n<meta property=\"og:image\" content=\"https:\/\/experienciadevida.com.ar\/portalurbano\/wp-content\/uploads\/2022\/06\/Periodismo-e-inteligencia-artificial.jpg\" \/>\n\t<meta property=\"og:image:width\" content=\"1100\" \/>\n\t<meta property=\"og:image:height\" content=\"735\" \/>\n\t<meta property=\"og:image:type\" content=\"image\/jpeg\" \/>\n<meta name=\"author\" content=\"admpu17wp\" \/>\n<meta name=\"twitter:card\" content=\"summary_large_image\" \/>\n<meta name=\"twitter:creator\" content=\"@portalurbanook\" \/>\n<meta name=\"twitter:site\" content=\"@portalurbanook\" \/>\n<meta name=\"twitter:label1\" content=\"Escrito por\" \/>\n\t<meta name=\"twitter:data1\" content=\"admpu17wp\" \/>\n\t<meta name=\"twitter:label2\" content=\"Tiempo de lectura\" \/>\n\t<meta name=\"twitter:data2\" content=\"4 minutos\" \/>\n<script type=\"application\/ld+json\" class=\"yoast-schema-graph\">{\"@context\":\"https:\/\/schema.org\",\"@graph\":[{\"@type\":\"Article\",\"@id\":\"https:\/\/experienciadevida.com.ar\/portalurbano\/periodismo-e-inteligencia-artificial-etica-informacion-y-propiedad-de-los-datos\/#article\",\"isPartOf\":{\"@id\":\"https:\/\/experienciadevida.com.ar\/portalurbano\/periodismo-e-inteligencia-artificial-etica-informacion-y-propiedad-de-los-datos\/\"},\"author\":{\"name\":\"admpu17wp\",\"@id\":\"https:\/\/experienciadevida.com.ar\/portalurbano\/#\/schema\/person\/02dd326b1c4b056e9cc972486934a3a7\"},\"headline\":\"Periodismo e inteligencia artificial: \u00e9tica, informaci\u00f3n y propiedad de los datos\",\"datePublished\":\"2022-06-16T16:18:23+00:00\",\"dateModified\":\"2022-06-16T16:19:20+00:00\",\"mainEntityOfPage\":{\"@id\":\"https:\/\/experienciadevida.com.ar\/portalurbano\/periodismo-e-inteligencia-artificial-etica-informacion-y-propiedad-de-los-datos\/\"},\"wordCount\":824,\"publisher\":{\"@id\":\"https:\/\/experienciadevida.com.ar\/portalurbano\/#organization\"},\"articleSection\":[\"Educaci\u00f3n\"],\"inLanguage\":\"es\"},{\"@type\":\"WebPage\",\"@id\":\"https:\/\/experienciadevida.com.ar\/portalurbano\/periodismo-e-inteligencia-artificial-etica-informacion-y-propiedad-de-los-datos\/\",\"url\":\"https:\/\/experienciadevida.com.ar\/portalurbano\/periodismo-e-inteligencia-artificial-etica-informacion-y-propiedad-de-los-datos\/\",\"name\":\"Periodismo e inteligencia artificial: \u00e9tica, informaci\u00f3n y propiedad\",\"isPartOf\":{\"@id\":\"https:\/\/experienciadevida.com.ar\/portalurbano\/#website\"},\"datePublished\":\"2022-06-16T16:18:23+00:00\",\"dateModified\":\"2022-06-16T16:19:20+00:00\",\"description\":\"Periodismo e inteligencia artificial: \u00e9tica, informaci\u00f3n y propiedad de los datos, el Dr. Mart\u00edn Becerra, quien participar\u00e1 de la V\",\"breadcrumb\":{\"@id\":\"https:\/\/experienciadevida.com.ar\/portalurbano\/periodismo-e-inteligencia-artificial-etica-informacion-y-propiedad-de-los-datos\/#breadcrumb\"},\"inLanguage\":\"es\",\"potentialAction\":[{\"@type\":\"ReadAction\",\"target\":[\"https:\/\/experienciadevida.com.ar\/portalurbano\/periodismo-e-inteligencia-artificial-etica-informacion-y-propiedad-de-los-datos\/\"]}]},{\"@type\":\"BreadcrumbList\",\"@id\":\"https:\/\/experienciadevida.com.ar\/portalurbano\/periodismo-e-inteligencia-artificial-etica-informacion-y-propiedad-de-los-datos\/#breadcrumb\",\"itemListElement\":[{\"@type\":\"ListItem\",\"position\":1,\"name\":\"Portada\",\"item\":\"https:\/\/experienciadevida.com.ar\/portalurbano\/\"},{\"@type\":\"ListItem\",\"position\":2,\"name\":\"Periodismo e inteligencia artificial: \u00e9tica, informaci\u00f3n y propiedad de los datos\"}]},{\"@type\":\"WebSite\",\"@id\":\"https:\/\/experienciadevida.com.ar\/portalurbano\/#website\",\"url\":\"https:\/\/experienciadevida.com.ar\/portalurbano\/\",\"name\":\"\",\"description\":\"\",\"publisher\":{\"@id\":\"https:\/\/experienciadevida.com.ar\/portalurbano\/#organization\"},\"potentialAction\":[{\"@type\":\"SearchAction\",\"target\":{\"@type\":\"EntryPoint\",\"urlTemplate\":\"https:\/\/experienciadevida.com.ar\/portalurbano\/?s={search_term_string}\"},\"query-input\":\"required name=search_term_string\"}],\"inLanguage\":\"es\"},{\"@type\":\"Organization\",\"@id\":\"https:\/\/experienciadevida.com.ar\/portalurbano\/#organization\",\"name\":\"Portal Urbano\",\"url\":\"https:\/\/experienciadevida.com.ar\/portalurbano\/\",\"logo\":{\"@type\":\"ImageObject\",\"inLanguage\":\"es\",\"@id\":\"https:\/\/experienciadevida.com.ar\/portalurbano\/#\/schema\/logo\/image\/\",\"url\":\"https:\/\/experienciadevida.com.ar\/portalurbano\/wp-content\/uploads\/2019\/09\/Logo-Original.png\",\"contentUrl\":\"https:\/\/experienciadevida.com.ar\/portalurbano\/wp-content\/uploads\/2019\/09\/Logo-Original.png\",\"width\":2236,\"height\":1216,\"caption\":\"Portal Urbano\"},\"image\":{\"@id\":\"https:\/\/experienciadevida.com.ar\/portalurbano\/#\/schema\/logo\/image\/\"},\"sameAs\":[\"https:\/\/www.facebook.com\/Portal-Urbano-171542830093757\/\",\"https:\/\/twitter.com\/portalurbanook\",\"https:\/\/www.instagram.com\/_portalurbano\/\",\"https:\/\/www.youtube.com\/channel\/UCXhagIfszH8KxFiOok79zbA?view_as=subscriber\"]},{\"@type\":\"Person\",\"@id\":\"https:\/\/experienciadevida.com.ar\/portalurbano\/#\/schema\/person\/02dd326b1c4b056e9cc972486934a3a7\",\"name\":\"admpu17wp\",\"image\":{\"@type\":\"ImageObject\",\"inLanguage\":\"es\",\"@id\":\"https:\/\/experienciadevida.com.ar\/portalurbano\/#\/schema\/person\/image\/\",\"url\":\"https:\/\/secure.gravatar.com\/avatar\/830d4c57adaae6630765e449a6908047?s=96&d=mm&r=g\",\"contentUrl\":\"https:\/\/secure.gravatar.com\/avatar\/830d4c57adaae6630765e449a6908047?s=96&d=mm&r=g\",\"caption\":\"admpu17wp\"}}]}<\/script>\n<!-- \/ Yoast SEO plugin. -->","yoast_head_json":{"title":"Periodismo e inteligencia artificial: \u00e9tica, informaci\u00f3n y propiedad","description":"Periodismo e inteligencia artificial: \u00e9tica, informaci\u00f3n y propiedad de los datos, el Dr. Mart\u00edn Becerra, quien participar\u00e1 de la V","robots":{"index":"index","follow":"follow","max-snippet":"max-snippet:-1","max-image-preview":"max-image-preview:large","max-video-preview":"max-video-preview:-1"},"canonical":"https:\/\/experienciadevida.com.ar\/portalurbano\/periodismo-e-inteligencia-artificial-etica-informacion-y-propiedad-de-los-datos\/","og_locale":"es_ES","og_type":"article","og_title":"Periodismo e inteligencia artificial: \u00e9tica, informaci\u00f3n y propiedad","og_description":"Periodismo e inteligencia artificial: \u00e9tica, informaci\u00f3n y propiedad de los datos, el Dr. Mart\u00edn Becerra, quien participar\u00e1 de la V","og_url":"https:\/\/experienciadevida.com.ar\/portalurbano\/periodismo-e-inteligencia-artificial-etica-informacion-y-propiedad-de-los-datos\/","article_publisher":"https:\/\/www.facebook.com\/Portal-Urbano-171542830093757\/","article_published_time":"2022-06-16T16:18:23+00:00","article_modified_time":"2022-06-16T16:19:20+00:00","og_image":[{"width":1100,"height":735,"url":"https:\/\/experienciadevida.com.ar\/portalurbano\/wp-content\/uploads\/2022\/06\/Periodismo-e-inteligencia-artificial.jpg","type":"image\/jpeg"}],"author":"admpu17wp","twitter_card":"summary_large_image","twitter_creator":"@portalurbanook","twitter_site":"@portalurbanook","twitter_misc":{"Escrito por":"admpu17wp","Tiempo de lectura":"4 minutos"},"schema":{"@context":"https:\/\/schema.org","@graph":[{"@type":"Article","@id":"https:\/\/experienciadevida.com.ar\/portalurbano\/periodismo-e-inteligencia-artificial-etica-informacion-y-propiedad-de-los-datos\/#article","isPartOf":{"@id":"https:\/\/experienciadevida.com.ar\/portalurbano\/periodismo-e-inteligencia-artificial-etica-informacion-y-propiedad-de-los-datos\/"},"author":{"name":"admpu17wp","@id":"https:\/\/experienciadevida.com.ar\/portalurbano\/#\/schema\/person\/02dd326b1c4b056e9cc972486934a3a7"},"headline":"Periodismo e inteligencia artificial: \u00e9tica, informaci\u00f3n y propiedad de los datos","datePublished":"2022-06-16T16:18:23+00:00","dateModified":"2022-06-16T16:19:20+00:00","mainEntityOfPage":{"@id":"https:\/\/experienciadevida.com.ar\/portalurbano\/periodismo-e-inteligencia-artificial-etica-informacion-y-propiedad-de-los-datos\/"},"wordCount":824,"publisher":{"@id":"https:\/\/experienciadevida.com.ar\/portalurbano\/#organization"},"articleSection":["Educaci\u00f3n"],"inLanguage":"es"},{"@type":"WebPage","@id":"https:\/\/experienciadevida.com.ar\/portalurbano\/periodismo-e-inteligencia-artificial-etica-informacion-y-propiedad-de-los-datos\/","url":"https:\/\/experienciadevida.com.ar\/portalurbano\/periodismo-e-inteligencia-artificial-etica-informacion-y-propiedad-de-los-datos\/","name":"Periodismo e inteligencia artificial: \u00e9tica, informaci\u00f3n y propiedad","isPartOf":{"@id":"https:\/\/experienciadevida.com.ar\/portalurbano\/#website"},"datePublished":"2022-06-16T16:18:23+00:00","dateModified":"2022-06-16T16:19:20+00:00","description":"Periodismo e inteligencia artificial: \u00e9tica, informaci\u00f3n y propiedad de los datos, el Dr. Mart\u00edn Becerra, quien participar\u00e1 de la V","breadcrumb":{"@id":"https:\/\/experienciadevida.com.ar\/portalurbano\/periodismo-e-inteligencia-artificial-etica-informacion-y-propiedad-de-los-datos\/#breadcrumb"},"inLanguage":"es","potentialAction":[{"@type":"ReadAction","target":["https:\/\/experienciadevida.com.ar\/portalurbano\/periodismo-e-inteligencia-artificial-etica-informacion-y-propiedad-de-los-datos\/"]}]},{"@type":"BreadcrumbList","@id":"https:\/\/experienciadevida.com.ar\/portalurbano\/periodismo-e-inteligencia-artificial-etica-informacion-y-propiedad-de-los-datos\/#breadcrumb","itemListElement":[{"@type":"ListItem","position":1,"name":"Portada","item":"https:\/\/experienciadevida.com.ar\/portalurbano\/"},{"@type":"ListItem","position":2,"name":"Periodismo e inteligencia artificial: \u00e9tica, informaci\u00f3n y propiedad de los datos"}]},{"@type":"WebSite","@id":"https:\/\/experienciadevida.com.ar\/portalurbano\/#website","url":"https:\/\/experienciadevida.com.ar\/portalurbano\/","name":"","description":"","publisher":{"@id":"https:\/\/experienciadevida.com.ar\/portalurbano\/#organization"},"potentialAction":[{"@type":"SearchAction","target":{"@type":"EntryPoint","urlTemplate":"https:\/\/experienciadevida.com.ar\/portalurbano\/?s={search_term_string}"},"query-input":"required name=search_term_string"}],"inLanguage":"es"},{"@type":"Organization","@id":"https:\/\/experienciadevida.com.ar\/portalurbano\/#organization","name":"Portal Urbano","url":"https:\/\/experienciadevida.com.ar\/portalurbano\/","logo":{"@type":"ImageObject","inLanguage":"es","@id":"https:\/\/experienciadevida.com.ar\/portalurbano\/#\/schema\/logo\/image\/","url":"https:\/\/experienciadevida.com.ar\/portalurbano\/wp-content\/uploads\/2019\/09\/Logo-Original.png","contentUrl":"https:\/\/experienciadevida.com.ar\/portalurbano\/wp-content\/uploads\/2019\/09\/Logo-Original.png","width":2236,"height":1216,"caption":"Portal Urbano"},"image":{"@id":"https:\/\/experienciadevida.com.ar\/portalurbano\/#\/schema\/logo\/image\/"},"sameAs":["https:\/\/www.facebook.com\/Portal-Urbano-171542830093757\/","https:\/\/twitter.com\/portalurbanook","https:\/\/www.instagram.com\/_portalurbano\/","https:\/\/www.youtube.com\/channel\/UCXhagIfszH8KxFiOok79zbA?view_as=subscriber"]},{"@type":"Person","@id":"https:\/\/experienciadevida.com.ar\/portalurbano\/#\/schema\/person\/02dd326b1c4b056e9cc972486934a3a7","name":"admpu17wp","image":{"@type":"ImageObject","inLanguage":"es","@id":"https:\/\/experienciadevida.com.ar\/portalurbano\/#\/schema\/person\/image\/","url":"https:\/\/secure.gravatar.com\/avatar\/830d4c57adaae6630765e449a6908047?s=96&d=mm&r=g","contentUrl":"https:\/\/secure.gravatar.com\/avatar\/830d4c57adaae6630765e449a6908047?s=96&d=mm&r=g","caption":"admpu17wp"}}]}},"featured_image_urls":{"full":["https:\/\/experienciadevida.com.ar\/portalurbano\/wp-content\/uploads\/2022\/06\/Periodismo-e-inteligencia-artificial.jpg",1100,735,false],"thumbnail":["https:\/\/experienciadevida.com.ar\/portalurbano\/wp-content\/uploads\/2022\/06\/Periodismo-e-inteligencia-artificial-150x150.jpg",150,150,true],"medium":["https:\/\/experienciadevida.com.ar\/portalurbano\/wp-content\/uploads\/2022\/06\/Periodismo-e-inteligencia-artificial-300x200.jpg",300,200,true],"medium_large":["https:\/\/experienciadevida.com.ar\/portalurbano\/wp-content\/uploads\/2022\/06\/Periodismo-e-inteligencia-artificial-768x513.jpg",640,428,true],"large":["https:\/\/experienciadevida.com.ar\/portalurbano\/wp-content\/uploads\/2022\/06\/Periodismo-e-inteligencia-artificial-1024x684.jpg",640,428,true],"ug_big":["https:\/\/experienciadevida.com.ar\/portalurbano\/wp-content\/uploads\/2022\/06\/Periodismo-e-inteligencia-artificial-768x513.jpg",768,513,true],"1536x1536":["https:\/\/experienciadevida.com.ar\/portalurbano\/wp-content\/uploads\/2022\/06\/Periodismo-e-inteligencia-artificial.jpg",1100,735,false],"2048x2048":["https:\/\/experienciadevida.com.ar\/portalurbano\/wp-content\/uploads\/2022\/06\/Periodismo-e-inteligencia-artificial.jpg",1100,735,false],"newsever-slider-full":["https:\/\/experienciadevida.com.ar\/portalurbano\/wp-content\/uploads\/2022\/06\/Periodismo-e-inteligencia-artificial.jpg",1100,735,false],"newsever-featured":["https:\/\/experienciadevida.com.ar\/portalurbano\/wp-content\/uploads\/2022\/06\/Periodismo-e-inteligencia-artificial.jpg",1024,684,false],"newsever-medium":["https:\/\/experienciadevida.com.ar\/portalurbano\/wp-content\/uploads\/2022\/06\/Periodismo-e-inteligencia-artificial.jpg",711,475,false],"web-stories-poster-portrait":["https:\/\/experienciadevida.com.ar\/portalurbano\/wp-content\/uploads\/2022\/06\/Periodismo-e-inteligencia-artificial.jpg",640,428,false],"web-stories-publisher-logo":["https:\/\/experienciadevida.com.ar\/portalurbano\/wp-content\/uploads\/2022\/06\/Periodismo-e-inteligencia-artificial.jpg",96,64,false],"web-stories-thumbnail":["https:\/\/experienciadevida.com.ar\/portalurbano\/wp-content\/uploads\/2022\/06\/Periodismo-e-inteligencia-artificial.jpg",150,100,false]},"author_info":{"display_name":"admpu17wp","author_link":"https:\/\/experienciadevida.com.ar\/portalurbano\/author\/admpu17wp\/"},"category_info":"<a href=\"https:\/\/experienciadevida.com.ar\/portalurbano\/category\/ciudad\/educacion\/\" rel=\"category tag\">Educaci\u00f3n<\/a>","tag_info":"Educaci\u00f3n","comment_count":"0","amp_enabled":true,"_links":{"self":[{"href":"https:\/\/experienciadevida.com.ar\/portalurbano\/wp-json\/wp\/v2\/posts\/169744"}],"collection":[{"href":"https:\/\/experienciadevida.com.ar\/portalurbano\/wp-json\/wp\/v2\/posts"}],"about":[{"href":"https:\/\/experienciadevida.com.ar\/portalurbano\/wp-json\/wp\/v2\/types\/post"}],"author":[{"embeddable":true,"href":"https:\/\/experienciadevida.com.ar\/portalurbano\/wp-json\/wp\/v2\/users\/1"}],"replies":[{"embeddable":true,"href":"https:\/\/experienciadevida.com.ar\/portalurbano\/wp-json\/wp\/v2\/comments?post=169744"}],"version-history":[{"count":2,"href":"https:\/\/experienciadevida.com.ar\/portalurbano\/wp-json\/wp\/v2\/posts\/169744\/revisions"}],"predecessor-version":[{"id":169747,"href":"https:\/\/experienciadevida.com.ar\/portalurbano\/wp-json\/wp\/v2\/posts\/169744\/revisions\/169747"}],"wp:featuredmedia":[{"embeddable":true,"href":"https:\/\/experienciadevida.com.ar\/portalurbano\/wp-json\/wp\/v2\/media\/169745"}],"wp:attachment":[{"href":"https:\/\/experienciadevida.com.ar\/portalurbano\/wp-json\/wp\/v2\/media?parent=169744"}],"wp:term":[{"taxonomy":"category","embeddable":true,"href":"https:\/\/experienciadevida.com.ar\/portalurbano\/wp-json\/wp\/v2\/categories?post=169744"},{"taxonomy":"post_tag","embeddable":true,"href":"https:\/\/experienciadevida.com.ar\/portalurbano\/wp-json\/wp\/v2\/tags?post=169744"}],"curies":[{"name":"wp","href":"https:\/\/api.w.org\/{rel}","templated":true}]}}