{"id":169723,"date":"2022-06-16T09:56:03","date_gmt":"2022-06-16T12:56:03","guid":{"rendered":"https:\/\/experienciadevida.com.ar\/portalurbano\/?p=169723"},"modified":"2022-06-16T09:58:04","modified_gmt":"2022-06-16T12:58:04","slug":"este-sabado-habra-atencion-al-publico-en-licencias-de-conducir","status":"publish","type":"post","link":"https:\/\/experienciadevida.com.ar\/portalurbano\/este-sabado-habra-atencion-al-publico-en-licencias-de-conducir\/","title":{"rendered":"Este s\u00e1bado habr\u00e1 atenci\u00f3n al p\u00fablico en Licencias de Conducir"},"content":{"rendered":"<p>Este s\u00e1bado habr\u00e1 atenci\u00f3n al p\u00fablico en Licencias de Conducir, as\u00ed lo informaron desde la Direcci\u00f3n de Licencias de Conducir informa que este s\u00e1bado 18 se brindar\u00e1 atenci\u00f3n al p\u00fablico de manera regular, tal como se realiza desde marzo del corriente a\u00f1o.<\/p>\n<p>El horario de atenci\u00f3n es de 08:00 a 13:00 horas, con sede en el Sal\u00f3n Rivadavia. Se recuerda que corresponde a tr\u00e1mites de renovaci\u00f3n de las licencias con vencimiento en 2022.<\/p>\n<p>Por consultas e informaci\u00f3n \u00fatil en relaci\u00f3n los diferentes tr\u00e1mites del \u00e1rea; se encuentran a disposici\u00f3n los distintos canales de comunicaci\u00f3n en redes sociales: en Facebook como Licencias de Conducir Olavarr\u00eda, en Instagram como @licencias.olavarria y en Twitter como @Licencias_Olav. Tambi\u00e9n se pueden contactar a trav\u00e9s del correo electr\u00f3nico licenciasdeconductor@olavarria.gov.ar.<\/p>\n<p>Para realizar el tr\u00e1mite de renovaci\u00f3n de las licencias con vencimiento en 2022, los vecinos deben sacar el turno en la web www.olavarria.gov.ar, como se realiza habitualmente.<\/p>\n","protected":false},"excerpt":{"rendered":"<p>Este s\u00e1bado habr\u00e1 atenci\u00f3n al p\u00fablico en Licencias de Conducir, as\u00ed lo informaron desde la&#8230;<\/p>\n","protected":false},"author":1,"featured_media":133496,"comment_status":"closed","ping_status":"closed","sticky":false,"template":"","format":"standard","meta":{"content-type":""},"categories":[27,51],"tags":[],"nelio_content":{"isAutoShareEnabled":false,"autoShareEndMode":"default","automationSources":{"useContentSentences":true,"useSocialTemplates":true,"useCustomSentences":false,"customSentences":[]},"followers":[1],"suggestedReferences":[],"includedReferences":[],"efiUrl":"","efiAlt":"","highlights":[]},"yoast_head":"<!-- This site is optimized with the Yoast SEO plugin v20.7 - https:\/\/yoast.com\/wordpress\/plugins\/seo\/ -->\n<title>Este s\u00e1bado habr\u00e1 atenci\u00f3n al p\u00fablico en Licencias de conducir<\/title>\n<meta name=\"description\" content=\"Este s\u00e1bado habr\u00e1 atenci\u00f3n al p\u00fablico en Licencias de Conducir, as\u00ed lo informaron desde la Direcci\u00f3n de Licencias de Conducir\" \/>\n<meta name=\"robots\" content=\"index, follow, max-snippet:-1, max-image-preview:large, max-video-preview:-1\" \/>\n<link rel=\"canonical\" href=\"https:\/\/experienciadevida.com.ar\/portalurbano\/este-sabado-habra-atencion-al-publico-en-licencias-de-conducir\/\" \/>\n<meta property=\"og:locale\" content=\"es_ES\" \/>\n<meta property=\"og:type\" content=\"article\" \/>\n<meta property=\"og:title\" content=\"Este s\u00e1bado habr\u00e1 atenci\u00f3n al p\u00fablico en Licencias de conducir\" \/>\n<meta property=\"og:description\" content=\"Este s\u00e1bado habr\u00e1 atenci\u00f3n al p\u00fablico en Licencias de Conducir, as\u00ed lo informaron desde la Direcci\u00f3n de Licencias de Conducir\" \/>\n<meta property=\"og:url\" content=\"https:\/\/experienciadevida.com.ar\/portalurbano\/este-sabado-habra-atencion-al-publico-en-licencias-de-conducir\/\" \/>\n<meta property=\"article:publisher\" content=\"https:\/\/www.facebook.com\/Portal-Urbano-171542830093757\/\" \/>\n<meta property=\"article:published_time\" content=\"2022-06-16T12:56:03+00:00\" \/>\n<meta property=\"article:modified_time\" content=\"2022-06-16T12:58:04+00:00\" \/>\n<meta property=\"og:image\" content=\"https:\/\/experienciadevida.com.ar\/portalurbano\/wp-content\/uploads\/2021\/01\/Licencias-de-conducir.jpeg\" \/>\n\t<meta property=\"og:image:width\" content=\"1024\" \/>\n\t<meta property=\"og:image:height\" content=\"682\" \/>\n\t<meta property=\"og:image:type\" content=\"image\/jpeg\" \/>\n<meta name=\"author\" content=\"admpu17wp\" \/>\n<meta name=\"twitter:card\" content=\"summary_large_image\" \/>\n<meta name=\"twitter:creator\" content=\"@portalurbanook\" \/>\n<meta name=\"twitter:site\" content=\"@portalurbanook\" \/>\n<meta name=\"twitter:label1\" content=\"Escrito por\" \/>\n\t<meta name=\"twitter:data1\" content=\"admpu17wp\" \/>\n\t<meta name=\"twitter:label2\" content=\"Tiempo de lectura\" \/>\n\t<meta name=\"twitter:data2\" content=\"1 minuto\" \/>\n<script type=\"application\/ld+json\" class=\"yoast-schema-graph\">{\"@context\":\"https:\/\/schema.org\",\"@graph\":[{\"@type\":\"Article\",\"@id\":\"https:\/\/experienciadevida.com.ar\/portalurbano\/este-sabado-habra-atencion-al-publico-en-licencias-de-conducir\/#article\",\"isPartOf\":{\"@id\":\"https:\/\/experienciadevida.com.ar\/portalurbano\/este-sabado-habra-atencion-al-publico-en-licencias-de-conducir\/\"},\"author\":{\"name\":\"admpu17wp\",\"@id\":\"https:\/\/experienciadevida.com.ar\/portalurbano\/#\/schema\/person\/02dd326b1c4b056e9cc972486934a3a7\"},\"headline\":\"Este s\u00e1bado habr\u00e1 atenci\u00f3n al p\u00fablico en Licencias de Conducir\",\"datePublished\":\"2022-06-16T12:56:03+00:00\",\"dateModified\":\"2022-06-16T12:58:04+00:00\",\"mainEntityOfPage\":{\"@id\":\"https:\/\/experienciadevida.com.ar\/portalurbano\/este-sabado-habra-atencion-al-publico-en-licencias-de-conducir\/\"},\"wordCount\":189,\"publisher\":{\"@id\":\"https:\/\/experienciadevida.com.ar\/portalurbano\/#organization\"},\"articleSection\":[\"Ciudad\",\"Destacadas\"],\"inLanguage\":\"es\"},{\"@type\":\"WebPage\",\"@id\":\"https:\/\/experienciadevida.com.ar\/portalurbano\/este-sabado-habra-atencion-al-publico-en-licencias-de-conducir\/\",\"url\":\"https:\/\/experienciadevida.com.ar\/portalurbano\/este-sabado-habra-atencion-al-publico-en-licencias-de-conducir\/\",\"name\":\"Este s\u00e1bado habr\u00e1 atenci\u00f3n al p\u00fablico en Licencias de conducir\",\"isPartOf\":{\"@id\":\"https:\/\/experienciadevida.com.ar\/portalurbano\/#website\"},\"datePublished\":\"2022-06-16T12:56:03+00:00\",\"dateModified\":\"2022-06-16T12:58:04+00:00\",\"description\":\"Este s\u00e1bado habr\u00e1 atenci\u00f3n al p\u00fablico en Licencias de Conducir, as\u00ed lo informaron desde la Direcci\u00f3n de Licencias de Conducir\",\"breadcrumb\":{\"@id\":\"https:\/\/experienciadevida.com.ar\/portalurbano\/este-sabado-habra-atencion-al-publico-en-licencias-de-conducir\/#breadcrumb\"},\"inLanguage\":\"es\",\"potentialAction\":[{\"@type\":\"ReadAction\",\"target\":[\"https:\/\/experienciadevida.com.ar\/portalurbano\/este-sabado-habra-atencion-al-publico-en-licencias-de-conducir\/\"]}]},{\"@type\":\"BreadcrumbList\",\"@id\":\"https:\/\/experienciadevida.com.ar\/portalurbano\/este-sabado-habra-atencion-al-publico-en-licencias-de-conducir\/#breadcrumb\",\"itemListElement\":[{\"@type\":\"ListItem\",\"position\":1,\"name\":\"Portada\",\"item\":\"https:\/\/experienciadevida.com.ar\/portalurbano\/\"},{\"@type\":\"ListItem\",\"position\":2,\"name\":\"Este s\u00e1bado habr\u00e1 atenci\u00f3n al p\u00fablico en Licencias de Conducir\"}]},{\"@type\":\"WebSite\",\"@id\":\"https:\/\/experienciadevida.com.ar\/portalurbano\/#website\",\"url\":\"https:\/\/experienciadevida.com.ar\/portalurbano\/\",\"name\":\"\",\"description\":\"\",\"publisher\":{\"@id\":\"https:\/\/experienciadevida.com.ar\/portalurbano\/#organization\"},\"potentialAction\":[{\"@type\":\"SearchAction\",\"target\":{\"@type\":\"EntryPoint\",\"urlTemplate\":\"https:\/\/experienciadevida.com.ar\/portalurbano\/?s={search_term_string}\"},\"query-input\":\"required name=search_term_string\"}],\"inLanguage\":\"es\"},{\"@type\":\"Organization\",\"@id\":\"https:\/\/experienciadevida.com.ar\/portalurbano\/#organization\",\"name\":\"Portal Urbano\",\"url\":\"https:\/\/experienciadevida.com.ar\/portalurbano\/\",\"logo\":{\"@type\":\"ImageObject\",\"inLanguage\":\"es\",\"@id\":\"https:\/\/experienciadevida.com.ar\/portalurbano\/#\/schema\/logo\/image\/\",\"url\":\"https:\/\/experienciadevida.com.ar\/portalurbano\/wp-content\/uploads\/2019\/09\/Logo-Original.png\",\"contentUrl\":\"https:\/\/experienciadevida.com.ar\/portalurbano\/wp-content\/uploads\/2019\/09\/Logo-Original.png\",\"width\":2236,\"height\":1216,\"caption\":\"Portal Urbano\"},\"image\":{\"@id\":\"https:\/\/experienciadevida.com.ar\/portalurbano\/#\/schema\/logo\/image\/\"},\"sameAs\":[\"https:\/\/www.facebook.com\/Portal-Urbano-171542830093757\/\",\"https:\/\/twitter.com\/portalurbanook\",\"https:\/\/www.instagram.com\/_portalurbano\/\",\"https:\/\/www.youtube.com\/channel\/UCXhagIfszH8KxFiOok79zbA?view_as=subscriber\"]},{\"@type\":\"Person\",\"@id\":\"https:\/\/experienciadevida.com.ar\/portalurbano\/#\/schema\/person\/02dd326b1c4b056e9cc972486934a3a7\",\"name\":\"admpu17wp\",\"image\":{\"@type\":\"ImageObject\",\"inLanguage\":\"es\",\"@id\":\"https:\/\/experienciadevida.com.ar\/portalurbano\/#\/schema\/person\/image\/\",\"url\":\"https:\/\/secure.gravatar.com\/avatar\/830d4c57adaae6630765e449a6908047?s=96&d=mm&r=g\",\"contentUrl\":\"https:\/\/secure.gravatar.com\/avatar\/830d4c57adaae6630765e449a6908047?s=96&d=mm&r=g\",\"caption\":\"admpu17wp\"}}]}<\/script>\n<!-- \/ Yoast SEO plugin. -->","yoast_head_json":{"title":"Este s\u00e1bado habr\u00e1 atenci\u00f3n al p\u00fablico en Licencias de conducir","description":"Este s\u00e1bado habr\u00e1 atenci\u00f3n al p\u00fablico en Licencias de Conducir, as\u00ed lo informaron desde la Direcci\u00f3n de Licencias de Conducir","robots":{"index":"index","follow":"follow","max-snippet":"max-snippet:-1","max-image-preview":"max-image-preview:large","max-video-preview":"max-video-preview:-1"},"canonical":"https:\/\/experienciadevida.com.ar\/portalurbano\/este-sabado-habra-atencion-al-publico-en-licencias-de-conducir\/","og_locale":"es_ES","og_type":"article","og_title":"Este s\u00e1bado habr\u00e1 atenci\u00f3n al p\u00fablico en Licencias de conducir","og_description":"Este s\u00e1bado habr\u00e1 atenci\u00f3n al p\u00fablico en Licencias de Conducir, as\u00ed lo informaron desde la Direcci\u00f3n de Licencias de Conducir","og_url":"https:\/\/experienciadevida.com.ar\/portalurbano\/este-sabado-habra-atencion-al-publico-en-licencias-de-conducir\/","article_publisher":"https:\/\/www.facebook.com\/Portal-Urbano-171542830093757\/","article_published_time":"2022-06-16T12:56:03+00:00","article_modified_time":"2022-06-16T12:58:04+00:00","og_image":[{"width":1024,"height":682,"url":"https:\/\/experienciadevida.com.ar\/portalurbano\/wp-content\/uploads\/2021\/01\/Licencias-de-conducir.jpeg","type":"image\/jpeg"}],"author":"admpu17wp","twitter_card":"summary_large_image","twitter_creator":"@portalurbanook","twitter_site":"@portalurbanook","twitter_misc":{"Escrito por":"admpu17wp","Tiempo de lectura":"1 minuto"},"schema":{"@context":"https:\/\/schema.org","@graph":[{"@type":"Article","@id":"https:\/\/experienciadevida.com.ar\/portalurbano\/este-sabado-habra-atencion-al-publico-en-licencias-de-conducir\/#article","isPartOf":{"@id":"https:\/\/experienciadevida.com.ar\/portalurbano\/este-sabado-habra-atencion-al-publico-en-licencias-de-conducir\/"},"author":{"name":"admpu17wp","@id":"https:\/\/experienciadevida.com.ar\/portalurbano\/#\/schema\/person\/02dd326b1c4b056e9cc972486934a3a7"},"headline":"Este s\u00e1bado habr\u00e1 atenci\u00f3n al p\u00fablico en Licencias de Conducir","datePublished":"2022-06-16T12:56:03+00:00","dateModified":"2022-06-16T12:58:04+00:00","mainEntityOfPage":{"@id":"https:\/\/experienciadevida.com.ar\/portalurbano\/este-sabado-habra-atencion-al-publico-en-licencias-de-conducir\/"},"wordCount":189,"publisher":{"@id":"https:\/\/experienciadevida.com.ar\/portalurbano\/#organization"},"articleSection":["Ciudad","Destacadas"],"inLanguage":"es"},{"@type":"WebPage","@id":"https:\/\/experienciadevida.com.ar\/portalurbano\/este-sabado-habra-atencion-al-publico-en-licencias-de-conducir\/","url":"https:\/\/experienciadevida.com.ar\/portalurbano\/este-sabado-habra-atencion-al-publico-en-licencias-de-conducir\/","name":"Este s\u00e1bado habr\u00e1 atenci\u00f3n al p\u00fablico en Licencias de conducir","isPartOf":{"@id":"https:\/\/experienciadevida.com.ar\/portalurbano\/#website"},"datePublished":"2022-06-16T12:56:03+00:00","dateModified":"2022-06-16T12:58:04+00:00","description":"Este s\u00e1bado habr\u00e1 atenci\u00f3n al p\u00fablico en Licencias de Conducir, as\u00ed lo informaron desde la Direcci\u00f3n de Licencias de Conducir","breadcrumb":{"@id":"https:\/\/experienciadevida.com.ar\/portalurbano\/este-sabado-habra-atencion-al-publico-en-licencias-de-conducir\/#breadcrumb"},"inLanguage":"es","potentialAction":[{"@type":"ReadAction","target":["https:\/\/experienciadevida.com.ar\/portalurbano\/este-sabado-habra-atencion-al-publico-en-licencias-de-conducir\/"]}]},{"@type":"BreadcrumbList","@id":"https:\/\/experienciadevida.com.ar\/portalurbano\/este-sabado-habra-atencion-al-publico-en-licencias-de-conducir\/#breadcrumb","itemListElement":[{"@type":"ListItem","position":1,"name":"Portada","item":"https:\/\/experienciadevida.com.ar\/portalurbano\/"},{"@type":"ListItem","position":2,"name":"Este s\u00e1bado habr\u00e1 atenci\u00f3n al p\u00fablico en Licencias de Conducir"}]},{"@type":"WebSite","@id":"https:\/\/experienciadevida.com.ar\/portalurbano\/#website","url":"https:\/\/experienciadevida.com.ar\/portalurbano\/","name":"","description":"","publisher":{"@id":"https:\/\/experienciadevida.com.ar\/portalurbano\/#organization"},"potentialAction":[{"@type":"SearchAction","target":{"@type":"EntryPoint","urlTemplate":"https:\/\/experienciadevida.com.ar\/portalurbano\/?s={search_term_string}"},"query-input":"required name=search_term_string"}],"inLanguage":"es"},{"@type":"Organization","@id":"https:\/\/experienciadevida.com.ar\/portalurbano\/#organization","name":"Portal Urbano","url":"https:\/\/experienciadevida.com.ar\/portalurbano\/","logo":{"@type":"ImageObject","inLanguage":"es","@id":"https:\/\/experienciadevida.com.ar\/portalurbano\/#\/schema\/logo\/image\/","url":"https:\/\/experienciadevida.com.ar\/portalurbano\/wp-content\/uploads\/2019\/09\/Logo-Original.png","contentUrl":"https:\/\/experienciadevida.com.ar\/portalurbano\/wp-content\/uploads\/2019\/09\/Logo-Original.png","width":2236,"height":1216,"caption":"Portal Urbano"},"image":{"@id":"https:\/\/experienciadevida.com.ar\/portalurbano\/#\/schema\/logo\/image\/"},"sameAs":["https:\/\/www.facebook.com\/Portal-Urbano-171542830093757\/","https:\/\/twitter.com\/portalurbanook","https:\/\/www.instagram.com\/_portalurbano\/","https:\/\/www.youtube.com\/channel\/UCXhagIfszH8KxFiOok79zbA?view_as=subscriber"]},{"@type":"Person","@id":"https:\/\/experienciadevida.com.ar\/portalurbano\/#\/schema\/person\/02dd326b1c4b056e9cc972486934a3a7","name":"admpu17wp","image":{"@type":"ImageObject","inLanguage":"es","@id":"https:\/\/experienciadevida.com.ar\/portalurbano\/#\/schema\/person\/image\/","url":"https:\/\/secure.gravatar.com\/avatar\/830d4c57adaae6630765e449a6908047?s=96&d=mm&r=g","contentUrl":"https:\/\/secure.gravatar.com\/avatar\/830d4c57adaae6630765e449a6908047?s=96&d=mm&r=g","caption":"admpu17wp"}}]}},"featured_image_urls":{"full":["https:\/\/experienciadevida.com.ar\/portalurbano\/wp-content\/uploads\/2021\/01\/Licencias-de-conducir.jpeg",1024,682,false],"thumbnail":["https:\/\/experienciadevida.com.ar\/portalurbano\/wp-content\/uploads\/2021\/01\/Licencias-de-conducir-150x150.jpeg",150,150,true],"medium":["https:\/\/experienciadevida.com.ar\/portalurbano\/wp-content\/uploads\/2021\/01\/Licencias-de-conducir-300x200.jpeg",300,200,true],"medium_large":["https:\/\/experienciadevida.com.ar\/portalurbano\/wp-content\/uploads\/2021\/01\/Licencias-de-conducir-768x512.jpeg",640,427,true],"large":["https:\/\/experienciadevida.com.ar\/portalurbano\/wp-content\/uploads\/2021\/01\/Licencias-de-conducir.jpeg",640,426,false],"ug_big":["https:\/\/experienciadevida.com.ar\/portalurbano\/wp-content\/uploads\/2021\/01\/Licencias-de-conducir-768x512.jpeg",768,512,true],"1536x1536":["https:\/\/experienciadevida.com.ar\/portalurbano\/wp-content\/uploads\/2021\/01\/Licencias-de-conducir.jpeg",1024,682,false],"2048x2048":["https:\/\/experienciadevida.com.ar\/portalurbano\/wp-content\/uploads\/2021\/01\/Licencias-de-conducir.jpeg",1024,682,false],"newsever-slider-full":["https:\/\/experienciadevida.com.ar\/portalurbano\/wp-content\/uploads\/2021\/01\/Licencias-de-conducir.jpeg",1024,682,false],"newsever-featured":["https:\/\/experienciadevida.com.ar\/portalurbano\/wp-content\/uploads\/2021\/01\/Licencias-de-conducir.jpeg",1024,682,false],"newsever-medium":["https:\/\/experienciadevida.com.ar\/portalurbano\/wp-content\/uploads\/2021\/01\/Licencias-de-conducir.jpeg",713,475,false],"web-stories-poster-portrait":["https:\/\/experienciadevida.com.ar\/portalurbano\/wp-content\/uploads\/2021\/01\/Licencias-de-conducir.jpeg",640,426,false],"web-stories-publisher-logo":["https:\/\/experienciadevida.com.ar\/portalurbano\/wp-content\/uploads\/2021\/01\/Licencias-de-conducir.jpeg",96,64,false],"web-stories-thumbnail":["https:\/\/experienciadevida.com.ar\/portalurbano\/wp-content\/uploads\/2021\/01\/Licencias-de-conducir.jpeg",150,100,false]},"author_info":{"display_name":"admpu17wp","author_link":"https:\/\/experienciadevida.com.ar\/portalurbano\/author\/admpu17wp\/"},"category_info":"<a href=\"https:\/\/experienciadevida.com.ar\/portalurbano\/category\/ciudad\/\" rel=\"category tag\">Ciudad<\/a> <a href=\"https:\/\/experienciadevida.com.ar\/portalurbano\/category\/destacadas\/\" rel=\"category tag\">Destacadas<\/a>","tag_info":"Destacadas","comment_count":"0","amp_enabled":true,"_links":{"self":[{"href":"https:\/\/experienciadevida.com.ar\/portalurbano\/wp-json\/wp\/v2\/posts\/169723"}],"collection":[{"href":"https:\/\/experienciadevida.com.ar\/portalurbano\/wp-json\/wp\/v2\/posts"}],"about":[{"href":"https:\/\/experienciadevida.com.ar\/portalurbano\/wp-json\/wp\/v2\/types\/post"}],"author":[{"embeddable":true,"href":"https:\/\/experienciadevida.com.ar\/portalurbano\/wp-json\/wp\/v2\/users\/1"}],"replies":[{"embeddable":true,"href":"https:\/\/experienciadevida.com.ar\/portalurbano\/wp-json\/wp\/v2\/comments?post=169723"}],"version-history":[{"count":2,"href":"https:\/\/experienciadevida.com.ar\/portalurbano\/wp-json\/wp\/v2\/posts\/169723\/revisions"}],"predecessor-version":[{"id":169725,"href":"https:\/\/experienciadevida.com.ar\/portalurbano\/wp-json\/wp\/v2\/posts\/169723\/revisions\/169725"}],"wp:featuredmedia":[{"embeddable":true,"href":"https:\/\/experienciadevida.com.ar\/portalurbano\/wp-json\/wp\/v2\/media\/133496"}],"wp:attachment":[{"href":"https:\/\/experienciadevida.com.ar\/portalurbano\/wp-json\/wp\/v2\/media?parent=169723"}],"wp:term":[{"taxonomy":"category","embeddable":true,"href":"https:\/\/experienciadevida.com.ar\/portalurbano\/wp-json\/wp\/v2\/categories?post=169723"},{"taxonomy":"post_tag","embeddable":true,"href":"https:\/\/experienciadevida.com.ar\/portalurbano\/wp-json\/wp\/v2\/tags?post=169723"}],"curies":[{"name":"wp","href":"https:\/\/api.w.org\/{rel}","templated":true}]}}