{"id":169715,"date":"2022-06-15T22:37:19","date_gmt":"2022-06-16T01:37:19","guid":{"rendered":"https:\/\/experienciadevida.com.ar\/portalurbano\/?p=169715"},"modified":"2022-06-15T22:38:05","modified_gmt":"2022-06-16T01:38:05","slug":"reunion-de-seguimiento-del-programa-giro","status":"publish","type":"post","link":"https:\/\/experienciadevida.com.ar\/portalurbano\/reunion-de-seguimiento-del-programa-giro\/","title":{"rendered":"Reuni\u00f3n de Seguimiento del Programa GIRO"},"content":{"rendered":"<p>Reuni\u00f3n de Seguimiento del Programa GIRO, fue en la ma\u00f1ana de este mi\u00e9rcoles, el Secretario de Desarrollo Econ\u00f3mico Julio Valetutto encabez\u00f3 un encuentro de seguimiento del Programa GIRO (Gesti\u00f3n Integral de Residuos Olavarr\u00eda), que tuvo lugar en el Sal\u00f3n Blanco del Palacio San Mart\u00edn.<\/p>\n<p>De la reuni\u00f3n tambi\u00e9n tomaron parte funcionarios municipales de la Secretar\u00eda de Desarrollo Econ\u00f3mico y de la Subsecretar\u00eda de Obras y Servicios P\u00fablicos, del equipo del Programa GIRO, sumado a integrantes de Delterra y de Amcor que lo hicieron bajo modalidad presencial y virtual.<\/p>\n<p>En el encuentro se pusieron en com\u00fan los resultados que se observan del piloto de GIRO, que alcanza a 2.500 hogares. A su vez, se trat\u00f3 el avance de las obras que est\u00e1n en proceso de licitaci\u00f3n y la compra de equipos para la creaci\u00f3n de la infraestructura de largo plazo del programa.<\/p>\n<p>Por \u00faltimo, se compartieron los pasos a seguir y los planes para el programa GIRO para los pr\u00f3ximos meses. En ese sentido se enfatiz\u00f3 que la implementaci\u00f3n de GIRO involucra a toda la comunidad, desde vecinos y vecinas hasta las autoridades municipales, desde trabajadores informales hasta la empresa de recolecci\u00f3n. Este programa permite potenciar lo bueno y generar oportunidades nuevas para olavarrienses.<\/p>\n<p>Para m\u00e1s informaci\u00f3n se puede consultar la p\u00e1gina web de GIRO: giro.olavarria.gov.ar o a trav\u00e9s de las redes sociales Facebook e Instagram: giro.olavarr\u00eda.<\/p>\n","protected":false},"excerpt":{"rendered":"<p>Reuni\u00f3n de Seguimiento del Programa GIRO, fue en la ma\u00f1ana de este mi\u00e9rcoles, el Secretario&#8230;<\/p>\n","protected":false},"author":1,"featured_media":169716,"comment_status":"closed","ping_status":"closed","sticky":false,"template":"","format":"standard","meta":{"content-type":""},"categories":[27,64],"tags":[],"nelio_content":{"isAutoShareEnabled":false,"autoShareEndMode":"default","automationSources":{"useContentSentences":true,"useSocialTemplates":true,"useCustomSentences":false,"customSentences":[]},"followers":[1],"suggestedReferences":[],"includedReferences":[],"efiUrl":"","efiAlt":"","highlights":[]},"yoast_head":"<!-- This site is optimized with the Yoast SEO plugin v20.7 - https:\/\/yoast.com\/wordpress\/plugins\/seo\/ -->\n<title>Reuni\u00f3n de seguimiento del programa GIRO<\/title>\n<meta name=\"description\" content=\"Reuni\u00f3n de Seguimiento del Programa GIRO, fue en la ma\u00f1ana de este mi\u00e9rcoles, el Secretario de Desarrollo Econ\u00f3mico Julio Valetutto\" \/>\n<meta name=\"robots\" content=\"index, follow, max-snippet:-1, max-image-preview:large, max-video-preview:-1\" \/>\n<link rel=\"canonical\" href=\"https:\/\/experienciadevida.com.ar\/portalurbano\/reunion-de-seguimiento-del-programa-giro\/\" \/>\n<meta property=\"og:locale\" content=\"es_ES\" \/>\n<meta property=\"og:type\" content=\"article\" \/>\n<meta property=\"og:title\" content=\"Reuni\u00f3n de seguimiento del programa GIRO\" \/>\n<meta property=\"og:description\" content=\"Reuni\u00f3n de Seguimiento del Programa GIRO, fue en la ma\u00f1ana de este mi\u00e9rcoles, el Secretario de Desarrollo Econ\u00f3mico Julio Valetutto\" \/>\n<meta property=\"og:url\" content=\"https:\/\/experienciadevida.com.ar\/portalurbano\/reunion-de-seguimiento-del-programa-giro\/\" \/>\n<meta property=\"article:publisher\" content=\"https:\/\/www.facebook.com\/Portal-Urbano-171542830093757\/\" \/>\n<meta property=\"article:published_time\" content=\"2022-06-16T01:37:19+00:00\" \/>\n<meta property=\"article:modified_time\" content=\"2022-06-16T01:38:05+00:00\" \/>\n<meta property=\"og:image\" content=\"https:\/\/experienciadevida.com.ar\/portalurbano\/wp-content\/uploads\/2022\/06\/Reunion-de-Seguimiento-del.jpg\" \/>\n\t<meta property=\"og:image:width\" content=\"2560\" \/>\n\t<meta property=\"og:image:height\" content=\"1711\" \/>\n\t<meta property=\"og:image:type\" content=\"image\/jpeg\" \/>\n<meta name=\"author\" content=\"admpu17wp\" \/>\n<meta name=\"twitter:card\" content=\"summary_large_image\" \/>\n<meta name=\"twitter:creator\" content=\"@portalurbanook\" \/>\n<meta name=\"twitter:site\" content=\"@portalurbanook\" \/>\n<meta name=\"twitter:label1\" content=\"Escrito por\" \/>\n\t<meta name=\"twitter:data1\" content=\"admpu17wp\" \/>\n\t<meta name=\"twitter:label2\" content=\"Tiempo de lectura\" \/>\n\t<meta name=\"twitter:data2\" content=\"2 minutos\" \/>\n<script type=\"application\/ld+json\" class=\"yoast-schema-graph\">{\"@context\":\"https:\/\/schema.org\",\"@graph\":[{\"@type\":\"Article\",\"@id\":\"https:\/\/experienciadevida.com.ar\/portalurbano\/reunion-de-seguimiento-del-programa-giro\/#article\",\"isPartOf\":{\"@id\":\"https:\/\/experienciadevida.com.ar\/portalurbano\/reunion-de-seguimiento-del-programa-giro\/\"},\"author\":{\"name\":\"admpu17wp\",\"@id\":\"https:\/\/experienciadevida.com.ar\/portalurbano\/#\/schema\/person\/02dd326b1c4b056e9cc972486934a3a7\"},\"headline\":\"Reuni\u00f3n de Seguimiento del Programa GIRO\",\"datePublished\":\"2022-06-16T01:37:19+00:00\",\"dateModified\":\"2022-06-16T01:38:05+00:00\",\"mainEntityOfPage\":{\"@id\":\"https:\/\/experienciadevida.com.ar\/portalurbano\/reunion-de-seguimiento-del-programa-giro\/\"},\"wordCount\":262,\"publisher\":{\"@id\":\"https:\/\/experienciadevida.com.ar\/portalurbano\/#organization\"},\"articleSection\":[\"Ciudad\",\"Destacadas 2\"],\"inLanguage\":\"es\"},{\"@type\":\"WebPage\",\"@id\":\"https:\/\/experienciadevida.com.ar\/portalurbano\/reunion-de-seguimiento-del-programa-giro\/\",\"url\":\"https:\/\/experienciadevida.com.ar\/portalurbano\/reunion-de-seguimiento-del-programa-giro\/\",\"name\":\"Reuni\u00f3n de seguimiento del programa GIRO\",\"isPartOf\":{\"@id\":\"https:\/\/experienciadevida.com.ar\/portalurbano\/#website\"},\"datePublished\":\"2022-06-16T01:37:19+00:00\",\"dateModified\":\"2022-06-16T01:38:05+00:00\",\"description\":\"Reuni\u00f3n de Seguimiento del Programa GIRO, fue en la ma\u00f1ana de este mi\u00e9rcoles, el Secretario de Desarrollo Econ\u00f3mico Julio Valetutto\",\"breadcrumb\":{\"@id\":\"https:\/\/experienciadevida.com.ar\/portalurbano\/reunion-de-seguimiento-del-programa-giro\/#breadcrumb\"},\"inLanguage\":\"es\",\"potentialAction\":[{\"@type\":\"ReadAction\",\"target\":[\"https:\/\/experienciadevida.com.ar\/portalurbano\/reunion-de-seguimiento-del-programa-giro\/\"]}]},{\"@type\":\"BreadcrumbList\",\"@id\":\"https:\/\/experienciadevida.com.ar\/portalurbano\/reunion-de-seguimiento-del-programa-giro\/#breadcrumb\",\"itemListElement\":[{\"@type\":\"ListItem\",\"position\":1,\"name\":\"Portada\",\"item\":\"https:\/\/experienciadevida.com.ar\/portalurbano\/\"},{\"@type\":\"ListItem\",\"position\":2,\"name\":\"Reuni\u00f3n de Seguimiento del Programa GIRO\"}]},{\"@type\":\"WebSite\",\"@id\":\"https:\/\/experienciadevida.com.ar\/portalurbano\/#website\",\"url\":\"https:\/\/experienciadevida.com.ar\/portalurbano\/\",\"name\":\"\",\"description\":\"\",\"publisher\":{\"@id\":\"https:\/\/experienciadevida.com.ar\/portalurbano\/#organization\"},\"potentialAction\":[{\"@type\":\"SearchAction\",\"target\":{\"@type\":\"EntryPoint\",\"urlTemplate\":\"https:\/\/experienciadevida.com.ar\/portalurbano\/?s={search_term_string}\"},\"query-input\":\"required name=search_term_string\"}],\"inLanguage\":\"es\"},{\"@type\":\"Organization\",\"@id\":\"https:\/\/experienciadevida.com.ar\/portalurbano\/#organization\",\"name\":\"Portal Urbano\",\"url\":\"https:\/\/experienciadevida.com.ar\/portalurbano\/\",\"logo\":{\"@type\":\"ImageObject\",\"inLanguage\":\"es\",\"@id\":\"https:\/\/experienciadevida.com.ar\/portalurbano\/#\/schema\/logo\/image\/\",\"url\":\"https:\/\/experienciadevida.com.ar\/portalurbano\/wp-content\/uploads\/2019\/09\/Logo-Original.png\",\"contentUrl\":\"https:\/\/experienciadevida.com.ar\/portalurbano\/wp-content\/uploads\/2019\/09\/Logo-Original.png\",\"width\":2236,\"height\":1216,\"caption\":\"Portal Urbano\"},\"image\":{\"@id\":\"https:\/\/experienciadevida.com.ar\/portalurbano\/#\/schema\/logo\/image\/\"},\"sameAs\":[\"https:\/\/www.facebook.com\/Portal-Urbano-171542830093757\/\",\"https:\/\/twitter.com\/portalurbanook\",\"https:\/\/www.instagram.com\/_portalurbano\/\",\"https:\/\/www.youtube.com\/channel\/UCXhagIfszH8KxFiOok79zbA?view_as=subscriber\"]},{\"@type\":\"Person\",\"@id\":\"https:\/\/experienciadevida.com.ar\/portalurbano\/#\/schema\/person\/02dd326b1c4b056e9cc972486934a3a7\",\"name\":\"admpu17wp\",\"image\":{\"@type\":\"ImageObject\",\"inLanguage\":\"es\",\"@id\":\"https:\/\/experienciadevida.com.ar\/portalurbano\/#\/schema\/person\/image\/\",\"url\":\"https:\/\/secure.gravatar.com\/avatar\/830d4c57adaae6630765e449a6908047?s=96&d=mm&r=g\",\"contentUrl\":\"https:\/\/secure.gravatar.com\/avatar\/830d4c57adaae6630765e449a6908047?s=96&d=mm&r=g\",\"caption\":\"admpu17wp\"}}]}<\/script>\n<!-- \/ Yoast SEO plugin. -->","yoast_head_json":{"title":"Reuni\u00f3n de seguimiento del programa GIRO","description":"Reuni\u00f3n de Seguimiento del Programa GIRO, fue en la ma\u00f1ana de este mi\u00e9rcoles, el Secretario de Desarrollo Econ\u00f3mico Julio Valetutto","robots":{"index":"index","follow":"follow","max-snippet":"max-snippet:-1","max-image-preview":"max-image-preview:large","max-video-preview":"max-video-preview:-1"},"canonical":"https:\/\/experienciadevida.com.ar\/portalurbano\/reunion-de-seguimiento-del-programa-giro\/","og_locale":"es_ES","og_type":"article","og_title":"Reuni\u00f3n de seguimiento del programa GIRO","og_description":"Reuni\u00f3n de Seguimiento del Programa GIRO, fue en la ma\u00f1ana de este mi\u00e9rcoles, el Secretario de Desarrollo Econ\u00f3mico Julio Valetutto","og_url":"https:\/\/experienciadevida.com.ar\/portalurbano\/reunion-de-seguimiento-del-programa-giro\/","article_publisher":"https:\/\/www.facebook.com\/Portal-Urbano-171542830093757\/","article_published_time":"2022-06-16T01:37:19+00:00","article_modified_time":"2022-06-16T01:38:05+00:00","og_image":[{"width":2560,"height":1711,"url":"https:\/\/experienciadevida.com.ar\/portalurbano\/wp-content\/uploads\/2022\/06\/Reunion-de-Seguimiento-del.jpg","type":"image\/jpeg"}],"author":"admpu17wp","twitter_card":"summary_large_image","twitter_creator":"@portalurbanook","twitter_site":"@portalurbanook","twitter_misc":{"Escrito por":"admpu17wp","Tiempo de lectura":"2 minutos"},"schema":{"@context":"https:\/\/schema.org","@graph":[{"@type":"Article","@id":"https:\/\/experienciadevida.com.ar\/portalurbano\/reunion-de-seguimiento-del-programa-giro\/#article","isPartOf":{"@id":"https:\/\/experienciadevida.com.ar\/portalurbano\/reunion-de-seguimiento-del-programa-giro\/"},"author":{"name":"admpu17wp","@id":"https:\/\/experienciadevida.com.ar\/portalurbano\/#\/schema\/person\/02dd326b1c4b056e9cc972486934a3a7"},"headline":"Reuni\u00f3n de Seguimiento del Programa GIRO","datePublished":"2022-06-16T01:37:19+00:00","dateModified":"2022-06-16T01:38:05+00:00","mainEntityOfPage":{"@id":"https:\/\/experienciadevida.com.ar\/portalurbano\/reunion-de-seguimiento-del-programa-giro\/"},"wordCount":262,"publisher":{"@id":"https:\/\/experienciadevida.com.ar\/portalurbano\/#organization"},"articleSection":["Ciudad","Destacadas 2"],"inLanguage":"es"},{"@type":"WebPage","@id":"https:\/\/experienciadevida.com.ar\/portalurbano\/reunion-de-seguimiento-del-programa-giro\/","url":"https:\/\/experienciadevida.com.ar\/portalurbano\/reunion-de-seguimiento-del-programa-giro\/","name":"Reuni\u00f3n de seguimiento del programa GIRO","isPartOf":{"@id":"https:\/\/experienciadevida.com.ar\/portalurbano\/#website"},"datePublished":"2022-06-16T01:37:19+00:00","dateModified":"2022-06-16T01:38:05+00:00","description":"Reuni\u00f3n de Seguimiento del Programa GIRO, fue en la ma\u00f1ana de este mi\u00e9rcoles, el Secretario de Desarrollo Econ\u00f3mico Julio Valetutto","breadcrumb":{"@id":"https:\/\/experienciadevida.com.ar\/portalurbano\/reunion-de-seguimiento-del-programa-giro\/#breadcrumb"},"inLanguage":"es","potentialAction":[{"@type":"ReadAction","target":["https:\/\/experienciadevida.com.ar\/portalurbano\/reunion-de-seguimiento-del-programa-giro\/"]}]},{"@type":"BreadcrumbList","@id":"https:\/\/experienciadevida.com.ar\/portalurbano\/reunion-de-seguimiento-del-programa-giro\/#breadcrumb","itemListElement":[{"@type":"ListItem","position":1,"name":"Portada","item":"https:\/\/experienciadevida.com.ar\/portalurbano\/"},{"@type":"ListItem","position":2,"name":"Reuni\u00f3n de Seguimiento del Programa GIRO"}]},{"@type":"WebSite","@id":"https:\/\/experienciadevida.com.ar\/portalurbano\/#website","url":"https:\/\/experienciadevida.com.ar\/portalurbano\/","name":"","description":"","publisher":{"@id":"https:\/\/experienciadevida.com.ar\/portalurbano\/#organization"},"potentialAction":[{"@type":"SearchAction","target":{"@type":"EntryPoint","urlTemplate":"https:\/\/experienciadevida.com.ar\/portalurbano\/?s={search_term_string}"},"query-input":"required name=search_term_string"}],"inLanguage":"es"},{"@type":"Organization","@id":"https:\/\/experienciadevida.com.ar\/portalurbano\/#organization","name":"Portal Urbano","url":"https:\/\/experienciadevida.com.ar\/portalurbano\/","logo":{"@type":"ImageObject","inLanguage":"es","@id":"https:\/\/experienciadevida.com.ar\/portalurbano\/#\/schema\/logo\/image\/","url":"https:\/\/experienciadevida.com.ar\/portalurbano\/wp-content\/uploads\/2019\/09\/Logo-Original.png","contentUrl":"https:\/\/experienciadevida.com.ar\/portalurbano\/wp-content\/uploads\/2019\/09\/Logo-Original.png","width":2236,"height":1216,"caption":"Portal Urbano"},"image":{"@id":"https:\/\/experienciadevida.com.ar\/portalurbano\/#\/schema\/logo\/image\/"},"sameAs":["https:\/\/www.facebook.com\/Portal-Urbano-171542830093757\/","https:\/\/twitter.com\/portalurbanook","https:\/\/www.instagram.com\/_portalurbano\/","https:\/\/www.youtube.com\/channel\/UCXhagIfszH8KxFiOok79zbA?view_as=subscriber"]},{"@type":"Person","@id":"https:\/\/experienciadevida.com.ar\/portalurbano\/#\/schema\/person\/02dd326b1c4b056e9cc972486934a3a7","name":"admpu17wp","image":{"@type":"ImageObject","inLanguage":"es","@id":"https:\/\/experienciadevida.com.ar\/portalurbano\/#\/schema\/person\/image\/","url":"https:\/\/secure.gravatar.com\/avatar\/830d4c57adaae6630765e449a6908047?s=96&d=mm&r=g","contentUrl":"https:\/\/secure.gravatar.com\/avatar\/830d4c57adaae6630765e449a6908047?s=96&d=mm&r=g","caption":"admpu17wp"}}]}},"featured_image_urls":{"full":["https:\/\/experienciadevida.com.ar\/portalurbano\/wp-content\/uploads\/2022\/06\/Reunion-de-Seguimiento-del.jpg",2560,1711,false],"thumbnail":["https:\/\/experienciadevida.com.ar\/portalurbano\/wp-content\/uploads\/2022\/06\/Reunion-de-Seguimiento-del-150x150.jpg",150,150,true],"medium":["https:\/\/experienciadevida.com.ar\/portalurbano\/wp-content\/uploads\/2022\/06\/Reunion-de-Seguimiento-del-300x201.jpg",300,201,true],"medium_large":["https:\/\/experienciadevida.com.ar\/portalurbano\/wp-content\/uploads\/2022\/06\/Reunion-de-Seguimiento-del-768x513.jpg",640,428,true],"large":["https:\/\/experienciadevida.com.ar\/portalurbano\/wp-content\/uploads\/2022\/06\/Reunion-de-Seguimiento-del-1024x684.jpg",640,428,true],"ug_big":["https:\/\/experienciadevida.com.ar\/portalurbano\/wp-content\/uploads\/2022\/06\/Reunion-de-Seguimiento-del-768x513.jpg",768,513,true],"1536x1536":["https:\/\/experienciadevida.com.ar\/portalurbano\/wp-content\/uploads\/2022\/06\/Reunion-de-Seguimiento-del-1536x1027.jpg",1536,1027,true],"2048x2048":["https:\/\/experienciadevida.com.ar\/portalurbano\/wp-content\/uploads\/2022\/06\/Reunion-de-Seguimiento-del-2048x1369.jpg",2048,1369,true],"newsever-slider-full":["https:\/\/experienciadevida.com.ar\/portalurbano\/wp-content\/uploads\/2022\/06\/Reunion-de-Seguimiento-del.jpg",1264,845,false],"newsever-featured":["https:\/\/experienciadevida.com.ar\/portalurbano\/wp-content\/uploads\/2022\/06\/Reunion-de-Seguimiento-del.jpg",1024,684,false],"newsever-medium":["https:\/\/experienciadevida.com.ar\/portalurbano\/wp-content\/uploads\/2022\/06\/Reunion-de-Seguimiento-del.jpg",711,475,false],"web-stories-poster-portrait":["https:\/\/experienciadevida.com.ar\/portalurbano\/wp-content\/uploads\/2022\/06\/Reunion-de-Seguimiento-del.jpg",640,428,false],"web-stories-publisher-logo":["https:\/\/experienciadevida.com.ar\/portalurbano\/wp-content\/uploads\/2022\/06\/Reunion-de-Seguimiento-del.jpg",96,64,false],"web-stories-thumbnail":["https:\/\/experienciadevida.com.ar\/portalurbano\/wp-content\/uploads\/2022\/06\/Reunion-de-Seguimiento-del.jpg",150,100,false]},"author_info":{"display_name":"admpu17wp","author_link":"https:\/\/experienciadevida.com.ar\/portalurbano\/author\/admpu17wp\/"},"category_info":"<a href=\"https:\/\/experienciadevida.com.ar\/portalurbano\/category\/ciudad\/\" rel=\"category tag\">Ciudad<\/a> <a href=\"https:\/\/experienciadevida.com.ar\/portalurbano\/category\/destacadas-2\/\" rel=\"category tag\">Destacadas 2<\/a>","tag_info":"Destacadas 2","comment_count":"0","amp_enabled":true,"_links":{"self":[{"href":"https:\/\/experienciadevida.com.ar\/portalurbano\/wp-json\/wp\/v2\/posts\/169715"}],"collection":[{"href":"https:\/\/experienciadevida.com.ar\/portalurbano\/wp-json\/wp\/v2\/posts"}],"about":[{"href":"https:\/\/experienciadevida.com.ar\/portalurbano\/wp-json\/wp\/v2\/types\/post"}],"author":[{"embeddable":true,"href":"https:\/\/experienciadevida.com.ar\/portalurbano\/wp-json\/wp\/v2\/users\/1"}],"replies":[{"embeddable":true,"href":"https:\/\/experienciadevida.com.ar\/portalurbano\/wp-json\/wp\/v2\/comments?post=169715"}],"version-history":[{"count":2,"href":"https:\/\/experienciadevida.com.ar\/portalurbano\/wp-json\/wp\/v2\/posts\/169715\/revisions"}],"predecessor-version":[{"id":169718,"href":"https:\/\/experienciadevida.com.ar\/portalurbano\/wp-json\/wp\/v2\/posts\/169715\/revisions\/169718"}],"wp:featuredmedia":[{"embeddable":true,"href":"https:\/\/experienciadevida.com.ar\/portalurbano\/wp-json\/wp\/v2\/media\/169716"}],"wp:attachment":[{"href":"https:\/\/experienciadevida.com.ar\/portalurbano\/wp-json\/wp\/v2\/media?parent=169715"}],"wp:term":[{"taxonomy":"category","embeddable":true,"href":"https:\/\/experienciadevida.com.ar\/portalurbano\/wp-json\/wp\/v2\/categories?post=169715"},{"taxonomy":"post_tag","embeddable":true,"href":"https:\/\/experienciadevida.com.ar\/portalurbano\/wp-json\/wp\/v2\/tags?post=169715"}],"curies":[{"name":"wp","href":"https:\/\/api.w.org\/{rel}","templated":true}]}}