{"id":169695,"date":"2022-06-15T20:20:56","date_gmt":"2022-06-15T23:20:56","guid":{"rendered":"https:\/\/experienciadevida.com.ar\/portalurbano\/?p=169695"},"modified":"2022-06-15T20:21:28","modified_gmt":"2022-06-15T23:21:28","slug":"casi-70-diplomas-con-el-sello-fio-en-la-primera-colacion-2022","status":"publish","type":"post","link":"https:\/\/experienciadevida.com.ar\/portalurbano\/casi-70-diplomas-con-el-sello-fio-en-la-primera-colacion-2022\/","title":{"rendered":"Casi 70 diplomas con el sello FIO en la primera colaci\u00f3n 2022"},"content":{"rendered":"<p>Casi 70 diplomas con el sello <a href=\"https:\/\/www.facebook.com\/FIO.UNICEN\">FIO<\/a> en la primera colaci\u00f3n 2022, orgullo mociones cruzadas, aplausos y un t\u00edtulo que sintetiza logros personales pero tambi\u00e9n compartidos. Todo eso se vivi\u00f3 en la 157 Colaci\u00f3n de Grados de la UNICEN, con casi 150 profesionales de las 3 facultades locales, de los cuales alrededor de 70 son de la FIO. Historias marcadas por la Universidad p\u00fablica y regional, como derecho adquirido y valor distintivo.<\/p>\n<p>\u201cHacer, equivocarse, aprender y progresar; ese es el camino. El que se equivoca crece y lo que m\u00e1s hemos aprendimos es a dar lo m\u00e1ximo, a ampliar l\u00edmites y nunca olvidarnos de nuestros objetivos. Que esa experiencia sea el comienzo de algo que nos lleve a construir nuevos caminos\u201d, propuso Ivo P\u00e9rez Colo, minutos antes de recibir su t\u00edtulo de ingeniero industrial, junto a los casi 150 profesionales que este viernes se sumaron a la edici\u00f3n N\u00ba 157 del Acto de Colaci\u00f3n de Grados de la Universidad Nacional del Centro de la Provincia de Buenos Aires. Su voz fue colectiva y hubo aplauso cerrado en este primer encuentro de graduaci\u00f3n \u201cpospandemia\u201d.<\/p>\n<p>El fr\u00edo polar de este viernes contrastaba con el clima de alegr\u00eda que se viv\u00eda en el SUM del Complejo Universitario, poblado de autoridades, docentes, graduados, estudiantes, familiares y amigos dispuestos a festejar ese diploma de grado o posgrado que marca el cierre de una etapa y el inicio de muchas otras.<\/p>\n<p><a href=\"https:\/\/experienciadevida.com.ar\/portalurbano\/casi-70-diplomas-con-el-sello-fio-en-la-primera-colacion-2022\/casi\/\" rel=\"attachment wp-att-169697\"><img decoding=\"async\" class=\"alignnone size-full wp-image-169697\" src=\"https:\/\/experienciadevida.com.ar\/portalurbano\/wp-content\/uploads\/2022\/06\/Casi.jpg\" alt=\"Casi \" width=\"1000\" height=\"532\" srcset=\"https:\/\/experienciadevida.com.ar\/portalurbano\/wp-content\/uploads\/2022\/06\/Casi.jpg 1000w, https:\/\/experienciadevida.com.ar\/portalurbano\/wp-content\/uploads\/2022\/06\/Casi-300x160.jpg 300w, https:\/\/experienciadevida.com.ar\/portalurbano\/wp-content\/uploads\/2022\/06\/Casi-768x409.jpg 768w\" sizes=\"(max-width: 1000px) 100vw, 1000px\" \/><\/a><\/p>\n<p>El encuentro cont\u00f3 con la presencia del Rector de la UNICEN, Dr. Marcelo Aba, junto con las decanas de Ingenier\u00eda, Mag. Ing. Mar\u00eda Hayde\u00e9 Peralta y de Ciencias Sociales, Lic. Gabriela Gamberini; adem\u00e1s del de Ciencias de la Salud, Dr. H\u00e9ctor Trebucq.<\/p>\n<p>La FIO estuvo tambi\u00e9n representada por el Vicedecano, Dr. Oscar Cabrera, y los secretarios de diferentes \u00e1reas. Tambi\u00e9n acompa\u00f1aron el acto de graduaci\u00f3n referentes de las otras unidades acad\u00e9micas, adem\u00e1s de autoridades, representantes tanto de la Municipalidad como del Concejo Deliberante, instituciones sociales y familiares de los graduados y graduadas.<\/p>\n<p>En primer lugar, se entonaron las estrofas del Himno Nacional \u201colavarriense\u201d, la propuesta musical y audiovisual interpretada por la Orquesta Sinf\u00f3nica Municipal de Olavarr\u00eda \u201cMaestro Mario Patan\u00e9\u201d junto a artistas locales.<\/p>\n<p>Luego fue Ivo P\u00e9rez Colo el encargado de decirle adi\u00f3s a los\/as flamantes egresados\/as tras compartir una \u201caventura\u201d donde \u201chemos aprendido muchas cosas, hemos adquirido muchos conocimientos y habilidades pero lo que ahora debemos valorar es el esfuerzo realizado por las personas con las que hemos compartido todas estas experiencias\u201d en busca de \u201calcanzar los objetivos que nos hemos propuesto\u201d.<\/p>\n<p>Con m\u00e1s o menos escollos en el camino, y un tramo final atravesado por la pandemia, \u201ctodos hemos tenido alguien que nos ha sabido apoyar en el momento en que m\u00e1s lo hemos necesitamos. Es verdad que la carrera la hace uno pero qu\u00e9 ser\u00eda sin esa compa\u00f1era que respond\u00eda dudas a las 2 de la ma\u00f1ana, sin la abuela que prend\u00eda las velitas y rezaba a todos los santos, el amigo que mandaba mensajito antes de dar el parcial y todas esas personas que estuvieron atr\u00e1s en cada paso que dimos\u201d, valor\u00f3 el flamante ingeniero.<\/p>\n<p>Ahora es tiempo de \u201cempezar una nueva etapa, mirar e ir hacia adelante sin olvidar lo que la Universidad nos ha ofrecido y de la que siempre vamos a estar orgullosos, sinti\u00e9ndola propia\u201d y dejando como legado en \u201caquellos con los que te cruz\u00e1s en el camino, un poco m\u00e1s de felicidad y esperanza\u201d siendo recordados \u201cno por las calificaciones\u201d sino por \u201cel tipo de personas que somos. Esto ha sido triunfo en equipo. Hagamos que las cosas sucedan\u201d, concluy\u00f3 el Ing. P\u00e9rez Colo.<\/p>\n<p>Agentes de cambio y transformaci\u00f3n:<\/p>\n<p>Casi 70 diplomas con el sello FIO en la primera colaci\u00f3n 2022, en la misma sinton\u00eda, pero desde la perspectiva docente, la vicedecana de la Facultad de Ciencias de la Salud, Lic. Bettina Bernardelli, celebr\u00f3 que hayan llegado a la meta \u201ccon entrega, determinaci\u00f3n y persistencia\u201d en un trayecto donde \u201chay nombres, rostros y voces que acompa\u00f1aron y sostuvieron, ense\u00f1aron y aprendieron con ustedes\u201d.<\/p>\n<p>La profesional aprovech\u00f3 la oportunidad para poner en valor la educaci\u00f3n superior gratuita como derecho humano con jerarqu\u00eda constitucional en nuestro pa\u00eds aunque plante\u00f3 asignaturas a\u00fan pendientes, por ejemplo, en lo que respecta a la igualdad de g\u00e9nero en el acceso a la universidad.<\/p>\n<p>Tambi\u00e9n analiz\u00f3 el impacto de la crisis sanitaria por el COVID-19 y lo hizo focalizando en \u201cel rol esencial del profesional de la enfermer\u00eda\u201d en Olavarr\u00eda en cuanto al control en los accesos a la ciudad, el rastreo y seguimiento telef\u00f3nico de las personas aisladas as\u00ed como en las postas de vacunaci\u00f3n.<\/p>\n<p>Finalmente, se dirigi\u00f3 a las\/os casi cien graduados presentes en el SUM para decir que deben sentirse \u201cagradecidos de concluir una carrera universitaria. Es un privilegio y una responsabilidad. Son voces autorizadas para influir positivamente, especialmente con los m\u00e1s vulnerables. Asuman ese compromiso con la sociedad y su pa\u00eds\u201d siendo \u201cexitosos profesionales\u201d pero tambi\u00e9n \u201cagentes de cambio y de transformaci\u00f3n\u201d, concluy\u00f3, d\u00e1ndole paso al \u201cs\u00ed, juro\u201d de las graduadas y graduados que recibieron su diploma, a un paso de comenzar una nueva etapa con el respaldo de la Universidad p\u00fablica detr\u00e1s.<\/p>\n<p>Qui\u00e9nes se graduaron:<\/p>\n<p>El detalle de quienes egresaron de las diferentes Ingenier\u00edas, Tecnicaturas, Licenciaturas, Profesorado y Doctorado, as\u00ed como de las Diplomaturas que ofrece la FIO:<\/p>\n<p>INGENIERIA EN AGRIMENSURA: Axel Gabriel Calder\u00f3n Laguilon.<\/p>\n<p>INGENIERIA CIVIL: Aldana Ail\u00e9n Arg\u00fcello, Arian David, Agust\u00edn Fari\u00f1a, Ana Laura Gonzalo, Santiago Rub\u00e9n Iglesias, Joaqu\u00edn Roberto Marinaro, Luc\u00eda Montani, Mauro Omar Ortega, Joaqu\u00edn Rivas Alfano, Pablo Mart\u00edn Silva y Adriana Melisa Sosa.<\/p>\n<p>INGENIERIA ELECTROMECANICA: Emiliano Mancini, Franco Nahuel Campos, Francisco Emanuel Domaica, Sof\u00eda Etchegoin, Agust\u00edn Santiago Isasmendi, Daniel Alberto L\u00f3pez, Enzo Jos\u00e9 Orazietti y Maximiliano Schremmel.<\/p>\n<p>INGENIERIA EN SEGURIDAD E HIGIENE EN EL TRABAJO: Selene Far\u00edas, Dulio Adri\u00e1n Meyra, Mario Esteban Pe\u00f1afiel Teran, Javier Schieda, Fernando Dami\u00e1n Torales y Ram\u00f3n \u00c1ngel Velasques.<\/p>\n<p>INGENIERIA INDUSTRIAL Andrea Fabiana Carimati, Nicol\u00e1s Roberto D`Onofrio, Gilberto Francisco Dasc\u00f3n, Jonathan Gabriel Holgado, Francisco Iriarte, Lucas Ezequiel Lardapide, Juan Ignacio Moreno Lizard\u00eda, Facundo Jos\u00e9 Moretti, D\u00e9bora Marisa Mussi, Ivo P\u00e9rez Colo, Yamila Luj\u00e1n Pey y Mar\u00eda Sof\u00eda Pucciarelli.<\/p>\n<p>INGENIERIA QUIMICA: Mar\u00eda Victoria Chiesa.<\/p>\n<p>LICENCIATURA EN TECNOLOGIA EN ALIMENTOS: Daiana Soledad Fanesi, Rub\u00e9n Alberto Neri, Eliana P\u00e9rez, Natalia Guadalupe Salazar y Mar\u00eda Jos\u00e9 Santa Cruz.<\/p>\n<p>LICENCIATURA EN TECNOLOGIA MEDICA-CICLO DE LICENCIATURA: Ivo Ikasovic y Diego Andr\u00e9s Silvestro.<\/p>\n<p>PROFESORADO EN QUIMICA: Ariadna Flores, Florencia Luna Bazano y Natalia Sabbi Errobidart.<\/p>\n<p>ESPECIALIZACION EN ENSE\u00d1ANZA DE LAS CIENCIAS EXPERIMENTALES: Laura Cecilia Ottonello.<\/p>\n<p>MAGISTER EN ENSE\u00d1ANZA DE LAS CIENCIAS EXPERIMENTALES: Mar\u00eda Cecilia Acosta.<\/p>\n<p>DIPLOMATURA UNIVERSITARIO EN ENERGIAS RENOVABLES Y TECNOLOGIAS PARA EL DESARROLLO SUSTENTABLE: Daniela Arriolou, H\u00e9ctor Mario Bongiorno, Hern\u00e1n Chantiri, Mar\u00eda Daniela Keesler, Yamila Luj\u00e1n Pey, Nicol\u00e1s Urraco y Francisco Enrique Varela.<\/p>\n<p>DIPLOMATURA UNIVERSITARIA EN GESTION DE LA ERGONOMIA: Marcela Andrea Barbero, Ignacio Luj\u00e1n Brangeri, Mar\u00eda Alicia Bruzzoni, Micaela Daiana Herrero, Ana Pilar Odello, Mar\u00eda Virginia Pinilla, Hern\u00e1n Manuel Rodr\u00edguez, Vanesa Marina Segura, Natalia Gabriela Sosa y Mat\u00edas Arc\u00e1ngel Teruel.<\/p>\n<p>La colaci\u00f3n cerr\u00f3 con menciones de honor y la premiaci\u00f3n del Colegio de Ingenieros de la Provincia de Buenos Aires, Distrito III, a los\/as mejores graduados\/as de las distintas carreras con una matriculaci\u00f3n gratuita en el colegio profesional m\u00e1s la bonificaci\u00f3n del primer a\u00f1o de la matr\u00edcula para el ejercicio profesional. Obtuvieron dicho reconocimiento Agust\u00edn Fari\u00f1a, promedio 7,98 (Ingenier\u00eda Civil); Franco Campos, promedio 8,87 (Ingenier\u00eda Electromec\u00e1nica); Jonathan Holgado, promedio 8,31 (Ingenier\u00eda Industrial) y Mar\u00eda Victoria Chiesa, promedio 6,83 (Ingenier\u00eda Qu\u00edmica).<\/p>\n","protected":false},"excerpt":{"rendered":"<p>Casi 70 diplomas con el sello FIO en la primera colaci\u00f3n 2022, orgullo mociones cruzadas,&#8230;<\/p>\n","protected":false},"author":1,"featured_media":169696,"comment_status":"closed","ping_status":"closed","sticky":false,"template":"","format":"standard","meta":{"content-type":""},"categories":[31],"tags":[],"nelio_content":{"isAutoShareEnabled":false,"autoShareEndMode":"default","automationSources":{"useContentSentences":true,"useSocialTemplates":true,"useCustomSentences":false,"customSentences":[]},"followers":[1],"suggestedReferences":[],"includedReferences":[],"efiUrl":"","efiAlt":"","highlights":[]},"yoast_head":"<!-- This site is optimized with the Yoast SEO plugin v20.7 - https:\/\/yoast.com\/wordpress\/plugins\/seo\/ -->\n<title>Casi 70 diplomas con el sello FIO en la primera colaci\u00f3n 2022<\/title>\n<meta name=\"description\" content=\"Casi 70 diplomas con el sello FIO en la primera colaci\u00f3n 2022, orgullo mociones cruzadas, aplausos y un t\u00edtulo que sintetiza logros\" \/>\n<meta name=\"robots\" content=\"index, follow, max-snippet:-1, max-image-preview:large, max-video-preview:-1\" \/>\n<link rel=\"canonical\" href=\"https:\/\/experienciadevida.com.ar\/portalurbano\/casi-70-diplomas-con-el-sello-fio-en-la-primera-colacion-2022\/\" \/>\n<meta property=\"og:locale\" content=\"es_ES\" \/>\n<meta property=\"og:type\" content=\"article\" \/>\n<meta property=\"og:title\" content=\"Casi 70 diplomas con el sello FIO en la primera colaci\u00f3n 2022\" \/>\n<meta property=\"og:description\" content=\"Casi 70 diplomas con el sello FIO en la primera colaci\u00f3n 2022, orgullo mociones cruzadas, aplausos y un t\u00edtulo que sintetiza logros\" \/>\n<meta property=\"og:url\" content=\"https:\/\/experienciadevida.com.ar\/portalurbano\/casi-70-diplomas-con-el-sello-fio-en-la-primera-colacion-2022\/\" \/>\n<meta property=\"article:publisher\" content=\"https:\/\/www.facebook.com\/Portal-Urbano-171542830093757\/\" \/>\n<meta property=\"article:published_time\" content=\"2022-06-15T23:20:56+00:00\" \/>\n<meta property=\"article:modified_time\" content=\"2022-06-15T23:21:28+00:00\" \/>\n<meta property=\"og:image\" content=\"https:\/\/experienciadevida.com.ar\/portalurbano\/wp-content\/uploads\/2022\/06\/Casi-70-diplomas-con.jpg\" \/>\n\t<meta property=\"og:image:width\" content=\"1200\" \/>\n\t<meta property=\"og:image:height\" content=\"486\" \/>\n\t<meta property=\"og:image:type\" content=\"image\/jpeg\" \/>\n<meta name=\"author\" content=\"admpu17wp\" \/>\n<meta name=\"twitter:card\" content=\"summary_large_image\" \/>\n<meta name=\"twitter:creator\" content=\"@portalurbanook\" \/>\n<meta name=\"twitter:site\" content=\"@portalurbanook\" \/>\n<meta name=\"twitter:label1\" content=\"Escrito por\" \/>\n\t<meta name=\"twitter:data1\" content=\"admpu17wp\" \/>\n\t<meta name=\"twitter:label2\" content=\"Tiempo de lectura\" \/>\n\t<meta name=\"twitter:data2\" content=\"6 minutos\" \/>\n<script type=\"application\/ld+json\" class=\"yoast-schema-graph\">{\"@context\":\"https:\/\/schema.org\",\"@graph\":[{\"@type\":\"Article\",\"@id\":\"https:\/\/experienciadevida.com.ar\/portalurbano\/casi-70-diplomas-con-el-sello-fio-en-la-primera-colacion-2022\/#article\",\"isPartOf\":{\"@id\":\"https:\/\/experienciadevida.com.ar\/portalurbano\/casi-70-diplomas-con-el-sello-fio-en-la-primera-colacion-2022\/\"},\"author\":{\"name\":\"admpu17wp\",\"@id\":\"https:\/\/experienciadevida.com.ar\/portalurbano\/#\/schema\/person\/02dd326b1c4b056e9cc972486934a3a7\"},\"headline\":\"Casi 70 diplomas con el sello FIO en la primera colaci\u00f3n 2022\",\"datePublished\":\"2022-06-15T23:20:56+00:00\",\"dateModified\":\"2022-06-15T23:21:28+00:00\",\"mainEntityOfPage\":{\"@id\":\"https:\/\/experienciadevida.com.ar\/portalurbano\/casi-70-diplomas-con-el-sello-fio-en-la-primera-colacion-2022\/\"},\"wordCount\":1358,\"publisher\":{\"@id\":\"https:\/\/experienciadevida.com.ar\/portalurbano\/#organization\"},\"articleSection\":[\"Educaci\u00f3n\"],\"inLanguage\":\"es\"},{\"@type\":\"WebPage\",\"@id\":\"https:\/\/experienciadevida.com.ar\/portalurbano\/casi-70-diplomas-con-el-sello-fio-en-la-primera-colacion-2022\/\",\"url\":\"https:\/\/experienciadevida.com.ar\/portalurbano\/casi-70-diplomas-con-el-sello-fio-en-la-primera-colacion-2022\/\",\"name\":\"Casi 70 diplomas con el sello FIO en la primera colaci\u00f3n 2022\",\"isPartOf\":{\"@id\":\"https:\/\/experienciadevida.com.ar\/portalurbano\/#website\"},\"datePublished\":\"2022-06-15T23:20:56+00:00\",\"dateModified\":\"2022-06-15T23:21:28+00:00\",\"description\":\"Casi 70 diplomas con el sello FIO en la primera colaci\u00f3n 2022, orgullo mociones cruzadas, aplausos y un t\u00edtulo que sintetiza logros\",\"breadcrumb\":{\"@id\":\"https:\/\/experienciadevida.com.ar\/portalurbano\/casi-70-diplomas-con-el-sello-fio-en-la-primera-colacion-2022\/#breadcrumb\"},\"inLanguage\":\"es\",\"potentialAction\":[{\"@type\":\"ReadAction\",\"target\":[\"https:\/\/experienciadevida.com.ar\/portalurbano\/casi-70-diplomas-con-el-sello-fio-en-la-primera-colacion-2022\/\"]}]},{\"@type\":\"BreadcrumbList\",\"@id\":\"https:\/\/experienciadevida.com.ar\/portalurbano\/casi-70-diplomas-con-el-sello-fio-en-la-primera-colacion-2022\/#breadcrumb\",\"itemListElement\":[{\"@type\":\"ListItem\",\"position\":1,\"name\":\"Portada\",\"item\":\"https:\/\/experienciadevida.com.ar\/portalurbano\/\"},{\"@type\":\"ListItem\",\"position\":2,\"name\":\"Casi 70 diplomas con el sello FIO en la primera colaci\u00f3n 2022\"}]},{\"@type\":\"WebSite\",\"@id\":\"https:\/\/experienciadevida.com.ar\/portalurbano\/#website\",\"url\":\"https:\/\/experienciadevida.com.ar\/portalurbano\/\",\"name\":\"\",\"description\":\"\",\"publisher\":{\"@id\":\"https:\/\/experienciadevida.com.ar\/portalurbano\/#organization\"},\"potentialAction\":[{\"@type\":\"SearchAction\",\"target\":{\"@type\":\"EntryPoint\",\"urlTemplate\":\"https:\/\/experienciadevida.com.ar\/portalurbano\/?s={search_term_string}\"},\"query-input\":\"required name=search_term_string\"}],\"inLanguage\":\"es\"},{\"@type\":\"Organization\",\"@id\":\"https:\/\/experienciadevida.com.ar\/portalurbano\/#organization\",\"name\":\"Portal Urbano\",\"url\":\"https:\/\/experienciadevida.com.ar\/portalurbano\/\",\"logo\":{\"@type\":\"ImageObject\",\"inLanguage\":\"es\",\"@id\":\"https:\/\/experienciadevida.com.ar\/portalurbano\/#\/schema\/logo\/image\/\",\"url\":\"https:\/\/experienciadevida.com.ar\/portalurbano\/wp-content\/uploads\/2019\/09\/Logo-Original.png\",\"contentUrl\":\"https:\/\/experienciadevida.com.ar\/portalurbano\/wp-content\/uploads\/2019\/09\/Logo-Original.png\",\"width\":2236,\"height\":1216,\"caption\":\"Portal Urbano\"},\"image\":{\"@id\":\"https:\/\/experienciadevida.com.ar\/portalurbano\/#\/schema\/logo\/image\/\"},\"sameAs\":[\"https:\/\/www.facebook.com\/Portal-Urbano-171542830093757\/\",\"https:\/\/twitter.com\/portalurbanook\",\"https:\/\/www.instagram.com\/_portalurbano\/\",\"https:\/\/www.youtube.com\/channel\/UCXhagIfszH8KxFiOok79zbA?view_as=subscriber\"]},{\"@type\":\"Person\",\"@id\":\"https:\/\/experienciadevida.com.ar\/portalurbano\/#\/schema\/person\/02dd326b1c4b056e9cc972486934a3a7\",\"name\":\"admpu17wp\",\"image\":{\"@type\":\"ImageObject\",\"inLanguage\":\"es\",\"@id\":\"https:\/\/experienciadevida.com.ar\/portalurbano\/#\/schema\/person\/image\/\",\"url\":\"https:\/\/secure.gravatar.com\/avatar\/830d4c57adaae6630765e449a6908047?s=96&d=mm&r=g\",\"contentUrl\":\"https:\/\/secure.gravatar.com\/avatar\/830d4c57adaae6630765e449a6908047?s=96&d=mm&r=g\",\"caption\":\"admpu17wp\"}}]}<\/script>\n<!-- \/ Yoast SEO plugin. -->","yoast_head_json":{"title":"Casi 70 diplomas con el sello FIO en la primera colaci\u00f3n 2022","description":"Casi 70 diplomas con el sello FIO en la primera colaci\u00f3n 2022, orgullo mociones cruzadas, aplausos y un t\u00edtulo que sintetiza logros","robots":{"index":"index","follow":"follow","max-snippet":"max-snippet:-1","max-image-preview":"max-image-preview:large","max-video-preview":"max-video-preview:-1"},"canonical":"https:\/\/experienciadevida.com.ar\/portalurbano\/casi-70-diplomas-con-el-sello-fio-en-la-primera-colacion-2022\/","og_locale":"es_ES","og_type":"article","og_title":"Casi 70 diplomas con el sello FIO en la primera colaci\u00f3n 2022","og_description":"Casi 70 diplomas con el sello FIO en la primera colaci\u00f3n 2022, orgullo mociones cruzadas, aplausos y un t\u00edtulo que sintetiza logros","og_url":"https:\/\/experienciadevida.com.ar\/portalurbano\/casi-70-diplomas-con-el-sello-fio-en-la-primera-colacion-2022\/","article_publisher":"https:\/\/www.facebook.com\/Portal-Urbano-171542830093757\/","article_published_time":"2022-06-15T23:20:56+00:00","article_modified_time":"2022-06-15T23:21:28+00:00","og_image":[{"width":1200,"height":486,"url":"https:\/\/experienciadevida.com.ar\/portalurbano\/wp-content\/uploads\/2022\/06\/Casi-70-diplomas-con.jpg","type":"image\/jpeg"}],"author":"admpu17wp","twitter_card":"summary_large_image","twitter_creator":"@portalurbanook","twitter_site":"@portalurbanook","twitter_misc":{"Escrito por":"admpu17wp","Tiempo de lectura":"6 minutos"},"schema":{"@context":"https:\/\/schema.org","@graph":[{"@type":"Article","@id":"https:\/\/experienciadevida.com.ar\/portalurbano\/casi-70-diplomas-con-el-sello-fio-en-la-primera-colacion-2022\/#article","isPartOf":{"@id":"https:\/\/experienciadevida.com.ar\/portalurbano\/casi-70-diplomas-con-el-sello-fio-en-la-primera-colacion-2022\/"},"author":{"name":"admpu17wp","@id":"https:\/\/experienciadevida.com.ar\/portalurbano\/#\/schema\/person\/02dd326b1c4b056e9cc972486934a3a7"},"headline":"Casi 70 diplomas con el sello FIO en la primera colaci\u00f3n 2022","datePublished":"2022-06-15T23:20:56+00:00","dateModified":"2022-06-15T23:21:28+00:00","mainEntityOfPage":{"@id":"https:\/\/experienciadevida.com.ar\/portalurbano\/casi-70-diplomas-con-el-sello-fio-en-la-primera-colacion-2022\/"},"wordCount":1358,"publisher":{"@id":"https:\/\/experienciadevida.com.ar\/portalurbano\/#organization"},"articleSection":["Educaci\u00f3n"],"inLanguage":"es"},{"@type":"WebPage","@id":"https:\/\/experienciadevida.com.ar\/portalurbano\/casi-70-diplomas-con-el-sello-fio-en-la-primera-colacion-2022\/","url":"https:\/\/experienciadevida.com.ar\/portalurbano\/casi-70-diplomas-con-el-sello-fio-en-la-primera-colacion-2022\/","name":"Casi 70 diplomas con el sello FIO en la primera colaci\u00f3n 2022","isPartOf":{"@id":"https:\/\/experienciadevida.com.ar\/portalurbano\/#website"},"datePublished":"2022-06-15T23:20:56+00:00","dateModified":"2022-06-15T23:21:28+00:00","description":"Casi 70 diplomas con el sello FIO en la primera colaci\u00f3n 2022, orgullo mociones cruzadas, aplausos y un t\u00edtulo que sintetiza logros","breadcrumb":{"@id":"https:\/\/experienciadevida.com.ar\/portalurbano\/casi-70-diplomas-con-el-sello-fio-en-la-primera-colacion-2022\/#breadcrumb"},"inLanguage":"es","potentialAction":[{"@type":"ReadAction","target":["https:\/\/experienciadevida.com.ar\/portalurbano\/casi-70-diplomas-con-el-sello-fio-en-la-primera-colacion-2022\/"]}]},{"@type":"BreadcrumbList","@id":"https:\/\/experienciadevida.com.ar\/portalurbano\/casi-70-diplomas-con-el-sello-fio-en-la-primera-colacion-2022\/#breadcrumb","itemListElement":[{"@type":"ListItem","position":1,"name":"Portada","item":"https:\/\/experienciadevida.com.ar\/portalurbano\/"},{"@type":"ListItem","position":2,"name":"Casi 70 diplomas con el sello FIO en la primera colaci\u00f3n 2022"}]},{"@type":"WebSite","@id":"https:\/\/experienciadevida.com.ar\/portalurbano\/#website","url":"https:\/\/experienciadevida.com.ar\/portalurbano\/","name":"","description":"","publisher":{"@id":"https:\/\/experienciadevida.com.ar\/portalurbano\/#organization"},"potentialAction":[{"@type":"SearchAction","target":{"@type":"EntryPoint","urlTemplate":"https:\/\/experienciadevida.com.ar\/portalurbano\/?s={search_term_string}"},"query-input":"required name=search_term_string"}],"inLanguage":"es"},{"@type":"Organization","@id":"https:\/\/experienciadevida.com.ar\/portalurbano\/#organization","name":"Portal Urbano","url":"https:\/\/experienciadevida.com.ar\/portalurbano\/","logo":{"@type":"ImageObject","inLanguage":"es","@id":"https:\/\/experienciadevida.com.ar\/portalurbano\/#\/schema\/logo\/image\/","url":"https:\/\/experienciadevida.com.ar\/portalurbano\/wp-content\/uploads\/2019\/09\/Logo-Original.png","contentUrl":"https:\/\/experienciadevida.com.ar\/portalurbano\/wp-content\/uploads\/2019\/09\/Logo-Original.png","width":2236,"height":1216,"caption":"Portal Urbano"},"image":{"@id":"https:\/\/experienciadevida.com.ar\/portalurbano\/#\/schema\/logo\/image\/"},"sameAs":["https:\/\/www.facebook.com\/Portal-Urbano-171542830093757\/","https:\/\/twitter.com\/portalurbanook","https:\/\/www.instagram.com\/_portalurbano\/","https:\/\/www.youtube.com\/channel\/UCXhagIfszH8KxFiOok79zbA?view_as=subscriber"]},{"@type":"Person","@id":"https:\/\/experienciadevida.com.ar\/portalurbano\/#\/schema\/person\/02dd326b1c4b056e9cc972486934a3a7","name":"admpu17wp","image":{"@type":"ImageObject","inLanguage":"es","@id":"https:\/\/experienciadevida.com.ar\/portalurbano\/#\/schema\/person\/image\/","url":"https:\/\/secure.gravatar.com\/avatar\/830d4c57adaae6630765e449a6908047?s=96&d=mm&r=g","contentUrl":"https:\/\/secure.gravatar.com\/avatar\/830d4c57adaae6630765e449a6908047?s=96&d=mm&r=g","caption":"admpu17wp"}}]}},"featured_image_urls":{"full":["https:\/\/experienciadevida.com.ar\/portalurbano\/wp-content\/uploads\/2022\/06\/Casi-70-diplomas-con.jpg",1200,486,false],"thumbnail":["https:\/\/experienciadevida.com.ar\/portalurbano\/wp-content\/uploads\/2022\/06\/Casi-70-diplomas-con-150x150.jpg",150,150,true],"medium":["https:\/\/experienciadevida.com.ar\/portalurbano\/wp-content\/uploads\/2022\/06\/Casi-70-diplomas-con-300x122.jpg",300,122,true],"medium_large":["https:\/\/experienciadevida.com.ar\/portalurbano\/wp-content\/uploads\/2022\/06\/Casi-70-diplomas-con-768x311.jpg",640,259,true],"large":["https:\/\/experienciadevida.com.ar\/portalurbano\/wp-content\/uploads\/2022\/06\/Casi-70-diplomas-con-1024x415.jpg",640,259,true],"ug_big":["https:\/\/experienciadevida.com.ar\/portalurbano\/wp-content\/uploads\/2022\/06\/Casi-70-diplomas-con-768x311.jpg",768,311,true],"1536x1536":["https:\/\/experienciadevida.com.ar\/portalurbano\/wp-content\/uploads\/2022\/06\/Casi-70-diplomas-con.jpg",1200,486,false],"2048x2048":["https:\/\/experienciadevida.com.ar\/portalurbano\/wp-content\/uploads\/2022\/06\/Casi-70-diplomas-con.jpg",1200,486,false],"newsever-slider-full":["https:\/\/experienciadevida.com.ar\/portalurbano\/wp-content\/uploads\/2022\/06\/Casi-70-diplomas-con.jpg",1200,486,false],"newsever-featured":["https:\/\/experienciadevida.com.ar\/portalurbano\/wp-content\/uploads\/2022\/06\/Casi-70-diplomas-con.jpg",1024,415,false],"newsever-medium":["https:\/\/experienciadevida.com.ar\/portalurbano\/wp-content\/uploads\/2022\/06\/Casi-70-diplomas-con.jpg",720,292,false],"web-stories-poster-portrait":["https:\/\/experienciadevida.com.ar\/portalurbano\/wp-content\/uploads\/2022\/06\/Casi-70-diplomas-con.jpg",640,259,false],"web-stories-publisher-logo":["https:\/\/experienciadevida.com.ar\/portalurbano\/wp-content\/uploads\/2022\/06\/Casi-70-diplomas-con.jpg",96,39,false],"web-stories-thumbnail":["https:\/\/experienciadevida.com.ar\/portalurbano\/wp-content\/uploads\/2022\/06\/Casi-70-diplomas-con.jpg",150,61,false]},"author_info":{"display_name":"admpu17wp","author_link":"https:\/\/experienciadevida.com.ar\/portalurbano\/author\/admpu17wp\/"},"category_info":"<a href=\"https:\/\/experienciadevida.com.ar\/portalurbano\/category\/ciudad\/educacion\/\" rel=\"category tag\">Educaci\u00f3n<\/a>","tag_info":"Educaci\u00f3n","comment_count":"0","amp_enabled":true,"_links":{"self":[{"href":"https:\/\/experienciadevida.com.ar\/portalurbano\/wp-json\/wp\/v2\/posts\/169695"}],"collection":[{"href":"https:\/\/experienciadevida.com.ar\/portalurbano\/wp-json\/wp\/v2\/posts"}],"about":[{"href":"https:\/\/experienciadevida.com.ar\/portalurbano\/wp-json\/wp\/v2\/types\/post"}],"author":[{"embeddable":true,"href":"https:\/\/experienciadevida.com.ar\/portalurbano\/wp-json\/wp\/v2\/users\/1"}],"replies":[{"embeddable":true,"href":"https:\/\/experienciadevida.com.ar\/portalurbano\/wp-json\/wp\/v2\/comments?post=169695"}],"version-history":[{"count":2,"href":"https:\/\/experienciadevida.com.ar\/portalurbano\/wp-json\/wp\/v2\/posts\/169695\/revisions"}],"predecessor-version":[{"id":169699,"href":"https:\/\/experienciadevida.com.ar\/portalurbano\/wp-json\/wp\/v2\/posts\/169695\/revisions\/169699"}],"wp:featuredmedia":[{"embeddable":true,"href":"https:\/\/experienciadevida.com.ar\/portalurbano\/wp-json\/wp\/v2\/media\/169696"}],"wp:attachment":[{"href":"https:\/\/experienciadevida.com.ar\/portalurbano\/wp-json\/wp\/v2\/media?parent=169695"}],"wp:term":[{"taxonomy":"category","embeddable":true,"href":"https:\/\/experienciadevida.com.ar\/portalurbano\/wp-json\/wp\/v2\/categories?post=169695"},{"taxonomy":"post_tag","embeddable":true,"href":"https:\/\/experienciadevida.com.ar\/portalurbano\/wp-json\/wp\/v2\/tags?post=169695"}],"curies":[{"name":"wp","href":"https:\/\/api.w.org\/{rel}","templated":true}]}}