{"id":169690,"date":"2022-06-15T20:11:49","date_gmt":"2022-06-15T23:11:49","guid":{"rendered":"https:\/\/experienciadevida.com.ar\/portalurbano\/?p=169690"},"modified":"2022-06-15T20:15:03","modified_gmt":"2022-06-15T23:15:03","slug":"fabio-arrignon-la-ingenieria-se-hace-todos-los-dias","status":"publish","type":"post","link":"https:\/\/experienciadevida.com.ar\/portalurbano\/fabio-arrignon-la-ingenieria-se-hace-todos-los-dias\/","title":{"rendered":"Fabio Arrignon: \u201cLa ingenier\u00eda se hace todos los d\u00edas\u201d"},"content":{"rendered":"<p>Fabio Arrignon: \u201cLa ingenier\u00eda se hace todos los d\u00edas\u201d, conmemorando el inicio de la carrera de Ingenier\u00eda en el pa\u00eds, cada 16 de junio se homenajea a los profesionales de esta disciplina.<\/p>\n<p>Fabio Arrignon es s\u00edmbolo de ingenier\u00eda: docente y empresario, asegura que de la \u00fanica decisi\u00f3n que no se arrepentir\u00eda es de haber elegido estudiar Ingenier\u00eda en la Facultad de Olavarr\u00eda. Y da recomendaciones para quienes quieren arrancar con la carrera.<\/p>\n<p>Su vida profesional y aun la personal est\u00e1n indisolublemente ligada a la <a href=\"https:\/\/www.facebook.com\/FIO.UNICEN\">FIO<\/a>, \u00bfverdad?<\/p>\n<p>Es as\u00ed. Me gradu\u00e9 en la Facultad en 1990 como Ingeniero en Construcciones, y en el a\u00f1o 1991 de Ingeniero Civil. Hice una carrera de especializaci\u00f3n, la Maestr\u00eda en Tecnolog\u00eda del Hormig\u00f3n que no pude concluir en su momento y estoy terminando ahora, estoy haciendo las tesis despu\u00e9s de 10 a\u00f1os porque se empez\u00f3 a dictar nuevamente y tengo esa posibilidad.<\/p>\n<p>Adem\u00e1s soy docente en la FIO hace 34 a\u00f1os. Tengo 32 de profesional y dos a\u00f1os antes de recibirme fui Ayudante alumno. En este momento soy profesor en el Departamento de Ingenier\u00eda Civil y Agrimensura, dicto \u201cConstrucci\u00f3n de Edificios\u201d y \u201cElementos de Construcciones Civiles\u201d, adem\u00e1s de dictar el curso de posgrado sobre \u201cPatolog\u00eda de la Construcci\u00f3n\u201d y un m\u00f3dulo de \u201cEncofrados\u201d en la Maestr\u00eda.<\/p>\n<p>\u00bfSiempre ha ejercido la docencia con dedicaci\u00f3n simple?<\/p>\n<p>S\u00ed, hoy es as\u00ed. Cuando comenc\u00e9 en la docencia tuve una dedicaci\u00f3n exclusiva, hice investigaci\u00f3n en el laboratorio de materiales, alrededor de un a\u00f1o, hasta que la profesi\u00f3n particular hizo que no me quedara tiempo para eso y tuve que optar.<\/p>\n<p>\u00bfParticip\u00f3 de cargos de gesti\u00f3n alguna vez?<\/p>\n<p>Fui Secretario de Extensi\u00f3n, y por dos per\u00edodos fui Secretario Acad\u00e9mico. Durante el \u00faltimo a\u00f1o de gesti\u00f3n conviv\u00eda con la pr\u00e1ctica profesional independiente. Por este motivo la \u00faltima etapa de mi paso por la Secretar\u00eda Acad\u00e9mica concluy\u00f3 un a\u00f1o antes, dijo Fabio Arrignon.<\/p>\n<p>Una parte de su vida personal tambi\u00e9n est\u00e1 en la Facultad de Ingenier\u00eda\u2026<\/p>\n<p>\u00a1S\u00ed! Con Silvia (N. de R.: Silvia Aller, Secretaria Administrativa de la FIO y figura emblem\u00e1tica de la instituci\u00f3n) hace 28 a\u00f1os que estamos casados y hace 38 que nos conocemos.<\/p>\n<p><a href=\"https:\/\/experienciadevida.com.ar\/portalurbano\/fabio-arrignon-la-ingenieria-se-hace-todos-los-dias\/fabio\/\" rel=\"attachment wp-att-169692\"><img decoding=\"async\" class=\"alignnone size-full wp-image-169692\" src=\"https:\/\/experienciadevida.com.ar\/portalurbano\/wp-content\/uploads\/2022\/06\/Fabio.jpg\" alt=\"Fabio \" width=\"1000\" height=\"537\" srcset=\"https:\/\/experienciadevida.com.ar\/portalurbano\/wp-content\/uploads\/2022\/06\/Fabio.jpg 1000w, https:\/\/experienciadevida.com.ar\/portalurbano\/wp-content\/uploads\/2022\/06\/Fabio-300x161.jpg 300w, https:\/\/experienciadevida.com.ar\/portalurbano\/wp-content\/uploads\/2022\/06\/Fabio-768x412.jpg 768w\" sizes=\"(max-width: 1000px) 100vw, 1000px\" \/><\/a><\/p>\n<p>Hay adem\u00e1s toda otra faceta suya que es el ejercicio profesional independiente, que le ocupa la mayor parte del tiempo.<\/p>\n<p>S\u00ed, desde hace alrededor de 30 a\u00f1os ejerzo la profesi\u00f3n a trav\u00e9s de una empresa de la que he sido y soy titular. Mi jornada laboral en este campo arranca a las 6 en la oficina, y termino a las 7 de la tarde. Cuando la din\u00e1mica de la jornada me lo permite al mediod\u00eda dedico un tiempo a mi hobby que es entrenar: practico triatl\u00f3n, carreras de calle y de aventura.<\/p>\n<p>Yendo a la profesi\u00f3n en general, \u00bfcoincide en que las ingenier\u00edas siempre tienen altos niveles de demanda laboral m\u00e1s all\u00e1 de los vaivenes de contexto?<\/p>\n<p>Hay demanda de profesionales de la carrera, no solamente con lo que tiene que ver con las empresas peque\u00f1as, medianas o grandes, donde esa demanda es permanente. Pero adem\u00e1s trabajo con varias de esas empresas y me encuentro con algo que no es sorpresivo pero s\u00ed gratificante: colegas ingenieros que han sido alumnos m\u00edos o los conozco de la Facultad pero de otras carreras, que ocupan lugares importantes, a veces para grandes empresas, en cargos t\u00e9cnicos o con cargos gerenciales. Los mismos alumnos en los \u00faltimos a\u00f1os de carrera ya tienen una inserci\u00f3n en las empresas que es lo que despu\u00e9s les permite continuar con esto. Obviamente, dentro de todas las ingenier\u00edas, hay algunas que por cuestiones coyunturales tienen m\u00e1s demanda que otras. Por ejemplo, en este momento pasa con la Ingenier\u00eda en petr\u00f3leo que no hay disponibilidad de profesionales para ocupar la cantidad de cargos que hay, b\u00e1sicamente por Vaca Muerta y por todas las cuestiones conexas, como la industria metalmec\u00e1nica que est\u00e1 alrededor brindando servicios a la producci\u00f3n petrol\u00edfera y gas\u00edfera. O todo lo que tiene que ver con las comunicaciones, ya hace a\u00f1os que se viene con el tema de la construcci\u00f3n del gasoducto donde tambi\u00e9n hay un requerimiento de profesionales de la ingenier\u00eda muy grande, en todas las especialidades. Tanto la parte civil (movimiento de suelos, excavaciones, manejo de maquinarias), la mec\u00e1nica (soldaduras, ensayos no destructivos), la parte ambiental. S\u00ed, hay una demanda incluso insatisfecha.<\/p>\n<p>\u00bfObserva que los profesionales asumen tambi\u00e9n el rol de empresarios?<\/p>\n<p>Fabio Arrignon, dijo claro, est\u00e1 ese emprendedurismo. Tambi\u00e9n es muy gratificante ver a much\u00edsimos alumnos que en muchos casos incluso trabajamos en el mismo rubro y hoy somos \u201ccompetencia\u201d. Han formado sus empresas, han tenido la posibilidad de desarrollarse. Y muchas veces no tiene que ver con los contenidos enciclop\u00e9dicos que se llevan de la facultad, sino con otras cuestiones que en esta Facultad formamos muy bien y que tiene que ver con las capacidades. La capacidad de gestionar, de poder desarrollarte en ciertos \u00e1mbitos. Esas capacidades en algunos casos no est\u00e1n como contenidos m\u00ednimos en el Plan de Estudios, s\u00ed est\u00e1n como objetivos de tipo m\u00e1s general. Yo voy a hablar de la FIO que es lo que conozco, eso lo cumple y con creces porque si no ser\u00eda imposible que hubiese ese desarrollo. Yo conozco en Olavarr\u00eda no menos de 30 o 40 empresas importantes donde los titulares son egresados de la Facultad, o a veces son ingenieros de otras facultades.<\/p>\n<p>En alg\u00fan momento la Ingenier\u00eda se fue volviendo cada vez m\u00e1s espec\u00edfica y hubo un amplio desarrollo de especialidades. \u00bfQu\u00e9 observa de esta tendencia en el contexto actual?<\/p>\n<p>Es cierto, hay carreras de ingenier\u00eda muy espec\u00edficas. En algunos casos esto tiene su raz\u00f3n de ser, por ejemplo lo que mencionaba sobre Ingenier\u00eda en petr\u00f3leo: seguramente por la demanda que hay se necesite esa formaci\u00f3n espec\u00edfica. Pero en general, las empresas que demandan ingenieros no necesitan que sean especializados. S\u00ed en alg\u00fan \u00e1rea en particular, como podr\u00eda ser el \u00e1rea de comunicaciones por los avances tecnol\u00f3gicos. Pero en general, para lo que es el desarrollo de la industria o las obras, lo que m\u00e1s se requiere es un ingeniero de tipo m\u00e1s generalista, dentro de cada una de las ramas de ingenier\u00eda. Y despu\u00e9s se requiere hacer cursos de especializaci\u00f3n. Hace unos a\u00f1os esos cursos o maestr\u00edas ten\u00edan un sesgo muy acad\u00e9mico o cient\u00edfico. Hoy por hoy esto ha cambiado, y la Maestr\u00eda en Tecnolog\u00eda del Hormig\u00f3n de la FIO es un buen ejemplo, y hay muchas capacitaciones de tipo profesional. Ya no se piensa tanto en esas tesis de investigaci\u00f3n sino en el desarrollo profesional.<\/p>\n<p>\u00bfEsa es la tendencia del mercado profesional?<\/p>\n<p>Conozco much\u00edsimos casos de ingenieros con una formaci\u00f3n generalista, como puede ser graduados de la FIO, que se los ha puesto frente a un proyecto y han tenido que llevar adelante la concreci\u00f3n de una obra desde cero, por ejemplo de una cantera. Obviamente eso no se ve en la carrera, no tenemos los conocimientos para hacer eso. Pero \u00bfqu\u00e9 es lo que tiene la carrera? Y ac\u00e1 s\u00ed voy a hablar de la FIO y es lo que hace que no sorprenda que muchos profesionales est\u00e9n en varios lugares no solo en medios locales sino en todo el pa\u00eds, en empresas de todo tipo. La Facultad lo que brinda y se hace mucho hincapi\u00e9, es en lo conceptual. \u00bfImportan los contenidos? S\u00ed, importan, hay una cantidad m\u00ednima que una carrera de grado debe brindar al egresado. Pero m\u00e1s importante es lo conceptual. Doy un ejemplo: \u00bftengo que salir de una carrera de grado sabiendo c\u00f3mo funciona un quemador industrial para poder trabajar en algo que es muy espec\u00edfico? Probablemente pueda obtener un t\u00edtulo a trav\u00e9s de un posgrado. Ahora, para poder hacer eso \u00bfqu\u00e9 es lo que me da la Facultad? Me da termodin\u00e1mica, qu\u00edmica, entre otros. Entonces, tener esa posibilidad de conceptualizar los contenidos de toda la carrera, estudiar un problema y resolverlo, eso es lo que se requiere. Esa es para m\u00ed la base la profesi\u00f3n. Ser ingeniero no es llevarse solo un bagaje de conocimientos, sino llevarse un bagaje de capacidades que permitan resolver los problemas. Y eso es lo importante de las carreras.<\/p>\n<p>\u00bfFue su caso?<\/p>\n<p>He trabajado en obras de infraestructura, pavimentos, cord\u00f3n cuneta, red de cloaca, red de agua, red de gas, he construido edificios, he construido viviendas, he trabajados en cuestiones que tienen que ver con combusti\u00f3n, combustibles alternativos como biog\u00e1s, redes industriales de todo tipo. Y soy Ingeniero civil. Lo que hay que tener en claro es que cuando uno obtiene el t\u00edtulo es cuando empieza a estudiar. Porque hay que resolver los problemas que se presentan y eso se hace en base a estudio. Algo que resulta muy f\u00e1cil teniendo esta cuesti\u00f3n que planteaba anteriormente.<\/p>\n<p>Parece algo aplicable a campos muy diversos, aun fuera de lo laboral<\/p>\n<p>Esto se presenta en cualquier situaci\u00f3n. El desaf\u00edo de la ingenier\u00eda es que uno puede estar haciendo al c\u00e1lculo de un sistema extremadamente complejo y poner mucha ingenier\u00eda, se necesita de mucho conocimiento y de herramientas. Pero tambi\u00e9n se hace ingenier\u00eda de la misma manera cuando uno resuelve un problema social que incluso no tiene a veces la cuesti\u00f3n econ\u00f3mica detr\u00e1s. A m\u00ed me han venido a ver de alguna escuela porque ten\u00edan un problema constructivo, resolver eso es aplicar ingenier\u00eda tambi\u00e9n y es tan importante como lo otro. Hacer ingenier\u00eda no es solamente hacer grandes proyectos, eso es importante pero la ingenier\u00eda est\u00e1 en las cosas que uno ve todos los d\u00edas.<\/p>\n<p>\u00bfQu\u00e9 le dir\u00eda a un joven que quiere estudiar ingenier\u00eda?<\/p>\n<p>Est\u00e1 mal ser autorreferencial, pero yo estudi\u00e9 ingenier\u00eda porque no ten\u00eda otra posibilidad. Soy el primer profesional de todas mis familias. Decid\u00ed ingenier\u00eda por eso. Creo que esa decisi\u00f3n obligada fue la gran elecci\u00f3n de mi vida. Si repaso mis decisiones, de la \u00fanica que no me arrepentir\u00eda es de haber elegido estudiar Ingenier\u00eda en la Facultad de Olavarr\u00eda. \u00bfPor qu\u00e9 digo esto? Porque la ingenier\u00eda se hace todos los d\u00edas, y esos desaf\u00edos permanentes que tiene la profesi\u00f3n nos permiten estar tratando todos los d\u00edas temas distintos. En Ingenier\u00eda no hay algo que se hace seriado salvo por muy corto tiempo. Entonces esa evoluci\u00f3n de las cuestiones que tiene que ver con el desarrollo y la soluci\u00f3n de los problemas se presenta todos los d\u00edas. Para quien quiera estudiar ingenier\u00eda, ese es el desaf\u00edo.<\/p>\n<p>Particularmente \u00bfqu\u00e9 le dir\u00eda a una chica, una mujer que quiera estudiar Ingenier\u00eda?<\/p>\n<p>No hay diferencia de g\u00e9nero a la hora de elegir esta carrera. En una \u00e9poca no hab\u00eda ingenieras trabajando en obras. S\u00ed en proyecto, hab\u00eda muchas, pero menos en obra. Esto se ha equiparado mucho, no viene tanto de la mano de la profesi\u00f3n, no creo que sea porque la profesi\u00f3n ha empujado para que esto suceda, sino que es una cuesti\u00f3n general, de \u00e9pocas y de contextos. Hoy por hoy es muy com\u00fan ver en empresas a ingenieras mujeres y tienen las mismas posibilidades que los hombres para acceder a cualquier tipo de cargo. Seguramente veremos, en un corto tiempo muchas mujeres como CEO de empresas. Y el tab\u00fa de que las mujeres no pod\u00edan estar en obras, ya no es as\u00ed. Convivo con muchas mujeres que desempe\u00f1an esos roles, el trabajo a la par es algo muy com\u00fan.<\/p>\n<p>&nbsp;<\/p>\n<p>&nbsp;<\/p>\n","protected":false},"excerpt":{"rendered":"<p>Fabio Arrignon: \u201cLa ingenier\u00eda se hace todos los d\u00edas\u201d, conmemorando el inicio de la carrera&#8230;<\/p>\n","protected":false},"author":1,"featured_media":169691,"comment_status":"closed","ping_status":"closed","sticky":false,"template":"","format":"standard","meta":{"content-type":""},"categories":[31],"tags":[],"nelio_content":{"isAutoShareEnabled":false,"autoShareEndMode":"default","automationSources":{"useContentSentences":true,"useSocialTemplates":true,"useCustomSentences":false,"customSentences":[]},"followers":[1],"suggestedReferences":[],"includedReferences":[],"efiUrl":"","efiAlt":"","highlights":[]},"yoast_head":"<!-- This site is optimized with the Yoast SEO plugin v20.7 - https:\/\/yoast.com\/wordpress\/plugins\/seo\/ -->\n<title>Fabio Arrignon: &quot;La ingenier\u00eda se hace todos los d\u00edas&quot;<\/title>\n<meta name=\"description\" content=\"Fabio Arrignon: \u201cLa ingenier\u00eda se hace todos los d\u00edas\u201d, conmemorando el inicio de la carrera de Ingenier\u00eda en el pa\u00eds, cada 16 de junio\" \/>\n<meta name=\"robots\" content=\"index, follow, max-snippet:-1, max-image-preview:large, max-video-preview:-1\" \/>\n<link rel=\"canonical\" href=\"https:\/\/experienciadevida.com.ar\/portalurbano\/fabio-arrignon-la-ingenieria-se-hace-todos-los-dias\/\" \/>\n<meta property=\"og:locale\" content=\"es_ES\" \/>\n<meta property=\"og:type\" content=\"article\" \/>\n<meta property=\"og:title\" content=\"Fabio Arrignon: &quot;La ingenier\u00eda se hace todos los d\u00edas&quot;\" \/>\n<meta property=\"og:description\" content=\"Fabio Arrignon: \u201cLa ingenier\u00eda se hace todos los d\u00edas\u201d, conmemorando el inicio de la carrera de Ingenier\u00eda en el pa\u00eds, cada 16 de junio\" \/>\n<meta property=\"og:url\" content=\"https:\/\/experienciadevida.com.ar\/portalurbano\/fabio-arrignon-la-ingenieria-se-hace-todos-los-dias\/\" \/>\n<meta property=\"article:publisher\" content=\"https:\/\/www.facebook.com\/Portal-Urbano-171542830093757\/\" \/>\n<meta property=\"article:published_time\" content=\"2022-06-15T23:11:49+00:00\" \/>\n<meta property=\"article:modified_time\" content=\"2022-06-15T23:15:03+00:00\" \/>\n<meta property=\"og:image\" content=\"https:\/\/experienciadevida.com.ar\/portalurbano\/wp-content\/uploads\/2022\/06\/Fabio-Arrignon.jpg\" \/>\n\t<meta property=\"og:image:width\" content=\"1000\" \/>\n\t<meta property=\"og:image:height\" content=\"518\" \/>\n\t<meta property=\"og:image:type\" content=\"image\/jpeg\" \/>\n<meta name=\"author\" content=\"admpu17wp\" \/>\n<meta name=\"twitter:card\" content=\"summary_large_image\" \/>\n<meta name=\"twitter:creator\" content=\"@portalurbanook\" \/>\n<meta name=\"twitter:site\" content=\"@portalurbanook\" \/>\n<meta name=\"twitter:label1\" content=\"Escrito por\" \/>\n\t<meta name=\"twitter:data1\" content=\"admpu17wp\" \/>\n\t<meta name=\"twitter:label2\" content=\"Tiempo de lectura\" \/>\n\t<meta name=\"twitter:data2\" content=\"9 minutos\" \/>\n<script type=\"application\/ld+json\" class=\"yoast-schema-graph\">{\"@context\":\"https:\/\/schema.org\",\"@graph\":[{\"@type\":\"Article\",\"@id\":\"https:\/\/experienciadevida.com.ar\/portalurbano\/fabio-arrignon-la-ingenieria-se-hace-todos-los-dias\/#article\",\"isPartOf\":{\"@id\":\"https:\/\/experienciadevida.com.ar\/portalurbano\/fabio-arrignon-la-ingenieria-se-hace-todos-los-dias\/\"},\"author\":{\"name\":\"admpu17wp\",\"@id\":\"https:\/\/experienciadevida.com.ar\/portalurbano\/#\/schema\/person\/02dd326b1c4b056e9cc972486934a3a7\"},\"headline\":\"Fabio Arrignon: \u201cLa ingenier\u00eda se hace todos los d\u00edas\u201d\",\"datePublished\":\"2022-06-15T23:11:49+00:00\",\"dateModified\":\"2022-06-15T23:15:03+00:00\",\"mainEntityOfPage\":{\"@id\":\"https:\/\/experienciadevida.com.ar\/portalurbano\/fabio-arrignon-la-ingenieria-se-hace-todos-los-dias\/\"},\"wordCount\":2050,\"publisher\":{\"@id\":\"https:\/\/experienciadevida.com.ar\/portalurbano\/#organization\"},\"articleSection\":[\"Educaci\u00f3n\"],\"inLanguage\":\"es\"},{\"@type\":\"WebPage\",\"@id\":\"https:\/\/experienciadevida.com.ar\/portalurbano\/fabio-arrignon-la-ingenieria-se-hace-todos-los-dias\/\",\"url\":\"https:\/\/experienciadevida.com.ar\/portalurbano\/fabio-arrignon-la-ingenieria-se-hace-todos-los-dias\/\",\"name\":\"Fabio Arrignon: \\\"La ingenier\u00eda se hace todos los d\u00edas\\\"\",\"isPartOf\":{\"@id\":\"https:\/\/experienciadevida.com.ar\/portalurbano\/#website\"},\"datePublished\":\"2022-06-15T23:11:49+00:00\",\"dateModified\":\"2022-06-15T23:15:03+00:00\",\"description\":\"Fabio Arrignon: \u201cLa ingenier\u00eda se hace todos los d\u00edas\u201d, conmemorando el inicio de la carrera de Ingenier\u00eda en el pa\u00eds, cada 16 de junio\",\"breadcrumb\":{\"@id\":\"https:\/\/experienciadevida.com.ar\/portalurbano\/fabio-arrignon-la-ingenieria-se-hace-todos-los-dias\/#breadcrumb\"},\"inLanguage\":\"es\",\"potentialAction\":[{\"@type\":\"ReadAction\",\"target\":[\"https:\/\/experienciadevida.com.ar\/portalurbano\/fabio-arrignon-la-ingenieria-se-hace-todos-los-dias\/\"]}]},{\"@type\":\"BreadcrumbList\",\"@id\":\"https:\/\/experienciadevida.com.ar\/portalurbano\/fabio-arrignon-la-ingenieria-se-hace-todos-los-dias\/#breadcrumb\",\"itemListElement\":[{\"@type\":\"ListItem\",\"position\":1,\"name\":\"Portada\",\"item\":\"https:\/\/experienciadevida.com.ar\/portalurbano\/\"},{\"@type\":\"ListItem\",\"position\":2,\"name\":\"Fabio Arrignon: \u201cLa ingenier\u00eda se hace todos los d\u00edas\u201d\"}]},{\"@type\":\"WebSite\",\"@id\":\"https:\/\/experienciadevida.com.ar\/portalurbano\/#website\",\"url\":\"https:\/\/experienciadevida.com.ar\/portalurbano\/\",\"name\":\"\",\"description\":\"\",\"publisher\":{\"@id\":\"https:\/\/experienciadevida.com.ar\/portalurbano\/#organization\"},\"potentialAction\":[{\"@type\":\"SearchAction\",\"target\":{\"@type\":\"EntryPoint\",\"urlTemplate\":\"https:\/\/experienciadevida.com.ar\/portalurbano\/?s={search_term_string}\"},\"query-input\":\"required name=search_term_string\"}],\"inLanguage\":\"es\"},{\"@type\":\"Organization\",\"@id\":\"https:\/\/experienciadevida.com.ar\/portalurbano\/#organization\",\"name\":\"Portal Urbano\",\"url\":\"https:\/\/experienciadevida.com.ar\/portalurbano\/\",\"logo\":{\"@type\":\"ImageObject\",\"inLanguage\":\"es\",\"@id\":\"https:\/\/experienciadevida.com.ar\/portalurbano\/#\/schema\/logo\/image\/\",\"url\":\"https:\/\/experienciadevida.com.ar\/portalurbano\/wp-content\/uploads\/2019\/09\/Logo-Original.png\",\"contentUrl\":\"https:\/\/experienciadevida.com.ar\/portalurbano\/wp-content\/uploads\/2019\/09\/Logo-Original.png\",\"width\":2236,\"height\":1216,\"caption\":\"Portal Urbano\"},\"image\":{\"@id\":\"https:\/\/experienciadevida.com.ar\/portalurbano\/#\/schema\/logo\/image\/\"},\"sameAs\":[\"https:\/\/www.facebook.com\/Portal-Urbano-171542830093757\/\",\"https:\/\/twitter.com\/portalurbanook\",\"https:\/\/www.instagram.com\/_portalurbano\/\",\"https:\/\/www.youtube.com\/channel\/UCXhagIfszH8KxFiOok79zbA?view_as=subscriber\"]},{\"@type\":\"Person\",\"@id\":\"https:\/\/experienciadevida.com.ar\/portalurbano\/#\/schema\/person\/02dd326b1c4b056e9cc972486934a3a7\",\"name\":\"admpu17wp\",\"image\":{\"@type\":\"ImageObject\",\"inLanguage\":\"es\",\"@id\":\"https:\/\/experienciadevida.com.ar\/portalurbano\/#\/schema\/person\/image\/\",\"url\":\"https:\/\/secure.gravatar.com\/avatar\/830d4c57adaae6630765e449a6908047?s=96&d=mm&r=g\",\"contentUrl\":\"https:\/\/secure.gravatar.com\/avatar\/830d4c57adaae6630765e449a6908047?s=96&d=mm&r=g\",\"caption\":\"admpu17wp\"}}]}<\/script>\n<!-- \/ Yoast SEO plugin. -->","yoast_head_json":{"title":"Fabio Arrignon: \"La ingenier\u00eda se hace todos los d\u00edas\"","description":"Fabio Arrignon: \u201cLa ingenier\u00eda se hace todos los d\u00edas\u201d, conmemorando el inicio de la carrera de Ingenier\u00eda en el pa\u00eds, cada 16 de junio","robots":{"index":"index","follow":"follow","max-snippet":"max-snippet:-1","max-image-preview":"max-image-preview:large","max-video-preview":"max-video-preview:-1"},"canonical":"https:\/\/experienciadevida.com.ar\/portalurbano\/fabio-arrignon-la-ingenieria-se-hace-todos-los-dias\/","og_locale":"es_ES","og_type":"article","og_title":"Fabio Arrignon: \"La ingenier\u00eda se hace todos los d\u00edas\"","og_description":"Fabio Arrignon: \u201cLa ingenier\u00eda se hace todos los d\u00edas\u201d, conmemorando el inicio de la carrera de Ingenier\u00eda en el pa\u00eds, cada 16 de junio","og_url":"https:\/\/experienciadevida.com.ar\/portalurbano\/fabio-arrignon-la-ingenieria-se-hace-todos-los-dias\/","article_publisher":"https:\/\/www.facebook.com\/Portal-Urbano-171542830093757\/","article_published_time":"2022-06-15T23:11:49+00:00","article_modified_time":"2022-06-15T23:15:03+00:00","og_image":[{"width":1000,"height":518,"url":"https:\/\/experienciadevida.com.ar\/portalurbano\/wp-content\/uploads\/2022\/06\/Fabio-Arrignon.jpg","type":"image\/jpeg"}],"author":"admpu17wp","twitter_card":"summary_large_image","twitter_creator":"@portalurbanook","twitter_site":"@portalurbanook","twitter_misc":{"Escrito por":"admpu17wp","Tiempo de lectura":"9 minutos"},"schema":{"@context":"https:\/\/schema.org","@graph":[{"@type":"Article","@id":"https:\/\/experienciadevida.com.ar\/portalurbano\/fabio-arrignon-la-ingenieria-se-hace-todos-los-dias\/#article","isPartOf":{"@id":"https:\/\/experienciadevida.com.ar\/portalurbano\/fabio-arrignon-la-ingenieria-se-hace-todos-los-dias\/"},"author":{"name":"admpu17wp","@id":"https:\/\/experienciadevida.com.ar\/portalurbano\/#\/schema\/person\/02dd326b1c4b056e9cc972486934a3a7"},"headline":"Fabio Arrignon: \u201cLa ingenier\u00eda se hace todos los d\u00edas\u201d","datePublished":"2022-06-15T23:11:49+00:00","dateModified":"2022-06-15T23:15:03+00:00","mainEntityOfPage":{"@id":"https:\/\/experienciadevida.com.ar\/portalurbano\/fabio-arrignon-la-ingenieria-se-hace-todos-los-dias\/"},"wordCount":2050,"publisher":{"@id":"https:\/\/experienciadevida.com.ar\/portalurbano\/#organization"},"articleSection":["Educaci\u00f3n"],"inLanguage":"es"},{"@type":"WebPage","@id":"https:\/\/experienciadevida.com.ar\/portalurbano\/fabio-arrignon-la-ingenieria-se-hace-todos-los-dias\/","url":"https:\/\/experienciadevida.com.ar\/portalurbano\/fabio-arrignon-la-ingenieria-se-hace-todos-los-dias\/","name":"Fabio Arrignon: \"La ingenier\u00eda se hace todos los d\u00edas\"","isPartOf":{"@id":"https:\/\/experienciadevida.com.ar\/portalurbano\/#website"},"datePublished":"2022-06-15T23:11:49+00:00","dateModified":"2022-06-15T23:15:03+00:00","description":"Fabio Arrignon: \u201cLa ingenier\u00eda se hace todos los d\u00edas\u201d, conmemorando el inicio de la carrera de Ingenier\u00eda en el pa\u00eds, cada 16 de junio","breadcrumb":{"@id":"https:\/\/experienciadevida.com.ar\/portalurbano\/fabio-arrignon-la-ingenieria-se-hace-todos-los-dias\/#breadcrumb"},"inLanguage":"es","potentialAction":[{"@type":"ReadAction","target":["https:\/\/experienciadevida.com.ar\/portalurbano\/fabio-arrignon-la-ingenieria-se-hace-todos-los-dias\/"]}]},{"@type":"BreadcrumbList","@id":"https:\/\/experienciadevida.com.ar\/portalurbano\/fabio-arrignon-la-ingenieria-se-hace-todos-los-dias\/#breadcrumb","itemListElement":[{"@type":"ListItem","position":1,"name":"Portada","item":"https:\/\/experienciadevida.com.ar\/portalurbano\/"},{"@type":"ListItem","position":2,"name":"Fabio Arrignon: \u201cLa ingenier\u00eda se hace todos los d\u00edas\u201d"}]},{"@type":"WebSite","@id":"https:\/\/experienciadevida.com.ar\/portalurbano\/#website","url":"https:\/\/experienciadevida.com.ar\/portalurbano\/","name":"","description":"","publisher":{"@id":"https:\/\/experienciadevida.com.ar\/portalurbano\/#organization"},"potentialAction":[{"@type":"SearchAction","target":{"@type":"EntryPoint","urlTemplate":"https:\/\/experienciadevida.com.ar\/portalurbano\/?s={search_term_string}"},"query-input":"required name=search_term_string"}],"inLanguage":"es"},{"@type":"Organization","@id":"https:\/\/experienciadevida.com.ar\/portalurbano\/#organization","name":"Portal Urbano","url":"https:\/\/experienciadevida.com.ar\/portalurbano\/","logo":{"@type":"ImageObject","inLanguage":"es","@id":"https:\/\/experienciadevida.com.ar\/portalurbano\/#\/schema\/logo\/image\/","url":"https:\/\/experienciadevida.com.ar\/portalurbano\/wp-content\/uploads\/2019\/09\/Logo-Original.png","contentUrl":"https:\/\/experienciadevida.com.ar\/portalurbano\/wp-content\/uploads\/2019\/09\/Logo-Original.png","width":2236,"height":1216,"caption":"Portal Urbano"},"image":{"@id":"https:\/\/experienciadevida.com.ar\/portalurbano\/#\/schema\/logo\/image\/"},"sameAs":["https:\/\/www.facebook.com\/Portal-Urbano-171542830093757\/","https:\/\/twitter.com\/portalurbanook","https:\/\/www.instagram.com\/_portalurbano\/","https:\/\/www.youtube.com\/channel\/UCXhagIfszH8KxFiOok79zbA?view_as=subscriber"]},{"@type":"Person","@id":"https:\/\/experienciadevida.com.ar\/portalurbano\/#\/schema\/person\/02dd326b1c4b056e9cc972486934a3a7","name":"admpu17wp","image":{"@type":"ImageObject","inLanguage":"es","@id":"https:\/\/experienciadevida.com.ar\/portalurbano\/#\/schema\/person\/image\/","url":"https:\/\/secure.gravatar.com\/avatar\/830d4c57adaae6630765e449a6908047?s=96&d=mm&r=g","contentUrl":"https:\/\/secure.gravatar.com\/avatar\/830d4c57adaae6630765e449a6908047?s=96&d=mm&r=g","caption":"admpu17wp"}}]}},"featured_image_urls":{"full":["https:\/\/experienciadevida.com.ar\/portalurbano\/wp-content\/uploads\/2022\/06\/Fabio-Arrignon.jpg",1000,518,false],"thumbnail":["https:\/\/experienciadevida.com.ar\/portalurbano\/wp-content\/uploads\/2022\/06\/Fabio-Arrignon-150x150.jpg",150,150,true],"medium":["https:\/\/experienciadevida.com.ar\/portalurbano\/wp-content\/uploads\/2022\/06\/Fabio-Arrignon-300x155.jpg",300,155,true],"medium_large":["https:\/\/experienciadevida.com.ar\/portalurbano\/wp-content\/uploads\/2022\/06\/Fabio-Arrignon-768x398.jpg",640,332,true],"large":["https:\/\/experienciadevida.com.ar\/portalurbano\/wp-content\/uploads\/2022\/06\/Fabio-Arrignon.jpg",640,332,false],"ug_big":["https:\/\/experienciadevida.com.ar\/portalurbano\/wp-content\/uploads\/2022\/06\/Fabio-Arrignon-768x398.jpg",768,398,true],"1536x1536":["https:\/\/experienciadevida.com.ar\/portalurbano\/wp-content\/uploads\/2022\/06\/Fabio-Arrignon.jpg",1000,518,false],"2048x2048":["https:\/\/experienciadevida.com.ar\/portalurbano\/wp-content\/uploads\/2022\/06\/Fabio-Arrignon.jpg",1000,518,false],"newsever-slider-full":["https:\/\/experienciadevida.com.ar\/portalurbano\/wp-content\/uploads\/2022\/06\/Fabio-Arrignon.jpg",1000,518,false],"newsever-featured":["https:\/\/experienciadevida.com.ar\/portalurbano\/wp-content\/uploads\/2022\/06\/Fabio-Arrignon.jpg",1000,518,false],"newsever-medium":["https:\/\/experienciadevida.com.ar\/portalurbano\/wp-content\/uploads\/2022\/06\/Fabio-Arrignon.jpg",720,373,false],"web-stories-poster-portrait":["https:\/\/experienciadevida.com.ar\/portalurbano\/wp-content\/uploads\/2022\/06\/Fabio-Arrignon.jpg",640,332,false],"web-stories-publisher-logo":["https:\/\/experienciadevida.com.ar\/portalurbano\/wp-content\/uploads\/2022\/06\/Fabio-Arrignon.jpg",96,50,false],"web-stories-thumbnail":["https:\/\/experienciadevida.com.ar\/portalurbano\/wp-content\/uploads\/2022\/06\/Fabio-Arrignon.jpg",150,78,false]},"author_info":{"display_name":"admpu17wp","author_link":"https:\/\/experienciadevida.com.ar\/portalurbano\/author\/admpu17wp\/"},"category_info":"<a href=\"https:\/\/experienciadevida.com.ar\/portalurbano\/category\/ciudad\/educacion\/\" rel=\"category tag\">Educaci\u00f3n<\/a>","tag_info":"Educaci\u00f3n","comment_count":"0","amp_enabled":true,"_links":{"self":[{"href":"https:\/\/experienciadevida.com.ar\/portalurbano\/wp-json\/wp\/v2\/posts\/169690"}],"collection":[{"href":"https:\/\/experienciadevida.com.ar\/portalurbano\/wp-json\/wp\/v2\/posts"}],"about":[{"href":"https:\/\/experienciadevida.com.ar\/portalurbano\/wp-json\/wp\/v2\/types\/post"}],"author":[{"embeddable":true,"href":"https:\/\/experienciadevida.com.ar\/portalurbano\/wp-json\/wp\/v2\/users\/1"}],"replies":[{"embeddable":true,"href":"https:\/\/experienciadevida.com.ar\/portalurbano\/wp-json\/wp\/v2\/comments?post=169690"}],"version-history":[{"count":2,"href":"https:\/\/experienciadevida.com.ar\/portalurbano\/wp-json\/wp\/v2\/posts\/169690\/revisions"}],"predecessor-version":[{"id":169694,"href":"https:\/\/experienciadevida.com.ar\/portalurbano\/wp-json\/wp\/v2\/posts\/169690\/revisions\/169694"}],"wp:featuredmedia":[{"embeddable":true,"href":"https:\/\/experienciadevida.com.ar\/portalurbano\/wp-json\/wp\/v2\/media\/169691"}],"wp:attachment":[{"href":"https:\/\/experienciadevida.com.ar\/portalurbano\/wp-json\/wp\/v2\/media?parent=169690"}],"wp:term":[{"taxonomy":"category","embeddable":true,"href":"https:\/\/experienciadevida.com.ar\/portalurbano\/wp-json\/wp\/v2\/categories?post=169690"},{"taxonomy":"post_tag","embeddable":true,"href":"https:\/\/experienciadevida.com.ar\/portalurbano\/wp-json\/wp\/v2\/tags?post=169690"}],"curies":[{"name":"wp","href":"https:\/\/api.w.org\/{rel}","templated":true}]}}