{"id":169676,"date":"2022-06-15T16:02:58","date_gmt":"2022-06-15T19:02:58","guid":{"rendered":"https:\/\/experienciadevida.com.ar\/portalurbano\/?p=169676"},"modified":"2022-06-15T16:03:23","modified_gmt":"2022-06-15T19:03:23","slug":"taller-sobre-practicas-y-productos-de-radio-y-podcast","status":"publish","type":"post","link":"https:\/\/experienciadevida.com.ar\/portalurbano\/taller-sobre-practicas-y-productos-de-radio-y-podcast\/","title":{"rendered":"Taller sobre pr\u00e1cticas y productos de radio y p\u00f3dcast"},"content":{"rendered":"<p>Taller sobre pr\u00e1cticas y productos de radio y p\u00f3dcast, la <a href=\"https:\/\/www.facebook.com\/facultadcienciassociales.unicen\">Facultad de Ciencias Sociales<\/a> ofrecer\u00e1 un curso de 8 encuentros en los que se abordar\u00e1n las herramientas sonoras de producci\u00f3n cultural, como lo son la radio y el p\u00f3dcast. La propuesta est\u00e1 destinada al p\u00fablico en general de Olavarr\u00eda y la zona, con o sin experiencia en medios de comunicaci\u00f3n o en materiales sonoros en particular.<\/p>\n<p><a href=\"https:\/\/experienciadevida.com.ar\/portalurbano\/taller-sobre-practicas-y-productos-de-radio-y-podcast\/taller-3\/\" rel=\"attachment wp-att-169678\"><img decoding=\"async\" class=\"alignnone size-full wp-image-169678\" src=\"https:\/\/experienciadevida.com.ar\/portalurbano\/wp-content\/uploads\/2022\/06\/Taller.jpg\" alt=\"Taller \" width=\"1000\" height=\"589\" srcset=\"https:\/\/experienciadevida.com.ar\/portalurbano\/wp-content\/uploads\/2022\/06\/Taller.jpg 1000w, https:\/\/experienciadevida.com.ar\/portalurbano\/wp-content\/uploads\/2022\/06\/Taller-300x177.jpg 300w, https:\/\/experienciadevida.com.ar\/portalurbano\/wp-content\/uploads\/2022\/06\/Taller-768x452.jpg 768w\" sizes=\"(max-width: 1000px) 100vw, 1000px\" \/><\/a><\/p>\n<p>Desde el lunes 27 de junio a las 14:30 horas se dictar\u00e1 el Taller &#8220;Pr\u00e1cticas y productos de radio y p\u00f3dcast&#8221;, el cual estar\u00e1 a cargo del tallerista Lic. C\u00e9sar Edery. El mismo tendr\u00e1 una duraci\u00f3n de 8 encuentros.<\/p>\n<p>La propuesta de la Secretar\u00eda de Extensi\u00f3n, Bienestar y Transferencia de la FACSO es de modalidad presencial y tiene como objetivos fortalecer el v\u00ednculo y contacto cotidiano con el mundo sonoro, entendiendo a \u00e9ste como una manera contundente y directa de comunicar y, a su vez, fomentar la generaci\u00f3n de productos de distinto tipo y formato: ya sea de divulgaci\u00f3n cient\u00edfica; entrevistas con referentes culturales, sociales, pol\u00edticos o educativos; difusi\u00f3n de actividades locales y regionales, elaboraci\u00f3n de contenidos de producci\u00f3n propia y singular (ya sea en programas radiales y\/o p\u00f3dcast), seg\u00fan los intereses de los y las participantes.<\/p>\n<p>Durante el curso no s\u00f3lo se trabajar\u00e1 en el aula designada, sino que se llevar\u00e1 adelante la pr\u00e1ctica concreta en el estudio de Radio Universidad 90.1 en la sede de FACSO.<\/p>\n<p>Costos e inscripci\u00f3n<\/p>\n<p>Los\/as interesados\/as en inscribirse deber\u00e1n completar el formulario que se encuentra aqu\u00ed disponible.<\/p>\n<p>Una vez completo se deber\u00e1 efectuar el pago mediante factura electr\u00f3nica, la cual recibir\u00e1n en su correo electr\u00f3nico dentro de 48 horas h\u00e1biles a su pre-inscripci\u00f3n, para abonar en un centro de pagos.<\/p>\n<p>Los costos de inscripci\u00f3n son: para externos\/as $2300 en un \u00fanico pago o bien dos pagos de $1300; un \u00fanico pago de $1500 para docentes, no docentes y graduados\/as de FACSO; y $800 para estudiantes de UNICEN. Estudiantes de FACSO consultar por disponibilidad de becas.<\/p>\n<p>Por consultas podr\u00e1n comunicarse al email cursos@virtual.soc.unicen.edu.ar<\/p>\n","protected":false},"excerpt":{"rendered":"<p>Taller sobre pr\u00e1cticas y productos de radio y p\u00f3dcast, la Facultad de Ciencias Sociales ofrecer\u00e1&#8230;<\/p>\n","protected":false},"author":1,"featured_media":169677,"comment_status":"closed","ping_status":"closed","sticky":false,"template":"","format":"standard","meta":{"content-type":""},"categories":[31],"tags":[],"nelio_content":{"isAutoShareEnabled":false,"autoShareEndMode":"default","automationSources":{"useContentSentences":true,"useSocialTemplates":true,"useCustomSentences":false,"customSentences":[]},"followers":[1],"suggestedReferences":[],"includedReferences":[],"efiUrl":"","efiAlt":"","highlights":[]},"yoast_head":"<!-- This site is optimized with the Yoast SEO plugin v20.7 - https:\/\/yoast.com\/wordpress\/plugins\/seo\/ -->\n<title>Taller sobre pr\u00e1cticas y productos de radio y podcast<\/title>\n<meta name=\"description\" content=\"Taller sobre pr\u00e1cticas y productos de radio y p\u00f3dcast, la Facultad de Ciencias Sociales ofrecer\u00e1 un curso de 8 encuentros\" \/>\n<meta name=\"robots\" content=\"index, follow, max-snippet:-1, max-image-preview:large, max-video-preview:-1\" \/>\n<link rel=\"canonical\" href=\"https:\/\/experienciadevida.com.ar\/portalurbano\/taller-sobre-practicas-y-productos-de-radio-y-podcast\/\" \/>\n<meta property=\"og:locale\" content=\"es_ES\" \/>\n<meta property=\"og:type\" content=\"article\" \/>\n<meta property=\"og:title\" content=\"Taller sobre pr\u00e1cticas y productos de radio y podcast\" \/>\n<meta property=\"og:description\" content=\"Taller sobre pr\u00e1cticas y productos de radio y p\u00f3dcast, la Facultad de Ciencias Sociales ofrecer\u00e1 un curso de 8 encuentros\" \/>\n<meta property=\"og:url\" content=\"https:\/\/experienciadevida.com.ar\/portalurbano\/taller-sobre-practicas-y-productos-de-radio-y-podcast\/\" \/>\n<meta property=\"article:publisher\" content=\"https:\/\/www.facebook.com\/Portal-Urbano-171542830093757\/\" \/>\n<meta property=\"article:published_time\" content=\"2022-06-15T19:02:58+00:00\" \/>\n<meta property=\"article:modified_time\" content=\"2022-06-15T19:03:23+00:00\" \/>\n<meta property=\"og:image\" content=\"https:\/\/experienciadevida.com.ar\/portalurbano\/wp-content\/uploads\/2022\/06\/Taller-sobre-practicas-y.jpg\" \/>\n\t<meta property=\"og:image:width\" content=\"1000\" \/>\n\t<meta property=\"og:image:height\" content=\"1001\" \/>\n\t<meta property=\"og:image:type\" content=\"image\/jpeg\" \/>\n<meta name=\"author\" content=\"admpu17wp\" \/>\n<meta name=\"twitter:card\" content=\"summary_large_image\" \/>\n<meta name=\"twitter:creator\" content=\"@portalurbanook\" \/>\n<meta name=\"twitter:site\" content=\"@portalurbanook\" \/>\n<meta name=\"twitter:label1\" content=\"Escrito por\" \/>\n\t<meta name=\"twitter:data1\" content=\"admpu17wp\" \/>\n\t<meta name=\"twitter:label2\" content=\"Tiempo de lectura\" \/>\n\t<meta name=\"twitter:data2\" content=\"2 minutos\" \/>\n<script type=\"application\/ld+json\" class=\"yoast-schema-graph\">{\"@context\":\"https:\/\/schema.org\",\"@graph\":[{\"@type\":\"Article\",\"@id\":\"https:\/\/experienciadevida.com.ar\/portalurbano\/taller-sobre-practicas-y-productos-de-radio-y-podcast\/#article\",\"isPartOf\":{\"@id\":\"https:\/\/experienciadevida.com.ar\/portalurbano\/taller-sobre-practicas-y-productos-de-radio-y-podcast\/\"},\"author\":{\"name\":\"admpu17wp\",\"@id\":\"https:\/\/experienciadevida.com.ar\/portalurbano\/#\/schema\/person\/02dd326b1c4b056e9cc972486934a3a7\"},\"headline\":\"Taller sobre pr\u00e1cticas y productos de radio y p\u00f3dcast\",\"datePublished\":\"2022-06-15T19:02:58+00:00\",\"dateModified\":\"2022-06-15T19:03:23+00:00\",\"mainEntityOfPage\":{\"@id\":\"https:\/\/experienciadevida.com.ar\/portalurbano\/taller-sobre-practicas-y-productos-de-radio-y-podcast\/\"},\"wordCount\":381,\"publisher\":{\"@id\":\"https:\/\/experienciadevida.com.ar\/portalurbano\/#organization\"},\"articleSection\":[\"Educaci\u00f3n\"],\"inLanguage\":\"es\"},{\"@type\":\"WebPage\",\"@id\":\"https:\/\/experienciadevida.com.ar\/portalurbano\/taller-sobre-practicas-y-productos-de-radio-y-podcast\/\",\"url\":\"https:\/\/experienciadevida.com.ar\/portalurbano\/taller-sobre-practicas-y-productos-de-radio-y-podcast\/\",\"name\":\"Taller sobre pr\u00e1cticas y productos de radio y podcast\",\"isPartOf\":{\"@id\":\"https:\/\/experienciadevida.com.ar\/portalurbano\/#website\"},\"datePublished\":\"2022-06-15T19:02:58+00:00\",\"dateModified\":\"2022-06-15T19:03:23+00:00\",\"description\":\"Taller sobre pr\u00e1cticas y productos de radio y p\u00f3dcast, la Facultad de Ciencias Sociales ofrecer\u00e1 un curso de 8 encuentros\",\"breadcrumb\":{\"@id\":\"https:\/\/experienciadevida.com.ar\/portalurbano\/taller-sobre-practicas-y-productos-de-radio-y-podcast\/#breadcrumb\"},\"inLanguage\":\"es\",\"potentialAction\":[{\"@type\":\"ReadAction\",\"target\":[\"https:\/\/experienciadevida.com.ar\/portalurbano\/taller-sobre-practicas-y-productos-de-radio-y-podcast\/\"]}]},{\"@type\":\"BreadcrumbList\",\"@id\":\"https:\/\/experienciadevida.com.ar\/portalurbano\/taller-sobre-practicas-y-productos-de-radio-y-podcast\/#breadcrumb\",\"itemListElement\":[{\"@type\":\"ListItem\",\"position\":1,\"name\":\"Portada\",\"item\":\"https:\/\/experienciadevida.com.ar\/portalurbano\/\"},{\"@type\":\"ListItem\",\"position\":2,\"name\":\"Taller sobre pr\u00e1cticas y productos de radio y p\u00f3dcast\"}]},{\"@type\":\"WebSite\",\"@id\":\"https:\/\/experienciadevida.com.ar\/portalurbano\/#website\",\"url\":\"https:\/\/experienciadevida.com.ar\/portalurbano\/\",\"name\":\"\",\"description\":\"\",\"publisher\":{\"@id\":\"https:\/\/experienciadevida.com.ar\/portalurbano\/#organization\"},\"potentialAction\":[{\"@type\":\"SearchAction\",\"target\":{\"@type\":\"EntryPoint\",\"urlTemplate\":\"https:\/\/experienciadevida.com.ar\/portalurbano\/?s={search_term_string}\"},\"query-input\":\"required name=search_term_string\"}],\"inLanguage\":\"es\"},{\"@type\":\"Organization\",\"@id\":\"https:\/\/experienciadevida.com.ar\/portalurbano\/#organization\",\"name\":\"Portal Urbano\",\"url\":\"https:\/\/experienciadevida.com.ar\/portalurbano\/\",\"logo\":{\"@type\":\"ImageObject\",\"inLanguage\":\"es\",\"@id\":\"https:\/\/experienciadevida.com.ar\/portalurbano\/#\/schema\/logo\/image\/\",\"url\":\"https:\/\/experienciadevida.com.ar\/portalurbano\/wp-content\/uploads\/2019\/09\/Logo-Original.png\",\"contentUrl\":\"https:\/\/experienciadevida.com.ar\/portalurbano\/wp-content\/uploads\/2019\/09\/Logo-Original.png\",\"width\":2236,\"height\":1216,\"caption\":\"Portal Urbano\"},\"image\":{\"@id\":\"https:\/\/experienciadevida.com.ar\/portalurbano\/#\/schema\/logo\/image\/\"},\"sameAs\":[\"https:\/\/www.facebook.com\/Portal-Urbano-171542830093757\/\",\"https:\/\/twitter.com\/portalurbanook\",\"https:\/\/www.instagram.com\/_portalurbano\/\",\"https:\/\/www.youtube.com\/channel\/UCXhagIfszH8KxFiOok79zbA?view_as=subscriber\"]},{\"@type\":\"Person\",\"@id\":\"https:\/\/experienciadevida.com.ar\/portalurbano\/#\/schema\/person\/02dd326b1c4b056e9cc972486934a3a7\",\"name\":\"admpu17wp\",\"image\":{\"@type\":\"ImageObject\",\"inLanguage\":\"es\",\"@id\":\"https:\/\/experienciadevida.com.ar\/portalurbano\/#\/schema\/person\/image\/\",\"url\":\"https:\/\/secure.gravatar.com\/avatar\/830d4c57adaae6630765e449a6908047?s=96&d=mm&r=g\",\"contentUrl\":\"https:\/\/secure.gravatar.com\/avatar\/830d4c57adaae6630765e449a6908047?s=96&d=mm&r=g\",\"caption\":\"admpu17wp\"}}]}<\/script>\n<!-- \/ Yoast SEO plugin. -->","yoast_head_json":{"title":"Taller sobre pr\u00e1cticas y productos de radio y podcast","description":"Taller sobre pr\u00e1cticas y productos de radio y p\u00f3dcast, la Facultad de Ciencias Sociales ofrecer\u00e1 un curso de 8 encuentros","robots":{"index":"index","follow":"follow","max-snippet":"max-snippet:-1","max-image-preview":"max-image-preview:large","max-video-preview":"max-video-preview:-1"},"canonical":"https:\/\/experienciadevida.com.ar\/portalurbano\/taller-sobre-practicas-y-productos-de-radio-y-podcast\/","og_locale":"es_ES","og_type":"article","og_title":"Taller sobre pr\u00e1cticas y productos de radio y podcast","og_description":"Taller sobre pr\u00e1cticas y productos de radio y p\u00f3dcast, la Facultad de Ciencias Sociales ofrecer\u00e1 un curso de 8 encuentros","og_url":"https:\/\/experienciadevida.com.ar\/portalurbano\/taller-sobre-practicas-y-productos-de-radio-y-podcast\/","article_publisher":"https:\/\/www.facebook.com\/Portal-Urbano-171542830093757\/","article_published_time":"2022-06-15T19:02:58+00:00","article_modified_time":"2022-06-15T19:03:23+00:00","og_image":[{"width":1000,"height":1001,"url":"https:\/\/experienciadevida.com.ar\/portalurbano\/wp-content\/uploads\/2022\/06\/Taller-sobre-practicas-y.jpg","type":"image\/jpeg"}],"author":"admpu17wp","twitter_card":"summary_large_image","twitter_creator":"@portalurbanook","twitter_site":"@portalurbanook","twitter_misc":{"Escrito por":"admpu17wp","Tiempo de lectura":"2 minutos"},"schema":{"@context":"https:\/\/schema.org","@graph":[{"@type":"Article","@id":"https:\/\/experienciadevida.com.ar\/portalurbano\/taller-sobre-practicas-y-productos-de-radio-y-podcast\/#article","isPartOf":{"@id":"https:\/\/experienciadevida.com.ar\/portalurbano\/taller-sobre-practicas-y-productos-de-radio-y-podcast\/"},"author":{"name":"admpu17wp","@id":"https:\/\/experienciadevida.com.ar\/portalurbano\/#\/schema\/person\/02dd326b1c4b056e9cc972486934a3a7"},"headline":"Taller sobre pr\u00e1cticas y productos de radio y p\u00f3dcast","datePublished":"2022-06-15T19:02:58+00:00","dateModified":"2022-06-15T19:03:23+00:00","mainEntityOfPage":{"@id":"https:\/\/experienciadevida.com.ar\/portalurbano\/taller-sobre-practicas-y-productos-de-radio-y-podcast\/"},"wordCount":381,"publisher":{"@id":"https:\/\/experienciadevida.com.ar\/portalurbano\/#organization"},"articleSection":["Educaci\u00f3n"],"inLanguage":"es"},{"@type":"WebPage","@id":"https:\/\/experienciadevida.com.ar\/portalurbano\/taller-sobre-practicas-y-productos-de-radio-y-podcast\/","url":"https:\/\/experienciadevida.com.ar\/portalurbano\/taller-sobre-practicas-y-productos-de-radio-y-podcast\/","name":"Taller sobre pr\u00e1cticas y productos de radio y podcast","isPartOf":{"@id":"https:\/\/experienciadevida.com.ar\/portalurbano\/#website"},"datePublished":"2022-06-15T19:02:58+00:00","dateModified":"2022-06-15T19:03:23+00:00","description":"Taller sobre pr\u00e1cticas y productos de radio y p\u00f3dcast, la Facultad de Ciencias Sociales ofrecer\u00e1 un curso de 8 encuentros","breadcrumb":{"@id":"https:\/\/experienciadevida.com.ar\/portalurbano\/taller-sobre-practicas-y-productos-de-radio-y-podcast\/#breadcrumb"},"inLanguage":"es","potentialAction":[{"@type":"ReadAction","target":["https:\/\/experienciadevida.com.ar\/portalurbano\/taller-sobre-practicas-y-productos-de-radio-y-podcast\/"]}]},{"@type":"BreadcrumbList","@id":"https:\/\/experienciadevida.com.ar\/portalurbano\/taller-sobre-practicas-y-productos-de-radio-y-podcast\/#breadcrumb","itemListElement":[{"@type":"ListItem","position":1,"name":"Portada","item":"https:\/\/experienciadevida.com.ar\/portalurbano\/"},{"@type":"ListItem","position":2,"name":"Taller sobre pr\u00e1cticas y productos de radio y p\u00f3dcast"}]},{"@type":"WebSite","@id":"https:\/\/experienciadevida.com.ar\/portalurbano\/#website","url":"https:\/\/experienciadevida.com.ar\/portalurbano\/","name":"","description":"","publisher":{"@id":"https:\/\/experienciadevida.com.ar\/portalurbano\/#organization"},"potentialAction":[{"@type":"SearchAction","target":{"@type":"EntryPoint","urlTemplate":"https:\/\/experienciadevida.com.ar\/portalurbano\/?s={search_term_string}"},"query-input":"required name=search_term_string"}],"inLanguage":"es"},{"@type":"Organization","@id":"https:\/\/experienciadevida.com.ar\/portalurbano\/#organization","name":"Portal Urbano","url":"https:\/\/experienciadevida.com.ar\/portalurbano\/","logo":{"@type":"ImageObject","inLanguage":"es","@id":"https:\/\/experienciadevida.com.ar\/portalurbano\/#\/schema\/logo\/image\/","url":"https:\/\/experienciadevida.com.ar\/portalurbano\/wp-content\/uploads\/2019\/09\/Logo-Original.png","contentUrl":"https:\/\/experienciadevida.com.ar\/portalurbano\/wp-content\/uploads\/2019\/09\/Logo-Original.png","width":2236,"height":1216,"caption":"Portal Urbano"},"image":{"@id":"https:\/\/experienciadevida.com.ar\/portalurbano\/#\/schema\/logo\/image\/"},"sameAs":["https:\/\/www.facebook.com\/Portal-Urbano-171542830093757\/","https:\/\/twitter.com\/portalurbanook","https:\/\/www.instagram.com\/_portalurbano\/","https:\/\/www.youtube.com\/channel\/UCXhagIfszH8KxFiOok79zbA?view_as=subscriber"]},{"@type":"Person","@id":"https:\/\/experienciadevida.com.ar\/portalurbano\/#\/schema\/person\/02dd326b1c4b056e9cc972486934a3a7","name":"admpu17wp","image":{"@type":"ImageObject","inLanguage":"es","@id":"https:\/\/experienciadevida.com.ar\/portalurbano\/#\/schema\/person\/image\/","url":"https:\/\/secure.gravatar.com\/avatar\/830d4c57adaae6630765e449a6908047?s=96&d=mm&r=g","contentUrl":"https:\/\/secure.gravatar.com\/avatar\/830d4c57adaae6630765e449a6908047?s=96&d=mm&r=g","caption":"admpu17wp"}}]}},"featured_image_urls":{"full":["https:\/\/experienciadevida.com.ar\/portalurbano\/wp-content\/uploads\/2022\/06\/Taller-sobre-practicas-y.jpg",1000,1001,false],"thumbnail":["https:\/\/experienciadevida.com.ar\/portalurbano\/wp-content\/uploads\/2022\/06\/Taller-sobre-practicas-y-150x150.jpg",150,150,true],"medium":["https:\/\/experienciadevida.com.ar\/portalurbano\/wp-content\/uploads\/2022\/06\/Taller-sobre-practicas-y-300x300.jpg",300,300,true],"medium_large":["https:\/\/experienciadevida.com.ar\/portalurbano\/wp-content\/uploads\/2022\/06\/Taller-sobre-practicas-y-768x769.jpg",640,641,true],"large":["https:\/\/experienciadevida.com.ar\/portalurbano\/wp-content\/uploads\/2022\/06\/Taller-sobre-practicas-y.jpg",640,641,false],"ug_big":["https:\/\/experienciadevida.com.ar\/portalurbano\/wp-content\/uploads\/2022\/06\/Taller-sobre-practicas-y-768x768.jpg",768,768,true],"1536x1536":["https:\/\/experienciadevida.com.ar\/portalurbano\/wp-content\/uploads\/2022\/06\/Taller-sobre-practicas-y.jpg",1000,1001,false],"2048x2048":["https:\/\/experienciadevida.com.ar\/portalurbano\/wp-content\/uploads\/2022\/06\/Taller-sobre-practicas-y.jpg",1000,1001,false],"newsever-slider-full":["https:\/\/experienciadevida.com.ar\/portalurbano\/wp-content\/uploads\/2022\/06\/Taller-sobre-practicas-y.jpg",844,845,false],"newsever-featured":["https:\/\/experienciadevida.com.ar\/portalurbano\/wp-content\/uploads\/2022\/06\/Taller-sobre-practicas-y.jpg",1000,1001,false],"newsever-medium":["https:\/\/experienciadevida.com.ar\/portalurbano\/wp-content\/uploads\/2022\/06\/Taller-sobre-practicas-y.jpg",475,475,false],"web-stories-poster-portrait":["https:\/\/experienciadevida.com.ar\/portalurbano\/wp-content\/uploads\/2022\/06\/Taller-sobre-practicas-y.jpg",640,641,false],"web-stories-publisher-logo":["https:\/\/experienciadevida.com.ar\/portalurbano\/wp-content\/uploads\/2022\/06\/Taller-sobre-practicas-y.jpg",96,96,false],"web-stories-thumbnail":["https:\/\/experienciadevida.com.ar\/portalurbano\/wp-content\/uploads\/2022\/06\/Taller-sobre-practicas-y.jpg",150,150,false]},"author_info":{"display_name":"admpu17wp","author_link":"https:\/\/experienciadevida.com.ar\/portalurbano\/author\/admpu17wp\/"},"category_info":"<a href=\"https:\/\/experienciadevida.com.ar\/portalurbano\/category\/ciudad\/educacion\/\" rel=\"category tag\">Educaci\u00f3n<\/a>","tag_info":"Educaci\u00f3n","comment_count":"0","amp_enabled":true,"_links":{"self":[{"href":"https:\/\/experienciadevida.com.ar\/portalurbano\/wp-json\/wp\/v2\/posts\/169676"}],"collection":[{"href":"https:\/\/experienciadevida.com.ar\/portalurbano\/wp-json\/wp\/v2\/posts"}],"about":[{"href":"https:\/\/experienciadevida.com.ar\/portalurbano\/wp-json\/wp\/v2\/types\/post"}],"author":[{"embeddable":true,"href":"https:\/\/experienciadevida.com.ar\/portalurbano\/wp-json\/wp\/v2\/users\/1"}],"replies":[{"embeddable":true,"href":"https:\/\/experienciadevida.com.ar\/portalurbano\/wp-json\/wp\/v2\/comments?post=169676"}],"version-history":[{"count":2,"href":"https:\/\/experienciadevida.com.ar\/portalurbano\/wp-json\/wp\/v2\/posts\/169676\/revisions"}],"predecessor-version":[{"id":169680,"href":"https:\/\/experienciadevida.com.ar\/portalurbano\/wp-json\/wp\/v2\/posts\/169676\/revisions\/169680"}],"wp:featuredmedia":[{"embeddable":true,"href":"https:\/\/experienciadevida.com.ar\/portalurbano\/wp-json\/wp\/v2\/media\/169677"}],"wp:attachment":[{"href":"https:\/\/experienciadevida.com.ar\/portalurbano\/wp-json\/wp\/v2\/media?parent=169676"}],"wp:term":[{"taxonomy":"category","embeddable":true,"href":"https:\/\/experienciadevida.com.ar\/portalurbano\/wp-json\/wp\/v2\/categories?post=169676"},{"taxonomy":"post_tag","embeddable":true,"href":"https:\/\/experienciadevida.com.ar\/portalurbano\/wp-json\/wp\/v2\/tags?post=169676"}],"curies":[{"name":"wp","href":"https:\/\/api.w.org\/{rel}","templated":true}]}}