{"id":169673,"date":"2022-06-15T15:59:49","date_gmt":"2022-06-15T18:59:49","guid":{"rendered":"https:\/\/experienciadevida.com.ar\/portalurbano\/?p=169673"},"modified":"2022-06-15T16:00:25","modified_gmt":"2022-06-15T19:00:25","slug":"sociales-traspasa-las-fronteras-estudiantes-y-docentes-participan-de-pila-virtual","status":"publish","type":"post","link":"https:\/\/experienciadevida.com.ar\/portalurbano\/sociales-traspasa-las-fronteras-estudiantes-y-docentes-participan-de-pila-virtual\/","title":{"rendered":"Sociales traspasa las fronteras: estudiantes y docentes participan de PILA Virtual"},"content":{"rendered":"<p>Sociales traspasa las fronteras: estudiantes y docentes participan de PILA Virtual, el programa PILA es una propuesta que invita a promover el intercambio de estudiantes en distintos pa\u00edses de Am\u00e9rica Latina y el Caribe. Este a\u00f1o una estudiante comenz\u00f3 a cursar en la Fundaci\u00f3n Universitaria Los Libertadores de Colombia.<\/p>\n<p>El Programa de Movilidad de Estudiantes PILA Virtual permite que estudiantes regularmente matriculados en carreras de una instituci\u00f3n de educaci\u00f3n superior (IES) participante del PILA, puedan cursar parte de sus estudios de manera virtual en otra universidad del Programa de un pa\u00eds diferente al de su residencia.<\/p>\n<p>A trav\u00e9s del Programa de Internacionalizaci\u00f3n, este cuatrimestre una estudiante de la Licenciatura en Comunicaci\u00f3n de la FACSO comenz\u00f3 a cursar de manera virtual en la <a href=\"https:\/\/www.facebook.com\/facultadcienciassociales.unicen\">Facultad de Ciencias<\/a> de la Comunicaci\u00f3n de la Fundaci\u00f3n Universitaria Los Libertadores (FULL), en Colombia.<\/p>\n<p>Se trata de Magdalena Del R\u00edo, estudiante del tercer a\u00f1o de la carrera de Comunicaci\u00f3n de la FACSO, quien decidi\u00f3 inscribirse al Programa PILA el a\u00f1o pasado. En ese marco est\u00e1 cursando las c\u00e1tedras Estrategias de Comunicaci\u00f3n -vinculada a marketing y ventas de productos-, Producci\u00f3n Fotogr\u00e1fica y Taller de Informe Especial y Opini\u00f3n P\u00fablica, dos de las cuales ser\u00e1n acreditadas por el Departamento de Comunicaci\u00f3n y Periodismo de la Facultad de Ciencias Sociales.<\/p>\n<p>Magdalena destac\u00f3 que las materias elegidas se relacionan \u201cal cien por cien con lo que estudio, y las tres desde un enfoque diferente. La experiencia es incre\u00edble. Nunca me imagin\u00e9 poder estar haciendo esto a esta altura de la carrera. Me encantar\u00eda que fuera presencial, ser\u00eda un sue\u00f1o poder viajar a conocer la FULL, a conocer a mis profes y a mis compa\u00f1eros de otros pa\u00edses. El intercambio no s\u00f3lo me est\u00e1 dando herramientas acad\u00e9micas, sino que tambi\u00e9n es una experiencia humana muy linda y en la que s\u00e9 que me van a quedar lazos de amistad muy fuertes\u201d, detall\u00f3 la joven.<\/p>\n<p>En las cursadas comparte clases con estudiantes de M\u00e9xico, Brasil y Uruguay, pero no de Colombia porque ellos cursan de manera presencial. Sin embargo, esperan que en breve se lleve adelante un encuentro de intercambio entre quienes cursan de manera presencial y quienes lo hacen mediante el Programa PILA. Adem\u00e1s, Magdalena ha participado de otras instancias de intercambio virtuales, como talleres y eventos, en los que s\u00ed se encontr\u00f3 con j\u00f3venes de Colombia y otros pa\u00edses.<\/p>\n<p>\u201cEs una experiencia que yo recomiendo\u201d, reflexion\u00f3 finalmente Magdalena, e invit\u00f3 a compa\u00f1eros y compa\u00f1eras a sumarse a la propuesta.<\/p>\n<p>Los beneficios de la internacionalizaci\u00f3n<\/p>\n<p>Hasta el inicio de la pandemia de Covid-19, el Programa de Movilidad Estudiantil PILA se ejecutaba exclusivamente a trav\u00e9s de intercambios presenciales entre distintas unidades acad\u00e9micas de Am\u00e9rica Latina y el Caribe, mientras que a partir del a\u00f1o 2020 comenz\u00f3 a implementarse bajo la modalidad virtual.<\/p>\n<p>La Facultad de Ciencias Sociales cuenta con el Programa de Internacionalizaci\u00f3n (aprobado por Res. CA N\u00b0 190\/21) que depende de Vicedecanato y tiene como uno de sus objetivos fomentar las movilidades f\u00edsica y virtual de su comunidad acad\u00e9mica.<\/p>\n<p>En relaci\u00f3n a la propuesta, la Dra. Mar\u00eda Luz Endere, vicedecana de la FACSO, explic\u00f3 que Aula PILA Virtual habilita a los y las estudiantes de grado a cursar materias cuatrimestrales de su elecci\u00f3n fuera del pa\u00eds, \u201cpermitiendo de este modo que mayor n\u00famero de estudiantes puedan tener una experiencia de internacionalizaci\u00f3n desde casa. Esta posibilidad sin costo para el estudiante y la unidad acad\u00e9mica genera un impacto altamente positivo en la medida que los estudiantes pueden aprender en otros entornos culturales, enfocarse en temas que les son de inter\u00e9s y contribuir al enriquecimiento de su propia trayectoria acad\u00e9mica\u201d.<\/p>\n<p>La Dra. Endere a su vez destac\u00f3 que esta instancia le permite a docentes ofrecer sus materias semestrales, lo que genera \u201cuna retroalimentaci\u00f3n positiva entre nuestra unidad acad\u00e9mica y otras que ense\u00f1an disciplinas afines. Al mismo tiempo se espera que las experiencias positivas de estudiantes que hayan completado la cursada en este programa genere un efecto contagio entre sus compa\u00f1eros\u201d.<\/p>\n<p>Por su parte, la Lic. D\u00e9bora Linera, quien forma parte del equipo del Programa de Internacionalizaci\u00f3n de la FACSO, explic\u00f3 que \u201cla posibilidad de hacerlo virtual permite tener una experiencia de intercambio, hacer contactos con gente de otros pa\u00edses y no perder la regularidad en las materias que est\u00e1 cursando en la carrera de base el estudiante\u201d. Asimismo reconoci\u00f3 que \u201csi bien no es lo mismo a una experiencia presencial, porque hay otros factores culturales totalmente esenciales que intervienen en la experiencia, esta propuesta no deja de ser rica e interesante porque tambi\u00e9n se hace una interculturalidad virtual\u201d.<\/p>\n<p>Adem\u00e1s de la posibilidad de que estudiantes de la FACSO cursen de manera virtual en universidades de otros pa\u00edses de Am\u00e9rica Latina y el Caribe, para el segundo cuatrimestre se abri\u00f3 la inscripci\u00f3n para que estudiantes extranjeros se inscriban a las siguientes c\u00e1tedras de la Facultad de Ciencias Sociales: Tafonom\u00eda y Procesos de Formaci\u00f3n de Sitios e Introducci\u00f3n al Estudio de la Cultura Material de la Licenciatura en Antropolog\u00eda orientaci\u00f3n Arqueolog\u00eda; Antropolog\u00eda Urbana de la Licenciatura Antropolog\u00eda orientaci\u00f3n Antropolog\u00eda Social y Profesorado de Antropolog\u00eda; An\u00e1lisis del discurso de la Licenciatura en Comunicaci\u00f3n Social; Taller de Diagn\u00f3stico y Planificaci\u00f3n de la Comunicaci\u00f3n en Organizaciones e Instituciones y Comunicaci\u00f3n y Educaci\u00f3n de la Licenciatura y el Profesorado de Comunicaci\u00f3n Social; Periodismo Digital y Periodismo de Investigaci\u00f3n de la carrera de Periodismo y, del Profesorado de Antropolog\u00eda, Introducci\u00f3n a la Ciencia Pol\u00edtica.<\/p>\n","protected":false},"excerpt":{"rendered":"<p>Sociales traspasa las fronteras: estudiantes y docentes participan de PILA Virtual, el programa PILA es&#8230;<\/p>\n","protected":false},"author":1,"featured_media":169674,"comment_status":"closed","ping_status":"closed","sticky":false,"template":"","format":"standard","meta":{"content-type":""},"categories":[31],"tags":[],"nelio_content":{"isAutoShareEnabled":false,"autoShareEndMode":"default","automationSources":{"useContentSentences":true,"useSocialTemplates":true,"useCustomSentences":false,"customSentences":[]},"followers":[1],"suggestedReferences":[],"includedReferences":[],"efiUrl":"","efiAlt":"","highlights":[]},"yoast_head":"<!-- This site is optimized with the Yoast SEO plugin v20.7 - https:\/\/yoast.com\/wordpress\/plugins\/seo\/ -->\n<title>Sociales traspasa las fronteras: estudiantes y docentes participan de PILA<\/title>\n<meta name=\"description\" content=\"Sociales traspasa las fronteras: estudiantes y docentes participan de PILA Virtual, invita a promover el intercambio de estudiantes\" \/>\n<meta name=\"robots\" content=\"index, follow, max-snippet:-1, max-image-preview:large, max-video-preview:-1\" \/>\n<link rel=\"canonical\" href=\"https:\/\/experienciadevida.com.ar\/portalurbano\/sociales-traspasa-las-fronteras-estudiantes-y-docentes-participan-de-pila-virtual\/\" \/>\n<meta property=\"og:locale\" content=\"es_ES\" \/>\n<meta property=\"og:type\" content=\"article\" \/>\n<meta property=\"og:title\" content=\"Sociales traspasa las fronteras: estudiantes y docentes participan de PILA\" \/>\n<meta property=\"og:description\" content=\"Sociales traspasa las fronteras: estudiantes y docentes participan de PILA Virtual, invita a promover el intercambio de estudiantes\" \/>\n<meta property=\"og:url\" content=\"https:\/\/experienciadevida.com.ar\/portalurbano\/sociales-traspasa-las-fronteras-estudiantes-y-docentes-participan-de-pila-virtual\/\" \/>\n<meta property=\"article:publisher\" content=\"https:\/\/www.facebook.com\/Portal-Urbano-171542830093757\/\" \/>\n<meta property=\"article:published_time\" content=\"2022-06-15T18:59:49+00:00\" \/>\n<meta property=\"article:modified_time\" content=\"2022-06-15T19:00:25+00:00\" \/>\n<meta property=\"og:image\" content=\"https:\/\/experienciadevida.com.ar\/portalurbano\/wp-content\/uploads\/2022\/06\/Sociales-traspasa-las-fronteras.jpg\" \/>\n\t<meta property=\"og:image:width\" content=\"1000\" \/>\n\t<meta property=\"og:image:height\" content=\"594\" \/>\n\t<meta property=\"og:image:type\" content=\"image\/jpeg\" \/>\n<meta name=\"author\" content=\"admpu17wp\" \/>\n<meta name=\"twitter:card\" content=\"summary_large_image\" \/>\n<meta name=\"twitter:creator\" content=\"@portalurbanook\" \/>\n<meta name=\"twitter:site\" content=\"@portalurbanook\" \/>\n<meta name=\"twitter:label1\" content=\"Escrito por\" \/>\n\t<meta name=\"twitter:data1\" content=\"admpu17wp\" \/>\n\t<meta name=\"twitter:label2\" content=\"Tiempo de lectura\" \/>\n\t<meta name=\"twitter:data2\" content=\"5 minutos\" \/>\n<script type=\"application\/ld+json\" class=\"yoast-schema-graph\">{\"@context\":\"https:\/\/schema.org\",\"@graph\":[{\"@type\":\"Article\",\"@id\":\"https:\/\/experienciadevida.com.ar\/portalurbano\/sociales-traspasa-las-fronteras-estudiantes-y-docentes-participan-de-pila-virtual\/#article\",\"isPartOf\":{\"@id\":\"https:\/\/experienciadevida.com.ar\/portalurbano\/sociales-traspasa-las-fronteras-estudiantes-y-docentes-participan-de-pila-virtual\/\"},\"author\":{\"name\":\"admpu17wp\",\"@id\":\"https:\/\/experienciadevida.com.ar\/portalurbano\/#\/schema\/person\/02dd326b1c4b056e9cc972486934a3a7\"},\"headline\":\"Sociales traspasa las fronteras: estudiantes y docentes participan de PILA Virtual\",\"datePublished\":\"2022-06-15T18:59:49+00:00\",\"dateModified\":\"2022-06-15T19:00:25+00:00\",\"mainEntityOfPage\":{\"@id\":\"https:\/\/experienciadevida.com.ar\/portalurbano\/sociales-traspasa-las-fronteras-estudiantes-y-docentes-participan-de-pila-virtual\/\"},\"wordCount\":994,\"publisher\":{\"@id\":\"https:\/\/experienciadevida.com.ar\/portalurbano\/#organization\"},\"articleSection\":[\"Educaci\u00f3n\"],\"inLanguage\":\"es\"},{\"@type\":\"WebPage\",\"@id\":\"https:\/\/experienciadevida.com.ar\/portalurbano\/sociales-traspasa-las-fronteras-estudiantes-y-docentes-participan-de-pila-virtual\/\",\"url\":\"https:\/\/experienciadevida.com.ar\/portalurbano\/sociales-traspasa-las-fronteras-estudiantes-y-docentes-participan-de-pila-virtual\/\",\"name\":\"Sociales traspasa las fronteras: estudiantes y docentes participan de PILA\",\"isPartOf\":{\"@id\":\"https:\/\/experienciadevida.com.ar\/portalurbano\/#website\"},\"datePublished\":\"2022-06-15T18:59:49+00:00\",\"dateModified\":\"2022-06-15T19:00:25+00:00\",\"description\":\"Sociales traspasa las fronteras: estudiantes y docentes participan de PILA Virtual, invita a promover el intercambio de estudiantes\",\"breadcrumb\":{\"@id\":\"https:\/\/experienciadevida.com.ar\/portalurbano\/sociales-traspasa-las-fronteras-estudiantes-y-docentes-participan-de-pila-virtual\/#breadcrumb\"},\"inLanguage\":\"es\",\"potentialAction\":[{\"@type\":\"ReadAction\",\"target\":[\"https:\/\/experienciadevida.com.ar\/portalurbano\/sociales-traspasa-las-fronteras-estudiantes-y-docentes-participan-de-pila-virtual\/\"]}]},{\"@type\":\"BreadcrumbList\",\"@id\":\"https:\/\/experienciadevida.com.ar\/portalurbano\/sociales-traspasa-las-fronteras-estudiantes-y-docentes-participan-de-pila-virtual\/#breadcrumb\",\"itemListElement\":[{\"@type\":\"ListItem\",\"position\":1,\"name\":\"Portada\",\"item\":\"https:\/\/experienciadevida.com.ar\/portalurbano\/\"},{\"@type\":\"ListItem\",\"position\":2,\"name\":\"Sociales traspasa las fronteras: estudiantes y docentes participan de PILA Virtual\"}]},{\"@type\":\"WebSite\",\"@id\":\"https:\/\/experienciadevida.com.ar\/portalurbano\/#website\",\"url\":\"https:\/\/experienciadevida.com.ar\/portalurbano\/\",\"name\":\"\",\"description\":\"\",\"publisher\":{\"@id\":\"https:\/\/experienciadevida.com.ar\/portalurbano\/#organization\"},\"potentialAction\":[{\"@type\":\"SearchAction\",\"target\":{\"@type\":\"EntryPoint\",\"urlTemplate\":\"https:\/\/experienciadevida.com.ar\/portalurbano\/?s={search_term_string}\"},\"query-input\":\"required name=search_term_string\"}],\"inLanguage\":\"es\"},{\"@type\":\"Organization\",\"@id\":\"https:\/\/experienciadevida.com.ar\/portalurbano\/#organization\",\"name\":\"Portal Urbano\",\"url\":\"https:\/\/experienciadevida.com.ar\/portalurbano\/\",\"logo\":{\"@type\":\"ImageObject\",\"inLanguage\":\"es\",\"@id\":\"https:\/\/experienciadevida.com.ar\/portalurbano\/#\/schema\/logo\/image\/\",\"url\":\"https:\/\/experienciadevida.com.ar\/portalurbano\/wp-content\/uploads\/2019\/09\/Logo-Original.png\",\"contentUrl\":\"https:\/\/experienciadevida.com.ar\/portalurbano\/wp-content\/uploads\/2019\/09\/Logo-Original.png\",\"width\":2236,\"height\":1216,\"caption\":\"Portal Urbano\"},\"image\":{\"@id\":\"https:\/\/experienciadevida.com.ar\/portalurbano\/#\/schema\/logo\/image\/\"},\"sameAs\":[\"https:\/\/www.facebook.com\/Portal-Urbano-171542830093757\/\",\"https:\/\/twitter.com\/portalurbanook\",\"https:\/\/www.instagram.com\/_portalurbano\/\",\"https:\/\/www.youtube.com\/channel\/UCXhagIfszH8KxFiOok79zbA?view_as=subscriber\"]},{\"@type\":\"Person\",\"@id\":\"https:\/\/experienciadevida.com.ar\/portalurbano\/#\/schema\/person\/02dd326b1c4b056e9cc972486934a3a7\",\"name\":\"admpu17wp\",\"image\":{\"@type\":\"ImageObject\",\"inLanguage\":\"es\",\"@id\":\"https:\/\/experienciadevida.com.ar\/portalurbano\/#\/schema\/person\/image\/\",\"url\":\"https:\/\/secure.gravatar.com\/avatar\/830d4c57adaae6630765e449a6908047?s=96&d=mm&r=g\",\"contentUrl\":\"https:\/\/secure.gravatar.com\/avatar\/830d4c57adaae6630765e449a6908047?s=96&d=mm&r=g\",\"caption\":\"admpu17wp\"}}]}<\/script>\n<!-- \/ Yoast SEO plugin. -->","yoast_head_json":{"title":"Sociales traspasa las fronteras: estudiantes y docentes participan de PILA","description":"Sociales traspasa las fronteras: estudiantes y docentes participan de PILA Virtual, invita a promover el intercambio de estudiantes","robots":{"index":"index","follow":"follow","max-snippet":"max-snippet:-1","max-image-preview":"max-image-preview:large","max-video-preview":"max-video-preview:-1"},"canonical":"https:\/\/experienciadevida.com.ar\/portalurbano\/sociales-traspasa-las-fronteras-estudiantes-y-docentes-participan-de-pila-virtual\/","og_locale":"es_ES","og_type":"article","og_title":"Sociales traspasa las fronteras: estudiantes y docentes participan de PILA","og_description":"Sociales traspasa las fronteras: estudiantes y docentes participan de PILA Virtual, invita a promover el intercambio de estudiantes","og_url":"https:\/\/experienciadevida.com.ar\/portalurbano\/sociales-traspasa-las-fronteras-estudiantes-y-docentes-participan-de-pila-virtual\/","article_publisher":"https:\/\/www.facebook.com\/Portal-Urbano-171542830093757\/","article_published_time":"2022-06-15T18:59:49+00:00","article_modified_time":"2022-06-15T19:00:25+00:00","og_image":[{"width":1000,"height":594,"url":"https:\/\/experienciadevida.com.ar\/portalurbano\/wp-content\/uploads\/2022\/06\/Sociales-traspasa-las-fronteras.jpg","type":"image\/jpeg"}],"author":"admpu17wp","twitter_card":"summary_large_image","twitter_creator":"@portalurbanook","twitter_site":"@portalurbanook","twitter_misc":{"Escrito por":"admpu17wp","Tiempo de lectura":"5 minutos"},"schema":{"@context":"https:\/\/schema.org","@graph":[{"@type":"Article","@id":"https:\/\/experienciadevida.com.ar\/portalurbano\/sociales-traspasa-las-fronteras-estudiantes-y-docentes-participan-de-pila-virtual\/#article","isPartOf":{"@id":"https:\/\/experienciadevida.com.ar\/portalurbano\/sociales-traspasa-las-fronteras-estudiantes-y-docentes-participan-de-pila-virtual\/"},"author":{"name":"admpu17wp","@id":"https:\/\/experienciadevida.com.ar\/portalurbano\/#\/schema\/person\/02dd326b1c4b056e9cc972486934a3a7"},"headline":"Sociales traspasa las fronteras: estudiantes y docentes participan de PILA Virtual","datePublished":"2022-06-15T18:59:49+00:00","dateModified":"2022-06-15T19:00:25+00:00","mainEntityOfPage":{"@id":"https:\/\/experienciadevida.com.ar\/portalurbano\/sociales-traspasa-las-fronteras-estudiantes-y-docentes-participan-de-pila-virtual\/"},"wordCount":994,"publisher":{"@id":"https:\/\/experienciadevida.com.ar\/portalurbano\/#organization"},"articleSection":["Educaci\u00f3n"],"inLanguage":"es"},{"@type":"WebPage","@id":"https:\/\/experienciadevida.com.ar\/portalurbano\/sociales-traspasa-las-fronteras-estudiantes-y-docentes-participan-de-pila-virtual\/","url":"https:\/\/experienciadevida.com.ar\/portalurbano\/sociales-traspasa-las-fronteras-estudiantes-y-docentes-participan-de-pila-virtual\/","name":"Sociales traspasa las fronteras: estudiantes y docentes participan de PILA","isPartOf":{"@id":"https:\/\/experienciadevida.com.ar\/portalurbano\/#website"},"datePublished":"2022-06-15T18:59:49+00:00","dateModified":"2022-06-15T19:00:25+00:00","description":"Sociales traspasa las fronteras: estudiantes y docentes participan de PILA Virtual, invita a promover el intercambio de estudiantes","breadcrumb":{"@id":"https:\/\/experienciadevida.com.ar\/portalurbano\/sociales-traspasa-las-fronteras-estudiantes-y-docentes-participan-de-pila-virtual\/#breadcrumb"},"inLanguage":"es","potentialAction":[{"@type":"ReadAction","target":["https:\/\/experienciadevida.com.ar\/portalurbano\/sociales-traspasa-las-fronteras-estudiantes-y-docentes-participan-de-pila-virtual\/"]}]},{"@type":"BreadcrumbList","@id":"https:\/\/experienciadevida.com.ar\/portalurbano\/sociales-traspasa-las-fronteras-estudiantes-y-docentes-participan-de-pila-virtual\/#breadcrumb","itemListElement":[{"@type":"ListItem","position":1,"name":"Portada","item":"https:\/\/experienciadevida.com.ar\/portalurbano\/"},{"@type":"ListItem","position":2,"name":"Sociales traspasa las fronteras: estudiantes y docentes participan de PILA Virtual"}]},{"@type":"WebSite","@id":"https:\/\/experienciadevida.com.ar\/portalurbano\/#website","url":"https:\/\/experienciadevida.com.ar\/portalurbano\/","name":"","description":"","publisher":{"@id":"https:\/\/experienciadevida.com.ar\/portalurbano\/#organization"},"potentialAction":[{"@type":"SearchAction","target":{"@type":"EntryPoint","urlTemplate":"https:\/\/experienciadevida.com.ar\/portalurbano\/?s={search_term_string}"},"query-input":"required name=search_term_string"}],"inLanguage":"es"},{"@type":"Organization","@id":"https:\/\/experienciadevida.com.ar\/portalurbano\/#organization","name":"Portal Urbano","url":"https:\/\/experienciadevida.com.ar\/portalurbano\/","logo":{"@type":"ImageObject","inLanguage":"es","@id":"https:\/\/experienciadevida.com.ar\/portalurbano\/#\/schema\/logo\/image\/","url":"https:\/\/experienciadevida.com.ar\/portalurbano\/wp-content\/uploads\/2019\/09\/Logo-Original.png","contentUrl":"https:\/\/experienciadevida.com.ar\/portalurbano\/wp-content\/uploads\/2019\/09\/Logo-Original.png","width":2236,"height":1216,"caption":"Portal Urbano"},"image":{"@id":"https:\/\/experienciadevida.com.ar\/portalurbano\/#\/schema\/logo\/image\/"},"sameAs":["https:\/\/www.facebook.com\/Portal-Urbano-171542830093757\/","https:\/\/twitter.com\/portalurbanook","https:\/\/www.instagram.com\/_portalurbano\/","https:\/\/www.youtube.com\/channel\/UCXhagIfszH8KxFiOok79zbA?view_as=subscriber"]},{"@type":"Person","@id":"https:\/\/experienciadevida.com.ar\/portalurbano\/#\/schema\/person\/02dd326b1c4b056e9cc972486934a3a7","name":"admpu17wp","image":{"@type":"ImageObject","inLanguage":"es","@id":"https:\/\/experienciadevida.com.ar\/portalurbano\/#\/schema\/person\/image\/","url":"https:\/\/secure.gravatar.com\/avatar\/830d4c57adaae6630765e449a6908047?s=96&d=mm&r=g","contentUrl":"https:\/\/secure.gravatar.com\/avatar\/830d4c57adaae6630765e449a6908047?s=96&d=mm&r=g","caption":"admpu17wp"}}]}},"featured_image_urls":{"full":["https:\/\/experienciadevida.com.ar\/portalurbano\/wp-content\/uploads\/2022\/06\/Sociales-traspasa-las-fronteras.jpg",1000,594,false],"thumbnail":["https:\/\/experienciadevida.com.ar\/portalurbano\/wp-content\/uploads\/2022\/06\/Sociales-traspasa-las-fronteras-150x150.jpg",150,150,true],"medium":["https:\/\/experienciadevida.com.ar\/portalurbano\/wp-content\/uploads\/2022\/06\/Sociales-traspasa-las-fronteras-300x178.jpg",300,178,true],"medium_large":["https:\/\/experienciadevida.com.ar\/portalurbano\/wp-content\/uploads\/2022\/06\/Sociales-traspasa-las-fronteras-768x456.jpg",640,380,true],"large":["https:\/\/experienciadevida.com.ar\/portalurbano\/wp-content\/uploads\/2022\/06\/Sociales-traspasa-las-fronteras.jpg",640,380,false],"ug_big":["https:\/\/experienciadevida.com.ar\/portalurbano\/wp-content\/uploads\/2022\/06\/Sociales-traspasa-las-fronteras-768x456.jpg",768,456,true],"1536x1536":["https:\/\/experienciadevida.com.ar\/portalurbano\/wp-content\/uploads\/2022\/06\/Sociales-traspasa-las-fronteras.jpg",1000,594,false],"2048x2048":["https:\/\/experienciadevida.com.ar\/portalurbano\/wp-content\/uploads\/2022\/06\/Sociales-traspasa-las-fronteras.jpg",1000,594,false],"newsever-slider-full":["https:\/\/experienciadevida.com.ar\/portalurbano\/wp-content\/uploads\/2022\/06\/Sociales-traspasa-las-fronteras.jpg",1000,594,false],"newsever-featured":["https:\/\/experienciadevida.com.ar\/portalurbano\/wp-content\/uploads\/2022\/06\/Sociales-traspasa-las-fronteras.jpg",1000,594,false],"newsever-medium":["https:\/\/experienciadevida.com.ar\/portalurbano\/wp-content\/uploads\/2022\/06\/Sociales-traspasa-las-fronteras.jpg",720,428,false],"web-stories-poster-portrait":["https:\/\/experienciadevida.com.ar\/portalurbano\/wp-content\/uploads\/2022\/06\/Sociales-traspasa-las-fronteras.jpg",640,380,false],"web-stories-publisher-logo":["https:\/\/experienciadevida.com.ar\/portalurbano\/wp-content\/uploads\/2022\/06\/Sociales-traspasa-las-fronteras.jpg",96,57,false],"web-stories-thumbnail":["https:\/\/experienciadevida.com.ar\/portalurbano\/wp-content\/uploads\/2022\/06\/Sociales-traspasa-las-fronteras.jpg",150,89,false]},"author_info":{"display_name":"admpu17wp","author_link":"https:\/\/experienciadevida.com.ar\/portalurbano\/author\/admpu17wp\/"},"category_info":"<a href=\"https:\/\/experienciadevida.com.ar\/portalurbano\/category\/ciudad\/educacion\/\" rel=\"category tag\">Educaci\u00f3n<\/a>","tag_info":"Educaci\u00f3n","comment_count":"0","amp_enabled":true,"_links":{"self":[{"href":"https:\/\/experienciadevida.com.ar\/portalurbano\/wp-json\/wp\/v2\/posts\/169673"}],"collection":[{"href":"https:\/\/experienciadevida.com.ar\/portalurbano\/wp-json\/wp\/v2\/posts"}],"about":[{"href":"https:\/\/experienciadevida.com.ar\/portalurbano\/wp-json\/wp\/v2\/types\/post"}],"author":[{"embeddable":true,"href":"https:\/\/experienciadevida.com.ar\/portalurbano\/wp-json\/wp\/v2\/users\/1"}],"replies":[{"embeddable":true,"href":"https:\/\/experienciadevida.com.ar\/portalurbano\/wp-json\/wp\/v2\/comments?post=169673"}],"version-history":[{"count":1,"href":"https:\/\/experienciadevida.com.ar\/portalurbano\/wp-json\/wp\/v2\/posts\/169673\/revisions"}],"predecessor-version":[{"id":169675,"href":"https:\/\/experienciadevida.com.ar\/portalurbano\/wp-json\/wp\/v2\/posts\/169673\/revisions\/169675"}],"wp:featuredmedia":[{"embeddable":true,"href":"https:\/\/experienciadevida.com.ar\/portalurbano\/wp-json\/wp\/v2\/media\/169674"}],"wp:attachment":[{"href":"https:\/\/experienciadevida.com.ar\/portalurbano\/wp-json\/wp\/v2\/media?parent=169673"}],"wp:term":[{"taxonomy":"category","embeddable":true,"href":"https:\/\/experienciadevida.com.ar\/portalurbano\/wp-json\/wp\/v2\/categories?post=169673"},{"taxonomy":"post_tag","embeddable":true,"href":"https:\/\/experienciadevida.com.ar\/portalurbano\/wp-json\/wp\/v2\/tags?post=169673"}],"curies":[{"name":"wp","href":"https:\/\/api.w.org\/{rel}","templated":true}]}}