{"id":169649,"date":"2022-06-15T13:22:29","date_gmt":"2022-06-15T16:22:29","guid":{"rendered":"https:\/\/experienciadevida.com.ar\/portalurbano\/?p=169649"},"modified":"2022-06-15T13:35:05","modified_gmt":"2022-06-15T16:35:05","slug":"lo-que-se-decida-va-a-ser-muy-importante-para-los-proximos-meses","status":"publish","type":"post","link":"https:\/\/experienciadevida.com.ar\/portalurbano\/lo-que-se-decida-va-a-ser-muy-importante-para-los-proximos-meses\/","title":{"rendered":"&#8220;Lo que se decida va a ser muy importante para los pr\u00f3ximos meses&#8221;"},"content":{"rendered":"<p>&#8220;Lo que se decida va a ser muy importante para los pr\u00f3ximos meses&#8221; as\u00ed lo dijo el Secretario de los trabajadores Municipales <a href=\"https:\/\/www.facebook.com\/MunicipalesdeOlavarria\">Jos\u00e9 Stuppia<\/a> en di\u00e1logo con los medios en el abrazo simb\u00f3lico que se realiz\u00f3 esta ma\u00f1ana en el <a href=\"https:\/\/experienciadevida.com.ar\/portalurbano\/con-buena-convocatoria-se-realizo-el-abrazo-simbolico-en-el-hospital-municipal\/\">Hospital Municipal.<\/a><\/p>\n<p>&#8220;Nosotros estuvimos en todos los sectores convocando, convocamos a todos los sectores fuimos a ver compa\u00f1ero por compa\u00f1ero, era importante que est\u00e9n ac\u00e1 porque es importante lo que se est\u00e1 debatiendo y lo que se decida va a ser muy importante para los pr\u00f3ximos meses. Seguramente haya un mensaje con este abrazo para el ejecutivo, con la multitud que hay es impl\u00edcito, somos conscientes, ellos hablan que por ah\u00ed estamos pidiendo demasiado y que vamos a afectar el funcionamiento del Municipio pero no, nosotros conocemos todos los n\u00fameros, somos conscientes de lo que estamos pidiendo y la verdad es que al Municipio le sigue quedando dinero para hacer pol\u00edtica, obras, pero indudablemente somo conscientes de lo que estamos pidiendo, somos los que queremos que el Municipio ande mejor, que no tenga problemas econ\u00f3micos porque nosotros somos trabajadores, y eso nos afectar\u00eda a nosotros, lo que estamos pidiendo no le afecta en nada al Municipio&#8221;, mencion\u00f3.<\/p>\n<p>Por otro lado, dijo que &#8220;la comisi\u00f3n negociadora es la que se sienta a negociar sola, que esta compuesta por varias personas que tambi\u00e9n est\u00e1n los jubilados en la comisi\u00f3n negociadora. Nosotros tenemos fe de que esto se va a solucionar&#8221;.<\/p>\n<p>&#8220;Para los compa\u00f1eros que hacen guardia no hay\u00a0 aumento por eso estamos buscando el aumento para todos, para el administrativo, t\u00e9cnico, limpieza.\u00a0 La pandemia con lo salarial tuvo mucho que ver porque no solamente el personal de salud sino que todos los profesionales se vieron afectados, todos los niveles, una persona que gana 40 mil pesos el ejecutivo pretende que en diciembre gane 60 seguimos bajo la l\u00ednea de pobreza, para ellos pedimos una barbaridad, pedimos que llegue a 76 mil pesos, y despu\u00e9s ver la evoluci\u00f3n de todo esto porque en este proceso inflacionario al Municipio le ingresa mucha m\u00e1s plata, entonces nosotros queremos el 57% del presupuesto, hoy es de 1800, pero no sabemos en septiembre cuando va a ser, que se actualicen los valores estamos pidiendo&#8221;.<\/p>\n<p>&#8220;Lo que se decida va a ser muy importante para los pr\u00f3ximos meses&#8221;, &#8220;que a los funcionarios\u00a0 les hayan aumentado el sueldo tenemos una excusa para pedir m\u00e1s, nivelamos hacia arriba, queremos que todos ganen bien, que la gente cubra las necesidades b\u00e1sicas&#8221;.<\/p>\n<p>Para finalizar dijo &#8220;con <a href=\"https:\/\/www.facebook.com\/cicopolavarria\/\">abpro salud<\/a> nos juntamos porque realmente ten\u00edamos diferencias pero no son contradicciones, se dieron cuenta que teniendo contradicciones a ellos no les iba bien, siempre se acostumbr\u00f3 a que los profesionales negocien todas las partes solos, pero la negociaci\u00f3n no es f\u00e1cil, es algo muy dif\u00edcil, y por ah\u00ed salen contentos con la negociaci\u00f3n pero no era tan as\u00ed el aumento. No podemos ir en contra de nuestros propios intereses por eso estamos todos juntos hoy ac\u00e1&#8221;.<\/p>\n<p><span style=\"color: #003366;\">Las im\u00e1genes:<\/span><\/p>\n<p><a href=\"https:\/\/experienciadevida.com.ar\/portalurbano\/con-buena-convocatoria-se-realizo-el-abrazo-simbolico-en-el-hospital-municipal\/dsc_0022-4\/\" rel=\"attachment wp-att-169646\"><img decoding=\"async\" class=\"alignnone size-full wp-image-169646\" src=\"https:\/\/experienciadevida.com.ar\/portalurbano\/wp-content\/uploads\/2022\/06\/DSC_0022.jpg\" alt=\"\" width=\"765\" height=\"510\" srcset=\"https:\/\/experienciadevida.com.ar\/portalurbano\/wp-content\/uploads\/2022\/06\/DSC_0022.jpg 765w, https:\/\/experienciadevida.com.ar\/portalurbano\/wp-content\/uploads\/2022\/06\/DSC_0022-300x200.jpg 300w\" sizes=\"(max-width: 765px) 100vw, 765px\" \/><\/a> <a href=\"https:\/\/experienciadevida.com.ar\/portalurbano\/lo-que-se-decida-va-a-ser-muy-importante-para-los-proximos-meses\/dsc_0023-5\/\" rel=\"attachment wp-att-169654\"><img decoding=\"async\" class=\"alignnone size-large wp-image-169654\" src=\"https:\/\/experienciadevida.com.ar\/portalurbano\/wp-content\/uploads\/2022\/06\/DSC_0023-1024x683.jpg\" alt=\"\" width=\"900\" height=\"600\" \/><\/a><\/p>\n<p><a href=\"https:\/\/experienciadevida.com.ar\/portalurbano\/lo-que-se-decida-va-a-ser-muy-importante-para-los-proximos-meses\/dsc_0024-6\/\" rel=\"attachment wp-att-169655\"><img decoding=\"async\" class=\"alignnone size-full wp-image-169655\" src=\"https:\/\/experienciadevida.com.ar\/portalurbano\/wp-content\/uploads\/2022\/06\/DSC_0024.jpg\" alt=\"\" width=\"765\" height=\"510\" srcset=\"https:\/\/experienciadevida.com.ar\/portalurbano\/wp-content\/uploads\/2022\/06\/DSC_0024.jpg 765w, https:\/\/experienciadevida.com.ar\/portalurbano\/wp-content\/uploads\/2022\/06\/DSC_0024-300x200.jpg 300w\" sizes=\"(max-width: 765px) 100vw, 765px\" \/><\/a><\/p>\n<p><a href=\"https:\/\/experienciadevida.com.ar\/portalurbano\/lo-que-se-decida-va-a-ser-muy-importante-para-los-proximos-meses\/dsc_0025-2\/\" rel=\"attachment wp-att-169656\"><img decoding=\"async\" class=\"alignnone size-full wp-image-169656\" src=\"https:\/\/experienciadevida.com.ar\/portalurbano\/wp-content\/uploads\/2022\/06\/DSC_0025.jpg\" alt=\"\" width=\"765\" height=\"510\" srcset=\"https:\/\/experienciadevida.com.ar\/portalurbano\/wp-content\/uploads\/2022\/06\/DSC_0025.jpg 765w, https:\/\/experienciadevida.com.ar\/portalurbano\/wp-content\/uploads\/2022\/06\/DSC_0025-300x200.jpg 300w\" sizes=\"(max-width: 765px) 100vw, 765px\" \/><\/a><\/p>\n<p><a href=\"https:\/\/experienciadevida.com.ar\/portalurbano\/lo-que-se-decida-va-a-ser-muy-importante-para-los-proximos-meses\/dsc_0026-6\/\" rel=\"attachment wp-att-169657\"><img decoding=\"async\" class=\"alignnone size-full wp-image-169657\" src=\"https:\/\/experienciadevida.com.ar\/portalurbano\/wp-content\/uploads\/2022\/06\/DSC_0026.jpg\" alt=\"\" width=\"765\" height=\"510\" srcset=\"https:\/\/experienciadevida.com.ar\/portalurbano\/wp-content\/uploads\/2022\/06\/DSC_0026.jpg 765w, https:\/\/experienciadevida.com.ar\/portalurbano\/wp-content\/uploads\/2022\/06\/DSC_0026-300x200.jpg 300w\" sizes=\"(max-width: 765px) 100vw, 765px\" \/><\/a><\/p>\n<p><a href=\"https:\/\/experienciadevida.com.ar\/portalurbano\/lo-que-se-decida-va-a-ser-muy-importante-para-los-proximos-meses\/dsc_0027-6\/\" rel=\"attachment wp-att-169658\"><img decoding=\"async\" class=\"alignnone size-full wp-image-169658\" src=\"https:\/\/experienciadevida.com.ar\/portalurbano\/wp-content\/uploads\/2022\/06\/DSC_0027.jpg\" alt=\"\" width=\"765\" height=\"510\" srcset=\"https:\/\/experienciadevida.com.ar\/portalurbano\/wp-content\/uploads\/2022\/06\/DSC_0027.jpg 765w, https:\/\/experienciadevida.com.ar\/portalurbano\/wp-content\/uploads\/2022\/06\/DSC_0027-300x200.jpg 300w\" sizes=\"(max-width: 765px) 100vw, 765px\" \/><\/a><\/p>\n<p><a href=\"https:\/\/experienciadevida.com.ar\/portalurbano\/lo-que-se-decida-va-a-ser-muy-importante-para-los-proximos-meses\/dsc_0028-3\/\" rel=\"attachment wp-att-169659\"><img decoding=\"async\" class=\"alignnone size-full wp-image-169659\" src=\"https:\/\/experienciadevida.com.ar\/portalurbano\/wp-content\/uploads\/2022\/06\/DSC_0028.jpg\" alt=\"\" width=\"765\" height=\"510\" srcset=\"https:\/\/experienciadevida.com.ar\/portalurbano\/wp-content\/uploads\/2022\/06\/DSC_0028.jpg 765w, https:\/\/experienciadevida.com.ar\/portalurbano\/wp-content\/uploads\/2022\/06\/DSC_0028-300x200.jpg 300w\" sizes=\"(max-width: 765px) 100vw, 765px\" \/><\/a><\/p>\n<p><a href=\"https:\/\/experienciadevida.com.ar\/portalurbano\/lo-que-se-decida-va-a-ser-muy-importante-para-los-proximos-meses\/dsc_0029-5\/\" rel=\"attachment wp-att-169660\"><img decoding=\"async\" class=\"alignnone size-full wp-image-169660\" src=\"https:\/\/experienciadevida.com.ar\/portalurbano\/wp-content\/uploads\/2022\/06\/DSC_0029.jpg\" alt=\"\" width=\"765\" height=\"510\" srcset=\"https:\/\/experienciadevida.com.ar\/portalurbano\/wp-content\/uploads\/2022\/06\/DSC_0029.jpg 765w, https:\/\/experienciadevida.com.ar\/portalurbano\/wp-content\/uploads\/2022\/06\/DSC_0029-300x200.jpg 300w\" sizes=\"(max-width: 765px) 100vw, 765px\" \/><\/a><\/p>\n<p><a href=\"https:\/\/experienciadevida.com.ar\/portalurbano\/lo-que-se-decida-va-a-ser-muy-importante-para-los-proximos-meses\/dsc_0030-6\/\" rel=\"attachment wp-att-169661\"><img decoding=\"async\" class=\"alignnone size-full wp-image-169661\" src=\"https:\/\/experienciadevida.com.ar\/portalurbano\/wp-content\/uploads\/2022\/06\/DSC_0030.jpg\" alt=\"\" width=\"765\" height=\"510\" srcset=\"https:\/\/experienciadevida.com.ar\/portalurbano\/wp-content\/uploads\/2022\/06\/DSC_0030.jpg 765w, https:\/\/experienciadevida.com.ar\/portalurbano\/wp-content\/uploads\/2022\/06\/DSC_0030-300x200.jpg 300w\" sizes=\"(max-width: 765px) 100vw, 765px\" \/><\/a><\/p>\n<p><a href=\"https:\/\/experienciadevida.com.ar\/portalurbano\/lo-que-se-decida-va-a-ser-muy-importante-para-los-proximos-meses\/dsc_0032-3\/\" rel=\"attachment wp-att-169662\"><img decoding=\"async\" class=\"alignnone size-full wp-image-169662\" src=\"https:\/\/experienciadevida.com.ar\/portalurbano\/wp-content\/uploads\/2022\/06\/DSC_0032.jpg\" alt=\"\" width=\"765\" height=\"510\" srcset=\"https:\/\/experienciadevida.com.ar\/portalurbano\/wp-content\/uploads\/2022\/06\/DSC_0032.jpg 765w, https:\/\/experienciadevida.com.ar\/portalurbano\/wp-content\/uploads\/2022\/06\/DSC_0032-300x200.jpg 300w\" sizes=\"(max-width: 765px) 100vw, 765px\" \/><\/a><\/p>\n<p><a href=\"https:\/\/experienciadevida.com.ar\/portalurbano\/lo-que-se-decida-va-a-ser-muy-importante-para-los-proximos-meses\/dsc_0034\/\" rel=\"attachment wp-att-169663\"><img decoding=\"async\" class=\"alignnone size-full wp-image-169663\" src=\"https:\/\/experienciadevida.com.ar\/portalurbano\/wp-content\/uploads\/2022\/06\/DSC_0034.jpg\" alt=\"\" width=\"765\" height=\"510\" srcset=\"https:\/\/experienciadevida.com.ar\/portalurbano\/wp-content\/uploads\/2022\/06\/DSC_0034.jpg 765w, https:\/\/experienciadevida.com.ar\/portalurbano\/wp-content\/uploads\/2022\/06\/DSC_0034-300x200.jpg 300w\" sizes=\"(max-width: 765px) 100vw, 765px\" \/><\/a><\/p>\n<p><a href=\"https:\/\/experienciadevida.com.ar\/portalurbano\/lo-que-se-decida-va-a-ser-muy-importante-para-los-proximos-meses\/dsc_0037-3\/\" rel=\"attachment wp-att-169664\"><img decoding=\"async\" class=\"alignnone size-full wp-image-169664\" src=\"https:\/\/experienciadevida.com.ar\/portalurbano\/wp-content\/uploads\/2022\/06\/DSC_0037.jpg\" alt=\"\" width=\"765\" height=\"510\" srcset=\"https:\/\/experienciadevida.com.ar\/portalurbano\/wp-content\/uploads\/2022\/06\/DSC_0037.jpg 765w, https:\/\/experienciadevida.com.ar\/portalurbano\/wp-content\/uploads\/2022\/06\/DSC_0037-300x200.jpg 300w\" sizes=\"(max-width: 765px) 100vw, 765px\" \/><\/a><\/p>\n<p><a href=\"https:\/\/experienciadevida.com.ar\/portalurbano\/lo-que-se-decida-va-a-ser-muy-importante-para-los-proximos-meses\/dsc_0038-5\/\" rel=\"attachment wp-att-169665\"><img decoding=\"async\" class=\"alignnone size-full wp-image-169665\" src=\"https:\/\/experienciadevida.com.ar\/portalurbano\/wp-content\/uploads\/2022\/06\/DSC_0038.jpg\" alt=\"\" width=\"765\" height=\"510\" srcset=\"https:\/\/experienciadevida.com.ar\/portalurbano\/wp-content\/uploads\/2022\/06\/DSC_0038.jpg 765w, https:\/\/experienciadevida.com.ar\/portalurbano\/wp-content\/uploads\/2022\/06\/DSC_0038-300x200.jpg 300w\" sizes=\"(max-width: 765px) 100vw, 765px\" \/><\/a><\/p>\n<p><a href=\"https:\/\/experienciadevida.com.ar\/portalurbano\/lo-que-se-decida-va-a-ser-muy-importante-para-los-proximos-meses\/dsc_0039-2\/\" rel=\"attachment wp-att-169666\"><img decoding=\"async\" class=\"alignnone size-full wp-image-169666\" src=\"https:\/\/experienciadevida.com.ar\/portalurbano\/wp-content\/uploads\/2022\/06\/DSC_0039.jpg\" alt=\"\" width=\"765\" height=\"510\" srcset=\"https:\/\/experienciadevida.com.ar\/portalurbano\/wp-content\/uploads\/2022\/06\/DSC_0039.jpg 765w, https:\/\/experienciadevida.com.ar\/portalurbano\/wp-content\/uploads\/2022\/06\/DSC_0039-300x200.jpg 300w\" sizes=\"(max-width: 765px) 100vw, 765px\" \/><\/a><\/p>\n<p><a href=\"https:\/\/experienciadevida.com.ar\/portalurbano\/lo-que-se-decida-va-a-ser-muy-importante-para-los-proximos-meses\/dsc_0040-2\/\" rel=\"attachment wp-att-169667\"><img decoding=\"async\" class=\"alignnone size-full wp-image-169667\" src=\"https:\/\/experienciadevida.com.ar\/portalurbano\/wp-content\/uploads\/2022\/06\/DSC_0040.jpg\" alt=\"\" width=\"765\" height=\"510\" srcset=\"https:\/\/experienciadevida.com.ar\/portalurbano\/wp-content\/uploads\/2022\/06\/DSC_0040.jpg 765w, https:\/\/experienciadevida.com.ar\/portalurbano\/wp-content\/uploads\/2022\/06\/DSC_0040-300x200.jpg 300w\" sizes=\"(max-width: 765px) 100vw, 765px\" \/><\/a><\/p>\n","protected":false},"excerpt":{"rendered":"<p>&#8220;Lo que se decida va a ser muy importante para los pr\u00f3ximos meses&#8221; as\u00ed lo&#8230;<\/p>\n","protected":false},"author":1,"featured_media":169650,"comment_status":"closed","ping_status":"closed","sticky":false,"template":"","format":"standard","meta":{"content-type":""},"categories":[27,64],"tags":[],"nelio_content":{"isAutoShareEnabled":false,"autoShareEndMode":"default","automationSources":{"useContentSentences":true,"useSocialTemplates":true,"useCustomSentences":false,"customSentences":[]},"followers":[1],"suggestedReferences":[],"includedReferences":[],"efiUrl":"","efiAlt":"","highlights":[]},"yoast_head":"<!-- This site is optimized with the Yoast SEO plugin v20.7 - https:\/\/yoast.com\/wordpress\/plugins\/seo\/ -->\n<title>&quot;Lo que se decida va a ser muy importante para los pr\u00f3ximos meses&quot;<\/title>\n<meta name=\"description\" content=\"&quot;Lo que se decida va a ser muy importante para los pr\u00f3ximos meses&quot; as\u00ed lo dijo el Secretario de los trabajadores Municipales\" \/>\n<meta name=\"robots\" content=\"index, follow, max-snippet:-1, max-image-preview:large, max-video-preview:-1\" \/>\n<link rel=\"canonical\" href=\"https:\/\/experienciadevida.com.ar\/portalurbano\/lo-que-se-decida-va-a-ser-muy-importante-para-los-proximos-meses\/\" \/>\n<meta property=\"og:locale\" content=\"es_ES\" \/>\n<meta property=\"og:type\" content=\"article\" \/>\n<meta property=\"og:title\" content=\"&quot;Lo que se decida va a ser muy importante para los pr\u00f3ximos meses&quot;\" \/>\n<meta property=\"og:description\" content=\"&quot;Lo que se decida va a ser muy importante para los pr\u00f3ximos meses&quot; as\u00ed lo dijo el Secretario de los trabajadores Municipales\" \/>\n<meta property=\"og:url\" content=\"https:\/\/experienciadevida.com.ar\/portalurbano\/lo-que-se-decida-va-a-ser-muy-importante-para-los-proximos-meses\/\" \/>\n<meta property=\"article:publisher\" content=\"https:\/\/www.facebook.com\/Portal-Urbano-171542830093757\/\" \/>\n<meta property=\"article:published_time\" content=\"2022-06-15T16:22:29+00:00\" \/>\n<meta property=\"article:modified_time\" content=\"2022-06-15T16:35:05+00:00\" \/>\n<meta property=\"og:image\" content=\"https:\/\/experienciadevida.com.ar\/portalurbano\/wp-content\/uploads\/2022\/06\/Lo-que-se-decida.jpg\" \/>\n\t<meta property=\"og:image:width\" content=\"765\" \/>\n\t<meta property=\"og:image:height\" content=\"510\" \/>\n\t<meta property=\"og:image:type\" content=\"image\/jpeg\" \/>\n<meta name=\"author\" content=\"admpu17wp\" \/>\n<meta name=\"twitter:card\" content=\"summary_large_image\" \/>\n<meta name=\"twitter:creator\" content=\"@portalurbanook\" \/>\n<meta name=\"twitter:site\" content=\"@portalurbanook\" \/>\n<meta name=\"twitter:label1\" content=\"Escrito por\" \/>\n\t<meta name=\"twitter:data1\" content=\"admpu17wp\" \/>\n\t<meta name=\"twitter:label2\" content=\"Tiempo de lectura\" \/>\n\t<meta name=\"twitter:data2\" content=\"6 minutos\" \/>\n<script type=\"application\/ld+json\" class=\"yoast-schema-graph\">{\"@context\":\"https:\/\/schema.org\",\"@graph\":[{\"@type\":\"Article\",\"@id\":\"https:\/\/experienciadevida.com.ar\/portalurbano\/lo-que-se-decida-va-a-ser-muy-importante-para-los-proximos-meses\/#article\",\"isPartOf\":{\"@id\":\"https:\/\/experienciadevida.com.ar\/portalurbano\/lo-que-se-decida-va-a-ser-muy-importante-para-los-proximos-meses\/\"},\"author\":{\"name\":\"admpu17wp\",\"@id\":\"https:\/\/experienciadevida.com.ar\/portalurbano\/#\/schema\/person\/02dd326b1c4b056e9cc972486934a3a7\"},\"headline\":\"&#8220;Lo que se decida va a ser muy importante para los pr\u00f3ximos meses&#8221;\",\"datePublished\":\"2022-06-15T16:22:29+00:00\",\"dateModified\":\"2022-06-15T16:35:05+00:00\",\"mainEntityOfPage\":{\"@id\":\"https:\/\/experienciadevida.com.ar\/portalurbano\/lo-que-se-decida-va-a-ser-muy-importante-para-los-proximos-meses\/\"},\"wordCount\":534,\"publisher\":{\"@id\":\"https:\/\/experienciadevida.com.ar\/portalurbano\/#organization\"},\"articleSection\":[\"Ciudad\",\"Destacadas 2\"],\"inLanguage\":\"es\"},{\"@type\":\"WebPage\",\"@id\":\"https:\/\/experienciadevida.com.ar\/portalurbano\/lo-que-se-decida-va-a-ser-muy-importante-para-los-proximos-meses\/\",\"url\":\"https:\/\/experienciadevida.com.ar\/portalurbano\/lo-que-se-decida-va-a-ser-muy-importante-para-los-proximos-meses\/\",\"name\":\"\\\"Lo que se decida va a ser muy importante para los pr\u00f3ximos meses\\\"\",\"isPartOf\":{\"@id\":\"https:\/\/experienciadevida.com.ar\/portalurbano\/#website\"},\"datePublished\":\"2022-06-15T16:22:29+00:00\",\"dateModified\":\"2022-06-15T16:35:05+00:00\",\"description\":\"\\\"Lo que se decida va a ser muy importante para los pr\u00f3ximos meses\\\" as\u00ed lo dijo el Secretario de los trabajadores Municipales\",\"breadcrumb\":{\"@id\":\"https:\/\/experienciadevida.com.ar\/portalurbano\/lo-que-se-decida-va-a-ser-muy-importante-para-los-proximos-meses\/#breadcrumb\"},\"inLanguage\":\"es\",\"potentialAction\":[{\"@type\":\"ReadAction\",\"target\":[\"https:\/\/experienciadevida.com.ar\/portalurbano\/lo-que-se-decida-va-a-ser-muy-importante-para-los-proximos-meses\/\"]}]},{\"@type\":\"BreadcrumbList\",\"@id\":\"https:\/\/experienciadevida.com.ar\/portalurbano\/lo-que-se-decida-va-a-ser-muy-importante-para-los-proximos-meses\/#breadcrumb\",\"itemListElement\":[{\"@type\":\"ListItem\",\"position\":1,\"name\":\"Portada\",\"item\":\"https:\/\/experienciadevida.com.ar\/portalurbano\/\"},{\"@type\":\"ListItem\",\"position\":2,\"name\":\"\u00abLo que se decida va a ser muy importante para los pr\u00f3ximos meses\u00bb\"}]},{\"@type\":\"WebSite\",\"@id\":\"https:\/\/experienciadevida.com.ar\/portalurbano\/#website\",\"url\":\"https:\/\/experienciadevida.com.ar\/portalurbano\/\",\"name\":\"\",\"description\":\"\",\"publisher\":{\"@id\":\"https:\/\/experienciadevida.com.ar\/portalurbano\/#organization\"},\"potentialAction\":[{\"@type\":\"SearchAction\",\"target\":{\"@type\":\"EntryPoint\",\"urlTemplate\":\"https:\/\/experienciadevida.com.ar\/portalurbano\/?s={search_term_string}\"},\"query-input\":\"required name=search_term_string\"}],\"inLanguage\":\"es\"},{\"@type\":\"Organization\",\"@id\":\"https:\/\/experienciadevida.com.ar\/portalurbano\/#organization\",\"name\":\"Portal Urbano\",\"url\":\"https:\/\/experienciadevida.com.ar\/portalurbano\/\",\"logo\":{\"@type\":\"ImageObject\",\"inLanguage\":\"es\",\"@id\":\"https:\/\/experienciadevida.com.ar\/portalurbano\/#\/schema\/logo\/image\/\",\"url\":\"https:\/\/experienciadevida.com.ar\/portalurbano\/wp-content\/uploads\/2019\/09\/Logo-Original.png\",\"contentUrl\":\"https:\/\/experienciadevida.com.ar\/portalurbano\/wp-content\/uploads\/2019\/09\/Logo-Original.png\",\"width\":2236,\"height\":1216,\"caption\":\"Portal Urbano\"},\"image\":{\"@id\":\"https:\/\/experienciadevida.com.ar\/portalurbano\/#\/schema\/logo\/image\/\"},\"sameAs\":[\"https:\/\/www.facebook.com\/Portal-Urbano-171542830093757\/\",\"https:\/\/twitter.com\/portalurbanook\",\"https:\/\/www.instagram.com\/_portalurbano\/\",\"https:\/\/www.youtube.com\/channel\/UCXhagIfszH8KxFiOok79zbA?view_as=subscriber\"]},{\"@type\":\"Person\",\"@id\":\"https:\/\/experienciadevida.com.ar\/portalurbano\/#\/schema\/person\/02dd326b1c4b056e9cc972486934a3a7\",\"name\":\"admpu17wp\",\"image\":{\"@type\":\"ImageObject\",\"inLanguage\":\"es\",\"@id\":\"https:\/\/experienciadevida.com.ar\/portalurbano\/#\/schema\/person\/image\/\",\"url\":\"https:\/\/secure.gravatar.com\/avatar\/830d4c57adaae6630765e449a6908047?s=96&d=mm&r=g\",\"contentUrl\":\"https:\/\/secure.gravatar.com\/avatar\/830d4c57adaae6630765e449a6908047?s=96&d=mm&r=g\",\"caption\":\"admpu17wp\"}}]}<\/script>\n<!-- \/ Yoast SEO plugin. -->","yoast_head_json":{"title":"\"Lo que se decida va a ser muy importante para los pr\u00f3ximos meses\"","description":"\"Lo que se decida va a ser muy importante para los pr\u00f3ximos meses\" as\u00ed lo dijo el Secretario de los trabajadores Municipales","robots":{"index":"index","follow":"follow","max-snippet":"max-snippet:-1","max-image-preview":"max-image-preview:large","max-video-preview":"max-video-preview:-1"},"canonical":"https:\/\/experienciadevida.com.ar\/portalurbano\/lo-que-se-decida-va-a-ser-muy-importante-para-los-proximos-meses\/","og_locale":"es_ES","og_type":"article","og_title":"\"Lo que se decida va a ser muy importante para los pr\u00f3ximos meses\"","og_description":"\"Lo que se decida va a ser muy importante para los pr\u00f3ximos meses\" as\u00ed lo dijo el Secretario de los trabajadores Municipales","og_url":"https:\/\/experienciadevida.com.ar\/portalurbano\/lo-que-se-decida-va-a-ser-muy-importante-para-los-proximos-meses\/","article_publisher":"https:\/\/www.facebook.com\/Portal-Urbano-171542830093757\/","article_published_time":"2022-06-15T16:22:29+00:00","article_modified_time":"2022-06-15T16:35:05+00:00","og_image":[{"width":765,"height":510,"url":"https:\/\/experienciadevida.com.ar\/portalurbano\/wp-content\/uploads\/2022\/06\/Lo-que-se-decida.jpg","type":"image\/jpeg"}],"author":"admpu17wp","twitter_card":"summary_large_image","twitter_creator":"@portalurbanook","twitter_site":"@portalurbanook","twitter_misc":{"Escrito por":"admpu17wp","Tiempo de lectura":"6 minutos"},"schema":{"@context":"https:\/\/schema.org","@graph":[{"@type":"Article","@id":"https:\/\/experienciadevida.com.ar\/portalurbano\/lo-que-se-decida-va-a-ser-muy-importante-para-los-proximos-meses\/#article","isPartOf":{"@id":"https:\/\/experienciadevida.com.ar\/portalurbano\/lo-que-se-decida-va-a-ser-muy-importante-para-los-proximos-meses\/"},"author":{"name":"admpu17wp","@id":"https:\/\/experienciadevida.com.ar\/portalurbano\/#\/schema\/person\/02dd326b1c4b056e9cc972486934a3a7"},"headline":"&#8220;Lo que se decida va a ser muy importante para los pr\u00f3ximos meses&#8221;","datePublished":"2022-06-15T16:22:29+00:00","dateModified":"2022-06-15T16:35:05+00:00","mainEntityOfPage":{"@id":"https:\/\/experienciadevida.com.ar\/portalurbano\/lo-que-se-decida-va-a-ser-muy-importante-para-los-proximos-meses\/"},"wordCount":534,"publisher":{"@id":"https:\/\/experienciadevida.com.ar\/portalurbano\/#organization"},"articleSection":["Ciudad","Destacadas 2"],"inLanguage":"es"},{"@type":"WebPage","@id":"https:\/\/experienciadevida.com.ar\/portalurbano\/lo-que-se-decida-va-a-ser-muy-importante-para-los-proximos-meses\/","url":"https:\/\/experienciadevida.com.ar\/portalurbano\/lo-que-se-decida-va-a-ser-muy-importante-para-los-proximos-meses\/","name":"\"Lo que se decida va a ser muy importante para los pr\u00f3ximos meses\"","isPartOf":{"@id":"https:\/\/experienciadevida.com.ar\/portalurbano\/#website"},"datePublished":"2022-06-15T16:22:29+00:00","dateModified":"2022-06-15T16:35:05+00:00","description":"\"Lo que se decida va a ser muy importante para los pr\u00f3ximos meses\" as\u00ed lo dijo el Secretario de los trabajadores Municipales","breadcrumb":{"@id":"https:\/\/experienciadevida.com.ar\/portalurbano\/lo-que-se-decida-va-a-ser-muy-importante-para-los-proximos-meses\/#breadcrumb"},"inLanguage":"es","potentialAction":[{"@type":"ReadAction","target":["https:\/\/experienciadevida.com.ar\/portalurbano\/lo-que-se-decida-va-a-ser-muy-importante-para-los-proximos-meses\/"]}]},{"@type":"BreadcrumbList","@id":"https:\/\/experienciadevida.com.ar\/portalurbano\/lo-que-se-decida-va-a-ser-muy-importante-para-los-proximos-meses\/#breadcrumb","itemListElement":[{"@type":"ListItem","position":1,"name":"Portada","item":"https:\/\/experienciadevida.com.ar\/portalurbano\/"},{"@type":"ListItem","position":2,"name":"\u00abLo que se decida va a ser muy importante para los pr\u00f3ximos meses\u00bb"}]},{"@type":"WebSite","@id":"https:\/\/experienciadevida.com.ar\/portalurbano\/#website","url":"https:\/\/experienciadevida.com.ar\/portalurbano\/","name":"","description":"","publisher":{"@id":"https:\/\/experienciadevida.com.ar\/portalurbano\/#organization"},"potentialAction":[{"@type":"SearchAction","target":{"@type":"EntryPoint","urlTemplate":"https:\/\/experienciadevida.com.ar\/portalurbano\/?s={search_term_string}"},"query-input":"required name=search_term_string"}],"inLanguage":"es"},{"@type":"Organization","@id":"https:\/\/experienciadevida.com.ar\/portalurbano\/#organization","name":"Portal Urbano","url":"https:\/\/experienciadevida.com.ar\/portalurbano\/","logo":{"@type":"ImageObject","inLanguage":"es","@id":"https:\/\/experienciadevida.com.ar\/portalurbano\/#\/schema\/logo\/image\/","url":"https:\/\/experienciadevida.com.ar\/portalurbano\/wp-content\/uploads\/2019\/09\/Logo-Original.png","contentUrl":"https:\/\/experienciadevida.com.ar\/portalurbano\/wp-content\/uploads\/2019\/09\/Logo-Original.png","width":2236,"height":1216,"caption":"Portal Urbano"},"image":{"@id":"https:\/\/experienciadevida.com.ar\/portalurbano\/#\/schema\/logo\/image\/"},"sameAs":["https:\/\/www.facebook.com\/Portal-Urbano-171542830093757\/","https:\/\/twitter.com\/portalurbanook","https:\/\/www.instagram.com\/_portalurbano\/","https:\/\/www.youtube.com\/channel\/UCXhagIfszH8KxFiOok79zbA?view_as=subscriber"]},{"@type":"Person","@id":"https:\/\/experienciadevida.com.ar\/portalurbano\/#\/schema\/person\/02dd326b1c4b056e9cc972486934a3a7","name":"admpu17wp","image":{"@type":"ImageObject","inLanguage":"es","@id":"https:\/\/experienciadevida.com.ar\/portalurbano\/#\/schema\/person\/image\/","url":"https:\/\/secure.gravatar.com\/avatar\/830d4c57adaae6630765e449a6908047?s=96&d=mm&r=g","contentUrl":"https:\/\/secure.gravatar.com\/avatar\/830d4c57adaae6630765e449a6908047?s=96&d=mm&r=g","caption":"admpu17wp"}}]}},"featured_image_urls":{"full":["https:\/\/experienciadevida.com.ar\/portalurbano\/wp-content\/uploads\/2022\/06\/Lo-que-se-decida.jpg",765,510,false],"thumbnail":["https:\/\/experienciadevida.com.ar\/portalurbano\/wp-content\/uploads\/2022\/06\/Lo-que-se-decida-150x150.jpg",150,150,true],"medium":["https:\/\/experienciadevida.com.ar\/portalurbano\/wp-content\/uploads\/2022\/06\/Lo-que-se-decida-300x200.jpg",300,200,true],"medium_large":["https:\/\/experienciadevida.com.ar\/portalurbano\/wp-content\/uploads\/2022\/06\/Lo-que-se-decida.jpg",640,427,false],"large":["https:\/\/experienciadevida.com.ar\/portalurbano\/wp-content\/uploads\/2022\/06\/Lo-que-se-decida.jpg",640,427,false],"ug_big":["https:\/\/experienciadevida.com.ar\/portalurbano\/wp-content\/uploads\/2022\/06\/Lo-que-se-decida.jpg",765,510,false],"1536x1536":["https:\/\/experienciadevida.com.ar\/portalurbano\/wp-content\/uploads\/2022\/06\/Lo-que-se-decida.jpg",765,510,false],"2048x2048":["https:\/\/experienciadevida.com.ar\/portalurbano\/wp-content\/uploads\/2022\/06\/Lo-que-se-decida.jpg",765,510,false],"newsever-slider-full":["https:\/\/experienciadevida.com.ar\/portalurbano\/wp-content\/uploads\/2022\/06\/Lo-que-se-decida.jpg",765,510,false],"newsever-featured":["https:\/\/experienciadevida.com.ar\/portalurbano\/wp-content\/uploads\/2022\/06\/Lo-que-se-decida.jpg",765,510,false],"newsever-medium":["https:\/\/experienciadevida.com.ar\/portalurbano\/wp-content\/uploads\/2022\/06\/Lo-que-se-decida.jpg",713,475,false],"web-stories-poster-portrait":["https:\/\/experienciadevida.com.ar\/portalurbano\/wp-content\/uploads\/2022\/06\/Lo-que-se-decida.jpg",640,427,false],"web-stories-publisher-logo":["https:\/\/experienciadevida.com.ar\/portalurbano\/wp-content\/uploads\/2022\/06\/Lo-que-se-decida.jpg",96,64,false],"web-stories-thumbnail":["https:\/\/experienciadevida.com.ar\/portalurbano\/wp-content\/uploads\/2022\/06\/Lo-que-se-decida.jpg",150,100,false]},"author_info":{"display_name":"admpu17wp","author_link":"https:\/\/experienciadevida.com.ar\/portalurbano\/author\/admpu17wp\/"},"category_info":"<a href=\"https:\/\/experienciadevida.com.ar\/portalurbano\/category\/ciudad\/\" rel=\"category tag\">Ciudad<\/a> <a href=\"https:\/\/experienciadevida.com.ar\/portalurbano\/category\/destacadas-2\/\" rel=\"category tag\">Destacadas 2<\/a>","tag_info":"Destacadas 2","comment_count":"0","amp_enabled":true,"_links":{"self":[{"href":"https:\/\/experienciadevida.com.ar\/portalurbano\/wp-json\/wp\/v2\/posts\/169649"}],"collection":[{"href":"https:\/\/experienciadevida.com.ar\/portalurbano\/wp-json\/wp\/v2\/posts"}],"about":[{"href":"https:\/\/experienciadevida.com.ar\/portalurbano\/wp-json\/wp\/v2\/types\/post"}],"author":[{"embeddable":true,"href":"https:\/\/experienciadevida.com.ar\/portalurbano\/wp-json\/wp\/v2\/users\/1"}],"replies":[{"embeddable":true,"href":"https:\/\/experienciadevida.com.ar\/portalurbano\/wp-json\/wp\/v2\/comments?post=169649"}],"version-history":[{"count":4,"href":"https:\/\/experienciadevida.com.ar\/portalurbano\/wp-json\/wp\/v2\/posts\/169649\/revisions"}],"predecessor-version":[{"id":169668,"href":"https:\/\/experienciadevida.com.ar\/portalurbano\/wp-json\/wp\/v2\/posts\/169649\/revisions\/169668"}],"wp:featuredmedia":[{"embeddable":true,"href":"https:\/\/experienciadevida.com.ar\/portalurbano\/wp-json\/wp\/v2\/media\/169650"}],"wp:attachment":[{"href":"https:\/\/experienciadevida.com.ar\/portalurbano\/wp-json\/wp\/v2\/media?parent=169649"}],"wp:term":[{"taxonomy":"category","embeddable":true,"href":"https:\/\/experienciadevida.com.ar\/portalurbano\/wp-json\/wp\/v2\/categories?post=169649"},{"taxonomy":"post_tag","embeddable":true,"href":"https:\/\/experienciadevida.com.ar\/portalurbano\/wp-json\/wp\/v2\/tags?post=169649"}],"curies":[{"name":"wp","href":"https:\/\/api.w.org\/{rel}","templated":true}]}}