{"id":169565,"date":"2022-06-14T10:45:48","date_gmt":"2022-06-14T13:45:48","guid":{"rendered":"https:\/\/experienciadevida.com.ar\/portalurbano\/?p=169565"},"modified":"2022-06-14T10:47:08","modified_gmt":"2022-06-14T13:47:08","slug":"charla-cafe-con-una-veintena-de-escritores-locales-junto-a-vergel-y-matrella","status":"publish","type":"post","link":"https:\/\/experienciadevida.com.ar\/portalurbano\/charla-cafe-con-una-veintena-de-escritores-locales-junto-a-vergel-y-matrella\/","title":{"rendered":"Charla Caf\u00e9 con una veintena de escritores locales junto a Vergel y Matrella"},"content":{"rendered":"<p>Charla Caf\u00e9 con una veintena de escritores locales junto a <a href=\"https:\/\/www.instagram.com\/belenvergel\/?hl=es-la\">Vergel<\/a> y <a href=\"https:\/\/www.instagram.com\/sebastianmatrella\/?hl=es-la\">Matrella<\/a>,\u00a0 en el marco del d\u00eda del escritor, los concejales radicales compartieron este lunes un caf\u00e9 con un importante grupo de escritores locales.<\/p>\n<p>La necesidad de darle visibilidad a las obras y un mayor acompa\u00f1amiento, fueron algunos de los temas que surgieron. Se avanzar\u00e1 en la recuperaci\u00f3n del registro de escritores olavarrienses.<\/p>\n<p>En el d\u00eda de ayer se dieron cita en un restaurante c\u00e9ntrico, cerca de 20 escritores de nuestra ciudad convocados por los concejales Sebasti\u00e1n Matrella y Bel\u00e9n Vergel. La intenci\u00f3n principal fue agasajarlos en su d\u00eda, y conocer el estado de situaci\u00f3n que atraviesan en la actualidad. Como punto de partida, se propuso recuperar el registro de escritores de<br \/>\nOlavarr\u00eda para tener mayor certeza de los datos, y poder trabajar en facilitar el acceso a esa informaci\u00f3n por parte de vecinos.<\/p>\n<p>A partir de all\u00ed, surgieron diversas ideas y propuestas en las cuales seguir avanzando. Un mayor acompa\u00f1amiento en la publicaci\u00f3n de nuevas obras, la recuperaci\u00f3n y el cuidado del patrimonio cultural de Olavarr\u00eda, entre otros temas. Entre los presentes destacaron la invitaci\u00f3n y la posibilidad de encontrarse, y sobre todo por haber sido convocados con la intenci\u00f3n de avanzar en algunas cuestiones.<\/p>\n<p>Seg\u00fan indic\u00f3 Vergel \u201cla intenci\u00f3n fue generar el espacio de encuentro, y que a partir de all\u00ed surja la posibilidad de ir avanzando en diversos proyectos que les faciliten su labor y divulgaci\u00f3n. Desde nuestro espacio queremos ponernos a disposici\u00f3n de todos los olavarrienses, conocer c\u00f3mo se est\u00e1 desarrollando su actividad y de qu\u00e9 manera podemos ayudar desde nuestro lugar\u201d.<\/p>\n<p>Para Matrella \u201cfue un muy lindo encuentro que sirvi\u00f3 para poder conocer m\u00e1s y a partir de all\u00ed tender puentes que brinden soluciones. Surgieron temas interesantes que comenzaremos a trabajar en conjunto&#8221;.<\/p>\n<p><a href=\"https:\/\/experienciadevida.com.ar\/portalurbano\/charla-cafe-con-una-veintena-de-escritores-locales-junto-a-vergel-y-matrella\/charla-4\/\" rel=\"attachment wp-att-169567\"><img decoding=\"async\" class=\"alignnone size-large wp-image-169567\" src=\"https:\/\/experienciadevida.com.ar\/portalurbano\/wp-content\/uploads\/2022\/06\/Charla-1024x768.jpeg\" alt=\"Charla \" width=\"900\" height=\"675\" srcset=\"https:\/\/experienciadevida.com.ar\/portalurbano\/wp-content\/uploads\/2022\/06\/Charla-1024x768.jpeg 1024w, https:\/\/experienciadevida.com.ar\/portalurbano\/wp-content\/uploads\/2022\/06\/Charla-300x225.jpeg 300w, https:\/\/experienciadevida.com.ar\/portalurbano\/wp-content\/uploads\/2022\/06\/Charla-768x576.jpeg 768w, https:\/\/experienciadevida.com.ar\/portalurbano\/wp-content\/uploads\/2022\/06\/Charla-1536x1152.jpeg 1536w, https:\/\/experienciadevida.com.ar\/portalurbano\/wp-content\/uploads\/2022\/06\/Charla.jpeg 1600w\" sizes=\"(max-width: 900px) 100vw, 900px\" \/><\/a><\/p>\n<p><a href=\"https:\/\/experienciadevida.com.ar\/portalurbano\/charla-cafe-con-una-veintena-de-escritores-locales-junto-a-vergel-y-matrella\/cafe\/\" rel=\"attachment wp-att-169568\"><img decoding=\"async\" class=\"alignnone size-large wp-image-169568\" src=\"https:\/\/experienciadevida.com.ar\/portalurbano\/wp-content\/uploads\/2022\/06\/cafe-1024x768.jpeg\" alt=\"caf\u00e9 \" width=\"900\" height=\"675\" srcset=\"https:\/\/experienciadevida.com.ar\/portalurbano\/wp-content\/uploads\/2022\/06\/cafe-1024x768.jpeg 1024w, https:\/\/experienciadevida.com.ar\/portalurbano\/wp-content\/uploads\/2022\/06\/cafe-300x225.jpeg 300w, https:\/\/experienciadevida.com.ar\/portalurbano\/wp-content\/uploads\/2022\/06\/cafe-768x576.jpeg 768w, https:\/\/experienciadevida.com.ar\/portalurbano\/wp-content\/uploads\/2022\/06\/cafe-1536x1152.jpeg 1536w, https:\/\/experienciadevida.com.ar\/portalurbano\/wp-content\/uploads\/2022\/06\/cafe.jpeg 1600w\" sizes=\"(max-width: 900px) 100vw, 900px\" \/><\/a><\/p>\n","protected":false},"excerpt":{"rendered":"<p>Charla Caf\u00e9 con una veintena de escritores locales junto a Vergel y Matrella,\u00a0 en el&#8230;<\/p>\n","protected":false},"author":1,"featured_media":169566,"comment_status":"closed","ping_status":"closed","sticky":false,"template":"","format":"standard","meta":{"content-type":""},"categories":[27],"tags":[],"nelio_content":{"isAutoShareEnabled":false,"autoShareEndMode":"default","automationSources":{"useContentSentences":true,"useSocialTemplates":true,"useCustomSentences":false,"customSentences":[]},"followers":[1],"suggestedReferences":[],"includedReferences":["https:\/\/www.instagram.com\/belenvergel\/?hl=es-la","https:\/\/www.instagram.com\/sebastianmatrella\/?hl=es-la"],"efiUrl":"","efiAlt":"","highlights":[]},"yoast_head":"<!-- This site is optimized with the Yoast SEO plugin v20.7 - https:\/\/yoast.com\/wordpress\/plugins\/seo\/ -->\n<title>Charla caf\u00e9 con una veintena de escritores locales junto a Vergel<\/title>\n<meta name=\"description\" content=\"Charla Caf\u00e9 con una veintena de escritores locales junto a Vergel y Matrella,\u00a0 en el marco del d\u00eda del escritor, compartieron una charla amena\" \/>\n<meta name=\"robots\" content=\"index, follow, max-snippet:-1, max-image-preview:large, max-video-preview:-1\" \/>\n<link rel=\"canonical\" href=\"https:\/\/experienciadevida.com.ar\/portalurbano\/charla-cafe-con-una-veintena-de-escritores-locales-junto-a-vergel-y-matrella\/\" \/>\n<meta property=\"og:locale\" content=\"es_ES\" \/>\n<meta property=\"og:type\" content=\"article\" \/>\n<meta property=\"og:title\" content=\"Charla caf\u00e9 con una veintena de escritores locales junto a Vergel\" \/>\n<meta property=\"og:description\" content=\"Charla Caf\u00e9 con una veintena de escritores locales junto a Vergel y Matrella,\u00a0 en el marco del d\u00eda del escritor, compartieron una charla amena\" \/>\n<meta property=\"og:url\" content=\"https:\/\/experienciadevida.com.ar\/portalurbano\/charla-cafe-con-una-veintena-de-escritores-locales-junto-a-vergel-y-matrella\/\" \/>\n<meta property=\"article:publisher\" content=\"https:\/\/www.facebook.com\/Portal-Urbano-171542830093757\/\" \/>\n<meta property=\"article:published_time\" content=\"2022-06-14T13:45:48+00:00\" \/>\n<meta property=\"article:modified_time\" content=\"2022-06-14T13:47:08+00:00\" \/>\n<meta property=\"og:image\" content=\"https:\/\/experienciadevida.com.ar\/portalurbano\/wp-content\/uploads\/2022\/06\/Charla-Cafe-con-una.jpeg\" \/>\n\t<meta property=\"og:image:width\" content=\"1280\" \/>\n\t<meta property=\"og:image:height\" content=\"576\" \/>\n\t<meta property=\"og:image:type\" content=\"image\/jpeg\" \/>\n<meta name=\"author\" content=\"admpu17wp\" \/>\n<meta name=\"twitter:card\" content=\"summary_large_image\" \/>\n<meta name=\"twitter:creator\" content=\"@portalurbanook\" \/>\n<meta name=\"twitter:site\" content=\"@portalurbanook\" \/>\n<meta name=\"twitter:label1\" content=\"Escrito por\" \/>\n\t<meta name=\"twitter:data1\" content=\"admpu17wp\" \/>\n\t<meta name=\"twitter:label2\" content=\"Tiempo de lectura\" \/>\n\t<meta name=\"twitter:data2\" content=\"2 minutos\" \/>\n<script type=\"application\/ld+json\" class=\"yoast-schema-graph\">{\"@context\":\"https:\/\/schema.org\",\"@graph\":[{\"@type\":\"Article\",\"@id\":\"https:\/\/experienciadevida.com.ar\/portalurbano\/charla-cafe-con-una-veintena-de-escritores-locales-junto-a-vergel-y-matrella\/#article\",\"isPartOf\":{\"@id\":\"https:\/\/experienciadevida.com.ar\/portalurbano\/charla-cafe-con-una-veintena-de-escritores-locales-junto-a-vergel-y-matrella\/\"},\"author\":{\"name\":\"admpu17wp\",\"@id\":\"https:\/\/experienciadevida.com.ar\/portalurbano\/#\/schema\/person\/02dd326b1c4b056e9cc972486934a3a7\"},\"headline\":\"Charla Caf\u00e9 con una veintena de escritores locales junto a Vergel y Matrella\",\"datePublished\":\"2022-06-14T13:45:48+00:00\",\"dateModified\":\"2022-06-14T13:47:08+00:00\",\"mainEntityOfPage\":{\"@id\":\"https:\/\/experienciadevida.com.ar\/portalurbano\/charla-cafe-con-una-veintena-de-escritores-locales-junto-a-vergel-y-matrella\/\"},\"wordCount\":335,\"publisher\":{\"@id\":\"https:\/\/experienciadevida.com.ar\/portalurbano\/#organization\"},\"articleSection\":[\"Ciudad\"],\"inLanguage\":\"es\"},{\"@type\":\"WebPage\",\"@id\":\"https:\/\/experienciadevida.com.ar\/portalurbano\/charla-cafe-con-una-veintena-de-escritores-locales-junto-a-vergel-y-matrella\/\",\"url\":\"https:\/\/experienciadevida.com.ar\/portalurbano\/charla-cafe-con-una-veintena-de-escritores-locales-junto-a-vergel-y-matrella\/\",\"name\":\"Charla caf\u00e9 con una veintena de escritores locales junto a Vergel\",\"isPartOf\":{\"@id\":\"https:\/\/experienciadevida.com.ar\/portalurbano\/#website\"},\"datePublished\":\"2022-06-14T13:45:48+00:00\",\"dateModified\":\"2022-06-14T13:47:08+00:00\",\"description\":\"Charla Caf\u00e9 con una veintena de escritores locales junto a Vergel y Matrella,\u00a0 en el marco del d\u00eda del escritor, compartieron una charla amena\",\"breadcrumb\":{\"@id\":\"https:\/\/experienciadevida.com.ar\/portalurbano\/charla-cafe-con-una-veintena-de-escritores-locales-junto-a-vergel-y-matrella\/#breadcrumb\"},\"inLanguage\":\"es\",\"potentialAction\":[{\"@type\":\"ReadAction\",\"target\":[\"https:\/\/experienciadevida.com.ar\/portalurbano\/charla-cafe-con-una-veintena-de-escritores-locales-junto-a-vergel-y-matrella\/\"]}]},{\"@type\":\"BreadcrumbList\",\"@id\":\"https:\/\/experienciadevida.com.ar\/portalurbano\/charla-cafe-con-una-veintena-de-escritores-locales-junto-a-vergel-y-matrella\/#breadcrumb\",\"itemListElement\":[{\"@type\":\"ListItem\",\"position\":1,\"name\":\"Portada\",\"item\":\"https:\/\/experienciadevida.com.ar\/portalurbano\/\"},{\"@type\":\"ListItem\",\"position\":2,\"name\":\"Charla Caf\u00e9 con una veintena de escritores locales junto a Vergel y Matrella\"}]},{\"@type\":\"WebSite\",\"@id\":\"https:\/\/experienciadevida.com.ar\/portalurbano\/#website\",\"url\":\"https:\/\/experienciadevida.com.ar\/portalurbano\/\",\"name\":\"\",\"description\":\"\",\"publisher\":{\"@id\":\"https:\/\/experienciadevida.com.ar\/portalurbano\/#organization\"},\"potentialAction\":[{\"@type\":\"SearchAction\",\"target\":{\"@type\":\"EntryPoint\",\"urlTemplate\":\"https:\/\/experienciadevida.com.ar\/portalurbano\/?s={search_term_string}\"},\"query-input\":\"required name=search_term_string\"}],\"inLanguage\":\"es\"},{\"@type\":\"Organization\",\"@id\":\"https:\/\/experienciadevida.com.ar\/portalurbano\/#organization\",\"name\":\"Portal Urbano\",\"url\":\"https:\/\/experienciadevida.com.ar\/portalurbano\/\",\"logo\":{\"@type\":\"ImageObject\",\"inLanguage\":\"es\",\"@id\":\"https:\/\/experienciadevida.com.ar\/portalurbano\/#\/schema\/logo\/image\/\",\"url\":\"https:\/\/experienciadevida.com.ar\/portalurbano\/wp-content\/uploads\/2019\/09\/Logo-Original.png\",\"contentUrl\":\"https:\/\/experienciadevida.com.ar\/portalurbano\/wp-content\/uploads\/2019\/09\/Logo-Original.png\",\"width\":2236,\"height\":1216,\"caption\":\"Portal Urbano\"},\"image\":{\"@id\":\"https:\/\/experienciadevida.com.ar\/portalurbano\/#\/schema\/logo\/image\/\"},\"sameAs\":[\"https:\/\/www.facebook.com\/Portal-Urbano-171542830093757\/\",\"https:\/\/twitter.com\/portalurbanook\",\"https:\/\/www.instagram.com\/_portalurbano\/\",\"https:\/\/www.youtube.com\/channel\/UCXhagIfszH8KxFiOok79zbA?view_as=subscriber\"]},{\"@type\":\"Person\",\"@id\":\"https:\/\/experienciadevida.com.ar\/portalurbano\/#\/schema\/person\/02dd326b1c4b056e9cc972486934a3a7\",\"name\":\"admpu17wp\",\"image\":{\"@type\":\"ImageObject\",\"inLanguage\":\"es\",\"@id\":\"https:\/\/experienciadevida.com.ar\/portalurbano\/#\/schema\/person\/image\/\",\"url\":\"https:\/\/secure.gravatar.com\/avatar\/830d4c57adaae6630765e449a6908047?s=96&d=mm&r=g\",\"contentUrl\":\"https:\/\/secure.gravatar.com\/avatar\/830d4c57adaae6630765e449a6908047?s=96&d=mm&r=g\",\"caption\":\"admpu17wp\"}}]}<\/script>\n<!-- \/ Yoast SEO plugin. -->","yoast_head_json":{"title":"Charla caf\u00e9 con una veintena de escritores locales junto a Vergel","description":"Charla Caf\u00e9 con una veintena de escritores locales junto a Vergel y Matrella,\u00a0 en el marco del d\u00eda del escritor, compartieron una charla amena","robots":{"index":"index","follow":"follow","max-snippet":"max-snippet:-1","max-image-preview":"max-image-preview:large","max-video-preview":"max-video-preview:-1"},"canonical":"https:\/\/experienciadevida.com.ar\/portalurbano\/charla-cafe-con-una-veintena-de-escritores-locales-junto-a-vergel-y-matrella\/","og_locale":"es_ES","og_type":"article","og_title":"Charla caf\u00e9 con una veintena de escritores locales junto a Vergel","og_description":"Charla Caf\u00e9 con una veintena de escritores locales junto a Vergel y Matrella,\u00a0 en el marco del d\u00eda del escritor, compartieron una charla amena","og_url":"https:\/\/experienciadevida.com.ar\/portalurbano\/charla-cafe-con-una-veintena-de-escritores-locales-junto-a-vergel-y-matrella\/","article_publisher":"https:\/\/www.facebook.com\/Portal-Urbano-171542830093757\/","article_published_time":"2022-06-14T13:45:48+00:00","article_modified_time":"2022-06-14T13:47:08+00:00","og_image":[{"width":1280,"height":576,"url":"https:\/\/experienciadevida.com.ar\/portalurbano\/wp-content\/uploads\/2022\/06\/Charla-Cafe-con-una.jpeg","type":"image\/jpeg"}],"author":"admpu17wp","twitter_card":"summary_large_image","twitter_creator":"@portalurbanook","twitter_site":"@portalurbanook","twitter_misc":{"Escrito por":"admpu17wp","Tiempo de lectura":"2 minutos"},"schema":{"@context":"https:\/\/schema.org","@graph":[{"@type":"Article","@id":"https:\/\/experienciadevida.com.ar\/portalurbano\/charla-cafe-con-una-veintena-de-escritores-locales-junto-a-vergel-y-matrella\/#article","isPartOf":{"@id":"https:\/\/experienciadevida.com.ar\/portalurbano\/charla-cafe-con-una-veintena-de-escritores-locales-junto-a-vergel-y-matrella\/"},"author":{"name":"admpu17wp","@id":"https:\/\/experienciadevida.com.ar\/portalurbano\/#\/schema\/person\/02dd326b1c4b056e9cc972486934a3a7"},"headline":"Charla Caf\u00e9 con una veintena de escritores locales junto a Vergel y Matrella","datePublished":"2022-06-14T13:45:48+00:00","dateModified":"2022-06-14T13:47:08+00:00","mainEntityOfPage":{"@id":"https:\/\/experienciadevida.com.ar\/portalurbano\/charla-cafe-con-una-veintena-de-escritores-locales-junto-a-vergel-y-matrella\/"},"wordCount":335,"publisher":{"@id":"https:\/\/experienciadevida.com.ar\/portalurbano\/#organization"},"articleSection":["Ciudad"],"inLanguage":"es"},{"@type":"WebPage","@id":"https:\/\/experienciadevida.com.ar\/portalurbano\/charla-cafe-con-una-veintena-de-escritores-locales-junto-a-vergel-y-matrella\/","url":"https:\/\/experienciadevida.com.ar\/portalurbano\/charla-cafe-con-una-veintena-de-escritores-locales-junto-a-vergel-y-matrella\/","name":"Charla caf\u00e9 con una veintena de escritores locales junto a Vergel","isPartOf":{"@id":"https:\/\/experienciadevida.com.ar\/portalurbano\/#website"},"datePublished":"2022-06-14T13:45:48+00:00","dateModified":"2022-06-14T13:47:08+00:00","description":"Charla Caf\u00e9 con una veintena de escritores locales junto a Vergel y Matrella,\u00a0 en el marco del d\u00eda del escritor, compartieron una charla amena","breadcrumb":{"@id":"https:\/\/experienciadevida.com.ar\/portalurbano\/charla-cafe-con-una-veintena-de-escritores-locales-junto-a-vergel-y-matrella\/#breadcrumb"},"inLanguage":"es","potentialAction":[{"@type":"ReadAction","target":["https:\/\/experienciadevida.com.ar\/portalurbano\/charla-cafe-con-una-veintena-de-escritores-locales-junto-a-vergel-y-matrella\/"]}]},{"@type":"BreadcrumbList","@id":"https:\/\/experienciadevida.com.ar\/portalurbano\/charla-cafe-con-una-veintena-de-escritores-locales-junto-a-vergel-y-matrella\/#breadcrumb","itemListElement":[{"@type":"ListItem","position":1,"name":"Portada","item":"https:\/\/experienciadevida.com.ar\/portalurbano\/"},{"@type":"ListItem","position":2,"name":"Charla Caf\u00e9 con una veintena de escritores locales junto a Vergel y Matrella"}]},{"@type":"WebSite","@id":"https:\/\/experienciadevida.com.ar\/portalurbano\/#website","url":"https:\/\/experienciadevida.com.ar\/portalurbano\/","name":"","description":"","publisher":{"@id":"https:\/\/experienciadevida.com.ar\/portalurbano\/#organization"},"potentialAction":[{"@type":"SearchAction","target":{"@type":"EntryPoint","urlTemplate":"https:\/\/experienciadevida.com.ar\/portalurbano\/?s={search_term_string}"},"query-input":"required name=search_term_string"}],"inLanguage":"es"},{"@type":"Organization","@id":"https:\/\/experienciadevida.com.ar\/portalurbano\/#organization","name":"Portal Urbano","url":"https:\/\/experienciadevida.com.ar\/portalurbano\/","logo":{"@type":"ImageObject","inLanguage":"es","@id":"https:\/\/experienciadevida.com.ar\/portalurbano\/#\/schema\/logo\/image\/","url":"https:\/\/experienciadevida.com.ar\/portalurbano\/wp-content\/uploads\/2019\/09\/Logo-Original.png","contentUrl":"https:\/\/experienciadevida.com.ar\/portalurbano\/wp-content\/uploads\/2019\/09\/Logo-Original.png","width":2236,"height":1216,"caption":"Portal Urbano"},"image":{"@id":"https:\/\/experienciadevida.com.ar\/portalurbano\/#\/schema\/logo\/image\/"},"sameAs":["https:\/\/www.facebook.com\/Portal-Urbano-171542830093757\/","https:\/\/twitter.com\/portalurbanook","https:\/\/www.instagram.com\/_portalurbano\/","https:\/\/www.youtube.com\/channel\/UCXhagIfszH8KxFiOok79zbA?view_as=subscriber"]},{"@type":"Person","@id":"https:\/\/experienciadevida.com.ar\/portalurbano\/#\/schema\/person\/02dd326b1c4b056e9cc972486934a3a7","name":"admpu17wp","image":{"@type":"ImageObject","inLanguage":"es","@id":"https:\/\/experienciadevida.com.ar\/portalurbano\/#\/schema\/person\/image\/","url":"https:\/\/secure.gravatar.com\/avatar\/830d4c57adaae6630765e449a6908047?s=96&d=mm&r=g","contentUrl":"https:\/\/secure.gravatar.com\/avatar\/830d4c57adaae6630765e449a6908047?s=96&d=mm&r=g","caption":"admpu17wp"}}]}},"featured_image_urls":{"full":["https:\/\/experienciadevida.com.ar\/portalurbano\/wp-content\/uploads\/2022\/06\/Charla-Cafe-con-una.jpeg",1280,576,false],"thumbnail":["https:\/\/experienciadevida.com.ar\/portalurbano\/wp-content\/uploads\/2022\/06\/Charla-Cafe-con-una-150x150.jpeg",150,150,true],"medium":["https:\/\/experienciadevida.com.ar\/portalurbano\/wp-content\/uploads\/2022\/06\/Charla-Cafe-con-una-300x135.jpeg",300,135,true],"medium_large":["https:\/\/experienciadevida.com.ar\/portalurbano\/wp-content\/uploads\/2022\/06\/Charla-Cafe-con-una-768x346.jpeg",640,288,true],"large":["https:\/\/experienciadevida.com.ar\/portalurbano\/wp-content\/uploads\/2022\/06\/Charla-Cafe-con-una-1024x461.jpeg",640,288,true],"ug_big":["https:\/\/experienciadevida.com.ar\/portalurbano\/wp-content\/uploads\/2022\/06\/Charla-Cafe-con-una-768x346.jpeg",768,346,true],"1536x1536":["https:\/\/experienciadevida.com.ar\/portalurbano\/wp-content\/uploads\/2022\/06\/Charla-Cafe-con-una.jpeg",1280,576,false],"2048x2048":["https:\/\/experienciadevida.com.ar\/portalurbano\/wp-content\/uploads\/2022\/06\/Charla-Cafe-con-una.jpeg",1280,576,false],"newsever-slider-full":["https:\/\/experienciadevida.com.ar\/portalurbano\/wp-content\/uploads\/2022\/06\/Charla-Cafe-con-una.jpeg",1280,576,false],"newsever-featured":["https:\/\/experienciadevida.com.ar\/portalurbano\/wp-content\/uploads\/2022\/06\/Charla-Cafe-con-una.jpeg",1024,461,false],"newsever-medium":["https:\/\/experienciadevida.com.ar\/portalurbano\/wp-content\/uploads\/2022\/06\/Charla-Cafe-con-una.jpeg",720,324,false],"web-stories-poster-portrait":["https:\/\/experienciadevida.com.ar\/portalurbano\/wp-content\/uploads\/2022\/06\/Charla-Cafe-con-una.jpeg",640,288,false],"web-stories-publisher-logo":["https:\/\/experienciadevida.com.ar\/portalurbano\/wp-content\/uploads\/2022\/06\/Charla-Cafe-con-una.jpeg",96,43,false],"web-stories-thumbnail":["https:\/\/experienciadevida.com.ar\/portalurbano\/wp-content\/uploads\/2022\/06\/Charla-Cafe-con-una.jpeg",150,68,false]},"author_info":{"display_name":"admpu17wp","author_link":"https:\/\/experienciadevida.com.ar\/portalurbano\/author\/admpu17wp\/"},"category_info":"<a href=\"https:\/\/experienciadevida.com.ar\/portalurbano\/category\/ciudad\/\" rel=\"category tag\">Ciudad<\/a>","tag_info":"Ciudad","comment_count":"0","amp_enabled":true,"_links":{"self":[{"href":"https:\/\/experienciadevida.com.ar\/portalurbano\/wp-json\/wp\/v2\/posts\/169565"}],"collection":[{"href":"https:\/\/experienciadevida.com.ar\/portalurbano\/wp-json\/wp\/v2\/posts"}],"about":[{"href":"https:\/\/experienciadevida.com.ar\/portalurbano\/wp-json\/wp\/v2\/types\/post"}],"author":[{"embeddable":true,"href":"https:\/\/experienciadevida.com.ar\/portalurbano\/wp-json\/wp\/v2\/users\/1"}],"replies":[{"embeddable":true,"href":"https:\/\/experienciadevida.com.ar\/portalurbano\/wp-json\/wp\/v2\/comments?post=169565"}],"version-history":[{"count":2,"href":"https:\/\/experienciadevida.com.ar\/portalurbano\/wp-json\/wp\/v2\/posts\/169565\/revisions"}],"predecessor-version":[{"id":169570,"href":"https:\/\/experienciadevida.com.ar\/portalurbano\/wp-json\/wp\/v2\/posts\/169565\/revisions\/169570"}],"wp:featuredmedia":[{"embeddable":true,"href":"https:\/\/experienciadevida.com.ar\/portalurbano\/wp-json\/wp\/v2\/media\/169566"}],"wp:attachment":[{"href":"https:\/\/experienciadevida.com.ar\/portalurbano\/wp-json\/wp\/v2\/media?parent=169565"}],"wp:term":[{"taxonomy":"category","embeddable":true,"href":"https:\/\/experienciadevida.com.ar\/portalurbano\/wp-json\/wp\/v2\/categories?post=169565"},{"taxonomy":"post_tag","embeddable":true,"href":"https:\/\/experienciadevida.com.ar\/portalurbano\/wp-json\/wp\/v2\/tags?post=169565"}],"curies":[{"name":"wp","href":"https:\/\/api.w.org\/{rel}","templated":true}]}}