{"id":169546,"date":"2022-06-14T09:02:58","date_gmt":"2022-06-14T12:02:58","guid":{"rendered":"https:\/\/experienciadevida.com.ar\/portalurbano\/?p=169546"},"modified":"2022-06-14T09:09:37","modified_gmt":"2022-06-14T12:09:37","slug":"cuenta-regresiva-para-el-arribo-de-mostaza-a-olavarria","status":"publish","type":"post","link":"https:\/\/experienciadevida.com.ar\/portalurbano\/cuenta-regresiva-para-el-arribo-de-mostaza-a-olavarria\/","title":{"rendered":"Cuenta regresiva para el arribo de Mostaza a Olavarr\u00eda"},"content":{"rendered":"<p>Cuenta regresiva para el arribo de Mostaza a Olavarr\u00eda, en las pr\u00f3ximas semanas, la cadena de comidas r\u00e1pidas Mostaza desembarcar\u00e1 en Olavarr\u00eda, en la esquina de Av. Col\u00f3n y Vicente L\u00f3pez.<\/p>\n<p>En este sentido, en la tarde del lunes, el intendente Ezequiel <a href=\"https:\/\/www.facebook.com\/galliezequiel\">Galli<\/a> recibi\u00f3 en Sala de Reuniones al propietario de la franquicia Fernando Zubizarreta.<\/p>\n<p>Estuvieron acompa\u00f1ados por el secretario de Desarrollo Econ\u00f3mico Julio Valetutto, la subsecretaria de Empresas e Inversiones Emilia D\u00edaz y las arquitectas del proyecto Mariana Ottonelli y Cynthia Mart\u00ednez.<\/p>\n<p>Dialogaron acerca de la expectativa por la apertura del local en la ciudad y la importancia de la Direcci\u00f3n de Empleo del Municipio, al momento de realizar un trabajo mancomunado para la selecci\u00f3n de personal que, seg\u00fan confirm\u00f3 el propietario de la franquicia, alcanza las 60 personas.<\/p>\n<p>El local que se instalar\u00e1 en Olavarr\u00eda es el primero del pa\u00eds con la nueva imagen de la marca.<\/p>\n<p>\u201cSiempre es para celebrar la llegada de inversiones a Olavarr\u00eda, porque genera mano de obra para los olavarrienses, que no s\u00f3lo intervienen en la construcci\u00f3n del local sino que adem\u00e1s ser\u00e1n los encargados de atender a los vecinos\u201d, sostuvo el Intendente.<\/p>\n<p>Adem\u00e1s se\u00f1al\u00f3 que \u201ctodos los empresarios que se radican en Olavarr\u00eda saben que pueden contar con el Municipio para que se puedan desarrollar de la mejor manera. En el caso de Mostaza fue clave nuestra oficina de Empleo\u201d.<\/p>\n<p><a href=\"https:\/\/experienciadevida.com.ar\/portalurbano\/cuenta-regresiva-para-el-arribo-de-mostaza-a-olavarria\/cuenta-regresiva\/\" rel=\"attachment wp-att-169549\"><img decoding=\"async\" class=\"alignnone size-large wp-image-169549\" src=\"https:\/\/experienciadevida.com.ar\/portalurbano\/wp-content\/uploads\/2022\/06\/Cuenta-regresiva-1024x684.jpg\" alt=\"Cuenta regresiva \" width=\"900\" height=\"601\" srcset=\"https:\/\/experienciadevida.com.ar\/portalurbano\/wp-content\/uploads\/2022\/06\/Cuenta-regresiva-1024x684.jpg 1024w, https:\/\/experienciadevida.com.ar\/portalurbano\/wp-content\/uploads\/2022\/06\/Cuenta-regresiva-300x201.jpg 300w, https:\/\/experienciadevida.com.ar\/portalurbano\/wp-content\/uploads\/2022\/06\/Cuenta-regresiva-768x513.jpg 768w, https:\/\/experienciadevida.com.ar\/portalurbano\/wp-content\/uploads\/2022\/06\/Cuenta-regresiva-1536x1027.jpg 1536w, https:\/\/experienciadevida.com.ar\/portalurbano\/wp-content\/uploads\/2022\/06\/Cuenta-regresiva-2048x1369.jpg 2048w\" sizes=\"(max-width: 900px) 100vw, 900px\" \/><\/a><\/p>\n","protected":false},"excerpt":{"rendered":"<p>Cuenta regresiva para el arribo de Mostaza a Olavarr\u00eda, en las pr\u00f3ximas semanas, la cadena&#8230;<\/p>\n","protected":false},"author":1,"featured_media":169547,"comment_status":"closed","ping_status":"closed","sticky":false,"template":"","format":"standard","meta":{"content-type":""},"categories":[27,51],"tags":[],"nelio_content":{"isAutoShareEnabled":false,"autoShareEndMode":"default","automationSources":{"useContentSentences":true,"useSocialTemplates":true,"useCustomSentences":false,"customSentences":[]},"followers":[1],"suggestedReferences":[],"includedReferences":[],"efiUrl":"","efiAlt":"","highlights":[]},"yoast_head":"<!-- This site is optimized with the Yoast SEO plugin v20.7 - https:\/\/yoast.com\/wordpress\/plugins\/seo\/ -->\n<title>Cuenta regresiva para el arribo de Mostaza en Olavarria<\/title>\n<meta name=\"description\" content=\"Cuenta regresiva para el arribo de Mostaza a Olavarr\u00eda, en las pr\u00f3ximas semanas, la cadena de comidas r\u00e1pidas Mostaza estar\u00e1 en Olavarr\u00eda,\" \/>\n<meta name=\"robots\" content=\"index, follow, max-snippet:-1, max-image-preview:large, max-video-preview:-1\" \/>\n<link rel=\"canonical\" href=\"https:\/\/experienciadevida.com.ar\/portalurbano\/cuenta-regresiva-para-el-arribo-de-mostaza-a-olavarria\/\" \/>\n<meta property=\"og:locale\" content=\"es_ES\" \/>\n<meta property=\"og:type\" content=\"article\" \/>\n<meta property=\"og:title\" content=\"Cuenta regresiva para el arribo de Mostaza en Olavarria\" \/>\n<meta property=\"og:description\" content=\"Cuenta regresiva para el arribo de Mostaza a Olavarr\u00eda, en las pr\u00f3ximas semanas, la cadena de comidas r\u00e1pidas Mostaza estar\u00e1 en Olavarr\u00eda,\" \/>\n<meta property=\"og:url\" content=\"https:\/\/experienciadevida.com.ar\/portalurbano\/cuenta-regresiva-para-el-arribo-de-mostaza-a-olavarria\/\" \/>\n<meta property=\"article:publisher\" content=\"https:\/\/www.facebook.com\/Portal-Urbano-171542830093757\/\" \/>\n<meta property=\"article:published_time\" content=\"2022-06-14T12:02:58+00:00\" \/>\n<meta property=\"article:modified_time\" content=\"2022-06-14T12:09:37+00:00\" \/>\n<meta property=\"og:image\" content=\"https:\/\/experienciadevida.com.ar\/portalurbano\/wp-content\/uploads\/2022\/06\/Cuenta-regresiva-para-el.jpg\" \/>\n\t<meta property=\"og:image:width\" content=\"2560\" \/>\n\t<meta property=\"og:image:height\" content=\"1711\" \/>\n\t<meta property=\"og:image:type\" content=\"image\/jpeg\" \/>\n<meta name=\"author\" content=\"admpu17wp\" \/>\n<meta name=\"twitter:card\" content=\"summary_large_image\" \/>\n<meta name=\"twitter:creator\" content=\"@portalurbanook\" \/>\n<meta name=\"twitter:site\" content=\"@portalurbanook\" \/>\n<meta name=\"twitter:label1\" content=\"Escrito por\" \/>\n\t<meta name=\"twitter:data1\" content=\"admpu17wp\" \/>\n\t<meta name=\"twitter:label2\" content=\"Tiempo de lectura\" \/>\n\t<meta name=\"twitter:data2\" content=\"2 minutos\" \/>\n<script type=\"application\/ld+json\" class=\"yoast-schema-graph\">{\"@context\":\"https:\/\/schema.org\",\"@graph\":[{\"@type\":\"Article\",\"@id\":\"https:\/\/experienciadevida.com.ar\/portalurbano\/cuenta-regresiva-para-el-arribo-de-mostaza-a-olavarria\/#article\",\"isPartOf\":{\"@id\":\"https:\/\/experienciadevida.com.ar\/portalurbano\/cuenta-regresiva-para-el-arribo-de-mostaza-a-olavarria\/\"},\"author\":{\"name\":\"admpu17wp\",\"@id\":\"https:\/\/experienciadevida.com.ar\/portalurbano\/#\/schema\/person\/02dd326b1c4b056e9cc972486934a3a7\"},\"headline\":\"Cuenta regresiva para el arribo de Mostaza a Olavarr\u00eda\",\"datePublished\":\"2022-06-14T12:02:58+00:00\",\"dateModified\":\"2022-06-14T12:09:37+00:00\",\"mainEntityOfPage\":{\"@id\":\"https:\/\/experienciadevida.com.ar\/portalurbano\/cuenta-regresiva-para-el-arribo-de-mostaza-a-olavarria\/\"},\"wordCount\":260,\"publisher\":{\"@id\":\"https:\/\/experienciadevida.com.ar\/portalurbano\/#organization\"},\"articleSection\":[\"Ciudad\",\"Destacadas\"],\"inLanguage\":\"es\"},{\"@type\":\"WebPage\",\"@id\":\"https:\/\/experienciadevida.com.ar\/portalurbano\/cuenta-regresiva-para-el-arribo-de-mostaza-a-olavarria\/\",\"url\":\"https:\/\/experienciadevida.com.ar\/portalurbano\/cuenta-regresiva-para-el-arribo-de-mostaza-a-olavarria\/\",\"name\":\"Cuenta regresiva para el arribo de Mostaza en Olavarria\",\"isPartOf\":{\"@id\":\"https:\/\/experienciadevida.com.ar\/portalurbano\/#website\"},\"datePublished\":\"2022-06-14T12:02:58+00:00\",\"dateModified\":\"2022-06-14T12:09:37+00:00\",\"description\":\"Cuenta regresiva para el arribo de Mostaza a Olavarr\u00eda, en las pr\u00f3ximas semanas, la cadena de comidas r\u00e1pidas Mostaza estar\u00e1 en Olavarr\u00eda,\",\"breadcrumb\":{\"@id\":\"https:\/\/experienciadevida.com.ar\/portalurbano\/cuenta-regresiva-para-el-arribo-de-mostaza-a-olavarria\/#breadcrumb\"},\"inLanguage\":\"es\",\"potentialAction\":[{\"@type\":\"ReadAction\",\"target\":[\"https:\/\/experienciadevida.com.ar\/portalurbano\/cuenta-regresiva-para-el-arribo-de-mostaza-a-olavarria\/\"]}]},{\"@type\":\"BreadcrumbList\",\"@id\":\"https:\/\/experienciadevida.com.ar\/portalurbano\/cuenta-regresiva-para-el-arribo-de-mostaza-a-olavarria\/#breadcrumb\",\"itemListElement\":[{\"@type\":\"ListItem\",\"position\":1,\"name\":\"Portada\",\"item\":\"https:\/\/experienciadevida.com.ar\/portalurbano\/\"},{\"@type\":\"ListItem\",\"position\":2,\"name\":\"Cuenta regresiva para el arribo de Mostaza a Olavarr\u00eda\"}]},{\"@type\":\"WebSite\",\"@id\":\"https:\/\/experienciadevida.com.ar\/portalurbano\/#website\",\"url\":\"https:\/\/experienciadevida.com.ar\/portalurbano\/\",\"name\":\"\",\"description\":\"\",\"publisher\":{\"@id\":\"https:\/\/experienciadevida.com.ar\/portalurbano\/#organization\"},\"potentialAction\":[{\"@type\":\"SearchAction\",\"target\":{\"@type\":\"EntryPoint\",\"urlTemplate\":\"https:\/\/experienciadevida.com.ar\/portalurbano\/?s={search_term_string}\"},\"query-input\":\"required name=search_term_string\"}],\"inLanguage\":\"es\"},{\"@type\":\"Organization\",\"@id\":\"https:\/\/experienciadevida.com.ar\/portalurbano\/#organization\",\"name\":\"Portal Urbano\",\"url\":\"https:\/\/experienciadevida.com.ar\/portalurbano\/\",\"logo\":{\"@type\":\"ImageObject\",\"inLanguage\":\"es\",\"@id\":\"https:\/\/experienciadevida.com.ar\/portalurbano\/#\/schema\/logo\/image\/\",\"url\":\"https:\/\/experienciadevida.com.ar\/portalurbano\/wp-content\/uploads\/2019\/09\/Logo-Original.png\",\"contentUrl\":\"https:\/\/experienciadevida.com.ar\/portalurbano\/wp-content\/uploads\/2019\/09\/Logo-Original.png\",\"width\":2236,\"height\":1216,\"caption\":\"Portal Urbano\"},\"image\":{\"@id\":\"https:\/\/experienciadevida.com.ar\/portalurbano\/#\/schema\/logo\/image\/\"},\"sameAs\":[\"https:\/\/www.facebook.com\/Portal-Urbano-171542830093757\/\",\"https:\/\/twitter.com\/portalurbanook\",\"https:\/\/www.instagram.com\/_portalurbano\/\",\"https:\/\/www.youtube.com\/channel\/UCXhagIfszH8KxFiOok79zbA?view_as=subscriber\"]},{\"@type\":\"Person\",\"@id\":\"https:\/\/experienciadevida.com.ar\/portalurbano\/#\/schema\/person\/02dd326b1c4b056e9cc972486934a3a7\",\"name\":\"admpu17wp\",\"image\":{\"@type\":\"ImageObject\",\"inLanguage\":\"es\",\"@id\":\"https:\/\/experienciadevida.com.ar\/portalurbano\/#\/schema\/person\/image\/\",\"url\":\"https:\/\/secure.gravatar.com\/avatar\/830d4c57adaae6630765e449a6908047?s=96&d=mm&r=g\",\"contentUrl\":\"https:\/\/secure.gravatar.com\/avatar\/830d4c57adaae6630765e449a6908047?s=96&d=mm&r=g\",\"caption\":\"admpu17wp\"}}]}<\/script>\n<!-- \/ Yoast SEO plugin. -->","yoast_head_json":{"title":"Cuenta regresiva para el arribo de Mostaza en Olavarria","description":"Cuenta regresiva para el arribo de Mostaza a Olavarr\u00eda, en las pr\u00f3ximas semanas, la cadena de comidas r\u00e1pidas Mostaza estar\u00e1 en Olavarr\u00eda,","robots":{"index":"index","follow":"follow","max-snippet":"max-snippet:-1","max-image-preview":"max-image-preview:large","max-video-preview":"max-video-preview:-1"},"canonical":"https:\/\/experienciadevida.com.ar\/portalurbano\/cuenta-regresiva-para-el-arribo-de-mostaza-a-olavarria\/","og_locale":"es_ES","og_type":"article","og_title":"Cuenta regresiva para el arribo de Mostaza en Olavarria","og_description":"Cuenta regresiva para el arribo de Mostaza a Olavarr\u00eda, en las pr\u00f3ximas semanas, la cadena de comidas r\u00e1pidas Mostaza estar\u00e1 en Olavarr\u00eda,","og_url":"https:\/\/experienciadevida.com.ar\/portalurbano\/cuenta-regresiva-para-el-arribo-de-mostaza-a-olavarria\/","article_publisher":"https:\/\/www.facebook.com\/Portal-Urbano-171542830093757\/","article_published_time":"2022-06-14T12:02:58+00:00","article_modified_time":"2022-06-14T12:09:37+00:00","og_image":[{"width":2560,"height":1711,"url":"https:\/\/experienciadevida.com.ar\/portalurbano\/wp-content\/uploads\/2022\/06\/Cuenta-regresiva-para-el.jpg","type":"image\/jpeg"}],"author":"admpu17wp","twitter_card":"summary_large_image","twitter_creator":"@portalurbanook","twitter_site":"@portalurbanook","twitter_misc":{"Escrito por":"admpu17wp","Tiempo de lectura":"2 minutos"},"schema":{"@context":"https:\/\/schema.org","@graph":[{"@type":"Article","@id":"https:\/\/experienciadevida.com.ar\/portalurbano\/cuenta-regresiva-para-el-arribo-de-mostaza-a-olavarria\/#article","isPartOf":{"@id":"https:\/\/experienciadevida.com.ar\/portalurbano\/cuenta-regresiva-para-el-arribo-de-mostaza-a-olavarria\/"},"author":{"name":"admpu17wp","@id":"https:\/\/experienciadevida.com.ar\/portalurbano\/#\/schema\/person\/02dd326b1c4b056e9cc972486934a3a7"},"headline":"Cuenta regresiva para el arribo de Mostaza a Olavarr\u00eda","datePublished":"2022-06-14T12:02:58+00:00","dateModified":"2022-06-14T12:09:37+00:00","mainEntityOfPage":{"@id":"https:\/\/experienciadevida.com.ar\/portalurbano\/cuenta-regresiva-para-el-arribo-de-mostaza-a-olavarria\/"},"wordCount":260,"publisher":{"@id":"https:\/\/experienciadevida.com.ar\/portalurbano\/#organization"},"articleSection":["Ciudad","Destacadas"],"inLanguage":"es"},{"@type":"WebPage","@id":"https:\/\/experienciadevida.com.ar\/portalurbano\/cuenta-regresiva-para-el-arribo-de-mostaza-a-olavarria\/","url":"https:\/\/experienciadevida.com.ar\/portalurbano\/cuenta-regresiva-para-el-arribo-de-mostaza-a-olavarria\/","name":"Cuenta regresiva para el arribo de Mostaza en Olavarria","isPartOf":{"@id":"https:\/\/experienciadevida.com.ar\/portalurbano\/#website"},"datePublished":"2022-06-14T12:02:58+00:00","dateModified":"2022-06-14T12:09:37+00:00","description":"Cuenta regresiva para el arribo de Mostaza a Olavarr\u00eda, en las pr\u00f3ximas semanas, la cadena de comidas r\u00e1pidas Mostaza estar\u00e1 en Olavarr\u00eda,","breadcrumb":{"@id":"https:\/\/experienciadevida.com.ar\/portalurbano\/cuenta-regresiva-para-el-arribo-de-mostaza-a-olavarria\/#breadcrumb"},"inLanguage":"es","potentialAction":[{"@type":"ReadAction","target":["https:\/\/experienciadevida.com.ar\/portalurbano\/cuenta-regresiva-para-el-arribo-de-mostaza-a-olavarria\/"]}]},{"@type":"BreadcrumbList","@id":"https:\/\/experienciadevida.com.ar\/portalurbano\/cuenta-regresiva-para-el-arribo-de-mostaza-a-olavarria\/#breadcrumb","itemListElement":[{"@type":"ListItem","position":1,"name":"Portada","item":"https:\/\/experienciadevida.com.ar\/portalurbano\/"},{"@type":"ListItem","position":2,"name":"Cuenta regresiva para el arribo de Mostaza a Olavarr\u00eda"}]},{"@type":"WebSite","@id":"https:\/\/experienciadevida.com.ar\/portalurbano\/#website","url":"https:\/\/experienciadevida.com.ar\/portalurbano\/","name":"","description":"","publisher":{"@id":"https:\/\/experienciadevida.com.ar\/portalurbano\/#organization"},"potentialAction":[{"@type":"SearchAction","target":{"@type":"EntryPoint","urlTemplate":"https:\/\/experienciadevida.com.ar\/portalurbano\/?s={search_term_string}"},"query-input":"required name=search_term_string"}],"inLanguage":"es"},{"@type":"Organization","@id":"https:\/\/experienciadevida.com.ar\/portalurbano\/#organization","name":"Portal Urbano","url":"https:\/\/experienciadevida.com.ar\/portalurbano\/","logo":{"@type":"ImageObject","inLanguage":"es","@id":"https:\/\/experienciadevida.com.ar\/portalurbano\/#\/schema\/logo\/image\/","url":"https:\/\/experienciadevida.com.ar\/portalurbano\/wp-content\/uploads\/2019\/09\/Logo-Original.png","contentUrl":"https:\/\/experienciadevida.com.ar\/portalurbano\/wp-content\/uploads\/2019\/09\/Logo-Original.png","width":2236,"height":1216,"caption":"Portal Urbano"},"image":{"@id":"https:\/\/experienciadevida.com.ar\/portalurbano\/#\/schema\/logo\/image\/"},"sameAs":["https:\/\/www.facebook.com\/Portal-Urbano-171542830093757\/","https:\/\/twitter.com\/portalurbanook","https:\/\/www.instagram.com\/_portalurbano\/","https:\/\/www.youtube.com\/channel\/UCXhagIfszH8KxFiOok79zbA?view_as=subscriber"]},{"@type":"Person","@id":"https:\/\/experienciadevida.com.ar\/portalurbano\/#\/schema\/person\/02dd326b1c4b056e9cc972486934a3a7","name":"admpu17wp","image":{"@type":"ImageObject","inLanguage":"es","@id":"https:\/\/experienciadevida.com.ar\/portalurbano\/#\/schema\/person\/image\/","url":"https:\/\/secure.gravatar.com\/avatar\/830d4c57adaae6630765e449a6908047?s=96&d=mm&r=g","contentUrl":"https:\/\/secure.gravatar.com\/avatar\/830d4c57adaae6630765e449a6908047?s=96&d=mm&r=g","caption":"admpu17wp"}}]}},"featured_image_urls":{"full":["https:\/\/experienciadevida.com.ar\/portalurbano\/wp-content\/uploads\/2022\/06\/Cuenta-regresiva-para-el.jpg",2560,1711,false],"thumbnail":["https:\/\/experienciadevida.com.ar\/portalurbano\/wp-content\/uploads\/2022\/06\/Cuenta-regresiva-para-el-150x150.jpg",150,150,true],"medium":["https:\/\/experienciadevida.com.ar\/portalurbano\/wp-content\/uploads\/2022\/06\/Cuenta-regresiva-para-el-300x201.jpg",300,201,true],"medium_large":["https:\/\/experienciadevida.com.ar\/portalurbano\/wp-content\/uploads\/2022\/06\/Cuenta-regresiva-para-el-768x513.jpg",640,428,true],"large":["https:\/\/experienciadevida.com.ar\/portalurbano\/wp-content\/uploads\/2022\/06\/Cuenta-regresiva-para-el-1024x684.jpg",640,428,true],"ug_big":["https:\/\/experienciadevida.com.ar\/portalurbano\/wp-content\/uploads\/2022\/06\/Cuenta-regresiva-para-el-768x513.jpg",768,513,true],"1536x1536":["https:\/\/experienciadevida.com.ar\/portalurbano\/wp-content\/uploads\/2022\/06\/Cuenta-regresiva-para-el-1536x1027.jpg",1536,1027,true],"2048x2048":["https:\/\/experienciadevida.com.ar\/portalurbano\/wp-content\/uploads\/2022\/06\/Cuenta-regresiva-para-el-2048x1369.jpg",2048,1369,true],"newsever-slider-full":["https:\/\/experienciadevida.com.ar\/portalurbano\/wp-content\/uploads\/2022\/06\/Cuenta-regresiva-para-el.jpg",1264,845,false],"newsever-featured":["https:\/\/experienciadevida.com.ar\/portalurbano\/wp-content\/uploads\/2022\/06\/Cuenta-regresiva-para-el.jpg",1024,684,false],"newsever-medium":["https:\/\/experienciadevida.com.ar\/portalurbano\/wp-content\/uploads\/2022\/06\/Cuenta-regresiva-para-el.jpg",711,475,false],"web-stories-poster-portrait":["https:\/\/experienciadevida.com.ar\/portalurbano\/wp-content\/uploads\/2022\/06\/Cuenta-regresiva-para-el.jpg",640,428,false],"web-stories-publisher-logo":["https:\/\/experienciadevida.com.ar\/portalurbano\/wp-content\/uploads\/2022\/06\/Cuenta-regresiva-para-el.jpg",96,64,false],"web-stories-thumbnail":["https:\/\/experienciadevida.com.ar\/portalurbano\/wp-content\/uploads\/2022\/06\/Cuenta-regresiva-para-el.jpg",150,100,false]},"author_info":{"display_name":"admpu17wp","author_link":"https:\/\/experienciadevida.com.ar\/portalurbano\/author\/admpu17wp\/"},"category_info":"<a href=\"https:\/\/experienciadevida.com.ar\/portalurbano\/category\/ciudad\/\" rel=\"category tag\">Ciudad<\/a> <a href=\"https:\/\/experienciadevida.com.ar\/portalurbano\/category\/destacadas\/\" rel=\"category tag\">Destacadas<\/a>","tag_info":"Destacadas","comment_count":"0","amp_enabled":true,"_links":{"self":[{"href":"https:\/\/experienciadevida.com.ar\/portalurbano\/wp-json\/wp\/v2\/posts\/169546"}],"collection":[{"href":"https:\/\/experienciadevida.com.ar\/portalurbano\/wp-json\/wp\/v2\/posts"}],"about":[{"href":"https:\/\/experienciadevida.com.ar\/portalurbano\/wp-json\/wp\/v2\/types\/post"}],"author":[{"embeddable":true,"href":"https:\/\/experienciadevida.com.ar\/portalurbano\/wp-json\/wp\/v2\/users\/1"}],"replies":[{"embeddable":true,"href":"https:\/\/experienciadevida.com.ar\/portalurbano\/wp-json\/wp\/v2\/comments?post=169546"}],"version-history":[{"count":2,"href":"https:\/\/experienciadevida.com.ar\/portalurbano\/wp-json\/wp\/v2\/posts\/169546\/revisions"}],"predecessor-version":[{"id":169550,"href":"https:\/\/experienciadevida.com.ar\/portalurbano\/wp-json\/wp\/v2\/posts\/169546\/revisions\/169550"}],"wp:featuredmedia":[{"embeddable":true,"href":"https:\/\/experienciadevida.com.ar\/portalurbano\/wp-json\/wp\/v2\/media\/169547"}],"wp:attachment":[{"href":"https:\/\/experienciadevida.com.ar\/portalurbano\/wp-json\/wp\/v2\/media?parent=169546"}],"wp:term":[{"taxonomy":"category","embeddable":true,"href":"https:\/\/experienciadevida.com.ar\/portalurbano\/wp-json\/wp\/v2\/categories?post=169546"},{"taxonomy":"post_tag","embeddable":true,"href":"https:\/\/experienciadevida.com.ar\/portalurbano\/wp-json\/wp\/v2\/tags?post=169546"}],"curies":[{"name":"wp","href":"https:\/\/api.w.org\/{rel}","templated":true}]}}