{"id":169504,"date":"2022-06-13T10:21:15","date_gmt":"2022-06-13T13:21:15","guid":{"rendered":"https:\/\/experienciadevida.com.ar\/portalurbano\/?p=169504"},"modified":"2022-06-13T10:23:51","modified_gmt":"2022-06-13T13:23:51","slug":"eduardo-rodriguez-destaco-el-reconocimiento-de-la-unicen-a-nivel-global-esta-universidad-regional-nos-llena-de-orgullo","status":"publish","type":"post","link":"https:\/\/experienciadevida.com.ar\/portalurbano\/eduardo-rodriguez-destaco-el-reconocimiento-de-la-unicen-a-nivel-global-esta-universidad-regional-nos-llena-de-orgullo\/","title":{"rendered":"Eduardo Rodr\u00edguez destac\u00f3 el reconocimiento de la UNICEN a nivel global: \u201cEsta Universidad regional nos llena de orgullo\u201d"},"content":{"rendered":"<p>Eduardo <a href=\"https:\/\/www.instagram.com\/rodriguezolav\/?hl=es-la\">Rodr\u00edguez<\/a> destac\u00f3 el reconocimiento de la UNICEN a nivel global: \u201cEsta Universidad regional nos llena de orgullo\u201d.<\/p>\n<p>El referente del Foro Olavarr\u00eda &#8211; Frente Renovador, Eduardo Rodr\u00edguez, destac\u00f3 el reconocimiento a nuestra querida Universidad Nacional del Centro de la provincia de Buenos Aires y felicit\u00f3 a toda la comunidad universitaria de las distintas sedes que la integran: Azul, Olavarr\u00eda, Tandil y Quequ\u00e9n (Necochea).<\/p>\n<p>La Universidad Nacional del Centro de la Provincia de Buenos Aires alcanz\u00f3 el puesto 601\u00b0 en el QS Ranking Global (la 7ma. entre las argentinas), que elabora la consultora brit\u00e1nica Quacquarelli Symonds, y se consolid\u00f3 como<br \/>\nuna de las instituciones universitarias p\u00fablicas mejor posicionadas a nivel nacional y provincial.<\/p>\n<p>Eduardo Rodr\u00edguez destac\u00f3 el reconocimiento a nuestra querida Universidad Nacional del Centro de la provincia de Buenos Aires y dijo que \u201cnos llena de orgullo que la Universidad regional tenga un protagonismo importante<br \/>\nentre las Universidad hist\u00f3ricas del pa\u00eds y el mundo\u201d.<\/p>\n<p>Adem\u00e1s, Rodr\u00edguez felicit\u00f3 a toda la comunidad universitaria de las distintas sedes que integran la Unicen: Azul, Olavarr\u00eda, Tandil y Quequ\u00e9n (Necochea). \u201cObviamente, como dirigente de Olavarr\u00eda, quiero destacar el aporte de todos los hacedores de nuestra ciudad en las Facultades de Ingenier\u00eda, Sociales y de Ciencias de la Salud\u201d continu\u00f3 Rodr\u00edguez.<\/p>\n<p>De acuerdo a la informaci\u00f3n oficial, el estudio realizado por QS Ranking Global eval\u00faa la investigaci\u00f3n, la calidad de la ense\u00f1anza, la reputaci\u00f3n con empleadores y la internacionalizaci\u00f3n, y sus resultados son muy consultados en todo el mundo tanto a la hora de elegir d\u00f3nde estudiar, as\u00ed como tambi\u00e9n por las empresas para contratar profesionales.<\/p>\n<p>La UBA ocupa la posici\u00f3n 67, la universidad que le sigue es la UCA, en el puesto 322, y contin\u00faan la lista: la Universidad de Palermo (391), Austral (400), Belgrano (465), La Plata, Universidad Nacional del Centro de la<br \/>\nProvincia de Buenos Aires (601-650), ITBA y San Andr\u00e9s (701-750), Universidad Torcuato Di Tella (751-800), Universidad Nacional de C\u00f3rdoba (801-1000).<\/p>\n<p>A\u00f1o tras a\u00f1o QS eval\u00faa la investigaci\u00f3n, la calidad de la ense\u00f1anza, la reputaci\u00f3n con empleadores y la internacionalizaci\u00f3n, y sus resultados son muy consultados en todo el mundo tanto a la hora de elegir d\u00f3nde estudiar, as\u00ed como tambi\u00e9n por las empresas para contratar profesionales. Para esta edici\u00f3n se evaluaron 1673 universidades de todo el mundo.<\/p>\n","protected":false},"excerpt":{"rendered":"<p>Eduardo Rodr\u00edguez destac\u00f3 el reconocimiento de la UNICEN a nivel global: \u201cEsta Universidad regional nos&#8230;<\/p>\n","protected":false},"author":1,"featured_media":169505,"comment_status":"closed","ping_status":"closed","sticky":false,"template":"","format":"standard","meta":{"content-type":""},"categories":[27,51],"tags":[],"nelio_content":{"isAutoShareEnabled":false,"autoShareEndMode":"default","automationSources":{"useContentSentences":true,"useSocialTemplates":true,"useCustomSentences":false,"customSentences":[]},"followers":[1],"suggestedReferences":[],"includedReferences":["https:\/\/www.instagram.com\/rodriguezolav\/?hl=es-la"],"efiUrl":"","efiAlt":"","highlights":[]},"yoast_head":"<!-- This site is optimized with the Yoast SEO plugin v20.7 - https:\/\/yoast.com\/wordpress\/plugins\/seo\/ -->\n<title>Eduardo Rodr\u00edguez destac\u00f3 el reconocimiento de la UNICEN<\/title>\n<meta name=\"description\" content=\"Eduardo Rodr\u00edguez destac\u00f3 el reconocimiento de la UNICEN a nivel global: \u201cEsta Universidad regional nos llena de orgullo\u201d.\" \/>\n<meta name=\"robots\" content=\"index, follow, max-snippet:-1, max-image-preview:large, max-video-preview:-1\" \/>\n<link rel=\"canonical\" href=\"https:\/\/experienciadevida.com.ar\/portalurbano\/eduardo-rodriguez-destaco-el-reconocimiento-de-la-unicen-a-nivel-global-esta-universidad-regional-nos-llena-de-orgullo\/\" \/>\n<meta property=\"og:locale\" content=\"es_ES\" \/>\n<meta property=\"og:type\" content=\"article\" \/>\n<meta property=\"og:title\" content=\"Eduardo Rodr\u00edguez destac\u00f3 el reconocimiento de la UNICEN\" \/>\n<meta property=\"og:description\" content=\"Eduardo Rodr\u00edguez destac\u00f3 el reconocimiento de la UNICEN a nivel global: \u201cEsta Universidad regional nos llena de orgullo\u201d.\" \/>\n<meta property=\"og:url\" content=\"https:\/\/experienciadevida.com.ar\/portalurbano\/eduardo-rodriguez-destaco-el-reconocimiento-de-la-unicen-a-nivel-global-esta-universidad-regional-nos-llena-de-orgullo\/\" \/>\n<meta property=\"article:publisher\" content=\"https:\/\/www.facebook.com\/Portal-Urbano-171542830093757\/\" \/>\n<meta property=\"article:published_time\" content=\"2022-06-13T13:21:15+00:00\" \/>\n<meta property=\"article:modified_time\" content=\"2022-06-13T13:23:51+00:00\" \/>\n<meta property=\"og:image\" content=\"https:\/\/experienciadevida.com.ar\/portalurbano\/wp-content\/uploads\/2022\/06\/Eduardo-Rodriguez-destaco-el.jpg\" \/>\n\t<meta property=\"og:image:width\" content=\"890\" \/>\n\t<meta property=\"og:image:height\" content=\"500\" \/>\n\t<meta property=\"og:image:type\" content=\"image\/jpeg\" \/>\n<meta name=\"author\" content=\"admpu17wp\" \/>\n<meta name=\"twitter:card\" content=\"summary_large_image\" \/>\n<meta name=\"twitter:creator\" content=\"@portalurbanook\" \/>\n<meta name=\"twitter:site\" content=\"@portalurbanook\" \/>\n<meta name=\"twitter:label1\" content=\"Escrito por\" \/>\n\t<meta name=\"twitter:data1\" content=\"admpu17wp\" \/>\n\t<meta name=\"twitter:label2\" content=\"Tiempo de lectura\" \/>\n\t<meta name=\"twitter:data2\" content=\"2 minutos\" \/>\n<script type=\"application\/ld+json\" class=\"yoast-schema-graph\">{\"@context\":\"https:\/\/schema.org\",\"@graph\":[{\"@type\":\"Article\",\"@id\":\"https:\/\/experienciadevida.com.ar\/portalurbano\/eduardo-rodriguez-destaco-el-reconocimiento-de-la-unicen-a-nivel-global-esta-universidad-regional-nos-llena-de-orgullo\/#article\",\"isPartOf\":{\"@id\":\"https:\/\/experienciadevida.com.ar\/portalurbano\/eduardo-rodriguez-destaco-el-reconocimiento-de-la-unicen-a-nivel-global-esta-universidad-regional-nos-llena-de-orgullo\/\"},\"author\":{\"name\":\"admpu17wp\",\"@id\":\"https:\/\/experienciadevida.com.ar\/portalurbano\/#\/schema\/person\/02dd326b1c4b056e9cc972486934a3a7\"},\"headline\":\"Eduardo Rodr\u00edguez destac\u00f3 el reconocimiento de la UNICEN a nivel global: \u201cEsta Universidad regional nos llena de orgullo\u201d\",\"datePublished\":\"2022-06-13T13:21:15+00:00\",\"dateModified\":\"2022-06-13T13:23:51+00:00\",\"mainEntityOfPage\":{\"@id\":\"https:\/\/experienciadevida.com.ar\/portalurbano\/eduardo-rodriguez-destaco-el-reconocimiento-de-la-unicen-a-nivel-global-esta-universidad-regional-nos-llena-de-orgullo\/\"},\"wordCount\":429,\"publisher\":{\"@id\":\"https:\/\/experienciadevida.com.ar\/portalurbano\/#organization\"},\"articleSection\":[\"Ciudad\",\"Destacadas\"],\"inLanguage\":\"es\"},{\"@type\":\"WebPage\",\"@id\":\"https:\/\/experienciadevida.com.ar\/portalurbano\/eduardo-rodriguez-destaco-el-reconocimiento-de-la-unicen-a-nivel-global-esta-universidad-regional-nos-llena-de-orgullo\/\",\"url\":\"https:\/\/experienciadevida.com.ar\/portalurbano\/eduardo-rodriguez-destaco-el-reconocimiento-de-la-unicen-a-nivel-global-esta-universidad-regional-nos-llena-de-orgullo\/\",\"name\":\"Eduardo Rodr\u00edguez destac\u00f3 el reconocimiento de la UNICEN\",\"isPartOf\":{\"@id\":\"https:\/\/experienciadevida.com.ar\/portalurbano\/#website\"},\"datePublished\":\"2022-06-13T13:21:15+00:00\",\"dateModified\":\"2022-06-13T13:23:51+00:00\",\"description\":\"Eduardo Rodr\u00edguez destac\u00f3 el reconocimiento de la UNICEN a nivel global: \u201cEsta Universidad regional nos llena de orgullo\u201d.\",\"breadcrumb\":{\"@id\":\"https:\/\/experienciadevida.com.ar\/portalurbano\/eduardo-rodriguez-destaco-el-reconocimiento-de-la-unicen-a-nivel-global-esta-universidad-regional-nos-llena-de-orgullo\/#breadcrumb\"},\"inLanguage\":\"es\",\"potentialAction\":[{\"@type\":\"ReadAction\",\"target\":[\"https:\/\/experienciadevida.com.ar\/portalurbano\/eduardo-rodriguez-destaco-el-reconocimiento-de-la-unicen-a-nivel-global-esta-universidad-regional-nos-llena-de-orgullo\/\"]}]},{\"@type\":\"BreadcrumbList\",\"@id\":\"https:\/\/experienciadevida.com.ar\/portalurbano\/eduardo-rodriguez-destaco-el-reconocimiento-de-la-unicen-a-nivel-global-esta-universidad-regional-nos-llena-de-orgullo\/#breadcrumb\",\"itemListElement\":[{\"@type\":\"ListItem\",\"position\":1,\"name\":\"Portada\",\"item\":\"https:\/\/experienciadevida.com.ar\/portalurbano\/\"},{\"@type\":\"ListItem\",\"position\":2,\"name\":\"Eduardo Rodr\u00edguez destac\u00f3 el reconocimiento de la UNICEN a nivel global: \u201cEsta Universidad regional nos llena de orgullo\u201d\"}]},{\"@type\":\"WebSite\",\"@id\":\"https:\/\/experienciadevida.com.ar\/portalurbano\/#website\",\"url\":\"https:\/\/experienciadevida.com.ar\/portalurbano\/\",\"name\":\"\",\"description\":\"\",\"publisher\":{\"@id\":\"https:\/\/experienciadevida.com.ar\/portalurbano\/#organization\"},\"potentialAction\":[{\"@type\":\"SearchAction\",\"target\":{\"@type\":\"EntryPoint\",\"urlTemplate\":\"https:\/\/experienciadevida.com.ar\/portalurbano\/?s={search_term_string}\"},\"query-input\":\"required name=search_term_string\"}],\"inLanguage\":\"es\"},{\"@type\":\"Organization\",\"@id\":\"https:\/\/experienciadevida.com.ar\/portalurbano\/#organization\",\"name\":\"Portal Urbano\",\"url\":\"https:\/\/experienciadevida.com.ar\/portalurbano\/\",\"logo\":{\"@type\":\"ImageObject\",\"inLanguage\":\"es\",\"@id\":\"https:\/\/experienciadevida.com.ar\/portalurbano\/#\/schema\/logo\/image\/\",\"url\":\"https:\/\/experienciadevida.com.ar\/portalurbano\/wp-content\/uploads\/2019\/09\/Logo-Original.png\",\"contentUrl\":\"https:\/\/experienciadevida.com.ar\/portalurbano\/wp-content\/uploads\/2019\/09\/Logo-Original.png\",\"width\":2236,\"height\":1216,\"caption\":\"Portal Urbano\"},\"image\":{\"@id\":\"https:\/\/experienciadevida.com.ar\/portalurbano\/#\/schema\/logo\/image\/\"},\"sameAs\":[\"https:\/\/www.facebook.com\/Portal-Urbano-171542830093757\/\",\"https:\/\/twitter.com\/portalurbanook\",\"https:\/\/www.instagram.com\/_portalurbano\/\",\"https:\/\/www.youtube.com\/channel\/UCXhagIfszH8KxFiOok79zbA?view_as=subscriber\"]},{\"@type\":\"Person\",\"@id\":\"https:\/\/experienciadevida.com.ar\/portalurbano\/#\/schema\/person\/02dd326b1c4b056e9cc972486934a3a7\",\"name\":\"admpu17wp\",\"image\":{\"@type\":\"ImageObject\",\"inLanguage\":\"es\",\"@id\":\"https:\/\/experienciadevida.com.ar\/portalurbano\/#\/schema\/person\/image\/\",\"url\":\"https:\/\/secure.gravatar.com\/avatar\/830d4c57adaae6630765e449a6908047?s=96&d=mm&r=g\",\"contentUrl\":\"https:\/\/secure.gravatar.com\/avatar\/830d4c57adaae6630765e449a6908047?s=96&d=mm&r=g\",\"caption\":\"admpu17wp\"}}]}<\/script>\n<!-- \/ Yoast SEO plugin. -->","yoast_head_json":{"title":"Eduardo Rodr\u00edguez destac\u00f3 el reconocimiento de la UNICEN","description":"Eduardo Rodr\u00edguez destac\u00f3 el reconocimiento de la UNICEN a nivel global: \u201cEsta Universidad regional nos llena de orgullo\u201d.","robots":{"index":"index","follow":"follow","max-snippet":"max-snippet:-1","max-image-preview":"max-image-preview:large","max-video-preview":"max-video-preview:-1"},"canonical":"https:\/\/experienciadevida.com.ar\/portalurbano\/eduardo-rodriguez-destaco-el-reconocimiento-de-la-unicen-a-nivel-global-esta-universidad-regional-nos-llena-de-orgullo\/","og_locale":"es_ES","og_type":"article","og_title":"Eduardo Rodr\u00edguez destac\u00f3 el reconocimiento de la UNICEN","og_description":"Eduardo Rodr\u00edguez destac\u00f3 el reconocimiento de la UNICEN a nivel global: \u201cEsta Universidad regional nos llena de orgullo\u201d.","og_url":"https:\/\/experienciadevida.com.ar\/portalurbano\/eduardo-rodriguez-destaco-el-reconocimiento-de-la-unicen-a-nivel-global-esta-universidad-regional-nos-llena-de-orgullo\/","article_publisher":"https:\/\/www.facebook.com\/Portal-Urbano-171542830093757\/","article_published_time":"2022-06-13T13:21:15+00:00","article_modified_time":"2022-06-13T13:23:51+00:00","og_image":[{"width":890,"height":500,"url":"https:\/\/experienciadevida.com.ar\/portalurbano\/wp-content\/uploads\/2022\/06\/Eduardo-Rodriguez-destaco-el.jpg","type":"image\/jpeg"}],"author":"admpu17wp","twitter_card":"summary_large_image","twitter_creator":"@portalurbanook","twitter_site":"@portalurbanook","twitter_misc":{"Escrito por":"admpu17wp","Tiempo de lectura":"2 minutos"},"schema":{"@context":"https:\/\/schema.org","@graph":[{"@type":"Article","@id":"https:\/\/experienciadevida.com.ar\/portalurbano\/eduardo-rodriguez-destaco-el-reconocimiento-de-la-unicen-a-nivel-global-esta-universidad-regional-nos-llena-de-orgullo\/#article","isPartOf":{"@id":"https:\/\/experienciadevida.com.ar\/portalurbano\/eduardo-rodriguez-destaco-el-reconocimiento-de-la-unicen-a-nivel-global-esta-universidad-regional-nos-llena-de-orgullo\/"},"author":{"name":"admpu17wp","@id":"https:\/\/experienciadevida.com.ar\/portalurbano\/#\/schema\/person\/02dd326b1c4b056e9cc972486934a3a7"},"headline":"Eduardo Rodr\u00edguez destac\u00f3 el reconocimiento de la UNICEN a nivel global: \u201cEsta Universidad regional nos llena de orgullo\u201d","datePublished":"2022-06-13T13:21:15+00:00","dateModified":"2022-06-13T13:23:51+00:00","mainEntityOfPage":{"@id":"https:\/\/experienciadevida.com.ar\/portalurbano\/eduardo-rodriguez-destaco-el-reconocimiento-de-la-unicen-a-nivel-global-esta-universidad-regional-nos-llena-de-orgullo\/"},"wordCount":429,"publisher":{"@id":"https:\/\/experienciadevida.com.ar\/portalurbano\/#organization"},"articleSection":["Ciudad","Destacadas"],"inLanguage":"es"},{"@type":"WebPage","@id":"https:\/\/experienciadevida.com.ar\/portalurbano\/eduardo-rodriguez-destaco-el-reconocimiento-de-la-unicen-a-nivel-global-esta-universidad-regional-nos-llena-de-orgullo\/","url":"https:\/\/experienciadevida.com.ar\/portalurbano\/eduardo-rodriguez-destaco-el-reconocimiento-de-la-unicen-a-nivel-global-esta-universidad-regional-nos-llena-de-orgullo\/","name":"Eduardo Rodr\u00edguez destac\u00f3 el reconocimiento de la UNICEN","isPartOf":{"@id":"https:\/\/experienciadevida.com.ar\/portalurbano\/#website"},"datePublished":"2022-06-13T13:21:15+00:00","dateModified":"2022-06-13T13:23:51+00:00","description":"Eduardo Rodr\u00edguez destac\u00f3 el reconocimiento de la UNICEN a nivel global: \u201cEsta Universidad regional nos llena de orgullo\u201d.","breadcrumb":{"@id":"https:\/\/experienciadevida.com.ar\/portalurbano\/eduardo-rodriguez-destaco-el-reconocimiento-de-la-unicen-a-nivel-global-esta-universidad-regional-nos-llena-de-orgullo\/#breadcrumb"},"inLanguage":"es","potentialAction":[{"@type":"ReadAction","target":["https:\/\/experienciadevida.com.ar\/portalurbano\/eduardo-rodriguez-destaco-el-reconocimiento-de-la-unicen-a-nivel-global-esta-universidad-regional-nos-llena-de-orgullo\/"]}]},{"@type":"BreadcrumbList","@id":"https:\/\/experienciadevida.com.ar\/portalurbano\/eduardo-rodriguez-destaco-el-reconocimiento-de-la-unicen-a-nivel-global-esta-universidad-regional-nos-llena-de-orgullo\/#breadcrumb","itemListElement":[{"@type":"ListItem","position":1,"name":"Portada","item":"https:\/\/experienciadevida.com.ar\/portalurbano\/"},{"@type":"ListItem","position":2,"name":"Eduardo Rodr\u00edguez destac\u00f3 el reconocimiento de la UNICEN a nivel global: \u201cEsta Universidad regional nos llena de orgullo\u201d"}]},{"@type":"WebSite","@id":"https:\/\/experienciadevida.com.ar\/portalurbano\/#website","url":"https:\/\/experienciadevida.com.ar\/portalurbano\/","name":"","description":"","publisher":{"@id":"https:\/\/experienciadevida.com.ar\/portalurbano\/#organization"},"potentialAction":[{"@type":"SearchAction","target":{"@type":"EntryPoint","urlTemplate":"https:\/\/experienciadevida.com.ar\/portalurbano\/?s={search_term_string}"},"query-input":"required name=search_term_string"}],"inLanguage":"es"},{"@type":"Organization","@id":"https:\/\/experienciadevida.com.ar\/portalurbano\/#organization","name":"Portal Urbano","url":"https:\/\/experienciadevida.com.ar\/portalurbano\/","logo":{"@type":"ImageObject","inLanguage":"es","@id":"https:\/\/experienciadevida.com.ar\/portalurbano\/#\/schema\/logo\/image\/","url":"https:\/\/experienciadevida.com.ar\/portalurbano\/wp-content\/uploads\/2019\/09\/Logo-Original.png","contentUrl":"https:\/\/experienciadevida.com.ar\/portalurbano\/wp-content\/uploads\/2019\/09\/Logo-Original.png","width":2236,"height":1216,"caption":"Portal Urbano"},"image":{"@id":"https:\/\/experienciadevida.com.ar\/portalurbano\/#\/schema\/logo\/image\/"},"sameAs":["https:\/\/www.facebook.com\/Portal-Urbano-171542830093757\/","https:\/\/twitter.com\/portalurbanook","https:\/\/www.instagram.com\/_portalurbano\/","https:\/\/www.youtube.com\/channel\/UCXhagIfszH8KxFiOok79zbA?view_as=subscriber"]},{"@type":"Person","@id":"https:\/\/experienciadevida.com.ar\/portalurbano\/#\/schema\/person\/02dd326b1c4b056e9cc972486934a3a7","name":"admpu17wp","image":{"@type":"ImageObject","inLanguage":"es","@id":"https:\/\/experienciadevida.com.ar\/portalurbano\/#\/schema\/person\/image\/","url":"https:\/\/secure.gravatar.com\/avatar\/830d4c57adaae6630765e449a6908047?s=96&d=mm&r=g","contentUrl":"https:\/\/secure.gravatar.com\/avatar\/830d4c57adaae6630765e449a6908047?s=96&d=mm&r=g","caption":"admpu17wp"}}]}},"featured_image_urls":{"full":["https:\/\/experienciadevida.com.ar\/portalurbano\/wp-content\/uploads\/2022\/06\/Eduardo-Rodriguez-destaco-el.jpg",890,500,false],"thumbnail":["https:\/\/experienciadevida.com.ar\/portalurbano\/wp-content\/uploads\/2022\/06\/Eduardo-Rodriguez-destaco-el-150x150.jpg",150,150,true],"medium":["https:\/\/experienciadevida.com.ar\/portalurbano\/wp-content\/uploads\/2022\/06\/Eduardo-Rodriguez-destaco-el-300x169.jpg",300,169,true],"medium_large":["https:\/\/experienciadevida.com.ar\/portalurbano\/wp-content\/uploads\/2022\/06\/Eduardo-Rodriguez-destaco-el-768x431.jpg",640,359,true],"large":["https:\/\/experienciadevida.com.ar\/portalurbano\/wp-content\/uploads\/2022\/06\/Eduardo-Rodriguez-destaco-el.jpg",640,360,false],"ug_big":["https:\/\/experienciadevida.com.ar\/portalurbano\/wp-content\/uploads\/2022\/06\/Eduardo-Rodriguez-destaco-el-768x431.jpg",768,431,true],"1536x1536":["https:\/\/experienciadevida.com.ar\/portalurbano\/wp-content\/uploads\/2022\/06\/Eduardo-Rodriguez-destaco-el.jpg",890,500,false],"2048x2048":["https:\/\/experienciadevida.com.ar\/portalurbano\/wp-content\/uploads\/2022\/06\/Eduardo-Rodriguez-destaco-el.jpg",890,500,false],"newsever-slider-full":["https:\/\/experienciadevida.com.ar\/portalurbano\/wp-content\/uploads\/2022\/06\/Eduardo-Rodriguez-destaco-el.jpg",890,500,false],"newsever-featured":["https:\/\/experienciadevida.com.ar\/portalurbano\/wp-content\/uploads\/2022\/06\/Eduardo-Rodriguez-destaco-el.jpg",890,500,false],"newsever-medium":["https:\/\/experienciadevida.com.ar\/portalurbano\/wp-content\/uploads\/2022\/06\/Eduardo-Rodriguez-destaco-el.jpg",720,404,false],"web-stories-poster-portrait":["https:\/\/experienciadevida.com.ar\/portalurbano\/wp-content\/uploads\/2022\/06\/Eduardo-Rodriguez-destaco-el.jpg",640,360,false],"web-stories-publisher-logo":["https:\/\/experienciadevida.com.ar\/portalurbano\/wp-content\/uploads\/2022\/06\/Eduardo-Rodriguez-destaco-el.jpg",96,54,false],"web-stories-thumbnail":["https:\/\/experienciadevida.com.ar\/portalurbano\/wp-content\/uploads\/2022\/06\/Eduardo-Rodriguez-destaco-el.jpg",150,84,false]},"author_info":{"display_name":"admpu17wp","author_link":"https:\/\/experienciadevida.com.ar\/portalurbano\/author\/admpu17wp\/"},"category_info":"<a href=\"https:\/\/experienciadevida.com.ar\/portalurbano\/category\/ciudad\/\" rel=\"category tag\">Ciudad<\/a> <a href=\"https:\/\/experienciadevida.com.ar\/portalurbano\/category\/destacadas\/\" rel=\"category tag\">Destacadas<\/a>","tag_info":"Destacadas","comment_count":"0","amp_enabled":true,"_links":{"self":[{"href":"https:\/\/experienciadevida.com.ar\/portalurbano\/wp-json\/wp\/v2\/posts\/169504"}],"collection":[{"href":"https:\/\/experienciadevida.com.ar\/portalurbano\/wp-json\/wp\/v2\/posts"}],"about":[{"href":"https:\/\/experienciadevida.com.ar\/portalurbano\/wp-json\/wp\/v2\/types\/post"}],"author":[{"embeddable":true,"href":"https:\/\/experienciadevida.com.ar\/portalurbano\/wp-json\/wp\/v2\/users\/1"}],"replies":[{"embeddable":true,"href":"https:\/\/experienciadevida.com.ar\/portalurbano\/wp-json\/wp\/v2\/comments?post=169504"}],"version-history":[{"count":2,"href":"https:\/\/experienciadevida.com.ar\/portalurbano\/wp-json\/wp\/v2\/posts\/169504\/revisions"}],"predecessor-version":[{"id":169507,"href":"https:\/\/experienciadevida.com.ar\/portalurbano\/wp-json\/wp\/v2\/posts\/169504\/revisions\/169507"}],"wp:featuredmedia":[{"embeddable":true,"href":"https:\/\/experienciadevida.com.ar\/portalurbano\/wp-json\/wp\/v2\/media\/169505"}],"wp:attachment":[{"href":"https:\/\/experienciadevida.com.ar\/portalurbano\/wp-json\/wp\/v2\/media?parent=169504"}],"wp:term":[{"taxonomy":"category","embeddable":true,"href":"https:\/\/experienciadevida.com.ar\/portalurbano\/wp-json\/wp\/v2\/categories?post=169504"},{"taxonomy":"post_tag","embeddable":true,"href":"https:\/\/experienciadevida.com.ar\/portalurbano\/wp-json\/wp\/v2\/tags?post=169504"}],"curies":[{"name":"wp","href":"https:\/\/api.w.org\/{rel}","templated":true}]}}