{"id":169490,"date":"2022-06-13T10:03:25","date_gmt":"2022-06-13T13:03:25","guid":{"rendered":"https:\/\/experienciadevida.com.ar\/portalurbano\/?p=169490"},"modified":"2022-06-13T10:06:45","modified_gmt":"2022-06-13T13:06:45","slug":"habilitacion-de-eventos-encuentro-con-organizadores-de-la-ciudad","status":"publish","type":"post","link":"https:\/\/experienciadevida.com.ar\/portalurbano\/habilitacion-de-eventos-encuentro-con-organizadores-de-la-ciudad\/","title":{"rendered":"Habilitaci\u00f3n de eventos: encuentro con organizadores de la ciudad"},"content":{"rendered":"<p>Habilitaci\u00f3n de eventos: encuentro con organizadores de la ciudad, con sede en el Sal\u00f3n Blanco de la Municipalidad d\u00edas atr\u00e1s se realiz\u00f3 un encuentro entre referentes municipales y organizadores de eventos de la ciudad, con el objetivo de presentar un nuevo procedimiento para el tr\u00e1mite de \u201cHabilitaci\u00f3n <a href=\"https:\/\/www.facebook.com\/municipiodeolavarria\">Municipal<\/a> de Eventos\u201d, que comenzar\u00e1 a tramitarse de manera digital.<\/p>\n<p>Estuvieron presentes la directora de Habilitaciones Mar\u00eda Celia Alem, el director de Defensa Civil Adri\u00e1n Guevara, la directora de Modernizaci\u00f3n Administrativa Natalia Paz, representantes de clubes y delegados de las diferentes localidades.<\/p>\n<p>Desde la Direcci\u00f3n de Habilitaciones Municipal se encuentran trabajando en la incorporaci\u00f3n de herramientas digitales, tales como Expediente Electr\u00f3nico y Domicilio Electr\u00f3nico de ciudadanos. En esta oportunidad se present\u00f3 un nuevo procedimiento: tramitaci\u00f3n digital de \u201cHabilitaci\u00f3n de Eventos\u201d.<\/p>\n<p>Los asistentes al encuentro pudieron manifestar sus inquietudes en relaci\u00f3n a la modalidad que se les propuso. Desde el Municipio se destac\u00f3 que la tramitaci\u00f3n electr\u00f3nica de los expedientes permite agilizar y simplificar el procedimiento de habilitaci\u00f3n. A la vez, se record\u00f3 que, para una mejor comunicaci\u00f3n, el tr\u00e1mite deber\u00e1 iniciarse con 20 d\u00edas de anticipaci\u00f3n, de manera presencial, en el Palacio Belgrano.<\/p>\n<p>Asimismo, se resalt\u00f3 que el tiempo promedio de tramitaci\u00f3n de un Expediente Electr\u00f3nico puede variar seg\u00fan el tipo de actuaciones que deban realizarse, as\u00ed como tambi\u00e9n afecta a la variante el nivel de respuesta de los interesados, externos al municipio.<\/p>\n<p>Por \u00faltimo, se recalc\u00f3 que la Direcci\u00f3n de Habilitaciones Municipal avanz\u00f3 en la implementaci\u00f3n de Expediente Electr\u00f3nico (EE) para los tr\u00e1mites de \u201cInicio de Habilitaci\u00f3n de Comercios\u201d desde el a\u00f1o 2021, y se ha logrado reducir un 70% en los tiempos de gesti\u00f3n con esta modalidad.<\/p>\n<p><a href=\"https:\/\/experienciadevida.com.ar\/portalurbano\/habilitacion-de-eventos-encuentro-con-organizadores-de-la-ciudad\/habilitacion\/\" rel=\"attachment wp-att-169493\"><img decoding=\"async\" class=\"alignnone size-large wp-image-169493\" src=\"https:\/\/experienciadevida.com.ar\/portalurbano\/wp-content\/uploads\/2022\/06\/Habilitacion-1024x682.jpg\" alt=\"Habilitaci\u00f3n \" width=\"900\" height=\"599\" srcset=\"https:\/\/experienciadevida.com.ar\/portalurbano\/wp-content\/uploads\/2022\/06\/Habilitacion-1024x682.jpg 1024w, https:\/\/experienciadevida.com.ar\/portalurbano\/wp-content\/uploads\/2022\/06\/Habilitacion-300x200.jpg 300w, https:\/\/experienciadevida.com.ar\/portalurbano\/wp-content\/uploads\/2022\/06\/Habilitacion-768x512.jpg 768w, https:\/\/experienciadevida.com.ar\/portalurbano\/wp-content\/uploads\/2022\/06\/Habilitacion-1536x1024.jpg 1536w, https:\/\/experienciadevida.com.ar\/portalurbano\/wp-content\/uploads\/2022\/06\/Habilitacion.jpg 1772w\" sizes=\"(max-width: 900px) 100vw, 900px\" \/><\/a><\/p>\n","protected":false},"excerpt":{"rendered":"<p>Habilitaci\u00f3n de eventos: encuentro con organizadores de la ciudad, con sede en el Sal\u00f3n Blanco&#8230;<\/p>\n","protected":false},"author":1,"featured_media":169491,"comment_status":"closed","ping_status":"closed","sticky":false,"template":"","format":"standard","meta":{"content-type":""},"categories":[27,64],"tags":[],"nelio_content":{"isAutoShareEnabled":false,"autoShareEndMode":"default","automationSources":{"useContentSentences":true,"useSocialTemplates":true,"useCustomSentences":false,"customSentences":[]},"followers":[1],"suggestedReferences":[],"includedReferences":[],"efiUrl":"","efiAlt":"","highlights":[]},"yoast_head":"<!-- This site is optimized with the Yoast SEO plugin v20.7 - https:\/\/yoast.com\/wordpress\/plugins\/seo\/ -->\n<title>Habilitaci\u00f3n de eventos: encuentro con organizadores de la ciudad<\/title>\n<meta name=\"description\" content=\"Habilitaci\u00f3n de eventos: encuentro con organizadores de la ciudad, con sede en el Sal\u00f3n Blanco de la Municipalidad d\u00edas atr\u00e1s\" \/>\n<meta name=\"robots\" content=\"index, follow, max-snippet:-1, max-image-preview:large, max-video-preview:-1\" \/>\n<link rel=\"canonical\" href=\"https:\/\/experienciadevida.com.ar\/portalurbano\/habilitacion-de-eventos-encuentro-con-organizadores-de-la-ciudad\/\" \/>\n<meta property=\"og:locale\" content=\"es_ES\" \/>\n<meta property=\"og:type\" content=\"article\" \/>\n<meta property=\"og:title\" content=\"Habilitaci\u00f3n de eventos: encuentro con organizadores de la ciudad\" \/>\n<meta property=\"og:description\" content=\"Habilitaci\u00f3n de eventos: encuentro con organizadores de la ciudad, con sede en el Sal\u00f3n Blanco de la Municipalidad d\u00edas atr\u00e1s\" \/>\n<meta property=\"og:url\" content=\"https:\/\/experienciadevida.com.ar\/portalurbano\/habilitacion-de-eventos-encuentro-con-organizadores-de-la-ciudad\/\" \/>\n<meta property=\"article:publisher\" content=\"https:\/\/www.facebook.com\/Portal-Urbano-171542830093757\/\" \/>\n<meta property=\"article:published_time\" content=\"2022-06-13T13:03:25+00:00\" \/>\n<meta property=\"article:modified_time\" content=\"2022-06-13T13:06:45+00:00\" \/>\n<meta property=\"og:image\" content=\"https:\/\/experienciadevida.com.ar\/portalurbano\/wp-content\/uploads\/2022\/06\/Habilitacion-de-eventos.jpg\" \/>\n\t<meta property=\"og:image:width\" content=\"1772\" \/>\n\t<meta property=\"og:image:height\" content=\"1181\" \/>\n\t<meta property=\"og:image:type\" content=\"image\/jpeg\" \/>\n<meta name=\"author\" content=\"admpu17wp\" \/>\n<meta name=\"twitter:card\" content=\"summary_large_image\" \/>\n<meta name=\"twitter:creator\" content=\"@portalurbanook\" \/>\n<meta name=\"twitter:site\" content=\"@portalurbanook\" \/>\n<meta name=\"twitter:label1\" content=\"Escrito por\" \/>\n\t<meta name=\"twitter:data1\" content=\"admpu17wp\" \/>\n\t<meta name=\"twitter:label2\" content=\"Tiempo de lectura\" \/>\n\t<meta name=\"twitter:data2\" content=\"2 minutos\" \/>\n<script type=\"application\/ld+json\" class=\"yoast-schema-graph\">{\"@context\":\"https:\/\/schema.org\",\"@graph\":[{\"@type\":\"Article\",\"@id\":\"https:\/\/experienciadevida.com.ar\/portalurbano\/habilitacion-de-eventos-encuentro-con-organizadores-de-la-ciudad\/#article\",\"isPartOf\":{\"@id\":\"https:\/\/experienciadevida.com.ar\/portalurbano\/habilitacion-de-eventos-encuentro-con-organizadores-de-la-ciudad\/\"},\"author\":{\"name\":\"admpu17wp\",\"@id\":\"https:\/\/experienciadevida.com.ar\/portalurbano\/#\/schema\/person\/02dd326b1c4b056e9cc972486934a3a7\"},\"headline\":\"Habilitaci\u00f3n de eventos: encuentro con organizadores de la ciudad\",\"datePublished\":\"2022-06-13T13:03:25+00:00\",\"dateModified\":\"2022-06-13T13:06:45+00:00\",\"mainEntityOfPage\":{\"@id\":\"https:\/\/experienciadevida.com.ar\/portalurbano\/habilitacion-de-eventos-encuentro-con-organizadores-de-la-ciudad\/\"},\"wordCount\":317,\"publisher\":{\"@id\":\"https:\/\/experienciadevida.com.ar\/portalurbano\/#organization\"},\"articleSection\":[\"Ciudad\",\"Destacadas 2\"],\"inLanguage\":\"es\"},{\"@type\":\"WebPage\",\"@id\":\"https:\/\/experienciadevida.com.ar\/portalurbano\/habilitacion-de-eventos-encuentro-con-organizadores-de-la-ciudad\/\",\"url\":\"https:\/\/experienciadevida.com.ar\/portalurbano\/habilitacion-de-eventos-encuentro-con-organizadores-de-la-ciudad\/\",\"name\":\"Habilitaci\u00f3n de eventos: encuentro con organizadores de la ciudad\",\"isPartOf\":{\"@id\":\"https:\/\/experienciadevida.com.ar\/portalurbano\/#website\"},\"datePublished\":\"2022-06-13T13:03:25+00:00\",\"dateModified\":\"2022-06-13T13:06:45+00:00\",\"description\":\"Habilitaci\u00f3n de eventos: encuentro con organizadores de la ciudad, con sede en el Sal\u00f3n Blanco de la Municipalidad d\u00edas atr\u00e1s\",\"breadcrumb\":{\"@id\":\"https:\/\/experienciadevida.com.ar\/portalurbano\/habilitacion-de-eventos-encuentro-con-organizadores-de-la-ciudad\/#breadcrumb\"},\"inLanguage\":\"es\",\"potentialAction\":[{\"@type\":\"ReadAction\",\"target\":[\"https:\/\/experienciadevida.com.ar\/portalurbano\/habilitacion-de-eventos-encuentro-con-organizadores-de-la-ciudad\/\"]}]},{\"@type\":\"BreadcrumbList\",\"@id\":\"https:\/\/experienciadevida.com.ar\/portalurbano\/habilitacion-de-eventos-encuentro-con-organizadores-de-la-ciudad\/#breadcrumb\",\"itemListElement\":[{\"@type\":\"ListItem\",\"position\":1,\"name\":\"Portada\",\"item\":\"https:\/\/experienciadevida.com.ar\/portalurbano\/\"},{\"@type\":\"ListItem\",\"position\":2,\"name\":\"Habilitaci\u00f3n de eventos: encuentro con organizadores de la ciudad\"}]},{\"@type\":\"WebSite\",\"@id\":\"https:\/\/experienciadevida.com.ar\/portalurbano\/#website\",\"url\":\"https:\/\/experienciadevida.com.ar\/portalurbano\/\",\"name\":\"\",\"description\":\"\",\"publisher\":{\"@id\":\"https:\/\/experienciadevida.com.ar\/portalurbano\/#organization\"},\"potentialAction\":[{\"@type\":\"SearchAction\",\"target\":{\"@type\":\"EntryPoint\",\"urlTemplate\":\"https:\/\/experienciadevida.com.ar\/portalurbano\/?s={search_term_string}\"},\"query-input\":\"required name=search_term_string\"}],\"inLanguage\":\"es\"},{\"@type\":\"Organization\",\"@id\":\"https:\/\/experienciadevida.com.ar\/portalurbano\/#organization\",\"name\":\"Portal Urbano\",\"url\":\"https:\/\/experienciadevida.com.ar\/portalurbano\/\",\"logo\":{\"@type\":\"ImageObject\",\"inLanguage\":\"es\",\"@id\":\"https:\/\/experienciadevida.com.ar\/portalurbano\/#\/schema\/logo\/image\/\",\"url\":\"https:\/\/experienciadevida.com.ar\/portalurbano\/wp-content\/uploads\/2019\/09\/Logo-Original.png\",\"contentUrl\":\"https:\/\/experienciadevida.com.ar\/portalurbano\/wp-content\/uploads\/2019\/09\/Logo-Original.png\",\"width\":2236,\"height\":1216,\"caption\":\"Portal Urbano\"},\"image\":{\"@id\":\"https:\/\/experienciadevida.com.ar\/portalurbano\/#\/schema\/logo\/image\/\"},\"sameAs\":[\"https:\/\/www.facebook.com\/Portal-Urbano-171542830093757\/\",\"https:\/\/twitter.com\/portalurbanook\",\"https:\/\/www.instagram.com\/_portalurbano\/\",\"https:\/\/www.youtube.com\/channel\/UCXhagIfszH8KxFiOok79zbA?view_as=subscriber\"]},{\"@type\":\"Person\",\"@id\":\"https:\/\/experienciadevida.com.ar\/portalurbano\/#\/schema\/person\/02dd326b1c4b056e9cc972486934a3a7\",\"name\":\"admpu17wp\",\"image\":{\"@type\":\"ImageObject\",\"inLanguage\":\"es\",\"@id\":\"https:\/\/experienciadevida.com.ar\/portalurbano\/#\/schema\/person\/image\/\",\"url\":\"https:\/\/secure.gravatar.com\/avatar\/830d4c57adaae6630765e449a6908047?s=96&d=mm&r=g\",\"contentUrl\":\"https:\/\/secure.gravatar.com\/avatar\/830d4c57adaae6630765e449a6908047?s=96&d=mm&r=g\",\"caption\":\"admpu17wp\"}}]}<\/script>\n<!-- \/ Yoast SEO plugin. -->","yoast_head_json":{"title":"Habilitaci\u00f3n de eventos: encuentro con organizadores de la ciudad","description":"Habilitaci\u00f3n de eventos: encuentro con organizadores de la ciudad, con sede en el Sal\u00f3n Blanco de la Municipalidad d\u00edas atr\u00e1s","robots":{"index":"index","follow":"follow","max-snippet":"max-snippet:-1","max-image-preview":"max-image-preview:large","max-video-preview":"max-video-preview:-1"},"canonical":"https:\/\/experienciadevida.com.ar\/portalurbano\/habilitacion-de-eventos-encuentro-con-organizadores-de-la-ciudad\/","og_locale":"es_ES","og_type":"article","og_title":"Habilitaci\u00f3n de eventos: encuentro con organizadores de la ciudad","og_description":"Habilitaci\u00f3n de eventos: encuentro con organizadores de la ciudad, con sede en el Sal\u00f3n Blanco de la Municipalidad d\u00edas atr\u00e1s","og_url":"https:\/\/experienciadevida.com.ar\/portalurbano\/habilitacion-de-eventos-encuentro-con-organizadores-de-la-ciudad\/","article_publisher":"https:\/\/www.facebook.com\/Portal-Urbano-171542830093757\/","article_published_time":"2022-06-13T13:03:25+00:00","article_modified_time":"2022-06-13T13:06:45+00:00","og_image":[{"width":1772,"height":1181,"url":"https:\/\/experienciadevida.com.ar\/portalurbano\/wp-content\/uploads\/2022\/06\/Habilitacion-de-eventos.jpg","type":"image\/jpeg"}],"author":"admpu17wp","twitter_card":"summary_large_image","twitter_creator":"@portalurbanook","twitter_site":"@portalurbanook","twitter_misc":{"Escrito por":"admpu17wp","Tiempo de lectura":"2 minutos"},"schema":{"@context":"https:\/\/schema.org","@graph":[{"@type":"Article","@id":"https:\/\/experienciadevida.com.ar\/portalurbano\/habilitacion-de-eventos-encuentro-con-organizadores-de-la-ciudad\/#article","isPartOf":{"@id":"https:\/\/experienciadevida.com.ar\/portalurbano\/habilitacion-de-eventos-encuentro-con-organizadores-de-la-ciudad\/"},"author":{"name":"admpu17wp","@id":"https:\/\/experienciadevida.com.ar\/portalurbano\/#\/schema\/person\/02dd326b1c4b056e9cc972486934a3a7"},"headline":"Habilitaci\u00f3n de eventos: encuentro con organizadores de la ciudad","datePublished":"2022-06-13T13:03:25+00:00","dateModified":"2022-06-13T13:06:45+00:00","mainEntityOfPage":{"@id":"https:\/\/experienciadevida.com.ar\/portalurbano\/habilitacion-de-eventos-encuentro-con-organizadores-de-la-ciudad\/"},"wordCount":317,"publisher":{"@id":"https:\/\/experienciadevida.com.ar\/portalurbano\/#organization"},"articleSection":["Ciudad","Destacadas 2"],"inLanguage":"es"},{"@type":"WebPage","@id":"https:\/\/experienciadevida.com.ar\/portalurbano\/habilitacion-de-eventos-encuentro-con-organizadores-de-la-ciudad\/","url":"https:\/\/experienciadevida.com.ar\/portalurbano\/habilitacion-de-eventos-encuentro-con-organizadores-de-la-ciudad\/","name":"Habilitaci\u00f3n de eventos: encuentro con organizadores de la ciudad","isPartOf":{"@id":"https:\/\/experienciadevida.com.ar\/portalurbano\/#website"},"datePublished":"2022-06-13T13:03:25+00:00","dateModified":"2022-06-13T13:06:45+00:00","description":"Habilitaci\u00f3n de eventos: encuentro con organizadores de la ciudad, con sede en el Sal\u00f3n Blanco de la Municipalidad d\u00edas atr\u00e1s","breadcrumb":{"@id":"https:\/\/experienciadevida.com.ar\/portalurbano\/habilitacion-de-eventos-encuentro-con-organizadores-de-la-ciudad\/#breadcrumb"},"inLanguage":"es","potentialAction":[{"@type":"ReadAction","target":["https:\/\/experienciadevida.com.ar\/portalurbano\/habilitacion-de-eventos-encuentro-con-organizadores-de-la-ciudad\/"]}]},{"@type":"BreadcrumbList","@id":"https:\/\/experienciadevida.com.ar\/portalurbano\/habilitacion-de-eventos-encuentro-con-organizadores-de-la-ciudad\/#breadcrumb","itemListElement":[{"@type":"ListItem","position":1,"name":"Portada","item":"https:\/\/experienciadevida.com.ar\/portalurbano\/"},{"@type":"ListItem","position":2,"name":"Habilitaci\u00f3n de eventos: encuentro con organizadores de la ciudad"}]},{"@type":"WebSite","@id":"https:\/\/experienciadevida.com.ar\/portalurbano\/#website","url":"https:\/\/experienciadevida.com.ar\/portalurbano\/","name":"","description":"","publisher":{"@id":"https:\/\/experienciadevida.com.ar\/portalurbano\/#organization"},"potentialAction":[{"@type":"SearchAction","target":{"@type":"EntryPoint","urlTemplate":"https:\/\/experienciadevida.com.ar\/portalurbano\/?s={search_term_string}"},"query-input":"required name=search_term_string"}],"inLanguage":"es"},{"@type":"Organization","@id":"https:\/\/experienciadevida.com.ar\/portalurbano\/#organization","name":"Portal Urbano","url":"https:\/\/experienciadevida.com.ar\/portalurbano\/","logo":{"@type":"ImageObject","inLanguage":"es","@id":"https:\/\/experienciadevida.com.ar\/portalurbano\/#\/schema\/logo\/image\/","url":"https:\/\/experienciadevida.com.ar\/portalurbano\/wp-content\/uploads\/2019\/09\/Logo-Original.png","contentUrl":"https:\/\/experienciadevida.com.ar\/portalurbano\/wp-content\/uploads\/2019\/09\/Logo-Original.png","width":2236,"height":1216,"caption":"Portal Urbano"},"image":{"@id":"https:\/\/experienciadevida.com.ar\/portalurbano\/#\/schema\/logo\/image\/"},"sameAs":["https:\/\/www.facebook.com\/Portal-Urbano-171542830093757\/","https:\/\/twitter.com\/portalurbanook","https:\/\/www.instagram.com\/_portalurbano\/","https:\/\/www.youtube.com\/channel\/UCXhagIfszH8KxFiOok79zbA?view_as=subscriber"]},{"@type":"Person","@id":"https:\/\/experienciadevida.com.ar\/portalurbano\/#\/schema\/person\/02dd326b1c4b056e9cc972486934a3a7","name":"admpu17wp","image":{"@type":"ImageObject","inLanguage":"es","@id":"https:\/\/experienciadevida.com.ar\/portalurbano\/#\/schema\/person\/image\/","url":"https:\/\/secure.gravatar.com\/avatar\/830d4c57adaae6630765e449a6908047?s=96&d=mm&r=g","contentUrl":"https:\/\/secure.gravatar.com\/avatar\/830d4c57adaae6630765e449a6908047?s=96&d=mm&r=g","caption":"admpu17wp"}}]}},"featured_image_urls":{"full":["https:\/\/experienciadevida.com.ar\/portalurbano\/wp-content\/uploads\/2022\/06\/Habilitacion-de-eventos.jpg",1772,1181,false],"thumbnail":["https:\/\/experienciadevida.com.ar\/portalurbano\/wp-content\/uploads\/2022\/06\/Habilitacion-de-eventos-150x150.jpg",150,150,true],"medium":["https:\/\/experienciadevida.com.ar\/portalurbano\/wp-content\/uploads\/2022\/06\/Habilitacion-de-eventos-300x200.jpg",300,200,true],"medium_large":["https:\/\/experienciadevida.com.ar\/portalurbano\/wp-content\/uploads\/2022\/06\/Habilitacion-de-eventos-768x512.jpg",640,427,true],"large":["https:\/\/experienciadevida.com.ar\/portalurbano\/wp-content\/uploads\/2022\/06\/Habilitacion-de-eventos-1024x682.jpg",640,426,true],"ug_big":["https:\/\/experienciadevida.com.ar\/portalurbano\/wp-content\/uploads\/2022\/06\/Habilitacion-de-eventos-768x512.jpg",768,512,true],"1536x1536":["https:\/\/experienciadevida.com.ar\/portalurbano\/wp-content\/uploads\/2022\/06\/Habilitacion-de-eventos-1536x1024.jpg",1536,1024,true],"2048x2048":["https:\/\/experienciadevida.com.ar\/portalurbano\/wp-content\/uploads\/2022\/06\/Habilitacion-de-eventos.jpg",1772,1181,false],"newsever-slider-full":["https:\/\/experienciadevida.com.ar\/portalurbano\/wp-content\/uploads\/2022\/06\/Habilitacion-de-eventos.jpg",1268,845,false],"newsever-featured":["https:\/\/experienciadevida.com.ar\/portalurbano\/wp-content\/uploads\/2022\/06\/Habilitacion-de-eventos.jpg",1024,682,false],"newsever-medium":["https:\/\/experienciadevida.com.ar\/portalurbano\/wp-content\/uploads\/2022\/06\/Habilitacion-de-eventos.jpg",713,475,false],"web-stories-poster-portrait":["https:\/\/experienciadevida.com.ar\/portalurbano\/wp-content\/uploads\/2022\/06\/Habilitacion-de-eventos.jpg",640,427,false],"web-stories-publisher-logo":["https:\/\/experienciadevida.com.ar\/portalurbano\/wp-content\/uploads\/2022\/06\/Habilitacion-de-eventos.jpg",96,64,false],"web-stories-thumbnail":["https:\/\/experienciadevida.com.ar\/portalurbano\/wp-content\/uploads\/2022\/06\/Habilitacion-de-eventos.jpg",150,100,false]},"author_info":{"display_name":"admpu17wp","author_link":"https:\/\/experienciadevida.com.ar\/portalurbano\/author\/admpu17wp\/"},"category_info":"<a href=\"https:\/\/experienciadevida.com.ar\/portalurbano\/category\/ciudad\/\" rel=\"category tag\">Ciudad<\/a> <a href=\"https:\/\/experienciadevida.com.ar\/portalurbano\/category\/destacadas-2\/\" rel=\"category tag\">Destacadas 2<\/a>","tag_info":"Destacadas 2","comment_count":"0","amp_enabled":true,"_links":{"self":[{"href":"https:\/\/experienciadevida.com.ar\/portalurbano\/wp-json\/wp\/v2\/posts\/169490"}],"collection":[{"href":"https:\/\/experienciadevida.com.ar\/portalurbano\/wp-json\/wp\/v2\/posts"}],"about":[{"href":"https:\/\/experienciadevida.com.ar\/portalurbano\/wp-json\/wp\/v2\/types\/post"}],"author":[{"embeddable":true,"href":"https:\/\/experienciadevida.com.ar\/portalurbano\/wp-json\/wp\/v2\/users\/1"}],"replies":[{"embeddable":true,"href":"https:\/\/experienciadevida.com.ar\/portalurbano\/wp-json\/wp\/v2\/comments?post=169490"}],"version-history":[{"count":4,"href":"https:\/\/experienciadevida.com.ar\/portalurbano\/wp-json\/wp\/v2\/posts\/169490\/revisions"}],"predecessor-version":[{"id":169496,"href":"https:\/\/experienciadevida.com.ar\/portalurbano\/wp-json\/wp\/v2\/posts\/169490\/revisions\/169496"}],"wp:featuredmedia":[{"embeddable":true,"href":"https:\/\/experienciadevida.com.ar\/portalurbano\/wp-json\/wp\/v2\/media\/169491"}],"wp:attachment":[{"href":"https:\/\/experienciadevida.com.ar\/portalurbano\/wp-json\/wp\/v2\/media?parent=169490"}],"wp:term":[{"taxonomy":"category","embeddable":true,"href":"https:\/\/experienciadevida.com.ar\/portalurbano\/wp-json\/wp\/v2\/categories?post=169490"},{"taxonomy":"post_tag","embeddable":true,"href":"https:\/\/experienciadevida.com.ar\/portalurbano\/wp-json\/wp\/v2\/tags?post=169490"}],"curies":[{"name":"wp","href":"https:\/\/api.w.org\/{rel}","templated":true}]}}