{"id":169404,"date":"2022-06-11T11:37:56","date_gmt":"2022-06-11T14:37:56","guid":{"rendered":"https:\/\/experienciadevida.com.ar\/portalurbano\/?p=169404"},"modified":"2022-06-11T11:38:19","modified_gmt":"2022-06-11T14:38:19","slug":"la-comunidad-del-cens-451-llevo-adelante-el-acto-por-el-dia-de-la-afirmacion-de-los-derechos-argentinos-sobre-las-islas-malvinas","status":"publish","type":"post","link":"https:\/\/experienciadevida.com.ar\/portalurbano\/la-comunidad-del-cens-451-llevo-adelante-el-acto-por-el-dia-de-la-afirmacion-de-los-derechos-argentinos-sobre-las-islas-malvinas\/","title":{"rendered":"La Comunidad del Cens 451 llev\u00f3 adelante el acto por el d\u00eda de la afirmaci\u00f3n de los derechos Argentinos sobre las Islas Malvinas"},"content":{"rendered":"<p>La Comunidad del Cens 451 llev\u00f3 adelante el acto por el d\u00eda de la afirmaci\u00f3n de los derechos Argentinos sobre las Islas Malvinas y sector ant\u00e1rtico n el marco de la conmemoraci\u00f3n de los 40 a\u00f1os de la Guerra de Malvinas y en los umbrales del 41\u00b0 aniversario del Cens 451 con la participaci\u00f3n y acompa\u00f1amiento de todas las instituciones de la modalidad de adultos, del partido de Olavarr\u00eda (EEPA, CENS y FinEs).<\/p>\n<p>De esta manera se da inicio a una serie de eventos y actividades propuestas para celebrar los 50 a\u00f1os de la Modalidad de adultos en la provincia de Buenos Aires, el a\u00f1o pr\u00f3ximo.<\/p>\n<p>Estuvieron presentes la Inspectora Regional, M\u00f3nica Wagner y el Inspector Distrital de Olavarr\u00eda, Julio Benitez. A su vez, acompa\u00f1aron la celebraci\u00f3n el Gerente de Relaciones Institucionales y Comunicaci\u00f3n de AUBASA, Eduardo<br \/>\nRodr\u00edguez, el concejal, Gaston Sarachu, los consejeros escolares, Mariana Mart\u00ednez y Ariel Rodriguez.<\/p>\n<p>Componen el equipo de conducci\u00f3n del Cens 451 la directora, Claudia Ruppel y la Vicedirectora, Liliana Ricciardi. Tambi\u00e9n particip\u00f3 la comunidadeducativa del FinEs, que depende administrativamente, del Cens: la coordinadora regional, J\u00e9ssica Rodr\u00edguez Bruno, el coordinador distrital, Lucas Linder y el auxiliar t\u00e9cnico, Nicol\u00e1s Montero.<br \/>\nEn representaci\u00f3n de la Direcci\u00f3n Provincial de la Modalidad estuvo presente el Referente T\u00e9cnico Territorial, Guillermo Perez.<\/p>\n<p>Se cont\u00f3 con la participaci\u00f3n de la Agrupaci\u00f3n Veteranos de Guerra &#8220;2 de Abril&#8221; y de &#8220;Generaci\u00f3n Malvinas&#8221; que re\u00fane a los hijos y nietos de los veteranos en un emotivo homenaje.<\/p>\n<p>Claudia Ruppel resumi\u00f3: &#8220;El Cens 451, fue fundado el 21 de septiembre de 1981 y lleva el nombre &#8216;H\u00e9roes de Malvinas&#8217; porque aqu\u00ed cursaron y culminaron sus estudios secundarios los veteranos de la guerra&#8221;.<\/p>\n","protected":false},"excerpt":{"rendered":"<p>La Comunidad del Cens 451 llev\u00f3 adelante el acto por el d\u00eda de la afirmaci\u00f3n&#8230;<\/p>\n","protected":false},"author":1,"featured_media":169405,"comment_status":"closed","ping_status":"closed","sticky":false,"template":"","format":"standard","meta":{"content-type":""},"categories":[31],"tags":[],"nelio_content":{"isAutoShareEnabled":false,"autoShareEndMode":"default","automationSources":{"useContentSentences":true,"useSocialTemplates":true,"useCustomSentences":false,"customSentences":[]},"followers":[1],"suggestedReferences":[],"includedReferences":[],"efiUrl":"","efiAlt":"","highlights":[]},"yoast_head":"<!-- This site is optimized with the Yoast SEO plugin v20.7 - https:\/\/yoast.com\/wordpress\/plugins\/seo\/ -->\n<title>La Comunidad del Cens 451 llev\u00f3 adelante el ato por el d\u00eda de afirmaci\u00f3n<\/title>\n<meta name=\"description\" content=\"La Comunidad del Cens 451 llev\u00f3 adelante el acto por el d\u00eda de la afirmaci\u00f3n de los derechos Argentinos sobre las Islas Malvinas\" \/>\n<meta name=\"robots\" content=\"index, follow, max-snippet:-1, max-image-preview:large, max-video-preview:-1\" \/>\n<link rel=\"canonical\" href=\"https:\/\/experienciadevida.com.ar\/portalurbano\/la-comunidad-del-cens-451-llevo-adelante-el-acto-por-el-dia-de-la-afirmacion-de-los-derechos-argentinos-sobre-las-islas-malvinas\/\" \/>\n<meta property=\"og:locale\" content=\"es_ES\" \/>\n<meta property=\"og:type\" content=\"article\" \/>\n<meta property=\"og:title\" content=\"La Comunidad del Cens 451 llev\u00f3 adelante el ato por el d\u00eda de afirmaci\u00f3n\" \/>\n<meta property=\"og:description\" content=\"La Comunidad del Cens 451 llev\u00f3 adelante el acto por el d\u00eda de la afirmaci\u00f3n de los derechos Argentinos sobre las Islas Malvinas\" \/>\n<meta property=\"og:url\" content=\"https:\/\/experienciadevida.com.ar\/portalurbano\/la-comunidad-del-cens-451-llevo-adelante-el-acto-por-el-dia-de-la-afirmacion-de-los-derechos-argentinos-sobre-las-islas-malvinas\/\" \/>\n<meta property=\"article:publisher\" content=\"https:\/\/www.facebook.com\/Portal-Urbano-171542830093757\/\" \/>\n<meta property=\"article:published_time\" content=\"2022-06-11T14:37:56+00:00\" \/>\n<meta property=\"article:modified_time\" content=\"2022-06-11T14:38:19+00:00\" \/>\n<meta property=\"og:image\" content=\"https:\/\/experienciadevida.com.ar\/portalurbano\/wp-content\/uploads\/2022\/06\/La-Comunidad-del-Cens.jpg\" \/>\n\t<meta property=\"og:image:width\" content=\"1680\" \/>\n\t<meta property=\"og:image:height\" content=\"1139\" \/>\n\t<meta property=\"og:image:type\" content=\"image\/jpeg\" \/>\n<meta name=\"author\" content=\"admpu17wp\" \/>\n<meta name=\"twitter:card\" content=\"summary_large_image\" \/>\n<meta name=\"twitter:creator\" content=\"@portalurbanook\" \/>\n<meta name=\"twitter:site\" content=\"@portalurbanook\" \/>\n<meta name=\"twitter:label1\" content=\"Escrito por\" \/>\n\t<meta name=\"twitter:data1\" content=\"admpu17wp\" \/>\n\t<meta name=\"twitter:label2\" content=\"Tiempo de lectura\" \/>\n\t<meta name=\"twitter:data2\" content=\"2 minutos\" \/>\n<script type=\"application\/ld+json\" class=\"yoast-schema-graph\">{\"@context\":\"https:\/\/schema.org\",\"@graph\":[{\"@type\":\"Article\",\"@id\":\"https:\/\/experienciadevida.com.ar\/portalurbano\/la-comunidad-del-cens-451-llevo-adelante-el-acto-por-el-dia-de-la-afirmacion-de-los-derechos-argentinos-sobre-las-islas-malvinas\/#article\",\"isPartOf\":{\"@id\":\"https:\/\/experienciadevida.com.ar\/portalurbano\/la-comunidad-del-cens-451-llevo-adelante-el-acto-por-el-dia-de-la-afirmacion-de-los-derechos-argentinos-sobre-las-islas-malvinas\/\"},\"author\":{\"name\":\"admpu17wp\",\"@id\":\"https:\/\/experienciadevida.com.ar\/portalurbano\/#\/schema\/person\/02dd326b1c4b056e9cc972486934a3a7\"},\"headline\":\"La Comunidad del Cens 451 llev\u00f3 adelante el acto por el d\u00eda de la afirmaci\u00f3n de los derechos Argentinos sobre las Islas Malvinas\",\"datePublished\":\"2022-06-11T14:37:56+00:00\",\"dateModified\":\"2022-06-11T14:38:19+00:00\",\"mainEntityOfPage\":{\"@id\":\"https:\/\/experienciadevida.com.ar\/portalurbano\/la-comunidad-del-cens-451-llevo-adelante-el-acto-por-el-dia-de-la-afirmacion-de-los-derechos-argentinos-sobre-las-islas-malvinas\/\"},\"wordCount\":324,\"publisher\":{\"@id\":\"https:\/\/experienciadevida.com.ar\/portalurbano\/#organization\"},\"articleSection\":[\"Educaci\u00f3n\"],\"inLanguage\":\"es\"},{\"@type\":\"WebPage\",\"@id\":\"https:\/\/experienciadevida.com.ar\/portalurbano\/la-comunidad-del-cens-451-llevo-adelante-el-acto-por-el-dia-de-la-afirmacion-de-los-derechos-argentinos-sobre-las-islas-malvinas\/\",\"url\":\"https:\/\/experienciadevida.com.ar\/portalurbano\/la-comunidad-del-cens-451-llevo-adelante-el-acto-por-el-dia-de-la-afirmacion-de-los-derechos-argentinos-sobre-las-islas-malvinas\/\",\"name\":\"La Comunidad del Cens 451 llev\u00f3 adelante el ato por el d\u00eda de afirmaci\u00f3n\",\"isPartOf\":{\"@id\":\"https:\/\/experienciadevida.com.ar\/portalurbano\/#website\"},\"datePublished\":\"2022-06-11T14:37:56+00:00\",\"dateModified\":\"2022-06-11T14:38:19+00:00\",\"description\":\"La Comunidad del Cens 451 llev\u00f3 adelante el acto por el d\u00eda de la afirmaci\u00f3n de los derechos Argentinos sobre las Islas Malvinas\",\"breadcrumb\":{\"@id\":\"https:\/\/experienciadevida.com.ar\/portalurbano\/la-comunidad-del-cens-451-llevo-adelante-el-acto-por-el-dia-de-la-afirmacion-de-los-derechos-argentinos-sobre-las-islas-malvinas\/#breadcrumb\"},\"inLanguage\":\"es\",\"potentialAction\":[{\"@type\":\"ReadAction\",\"target\":[\"https:\/\/experienciadevida.com.ar\/portalurbano\/la-comunidad-del-cens-451-llevo-adelante-el-acto-por-el-dia-de-la-afirmacion-de-los-derechos-argentinos-sobre-las-islas-malvinas\/\"]}]},{\"@type\":\"BreadcrumbList\",\"@id\":\"https:\/\/experienciadevida.com.ar\/portalurbano\/la-comunidad-del-cens-451-llevo-adelante-el-acto-por-el-dia-de-la-afirmacion-de-los-derechos-argentinos-sobre-las-islas-malvinas\/#breadcrumb\",\"itemListElement\":[{\"@type\":\"ListItem\",\"position\":1,\"name\":\"Portada\",\"item\":\"https:\/\/experienciadevida.com.ar\/portalurbano\/\"},{\"@type\":\"ListItem\",\"position\":2,\"name\":\"La Comunidad del Cens 451 llev\u00f3 adelante el acto por el d\u00eda de la afirmaci\u00f3n de los derechos Argentinos sobre las Islas Malvinas\"}]},{\"@type\":\"WebSite\",\"@id\":\"https:\/\/experienciadevida.com.ar\/portalurbano\/#website\",\"url\":\"https:\/\/experienciadevida.com.ar\/portalurbano\/\",\"name\":\"\",\"description\":\"\",\"publisher\":{\"@id\":\"https:\/\/experienciadevida.com.ar\/portalurbano\/#organization\"},\"potentialAction\":[{\"@type\":\"SearchAction\",\"target\":{\"@type\":\"EntryPoint\",\"urlTemplate\":\"https:\/\/experienciadevida.com.ar\/portalurbano\/?s={search_term_string}\"},\"query-input\":\"required name=search_term_string\"}],\"inLanguage\":\"es\"},{\"@type\":\"Organization\",\"@id\":\"https:\/\/experienciadevida.com.ar\/portalurbano\/#organization\",\"name\":\"Portal Urbano\",\"url\":\"https:\/\/experienciadevida.com.ar\/portalurbano\/\",\"logo\":{\"@type\":\"ImageObject\",\"inLanguage\":\"es\",\"@id\":\"https:\/\/experienciadevida.com.ar\/portalurbano\/#\/schema\/logo\/image\/\",\"url\":\"https:\/\/experienciadevida.com.ar\/portalurbano\/wp-content\/uploads\/2019\/09\/Logo-Original.png\",\"contentUrl\":\"https:\/\/experienciadevida.com.ar\/portalurbano\/wp-content\/uploads\/2019\/09\/Logo-Original.png\",\"width\":2236,\"height\":1216,\"caption\":\"Portal Urbano\"},\"image\":{\"@id\":\"https:\/\/experienciadevida.com.ar\/portalurbano\/#\/schema\/logo\/image\/\"},\"sameAs\":[\"https:\/\/www.facebook.com\/Portal-Urbano-171542830093757\/\",\"https:\/\/twitter.com\/portalurbanook\",\"https:\/\/www.instagram.com\/_portalurbano\/\",\"https:\/\/www.youtube.com\/channel\/UCXhagIfszH8KxFiOok79zbA?view_as=subscriber\"]},{\"@type\":\"Person\",\"@id\":\"https:\/\/experienciadevida.com.ar\/portalurbano\/#\/schema\/person\/02dd326b1c4b056e9cc972486934a3a7\",\"name\":\"admpu17wp\",\"image\":{\"@type\":\"ImageObject\",\"inLanguage\":\"es\",\"@id\":\"https:\/\/experienciadevida.com.ar\/portalurbano\/#\/schema\/person\/image\/\",\"url\":\"https:\/\/secure.gravatar.com\/avatar\/830d4c57adaae6630765e449a6908047?s=96&d=mm&r=g\",\"contentUrl\":\"https:\/\/secure.gravatar.com\/avatar\/830d4c57adaae6630765e449a6908047?s=96&d=mm&r=g\",\"caption\":\"admpu17wp\"}}]}<\/script>\n<!-- \/ Yoast SEO plugin. -->","yoast_head_json":{"title":"La Comunidad del Cens 451 llev\u00f3 adelante el ato por el d\u00eda de afirmaci\u00f3n","description":"La Comunidad del Cens 451 llev\u00f3 adelante el acto por el d\u00eda de la afirmaci\u00f3n de los derechos Argentinos sobre las Islas Malvinas","robots":{"index":"index","follow":"follow","max-snippet":"max-snippet:-1","max-image-preview":"max-image-preview:large","max-video-preview":"max-video-preview:-1"},"canonical":"https:\/\/experienciadevida.com.ar\/portalurbano\/la-comunidad-del-cens-451-llevo-adelante-el-acto-por-el-dia-de-la-afirmacion-de-los-derechos-argentinos-sobre-las-islas-malvinas\/","og_locale":"es_ES","og_type":"article","og_title":"La Comunidad del Cens 451 llev\u00f3 adelante el ato por el d\u00eda de afirmaci\u00f3n","og_description":"La Comunidad del Cens 451 llev\u00f3 adelante el acto por el d\u00eda de la afirmaci\u00f3n de los derechos Argentinos sobre las Islas Malvinas","og_url":"https:\/\/experienciadevida.com.ar\/portalurbano\/la-comunidad-del-cens-451-llevo-adelante-el-acto-por-el-dia-de-la-afirmacion-de-los-derechos-argentinos-sobre-las-islas-malvinas\/","article_publisher":"https:\/\/www.facebook.com\/Portal-Urbano-171542830093757\/","article_published_time":"2022-06-11T14:37:56+00:00","article_modified_time":"2022-06-11T14:38:19+00:00","og_image":[{"width":1680,"height":1139,"url":"https:\/\/experienciadevida.com.ar\/portalurbano\/wp-content\/uploads\/2022\/06\/La-Comunidad-del-Cens.jpg","type":"image\/jpeg"}],"author":"admpu17wp","twitter_card":"summary_large_image","twitter_creator":"@portalurbanook","twitter_site":"@portalurbanook","twitter_misc":{"Escrito por":"admpu17wp","Tiempo de lectura":"2 minutos"},"schema":{"@context":"https:\/\/schema.org","@graph":[{"@type":"Article","@id":"https:\/\/experienciadevida.com.ar\/portalurbano\/la-comunidad-del-cens-451-llevo-adelante-el-acto-por-el-dia-de-la-afirmacion-de-los-derechos-argentinos-sobre-las-islas-malvinas\/#article","isPartOf":{"@id":"https:\/\/experienciadevida.com.ar\/portalurbano\/la-comunidad-del-cens-451-llevo-adelante-el-acto-por-el-dia-de-la-afirmacion-de-los-derechos-argentinos-sobre-las-islas-malvinas\/"},"author":{"name":"admpu17wp","@id":"https:\/\/experienciadevida.com.ar\/portalurbano\/#\/schema\/person\/02dd326b1c4b056e9cc972486934a3a7"},"headline":"La Comunidad del Cens 451 llev\u00f3 adelante el acto por el d\u00eda de la afirmaci\u00f3n de los derechos Argentinos sobre las Islas Malvinas","datePublished":"2022-06-11T14:37:56+00:00","dateModified":"2022-06-11T14:38:19+00:00","mainEntityOfPage":{"@id":"https:\/\/experienciadevida.com.ar\/portalurbano\/la-comunidad-del-cens-451-llevo-adelante-el-acto-por-el-dia-de-la-afirmacion-de-los-derechos-argentinos-sobre-las-islas-malvinas\/"},"wordCount":324,"publisher":{"@id":"https:\/\/experienciadevida.com.ar\/portalurbano\/#organization"},"articleSection":["Educaci\u00f3n"],"inLanguage":"es"},{"@type":"WebPage","@id":"https:\/\/experienciadevida.com.ar\/portalurbano\/la-comunidad-del-cens-451-llevo-adelante-el-acto-por-el-dia-de-la-afirmacion-de-los-derechos-argentinos-sobre-las-islas-malvinas\/","url":"https:\/\/experienciadevida.com.ar\/portalurbano\/la-comunidad-del-cens-451-llevo-adelante-el-acto-por-el-dia-de-la-afirmacion-de-los-derechos-argentinos-sobre-las-islas-malvinas\/","name":"La Comunidad del Cens 451 llev\u00f3 adelante el ato por el d\u00eda de afirmaci\u00f3n","isPartOf":{"@id":"https:\/\/experienciadevida.com.ar\/portalurbano\/#website"},"datePublished":"2022-06-11T14:37:56+00:00","dateModified":"2022-06-11T14:38:19+00:00","description":"La Comunidad del Cens 451 llev\u00f3 adelante el acto por el d\u00eda de la afirmaci\u00f3n de los derechos Argentinos sobre las Islas Malvinas","breadcrumb":{"@id":"https:\/\/experienciadevida.com.ar\/portalurbano\/la-comunidad-del-cens-451-llevo-adelante-el-acto-por-el-dia-de-la-afirmacion-de-los-derechos-argentinos-sobre-las-islas-malvinas\/#breadcrumb"},"inLanguage":"es","potentialAction":[{"@type":"ReadAction","target":["https:\/\/experienciadevida.com.ar\/portalurbano\/la-comunidad-del-cens-451-llevo-adelante-el-acto-por-el-dia-de-la-afirmacion-de-los-derechos-argentinos-sobre-las-islas-malvinas\/"]}]},{"@type":"BreadcrumbList","@id":"https:\/\/experienciadevida.com.ar\/portalurbano\/la-comunidad-del-cens-451-llevo-adelante-el-acto-por-el-dia-de-la-afirmacion-de-los-derechos-argentinos-sobre-las-islas-malvinas\/#breadcrumb","itemListElement":[{"@type":"ListItem","position":1,"name":"Portada","item":"https:\/\/experienciadevida.com.ar\/portalurbano\/"},{"@type":"ListItem","position":2,"name":"La Comunidad del Cens 451 llev\u00f3 adelante el acto por el d\u00eda de la afirmaci\u00f3n de los derechos Argentinos sobre las Islas Malvinas"}]},{"@type":"WebSite","@id":"https:\/\/experienciadevida.com.ar\/portalurbano\/#website","url":"https:\/\/experienciadevida.com.ar\/portalurbano\/","name":"","description":"","publisher":{"@id":"https:\/\/experienciadevida.com.ar\/portalurbano\/#organization"},"potentialAction":[{"@type":"SearchAction","target":{"@type":"EntryPoint","urlTemplate":"https:\/\/experienciadevida.com.ar\/portalurbano\/?s={search_term_string}"},"query-input":"required name=search_term_string"}],"inLanguage":"es"},{"@type":"Organization","@id":"https:\/\/experienciadevida.com.ar\/portalurbano\/#organization","name":"Portal Urbano","url":"https:\/\/experienciadevida.com.ar\/portalurbano\/","logo":{"@type":"ImageObject","inLanguage":"es","@id":"https:\/\/experienciadevida.com.ar\/portalurbano\/#\/schema\/logo\/image\/","url":"https:\/\/experienciadevida.com.ar\/portalurbano\/wp-content\/uploads\/2019\/09\/Logo-Original.png","contentUrl":"https:\/\/experienciadevida.com.ar\/portalurbano\/wp-content\/uploads\/2019\/09\/Logo-Original.png","width":2236,"height":1216,"caption":"Portal Urbano"},"image":{"@id":"https:\/\/experienciadevida.com.ar\/portalurbano\/#\/schema\/logo\/image\/"},"sameAs":["https:\/\/www.facebook.com\/Portal-Urbano-171542830093757\/","https:\/\/twitter.com\/portalurbanook","https:\/\/www.instagram.com\/_portalurbano\/","https:\/\/www.youtube.com\/channel\/UCXhagIfszH8KxFiOok79zbA?view_as=subscriber"]},{"@type":"Person","@id":"https:\/\/experienciadevida.com.ar\/portalurbano\/#\/schema\/person\/02dd326b1c4b056e9cc972486934a3a7","name":"admpu17wp","image":{"@type":"ImageObject","inLanguage":"es","@id":"https:\/\/experienciadevida.com.ar\/portalurbano\/#\/schema\/person\/image\/","url":"https:\/\/secure.gravatar.com\/avatar\/830d4c57adaae6630765e449a6908047?s=96&d=mm&r=g","contentUrl":"https:\/\/secure.gravatar.com\/avatar\/830d4c57adaae6630765e449a6908047?s=96&d=mm&r=g","caption":"admpu17wp"}}]}},"featured_image_urls":{"full":["https:\/\/experienciadevida.com.ar\/portalurbano\/wp-content\/uploads\/2022\/06\/La-Comunidad-del-Cens.jpg",1680,1139,false],"thumbnail":["https:\/\/experienciadevida.com.ar\/portalurbano\/wp-content\/uploads\/2022\/06\/La-Comunidad-del-Cens-150x150.jpg",150,150,true],"medium":["https:\/\/experienciadevida.com.ar\/portalurbano\/wp-content\/uploads\/2022\/06\/La-Comunidad-del-Cens-300x203.jpg",300,203,true],"medium_large":["https:\/\/experienciadevida.com.ar\/portalurbano\/wp-content\/uploads\/2022\/06\/La-Comunidad-del-Cens-768x521.jpg",640,434,true],"large":["https:\/\/experienciadevida.com.ar\/portalurbano\/wp-content\/uploads\/2022\/06\/La-Comunidad-del-Cens-1024x694.jpg",640,434,true],"ug_big":["https:\/\/experienciadevida.com.ar\/portalurbano\/wp-content\/uploads\/2022\/06\/La-Comunidad-del-Cens-768x521.jpg",768,521,true],"1536x1536":["https:\/\/experienciadevida.com.ar\/portalurbano\/wp-content\/uploads\/2022\/06\/La-Comunidad-del-Cens-1536x1041.jpg",1536,1041,true],"2048x2048":["https:\/\/experienciadevida.com.ar\/portalurbano\/wp-content\/uploads\/2022\/06\/La-Comunidad-del-Cens.jpg",1680,1139,false],"newsever-slider-full":["https:\/\/experienciadevida.com.ar\/portalurbano\/wp-content\/uploads\/2022\/06\/La-Comunidad-del-Cens.jpg",1246,845,false],"newsever-featured":["https:\/\/experienciadevida.com.ar\/portalurbano\/wp-content\/uploads\/2022\/06\/La-Comunidad-del-Cens.jpg",1024,694,false],"newsever-medium":["https:\/\/experienciadevida.com.ar\/portalurbano\/wp-content\/uploads\/2022\/06\/La-Comunidad-del-Cens.jpg",701,475,false],"web-stories-poster-portrait":["https:\/\/experienciadevida.com.ar\/portalurbano\/wp-content\/uploads\/2022\/06\/La-Comunidad-del-Cens.jpg",640,434,false],"web-stories-publisher-logo":["https:\/\/experienciadevida.com.ar\/portalurbano\/wp-content\/uploads\/2022\/06\/La-Comunidad-del-Cens.jpg",96,65,false],"web-stories-thumbnail":["https:\/\/experienciadevida.com.ar\/portalurbano\/wp-content\/uploads\/2022\/06\/La-Comunidad-del-Cens.jpg",150,102,false]},"author_info":{"display_name":"admpu17wp","author_link":"https:\/\/experienciadevida.com.ar\/portalurbano\/author\/admpu17wp\/"},"category_info":"<a href=\"https:\/\/experienciadevida.com.ar\/portalurbano\/category\/ciudad\/educacion\/\" rel=\"category tag\">Educaci\u00f3n<\/a>","tag_info":"Educaci\u00f3n","comment_count":"0","amp_enabled":true,"_links":{"self":[{"href":"https:\/\/experienciadevida.com.ar\/portalurbano\/wp-json\/wp\/v2\/posts\/169404"}],"collection":[{"href":"https:\/\/experienciadevida.com.ar\/portalurbano\/wp-json\/wp\/v2\/posts"}],"about":[{"href":"https:\/\/experienciadevida.com.ar\/portalurbano\/wp-json\/wp\/v2\/types\/post"}],"author":[{"embeddable":true,"href":"https:\/\/experienciadevida.com.ar\/portalurbano\/wp-json\/wp\/v2\/users\/1"}],"replies":[{"embeddable":true,"href":"https:\/\/experienciadevida.com.ar\/portalurbano\/wp-json\/wp\/v2\/comments?post=169404"}],"version-history":[{"count":1,"href":"https:\/\/experienciadevida.com.ar\/portalurbano\/wp-json\/wp\/v2\/posts\/169404\/revisions"}],"predecessor-version":[{"id":169406,"href":"https:\/\/experienciadevida.com.ar\/portalurbano\/wp-json\/wp\/v2\/posts\/169404\/revisions\/169406"}],"wp:featuredmedia":[{"embeddable":true,"href":"https:\/\/experienciadevida.com.ar\/portalurbano\/wp-json\/wp\/v2\/media\/169405"}],"wp:attachment":[{"href":"https:\/\/experienciadevida.com.ar\/portalurbano\/wp-json\/wp\/v2\/media?parent=169404"}],"wp:term":[{"taxonomy":"category","embeddable":true,"href":"https:\/\/experienciadevida.com.ar\/portalurbano\/wp-json\/wp\/v2\/categories?post=169404"},{"taxonomy":"post_tag","embeddable":true,"href":"https:\/\/experienciadevida.com.ar\/portalurbano\/wp-json\/wp\/v2\/tags?post=169404"}],"curies":[{"name":"wp","href":"https:\/\/api.w.org\/{rel}","templated":true}]}}