{"id":169370,"date":"2022-06-10T20:36:36","date_gmt":"2022-06-10T23:36:36","guid":{"rendered":"https:\/\/experienciadevida.com.ar\/portalurbano\/?p=169370"},"modified":"2022-06-10T20:39:06","modified_gmt":"2022-06-10T23:39:06","slug":"ariel-rodriguez-hoy-la-escuela-secundaria-no13-es-mas-igualitaria-y-justa","status":"publish","type":"post","link":"https:\/\/experienciadevida.com.ar\/portalurbano\/ariel-rodriguez-hoy-la-escuela-secundaria-no13-es-mas-igualitaria-y-justa\/","title":{"rendered":"Ariel Rodr\u00edguez: \u201cHoy la Escuela Secundaria n\u00ba13 es m\u00e1s igualitaria y justa\u201d"},"content":{"rendered":"<p>Ariel Rodr\u00edguez: \u201cHoy la Escuela Secundaria n\u00ba13 es m\u00e1s igualitaria y justa\u201d, as\u00ed lo destac\u00f3 el consejero escolar del Frente de Todos, qui\u00e9n recorri\u00f3 la escuela del barrio Villa Aurora junto a Gabriela Robledo, directora de la instituci\u00f3n y la madre de una estudiante, las refacciones que se realizaron con fondos provinciales.<\/p>\n<p>La obra realizada, consisti\u00f3 en comunicar el edificio de la Escuela Secundaria N\u00b013 con la Escuela Primaria N\u00ba65 donde se encuentra el ba\u00f1o con acceso a personas con discapacidades, lo que permitir\u00e1 que Milagros de primer a\u00f1o de la Escuela Secundaria e I\u00f1aky de sexto a\u00f1o, puedan acceder de manera directa, bajo techo, sin tener que cruzar todo el patio.<\/p>\n<p>Por su parte Rodr\u00edguez destac\u00f3: \u201cA lo largo del primer semestre hemos realizado much\u00edsimas obras de reparaci\u00f3n y mantenimiento de edificios. La decisi\u00f3n del gobernador Axel Kicillof es cubrir todas las demandas de infraestructura. Hoy la Escuela Secundaria n\u00ba13 es m\u00e1s igualitaria y justa. Trabajar para garantizar derechos es el desaf\u00edo diario. Espec\u00edficamente lo que se hizo fue agrandar aberturas para permitir el paso de diferentes dispositivos de manera c\u00f3moda y segura, la infraestructura adquiere mayor relevancia cuando la misma responde a las necesidades de todos y todas\u201d.<\/p>\n<p>Adem\u00e1s el Consejero destac\u00f3: \u201cQuiero poner en valor al equipo de trabajo de la Escuela Primaria n\u00b0 65 en especial a su directora Ver\u00f3nica Dirazar que desde el primer momento apoy\u00f3 la obra, a la directora Gabriela Robledo y su equipo por acompa\u00f1ar y sostener el proceso de construcci\u00f3n y por el trabajo diario, a las familias de ambos estudiantes que se reunieron antes y luego de la obra y nos dieron su mirada, a Sebasti\u00e1n Naselli y Miguel Cilley por el trabajo y planteo, ambos integran el equipo de la DPI Olavarr\u00eda\u201d.<\/p>\n<p><a href=\"https:\/\/experienciadevida.com.ar\/portalurbano\/ariel-rodriguez-hoy-la-escuela-secundaria-no13-es-mas-igualitaria-y-justa\/ariel\/\" rel=\"attachment wp-att-169373\"><img decoding=\"async\" class=\"alignnone size-large wp-image-169373\" src=\"https:\/\/experienciadevida.com.ar\/portalurbano\/wp-content\/uploads\/2022\/06\/Ariel-768x1024.jpg\" alt=\"Ariel \" width=\"768\" height=\"1024\" srcset=\"https:\/\/experienciadevida.com.ar\/portalurbano\/wp-content\/uploads\/2022\/06\/Ariel-768x1024.jpg 768w, https:\/\/experienciadevida.com.ar\/portalurbano\/wp-content\/uploads\/2022\/06\/Ariel-225x300.jpg 225w, https:\/\/experienciadevida.com.ar\/portalurbano\/wp-content\/uploads\/2022\/06\/Ariel-576x768.jpg 576w, https:\/\/experienciadevida.com.ar\/portalurbano\/wp-content\/uploads\/2022\/06\/Ariel.jpg 960w\" sizes=\"(max-width: 768px) 100vw, 768px\" \/><\/a><\/p>\n","protected":false},"excerpt":{"rendered":"<p>Ariel Rodr\u00edguez: \u201cHoy la Escuela Secundaria n\u00ba13 es m\u00e1s igualitaria y justa\u201d, as\u00ed lo destac\u00f3&#8230;<\/p>\n","protected":false},"author":1,"featured_media":169371,"comment_status":"closed","ping_status":"closed","sticky":false,"template":"","format":"standard","meta":{"content-type":""},"categories":[27,51],"tags":[],"nelio_content":{"isAutoShareEnabled":false,"autoShareEndMode":"default","automationSources":{"useContentSentences":true,"useSocialTemplates":true,"useCustomSentences":false,"customSentences":[]},"followers":[1],"suggestedReferences":[],"includedReferences":[],"efiUrl":"","efiAlt":"","highlights":[]},"yoast_head":"<!-- This site is optimized with the Yoast SEO plugin v20.7 - https:\/\/yoast.com\/wordpress\/plugins\/seo\/ -->\n<title>Ariel Rodr\u00edguez: &quot;Hoy la Escuela Secundaria n\u00b013 es m\u00e1s igualitaria&quot;<\/title>\n<meta name=\"description\" content=\"Ariel Rodr\u00edguez: \u201cHoy la Escuela Secundaria n\u00ba13 es m\u00e1s igualitaria y justa\u201d, as\u00ed lo destac\u00f3 el consejero escolar del Frente de Todos\" \/>\n<meta name=\"robots\" content=\"index, follow, max-snippet:-1, max-image-preview:large, max-video-preview:-1\" \/>\n<link rel=\"canonical\" href=\"https:\/\/experienciadevida.com.ar\/portalurbano\/ariel-rodriguez-hoy-la-escuela-secundaria-no13-es-mas-igualitaria-y-justa\/\" \/>\n<meta property=\"og:locale\" content=\"es_ES\" \/>\n<meta property=\"og:type\" content=\"article\" \/>\n<meta property=\"og:title\" content=\"Ariel Rodr\u00edguez: &quot;Hoy la Escuela Secundaria n\u00b013 es m\u00e1s igualitaria&quot;\" \/>\n<meta property=\"og:description\" content=\"Ariel Rodr\u00edguez: \u201cHoy la Escuela Secundaria n\u00ba13 es m\u00e1s igualitaria y justa\u201d, as\u00ed lo destac\u00f3 el consejero escolar del Frente de Todos\" \/>\n<meta property=\"og:url\" content=\"https:\/\/experienciadevida.com.ar\/portalurbano\/ariel-rodriguez-hoy-la-escuela-secundaria-no13-es-mas-igualitaria-y-justa\/\" \/>\n<meta property=\"article:publisher\" content=\"https:\/\/www.facebook.com\/Portal-Urbano-171542830093757\/\" \/>\n<meta property=\"article:published_time\" content=\"2022-06-10T23:36:36+00:00\" \/>\n<meta property=\"article:modified_time\" content=\"2022-06-10T23:39:06+00:00\" \/>\n<meta property=\"og:image\" content=\"https:\/\/experienciadevida.com.ar\/portalurbano\/wp-content\/uploads\/2022\/06\/Ariel-Rodriguez.jpg\" \/>\n\t<meta property=\"og:image:width\" content=\"960\" \/>\n\t<meta property=\"og:image:height\" content=\"640\" \/>\n\t<meta property=\"og:image:type\" content=\"image\/jpeg\" \/>\n<meta name=\"author\" content=\"admpu17wp\" \/>\n<meta name=\"twitter:card\" content=\"summary_large_image\" \/>\n<meta name=\"twitter:creator\" content=\"@portalurbanook\" \/>\n<meta name=\"twitter:site\" content=\"@portalurbanook\" \/>\n<meta name=\"twitter:label1\" content=\"Escrito por\" \/>\n\t<meta name=\"twitter:data1\" content=\"admpu17wp\" \/>\n\t<meta name=\"twitter:label2\" content=\"Tiempo de lectura\" \/>\n\t<meta name=\"twitter:data2\" content=\"2 minutos\" \/>\n<script type=\"application\/ld+json\" class=\"yoast-schema-graph\">{\"@context\":\"https:\/\/schema.org\",\"@graph\":[{\"@type\":\"Article\",\"@id\":\"https:\/\/experienciadevida.com.ar\/portalurbano\/ariel-rodriguez-hoy-la-escuela-secundaria-no13-es-mas-igualitaria-y-justa\/#article\",\"isPartOf\":{\"@id\":\"https:\/\/experienciadevida.com.ar\/portalurbano\/ariel-rodriguez-hoy-la-escuela-secundaria-no13-es-mas-igualitaria-y-justa\/\"},\"author\":{\"name\":\"admpu17wp\",\"@id\":\"https:\/\/experienciadevida.com.ar\/portalurbano\/#\/schema\/person\/02dd326b1c4b056e9cc972486934a3a7\"},\"headline\":\"Ariel Rodr\u00edguez: \u201cHoy la Escuela Secundaria n\u00ba13 es m\u00e1s igualitaria y justa\u201d\",\"datePublished\":\"2022-06-10T23:36:36+00:00\",\"dateModified\":\"2022-06-10T23:39:06+00:00\",\"mainEntityOfPage\":{\"@id\":\"https:\/\/experienciadevida.com.ar\/portalurbano\/ariel-rodriguez-hoy-la-escuela-secundaria-no13-es-mas-igualitaria-y-justa\/\"},\"wordCount\":328,\"publisher\":{\"@id\":\"https:\/\/experienciadevida.com.ar\/portalurbano\/#organization\"},\"articleSection\":[\"Ciudad\",\"Destacadas\"],\"inLanguage\":\"es\"},{\"@type\":\"WebPage\",\"@id\":\"https:\/\/experienciadevida.com.ar\/portalurbano\/ariel-rodriguez-hoy-la-escuela-secundaria-no13-es-mas-igualitaria-y-justa\/\",\"url\":\"https:\/\/experienciadevida.com.ar\/portalurbano\/ariel-rodriguez-hoy-la-escuela-secundaria-no13-es-mas-igualitaria-y-justa\/\",\"name\":\"Ariel Rodr\u00edguez: \\\"Hoy la Escuela Secundaria n\u00b013 es m\u00e1s igualitaria\\\"\",\"isPartOf\":{\"@id\":\"https:\/\/experienciadevida.com.ar\/portalurbano\/#website\"},\"datePublished\":\"2022-06-10T23:36:36+00:00\",\"dateModified\":\"2022-06-10T23:39:06+00:00\",\"description\":\"Ariel Rodr\u00edguez: \u201cHoy la Escuela Secundaria n\u00ba13 es m\u00e1s igualitaria y justa\u201d, as\u00ed lo destac\u00f3 el consejero escolar del Frente de Todos\",\"breadcrumb\":{\"@id\":\"https:\/\/experienciadevida.com.ar\/portalurbano\/ariel-rodriguez-hoy-la-escuela-secundaria-no13-es-mas-igualitaria-y-justa\/#breadcrumb\"},\"inLanguage\":\"es\",\"potentialAction\":[{\"@type\":\"ReadAction\",\"target\":[\"https:\/\/experienciadevida.com.ar\/portalurbano\/ariel-rodriguez-hoy-la-escuela-secundaria-no13-es-mas-igualitaria-y-justa\/\"]}]},{\"@type\":\"BreadcrumbList\",\"@id\":\"https:\/\/experienciadevida.com.ar\/portalurbano\/ariel-rodriguez-hoy-la-escuela-secundaria-no13-es-mas-igualitaria-y-justa\/#breadcrumb\",\"itemListElement\":[{\"@type\":\"ListItem\",\"position\":1,\"name\":\"Portada\",\"item\":\"https:\/\/experienciadevida.com.ar\/portalurbano\/\"},{\"@type\":\"ListItem\",\"position\":2,\"name\":\"Ariel Rodr\u00edguez: \u201cHoy la Escuela Secundaria n\u00ba13 es m\u00e1s igualitaria y justa\u201d\"}]},{\"@type\":\"WebSite\",\"@id\":\"https:\/\/experienciadevida.com.ar\/portalurbano\/#website\",\"url\":\"https:\/\/experienciadevida.com.ar\/portalurbano\/\",\"name\":\"\",\"description\":\"\",\"publisher\":{\"@id\":\"https:\/\/experienciadevida.com.ar\/portalurbano\/#organization\"},\"potentialAction\":[{\"@type\":\"SearchAction\",\"target\":{\"@type\":\"EntryPoint\",\"urlTemplate\":\"https:\/\/experienciadevida.com.ar\/portalurbano\/?s={search_term_string}\"},\"query-input\":\"required name=search_term_string\"}],\"inLanguage\":\"es\"},{\"@type\":\"Organization\",\"@id\":\"https:\/\/experienciadevida.com.ar\/portalurbano\/#organization\",\"name\":\"Portal Urbano\",\"url\":\"https:\/\/experienciadevida.com.ar\/portalurbano\/\",\"logo\":{\"@type\":\"ImageObject\",\"inLanguage\":\"es\",\"@id\":\"https:\/\/experienciadevida.com.ar\/portalurbano\/#\/schema\/logo\/image\/\",\"url\":\"https:\/\/experienciadevida.com.ar\/portalurbano\/wp-content\/uploads\/2019\/09\/Logo-Original.png\",\"contentUrl\":\"https:\/\/experienciadevida.com.ar\/portalurbano\/wp-content\/uploads\/2019\/09\/Logo-Original.png\",\"width\":2236,\"height\":1216,\"caption\":\"Portal Urbano\"},\"image\":{\"@id\":\"https:\/\/experienciadevida.com.ar\/portalurbano\/#\/schema\/logo\/image\/\"},\"sameAs\":[\"https:\/\/www.facebook.com\/Portal-Urbano-171542830093757\/\",\"https:\/\/twitter.com\/portalurbanook\",\"https:\/\/www.instagram.com\/_portalurbano\/\",\"https:\/\/www.youtube.com\/channel\/UCXhagIfszH8KxFiOok79zbA?view_as=subscriber\"]},{\"@type\":\"Person\",\"@id\":\"https:\/\/experienciadevida.com.ar\/portalurbano\/#\/schema\/person\/02dd326b1c4b056e9cc972486934a3a7\",\"name\":\"admpu17wp\",\"image\":{\"@type\":\"ImageObject\",\"inLanguage\":\"es\",\"@id\":\"https:\/\/experienciadevida.com.ar\/portalurbano\/#\/schema\/person\/image\/\",\"url\":\"https:\/\/secure.gravatar.com\/avatar\/830d4c57adaae6630765e449a6908047?s=96&d=mm&r=g\",\"contentUrl\":\"https:\/\/secure.gravatar.com\/avatar\/830d4c57adaae6630765e449a6908047?s=96&d=mm&r=g\",\"caption\":\"admpu17wp\"}}]}<\/script>\n<!-- \/ Yoast SEO plugin. -->","yoast_head_json":{"title":"Ariel Rodr\u00edguez: \"Hoy la Escuela Secundaria n\u00b013 es m\u00e1s igualitaria\"","description":"Ariel Rodr\u00edguez: \u201cHoy la Escuela Secundaria n\u00ba13 es m\u00e1s igualitaria y justa\u201d, as\u00ed lo destac\u00f3 el consejero escolar del Frente de Todos","robots":{"index":"index","follow":"follow","max-snippet":"max-snippet:-1","max-image-preview":"max-image-preview:large","max-video-preview":"max-video-preview:-1"},"canonical":"https:\/\/experienciadevida.com.ar\/portalurbano\/ariel-rodriguez-hoy-la-escuela-secundaria-no13-es-mas-igualitaria-y-justa\/","og_locale":"es_ES","og_type":"article","og_title":"Ariel Rodr\u00edguez: \"Hoy la Escuela Secundaria n\u00b013 es m\u00e1s igualitaria\"","og_description":"Ariel Rodr\u00edguez: \u201cHoy la Escuela Secundaria n\u00ba13 es m\u00e1s igualitaria y justa\u201d, as\u00ed lo destac\u00f3 el consejero escolar del Frente de Todos","og_url":"https:\/\/experienciadevida.com.ar\/portalurbano\/ariel-rodriguez-hoy-la-escuela-secundaria-no13-es-mas-igualitaria-y-justa\/","article_publisher":"https:\/\/www.facebook.com\/Portal-Urbano-171542830093757\/","article_published_time":"2022-06-10T23:36:36+00:00","article_modified_time":"2022-06-10T23:39:06+00:00","og_image":[{"width":960,"height":640,"url":"https:\/\/experienciadevida.com.ar\/portalurbano\/wp-content\/uploads\/2022\/06\/Ariel-Rodriguez.jpg","type":"image\/jpeg"}],"author":"admpu17wp","twitter_card":"summary_large_image","twitter_creator":"@portalurbanook","twitter_site":"@portalurbanook","twitter_misc":{"Escrito por":"admpu17wp","Tiempo de lectura":"2 minutos"},"schema":{"@context":"https:\/\/schema.org","@graph":[{"@type":"Article","@id":"https:\/\/experienciadevida.com.ar\/portalurbano\/ariel-rodriguez-hoy-la-escuela-secundaria-no13-es-mas-igualitaria-y-justa\/#article","isPartOf":{"@id":"https:\/\/experienciadevida.com.ar\/portalurbano\/ariel-rodriguez-hoy-la-escuela-secundaria-no13-es-mas-igualitaria-y-justa\/"},"author":{"name":"admpu17wp","@id":"https:\/\/experienciadevida.com.ar\/portalurbano\/#\/schema\/person\/02dd326b1c4b056e9cc972486934a3a7"},"headline":"Ariel Rodr\u00edguez: \u201cHoy la Escuela Secundaria n\u00ba13 es m\u00e1s igualitaria y justa\u201d","datePublished":"2022-06-10T23:36:36+00:00","dateModified":"2022-06-10T23:39:06+00:00","mainEntityOfPage":{"@id":"https:\/\/experienciadevida.com.ar\/portalurbano\/ariel-rodriguez-hoy-la-escuela-secundaria-no13-es-mas-igualitaria-y-justa\/"},"wordCount":328,"publisher":{"@id":"https:\/\/experienciadevida.com.ar\/portalurbano\/#organization"},"articleSection":["Ciudad","Destacadas"],"inLanguage":"es"},{"@type":"WebPage","@id":"https:\/\/experienciadevida.com.ar\/portalurbano\/ariel-rodriguez-hoy-la-escuela-secundaria-no13-es-mas-igualitaria-y-justa\/","url":"https:\/\/experienciadevida.com.ar\/portalurbano\/ariel-rodriguez-hoy-la-escuela-secundaria-no13-es-mas-igualitaria-y-justa\/","name":"Ariel Rodr\u00edguez: \"Hoy la Escuela Secundaria n\u00b013 es m\u00e1s igualitaria\"","isPartOf":{"@id":"https:\/\/experienciadevida.com.ar\/portalurbano\/#website"},"datePublished":"2022-06-10T23:36:36+00:00","dateModified":"2022-06-10T23:39:06+00:00","description":"Ariel Rodr\u00edguez: \u201cHoy la Escuela Secundaria n\u00ba13 es m\u00e1s igualitaria y justa\u201d, as\u00ed lo destac\u00f3 el consejero escolar del Frente de Todos","breadcrumb":{"@id":"https:\/\/experienciadevida.com.ar\/portalurbano\/ariel-rodriguez-hoy-la-escuela-secundaria-no13-es-mas-igualitaria-y-justa\/#breadcrumb"},"inLanguage":"es","potentialAction":[{"@type":"ReadAction","target":["https:\/\/experienciadevida.com.ar\/portalurbano\/ariel-rodriguez-hoy-la-escuela-secundaria-no13-es-mas-igualitaria-y-justa\/"]}]},{"@type":"BreadcrumbList","@id":"https:\/\/experienciadevida.com.ar\/portalurbano\/ariel-rodriguez-hoy-la-escuela-secundaria-no13-es-mas-igualitaria-y-justa\/#breadcrumb","itemListElement":[{"@type":"ListItem","position":1,"name":"Portada","item":"https:\/\/experienciadevida.com.ar\/portalurbano\/"},{"@type":"ListItem","position":2,"name":"Ariel Rodr\u00edguez: \u201cHoy la Escuela Secundaria n\u00ba13 es m\u00e1s igualitaria y justa\u201d"}]},{"@type":"WebSite","@id":"https:\/\/experienciadevida.com.ar\/portalurbano\/#website","url":"https:\/\/experienciadevida.com.ar\/portalurbano\/","name":"","description":"","publisher":{"@id":"https:\/\/experienciadevida.com.ar\/portalurbano\/#organization"},"potentialAction":[{"@type":"SearchAction","target":{"@type":"EntryPoint","urlTemplate":"https:\/\/experienciadevida.com.ar\/portalurbano\/?s={search_term_string}"},"query-input":"required name=search_term_string"}],"inLanguage":"es"},{"@type":"Organization","@id":"https:\/\/experienciadevida.com.ar\/portalurbano\/#organization","name":"Portal Urbano","url":"https:\/\/experienciadevida.com.ar\/portalurbano\/","logo":{"@type":"ImageObject","inLanguage":"es","@id":"https:\/\/experienciadevida.com.ar\/portalurbano\/#\/schema\/logo\/image\/","url":"https:\/\/experienciadevida.com.ar\/portalurbano\/wp-content\/uploads\/2019\/09\/Logo-Original.png","contentUrl":"https:\/\/experienciadevida.com.ar\/portalurbano\/wp-content\/uploads\/2019\/09\/Logo-Original.png","width":2236,"height":1216,"caption":"Portal Urbano"},"image":{"@id":"https:\/\/experienciadevida.com.ar\/portalurbano\/#\/schema\/logo\/image\/"},"sameAs":["https:\/\/www.facebook.com\/Portal-Urbano-171542830093757\/","https:\/\/twitter.com\/portalurbanook","https:\/\/www.instagram.com\/_portalurbano\/","https:\/\/www.youtube.com\/channel\/UCXhagIfszH8KxFiOok79zbA?view_as=subscriber"]},{"@type":"Person","@id":"https:\/\/experienciadevida.com.ar\/portalurbano\/#\/schema\/person\/02dd326b1c4b056e9cc972486934a3a7","name":"admpu17wp","image":{"@type":"ImageObject","inLanguage":"es","@id":"https:\/\/experienciadevida.com.ar\/portalurbano\/#\/schema\/person\/image\/","url":"https:\/\/secure.gravatar.com\/avatar\/830d4c57adaae6630765e449a6908047?s=96&d=mm&r=g","contentUrl":"https:\/\/secure.gravatar.com\/avatar\/830d4c57adaae6630765e449a6908047?s=96&d=mm&r=g","caption":"admpu17wp"}}]}},"featured_image_urls":{"full":["https:\/\/experienciadevida.com.ar\/portalurbano\/wp-content\/uploads\/2022\/06\/Ariel-Rodriguez.jpg",960,640,false],"thumbnail":["https:\/\/experienciadevida.com.ar\/portalurbano\/wp-content\/uploads\/2022\/06\/Ariel-Rodriguez-150x150.jpg",150,150,true],"medium":["https:\/\/experienciadevida.com.ar\/portalurbano\/wp-content\/uploads\/2022\/06\/Ariel-Rodriguez-300x200.jpg",300,200,true],"medium_large":["https:\/\/experienciadevida.com.ar\/portalurbano\/wp-content\/uploads\/2022\/06\/Ariel-Rodriguez-768x512.jpg",640,427,true],"large":["https:\/\/experienciadevida.com.ar\/portalurbano\/wp-content\/uploads\/2022\/06\/Ariel-Rodriguez.jpg",640,427,false],"ug_big":["https:\/\/experienciadevida.com.ar\/portalurbano\/wp-content\/uploads\/2022\/06\/Ariel-Rodriguez-768x512.jpg",768,512,true],"1536x1536":["https:\/\/experienciadevida.com.ar\/portalurbano\/wp-content\/uploads\/2022\/06\/Ariel-Rodriguez.jpg",960,640,false],"2048x2048":["https:\/\/experienciadevida.com.ar\/portalurbano\/wp-content\/uploads\/2022\/06\/Ariel-Rodriguez.jpg",960,640,false],"newsever-slider-full":["https:\/\/experienciadevida.com.ar\/portalurbano\/wp-content\/uploads\/2022\/06\/Ariel-Rodriguez.jpg",960,640,false],"newsever-featured":["https:\/\/experienciadevida.com.ar\/portalurbano\/wp-content\/uploads\/2022\/06\/Ariel-Rodriguez.jpg",960,640,false],"newsever-medium":["https:\/\/experienciadevida.com.ar\/portalurbano\/wp-content\/uploads\/2022\/06\/Ariel-Rodriguez.jpg",713,475,false],"web-stories-poster-portrait":["https:\/\/experienciadevida.com.ar\/portalurbano\/wp-content\/uploads\/2022\/06\/Ariel-Rodriguez.jpg",640,427,false],"web-stories-publisher-logo":["https:\/\/experienciadevida.com.ar\/portalurbano\/wp-content\/uploads\/2022\/06\/Ariel-Rodriguez.jpg",96,64,false],"web-stories-thumbnail":["https:\/\/experienciadevida.com.ar\/portalurbano\/wp-content\/uploads\/2022\/06\/Ariel-Rodriguez.jpg",150,100,false]},"author_info":{"display_name":"admpu17wp","author_link":"https:\/\/experienciadevida.com.ar\/portalurbano\/author\/admpu17wp\/"},"category_info":"<a href=\"https:\/\/experienciadevida.com.ar\/portalurbano\/category\/ciudad\/\" rel=\"category tag\">Ciudad<\/a> <a href=\"https:\/\/experienciadevida.com.ar\/portalurbano\/category\/destacadas\/\" rel=\"category tag\">Destacadas<\/a>","tag_info":"Destacadas","comment_count":"0","amp_enabled":true,"_links":{"self":[{"href":"https:\/\/experienciadevida.com.ar\/portalurbano\/wp-json\/wp\/v2\/posts\/169370"}],"collection":[{"href":"https:\/\/experienciadevida.com.ar\/portalurbano\/wp-json\/wp\/v2\/posts"}],"about":[{"href":"https:\/\/experienciadevida.com.ar\/portalurbano\/wp-json\/wp\/v2\/types\/post"}],"author":[{"embeddable":true,"href":"https:\/\/experienciadevida.com.ar\/portalurbano\/wp-json\/wp\/v2\/users\/1"}],"replies":[{"embeddable":true,"href":"https:\/\/experienciadevida.com.ar\/portalurbano\/wp-json\/wp\/v2\/comments?post=169370"}],"version-history":[{"count":2,"href":"https:\/\/experienciadevida.com.ar\/portalurbano\/wp-json\/wp\/v2\/posts\/169370\/revisions"}],"predecessor-version":[{"id":169374,"href":"https:\/\/experienciadevida.com.ar\/portalurbano\/wp-json\/wp\/v2\/posts\/169370\/revisions\/169374"}],"wp:featuredmedia":[{"embeddable":true,"href":"https:\/\/experienciadevida.com.ar\/portalurbano\/wp-json\/wp\/v2\/media\/169371"}],"wp:attachment":[{"href":"https:\/\/experienciadevida.com.ar\/portalurbano\/wp-json\/wp\/v2\/media?parent=169370"}],"wp:term":[{"taxonomy":"category","embeddable":true,"href":"https:\/\/experienciadevida.com.ar\/portalurbano\/wp-json\/wp\/v2\/categories?post=169370"},{"taxonomy":"post_tag","embeddable":true,"href":"https:\/\/experienciadevida.com.ar\/portalurbano\/wp-json\/wp\/v2\/tags?post=169370"}],"curies":[{"name":"wp","href":"https:\/\/api.w.org\/{rel}","templated":true}]}}