{"id":169360,"date":"2022-06-10T18:21:53","date_gmt":"2022-06-10T21:21:53","guid":{"rendered":"https:\/\/experienciadevida.com.ar\/portalurbano\/?p=169360"},"modified":"2022-06-10T18:25:01","modified_gmt":"2022-06-10T21:25:01","slug":"han-instalado-la-mentira-como-metodologia-y-se-alejan-de-las-necesidades-de-los-vecinos","status":"publish","type":"post","link":"https:\/\/experienciadevida.com.ar\/portalurbano\/han-instalado-la-mentira-como-metodologia-y-se-alejan-de-las-necesidades-de-los-vecinos\/","title":{"rendered":"\u201cHan instalado la mentira como metodolog\u00eda y se alejan de las necesidades de los vecinos\u201d"},"content":{"rendered":"<p>\u201cHan instalado la mentira como metodolog\u00eda y se alejan de las necesidades de los vecinos\u201d, el concejal de Juntos Juan <a href=\"https:\/\/www.instagram.com\/juan.mujica.54\/?hl=es-la\">M\u00fajica<\/a> se refiri\u00f3 a la situaci\u00f3n contractual de Gabriel Requena en el Departamento Ejecutivo Municipal durante el corriente a\u00f1o.<\/p>\n<p>\u201cGabriel Requena fue contratado como proveedor hasta diciembre de 2022 para asesorar en materia de Recursos Humanos por su amplia experiencia en la materia tras haber sido Director de Personal durante seis a\u00f1os por la<br \/>\nsuma de 80 mil pesos por mes\u201d, explic\u00f3 el edil.<\/p>\n<p>\u201cLa concejal Celeste Arouxet miente, tiene una clara intenci\u00f3n de da\u00f1ar la honorabilidad de una persona y, adem\u00e1s, pone en riesgo la integridad f\u00edsica inventando sumas exorbitantes que no son reales\u201d, agreg\u00f3.<\/p>\n<p>Adem\u00e1s, Mujica expres\u00f3: \u201cme llama la atenci\u00f3n que la concejal Arouxet no sepa usar el RAFAM porque hace m\u00e1s de cuatro a\u00f1os que es concejal. O, evidentemente, hay mala intenci\u00f3n y s\u00f3lo busca trascender\u201d.<\/p>\n<p>\u201cHay que ser responsable cuando se ocupa un cargo p\u00fablico, no se puede decir cualquier cosa buscando un t\u00edtulo en los medios\u201d, a\u00f1adi\u00f3 el concejal de Juntos.<\/p>\n<p>Finalmente, Juan M\u00fajica record\u00f3 que \u201cno hay nada que esconder. Est\u00e1 todo publicado en Gobierno Abierto y los concejales, como en pocas ciudades, tienen acceso al RAFAM. Han instalado la mentira como metodolog\u00eda de<br \/>\ntrabajo y se alejan de las necesidades de los vecinos\u201d.<\/p>\n","protected":false},"excerpt":{"rendered":"<p>\u201cHan instalado la mentira como metodolog\u00eda y se alejan de las necesidades de los vecinos\u201d,&#8230;<\/p>\n","protected":false},"author":1,"featured_media":169361,"comment_status":"closed","ping_status":"closed","sticky":false,"template":"","format":"standard","meta":{"content-type":""},"categories":[27,64],"tags":[],"nelio_content":{"isAutoShareEnabled":false,"autoShareEndMode":"default","automationSources":{"useContentSentences":true,"useSocialTemplates":true,"useCustomSentences":false,"customSentences":[]},"followers":[1],"suggestedReferences":[],"includedReferences":[],"efiUrl":"","efiAlt":"","highlights":[]},"yoast_head":"<!-- This site is optimized with the Yoast SEO plugin v20.7 - https:\/\/yoast.com\/wordpress\/plugins\/seo\/ -->\n<title>&quot;Han instalado la mentira como metodolog\u00eda y se alejan de necesidades&quot;<\/title>\n<meta name=\"description\" content=\"\u201cHan instalado la mentira como metodolog\u00eda y se alejan de las necesidades de los vecinos\u201d, el concejal de Juntos Juan M\u00fajica\" \/>\n<meta name=\"robots\" content=\"index, follow, max-snippet:-1, max-image-preview:large, max-video-preview:-1\" \/>\n<link rel=\"canonical\" href=\"https:\/\/experienciadevida.com.ar\/portalurbano\/han-instalado-la-mentira-como-metodologia-y-se-alejan-de-las-necesidades-de-los-vecinos\/\" \/>\n<meta property=\"og:locale\" content=\"es_ES\" \/>\n<meta property=\"og:type\" content=\"article\" \/>\n<meta property=\"og:title\" content=\"&quot;Han instalado la mentira como metodolog\u00eda y se alejan de necesidades&quot;\" \/>\n<meta property=\"og:description\" content=\"\u201cHan instalado la mentira como metodolog\u00eda y se alejan de las necesidades de los vecinos\u201d, el concejal de Juntos Juan M\u00fajica\" \/>\n<meta property=\"og:url\" content=\"https:\/\/experienciadevida.com.ar\/portalurbano\/han-instalado-la-mentira-como-metodologia-y-se-alejan-de-las-necesidades-de-los-vecinos\/\" \/>\n<meta property=\"article:publisher\" content=\"https:\/\/www.facebook.com\/Portal-Urbano-171542830093757\/\" \/>\n<meta property=\"article:published_time\" content=\"2022-06-10T21:21:53+00:00\" \/>\n<meta property=\"article:modified_time\" content=\"2022-06-10T21:25:01+00:00\" \/>\n<meta property=\"og:image\" content=\"https:\/\/experienciadevida.com.ar\/portalurbano\/wp-content\/uploads\/2022\/06\/Han-instalado-la-mentira.jpg\" \/>\n\t<meta property=\"og:image:width\" content=\"1280\" \/>\n\t<meta property=\"og:image:height\" content=\"855\" \/>\n\t<meta property=\"og:image:type\" content=\"image\/jpeg\" \/>\n<meta name=\"author\" content=\"admpu17wp\" \/>\n<meta name=\"twitter:card\" content=\"summary_large_image\" \/>\n<meta name=\"twitter:creator\" content=\"@portalurbanook\" \/>\n<meta name=\"twitter:site\" content=\"@portalurbanook\" \/>\n<meta name=\"twitter:label1\" content=\"Escrito por\" \/>\n\t<meta name=\"twitter:data1\" content=\"admpu17wp\" \/>\n\t<meta name=\"twitter:label2\" content=\"Tiempo de lectura\" \/>\n\t<meta name=\"twitter:data2\" content=\"2 minutos\" \/>\n<script type=\"application\/ld+json\" class=\"yoast-schema-graph\">{\"@context\":\"https:\/\/schema.org\",\"@graph\":[{\"@type\":\"Article\",\"@id\":\"https:\/\/experienciadevida.com.ar\/portalurbano\/han-instalado-la-mentira-como-metodologia-y-se-alejan-de-las-necesidades-de-los-vecinos\/#article\",\"isPartOf\":{\"@id\":\"https:\/\/experienciadevida.com.ar\/portalurbano\/han-instalado-la-mentira-como-metodologia-y-se-alejan-de-las-necesidades-de-los-vecinos\/\"},\"author\":{\"name\":\"admpu17wp\",\"@id\":\"https:\/\/experienciadevida.com.ar\/portalurbano\/#\/schema\/person\/02dd326b1c4b056e9cc972486934a3a7\"},\"headline\":\"\u201cHan instalado la mentira como metodolog\u00eda y se alejan de las necesidades de los vecinos\u201d\",\"datePublished\":\"2022-06-10T21:21:53+00:00\",\"dateModified\":\"2022-06-10T21:25:01+00:00\",\"mainEntityOfPage\":{\"@id\":\"https:\/\/experienciadevida.com.ar\/portalurbano\/han-instalado-la-mentira-como-metodologia-y-se-alejan-de-las-necesidades-de-los-vecinos\/\"},\"wordCount\":255,\"publisher\":{\"@id\":\"https:\/\/experienciadevida.com.ar\/portalurbano\/#organization\"},\"articleSection\":[\"Ciudad\",\"Destacadas 2\"],\"inLanguage\":\"es\"},{\"@type\":\"WebPage\",\"@id\":\"https:\/\/experienciadevida.com.ar\/portalurbano\/han-instalado-la-mentira-como-metodologia-y-se-alejan-de-las-necesidades-de-los-vecinos\/\",\"url\":\"https:\/\/experienciadevida.com.ar\/portalurbano\/han-instalado-la-mentira-como-metodologia-y-se-alejan-de-las-necesidades-de-los-vecinos\/\",\"name\":\"\\\"Han instalado la mentira como metodolog\u00eda y se alejan de necesidades\\\"\",\"isPartOf\":{\"@id\":\"https:\/\/experienciadevida.com.ar\/portalurbano\/#website\"},\"datePublished\":\"2022-06-10T21:21:53+00:00\",\"dateModified\":\"2022-06-10T21:25:01+00:00\",\"description\":\"\u201cHan instalado la mentira como metodolog\u00eda y se alejan de las necesidades de los vecinos\u201d, el concejal de Juntos Juan M\u00fajica\",\"breadcrumb\":{\"@id\":\"https:\/\/experienciadevida.com.ar\/portalurbano\/han-instalado-la-mentira-como-metodologia-y-se-alejan-de-las-necesidades-de-los-vecinos\/#breadcrumb\"},\"inLanguage\":\"es\",\"potentialAction\":[{\"@type\":\"ReadAction\",\"target\":[\"https:\/\/experienciadevida.com.ar\/portalurbano\/han-instalado-la-mentira-como-metodologia-y-se-alejan-de-las-necesidades-de-los-vecinos\/\"]}]},{\"@type\":\"BreadcrumbList\",\"@id\":\"https:\/\/experienciadevida.com.ar\/portalurbano\/han-instalado-la-mentira-como-metodologia-y-se-alejan-de-las-necesidades-de-los-vecinos\/#breadcrumb\",\"itemListElement\":[{\"@type\":\"ListItem\",\"position\":1,\"name\":\"Portada\",\"item\":\"https:\/\/experienciadevida.com.ar\/portalurbano\/\"},{\"@type\":\"ListItem\",\"position\":2,\"name\":\"\u201cHan instalado la mentira como metodolog\u00eda y se alejan de las necesidades de los vecinos\u201d\"}]},{\"@type\":\"WebSite\",\"@id\":\"https:\/\/experienciadevida.com.ar\/portalurbano\/#website\",\"url\":\"https:\/\/experienciadevida.com.ar\/portalurbano\/\",\"name\":\"\",\"description\":\"\",\"publisher\":{\"@id\":\"https:\/\/experienciadevida.com.ar\/portalurbano\/#organization\"},\"potentialAction\":[{\"@type\":\"SearchAction\",\"target\":{\"@type\":\"EntryPoint\",\"urlTemplate\":\"https:\/\/experienciadevida.com.ar\/portalurbano\/?s={search_term_string}\"},\"query-input\":\"required name=search_term_string\"}],\"inLanguage\":\"es\"},{\"@type\":\"Organization\",\"@id\":\"https:\/\/experienciadevida.com.ar\/portalurbano\/#organization\",\"name\":\"Portal Urbano\",\"url\":\"https:\/\/experienciadevida.com.ar\/portalurbano\/\",\"logo\":{\"@type\":\"ImageObject\",\"inLanguage\":\"es\",\"@id\":\"https:\/\/experienciadevida.com.ar\/portalurbano\/#\/schema\/logo\/image\/\",\"url\":\"https:\/\/experienciadevida.com.ar\/portalurbano\/wp-content\/uploads\/2019\/09\/Logo-Original.png\",\"contentUrl\":\"https:\/\/experienciadevida.com.ar\/portalurbano\/wp-content\/uploads\/2019\/09\/Logo-Original.png\",\"width\":2236,\"height\":1216,\"caption\":\"Portal Urbano\"},\"image\":{\"@id\":\"https:\/\/experienciadevida.com.ar\/portalurbano\/#\/schema\/logo\/image\/\"},\"sameAs\":[\"https:\/\/www.facebook.com\/Portal-Urbano-171542830093757\/\",\"https:\/\/twitter.com\/portalurbanook\",\"https:\/\/www.instagram.com\/_portalurbano\/\",\"https:\/\/www.youtube.com\/channel\/UCXhagIfszH8KxFiOok79zbA?view_as=subscriber\"]},{\"@type\":\"Person\",\"@id\":\"https:\/\/experienciadevida.com.ar\/portalurbano\/#\/schema\/person\/02dd326b1c4b056e9cc972486934a3a7\",\"name\":\"admpu17wp\",\"image\":{\"@type\":\"ImageObject\",\"inLanguage\":\"es\",\"@id\":\"https:\/\/experienciadevida.com.ar\/portalurbano\/#\/schema\/person\/image\/\",\"url\":\"https:\/\/secure.gravatar.com\/avatar\/830d4c57adaae6630765e449a6908047?s=96&d=mm&r=g\",\"contentUrl\":\"https:\/\/secure.gravatar.com\/avatar\/830d4c57adaae6630765e449a6908047?s=96&d=mm&r=g\",\"caption\":\"admpu17wp\"}}]}<\/script>\n<!-- \/ Yoast SEO plugin. -->","yoast_head_json":{"title":"\"Han instalado la mentira como metodolog\u00eda y se alejan de necesidades\"","description":"\u201cHan instalado la mentira como metodolog\u00eda y se alejan de las necesidades de los vecinos\u201d, el concejal de Juntos Juan M\u00fajica","robots":{"index":"index","follow":"follow","max-snippet":"max-snippet:-1","max-image-preview":"max-image-preview:large","max-video-preview":"max-video-preview:-1"},"canonical":"https:\/\/experienciadevida.com.ar\/portalurbano\/han-instalado-la-mentira-como-metodologia-y-se-alejan-de-las-necesidades-de-los-vecinos\/","og_locale":"es_ES","og_type":"article","og_title":"\"Han instalado la mentira como metodolog\u00eda y se alejan de necesidades\"","og_description":"\u201cHan instalado la mentira como metodolog\u00eda y se alejan de las necesidades de los vecinos\u201d, el concejal de Juntos Juan M\u00fajica","og_url":"https:\/\/experienciadevida.com.ar\/portalurbano\/han-instalado-la-mentira-como-metodologia-y-se-alejan-de-las-necesidades-de-los-vecinos\/","article_publisher":"https:\/\/www.facebook.com\/Portal-Urbano-171542830093757\/","article_published_time":"2022-06-10T21:21:53+00:00","article_modified_time":"2022-06-10T21:25:01+00:00","og_image":[{"width":1280,"height":855,"url":"https:\/\/experienciadevida.com.ar\/portalurbano\/wp-content\/uploads\/2022\/06\/Han-instalado-la-mentira.jpg","type":"image\/jpeg"}],"author":"admpu17wp","twitter_card":"summary_large_image","twitter_creator":"@portalurbanook","twitter_site":"@portalurbanook","twitter_misc":{"Escrito por":"admpu17wp","Tiempo de lectura":"2 minutos"},"schema":{"@context":"https:\/\/schema.org","@graph":[{"@type":"Article","@id":"https:\/\/experienciadevida.com.ar\/portalurbano\/han-instalado-la-mentira-como-metodologia-y-se-alejan-de-las-necesidades-de-los-vecinos\/#article","isPartOf":{"@id":"https:\/\/experienciadevida.com.ar\/portalurbano\/han-instalado-la-mentira-como-metodologia-y-se-alejan-de-las-necesidades-de-los-vecinos\/"},"author":{"name":"admpu17wp","@id":"https:\/\/experienciadevida.com.ar\/portalurbano\/#\/schema\/person\/02dd326b1c4b056e9cc972486934a3a7"},"headline":"\u201cHan instalado la mentira como metodolog\u00eda y se alejan de las necesidades de los vecinos\u201d","datePublished":"2022-06-10T21:21:53+00:00","dateModified":"2022-06-10T21:25:01+00:00","mainEntityOfPage":{"@id":"https:\/\/experienciadevida.com.ar\/portalurbano\/han-instalado-la-mentira-como-metodologia-y-se-alejan-de-las-necesidades-de-los-vecinos\/"},"wordCount":255,"publisher":{"@id":"https:\/\/experienciadevida.com.ar\/portalurbano\/#organization"},"articleSection":["Ciudad","Destacadas 2"],"inLanguage":"es"},{"@type":"WebPage","@id":"https:\/\/experienciadevida.com.ar\/portalurbano\/han-instalado-la-mentira-como-metodologia-y-se-alejan-de-las-necesidades-de-los-vecinos\/","url":"https:\/\/experienciadevida.com.ar\/portalurbano\/han-instalado-la-mentira-como-metodologia-y-se-alejan-de-las-necesidades-de-los-vecinos\/","name":"\"Han instalado la mentira como metodolog\u00eda y se alejan de necesidades\"","isPartOf":{"@id":"https:\/\/experienciadevida.com.ar\/portalurbano\/#website"},"datePublished":"2022-06-10T21:21:53+00:00","dateModified":"2022-06-10T21:25:01+00:00","description":"\u201cHan instalado la mentira como metodolog\u00eda y se alejan de las necesidades de los vecinos\u201d, el concejal de Juntos Juan M\u00fajica","breadcrumb":{"@id":"https:\/\/experienciadevida.com.ar\/portalurbano\/han-instalado-la-mentira-como-metodologia-y-se-alejan-de-las-necesidades-de-los-vecinos\/#breadcrumb"},"inLanguage":"es","potentialAction":[{"@type":"ReadAction","target":["https:\/\/experienciadevida.com.ar\/portalurbano\/han-instalado-la-mentira-como-metodologia-y-se-alejan-de-las-necesidades-de-los-vecinos\/"]}]},{"@type":"BreadcrumbList","@id":"https:\/\/experienciadevida.com.ar\/portalurbano\/han-instalado-la-mentira-como-metodologia-y-se-alejan-de-las-necesidades-de-los-vecinos\/#breadcrumb","itemListElement":[{"@type":"ListItem","position":1,"name":"Portada","item":"https:\/\/experienciadevida.com.ar\/portalurbano\/"},{"@type":"ListItem","position":2,"name":"\u201cHan instalado la mentira como metodolog\u00eda y se alejan de las necesidades de los vecinos\u201d"}]},{"@type":"WebSite","@id":"https:\/\/experienciadevida.com.ar\/portalurbano\/#website","url":"https:\/\/experienciadevida.com.ar\/portalurbano\/","name":"","description":"","publisher":{"@id":"https:\/\/experienciadevida.com.ar\/portalurbano\/#organization"},"potentialAction":[{"@type":"SearchAction","target":{"@type":"EntryPoint","urlTemplate":"https:\/\/experienciadevida.com.ar\/portalurbano\/?s={search_term_string}"},"query-input":"required name=search_term_string"}],"inLanguage":"es"},{"@type":"Organization","@id":"https:\/\/experienciadevida.com.ar\/portalurbano\/#organization","name":"Portal Urbano","url":"https:\/\/experienciadevida.com.ar\/portalurbano\/","logo":{"@type":"ImageObject","inLanguage":"es","@id":"https:\/\/experienciadevida.com.ar\/portalurbano\/#\/schema\/logo\/image\/","url":"https:\/\/experienciadevida.com.ar\/portalurbano\/wp-content\/uploads\/2019\/09\/Logo-Original.png","contentUrl":"https:\/\/experienciadevida.com.ar\/portalurbano\/wp-content\/uploads\/2019\/09\/Logo-Original.png","width":2236,"height":1216,"caption":"Portal Urbano"},"image":{"@id":"https:\/\/experienciadevida.com.ar\/portalurbano\/#\/schema\/logo\/image\/"},"sameAs":["https:\/\/www.facebook.com\/Portal-Urbano-171542830093757\/","https:\/\/twitter.com\/portalurbanook","https:\/\/www.instagram.com\/_portalurbano\/","https:\/\/www.youtube.com\/channel\/UCXhagIfszH8KxFiOok79zbA?view_as=subscriber"]},{"@type":"Person","@id":"https:\/\/experienciadevida.com.ar\/portalurbano\/#\/schema\/person\/02dd326b1c4b056e9cc972486934a3a7","name":"admpu17wp","image":{"@type":"ImageObject","inLanguage":"es","@id":"https:\/\/experienciadevida.com.ar\/portalurbano\/#\/schema\/person\/image\/","url":"https:\/\/secure.gravatar.com\/avatar\/830d4c57adaae6630765e449a6908047?s=96&d=mm&r=g","contentUrl":"https:\/\/secure.gravatar.com\/avatar\/830d4c57adaae6630765e449a6908047?s=96&d=mm&r=g","caption":"admpu17wp"}}]}},"featured_image_urls":{"full":["https:\/\/experienciadevida.com.ar\/portalurbano\/wp-content\/uploads\/2022\/06\/Han-instalado-la-mentira.jpg",1280,855,false],"thumbnail":["https:\/\/experienciadevida.com.ar\/portalurbano\/wp-content\/uploads\/2022\/06\/Han-instalado-la-mentira-150x150.jpg",150,150,true],"medium":["https:\/\/experienciadevida.com.ar\/portalurbano\/wp-content\/uploads\/2022\/06\/Han-instalado-la-mentira-300x200.jpg",300,200,true],"medium_large":["https:\/\/experienciadevida.com.ar\/portalurbano\/wp-content\/uploads\/2022\/06\/Han-instalado-la-mentira-768x513.jpg",640,428,true],"large":["https:\/\/experienciadevida.com.ar\/portalurbano\/wp-content\/uploads\/2022\/06\/Han-instalado-la-mentira-1024x684.jpg",640,428,true],"ug_big":["https:\/\/experienciadevida.com.ar\/portalurbano\/wp-content\/uploads\/2022\/06\/Han-instalado-la-mentira-768x513.jpg",768,513,true],"1536x1536":["https:\/\/experienciadevida.com.ar\/portalurbano\/wp-content\/uploads\/2022\/06\/Han-instalado-la-mentira.jpg",1280,855,false],"2048x2048":["https:\/\/experienciadevida.com.ar\/portalurbano\/wp-content\/uploads\/2022\/06\/Han-instalado-la-mentira.jpg",1280,855,false],"newsever-slider-full":["https:\/\/experienciadevida.com.ar\/portalurbano\/wp-content\/uploads\/2022\/06\/Han-instalado-la-mentira.jpg",1265,845,false],"newsever-featured":["https:\/\/experienciadevida.com.ar\/portalurbano\/wp-content\/uploads\/2022\/06\/Han-instalado-la-mentira.jpg",1024,684,false],"newsever-medium":["https:\/\/experienciadevida.com.ar\/portalurbano\/wp-content\/uploads\/2022\/06\/Han-instalado-la-mentira.jpg",711,475,false],"web-stories-poster-portrait":["https:\/\/experienciadevida.com.ar\/portalurbano\/wp-content\/uploads\/2022\/06\/Han-instalado-la-mentira.jpg",640,428,false],"web-stories-publisher-logo":["https:\/\/experienciadevida.com.ar\/portalurbano\/wp-content\/uploads\/2022\/06\/Han-instalado-la-mentira.jpg",96,64,false],"web-stories-thumbnail":["https:\/\/experienciadevida.com.ar\/portalurbano\/wp-content\/uploads\/2022\/06\/Han-instalado-la-mentira.jpg",150,100,false]},"author_info":{"display_name":"admpu17wp","author_link":"https:\/\/experienciadevida.com.ar\/portalurbano\/author\/admpu17wp\/"},"category_info":"<a href=\"https:\/\/experienciadevida.com.ar\/portalurbano\/category\/ciudad\/\" rel=\"category tag\">Ciudad<\/a> <a href=\"https:\/\/experienciadevida.com.ar\/portalurbano\/category\/destacadas-2\/\" rel=\"category tag\">Destacadas 2<\/a>","tag_info":"Destacadas 2","comment_count":"0","amp_enabled":true,"_links":{"self":[{"href":"https:\/\/experienciadevida.com.ar\/portalurbano\/wp-json\/wp\/v2\/posts\/169360"}],"collection":[{"href":"https:\/\/experienciadevida.com.ar\/portalurbano\/wp-json\/wp\/v2\/posts"}],"about":[{"href":"https:\/\/experienciadevida.com.ar\/portalurbano\/wp-json\/wp\/v2\/types\/post"}],"author":[{"embeddable":true,"href":"https:\/\/experienciadevida.com.ar\/portalurbano\/wp-json\/wp\/v2\/users\/1"}],"replies":[{"embeddable":true,"href":"https:\/\/experienciadevida.com.ar\/portalurbano\/wp-json\/wp\/v2\/comments?post=169360"}],"version-history":[{"count":2,"href":"https:\/\/experienciadevida.com.ar\/portalurbano\/wp-json\/wp\/v2\/posts\/169360\/revisions"}],"predecessor-version":[{"id":169363,"href":"https:\/\/experienciadevida.com.ar\/portalurbano\/wp-json\/wp\/v2\/posts\/169360\/revisions\/169363"}],"wp:featuredmedia":[{"embeddable":true,"href":"https:\/\/experienciadevida.com.ar\/portalurbano\/wp-json\/wp\/v2\/media\/169361"}],"wp:attachment":[{"href":"https:\/\/experienciadevida.com.ar\/portalurbano\/wp-json\/wp\/v2\/media?parent=169360"}],"wp:term":[{"taxonomy":"category","embeddable":true,"href":"https:\/\/experienciadevida.com.ar\/portalurbano\/wp-json\/wp\/v2\/categories?post=169360"},{"taxonomy":"post_tag","embeddable":true,"href":"https:\/\/experienciadevida.com.ar\/portalurbano\/wp-json\/wp\/v2\/tags?post=169360"}],"curies":[{"name":"wp","href":"https:\/\/api.w.org\/{rel}","templated":true}]}}