{"id":169342,"date":"2022-06-10T13:00:41","date_gmt":"2022-06-10T16:00:41","guid":{"rendered":"https:\/\/experienciadevida.com.ar\/portalurbano\/?p=169342"},"modified":"2022-06-10T13:04:12","modified_gmt":"2022-06-10T16:04:12","slug":"10-de-junio-dia-de-la-afirmacion-de-los-derechos-argentinos-sobre-malvinas","status":"publish","type":"post","link":"https:\/\/experienciadevida.com.ar\/portalurbano\/10-de-junio-dia-de-la-afirmacion-de-los-derechos-argentinos-sobre-malvinas\/","title":{"rendered":"10 de junio: D\u00eda de la Afirmaci\u00f3n de los Derechos Argentinos sobre Malvinas"},"content":{"rendered":"<p>10 de junio: D\u00eda de la Afirmaci\u00f3n de los Derechos Argentinos sobre Malvinas, nombran gobernador de las Islas Malvinas a Luis Vernet.<\/p>\n<p><a href=\"https:\/\/experienciadevida.com.ar\/portalurbano\/10-de-junio-dia-de-la-afirmacion-de-los-derechos-argentinos-sobre-malvinas\/10-2\/\" rel=\"attachment wp-att-169345\"><img decoding=\"async\" class=\"alignnone size-large wp-image-169345\" src=\"https:\/\/experienciadevida.com.ar\/portalurbano\/wp-content\/uploads\/2022\/06\/10-1024x684.jpg\" alt=\"10 \" width=\"900\" height=\"601\" srcset=\"https:\/\/experienciadevida.com.ar\/portalurbano\/wp-content\/uploads\/2022\/06\/10-1024x684.jpg 1024w, https:\/\/experienciadevida.com.ar\/portalurbano\/wp-content\/uploads\/2022\/06\/10-300x201.jpg 300w, https:\/\/experienciadevida.com.ar\/portalurbano\/wp-content\/uploads\/2022\/06\/10-768x513.jpg 768w, https:\/\/experienciadevida.com.ar\/portalurbano\/wp-content\/uploads\/2022\/06\/10-1536x1027.jpg 1536w, https:\/\/experienciadevida.com.ar\/portalurbano\/wp-content\/uploads\/2022\/06\/10-2048x1369.jpg 2048w\" sizes=\"(max-width: 900px) 100vw, 900px\" \/><\/a><\/p>\n<p>El pleno ejercicio de la soberan\u00eda fue interrumpido el 3 de enero de 1833, cuando fuerzas brit\u00e1nicas ocuparon las islas, expulsaron a la poblaci\u00f3n y a las autoridades argentinas all\u00ed establecidas.<\/p>\n<p>La cuesti\u00f3n Malvinas ha sido calificada por las Naciones Unidas como un caso de descolonizaci\u00f3n especial y particular, donde subyace una disputa de soberan\u00eda y por ende, a diferencia de los casos coloniales tradicionales, no resulta aplicable el principio de libre determinaci\u00f3n de los pueblos.<\/p>\n<p>El16 de diciembre de 1965 la Asamblea General adopt\u00f3 la resoluci\u00f3n 2065, a trav\u00e9s de la cual reconoci\u00f3 la existencia de una disputa de soberan\u00eda entre la Argentina y el Reino Unido, e invit\u00f3 a ambos pa\u00edses a entablar negociaciones para encontrar una soluci\u00f3n pac\u00edfica y definitiva a la controversia, teniendo en cuenta los intereses de los habitantes de las islas.<\/p>\n<p><a href=\"https:\/\/experienciadevida.com.ar\/portalurbano\/10-de-junio-dia-de-la-afirmacion-de-los-derechos-argentinos-sobre-malvinas\/de-27\/\" rel=\"attachment wp-att-169346\"><img decoding=\"async\" class=\"alignnone size-large wp-image-169346\" src=\"https:\/\/experienciadevida.com.ar\/portalurbano\/wp-content\/uploads\/2022\/06\/de-1024x684.jpg\" alt=\"de \" width=\"900\" height=\"601\" srcset=\"https:\/\/experienciadevida.com.ar\/portalurbano\/wp-content\/uploads\/2022\/06\/de-1024x684.jpg 1024w, https:\/\/experienciadevida.com.ar\/portalurbano\/wp-content\/uploads\/2022\/06\/de-300x201.jpg 300w, https:\/\/experienciadevida.com.ar\/portalurbano\/wp-content\/uploads\/2022\/06\/de-768x513.jpg 768w, https:\/\/experienciadevida.com.ar\/portalurbano\/wp-content\/uploads\/2022\/06\/de-1536x1027.jpg 1536w, https:\/\/experienciadevida.com.ar\/portalurbano\/wp-content\/uploads\/2022\/06\/de-2048x1369.jpg 2048w\" sizes=\"(max-width: 900px) 100vw, 900px\" \/><\/a><\/p>\n<p>Desde entonces, m\u00e1s de 40 resoluciones de la Asamblea General y del Comit\u00e9 Especial de Descolonizaci\u00f3n han reiterado este llamado.<\/p>\n<p>Tras la Operaci\u00f3n Rosario, el Pabell\u00f3n Nacional flame\u00f3 en las Islas Malvinas hasta el 14 de junio de 1982, fecha de la m\u00e1xima resistencia por parte de los hijos de esta Patria.<\/p>\n<p>Por este motivo, hoy 10 de junio: D\u00eda de la Afirmaci\u00f3n de los Derechos Argentinos sobre Malvinas, Islas y Sector Ant\u00e1rtico, se conmemora el 193\u00ba aniversario de la creaci\u00f3n de la Comandancia Pol\u00edtica y Militar de las Islas Malvinas y adyacentes al Cabo de Hornos, cuando se design\u00f3 a Luis Vernet como primer gobernador, en 1829.<\/p>\n<p>El acto \u2013que se realiz\u00f3 este viernes por la ma\u00f1ana en el Monumento \u201cGesta de Malvinas\u201d ubicado en el Parque del Bicentenario- cont\u00f3 con la presencia de la presidente del Concejo Deliberante <a href=\"https:\/\/www.instagram.com\/ceciliakrivochen\/?hl=es-la\">Cecilia Krivochen<\/a>, los secretarios de Desarrollo Humano y Calidad de Vida <a href=\"https:\/\/www.instagram.com\/diegorobbiani\/?hl=es-la\">Diego Robbiani<\/a>, de Desarrollo Econ\u00f3mico <a href=\"https:\/\/www.instagram.com\/juliovaletutto\/?hl=es-la\">Julio Valetutto<\/a>, de Obras P\u00fablicas y Mantenimiento Urbano <a href=\"https:\/\/www.instagram.com\/julitoferraro\/?hl=es-la\">Julio Ferrraro,<\/a> el presidente del Consejo Escolar Bruno Di Carlo y dem\u00e1s funcionarios municipales.<\/p>\n<p><a href=\"https:\/\/experienciadevida.com.ar\/portalurbano\/10-de-junio-dia-de-la-afirmacion-de-los-derechos-argentinos-sobre-malvinas\/junio\/\" rel=\"attachment wp-att-169347\"><img decoding=\"async\" class=\"alignnone size-large wp-image-169347\" src=\"https:\/\/experienciadevida.com.ar\/portalurbano\/wp-content\/uploads\/2022\/06\/junio-1024x684.jpg\" alt=\"junio \" width=\"900\" height=\"601\" srcset=\"https:\/\/experienciadevida.com.ar\/portalurbano\/wp-content\/uploads\/2022\/06\/junio-1024x684.jpg 1024w, https:\/\/experienciadevida.com.ar\/portalurbano\/wp-content\/uploads\/2022\/06\/junio-300x201.jpg 300w, https:\/\/experienciadevida.com.ar\/portalurbano\/wp-content\/uploads\/2022\/06\/junio-768x513.jpg 768w, https:\/\/experienciadevida.com.ar\/portalurbano\/wp-content\/uploads\/2022\/06\/junio-1536x1027.jpg 1536w, https:\/\/experienciadevida.com.ar\/portalurbano\/wp-content\/uploads\/2022\/06\/junio-2048x1369.jpg 2048w\" sizes=\"(max-width: 900px) 100vw, 900px\" \/><\/a><\/p>\n<p>Tambi\u00e9n se hicieron presentes la capitana del Escuadr\u00f3n de Ingenieros Blindado 1 Victoria Harasimowicz, Agrupaci\u00f3n Veteranos De Guerra \u201c2 de Abril\u201d, Uni\u00f3n Nacional De Soldados Continentales Olavarr\u00eda, Comisi\u00f3n de Hijos \u201cGeneraci\u00f3n Malvinas Olavarr\u00eda\u201d, Asociaci\u00f3n Cultural Sanmartiniana, Asociaci\u00f3n Cultual Belgraniana, Uni\u00f3n de Colectividades de Olavarr\u00eda, Familia Wagner Clar, Bomberos Voluntarios de Olavarr\u00eda, Polic\u00eda, Coopelectric, autoridades educativas, y concejales.<\/p>\n<p>El acto se inici\u00f3 con la entonaci\u00f3n del Himno Nacional Argentino y luego se realiz\u00f3 un minuto de silencio en recuerdo y homenaje a los combatientes argentinos que defendieron las islas.<\/p>\n<p>Luego Natalia Torrecilla, representantes de la Comisi\u00f3n de Hijos Generaci\u00f3n Malvinas hizo uso de la palabra para referirse a esta fecha tan significativa para todos los argentinos.<\/p>\n<p>Seguidamente se procedi\u00f3 a la colocaci\u00f3n de las palmas al pie del monumento \u00abGesta de Malvinas\u201d, por la Municipalidad del Partido de Olavarr\u00eda lo hicieron el secretario de Desarrollo Humano y Calidad de Vida Diego Robbiani y la directora de Regularizaci\u00f3n Dominial Mar\u00eda Jos\u00e9 Gonz\u00e1lez.<\/p>\n<p>En tanto que por la Guarnici\u00f3n Ej\u00e9rcito Olavarr\u00eda colocaran la ofrenda el jefe del Regimiento de Caballer\u00eda de Tanques 2 teniente coronel Cristian Castellanos, junto a la capitana Escuadr\u00f3n de Ingenieros Blindado 1 mayor Victoria Harasimowicz.<\/p>\n<p>En representaci\u00f3n de la Agrupaci\u00f3n Veteranos de Guerra \u201c2 de Abril\u201d hicieron lo propio Mart\u00edn Olivieri y Haroldo Duhau.<\/p>\n<p>Representando al Honorable Concejo Deliberante coloc\u00f3 la palma su presidente Cecilia Krivochen acompa\u00f1ada por la concejal Maite Salerno, y por la Comisi\u00f3n Hijos Generaci\u00f3n Malvinas Olavarr\u00eda llevaron la ofrenda Natalia Torrecilla y Y\u00e9sica Duhau, junto a Sebasti\u00e1n Briscioli y Mart\u00edn Olivieri.<\/p>\n<p>Posteriormente, el pastor Mart\u00edn Olivieri y el padre Sebasti\u00e1n Briscioli procedieron a realizar una invocaci\u00f3n religiosa.<\/p>\n<p>Luego, tom\u00f3 la palabra el representante de la Agrupaci\u00f3n \u201c2 de abril\u201d Jos\u00e9 Trinch\u00edn.<\/p>\n<p>El acto finaliz\u00f3 con la entonaci\u00f3n de la Macha de Malvinas y agradeciendo la participaci\u00f3n de las autoridades presentes en esta fecha tan significativa.<\/p>\n<p>La Constituci\u00f3n Nacional, expresa que \u201cla Naci\u00f3n Argentina ratifica su leg\u00edtima e imprescriptible soberan\u00eda sobre las Islas Malvinas, Georgias del Sur y S\u00e1ndwich del Sur y los espacios mar\u00edtimos e insulares correspondientes, por ser parte integrante del territorio nacional. La recuperaci\u00f3n de dichos territorios y el ejercicio pleno de la soberan\u00eda, respetando el modo de vida de sus habitantes y conforme a los principios del derecho internacional, constituyen un objetivo permanente e irrenunciable del pueblo argentino\u201d.<\/p>\n<p>Con estas palabras que ratifican el compromiso irrenunciable por la recuperaci\u00f3n del ejercicio efectivo de nuestra soberan\u00eda sobre las Islas Malvinas, concluy\u00f3 el acto conmemorativo.<\/p>\n","protected":false},"excerpt":{"rendered":"<p>10 de junio: D\u00eda de la Afirmaci\u00f3n de los Derechos Argentinos sobre Malvinas, nombran gobernador&#8230;<\/p>\n","protected":false},"author":1,"featured_media":169343,"comment_status":"closed","ping_status":"closed","sticky":false,"template":"","format":"standard","meta":{"content-type":""},"categories":[27],"tags":[],"nelio_content":{"isAutoShareEnabled":false,"autoShareEndMode":"default","automationSources":{"useContentSentences":true,"useSocialTemplates":true,"useCustomSentences":false,"customSentences":[]},"followers":[1],"suggestedReferences":[],"includedReferences":["https:\/\/www.instagram.com\/ceciliakrivochen\/?hl=es-la","https:\/\/www.instagram.com\/diegorobbiani\/?hl=es-la","https:\/\/www.instagram.com\/juliovaletutto\/?hl=es-la"],"efiUrl":"","efiAlt":"","highlights":[]},"yoast_head":"<!-- This site is optimized with the Yoast SEO plugin v20.7 - https:\/\/yoast.com\/wordpress\/plugins\/seo\/ -->\n<title>10 de junio: D\u00eda de la afirmaci\u00f3n de los derechos Argentinos<\/title>\n<meta name=\"description\" content=\"10 de junio: D\u00eda de la Afirmaci\u00f3n de los Derechos Argentinos sobre Malvinas, nombran gobernador de las Islas Malvinas a Luis Vernet.\" \/>\n<meta name=\"robots\" content=\"index, follow, max-snippet:-1, max-image-preview:large, max-video-preview:-1\" \/>\n<link rel=\"canonical\" href=\"https:\/\/experienciadevida.com.ar\/portalurbano\/10-de-junio-dia-de-la-afirmacion-de-los-derechos-argentinos-sobre-malvinas\/\" \/>\n<meta property=\"og:locale\" content=\"es_ES\" \/>\n<meta property=\"og:type\" content=\"article\" \/>\n<meta property=\"og:title\" content=\"10 de junio: D\u00eda de la afirmaci\u00f3n de los derechos Argentinos\" \/>\n<meta property=\"og:description\" content=\"10 de junio: D\u00eda de la Afirmaci\u00f3n de los Derechos Argentinos sobre Malvinas, nombran gobernador de las Islas Malvinas a Luis Vernet.\" \/>\n<meta property=\"og:url\" content=\"https:\/\/experienciadevida.com.ar\/portalurbano\/10-de-junio-dia-de-la-afirmacion-de-los-derechos-argentinos-sobre-malvinas\/\" \/>\n<meta property=\"article:publisher\" content=\"https:\/\/www.facebook.com\/Portal-Urbano-171542830093757\/\" \/>\n<meta property=\"article:published_time\" content=\"2022-06-10T16:00:41+00:00\" \/>\n<meta property=\"article:modified_time\" content=\"2022-06-10T16:04:12+00:00\" \/>\n<meta property=\"og:image\" content=\"https:\/\/experienciadevida.com.ar\/portalurbano\/wp-content\/uploads\/2022\/06\/10-de-junio.jpg\" \/>\n\t<meta property=\"og:image:width\" content=\"2560\" \/>\n\t<meta property=\"og:image:height\" content=\"1711\" \/>\n\t<meta property=\"og:image:type\" content=\"image\/jpeg\" \/>\n<meta name=\"author\" content=\"admpu17wp\" \/>\n<meta name=\"twitter:card\" content=\"summary_large_image\" \/>\n<meta name=\"twitter:creator\" content=\"@portalurbanook\" \/>\n<meta name=\"twitter:site\" content=\"@portalurbanook\" \/>\n<meta name=\"twitter:label1\" content=\"Escrito por\" \/>\n\t<meta name=\"twitter:data1\" content=\"admpu17wp\" \/>\n\t<meta name=\"twitter:label2\" content=\"Tiempo de lectura\" \/>\n\t<meta name=\"twitter:data2\" content=\"5 minutos\" \/>\n<script type=\"application\/ld+json\" class=\"yoast-schema-graph\">{\"@context\":\"https:\/\/schema.org\",\"@graph\":[{\"@type\":\"Article\",\"@id\":\"https:\/\/experienciadevida.com.ar\/portalurbano\/10-de-junio-dia-de-la-afirmacion-de-los-derechos-argentinos-sobre-malvinas\/#article\",\"isPartOf\":{\"@id\":\"https:\/\/experienciadevida.com.ar\/portalurbano\/10-de-junio-dia-de-la-afirmacion-de-los-derechos-argentinos-sobre-malvinas\/\"},\"author\":{\"name\":\"admpu17wp\",\"@id\":\"https:\/\/experienciadevida.com.ar\/portalurbano\/#\/schema\/person\/02dd326b1c4b056e9cc972486934a3a7\"},\"headline\":\"10 de junio: D\u00eda de la Afirmaci\u00f3n de los Derechos Argentinos sobre Malvinas\",\"datePublished\":\"2022-06-10T16:00:41+00:00\",\"dateModified\":\"2022-06-10T16:04:12+00:00\",\"mainEntityOfPage\":{\"@id\":\"https:\/\/experienciadevida.com.ar\/portalurbano\/10-de-junio-dia-de-la-afirmacion-de-los-derechos-argentinos-sobre-malvinas\/\"},\"wordCount\":828,\"publisher\":{\"@id\":\"https:\/\/experienciadevida.com.ar\/portalurbano\/#organization\"},\"articleSection\":[\"Ciudad\"],\"inLanguage\":\"es\"},{\"@type\":\"WebPage\",\"@id\":\"https:\/\/experienciadevida.com.ar\/portalurbano\/10-de-junio-dia-de-la-afirmacion-de-los-derechos-argentinos-sobre-malvinas\/\",\"url\":\"https:\/\/experienciadevida.com.ar\/portalurbano\/10-de-junio-dia-de-la-afirmacion-de-los-derechos-argentinos-sobre-malvinas\/\",\"name\":\"10 de junio: D\u00eda de la afirmaci\u00f3n de los derechos Argentinos\",\"isPartOf\":{\"@id\":\"https:\/\/experienciadevida.com.ar\/portalurbano\/#website\"},\"datePublished\":\"2022-06-10T16:00:41+00:00\",\"dateModified\":\"2022-06-10T16:04:12+00:00\",\"description\":\"10 de junio: D\u00eda de la Afirmaci\u00f3n de los Derechos Argentinos sobre Malvinas, nombran gobernador de las Islas Malvinas a Luis Vernet.\",\"breadcrumb\":{\"@id\":\"https:\/\/experienciadevida.com.ar\/portalurbano\/10-de-junio-dia-de-la-afirmacion-de-los-derechos-argentinos-sobre-malvinas\/#breadcrumb\"},\"inLanguage\":\"es\",\"potentialAction\":[{\"@type\":\"ReadAction\",\"target\":[\"https:\/\/experienciadevida.com.ar\/portalurbano\/10-de-junio-dia-de-la-afirmacion-de-los-derechos-argentinos-sobre-malvinas\/\"]}]},{\"@type\":\"BreadcrumbList\",\"@id\":\"https:\/\/experienciadevida.com.ar\/portalurbano\/10-de-junio-dia-de-la-afirmacion-de-los-derechos-argentinos-sobre-malvinas\/#breadcrumb\",\"itemListElement\":[{\"@type\":\"ListItem\",\"position\":1,\"name\":\"Portada\",\"item\":\"https:\/\/experienciadevida.com.ar\/portalurbano\/\"},{\"@type\":\"ListItem\",\"position\":2,\"name\":\"10 de junio: D\u00eda de la Afirmaci\u00f3n de los Derechos Argentinos sobre Malvinas\"}]},{\"@type\":\"WebSite\",\"@id\":\"https:\/\/experienciadevida.com.ar\/portalurbano\/#website\",\"url\":\"https:\/\/experienciadevida.com.ar\/portalurbano\/\",\"name\":\"\",\"description\":\"\",\"publisher\":{\"@id\":\"https:\/\/experienciadevida.com.ar\/portalurbano\/#organization\"},\"potentialAction\":[{\"@type\":\"SearchAction\",\"target\":{\"@type\":\"EntryPoint\",\"urlTemplate\":\"https:\/\/experienciadevida.com.ar\/portalurbano\/?s={search_term_string}\"},\"query-input\":\"required name=search_term_string\"}],\"inLanguage\":\"es\"},{\"@type\":\"Organization\",\"@id\":\"https:\/\/experienciadevida.com.ar\/portalurbano\/#organization\",\"name\":\"Portal Urbano\",\"url\":\"https:\/\/experienciadevida.com.ar\/portalurbano\/\",\"logo\":{\"@type\":\"ImageObject\",\"inLanguage\":\"es\",\"@id\":\"https:\/\/experienciadevida.com.ar\/portalurbano\/#\/schema\/logo\/image\/\",\"url\":\"https:\/\/experienciadevida.com.ar\/portalurbano\/wp-content\/uploads\/2019\/09\/Logo-Original.png\",\"contentUrl\":\"https:\/\/experienciadevida.com.ar\/portalurbano\/wp-content\/uploads\/2019\/09\/Logo-Original.png\",\"width\":2236,\"height\":1216,\"caption\":\"Portal Urbano\"},\"image\":{\"@id\":\"https:\/\/experienciadevida.com.ar\/portalurbano\/#\/schema\/logo\/image\/\"},\"sameAs\":[\"https:\/\/www.facebook.com\/Portal-Urbano-171542830093757\/\",\"https:\/\/twitter.com\/portalurbanook\",\"https:\/\/www.instagram.com\/_portalurbano\/\",\"https:\/\/www.youtube.com\/channel\/UCXhagIfszH8KxFiOok79zbA?view_as=subscriber\"]},{\"@type\":\"Person\",\"@id\":\"https:\/\/experienciadevida.com.ar\/portalurbano\/#\/schema\/person\/02dd326b1c4b056e9cc972486934a3a7\",\"name\":\"admpu17wp\",\"image\":{\"@type\":\"ImageObject\",\"inLanguage\":\"es\",\"@id\":\"https:\/\/experienciadevida.com.ar\/portalurbano\/#\/schema\/person\/image\/\",\"url\":\"https:\/\/secure.gravatar.com\/avatar\/830d4c57adaae6630765e449a6908047?s=96&d=mm&r=g\",\"contentUrl\":\"https:\/\/secure.gravatar.com\/avatar\/830d4c57adaae6630765e449a6908047?s=96&d=mm&r=g\",\"caption\":\"admpu17wp\"}}]}<\/script>\n<!-- \/ Yoast SEO plugin. -->","yoast_head_json":{"title":"10 de junio: D\u00eda de la afirmaci\u00f3n de los derechos Argentinos","description":"10 de junio: D\u00eda de la Afirmaci\u00f3n de los Derechos Argentinos sobre Malvinas, nombran gobernador de las Islas Malvinas a Luis Vernet.","robots":{"index":"index","follow":"follow","max-snippet":"max-snippet:-1","max-image-preview":"max-image-preview:large","max-video-preview":"max-video-preview:-1"},"canonical":"https:\/\/experienciadevida.com.ar\/portalurbano\/10-de-junio-dia-de-la-afirmacion-de-los-derechos-argentinos-sobre-malvinas\/","og_locale":"es_ES","og_type":"article","og_title":"10 de junio: D\u00eda de la afirmaci\u00f3n de los derechos Argentinos","og_description":"10 de junio: D\u00eda de la Afirmaci\u00f3n de los Derechos Argentinos sobre Malvinas, nombran gobernador de las Islas Malvinas a Luis Vernet.","og_url":"https:\/\/experienciadevida.com.ar\/portalurbano\/10-de-junio-dia-de-la-afirmacion-de-los-derechos-argentinos-sobre-malvinas\/","article_publisher":"https:\/\/www.facebook.com\/Portal-Urbano-171542830093757\/","article_published_time":"2022-06-10T16:00:41+00:00","article_modified_time":"2022-06-10T16:04:12+00:00","og_image":[{"width":2560,"height":1711,"url":"https:\/\/experienciadevida.com.ar\/portalurbano\/wp-content\/uploads\/2022\/06\/10-de-junio.jpg","type":"image\/jpeg"}],"author":"admpu17wp","twitter_card":"summary_large_image","twitter_creator":"@portalurbanook","twitter_site":"@portalurbanook","twitter_misc":{"Escrito por":"admpu17wp","Tiempo de lectura":"5 minutos"},"schema":{"@context":"https:\/\/schema.org","@graph":[{"@type":"Article","@id":"https:\/\/experienciadevida.com.ar\/portalurbano\/10-de-junio-dia-de-la-afirmacion-de-los-derechos-argentinos-sobre-malvinas\/#article","isPartOf":{"@id":"https:\/\/experienciadevida.com.ar\/portalurbano\/10-de-junio-dia-de-la-afirmacion-de-los-derechos-argentinos-sobre-malvinas\/"},"author":{"name":"admpu17wp","@id":"https:\/\/experienciadevida.com.ar\/portalurbano\/#\/schema\/person\/02dd326b1c4b056e9cc972486934a3a7"},"headline":"10 de junio: D\u00eda de la Afirmaci\u00f3n de los Derechos Argentinos sobre Malvinas","datePublished":"2022-06-10T16:00:41+00:00","dateModified":"2022-06-10T16:04:12+00:00","mainEntityOfPage":{"@id":"https:\/\/experienciadevida.com.ar\/portalurbano\/10-de-junio-dia-de-la-afirmacion-de-los-derechos-argentinos-sobre-malvinas\/"},"wordCount":828,"publisher":{"@id":"https:\/\/experienciadevida.com.ar\/portalurbano\/#organization"},"articleSection":["Ciudad"],"inLanguage":"es"},{"@type":"WebPage","@id":"https:\/\/experienciadevida.com.ar\/portalurbano\/10-de-junio-dia-de-la-afirmacion-de-los-derechos-argentinos-sobre-malvinas\/","url":"https:\/\/experienciadevida.com.ar\/portalurbano\/10-de-junio-dia-de-la-afirmacion-de-los-derechos-argentinos-sobre-malvinas\/","name":"10 de junio: D\u00eda de la afirmaci\u00f3n de los derechos Argentinos","isPartOf":{"@id":"https:\/\/experienciadevida.com.ar\/portalurbano\/#website"},"datePublished":"2022-06-10T16:00:41+00:00","dateModified":"2022-06-10T16:04:12+00:00","description":"10 de junio: D\u00eda de la Afirmaci\u00f3n de los Derechos Argentinos sobre Malvinas, nombran gobernador de las Islas Malvinas a Luis Vernet.","breadcrumb":{"@id":"https:\/\/experienciadevida.com.ar\/portalurbano\/10-de-junio-dia-de-la-afirmacion-de-los-derechos-argentinos-sobre-malvinas\/#breadcrumb"},"inLanguage":"es","potentialAction":[{"@type":"ReadAction","target":["https:\/\/experienciadevida.com.ar\/portalurbano\/10-de-junio-dia-de-la-afirmacion-de-los-derechos-argentinos-sobre-malvinas\/"]}]},{"@type":"BreadcrumbList","@id":"https:\/\/experienciadevida.com.ar\/portalurbano\/10-de-junio-dia-de-la-afirmacion-de-los-derechos-argentinos-sobre-malvinas\/#breadcrumb","itemListElement":[{"@type":"ListItem","position":1,"name":"Portada","item":"https:\/\/experienciadevida.com.ar\/portalurbano\/"},{"@type":"ListItem","position":2,"name":"10 de junio: D\u00eda de la Afirmaci\u00f3n de los Derechos Argentinos sobre Malvinas"}]},{"@type":"WebSite","@id":"https:\/\/experienciadevida.com.ar\/portalurbano\/#website","url":"https:\/\/experienciadevida.com.ar\/portalurbano\/","name":"","description":"","publisher":{"@id":"https:\/\/experienciadevida.com.ar\/portalurbano\/#organization"},"potentialAction":[{"@type":"SearchAction","target":{"@type":"EntryPoint","urlTemplate":"https:\/\/experienciadevida.com.ar\/portalurbano\/?s={search_term_string}"},"query-input":"required name=search_term_string"}],"inLanguage":"es"},{"@type":"Organization","@id":"https:\/\/experienciadevida.com.ar\/portalurbano\/#organization","name":"Portal Urbano","url":"https:\/\/experienciadevida.com.ar\/portalurbano\/","logo":{"@type":"ImageObject","inLanguage":"es","@id":"https:\/\/experienciadevida.com.ar\/portalurbano\/#\/schema\/logo\/image\/","url":"https:\/\/experienciadevida.com.ar\/portalurbano\/wp-content\/uploads\/2019\/09\/Logo-Original.png","contentUrl":"https:\/\/experienciadevida.com.ar\/portalurbano\/wp-content\/uploads\/2019\/09\/Logo-Original.png","width":2236,"height":1216,"caption":"Portal Urbano"},"image":{"@id":"https:\/\/experienciadevida.com.ar\/portalurbano\/#\/schema\/logo\/image\/"},"sameAs":["https:\/\/www.facebook.com\/Portal-Urbano-171542830093757\/","https:\/\/twitter.com\/portalurbanook","https:\/\/www.instagram.com\/_portalurbano\/","https:\/\/www.youtube.com\/channel\/UCXhagIfszH8KxFiOok79zbA?view_as=subscriber"]},{"@type":"Person","@id":"https:\/\/experienciadevida.com.ar\/portalurbano\/#\/schema\/person\/02dd326b1c4b056e9cc972486934a3a7","name":"admpu17wp","image":{"@type":"ImageObject","inLanguage":"es","@id":"https:\/\/experienciadevida.com.ar\/portalurbano\/#\/schema\/person\/image\/","url":"https:\/\/secure.gravatar.com\/avatar\/830d4c57adaae6630765e449a6908047?s=96&d=mm&r=g","contentUrl":"https:\/\/secure.gravatar.com\/avatar\/830d4c57adaae6630765e449a6908047?s=96&d=mm&r=g","caption":"admpu17wp"}}]}},"featured_image_urls":{"full":["https:\/\/experienciadevida.com.ar\/portalurbano\/wp-content\/uploads\/2022\/06\/10-de-junio.jpg",2560,1711,false],"thumbnail":["https:\/\/experienciadevida.com.ar\/portalurbano\/wp-content\/uploads\/2022\/06\/10-de-junio-150x150.jpg",150,150,true],"medium":["https:\/\/experienciadevida.com.ar\/portalurbano\/wp-content\/uploads\/2022\/06\/10-de-junio-300x201.jpg",300,201,true],"medium_large":["https:\/\/experienciadevida.com.ar\/portalurbano\/wp-content\/uploads\/2022\/06\/10-de-junio-768x513.jpg",640,428,true],"large":["https:\/\/experienciadevida.com.ar\/portalurbano\/wp-content\/uploads\/2022\/06\/10-de-junio-1024x684.jpg",640,428,true],"ug_big":["https:\/\/experienciadevida.com.ar\/portalurbano\/wp-content\/uploads\/2022\/06\/10-de-junio-768x513.jpg",768,513,true],"1536x1536":["https:\/\/experienciadevida.com.ar\/portalurbano\/wp-content\/uploads\/2022\/06\/10-de-junio-1536x1027.jpg",1536,1027,true],"2048x2048":["https:\/\/experienciadevida.com.ar\/portalurbano\/wp-content\/uploads\/2022\/06\/10-de-junio-2048x1369.jpg",2048,1369,true],"newsever-slider-full":["https:\/\/experienciadevida.com.ar\/portalurbano\/wp-content\/uploads\/2022\/06\/10-de-junio.jpg",1264,845,false],"newsever-featured":["https:\/\/experienciadevida.com.ar\/portalurbano\/wp-content\/uploads\/2022\/06\/10-de-junio.jpg",1024,684,false],"newsever-medium":["https:\/\/experienciadevida.com.ar\/portalurbano\/wp-content\/uploads\/2022\/06\/10-de-junio.jpg",711,475,false],"web-stories-poster-portrait":["https:\/\/experienciadevida.com.ar\/portalurbano\/wp-content\/uploads\/2022\/06\/10-de-junio.jpg",640,428,false],"web-stories-publisher-logo":["https:\/\/experienciadevida.com.ar\/portalurbano\/wp-content\/uploads\/2022\/06\/10-de-junio.jpg",96,64,false],"web-stories-thumbnail":["https:\/\/experienciadevida.com.ar\/portalurbano\/wp-content\/uploads\/2022\/06\/10-de-junio.jpg",150,100,false]},"author_info":{"display_name":"admpu17wp","author_link":"https:\/\/experienciadevida.com.ar\/portalurbano\/author\/admpu17wp\/"},"category_info":"<a href=\"https:\/\/experienciadevida.com.ar\/portalurbano\/category\/ciudad\/\" rel=\"category tag\">Ciudad<\/a>","tag_info":"Ciudad","comment_count":"0","amp_enabled":true,"_links":{"self":[{"href":"https:\/\/experienciadevida.com.ar\/portalurbano\/wp-json\/wp\/v2\/posts\/169342"}],"collection":[{"href":"https:\/\/experienciadevida.com.ar\/portalurbano\/wp-json\/wp\/v2\/posts"}],"about":[{"href":"https:\/\/experienciadevida.com.ar\/portalurbano\/wp-json\/wp\/v2\/types\/post"}],"author":[{"embeddable":true,"href":"https:\/\/experienciadevida.com.ar\/portalurbano\/wp-json\/wp\/v2\/users\/1"}],"replies":[{"embeddable":true,"href":"https:\/\/experienciadevida.com.ar\/portalurbano\/wp-json\/wp\/v2\/comments?post=169342"}],"version-history":[{"count":4,"href":"https:\/\/experienciadevida.com.ar\/portalurbano\/wp-json\/wp\/v2\/posts\/169342\/revisions"}],"predecessor-version":[{"id":169351,"href":"https:\/\/experienciadevida.com.ar\/portalurbano\/wp-json\/wp\/v2\/posts\/169342\/revisions\/169351"}],"wp:featuredmedia":[{"embeddable":true,"href":"https:\/\/experienciadevida.com.ar\/portalurbano\/wp-json\/wp\/v2\/media\/169343"}],"wp:attachment":[{"href":"https:\/\/experienciadevida.com.ar\/portalurbano\/wp-json\/wp\/v2\/media?parent=169342"}],"wp:term":[{"taxonomy":"category","embeddable":true,"href":"https:\/\/experienciadevida.com.ar\/portalurbano\/wp-json\/wp\/v2\/categories?post=169342"},{"taxonomy":"post_tag","embeddable":true,"href":"https:\/\/experienciadevida.com.ar\/portalurbano\/wp-json\/wp\/v2\/tags?post=169342"}],"curies":[{"name":"wp","href":"https:\/\/api.w.org\/{rel}","templated":true}]}}