{"id":169333,"date":"2022-06-10T12:49:16","date_gmt":"2022-06-10T15:49:16","guid":{"rendered":"https:\/\/experienciadevida.com.ar\/portalurbano\/?p=169333"},"modified":"2022-06-10T12:49:42","modified_gmt":"2022-06-10T15:49:42","slug":"taller-sobre-insercion-laboral-para-jovenes-estudiantes-de-unicen","status":"publish","type":"post","link":"https:\/\/experienciadevida.com.ar\/portalurbano\/taller-sobre-insercion-laboral-para-jovenes-estudiantes-de-unicen\/","title":{"rendered":"Taller sobre inserci\u00f3n laboral para j\u00f3venes estudiantes de UNICEN"},"content":{"rendered":"<div class=\"page-header\">\n<p>Taller sobre inserci\u00f3n laboral para j\u00f3venes estudiantes de <a href=\"https:\/\/www.facebook.com\/facultadcienciassociales.unicen\">UNICEN<\/a>, el mi\u00e9rcoles 15 de junio se llevar\u00e1 adelante un taller que ser\u00e1 coordinado por el \u00e1rea de Educaci\u00f3n Tributaria de la AFIP y estar\u00e1 a cargo de la Cra. Ana Zozi, de la Direcci\u00f3n Regional Bah\u00eda Blanca.<\/p>\n<p>El taller sobre inserci\u00f3n laboral para j\u00f3venes est\u00e1 destinado a estudiantes de la Universidad Nacional del Centro de la Provincia de Buenos Aires. Los contenidos elaborados por el equipo de Educaci\u00f3n Tributaria abordan la problem\u00e1tica de los y las j\u00f3venes en relaci\u00f3n a la b\u00fasqueda de empleo.<\/p>\n<p>La propuesta tiene como objetivos que los y las participantes: conozcan las principales funciones de la AFIP, en particular la vinculaci\u00f3n con el trabajo registrado; exploren sus intereses sobre el mundo del trabajo; e identifiquen las categor\u00edas b\u00e1sicas correspondientes a la formalidad laboral y reflexionen sobre el valor de la protecci\u00f3n de la ley en el \u00e1mbito laboral y de la seguridad social.<\/p>\n<p>Para ello, se propone un recorrido conceptual que aborde los siguientes contenidos: Introducci\u00f3n a la actividad. Definici\u00f3n de trabajo e importancia del trabajo registrado. Primeros empleos de las y los j\u00f3venes: desaf\u00edos de la primera b\u00fasqueda laboral. Las condiciones laborales: breve recorrido socio-hist\u00f3rico sobre derechos laborales. Trabajo decente. La cobertura de la Ley: encuadre en diversas categor\u00edas. Trabajo independiente y relaci\u00f3n de dependencia. Las contingencias sociales y la seguridad social. Definiciones centrales y alcances.<\/p>\n<p>El taller se desarrollar\u00e1 el mi\u00e9rcoles 15 de junio desde las 14 en el Aula C1 de Aulas Comunes del Complejo Universitario Olavarr\u00eda. Los y las interesadas deber\u00e1n inscribirse para participar a trav\u00e9s del formulario disponible aqu\u00ed. Por consultas comunicarse al correo cursos@virtual.soc.unicen.edu.ar<\/p>\n<\/div>\n","protected":false},"excerpt":{"rendered":"<p>Taller sobre inserci\u00f3n laboral para j\u00f3venes estudiantes de UNICEN, el mi\u00e9rcoles 15 de junio se&#8230;<\/p>\n","protected":false},"author":1,"featured_media":169334,"comment_status":"closed","ping_status":"closed","sticky":false,"template":"","format":"standard","meta":{"content-type":""},"categories":[31],"tags":[],"nelio_content":{"isAutoShareEnabled":false,"autoShareEndMode":"default","automationSources":{"useContentSentences":true,"useSocialTemplates":true,"useCustomSentences":false,"customSentences":[]},"followers":[1],"suggestedReferences":[],"includedReferences":[],"efiUrl":"","efiAlt":"","highlights":[]},"yoast_head":"<!-- This site is optimized with the Yoast SEO plugin v20.7 - https:\/\/yoast.com\/wordpress\/plugins\/seo\/ -->\n<title>Taller sobre inserci\u00f3n laboral para j\u00f3venes estudiantes de UNICEN<\/title>\n<meta name=\"description\" content=\"Taller sobre inserci\u00f3n laboral para j\u00f3venes estudiantes de UNICEN, el mi\u00e9rcoles 15 de junio coordinado por el \u00e1rea de Educaci\u00f3n de la AFIP\" \/>\n<meta name=\"robots\" content=\"index, follow, max-snippet:-1, max-image-preview:large, max-video-preview:-1\" \/>\n<link rel=\"canonical\" href=\"https:\/\/experienciadevida.com.ar\/portalurbano\/taller-sobre-insercion-laboral-para-jovenes-estudiantes-de-unicen\/\" \/>\n<meta property=\"og:locale\" content=\"es_ES\" \/>\n<meta property=\"og:type\" content=\"article\" \/>\n<meta property=\"og:title\" content=\"Taller sobre inserci\u00f3n laboral para j\u00f3venes estudiantes de UNICEN\" \/>\n<meta property=\"og:description\" content=\"Taller sobre inserci\u00f3n laboral para j\u00f3venes estudiantes de UNICEN, el mi\u00e9rcoles 15 de junio coordinado por el \u00e1rea de Educaci\u00f3n de la AFIP\" \/>\n<meta property=\"og:url\" content=\"https:\/\/experienciadevida.com.ar\/portalurbano\/taller-sobre-insercion-laboral-para-jovenes-estudiantes-de-unicen\/\" \/>\n<meta property=\"article:publisher\" content=\"https:\/\/www.facebook.com\/Portal-Urbano-171542830093757\/\" \/>\n<meta property=\"article:published_time\" content=\"2022-06-10T15:49:16+00:00\" \/>\n<meta property=\"article:modified_time\" content=\"2022-06-10T15:49:42+00:00\" \/>\n<meta property=\"og:image\" content=\"https:\/\/experienciadevida.com.ar\/portalurbano\/wp-content\/uploads\/2022\/06\/Taller-sobre-insercion-laboral.jpg\" \/>\n\t<meta property=\"og:image:width\" content=\"1000\" \/>\n\t<meta property=\"og:image:height\" content=\"1000\" \/>\n\t<meta property=\"og:image:type\" content=\"image\/jpeg\" \/>\n<meta name=\"author\" content=\"admpu17wp\" \/>\n<meta name=\"twitter:card\" content=\"summary_large_image\" \/>\n<meta name=\"twitter:creator\" content=\"@portalurbanook\" \/>\n<meta name=\"twitter:site\" content=\"@portalurbanook\" \/>\n<meta name=\"twitter:label1\" content=\"Escrito por\" \/>\n\t<meta name=\"twitter:data1\" content=\"admpu17wp\" \/>\n\t<meta name=\"twitter:label2\" content=\"Tiempo de lectura\" \/>\n\t<meta name=\"twitter:data2\" content=\"2 minutos\" \/>\n<script type=\"application\/ld+json\" class=\"yoast-schema-graph\">{\"@context\":\"https:\/\/schema.org\",\"@graph\":[{\"@type\":\"Article\",\"@id\":\"https:\/\/experienciadevida.com.ar\/portalurbano\/taller-sobre-insercion-laboral-para-jovenes-estudiantes-de-unicen\/#article\",\"isPartOf\":{\"@id\":\"https:\/\/experienciadevida.com.ar\/portalurbano\/taller-sobre-insercion-laboral-para-jovenes-estudiantes-de-unicen\/\"},\"author\":{\"name\":\"admpu17wp\",\"@id\":\"https:\/\/experienciadevida.com.ar\/portalurbano\/#\/schema\/person\/02dd326b1c4b056e9cc972486934a3a7\"},\"headline\":\"Taller sobre inserci\u00f3n laboral para j\u00f3venes estudiantes de UNICEN\",\"datePublished\":\"2022-06-10T15:49:16+00:00\",\"dateModified\":\"2022-06-10T15:49:42+00:00\",\"mainEntityOfPage\":{\"@id\":\"https:\/\/experienciadevida.com.ar\/portalurbano\/taller-sobre-insercion-laboral-para-jovenes-estudiantes-de-unicen\/\"},\"wordCount\":315,\"publisher\":{\"@id\":\"https:\/\/experienciadevida.com.ar\/portalurbano\/#organization\"},\"articleSection\":[\"Educaci\u00f3n\"],\"inLanguage\":\"es\"},{\"@type\":\"WebPage\",\"@id\":\"https:\/\/experienciadevida.com.ar\/portalurbano\/taller-sobre-insercion-laboral-para-jovenes-estudiantes-de-unicen\/\",\"url\":\"https:\/\/experienciadevida.com.ar\/portalurbano\/taller-sobre-insercion-laboral-para-jovenes-estudiantes-de-unicen\/\",\"name\":\"Taller sobre inserci\u00f3n laboral para j\u00f3venes estudiantes de UNICEN\",\"isPartOf\":{\"@id\":\"https:\/\/experienciadevida.com.ar\/portalurbano\/#website\"},\"datePublished\":\"2022-06-10T15:49:16+00:00\",\"dateModified\":\"2022-06-10T15:49:42+00:00\",\"description\":\"Taller sobre inserci\u00f3n laboral para j\u00f3venes estudiantes de UNICEN, el mi\u00e9rcoles 15 de junio coordinado por el \u00e1rea de Educaci\u00f3n de la AFIP\",\"breadcrumb\":{\"@id\":\"https:\/\/experienciadevida.com.ar\/portalurbano\/taller-sobre-insercion-laboral-para-jovenes-estudiantes-de-unicen\/#breadcrumb\"},\"inLanguage\":\"es\",\"potentialAction\":[{\"@type\":\"ReadAction\",\"target\":[\"https:\/\/experienciadevida.com.ar\/portalurbano\/taller-sobre-insercion-laboral-para-jovenes-estudiantes-de-unicen\/\"]}]},{\"@type\":\"BreadcrumbList\",\"@id\":\"https:\/\/experienciadevida.com.ar\/portalurbano\/taller-sobre-insercion-laboral-para-jovenes-estudiantes-de-unicen\/#breadcrumb\",\"itemListElement\":[{\"@type\":\"ListItem\",\"position\":1,\"name\":\"Portada\",\"item\":\"https:\/\/experienciadevida.com.ar\/portalurbano\/\"},{\"@type\":\"ListItem\",\"position\":2,\"name\":\"Taller sobre inserci\u00f3n laboral para j\u00f3venes estudiantes de UNICEN\"}]},{\"@type\":\"WebSite\",\"@id\":\"https:\/\/experienciadevida.com.ar\/portalurbano\/#website\",\"url\":\"https:\/\/experienciadevida.com.ar\/portalurbano\/\",\"name\":\"\",\"description\":\"\",\"publisher\":{\"@id\":\"https:\/\/experienciadevida.com.ar\/portalurbano\/#organization\"},\"potentialAction\":[{\"@type\":\"SearchAction\",\"target\":{\"@type\":\"EntryPoint\",\"urlTemplate\":\"https:\/\/experienciadevida.com.ar\/portalurbano\/?s={search_term_string}\"},\"query-input\":\"required name=search_term_string\"}],\"inLanguage\":\"es\"},{\"@type\":\"Organization\",\"@id\":\"https:\/\/experienciadevida.com.ar\/portalurbano\/#organization\",\"name\":\"Portal Urbano\",\"url\":\"https:\/\/experienciadevida.com.ar\/portalurbano\/\",\"logo\":{\"@type\":\"ImageObject\",\"inLanguage\":\"es\",\"@id\":\"https:\/\/experienciadevida.com.ar\/portalurbano\/#\/schema\/logo\/image\/\",\"url\":\"https:\/\/experienciadevida.com.ar\/portalurbano\/wp-content\/uploads\/2019\/09\/Logo-Original.png\",\"contentUrl\":\"https:\/\/experienciadevida.com.ar\/portalurbano\/wp-content\/uploads\/2019\/09\/Logo-Original.png\",\"width\":2236,\"height\":1216,\"caption\":\"Portal Urbano\"},\"image\":{\"@id\":\"https:\/\/experienciadevida.com.ar\/portalurbano\/#\/schema\/logo\/image\/\"},\"sameAs\":[\"https:\/\/www.facebook.com\/Portal-Urbano-171542830093757\/\",\"https:\/\/twitter.com\/portalurbanook\",\"https:\/\/www.instagram.com\/_portalurbano\/\",\"https:\/\/www.youtube.com\/channel\/UCXhagIfszH8KxFiOok79zbA?view_as=subscriber\"]},{\"@type\":\"Person\",\"@id\":\"https:\/\/experienciadevida.com.ar\/portalurbano\/#\/schema\/person\/02dd326b1c4b056e9cc972486934a3a7\",\"name\":\"admpu17wp\",\"image\":{\"@type\":\"ImageObject\",\"inLanguage\":\"es\",\"@id\":\"https:\/\/experienciadevida.com.ar\/portalurbano\/#\/schema\/person\/image\/\",\"url\":\"https:\/\/secure.gravatar.com\/avatar\/830d4c57adaae6630765e449a6908047?s=96&d=mm&r=g\",\"contentUrl\":\"https:\/\/secure.gravatar.com\/avatar\/830d4c57adaae6630765e449a6908047?s=96&d=mm&r=g\",\"caption\":\"admpu17wp\"}}]}<\/script>\n<!-- \/ Yoast SEO plugin. -->","yoast_head_json":{"title":"Taller sobre inserci\u00f3n laboral para j\u00f3venes estudiantes de UNICEN","description":"Taller sobre inserci\u00f3n laboral para j\u00f3venes estudiantes de UNICEN, el mi\u00e9rcoles 15 de junio coordinado por el \u00e1rea de Educaci\u00f3n de la AFIP","robots":{"index":"index","follow":"follow","max-snippet":"max-snippet:-1","max-image-preview":"max-image-preview:large","max-video-preview":"max-video-preview:-1"},"canonical":"https:\/\/experienciadevida.com.ar\/portalurbano\/taller-sobre-insercion-laboral-para-jovenes-estudiantes-de-unicen\/","og_locale":"es_ES","og_type":"article","og_title":"Taller sobre inserci\u00f3n laboral para j\u00f3venes estudiantes de UNICEN","og_description":"Taller sobre inserci\u00f3n laboral para j\u00f3venes estudiantes de UNICEN, el mi\u00e9rcoles 15 de junio coordinado por el \u00e1rea de Educaci\u00f3n de la AFIP","og_url":"https:\/\/experienciadevida.com.ar\/portalurbano\/taller-sobre-insercion-laboral-para-jovenes-estudiantes-de-unicen\/","article_publisher":"https:\/\/www.facebook.com\/Portal-Urbano-171542830093757\/","article_published_time":"2022-06-10T15:49:16+00:00","article_modified_time":"2022-06-10T15:49:42+00:00","og_image":[{"width":1000,"height":1000,"url":"https:\/\/experienciadevida.com.ar\/portalurbano\/wp-content\/uploads\/2022\/06\/Taller-sobre-insercion-laboral.jpg","type":"image\/jpeg"}],"author":"admpu17wp","twitter_card":"summary_large_image","twitter_creator":"@portalurbanook","twitter_site":"@portalurbanook","twitter_misc":{"Escrito por":"admpu17wp","Tiempo de lectura":"2 minutos"},"schema":{"@context":"https:\/\/schema.org","@graph":[{"@type":"Article","@id":"https:\/\/experienciadevida.com.ar\/portalurbano\/taller-sobre-insercion-laboral-para-jovenes-estudiantes-de-unicen\/#article","isPartOf":{"@id":"https:\/\/experienciadevida.com.ar\/portalurbano\/taller-sobre-insercion-laboral-para-jovenes-estudiantes-de-unicen\/"},"author":{"name":"admpu17wp","@id":"https:\/\/experienciadevida.com.ar\/portalurbano\/#\/schema\/person\/02dd326b1c4b056e9cc972486934a3a7"},"headline":"Taller sobre inserci\u00f3n laboral para j\u00f3venes estudiantes de UNICEN","datePublished":"2022-06-10T15:49:16+00:00","dateModified":"2022-06-10T15:49:42+00:00","mainEntityOfPage":{"@id":"https:\/\/experienciadevida.com.ar\/portalurbano\/taller-sobre-insercion-laboral-para-jovenes-estudiantes-de-unicen\/"},"wordCount":315,"publisher":{"@id":"https:\/\/experienciadevida.com.ar\/portalurbano\/#organization"},"articleSection":["Educaci\u00f3n"],"inLanguage":"es"},{"@type":"WebPage","@id":"https:\/\/experienciadevida.com.ar\/portalurbano\/taller-sobre-insercion-laboral-para-jovenes-estudiantes-de-unicen\/","url":"https:\/\/experienciadevida.com.ar\/portalurbano\/taller-sobre-insercion-laboral-para-jovenes-estudiantes-de-unicen\/","name":"Taller sobre inserci\u00f3n laboral para j\u00f3venes estudiantes de UNICEN","isPartOf":{"@id":"https:\/\/experienciadevida.com.ar\/portalurbano\/#website"},"datePublished":"2022-06-10T15:49:16+00:00","dateModified":"2022-06-10T15:49:42+00:00","description":"Taller sobre inserci\u00f3n laboral para j\u00f3venes estudiantes de UNICEN, el mi\u00e9rcoles 15 de junio coordinado por el \u00e1rea de Educaci\u00f3n de la AFIP","breadcrumb":{"@id":"https:\/\/experienciadevida.com.ar\/portalurbano\/taller-sobre-insercion-laboral-para-jovenes-estudiantes-de-unicen\/#breadcrumb"},"inLanguage":"es","potentialAction":[{"@type":"ReadAction","target":["https:\/\/experienciadevida.com.ar\/portalurbano\/taller-sobre-insercion-laboral-para-jovenes-estudiantes-de-unicen\/"]}]},{"@type":"BreadcrumbList","@id":"https:\/\/experienciadevida.com.ar\/portalurbano\/taller-sobre-insercion-laboral-para-jovenes-estudiantes-de-unicen\/#breadcrumb","itemListElement":[{"@type":"ListItem","position":1,"name":"Portada","item":"https:\/\/experienciadevida.com.ar\/portalurbano\/"},{"@type":"ListItem","position":2,"name":"Taller sobre inserci\u00f3n laboral para j\u00f3venes estudiantes de UNICEN"}]},{"@type":"WebSite","@id":"https:\/\/experienciadevida.com.ar\/portalurbano\/#website","url":"https:\/\/experienciadevida.com.ar\/portalurbano\/","name":"","description":"","publisher":{"@id":"https:\/\/experienciadevida.com.ar\/portalurbano\/#organization"},"potentialAction":[{"@type":"SearchAction","target":{"@type":"EntryPoint","urlTemplate":"https:\/\/experienciadevida.com.ar\/portalurbano\/?s={search_term_string}"},"query-input":"required name=search_term_string"}],"inLanguage":"es"},{"@type":"Organization","@id":"https:\/\/experienciadevida.com.ar\/portalurbano\/#organization","name":"Portal Urbano","url":"https:\/\/experienciadevida.com.ar\/portalurbano\/","logo":{"@type":"ImageObject","inLanguage":"es","@id":"https:\/\/experienciadevida.com.ar\/portalurbano\/#\/schema\/logo\/image\/","url":"https:\/\/experienciadevida.com.ar\/portalurbano\/wp-content\/uploads\/2019\/09\/Logo-Original.png","contentUrl":"https:\/\/experienciadevida.com.ar\/portalurbano\/wp-content\/uploads\/2019\/09\/Logo-Original.png","width":2236,"height":1216,"caption":"Portal Urbano"},"image":{"@id":"https:\/\/experienciadevida.com.ar\/portalurbano\/#\/schema\/logo\/image\/"},"sameAs":["https:\/\/www.facebook.com\/Portal-Urbano-171542830093757\/","https:\/\/twitter.com\/portalurbanook","https:\/\/www.instagram.com\/_portalurbano\/","https:\/\/www.youtube.com\/channel\/UCXhagIfszH8KxFiOok79zbA?view_as=subscriber"]},{"@type":"Person","@id":"https:\/\/experienciadevida.com.ar\/portalurbano\/#\/schema\/person\/02dd326b1c4b056e9cc972486934a3a7","name":"admpu17wp","image":{"@type":"ImageObject","inLanguage":"es","@id":"https:\/\/experienciadevida.com.ar\/portalurbano\/#\/schema\/person\/image\/","url":"https:\/\/secure.gravatar.com\/avatar\/830d4c57adaae6630765e449a6908047?s=96&d=mm&r=g","contentUrl":"https:\/\/secure.gravatar.com\/avatar\/830d4c57adaae6630765e449a6908047?s=96&d=mm&r=g","caption":"admpu17wp"}}]}},"featured_image_urls":{"full":["https:\/\/experienciadevida.com.ar\/portalurbano\/wp-content\/uploads\/2022\/06\/Taller-sobre-insercion-laboral.jpg",1000,1000,false],"thumbnail":["https:\/\/experienciadevida.com.ar\/portalurbano\/wp-content\/uploads\/2022\/06\/Taller-sobre-insercion-laboral-150x150.jpg",150,150,true],"medium":["https:\/\/experienciadevida.com.ar\/portalurbano\/wp-content\/uploads\/2022\/06\/Taller-sobre-insercion-laboral-300x300.jpg",300,300,true],"medium_large":["https:\/\/experienciadevida.com.ar\/portalurbano\/wp-content\/uploads\/2022\/06\/Taller-sobre-insercion-laboral-768x768.jpg",640,640,true],"large":["https:\/\/experienciadevida.com.ar\/portalurbano\/wp-content\/uploads\/2022\/06\/Taller-sobre-insercion-laboral.jpg",640,640,false],"ug_big":["https:\/\/experienciadevida.com.ar\/portalurbano\/wp-content\/uploads\/2022\/06\/Taller-sobre-insercion-laboral-768x768.jpg",768,768,true],"1536x1536":["https:\/\/experienciadevida.com.ar\/portalurbano\/wp-content\/uploads\/2022\/06\/Taller-sobre-insercion-laboral.jpg",1000,1000,false],"2048x2048":["https:\/\/experienciadevida.com.ar\/portalurbano\/wp-content\/uploads\/2022\/06\/Taller-sobre-insercion-laboral.jpg",1000,1000,false],"newsever-slider-full":["https:\/\/experienciadevida.com.ar\/portalurbano\/wp-content\/uploads\/2022\/06\/Taller-sobre-insercion-laboral.jpg",845,845,false],"newsever-featured":["https:\/\/experienciadevida.com.ar\/portalurbano\/wp-content\/uploads\/2022\/06\/Taller-sobre-insercion-laboral.jpg",1000,1000,false],"newsever-medium":["https:\/\/experienciadevida.com.ar\/portalurbano\/wp-content\/uploads\/2022\/06\/Taller-sobre-insercion-laboral.jpg",475,475,false],"web-stories-poster-portrait":["https:\/\/experienciadevida.com.ar\/portalurbano\/wp-content\/uploads\/2022\/06\/Taller-sobre-insercion-laboral.jpg",640,640,false],"web-stories-publisher-logo":["https:\/\/experienciadevida.com.ar\/portalurbano\/wp-content\/uploads\/2022\/06\/Taller-sobre-insercion-laboral.jpg",96,96,false],"web-stories-thumbnail":["https:\/\/experienciadevida.com.ar\/portalurbano\/wp-content\/uploads\/2022\/06\/Taller-sobre-insercion-laboral.jpg",150,150,false]},"author_info":{"display_name":"admpu17wp","author_link":"https:\/\/experienciadevida.com.ar\/portalurbano\/author\/admpu17wp\/"},"category_info":"<a href=\"https:\/\/experienciadevida.com.ar\/portalurbano\/category\/ciudad\/educacion\/\" rel=\"category tag\">Educaci\u00f3n<\/a>","tag_info":"Educaci\u00f3n","comment_count":"0","amp_enabled":true,"_links":{"self":[{"href":"https:\/\/experienciadevida.com.ar\/portalurbano\/wp-json\/wp\/v2\/posts\/169333"}],"collection":[{"href":"https:\/\/experienciadevida.com.ar\/portalurbano\/wp-json\/wp\/v2\/posts"}],"about":[{"href":"https:\/\/experienciadevida.com.ar\/portalurbano\/wp-json\/wp\/v2\/types\/post"}],"author":[{"embeddable":true,"href":"https:\/\/experienciadevida.com.ar\/portalurbano\/wp-json\/wp\/v2\/users\/1"}],"replies":[{"embeddable":true,"href":"https:\/\/experienciadevida.com.ar\/portalurbano\/wp-json\/wp\/v2\/comments?post=169333"}],"version-history":[{"count":2,"href":"https:\/\/experienciadevida.com.ar\/portalurbano\/wp-json\/wp\/v2\/posts\/169333\/revisions"}],"predecessor-version":[{"id":169336,"href":"https:\/\/experienciadevida.com.ar\/portalurbano\/wp-json\/wp\/v2\/posts\/169333\/revisions\/169336"}],"wp:featuredmedia":[{"embeddable":true,"href":"https:\/\/experienciadevida.com.ar\/portalurbano\/wp-json\/wp\/v2\/media\/169334"}],"wp:attachment":[{"href":"https:\/\/experienciadevida.com.ar\/portalurbano\/wp-json\/wp\/v2\/media?parent=169333"}],"wp:term":[{"taxonomy":"category","embeddable":true,"href":"https:\/\/experienciadevida.com.ar\/portalurbano\/wp-json\/wp\/v2\/categories?post=169333"},{"taxonomy":"post_tag","embeddable":true,"href":"https:\/\/experienciadevida.com.ar\/portalurbano\/wp-json\/wp\/v2\/tags?post=169333"}],"curies":[{"name":"wp","href":"https:\/\/api.w.org\/{rel}","templated":true}]}}