{"id":169330,"date":"2022-06-10T12:37:37","date_gmt":"2022-06-10T15:37:37","guid":{"rendered":"https:\/\/experienciadevida.com.ar\/portalurbano\/?p=169330"},"modified":"2022-06-10T12:43:45","modified_gmt":"2022-06-10T15:43:45","slug":"inscripcion-al-programa-de-movilidad-de-estudiantes-pila-virtual-2-2022-2","status":"publish","type":"post","link":"https:\/\/experienciadevida.com.ar\/portalurbano\/inscripcion-al-programa-de-movilidad-de-estudiantes-pila-virtual-2-2022-2\/","title":{"rendered":"Inscripci\u00f3n al Programa de Movilidad de Estudiantes PILA Virtual 2-2022"},"content":{"rendered":"<p>Inscripci\u00f3n al Programa de Movilidad de Estudiantes PILA Virtual 2-2022, se encuentra abierta la inscripci\u00f3n al Programa de Movilidad de Estudiantes (PILA) para cursar parte de sus estudios (materias) de manera virtual en el segundo semestre del ciclo lectivo 2022 en un pa\u00eds diferente al de su residencia.<\/p>\n<p>En el Programa de Intercambio Acad\u00e9mico Latinoamericano (PILA) participan actualmente un consorcio de nueve pa\u00edses de Am\u00e9rica Latina y el Caribe: M\u00e9xico, Colombia, Argentina, Chile, Cuba, Nicaragua, Brasil, Uruguay y Paraguay; y 224 instituciones educativas.<\/p>\n<p>Pueden participar estudiantes regularmente matriculados en carreras de pregrado, grado y postgrado en una instituci\u00f3n de educaci\u00f3n superior (IES), previa garant\u00eda de que se le otorgar\u00e1 el pleno reconocimiento acad\u00e9mico de los estudios cursados en la universidad de destino.<\/p>\n<p>La inscripci\u00f3n estar\u00e1 abierta hasta el 17 de junio del 2022 por plataforma PILA.<\/p>\n<p>Pasos a seguir:<\/p>\n<p>Deber\u00e1s ingresar en la p\u00e1gina del Programa PILA, para revisar la oferta de materias y las Universidades, una vez hecho esto tendr\u00e1s que comunicarte a internacionalesfacso@virtual.soc.unicen.edu.ar para realizar consultas y tramitar la documentaci\u00f3n necesaria. Podr\u00e1s hacerlo hasta el 10 de junio inclusive.<\/p>\n","protected":false},"excerpt":{"rendered":"<p>Inscripci\u00f3n al Programa de Movilidad de Estudiantes PILA Virtual 2-2022, se encuentra abierta la inscripci\u00f3n&#8230;<\/p>\n","protected":false},"author":1,"featured_media":169331,"comment_status":"closed","ping_status":"closed","sticky":false,"template":"","format":"standard","meta":{"content-type":""},"categories":[31],"tags":[],"nelio_content":{"isAutoShareEnabled":false,"autoShareEndMode":"default","automationSources":{"useContentSentences":true,"useSocialTemplates":true,"useCustomSentences":false,"customSentences":[]},"followers":[1],"suggestedReferences":[],"includedReferences":[],"efiUrl":"","efiAlt":"","highlights":[]},"yoast_head":"<!-- This site is optimized with the Yoast SEO plugin v20.7 - https:\/\/yoast.com\/wordpress\/plugins\/seo\/ -->\n<title>Inscripci\u00f3n al programa de movilidad de estudiantes PILA virtual 2-2022<\/title>\n<meta name=\"description\" content=\"Inscripci\u00f3n al Programa de Movilidad de Estudiantes PILA Virtual 2-2022, se encuentra abierta la inscripci\u00f3n para cursar sus estudios\" \/>\n<meta name=\"robots\" content=\"index, follow, max-snippet:-1, max-image-preview:large, max-video-preview:-1\" \/>\n<link rel=\"canonical\" href=\"https:\/\/experienciadevida.com.ar\/portalurbano\/inscripcion-al-programa-de-movilidad-de-estudiantes-pila-virtual-2-2022-2\/\" \/>\n<meta property=\"og:locale\" content=\"es_ES\" \/>\n<meta property=\"og:type\" content=\"article\" \/>\n<meta property=\"og:title\" content=\"Inscripci\u00f3n al programa de movilidad de estudiantes PILA virtual 2-2022\" \/>\n<meta property=\"og:description\" content=\"Inscripci\u00f3n al Programa de Movilidad de Estudiantes PILA Virtual 2-2022, se encuentra abierta la inscripci\u00f3n para cursar sus estudios\" \/>\n<meta property=\"og:url\" content=\"https:\/\/experienciadevida.com.ar\/portalurbano\/inscripcion-al-programa-de-movilidad-de-estudiantes-pila-virtual-2-2022-2\/\" \/>\n<meta property=\"article:publisher\" content=\"https:\/\/www.facebook.com\/Portal-Urbano-171542830093757\/\" \/>\n<meta property=\"article:published_time\" content=\"2022-06-10T15:37:37+00:00\" \/>\n<meta property=\"article:modified_time\" content=\"2022-06-10T15:43:45+00:00\" \/>\n<meta property=\"og:image\" content=\"https:\/\/experienciadevida.com.ar\/portalurbano\/wp-content\/uploads\/2022\/06\/Inscripcion-al-Programa-de-1.jpg\" \/>\n\t<meta property=\"og:image:width\" content=\"1026\" \/>\n\t<meta property=\"og:image:height\" content=\"1028\" \/>\n\t<meta property=\"og:image:type\" content=\"image\/jpeg\" \/>\n<meta name=\"author\" content=\"admpu17wp\" \/>\n<meta name=\"twitter:card\" content=\"summary_large_image\" \/>\n<meta name=\"twitter:creator\" content=\"@portalurbanook\" \/>\n<meta name=\"twitter:site\" content=\"@portalurbanook\" \/>\n<meta name=\"twitter:label1\" content=\"Escrito por\" \/>\n\t<meta name=\"twitter:data1\" content=\"admpu17wp\" \/>\n\t<meta name=\"twitter:label2\" content=\"Tiempo de lectura\" \/>\n\t<meta name=\"twitter:data2\" content=\"1 minuto\" \/>\n<script type=\"application\/ld+json\" class=\"yoast-schema-graph\">{\"@context\":\"https:\/\/schema.org\",\"@graph\":[{\"@type\":\"Article\",\"@id\":\"https:\/\/experienciadevida.com.ar\/portalurbano\/inscripcion-al-programa-de-movilidad-de-estudiantes-pila-virtual-2-2022-2\/#article\",\"isPartOf\":{\"@id\":\"https:\/\/experienciadevida.com.ar\/portalurbano\/inscripcion-al-programa-de-movilidad-de-estudiantes-pila-virtual-2-2022-2\/\"},\"author\":{\"name\":\"admpu17wp\",\"@id\":\"https:\/\/experienciadevida.com.ar\/portalurbano\/#\/schema\/person\/02dd326b1c4b056e9cc972486934a3a7\"},\"headline\":\"Inscripci\u00f3n al Programa de Movilidad de Estudiantes PILA Virtual 2-2022\",\"datePublished\":\"2022-06-10T15:37:37+00:00\",\"dateModified\":\"2022-06-10T15:43:45+00:00\",\"mainEntityOfPage\":{\"@id\":\"https:\/\/experienciadevida.com.ar\/portalurbano\/inscripcion-al-programa-de-movilidad-de-estudiantes-pila-virtual-2-2022-2\/\"},\"wordCount\":209,\"publisher\":{\"@id\":\"https:\/\/experienciadevida.com.ar\/portalurbano\/#organization\"},\"articleSection\":[\"Educaci\u00f3n\"],\"inLanguage\":\"es\"},{\"@type\":\"WebPage\",\"@id\":\"https:\/\/experienciadevida.com.ar\/portalurbano\/inscripcion-al-programa-de-movilidad-de-estudiantes-pila-virtual-2-2022-2\/\",\"url\":\"https:\/\/experienciadevida.com.ar\/portalurbano\/inscripcion-al-programa-de-movilidad-de-estudiantes-pila-virtual-2-2022-2\/\",\"name\":\"Inscripci\u00f3n al programa de movilidad de estudiantes PILA virtual 2-2022\",\"isPartOf\":{\"@id\":\"https:\/\/experienciadevida.com.ar\/portalurbano\/#website\"},\"datePublished\":\"2022-06-10T15:37:37+00:00\",\"dateModified\":\"2022-06-10T15:43:45+00:00\",\"description\":\"Inscripci\u00f3n al Programa de Movilidad de Estudiantes PILA Virtual 2-2022, se encuentra abierta la inscripci\u00f3n para cursar sus estudios\",\"breadcrumb\":{\"@id\":\"https:\/\/experienciadevida.com.ar\/portalurbano\/inscripcion-al-programa-de-movilidad-de-estudiantes-pila-virtual-2-2022-2\/#breadcrumb\"},\"inLanguage\":\"es\",\"potentialAction\":[{\"@type\":\"ReadAction\",\"target\":[\"https:\/\/experienciadevida.com.ar\/portalurbano\/inscripcion-al-programa-de-movilidad-de-estudiantes-pila-virtual-2-2022-2\/\"]}]},{\"@type\":\"BreadcrumbList\",\"@id\":\"https:\/\/experienciadevida.com.ar\/portalurbano\/inscripcion-al-programa-de-movilidad-de-estudiantes-pila-virtual-2-2022-2\/#breadcrumb\",\"itemListElement\":[{\"@type\":\"ListItem\",\"position\":1,\"name\":\"Portada\",\"item\":\"https:\/\/experienciadevida.com.ar\/portalurbano\/\"},{\"@type\":\"ListItem\",\"position\":2,\"name\":\"Inscripci\u00f3n al Programa de Movilidad de Estudiantes PILA Virtual 2-2022\"}]},{\"@type\":\"WebSite\",\"@id\":\"https:\/\/experienciadevida.com.ar\/portalurbano\/#website\",\"url\":\"https:\/\/experienciadevida.com.ar\/portalurbano\/\",\"name\":\"\",\"description\":\"\",\"publisher\":{\"@id\":\"https:\/\/experienciadevida.com.ar\/portalurbano\/#organization\"},\"potentialAction\":[{\"@type\":\"SearchAction\",\"target\":{\"@type\":\"EntryPoint\",\"urlTemplate\":\"https:\/\/experienciadevida.com.ar\/portalurbano\/?s={search_term_string}\"},\"query-input\":\"required name=search_term_string\"}],\"inLanguage\":\"es\"},{\"@type\":\"Organization\",\"@id\":\"https:\/\/experienciadevida.com.ar\/portalurbano\/#organization\",\"name\":\"Portal Urbano\",\"url\":\"https:\/\/experienciadevida.com.ar\/portalurbano\/\",\"logo\":{\"@type\":\"ImageObject\",\"inLanguage\":\"es\",\"@id\":\"https:\/\/experienciadevida.com.ar\/portalurbano\/#\/schema\/logo\/image\/\",\"url\":\"https:\/\/experienciadevida.com.ar\/portalurbano\/wp-content\/uploads\/2019\/09\/Logo-Original.png\",\"contentUrl\":\"https:\/\/experienciadevida.com.ar\/portalurbano\/wp-content\/uploads\/2019\/09\/Logo-Original.png\",\"width\":2236,\"height\":1216,\"caption\":\"Portal Urbano\"},\"image\":{\"@id\":\"https:\/\/experienciadevida.com.ar\/portalurbano\/#\/schema\/logo\/image\/\"},\"sameAs\":[\"https:\/\/www.facebook.com\/Portal-Urbano-171542830093757\/\",\"https:\/\/twitter.com\/portalurbanook\",\"https:\/\/www.instagram.com\/_portalurbano\/\",\"https:\/\/www.youtube.com\/channel\/UCXhagIfszH8KxFiOok79zbA?view_as=subscriber\"]},{\"@type\":\"Person\",\"@id\":\"https:\/\/experienciadevida.com.ar\/portalurbano\/#\/schema\/person\/02dd326b1c4b056e9cc972486934a3a7\",\"name\":\"admpu17wp\",\"image\":{\"@type\":\"ImageObject\",\"inLanguage\":\"es\",\"@id\":\"https:\/\/experienciadevida.com.ar\/portalurbano\/#\/schema\/person\/image\/\",\"url\":\"https:\/\/secure.gravatar.com\/avatar\/830d4c57adaae6630765e449a6908047?s=96&d=mm&r=g\",\"contentUrl\":\"https:\/\/secure.gravatar.com\/avatar\/830d4c57adaae6630765e449a6908047?s=96&d=mm&r=g\",\"caption\":\"admpu17wp\"}}]}<\/script>\n<!-- \/ Yoast SEO plugin. -->","yoast_head_json":{"title":"Inscripci\u00f3n al programa de movilidad de estudiantes PILA virtual 2-2022","description":"Inscripci\u00f3n al Programa de Movilidad de Estudiantes PILA Virtual 2-2022, se encuentra abierta la inscripci\u00f3n para cursar sus estudios","robots":{"index":"index","follow":"follow","max-snippet":"max-snippet:-1","max-image-preview":"max-image-preview:large","max-video-preview":"max-video-preview:-1"},"canonical":"https:\/\/experienciadevida.com.ar\/portalurbano\/inscripcion-al-programa-de-movilidad-de-estudiantes-pila-virtual-2-2022-2\/","og_locale":"es_ES","og_type":"article","og_title":"Inscripci\u00f3n al programa de movilidad de estudiantes PILA virtual 2-2022","og_description":"Inscripci\u00f3n al Programa de Movilidad de Estudiantes PILA Virtual 2-2022, se encuentra abierta la inscripci\u00f3n para cursar sus estudios","og_url":"https:\/\/experienciadevida.com.ar\/portalurbano\/inscripcion-al-programa-de-movilidad-de-estudiantes-pila-virtual-2-2022-2\/","article_publisher":"https:\/\/www.facebook.com\/Portal-Urbano-171542830093757\/","article_published_time":"2022-06-10T15:37:37+00:00","article_modified_time":"2022-06-10T15:43:45+00:00","og_image":[{"width":1026,"height":1028,"url":"https:\/\/experienciadevida.com.ar\/portalurbano\/wp-content\/uploads\/2022\/06\/Inscripcion-al-Programa-de-1.jpg","type":"image\/jpeg"}],"author":"admpu17wp","twitter_card":"summary_large_image","twitter_creator":"@portalurbanook","twitter_site":"@portalurbanook","twitter_misc":{"Escrito por":"admpu17wp","Tiempo de lectura":"1 minuto"},"schema":{"@context":"https:\/\/schema.org","@graph":[{"@type":"Article","@id":"https:\/\/experienciadevida.com.ar\/portalurbano\/inscripcion-al-programa-de-movilidad-de-estudiantes-pila-virtual-2-2022-2\/#article","isPartOf":{"@id":"https:\/\/experienciadevida.com.ar\/portalurbano\/inscripcion-al-programa-de-movilidad-de-estudiantes-pila-virtual-2-2022-2\/"},"author":{"name":"admpu17wp","@id":"https:\/\/experienciadevida.com.ar\/portalurbano\/#\/schema\/person\/02dd326b1c4b056e9cc972486934a3a7"},"headline":"Inscripci\u00f3n al Programa de Movilidad de Estudiantes PILA Virtual 2-2022","datePublished":"2022-06-10T15:37:37+00:00","dateModified":"2022-06-10T15:43:45+00:00","mainEntityOfPage":{"@id":"https:\/\/experienciadevida.com.ar\/portalurbano\/inscripcion-al-programa-de-movilidad-de-estudiantes-pila-virtual-2-2022-2\/"},"wordCount":209,"publisher":{"@id":"https:\/\/experienciadevida.com.ar\/portalurbano\/#organization"},"articleSection":["Educaci\u00f3n"],"inLanguage":"es"},{"@type":"WebPage","@id":"https:\/\/experienciadevida.com.ar\/portalurbano\/inscripcion-al-programa-de-movilidad-de-estudiantes-pila-virtual-2-2022-2\/","url":"https:\/\/experienciadevida.com.ar\/portalurbano\/inscripcion-al-programa-de-movilidad-de-estudiantes-pila-virtual-2-2022-2\/","name":"Inscripci\u00f3n al programa de movilidad de estudiantes PILA virtual 2-2022","isPartOf":{"@id":"https:\/\/experienciadevida.com.ar\/portalurbano\/#website"},"datePublished":"2022-06-10T15:37:37+00:00","dateModified":"2022-06-10T15:43:45+00:00","description":"Inscripci\u00f3n al Programa de Movilidad de Estudiantes PILA Virtual 2-2022, se encuentra abierta la inscripci\u00f3n para cursar sus estudios","breadcrumb":{"@id":"https:\/\/experienciadevida.com.ar\/portalurbano\/inscripcion-al-programa-de-movilidad-de-estudiantes-pila-virtual-2-2022-2\/#breadcrumb"},"inLanguage":"es","potentialAction":[{"@type":"ReadAction","target":["https:\/\/experienciadevida.com.ar\/portalurbano\/inscripcion-al-programa-de-movilidad-de-estudiantes-pila-virtual-2-2022-2\/"]}]},{"@type":"BreadcrumbList","@id":"https:\/\/experienciadevida.com.ar\/portalurbano\/inscripcion-al-programa-de-movilidad-de-estudiantes-pila-virtual-2-2022-2\/#breadcrumb","itemListElement":[{"@type":"ListItem","position":1,"name":"Portada","item":"https:\/\/experienciadevida.com.ar\/portalurbano\/"},{"@type":"ListItem","position":2,"name":"Inscripci\u00f3n al Programa de Movilidad de Estudiantes PILA Virtual 2-2022"}]},{"@type":"WebSite","@id":"https:\/\/experienciadevida.com.ar\/portalurbano\/#website","url":"https:\/\/experienciadevida.com.ar\/portalurbano\/","name":"","description":"","publisher":{"@id":"https:\/\/experienciadevida.com.ar\/portalurbano\/#organization"},"potentialAction":[{"@type":"SearchAction","target":{"@type":"EntryPoint","urlTemplate":"https:\/\/experienciadevida.com.ar\/portalurbano\/?s={search_term_string}"},"query-input":"required name=search_term_string"}],"inLanguage":"es"},{"@type":"Organization","@id":"https:\/\/experienciadevida.com.ar\/portalurbano\/#organization","name":"Portal Urbano","url":"https:\/\/experienciadevida.com.ar\/portalurbano\/","logo":{"@type":"ImageObject","inLanguage":"es","@id":"https:\/\/experienciadevida.com.ar\/portalurbano\/#\/schema\/logo\/image\/","url":"https:\/\/experienciadevida.com.ar\/portalurbano\/wp-content\/uploads\/2019\/09\/Logo-Original.png","contentUrl":"https:\/\/experienciadevida.com.ar\/portalurbano\/wp-content\/uploads\/2019\/09\/Logo-Original.png","width":2236,"height":1216,"caption":"Portal Urbano"},"image":{"@id":"https:\/\/experienciadevida.com.ar\/portalurbano\/#\/schema\/logo\/image\/"},"sameAs":["https:\/\/www.facebook.com\/Portal-Urbano-171542830093757\/","https:\/\/twitter.com\/portalurbanook","https:\/\/www.instagram.com\/_portalurbano\/","https:\/\/www.youtube.com\/channel\/UCXhagIfszH8KxFiOok79zbA?view_as=subscriber"]},{"@type":"Person","@id":"https:\/\/experienciadevida.com.ar\/portalurbano\/#\/schema\/person\/02dd326b1c4b056e9cc972486934a3a7","name":"admpu17wp","image":{"@type":"ImageObject","inLanguage":"es","@id":"https:\/\/experienciadevida.com.ar\/portalurbano\/#\/schema\/person\/image\/","url":"https:\/\/secure.gravatar.com\/avatar\/830d4c57adaae6630765e449a6908047?s=96&d=mm&r=g","contentUrl":"https:\/\/secure.gravatar.com\/avatar\/830d4c57adaae6630765e449a6908047?s=96&d=mm&r=g","caption":"admpu17wp"}}]}},"featured_image_urls":{"full":["https:\/\/experienciadevida.com.ar\/portalurbano\/wp-content\/uploads\/2022\/06\/Inscripcion-al-Programa-de-1.jpg",1026,1028,false],"thumbnail":["https:\/\/experienciadevida.com.ar\/portalurbano\/wp-content\/uploads\/2022\/06\/Inscripcion-al-Programa-de-1-150x150.jpg",150,150,true],"medium":["https:\/\/experienciadevida.com.ar\/portalurbano\/wp-content\/uploads\/2022\/06\/Inscripcion-al-Programa-de-1-300x300.jpg",300,300,true],"medium_large":["https:\/\/experienciadevida.com.ar\/portalurbano\/wp-content\/uploads\/2022\/06\/Inscripcion-al-Programa-de-1-768x769.jpg",640,641,true],"large":["https:\/\/experienciadevida.com.ar\/portalurbano\/wp-content\/uploads\/2022\/06\/Inscripcion-al-Programa-de-1-1022x1024.jpg",640,641,true],"ug_big":["https:\/\/experienciadevida.com.ar\/portalurbano\/wp-content\/uploads\/2022\/06\/Inscripcion-al-Programa-de-1-768x768.jpg",768,768,true],"1536x1536":["https:\/\/experienciadevida.com.ar\/portalurbano\/wp-content\/uploads\/2022\/06\/Inscripcion-al-Programa-de-1.jpg",1026,1028,false],"2048x2048":["https:\/\/experienciadevida.com.ar\/portalurbano\/wp-content\/uploads\/2022\/06\/Inscripcion-al-Programa-de-1.jpg",1026,1028,false],"newsever-slider-full":["https:\/\/experienciadevida.com.ar\/portalurbano\/wp-content\/uploads\/2022\/06\/Inscripcion-al-Programa-de-1.jpg",843,845,false],"newsever-featured":["https:\/\/experienciadevida.com.ar\/portalurbano\/wp-content\/uploads\/2022\/06\/Inscripcion-al-Programa-de-1.jpg",1024,1026,false],"newsever-medium":["https:\/\/experienciadevida.com.ar\/portalurbano\/wp-content\/uploads\/2022\/06\/Inscripcion-al-Programa-de-1.jpg",474,475,false],"web-stories-poster-portrait":["https:\/\/experienciadevida.com.ar\/portalurbano\/wp-content\/uploads\/2022\/06\/Inscripcion-al-Programa-de-1.jpg",640,641,false],"web-stories-publisher-logo":["https:\/\/experienciadevida.com.ar\/portalurbano\/wp-content\/uploads\/2022\/06\/Inscripcion-al-Programa-de-1.jpg",96,96,false],"web-stories-thumbnail":["https:\/\/experienciadevida.com.ar\/portalurbano\/wp-content\/uploads\/2022\/06\/Inscripcion-al-Programa-de-1.jpg",150,150,false]},"author_info":{"display_name":"admpu17wp","author_link":"https:\/\/experienciadevida.com.ar\/portalurbano\/author\/admpu17wp\/"},"category_info":"<a href=\"https:\/\/experienciadevida.com.ar\/portalurbano\/category\/ciudad\/educacion\/\" rel=\"category tag\">Educaci\u00f3n<\/a>","tag_info":"Educaci\u00f3n","comment_count":"0","amp_enabled":true,"_links":{"self":[{"href":"https:\/\/experienciadevida.com.ar\/portalurbano\/wp-json\/wp\/v2\/posts\/169330"}],"collection":[{"href":"https:\/\/experienciadevida.com.ar\/portalurbano\/wp-json\/wp\/v2\/posts"}],"about":[{"href":"https:\/\/experienciadevida.com.ar\/portalurbano\/wp-json\/wp\/v2\/types\/post"}],"author":[{"embeddable":true,"href":"https:\/\/experienciadevida.com.ar\/portalurbano\/wp-json\/wp\/v2\/users\/1"}],"replies":[{"embeddable":true,"href":"https:\/\/experienciadevida.com.ar\/portalurbano\/wp-json\/wp\/v2\/comments?post=169330"}],"version-history":[{"count":1,"href":"https:\/\/experienciadevida.com.ar\/portalurbano\/wp-json\/wp\/v2\/posts\/169330\/revisions"}],"predecessor-version":[{"id":169332,"href":"https:\/\/experienciadevida.com.ar\/portalurbano\/wp-json\/wp\/v2\/posts\/169330\/revisions\/169332"}],"wp:featuredmedia":[{"embeddable":true,"href":"https:\/\/experienciadevida.com.ar\/portalurbano\/wp-json\/wp\/v2\/media\/169331"}],"wp:attachment":[{"href":"https:\/\/experienciadevida.com.ar\/portalurbano\/wp-json\/wp\/v2\/media?parent=169330"}],"wp:term":[{"taxonomy":"category","embeddable":true,"href":"https:\/\/experienciadevida.com.ar\/portalurbano\/wp-json\/wp\/v2\/categories?post=169330"},{"taxonomy":"post_tag","embeddable":true,"href":"https:\/\/experienciadevida.com.ar\/portalurbano\/wp-json\/wp\/v2\/tags?post=169330"}],"curies":[{"name":"wp","href":"https:\/\/api.w.org\/{rel}","templated":true}]}}