{"id":169309,"date":"2022-06-10T12:13:01","date_gmt":"2022-06-10T15:13:01","guid":{"rendered":"https:\/\/experienciadevida.com.ar\/portalurbano\/?p=169309"},"modified":"2022-06-10T12:14:45","modified_gmt":"2022-06-10T15:14:45","slug":"vergel-destaca-la-importancia-de-poner-en-agenda-la-donacion-de-organos","status":"publish","type":"post","link":"https:\/\/experienciadevida.com.ar\/portalurbano\/vergel-destaca-la-importancia-de-poner-en-agenda-la-donacion-de-organos\/","title":{"rendered":"Vergel destaca la importancia de poner en agenda la donaci\u00f3n de \u00f3rganos"},"content":{"rendered":"<p><a href=\"https:\/\/www.instagram.com\/belenvergel\/?hl=es-la\">Vergel<\/a> destaca la importancia de poner en agenda la donaci\u00f3n de \u00f3rganos, en la sesi\u00f3n el HCD del d\u00eda de ayer, se aprobaron por unanimidad dos importantes proyectos presentados por el bloque UCR-Juntos referidos a este<br \/>\ntema.<\/p>\n<p>El primero declara a Olavarr\u00eda como \u201cMunicipio Donante\u201d, y el segundo propone suscribir al Municipio de Olavarr\u00eda como autoridad sanitaria local, en el Programa Federal de Procuraci\u00f3n de \u00d3rganos y Tejidos. Un tercer proyecto de Ordenanza fue presentado y ser\u00e1 tratado en las comisiones correspondientes.<\/p>\n<p>La Concejal Bel\u00e9n Vergel, por intermedio de un profundo trabajo de investigaci\u00f3n y manteniendo diversas reuniones con profesionales del \u00e1rea en la regi\u00f3n, ha trabajado y presentado diversos proyectos para reactivar una agenda muy importante y que luego de la pandemia ha perdido trascendencia. Seg\u00fan remarc\u00f3 \u201ces urgente dar esta discusi\u00f3n. En nuestro pa\u00eds se pierden cientos de posibles donaciones por a\u00f1o en instituciones sanitarias, por falta de conocimiento de los protocolos de procedimiento y de equipos especializados\u201d.<\/p>\n<p>\u201cLa donaci\u00f3n de \u00f3rganos, en muchos casos, es la \u00fanica opci\u00f3n para resolver disfunciones terminales de \u00f3rganos vitales o de alg\u00fan tejido. Permite prolongar la vida. La aparici\u00f3n de un donante por lo general se da en medio<br \/>\nde una situaci\u00f3n de profundo dolor por la p\u00e9rdida de un ser querido, por ello contar con un equipo multidisciplinario que se encargue de abordar todos los aspectos del protocolo, es necesario y fundamental para que el procedimiento se realice con \u00e9xito\u201d detall\u00f3 la concejal radical.<\/p>\n<p>En total se presentaron 3 proyectos, 2 de ellos de Resoluci\u00f3n que fueron aprobados en la sesi\u00f3n de ayer, y un tercero de Ordenanza que ser\u00e1 tratado en sesiones en las pr\u00f3ximas semanas. El primero de ellos, declara a Olavarr\u00eda como \u201cMunicipio Donante\u201d, esto implica seguir profundizando el trabajo en materia de donaci\u00f3n y concientizaci\u00f3n. Que en los registros provinciales y nacionales se conozca que en nuestra ciudad se cuenta con los medios necesarios para realizar este tipo de operativos.<\/p>\n<p>Vergel destaca la importancia de poner en agenda la donaci\u00f3n de \u00f3rganos, el otro proyecto de Resoluci\u00f3n aprobado el d\u00eda de ayer, solicita al Departamento Ejecutivo Municipal concrete la firma del convenio para\u00a0 acceder al Programa Federal de Procuraci\u00f3n de \u00d3rganos y Tejidos. De esta manera, se podr\u00e1 acceder a fondos no solo para difundir y generar nuevas estrategias que faciliten la donaci\u00f3n de \u00f3rganos, como por ejemplo contar con la figura del \u201cCoordinador Hospitalario\u201d, quien ser\u00eda el impulsor de la generaci\u00f3n de donantes.<\/p>\n<p>Por \u00faltimo, el Proyecto de Ordenanza pone de manifiesto La necesidad de institucionalizar la tarea de Procuraci\u00f3n de \u00d3rganos y Tejidos a trav\u00e9s de la creaci\u00f3n de un servicio multidisciplinario capaz de abordar todos los pasos del complejo proceso de donaci\u00f3n, que trabaje integrado a la estructura sanitaria\/hospitalaria, y con el apoyo estructural y de gesti\u00f3n.<\/p>\n<p>Este equipo especializado, dependiente de la Secretar\u00eda de Salud del municipio, deber\u00e1 estar conformada por estos profesionales: 2 M\u00e9dicos\/as especialistas en Cuidados Intensivos, 2 Enfermeras\/os de UTI, 2 Psic\u00f3logas\/os, 1 Instrumentadores QX.<\/p>\n<p>En resumen, un importante trabajo realizado para poner de manifiesto la importancia que tiene la donaci\u00f3n de \u00f3rganos en nuestro pa\u00eds \u201cactualmente en nuestro pa\u00eds hay 10.215 personas que esperan un trasplante, muchos de<br \/>\nellos depender\u00e1n del mismo para seguir con vida, algunos en situaci\u00f3n de emergencia. Es nuestra obligaci\u00f3n facilitar los medios para que esa espera o esa esperanza pueda concretarse. Es una agenda que no puede esperar\u201d<br \/>\nfinaliz\u00f3 Vergel.<\/p>\n","protected":false},"excerpt":{"rendered":"<p>Vergel destaca la importancia de poner en agenda la donaci\u00f3n de \u00f3rganos, en la sesi\u00f3n&#8230;<\/p>\n","protected":false},"author":1,"featured_media":169310,"comment_status":"closed","ping_status":"closed","sticky":false,"template":"","format":"standard","meta":{"content-type":""},"categories":[27,64],"tags":[],"nelio_content":{"isAutoShareEnabled":false,"autoShareEndMode":"default","automationSources":{"useContentSentences":true,"useSocialTemplates":true,"useCustomSentences":false,"customSentences":[]},"followers":[1],"suggestedReferences":[],"includedReferences":[],"efiUrl":"","efiAlt":"","highlights":[]},"yoast_head":"<!-- This site is optimized with the Yoast SEO plugin v20.7 - https:\/\/yoast.com\/wordpress\/plugins\/seo\/ -->\n<title>Vergel destaca la importancia de poner en agenda la donaci\u00f3n de \u00f3rganos<\/title>\n<meta name=\"description\" content=\"Vergel destaca la importancia de poner en agenda la donaci\u00f3n de \u00f3rganos, en la sesi\u00f3n el HCD del d\u00eda de ayer, se aprobaron proyectos\" \/>\n<meta name=\"robots\" content=\"index, follow, max-snippet:-1, max-image-preview:large, max-video-preview:-1\" \/>\n<link rel=\"canonical\" href=\"https:\/\/experienciadevida.com.ar\/portalurbano\/vergel-destaca-la-importancia-de-poner-en-agenda-la-donacion-de-organos\/\" \/>\n<meta property=\"og:locale\" content=\"es_ES\" \/>\n<meta property=\"og:type\" content=\"article\" \/>\n<meta property=\"og:title\" content=\"Vergel destaca la importancia de poner en agenda la donaci\u00f3n de \u00f3rganos\" \/>\n<meta property=\"og:description\" content=\"Vergel destaca la importancia de poner en agenda la donaci\u00f3n de \u00f3rganos, en la sesi\u00f3n el HCD del d\u00eda de ayer, se aprobaron proyectos\" \/>\n<meta property=\"og:url\" content=\"https:\/\/experienciadevida.com.ar\/portalurbano\/vergel-destaca-la-importancia-de-poner-en-agenda-la-donacion-de-organos\/\" \/>\n<meta property=\"article:publisher\" content=\"https:\/\/www.facebook.com\/Portal-Urbano-171542830093757\/\" \/>\n<meta property=\"article:published_time\" content=\"2022-06-10T15:13:01+00:00\" \/>\n<meta property=\"article:modified_time\" content=\"2022-06-10T15:14:45+00:00\" \/>\n<meta property=\"og:image\" content=\"https:\/\/experienciadevida.com.ar\/portalurbano\/wp-content\/uploads\/2022\/06\/Vergel-destaca-la-importancia.jpeg\" \/>\n\t<meta property=\"og:image:width\" content=\"1280\" \/>\n\t<meta property=\"og:image:height\" content=\"855\" \/>\n\t<meta property=\"og:image:type\" content=\"image\/jpeg\" \/>\n<meta name=\"author\" content=\"admpu17wp\" \/>\n<meta name=\"twitter:card\" content=\"summary_large_image\" \/>\n<meta name=\"twitter:creator\" content=\"@portalurbanook\" \/>\n<meta name=\"twitter:site\" content=\"@portalurbanook\" \/>\n<meta name=\"twitter:label1\" content=\"Escrito por\" \/>\n\t<meta name=\"twitter:data1\" content=\"admpu17wp\" \/>\n\t<meta name=\"twitter:label2\" content=\"Tiempo de lectura\" \/>\n\t<meta name=\"twitter:data2\" content=\"3 minutos\" \/>\n<script type=\"application\/ld+json\" class=\"yoast-schema-graph\">{\"@context\":\"https:\/\/schema.org\",\"@graph\":[{\"@type\":\"Article\",\"@id\":\"https:\/\/experienciadevida.com.ar\/portalurbano\/vergel-destaca-la-importancia-de-poner-en-agenda-la-donacion-de-organos\/#article\",\"isPartOf\":{\"@id\":\"https:\/\/experienciadevida.com.ar\/portalurbano\/vergel-destaca-la-importancia-de-poner-en-agenda-la-donacion-de-organos\/\"},\"author\":{\"name\":\"admpu17wp\",\"@id\":\"https:\/\/experienciadevida.com.ar\/portalurbano\/#\/schema\/person\/02dd326b1c4b056e9cc972486934a3a7\"},\"headline\":\"Vergel destaca la importancia de poner en agenda la donaci\u00f3n de \u00f3rganos\",\"datePublished\":\"2022-06-10T15:13:01+00:00\",\"dateModified\":\"2022-06-10T15:14:45+00:00\",\"mainEntityOfPage\":{\"@id\":\"https:\/\/experienciadevida.com.ar\/portalurbano\/vergel-destaca-la-importancia-de-poner-en-agenda-la-donacion-de-organos\/\"},\"wordCount\":623,\"publisher\":{\"@id\":\"https:\/\/experienciadevida.com.ar\/portalurbano\/#organization\"},\"articleSection\":[\"Ciudad\",\"Destacadas 2\"],\"inLanguage\":\"es\"},{\"@type\":\"WebPage\",\"@id\":\"https:\/\/experienciadevida.com.ar\/portalurbano\/vergel-destaca-la-importancia-de-poner-en-agenda-la-donacion-de-organos\/\",\"url\":\"https:\/\/experienciadevida.com.ar\/portalurbano\/vergel-destaca-la-importancia-de-poner-en-agenda-la-donacion-de-organos\/\",\"name\":\"Vergel destaca la importancia de poner en agenda la donaci\u00f3n de \u00f3rganos\",\"isPartOf\":{\"@id\":\"https:\/\/experienciadevida.com.ar\/portalurbano\/#website\"},\"datePublished\":\"2022-06-10T15:13:01+00:00\",\"dateModified\":\"2022-06-10T15:14:45+00:00\",\"description\":\"Vergel destaca la importancia de poner en agenda la donaci\u00f3n de \u00f3rganos, en la sesi\u00f3n el HCD del d\u00eda de ayer, se aprobaron proyectos\",\"breadcrumb\":{\"@id\":\"https:\/\/experienciadevida.com.ar\/portalurbano\/vergel-destaca-la-importancia-de-poner-en-agenda-la-donacion-de-organos\/#breadcrumb\"},\"inLanguage\":\"es\",\"potentialAction\":[{\"@type\":\"ReadAction\",\"target\":[\"https:\/\/experienciadevida.com.ar\/portalurbano\/vergel-destaca-la-importancia-de-poner-en-agenda-la-donacion-de-organos\/\"]}]},{\"@type\":\"BreadcrumbList\",\"@id\":\"https:\/\/experienciadevida.com.ar\/portalurbano\/vergel-destaca-la-importancia-de-poner-en-agenda-la-donacion-de-organos\/#breadcrumb\",\"itemListElement\":[{\"@type\":\"ListItem\",\"position\":1,\"name\":\"Portada\",\"item\":\"https:\/\/experienciadevida.com.ar\/portalurbano\/\"},{\"@type\":\"ListItem\",\"position\":2,\"name\":\"Vergel destaca la importancia de poner en agenda la donaci\u00f3n de \u00f3rganos\"}]},{\"@type\":\"WebSite\",\"@id\":\"https:\/\/experienciadevida.com.ar\/portalurbano\/#website\",\"url\":\"https:\/\/experienciadevida.com.ar\/portalurbano\/\",\"name\":\"\",\"description\":\"\",\"publisher\":{\"@id\":\"https:\/\/experienciadevida.com.ar\/portalurbano\/#organization\"},\"potentialAction\":[{\"@type\":\"SearchAction\",\"target\":{\"@type\":\"EntryPoint\",\"urlTemplate\":\"https:\/\/experienciadevida.com.ar\/portalurbano\/?s={search_term_string}\"},\"query-input\":\"required name=search_term_string\"}],\"inLanguage\":\"es\"},{\"@type\":\"Organization\",\"@id\":\"https:\/\/experienciadevida.com.ar\/portalurbano\/#organization\",\"name\":\"Portal Urbano\",\"url\":\"https:\/\/experienciadevida.com.ar\/portalurbano\/\",\"logo\":{\"@type\":\"ImageObject\",\"inLanguage\":\"es\",\"@id\":\"https:\/\/experienciadevida.com.ar\/portalurbano\/#\/schema\/logo\/image\/\",\"url\":\"https:\/\/experienciadevida.com.ar\/portalurbano\/wp-content\/uploads\/2019\/09\/Logo-Original.png\",\"contentUrl\":\"https:\/\/experienciadevida.com.ar\/portalurbano\/wp-content\/uploads\/2019\/09\/Logo-Original.png\",\"width\":2236,\"height\":1216,\"caption\":\"Portal Urbano\"},\"image\":{\"@id\":\"https:\/\/experienciadevida.com.ar\/portalurbano\/#\/schema\/logo\/image\/\"},\"sameAs\":[\"https:\/\/www.facebook.com\/Portal-Urbano-171542830093757\/\",\"https:\/\/twitter.com\/portalurbanook\",\"https:\/\/www.instagram.com\/_portalurbano\/\",\"https:\/\/www.youtube.com\/channel\/UCXhagIfszH8KxFiOok79zbA?view_as=subscriber\"]},{\"@type\":\"Person\",\"@id\":\"https:\/\/experienciadevida.com.ar\/portalurbano\/#\/schema\/person\/02dd326b1c4b056e9cc972486934a3a7\",\"name\":\"admpu17wp\",\"image\":{\"@type\":\"ImageObject\",\"inLanguage\":\"es\",\"@id\":\"https:\/\/experienciadevida.com.ar\/portalurbano\/#\/schema\/person\/image\/\",\"url\":\"https:\/\/secure.gravatar.com\/avatar\/830d4c57adaae6630765e449a6908047?s=96&d=mm&r=g\",\"contentUrl\":\"https:\/\/secure.gravatar.com\/avatar\/830d4c57adaae6630765e449a6908047?s=96&d=mm&r=g\",\"caption\":\"admpu17wp\"}}]}<\/script>\n<!-- \/ Yoast SEO plugin. -->","yoast_head_json":{"title":"Vergel destaca la importancia de poner en agenda la donaci\u00f3n de \u00f3rganos","description":"Vergel destaca la importancia de poner en agenda la donaci\u00f3n de \u00f3rganos, en la sesi\u00f3n el HCD del d\u00eda de ayer, se aprobaron proyectos","robots":{"index":"index","follow":"follow","max-snippet":"max-snippet:-1","max-image-preview":"max-image-preview:large","max-video-preview":"max-video-preview:-1"},"canonical":"https:\/\/experienciadevida.com.ar\/portalurbano\/vergel-destaca-la-importancia-de-poner-en-agenda-la-donacion-de-organos\/","og_locale":"es_ES","og_type":"article","og_title":"Vergel destaca la importancia de poner en agenda la donaci\u00f3n de \u00f3rganos","og_description":"Vergel destaca la importancia de poner en agenda la donaci\u00f3n de \u00f3rganos, en la sesi\u00f3n el HCD del d\u00eda de ayer, se aprobaron proyectos","og_url":"https:\/\/experienciadevida.com.ar\/portalurbano\/vergel-destaca-la-importancia-de-poner-en-agenda-la-donacion-de-organos\/","article_publisher":"https:\/\/www.facebook.com\/Portal-Urbano-171542830093757\/","article_published_time":"2022-06-10T15:13:01+00:00","article_modified_time":"2022-06-10T15:14:45+00:00","og_image":[{"width":1280,"height":855,"url":"https:\/\/experienciadevida.com.ar\/portalurbano\/wp-content\/uploads\/2022\/06\/Vergel-destaca-la-importancia.jpeg","type":"image\/jpeg"}],"author":"admpu17wp","twitter_card":"summary_large_image","twitter_creator":"@portalurbanook","twitter_site":"@portalurbanook","twitter_misc":{"Escrito por":"admpu17wp","Tiempo de lectura":"3 minutos"},"schema":{"@context":"https:\/\/schema.org","@graph":[{"@type":"Article","@id":"https:\/\/experienciadevida.com.ar\/portalurbano\/vergel-destaca-la-importancia-de-poner-en-agenda-la-donacion-de-organos\/#article","isPartOf":{"@id":"https:\/\/experienciadevida.com.ar\/portalurbano\/vergel-destaca-la-importancia-de-poner-en-agenda-la-donacion-de-organos\/"},"author":{"name":"admpu17wp","@id":"https:\/\/experienciadevida.com.ar\/portalurbano\/#\/schema\/person\/02dd326b1c4b056e9cc972486934a3a7"},"headline":"Vergel destaca la importancia de poner en agenda la donaci\u00f3n de \u00f3rganos","datePublished":"2022-06-10T15:13:01+00:00","dateModified":"2022-06-10T15:14:45+00:00","mainEntityOfPage":{"@id":"https:\/\/experienciadevida.com.ar\/portalurbano\/vergel-destaca-la-importancia-de-poner-en-agenda-la-donacion-de-organos\/"},"wordCount":623,"publisher":{"@id":"https:\/\/experienciadevida.com.ar\/portalurbano\/#organization"},"articleSection":["Ciudad","Destacadas 2"],"inLanguage":"es"},{"@type":"WebPage","@id":"https:\/\/experienciadevida.com.ar\/portalurbano\/vergel-destaca-la-importancia-de-poner-en-agenda-la-donacion-de-organos\/","url":"https:\/\/experienciadevida.com.ar\/portalurbano\/vergel-destaca-la-importancia-de-poner-en-agenda-la-donacion-de-organos\/","name":"Vergel destaca la importancia de poner en agenda la donaci\u00f3n de \u00f3rganos","isPartOf":{"@id":"https:\/\/experienciadevida.com.ar\/portalurbano\/#website"},"datePublished":"2022-06-10T15:13:01+00:00","dateModified":"2022-06-10T15:14:45+00:00","description":"Vergel destaca la importancia de poner en agenda la donaci\u00f3n de \u00f3rganos, en la sesi\u00f3n el HCD del d\u00eda de ayer, se aprobaron proyectos","breadcrumb":{"@id":"https:\/\/experienciadevida.com.ar\/portalurbano\/vergel-destaca-la-importancia-de-poner-en-agenda-la-donacion-de-organos\/#breadcrumb"},"inLanguage":"es","potentialAction":[{"@type":"ReadAction","target":["https:\/\/experienciadevida.com.ar\/portalurbano\/vergel-destaca-la-importancia-de-poner-en-agenda-la-donacion-de-organos\/"]}]},{"@type":"BreadcrumbList","@id":"https:\/\/experienciadevida.com.ar\/portalurbano\/vergel-destaca-la-importancia-de-poner-en-agenda-la-donacion-de-organos\/#breadcrumb","itemListElement":[{"@type":"ListItem","position":1,"name":"Portada","item":"https:\/\/experienciadevida.com.ar\/portalurbano\/"},{"@type":"ListItem","position":2,"name":"Vergel destaca la importancia de poner en agenda la donaci\u00f3n de \u00f3rganos"}]},{"@type":"WebSite","@id":"https:\/\/experienciadevida.com.ar\/portalurbano\/#website","url":"https:\/\/experienciadevida.com.ar\/portalurbano\/","name":"","description":"","publisher":{"@id":"https:\/\/experienciadevida.com.ar\/portalurbano\/#organization"},"potentialAction":[{"@type":"SearchAction","target":{"@type":"EntryPoint","urlTemplate":"https:\/\/experienciadevida.com.ar\/portalurbano\/?s={search_term_string}"},"query-input":"required name=search_term_string"}],"inLanguage":"es"},{"@type":"Organization","@id":"https:\/\/experienciadevida.com.ar\/portalurbano\/#organization","name":"Portal Urbano","url":"https:\/\/experienciadevida.com.ar\/portalurbano\/","logo":{"@type":"ImageObject","inLanguage":"es","@id":"https:\/\/experienciadevida.com.ar\/portalurbano\/#\/schema\/logo\/image\/","url":"https:\/\/experienciadevida.com.ar\/portalurbano\/wp-content\/uploads\/2019\/09\/Logo-Original.png","contentUrl":"https:\/\/experienciadevida.com.ar\/portalurbano\/wp-content\/uploads\/2019\/09\/Logo-Original.png","width":2236,"height":1216,"caption":"Portal Urbano"},"image":{"@id":"https:\/\/experienciadevida.com.ar\/portalurbano\/#\/schema\/logo\/image\/"},"sameAs":["https:\/\/www.facebook.com\/Portal-Urbano-171542830093757\/","https:\/\/twitter.com\/portalurbanook","https:\/\/www.instagram.com\/_portalurbano\/","https:\/\/www.youtube.com\/channel\/UCXhagIfszH8KxFiOok79zbA?view_as=subscriber"]},{"@type":"Person","@id":"https:\/\/experienciadevida.com.ar\/portalurbano\/#\/schema\/person\/02dd326b1c4b056e9cc972486934a3a7","name":"admpu17wp","image":{"@type":"ImageObject","inLanguage":"es","@id":"https:\/\/experienciadevida.com.ar\/portalurbano\/#\/schema\/person\/image\/","url":"https:\/\/secure.gravatar.com\/avatar\/830d4c57adaae6630765e449a6908047?s=96&d=mm&r=g","contentUrl":"https:\/\/secure.gravatar.com\/avatar\/830d4c57adaae6630765e449a6908047?s=96&d=mm&r=g","caption":"admpu17wp"}}]}},"featured_image_urls":{"full":["https:\/\/experienciadevida.com.ar\/portalurbano\/wp-content\/uploads\/2022\/06\/Vergel-destaca-la-importancia.jpeg",1280,855,false],"thumbnail":["https:\/\/experienciadevida.com.ar\/portalurbano\/wp-content\/uploads\/2022\/06\/Vergel-destaca-la-importancia-150x150.jpeg",150,150,true],"medium":["https:\/\/experienciadevida.com.ar\/portalurbano\/wp-content\/uploads\/2022\/06\/Vergel-destaca-la-importancia-300x200.jpeg",300,200,true],"medium_large":["https:\/\/experienciadevida.com.ar\/portalurbano\/wp-content\/uploads\/2022\/06\/Vergel-destaca-la-importancia-768x513.jpeg",640,428,true],"large":["https:\/\/experienciadevida.com.ar\/portalurbano\/wp-content\/uploads\/2022\/06\/Vergel-destaca-la-importancia-1024x684.jpeg",640,428,true],"ug_big":["https:\/\/experienciadevida.com.ar\/portalurbano\/wp-content\/uploads\/2022\/06\/Vergel-destaca-la-importancia-768x513.jpeg",768,513,true],"1536x1536":["https:\/\/experienciadevida.com.ar\/portalurbano\/wp-content\/uploads\/2022\/06\/Vergel-destaca-la-importancia.jpeg",1280,855,false],"2048x2048":["https:\/\/experienciadevida.com.ar\/portalurbano\/wp-content\/uploads\/2022\/06\/Vergel-destaca-la-importancia.jpeg",1280,855,false],"newsever-slider-full":["https:\/\/experienciadevida.com.ar\/portalurbano\/wp-content\/uploads\/2022\/06\/Vergel-destaca-la-importancia.jpeg",1265,845,false],"newsever-featured":["https:\/\/experienciadevida.com.ar\/portalurbano\/wp-content\/uploads\/2022\/06\/Vergel-destaca-la-importancia.jpeg",1024,684,false],"newsever-medium":["https:\/\/experienciadevida.com.ar\/portalurbano\/wp-content\/uploads\/2022\/06\/Vergel-destaca-la-importancia.jpeg",711,475,false],"web-stories-poster-portrait":["https:\/\/experienciadevida.com.ar\/portalurbano\/wp-content\/uploads\/2022\/06\/Vergel-destaca-la-importancia.jpeg",640,428,false],"web-stories-publisher-logo":["https:\/\/experienciadevida.com.ar\/portalurbano\/wp-content\/uploads\/2022\/06\/Vergel-destaca-la-importancia.jpeg",96,64,false],"web-stories-thumbnail":["https:\/\/experienciadevida.com.ar\/portalurbano\/wp-content\/uploads\/2022\/06\/Vergel-destaca-la-importancia.jpeg",150,100,false]},"author_info":{"display_name":"admpu17wp","author_link":"https:\/\/experienciadevida.com.ar\/portalurbano\/author\/admpu17wp\/"},"category_info":"<a href=\"https:\/\/experienciadevida.com.ar\/portalurbano\/category\/ciudad\/\" rel=\"category tag\">Ciudad<\/a> <a href=\"https:\/\/experienciadevida.com.ar\/portalurbano\/category\/destacadas-2\/\" rel=\"category tag\">Destacadas 2<\/a>","tag_info":"Destacadas 2","comment_count":"0","amp_enabled":true,"_links":{"self":[{"href":"https:\/\/experienciadevida.com.ar\/portalurbano\/wp-json\/wp\/v2\/posts\/169309"}],"collection":[{"href":"https:\/\/experienciadevida.com.ar\/portalurbano\/wp-json\/wp\/v2\/posts"}],"about":[{"href":"https:\/\/experienciadevida.com.ar\/portalurbano\/wp-json\/wp\/v2\/types\/post"}],"author":[{"embeddable":true,"href":"https:\/\/experienciadevida.com.ar\/portalurbano\/wp-json\/wp\/v2\/users\/1"}],"replies":[{"embeddable":true,"href":"https:\/\/experienciadevida.com.ar\/portalurbano\/wp-json\/wp\/v2\/comments?post=169309"}],"version-history":[{"count":3,"href":"https:\/\/experienciadevida.com.ar\/portalurbano\/wp-json\/wp\/v2\/posts\/169309\/revisions"}],"predecessor-version":[{"id":169313,"href":"https:\/\/experienciadevida.com.ar\/portalurbano\/wp-json\/wp\/v2\/posts\/169309\/revisions\/169313"}],"wp:featuredmedia":[{"embeddable":true,"href":"https:\/\/experienciadevida.com.ar\/portalurbano\/wp-json\/wp\/v2\/media\/169310"}],"wp:attachment":[{"href":"https:\/\/experienciadevida.com.ar\/portalurbano\/wp-json\/wp\/v2\/media?parent=169309"}],"wp:term":[{"taxonomy":"category","embeddable":true,"href":"https:\/\/experienciadevida.com.ar\/portalurbano\/wp-json\/wp\/v2\/categories?post=169309"},{"taxonomy":"post_tag","embeddable":true,"href":"https:\/\/experienciadevida.com.ar\/portalurbano\/wp-json\/wp\/v2\/tags?post=169309"}],"curies":[{"name":"wp","href":"https:\/\/api.w.org\/{rel}","templated":true}]}}