{"id":169294,"date":"2022-06-10T09:37:41","date_gmt":"2022-06-10T12:37:41","guid":{"rendered":"https:\/\/experienciadevida.com.ar\/portalurbano\/?p=169294"},"modified":"2022-06-10T09:37:41","modified_gmt":"2022-06-10T12:37:41","slug":"taller-de-reparacion-y-restauracion-de-bicicletas-en-espacio-adolescente","status":"publish","type":"post","link":"https:\/\/experienciadevida.com.ar\/portalurbano\/taller-de-reparacion-y-restauracion-de-bicicletas-en-espacio-adolescente\/","title":{"rendered":"Taller de reparaci\u00f3n y restauraci\u00f3n de bicicletas en Espacio Adolescente"},"content":{"rendered":"<p>Desde la Secretar\u00eda de Desarrollo Humano y Calidad de Vida, a trav\u00e9s de la Direcci\u00f3n de Ni\u00f1eces y Adolescencias del Municipio de Olavarr\u00eda, se inform\u00f3 que en el Centro de D\u00eda Espacio Adolescente se viene desarrollando un taller de reparaci\u00f3n y restauraci\u00f3n de bicicletas con los chicos que all\u00ed asisten.<\/p>\n<p>&nbsp;<\/p>\n<p><em><strong>\u00bfC\u00f3mo surge?<\/strong><\/em><\/p>\n<p>La propuesta se pens\u00f3 y comenz\u00f3 a desarrollar durante la pandemia por COVID-19 cuando el transporte urbano estaba interrumpido por cuestiones sanitarias, lo cual dificultaba llegar hasta la sede del Centro de D\u00eda.<\/p>\n<p>&nbsp;<\/p>\n<p>Por esta raz\u00f3n, \u201cel equipo de trabajo comenz\u00f3 a reparar pocas bicicletas que conseguimos a modo de pr\u00e9stamo y donaci\u00f3n, para que los chicos pudiesen tener sus bicis, y lo que se pens\u00f3 como una demanda, como una necesidad puntual, termin\u00f3 dando forma a un taller para que los chicos aprendan y puedan armar sus propias bicicletas\u201d, se\u00f1al\u00f3 el coordinador de Espacio Adolescente, Jer\u00f3nimo Olgu\u00edn.<\/p>\n<p>&nbsp;<\/p>\n<p>Esta iniciativa es llevada adelante por el trabajador social del espacio, y parte del equipo de trabajo del Centro de D\u00eda, y tiene como objetivo que todos los chicos puedan reacondicionar y tener su propia bici, las cuales se reciben de donaciones o colaboraciones de parte de la comunidad. Asimismo, algunas de las bicicletas quedan en la instituci\u00f3n para la realizaci\u00f3n de actividades.<\/p>\n<p><em><strong>\u00bfQu\u00e9 necesitan?<\/strong><\/em><\/p>\n<p>Como el taller se lleva adelante en su mayor parte con donaciones, reciben bicicletas, ya sea que funcionen o que est\u00e9n rotas, sin importar que est\u00e9n incompletas, porque recuperan partes del rodado para reparar otras. \u201cLo que hacemos es rescatar de cada una de ellas una parte, horquilla, llanta, c\u00e1mara, cubierta. Pero lo que m\u00e1s necesitamos son repuestos nuevos de cubiertas y c\u00e1maras, que es la mayor demanda, siempre aparece una bicicleta media rota que se saca la parte de atr\u00e1s, se sacan los pi\u00f1ones, los pedales, el volante y as\u00ed es como la vamos armando\u201d, sostuvo el coordinador.<\/p>\n<p>Quienes deseen colaborar con este proyecto, pueden hacerlo poni\u00e9ndose en contacto con la Subsecretar\u00eda de Derechos, Igualdad y Oportunidades al tel\u00e9fono 420863, o al celular 2284-530163. Todas las donaciones ser\u00e1n bien recibidas, y se agradece el aporte de la comunidad<\/p>\n","protected":false},"excerpt":{"rendered":"<p>Desde la Secretar\u00eda de Desarrollo Humano y Calidad de Vida, a trav\u00e9s de la Direcci\u00f3n&#8230;<\/p>\n","protected":false},"author":1,"featured_media":169295,"comment_status":"closed","ping_status":"closed","sticky":false,"template":"","format":"standard","meta":{"content-type":""},"categories":[27],"tags":[],"nelio_content":{"isAutoShareEnabled":false,"autoShareEndMode":"default","automationSources":{"useContentSentences":true,"useSocialTemplates":true,"useCustomSentences":false,"customSentences":[]},"followers":[1],"suggestedReferences":[],"includedReferences":[],"efiUrl":"","efiAlt":"","highlights":[]},"yoast_head":"<!-- This site is optimized with the Yoast SEO plugin v20.7 - https:\/\/yoast.com\/wordpress\/plugins\/seo\/ -->\n<title>Taller de reparaci\u00f3n y restauraci\u00f3n de bicicletas en Espacio Adolescente -<\/title>\n<meta name=\"robots\" content=\"index, follow, max-snippet:-1, max-image-preview:large, max-video-preview:-1\" \/>\n<link rel=\"canonical\" href=\"https:\/\/experienciadevida.com.ar\/portalurbano\/taller-de-reparacion-y-restauracion-de-bicicletas-en-espacio-adolescente\/\" \/>\n<meta property=\"og:locale\" content=\"es_ES\" \/>\n<meta property=\"og:type\" content=\"article\" \/>\n<meta property=\"og:title\" content=\"Taller de reparaci\u00f3n y restauraci\u00f3n de bicicletas en Espacio Adolescente -\" \/>\n<meta property=\"og:description\" content=\"Desde la Secretar\u00eda de Desarrollo Humano y Calidad de Vida, a trav\u00e9s de la Direcci\u00f3n...\" \/>\n<meta property=\"og:url\" content=\"https:\/\/experienciadevida.com.ar\/portalurbano\/taller-de-reparacion-y-restauracion-de-bicicletas-en-espacio-adolescente\/\" \/>\n<meta property=\"article:publisher\" content=\"https:\/\/www.facebook.com\/Portal-Urbano-171542830093757\/\" \/>\n<meta property=\"article:published_time\" content=\"2022-06-10T12:37:41+00:00\" \/>\n<meta property=\"og:image\" content=\"https:\/\/experienciadevida.com.ar\/portalurbano\/wp-content\/uploads\/2022\/06\/DH-Taller-eparacion-y-restauracion-de-bicis-2-1024x682-1-e1654864632306.jpg\" \/>\n\t<meta property=\"og:image:width\" content=\"800\" \/>\n\t<meta property=\"og:image:height\" content=\"533\" \/>\n\t<meta property=\"og:image:type\" content=\"image\/jpeg\" \/>\n<meta name=\"author\" content=\"admpu17wp\" \/>\n<meta name=\"twitter:card\" content=\"summary_large_image\" \/>\n<meta name=\"twitter:creator\" content=\"@portalurbanook\" \/>\n<meta name=\"twitter:site\" content=\"@portalurbanook\" \/>\n<meta name=\"twitter:label1\" content=\"Escrito por\" \/>\n\t<meta name=\"twitter:data1\" content=\"admpu17wp\" \/>\n\t<meta name=\"twitter:label2\" content=\"Tiempo de lectura\" \/>\n\t<meta name=\"twitter:data2\" content=\"2 minutos\" \/>\n<script type=\"application\/ld+json\" class=\"yoast-schema-graph\">{\"@context\":\"https:\/\/schema.org\",\"@graph\":[{\"@type\":\"Article\",\"@id\":\"https:\/\/experienciadevida.com.ar\/portalurbano\/taller-de-reparacion-y-restauracion-de-bicicletas-en-espacio-adolescente\/#article\",\"isPartOf\":{\"@id\":\"https:\/\/experienciadevida.com.ar\/portalurbano\/taller-de-reparacion-y-restauracion-de-bicicletas-en-espacio-adolescente\/\"},\"author\":{\"name\":\"admpu17wp\",\"@id\":\"https:\/\/experienciadevida.com.ar\/portalurbano\/#\/schema\/person\/02dd326b1c4b056e9cc972486934a3a7\"},\"headline\":\"Taller de reparaci\u00f3n y restauraci\u00f3n de bicicletas en Espacio Adolescente\",\"datePublished\":\"2022-06-10T12:37:41+00:00\",\"dateModified\":\"2022-06-10T12:37:41+00:00\",\"mainEntityOfPage\":{\"@id\":\"https:\/\/experienciadevida.com.ar\/portalurbano\/taller-de-reparacion-y-restauracion-de-bicicletas-en-espacio-adolescente\/\"},\"wordCount\":398,\"publisher\":{\"@id\":\"https:\/\/experienciadevida.com.ar\/portalurbano\/#organization\"},\"articleSection\":[\"Ciudad\"],\"inLanguage\":\"es\"},{\"@type\":\"WebPage\",\"@id\":\"https:\/\/experienciadevida.com.ar\/portalurbano\/taller-de-reparacion-y-restauracion-de-bicicletas-en-espacio-adolescente\/\",\"url\":\"https:\/\/experienciadevida.com.ar\/portalurbano\/taller-de-reparacion-y-restauracion-de-bicicletas-en-espacio-adolescente\/\",\"name\":\"Taller de reparaci\u00f3n y restauraci\u00f3n de bicicletas en Espacio Adolescente -\",\"isPartOf\":{\"@id\":\"https:\/\/experienciadevida.com.ar\/portalurbano\/#website\"},\"datePublished\":\"2022-06-10T12:37:41+00:00\",\"dateModified\":\"2022-06-10T12:37:41+00:00\",\"breadcrumb\":{\"@id\":\"https:\/\/experienciadevida.com.ar\/portalurbano\/taller-de-reparacion-y-restauracion-de-bicicletas-en-espacio-adolescente\/#breadcrumb\"},\"inLanguage\":\"es\",\"potentialAction\":[{\"@type\":\"ReadAction\",\"target\":[\"https:\/\/experienciadevida.com.ar\/portalurbano\/taller-de-reparacion-y-restauracion-de-bicicletas-en-espacio-adolescente\/\"]}]},{\"@type\":\"BreadcrumbList\",\"@id\":\"https:\/\/experienciadevida.com.ar\/portalurbano\/taller-de-reparacion-y-restauracion-de-bicicletas-en-espacio-adolescente\/#breadcrumb\",\"itemListElement\":[{\"@type\":\"ListItem\",\"position\":1,\"name\":\"Portada\",\"item\":\"https:\/\/experienciadevida.com.ar\/portalurbano\/\"},{\"@type\":\"ListItem\",\"position\":2,\"name\":\"Taller de reparaci\u00f3n y restauraci\u00f3n de bicicletas en Espacio Adolescente\"}]},{\"@type\":\"WebSite\",\"@id\":\"https:\/\/experienciadevida.com.ar\/portalurbano\/#website\",\"url\":\"https:\/\/experienciadevida.com.ar\/portalurbano\/\",\"name\":\"\",\"description\":\"\",\"publisher\":{\"@id\":\"https:\/\/experienciadevida.com.ar\/portalurbano\/#organization\"},\"potentialAction\":[{\"@type\":\"SearchAction\",\"target\":{\"@type\":\"EntryPoint\",\"urlTemplate\":\"https:\/\/experienciadevida.com.ar\/portalurbano\/?s={search_term_string}\"},\"query-input\":\"required name=search_term_string\"}],\"inLanguage\":\"es\"},{\"@type\":\"Organization\",\"@id\":\"https:\/\/experienciadevida.com.ar\/portalurbano\/#organization\",\"name\":\"Portal Urbano\",\"url\":\"https:\/\/experienciadevida.com.ar\/portalurbano\/\",\"logo\":{\"@type\":\"ImageObject\",\"inLanguage\":\"es\",\"@id\":\"https:\/\/experienciadevida.com.ar\/portalurbano\/#\/schema\/logo\/image\/\",\"url\":\"https:\/\/experienciadevida.com.ar\/portalurbano\/wp-content\/uploads\/2019\/09\/Logo-Original.png\",\"contentUrl\":\"https:\/\/experienciadevida.com.ar\/portalurbano\/wp-content\/uploads\/2019\/09\/Logo-Original.png\",\"width\":2236,\"height\":1216,\"caption\":\"Portal Urbano\"},\"image\":{\"@id\":\"https:\/\/experienciadevida.com.ar\/portalurbano\/#\/schema\/logo\/image\/\"},\"sameAs\":[\"https:\/\/www.facebook.com\/Portal-Urbano-171542830093757\/\",\"https:\/\/twitter.com\/portalurbanook\",\"https:\/\/www.instagram.com\/_portalurbano\/\",\"https:\/\/www.youtube.com\/channel\/UCXhagIfszH8KxFiOok79zbA?view_as=subscriber\"]},{\"@type\":\"Person\",\"@id\":\"https:\/\/experienciadevida.com.ar\/portalurbano\/#\/schema\/person\/02dd326b1c4b056e9cc972486934a3a7\",\"name\":\"admpu17wp\",\"image\":{\"@type\":\"ImageObject\",\"inLanguage\":\"es\",\"@id\":\"https:\/\/experienciadevida.com.ar\/portalurbano\/#\/schema\/person\/image\/\",\"url\":\"https:\/\/secure.gravatar.com\/avatar\/830d4c57adaae6630765e449a6908047?s=96&d=mm&r=g\",\"contentUrl\":\"https:\/\/secure.gravatar.com\/avatar\/830d4c57adaae6630765e449a6908047?s=96&d=mm&r=g\",\"caption\":\"admpu17wp\"}}]}<\/script>\n<!-- \/ Yoast SEO plugin. -->","yoast_head_json":{"title":"Taller de reparaci\u00f3n y restauraci\u00f3n de bicicletas en Espacio Adolescente -","robots":{"index":"index","follow":"follow","max-snippet":"max-snippet:-1","max-image-preview":"max-image-preview:large","max-video-preview":"max-video-preview:-1"},"canonical":"https:\/\/experienciadevida.com.ar\/portalurbano\/taller-de-reparacion-y-restauracion-de-bicicletas-en-espacio-adolescente\/","og_locale":"es_ES","og_type":"article","og_title":"Taller de reparaci\u00f3n y restauraci\u00f3n de bicicletas en Espacio Adolescente -","og_description":"Desde la Secretar\u00eda de Desarrollo Humano y Calidad de Vida, a trav\u00e9s de la Direcci\u00f3n...","og_url":"https:\/\/experienciadevida.com.ar\/portalurbano\/taller-de-reparacion-y-restauracion-de-bicicletas-en-espacio-adolescente\/","article_publisher":"https:\/\/www.facebook.com\/Portal-Urbano-171542830093757\/","article_published_time":"2022-06-10T12:37:41+00:00","og_image":[{"width":800,"height":533,"url":"https:\/\/experienciadevida.com.ar\/portalurbano\/wp-content\/uploads\/2022\/06\/DH-Taller-eparacion-y-restauracion-de-bicis-2-1024x682-1-e1654864632306.jpg","type":"image\/jpeg"}],"author":"admpu17wp","twitter_card":"summary_large_image","twitter_creator":"@portalurbanook","twitter_site":"@portalurbanook","twitter_misc":{"Escrito por":"admpu17wp","Tiempo de lectura":"2 minutos"},"schema":{"@context":"https:\/\/schema.org","@graph":[{"@type":"Article","@id":"https:\/\/experienciadevida.com.ar\/portalurbano\/taller-de-reparacion-y-restauracion-de-bicicletas-en-espacio-adolescente\/#article","isPartOf":{"@id":"https:\/\/experienciadevida.com.ar\/portalurbano\/taller-de-reparacion-y-restauracion-de-bicicletas-en-espacio-adolescente\/"},"author":{"name":"admpu17wp","@id":"https:\/\/experienciadevida.com.ar\/portalurbano\/#\/schema\/person\/02dd326b1c4b056e9cc972486934a3a7"},"headline":"Taller de reparaci\u00f3n y restauraci\u00f3n de bicicletas en Espacio Adolescente","datePublished":"2022-06-10T12:37:41+00:00","dateModified":"2022-06-10T12:37:41+00:00","mainEntityOfPage":{"@id":"https:\/\/experienciadevida.com.ar\/portalurbano\/taller-de-reparacion-y-restauracion-de-bicicletas-en-espacio-adolescente\/"},"wordCount":398,"publisher":{"@id":"https:\/\/experienciadevida.com.ar\/portalurbano\/#organization"},"articleSection":["Ciudad"],"inLanguage":"es"},{"@type":"WebPage","@id":"https:\/\/experienciadevida.com.ar\/portalurbano\/taller-de-reparacion-y-restauracion-de-bicicletas-en-espacio-adolescente\/","url":"https:\/\/experienciadevida.com.ar\/portalurbano\/taller-de-reparacion-y-restauracion-de-bicicletas-en-espacio-adolescente\/","name":"Taller de reparaci\u00f3n y restauraci\u00f3n de bicicletas en Espacio Adolescente -","isPartOf":{"@id":"https:\/\/experienciadevida.com.ar\/portalurbano\/#website"},"datePublished":"2022-06-10T12:37:41+00:00","dateModified":"2022-06-10T12:37:41+00:00","breadcrumb":{"@id":"https:\/\/experienciadevida.com.ar\/portalurbano\/taller-de-reparacion-y-restauracion-de-bicicletas-en-espacio-adolescente\/#breadcrumb"},"inLanguage":"es","potentialAction":[{"@type":"ReadAction","target":["https:\/\/experienciadevida.com.ar\/portalurbano\/taller-de-reparacion-y-restauracion-de-bicicletas-en-espacio-adolescente\/"]}]},{"@type":"BreadcrumbList","@id":"https:\/\/experienciadevida.com.ar\/portalurbano\/taller-de-reparacion-y-restauracion-de-bicicletas-en-espacio-adolescente\/#breadcrumb","itemListElement":[{"@type":"ListItem","position":1,"name":"Portada","item":"https:\/\/experienciadevida.com.ar\/portalurbano\/"},{"@type":"ListItem","position":2,"name":"Taller de reparaci\u00f3n y restauraci\u00f3n de bicicletas en Espacio Adolescente"}]},{"@type":"WebSite","@id":"https:\/\/experienciadevida.com.ar\/portalurbano\/#website","url":"https:\/\/experienciadevida.com.ar\/portalurbano\/","name":"","description":"","publisher":{"@id":"https:\/\/experienciadevida.com.ar\/portalurbano\/#organization"},"potentialAction":[{"@type":"SearchAction","target":{"@type":"EntryPoint","urlTemplate":"https:\/\/experienciadevida.com.ar\/portalurbano\/?s={search_term_string}"},"query-input":"required name=search_term_string"}],"inLanguage":"es"},{"@type":"Organization","@id":"https:\/\/experienciadevida.com.ar\/portalurbano\/#organization","name":"Portal Urbano","url":"https:\/\/experienciadevida.com.ar\/portalurbano\/","logo":{"@type":"ImageObject","inLanguage":"es","@id":"https:\/\/experienciadevida.com.ar\/portalurbano\/#\/schema\/logo\/image\/","url":"https:\/\/experienciadevida.com.ar\/portalurbano\/wp-content\/uploads\/2019\/09\/Logo-Original.png","contentUrl":"https:\/\/experienciadevida.com.ar\/portalurbano\/wp-content\/uploads\/2019\/09\/Logo-Original.png","width":2236,"height":1216,"caption":"Portal Urbano"},"image":{"@id":"https:\/\/experienciadevida.com.ar\/portalurbano\/#\/schema\/logo\/image\/"},"sameAs":["https:\/\/www.facebook.com\/Portal-Urbano-171542830093757\/","https:\/\/twitter.com\/portalurbanook","https:\/\/www.instagram.com\/_portalurbano\/","https:\/\/www.youtube.com\/channel\/UCXhagIfszH8KxFiOok79zbA?view_as=subscriber"]},{"@type":"Person","@id":"https:\/\/experienciadevida.com.ar\/portalurbano\/#\/schema\/person\/02dd326b1c4b056e9cc972486934a3a7","name":"admpu17wp","image":{"@type":"ImageObject","inLanguage":"es","@id":"https:\/\/experienciadevida.com.ar\/portalurbano\/#\/schema\/person\/image\/","url":"https:\/\/secure.gravatar.com\/avatar\/830d4c57adaae6630765e449a6908047?s=96&d=mm&r=g","contentUrl":"https:\/\/secure.gravatar.com\/avatar\/830d4c57adaae6630765e449a6908047?s=96&d=mm&r=g","caption":"admpu17wp"}}]}},"featured_image_urls":{"full":["https:\/\/experienciadevida.com.ar\/portalurbano\/wp-content\/uploads\/2022\/06\/DH-Taller-eparacion-y-restauracion-de-bicis-2-1024x682-1-e1654864632306.jpg",800,533,false],"thumbnail":["https:\/\/experienciadevida.com.ar\/portalurbano\/wp-content\/uploads\/2022\/06\/DH-Taller-eparacion-y-restauracion-de-bicis-2-1024x682-1-e1654864632306-150x150.jpg",150,150,true],"medium":["https:\/\/experienciadevida.com.ar\/portalurbano\/wp-content\/uploads\/2022\/06\/DH-Taller-eparacion-y-restauracion-de-bicis-2-1024x682-1-e1654864632306-300x200.jpg",300,200,true],"medium_large":["https:\/\/experienciadevida.com.ar\/portalurbano\/wp-content\/uploads\/2022\/06\/DH-Taller-eparacion-y-restauracion-de-bicis-2-1024x682-1-e1654864632306-768x512.jpg",640,427,true],"large":["https:\/\/experienciadevida.com.ar\/portalurbano\/wp-content\/uploads\/2022\/06\/DH-Taller-eparacion-y-restauracion-de-bicis-2-1024x682-1-e1654864632306.jpg",640,426,false],"ug_big":["https:\/\/experienciadevida.com.ar\/portalurbano\/wp-content\/uploads\/2022\/06\/DH-Taller-eparacion-y-restauracion-de-bicis-2-1024x682-1-e1654864632306-768x512.jpg",768,512,true],"1536x1536":["https:\/\/experienciadevida.com.ar\/portalurbano\/wp-content\/uploads\/2022\/06\/DH-Taller-eparacion-y-restauracion-de-bicis-2-1024x682-1-e1654864632306.jpg",800,533,false],"2048x2048":["https:\/\/experienciadevida.com.ar\/portalurbano\/wp-content\/uploads\/2022\/06\/DH-Taller-eparacion-y-restauracion-de-bicis-2-1024x682-1-e1654864632306.jpg",800,533,false],"newsever-slider-full":["https:\/\/experienciadevida.com.ar\/portalurbano\/wp-content\/uploads\/2022\/06\/DH-Taller-eparacion-y-restauracion-de-bicis-2-1024x682-1-e1654864632306.jpg",800,533,false],"newsever-featured":["https:\/\/experienciadevida.com.ar\/portalurbano\/wp-content\/uploads\/2022\/06\/DH-Taller-eparacion-y-restauracion-de-bicis-2-1024x682-1-e1654864632306.jpg",800,533,false],"newsever-medium":["https:\/\/experienciadevida.com.ar\/portalurbano\/wp-content\/uploads\/2022\/06\/DH-Taller-eparacion-y-restauracion-de-bicis-2-1024x682-1-e1654864632306.jpg",713,475,false],"web-stories-poster-portrait":["https:\/\/experienciadevida.com.ar\/portalurbano\/wp-content\/uploads\/2022\/06\/DH-Taller-eparacion-y-restauracion-de-bicis-2-1024x682-1-e1654864632306.jpg",640,426,false],"web-stories-publisher-logo":["https:\/\/experienciadevida.com.ar\/portalurbano\/wp-content\/uploads\/2022\/06\/DH-Taller-eparacion-y-restauracion-de-bicis-2-1024x682-1-e1654864632306.jpg",96,64,false],"web-stories-thumbnail":["https:\/\/experienciadevida.com.ar\/portalurbano\/wp-content\/uploads\/2022\/06\/DH-Taller-eparacion-y-restauracion-de-bicis-2-1024x682-1-e1654864632306.jpg",150,100,false]},"author_info":{"display_name":"admpu17wp","author_link":"https:\/\/experienciadevida.com.ar\/portalurbano\/author\/admpu17wp\/"},"category_info":"<a href=\"https:\/\/experienciadevida.com.ar\/portalurbano\/category\/ciudad\/\" rel=\"category tag\">Ciudad<\/a>","tag_info":"Ciudad","comment_count":"0","amp_enabled":true,"_links":{"self":[{"href":"https:\/\/experienciadevida.com.ar\/portalurbano\/wp-json\/wp\/v2\/posts\/169294"}],"collection":[{"href":"https:\/\/experienciadevida.com.ar\/portalurbano\/wp-json\/wp\/v2\/posts"}],"about":[{"href":"https:\/\/experienciadevida.com.ar\/portalurbano\/wp-json\/wp\/v2\/types\/post"}],"author":[{"embeddable":true,"href":"https:\/\/experienciadevida.com.ar\/portalurbano\/wp-json\/wp\/v2\/users\/1"}],"replies":[{"embeddable":true,"href":"https:\/\/experienciadevida.com.ar\/portalurbano\/wp-json\/wp\/v2\/comments?post=169294"}],"version-history":[{"count":2,"href":"https:\/\/experienciadevida.com.ar\/portalurbano\/wp-json\/wp\/v2\/posts\/169294\/revisions"}],"predecessor-version":[{"id":169297,"href":"https:\/\/experienciadevida.com.ar\/portalurbano\/wp-json\/wp\/v2\/posts\/169294\/revisions\/169297"}],"wp:featuredmedia":[{"embeddable":true,"href":"https:\/\/experienciadevida.com.ar\/portalurbano\/wp-json\/wp\/v2\/media\/169295"}],"wp:attachment":[{"href":"https:\/\/experienciadevida.com.ar\/portalurbano\/wp-json\/wp\/v2\/media?parent=169294"}],"wp:term":[{"taxonomy":"category","embeddable":true,"href":"https:\/\/experienciadevida.com.ar\/portalurbano\/wp-json\/wp\/v2\/categories?post=169294"},{"taxonomy":"post_tag","embeddable":true,"href":"https:\/\/experienciadevida.com.ar\/portalurbano\/wp-json\/wp\/v2\/tags?post=169294"}],"curies":[{"name":"wp","href":"https:\/\/api.w.org\/{rel}","templated":true}]}}